{"id":2863,"date":"2019-03-16T22:00:18","date_gmt":"2019-03-16T21:00:18","guid":{"rendered":"https:\/\/www.welovecycling.com\/hu\/?p=2863"},"modified":"2019-03-07T16:49:58","modified_gmt":"2019-03-07T15:49:58","slug":"eszakpokla_parizs_roubaix","status":"publish","type":"post","link":"https:\/\/www.welovecycling.com\/hu\/blog\/eszakpokla_parizs_roubaix\/","title":{"rendered":"Az \u00c9szak pokla: 10 leny\u0171g\u00f6z\u0151 r\u00e9gi fot\u00f3 a P\u00e1rizs\u2013Roubaix-ker\u00e9kp\u00e1rversenyr\u0151l"},"content":{"rendered":"<article class=\"post-146911 post type-post status-publish format-standard has-post-thumbnail hentry category-road-cycling tag-paris-roubaix tag-retro tag-vintage\" data-word-count=\"204\" data-headline-length=\"69\" data-category=\"Road cycling\" data-author=\"Monica Buck\" data-published=\"2017-02-23T14:22:26+00:00\" data-published-day=\"Thursday\">\n<div class=\"entry-content\">\n<p><strong>\u201eA P\u00e1rizs\u2013Roubaix-ker\u00e9kp\u00e1rversenyen tekerni pokoli \u00e9rz\u00e9s, de megnyerni mindenn\u00e9l szebb\u201d &#8211; ezt Sean Kelly mondta a vas\u00e1rnapi pokolk\u00e9nt is ismert versenyr\u0151l, \u00e9s err\u0151l neh\u00e9z lenne vit\u00e1t nyitni vele. Mindenki h\u00e1l\u00e1t adhat az \u00e9gnek, hogy ezt a klasszikus versenyt a TV k\u00e9perny\u0151j\u00e9r\u0151l ismeri, \u00e9s nem kellett v\u00e9gigverekednie mag\u00e1t a s\u00e1ron \u00e9s es\u0151n. A verseny olyan egyedi m\u00f3don \u00f6tv\u00f6zi a l\u00e9legzetel\u00e1ll\u00edt\u00f3 p\u00f6rg\u00e9st \u00e9s a kisz\u00e1m\u00edthatatlans\u00e1got, hogy szinte \u00fagy \u00e9rezni, a ker\u00e9kp\u00e1roz\u00e1s teljesen m\u00e1s korszak\u00e1hoz tartozik. Arra gondolva, hogy a verseny hagyom\u00e1nyai 1896-ig ny\u00falnak vissza, ez nem is t\u00falz\u00e1s. Ett\u0151l is t\u0171nik olyan \u00e9rdekesnek, amit az al\u00e1bbi fot\u00f3k is j\u00f3l visszaadnak.<\/strong><\/p>\n<div class=\"post-excerpt-share\">\n<div class=\"btn-group social expanded color\">\n<div class=\"social-container\"><\/div>\n<\/div>\n<\/div>\n<p>&nbsp;<\/p>\n<figure id=\"attachment_146922\" class=\"wp-caption alignnone\" style=\"width: 564px;\"><a class=\"colorbox-initialized cboxElement\" href=\"https:\/\/d2p6e6u75xmxt8.cloudfront.net\/2\/2017\/02\/Bernard-Hinault-crashing-1981.jpg\"><img loading=\"lazy\" decoding=\"async\" class=\"size-full wp-image-146922 loaded\" src=\"https:\/\/d2p6e6u75xmxt8.cloudfront.net\/2\/2017\/02\/Bernard-Hinault-crashing-1981.jpg\" sizes=\"auto, (max-width: 564px) 100vw, 564px\" srcset=\"https:\/\/d2p6e6u75xmxt8.cloudfront.net\/2\/2017\/02\/Bernard-Hinault-crashing-1981.jpg 564w, https:\/\/d2p6e6u75xmxt8.cloudfront.net\/2\/2017\/02\/Bernard-Hinault-crashing-1981-300x230.jpg 300w\" alt=\"\" width=\"564\" height=\"433\" data-was-processed=\"true\" \/><\/a><figcaption class=\"wp-caption-text\"><span style=\"font-size: 10pt;\"><em>\u201eA P\u00e1rizs\u2013Roubaix-ker\u00e9kp\u00e1rverseny szar\u201d &#8211; mondta Bernard Hinault az 1981. \u00e9vi verseny ut\u00e1n. A fot\u00f3n az aznap elszenvedett h\u00e9t borul\u00e1s\u00e1nak egyike ut\u00e1n l\u00e1that\u00f3.<\/em><\/span><\/figcaption><\/figure>\n<figure id=\"attachment_146921\" class=\"wp-caption alignnone\" style=\"width: 979px;\"><a class=\"colorbox-initialized cboxElement\" href=\"https:\/\/d2p6e6u75xmxt8.cloudfront.net\/2\/2017\/02\/Jacques-Anquetil-.png\"><img loading=\"lazy\" decoding=\"async\" class=\"size-full wp-image-146921 loaded\" src=\"https:\/\/d2p6e6u75xmxt8.cloudfront.net\/2\/2017\/02\/Jacques-Anquetil-.png\" sizes=\"auto, (max-width: 979px) 100vw, 979px\" srcset=\"https:\/\/d2p6e6u75xmxt8.cloudfront.net\/2\/2017\/02\/Jacques-Anquetil-.png 979w, https:\/\/d2p6e6u75xmxt8.cloudfront.net\/2\/2017\/02\/Jacques-Anquetil--300x217.png 300w, https:\/\/d2p6e6u75xmxt8.cloudfront.net\/2\/2017\/02\/Jacques-Anquetil--768x556.png 768w\" alt=\"\" width=\"979\" height=\"709\" data-was-processed=\"true\" \/><\/a><figcaption class=\"wp-caption-text\"><em><span style=\"font-size: 10pt;\">Jacques Anquetil (1953)<\/span><\/em><\/figcaption><\/figure>\n<figure id=\"attachment_146920\" class=\"wp-caption alignnone\" style=\"width: 976px;\"><a class=\"colorbox-initialized cboxElement\" href=\"https:\/\/d2p6e6u75xmxt8.cloudfront.net\/2\/2017\/02\/seankelly.png\"><img loading=\"lazy\" decoding=\"async\" class=\"size-full wp-image-146920 loaded\" src=\"https:\/\/d2p6e6u75xmxt8.cloudfront.net\/2\/2017\/02\/seankelly.png\" sizes=\"auto, (max-width: 976px) 100vw, 976px\" srcset=\"https:\/\/d2p6e6u75xmxt8.cloudfront.net\/2\/2017\/02\/seankelly.png 976w, https:\/\/d2p6e6u75xmxt8.cloudfront.net\/2\/2017\/02\/seankelly-300x229.png 300w, https:\/\/d2p6e6u75xmxt8.cloudfront.net\/2\/2017\/02\/seankelly-768x587.png 768w\" alt=\"\" width=\"976\" height=\"746\" data-was-processed=\"true\" \/><\/a><figcaption class=\"wp-caption-text\"><em><span style=\"font-size: 10pt;\">Sean Kelly \u2013 \u201eA P\u00e1rizs-Roubaix es\u0151 n\u00e9lk\u00fcl nem is az igazi P\u00e1rizs-Roubaix. Meg essen egy kis h\u00f3 is, semmi probl\u00e9ma.\u201d<\/span><\/em><\/figcaption><\/figure>\n<figure id=\"attachment_146919\" class=\"wp-caption alignnone\" style=\"width: 564px;\"><a class=\"colorbox-initialized cboxElement\" href=\"https:\/\/d2p6e6u75xmxt8.cloudfront.net\/2\/2017\/02\/Serse-and-Fausto-Coppi-after-the-1949-Paris-Roubaix.jpg\"><img loading=\"lazy\" decoding=\"async\" class=\"size-full wp-image-146919 loaded\" src=\"https:\/\/d2p6e6u75xmxt8.cloudfront.net\/2\/2017\/02\/Serse-and-Fausto-Coppi-after-the-1949-Paris-Roubaix.jpg\" sizes=\"auto, (max-width: 564px) 100vw, 564px\" srcset=\"https:\/\/d2p6e6u75xmxt8.cloudfront.net\/2\/2017\/02\/Serse-and-Fausto-Coppi-after-the-1949-Paris-Roubaix.jpg 564w, https:\/\/d2p6e6u75xmxt8.cloudfront.net\/2\/2017\/02\/Serse-and-Fausto-Coppi-after-the-1949-Paris-Roubaix-300x200.jpg 300w, https:\/\/d2p6e6u75xmxt8.cloudfront.net\/2\/2017\/02\/Serse-and-Fausto-Coppi-after-the-1949-Paris-Roubaix-272x182.jpg 272w\" alt=\"\" width=\"564\" height=\"376\" data-was-processed=\"true\" \/><\/a><figcaption class=\"wp-caption-text\"><em><span style=\"font-size: 10pt;\">Serse \u00e9s Fausto Coppi (1949)<\/span><\/em><\/figcaption><\/figure>\n<figure id=\"attachment_146916\" class=\"wp-caption alignnone\" style=\"width: 480px;\"><a class=\"colorbox-initialized cboxElement\" href=\"https:\/\/d2p6e6u75xmxt8.cloudfront.net\/2\/2017\/02\/1985.jpg\"><img loading=\"lazy\" decoding=\"async\" class=\"size-full wp-image-146916 loaded\" src=\"https:\/\/d2p6e6u75xmxt8.cloudfront.net\/2\/2017\/02\/1985.jpg\" sizes=\"auto, (max-width: 480px) 100vw, 480px\" srcset=\"https:\/\/d2p6e6u75xmxt8.cloudfront.net\/2\/2017\/02\/1985.jpg 480w, https:\/\/d2p6e6u75xmxt8.cloudfront.net\/2\/2017\/02\/1985-240x300.jpg 240w\" alt=\"\" width=\"480\" height=\"600\" data-was-processed=\"true\" \/><\/a><figcaption class=\"wp-caption-text\"><span style=\"font-size: 10pt;\"><em>Egy kis \u201eoldschool\u201d versenyz\u00e9s (1985)<\/em><\/span><em><span style=\"font-size: 10pt;\">\u00a0<\/span><\/em><\/figcaption><\/figure>\n<figure id=\"attachment_146915\" class=\"wp-caption alignnone\" style=\"width: 564px;\"><a class=\"colorbox-initialized cboxElement\" href=\"https:\/\/d2p6e6u75xmxt8.cloudfront.net\/2\/2017\/02\/1987Paris.jpg\"><img loading=\"lazy\" decoding=\"async\" class=\"size-full wp-image-146915 loaded\" src=\"https:\/\/d2p6e6u75xmxt8.cloudfront.net\/2\/2017\/02\/1987Paris.jpg\" sizes=\"auto, (max-width: 564px) 100vw, 564px\" srcset=\"https:\/\/d2p6e6u75xmxt8.cloudfront.net\/2\/2017\/02\/1987Paris.jpg 564w, https:\/\/d2p6e6u75xmxt8.cloudfront.net\/2\/2017\/02\/1987Paris-300x271.jpg 300w\" alt=\"\" width=\"564\" height=\"510\" data-was-processed=\"true\" \/><\/a><figcaption class=\"wp-caption-text\"><span style=\"font-size: 10pt;\"><em>1987-ben a 192 indul\u00f3b\u00f3l csak 47 \u00e9rt be a c\u00e9lba, \u00e9s a 25 \u00e9ves Eric Vanderaerden haladt \u00e1t el\u0151sz\u00f6r a vonalon.<\/em><\/span><em><span style=\"font-size: 10pt;\">\u00a0<\/span><\/em><\/figcaption><\/figure>\n<figure id=\"attachment_146914\" class=\"wp-caption alignnone\" style=\"width: 564px;\"><a class=\"colorbox-initialized cboxElement\" href=\"https:\/\/d2p6e6u75xmxt8.cloudfront.net\/2\/2017\/02\/Parigi-Roubaix-1978.-16-04-1978.-Francesco-Moser-1951.jpg\"><img loading=\"lazy\" decoding=\"async\" class=\"size-full wp-image-146914 loaded\" src=\"https:\/\/d2p6e6u75xmxt8.cloudfront.net\/2\/2017\/02\/Parigi-Roubaix-1978.-16-04-1978.-Francesco-Moser-1951.jpg\" sizes=\"auto, (max-width: 564px) 100vw, 564px\" srcset=\"https:\/\/d2p6e6u75xmxt8.cloudfront.net\/2\/2017\/02\/Parigi-Roubaix-1978.-16-04-1978.-Francesco-Moser-1951.jpg 564w, https:\/\/d2p6e6u75xmxt8.cloudfront.net\/2\/2017\/02\/Parigi-Roubaix-1978.-16-04-1978.-Francesco-Moser-1951-136x300.jpg 136w, https:\/\/d2p6e6u75xmxt8.cloudfront.net\/2\/2017\/02\/Parigi-Roubaix-1978.-16-04-1978.-Francesco-Moser-1951-465x1024.jpg 465w\" alt=\"\" width=\"564\" height=\"1242\" data-was-processed=\"true\" \/><\/a><figcaption class=\"wp-caption-text\"><em><em><span style=\"font-size: 10pt;\">Francesco Moser 1978-ban<\/span><\/em><\/em>\u00a0<\/figcaption><\/figure>\n<figure id=\"attachment_146913\" class=\"wp-caption alignnone\" style=\"width: 569px;\"><a class=\"colorbox-initialized cboxElement\" href=\"https:\/\/d2p6e6u75xmxt8.cloudfront.net\/2\/2017\/02\/1960.jpg\"><img loading=\"lazy\" decoding=\"async\" class=\"size-full wp-image-146913 loaded\" src=\"https:\/\/d2p6e6u75xmxt8.cloudfront.net\/2\/2017\/02\/1960.jpg\" sizes=\"auto, (max-width: 569px) 100vw, 569px\" srcset=\"https:\/\/d2p6e6u75xmxt8.cloudfront.net\/2\/2017\/02\/1960.jpg 569w, https:\/\/d2p6e6u75xmxt8.cloudfront.net\/2\/2017\/02\/1960-287x300.jpg 287w\" alt=\"\" width=\"569\" height=\"594\" data-was-processed=\"true\" \/><\/a><figcaption class=\"wp-caption-text\"><span style=\"font-size: 10pt;\"><em>Ha b\u00edrn\u00e1d a sarat (1960)<\/em><\/span><\/figcaption><\/figure>\n<div id=\"gallery-2\" class=\"gallery galleryid-146911 gallery-columns-2 gallery-size-large\">\n<figure class=\"gallery-item\">\n<div class=\"gallery-icon portrait\"><a class=\"colorbox-initialized cboxElement\" href=\"https:\/\/d2p6e6u75xmxt8.cloudfront.net\/2\/2017\/02\/GregLeMond1985.jpg\"><img loading=\"lazy\" decoding=\"async\" class=\"attachment-large size-large loaded\" style=\"width: 100%; max-width: 100%; height: auto; max-height: none;\" src=\"https:\/\/d2p6e6u75xmxt8.cloudfront.net\/2\/2017\/02\/GregLeMond1985.jpg\" sizes=\"auto, (max-width: 484px) 100vw, 484px\" srcset=\"https:\/\/d2p6e6u75xmxt8.cloudfront.net\/2\/2017\/02\/GregLeMond1985.jpg 484w, https:\/\/d2p6e6u75xmxt8.cloudfront.net\/2\/2017\/02\/GregLeMond1985-194x300.jpg 194w\" alt=\"\" width=\"484\" height=\"750\" aria-describedby=\"gallery-2-146917\" data-was-processed=\"true\" \/><\/a><\/div><figcaption id=\"gallery-2-146917\" class=\"wp-caption-text gallery-caption\">Greg LeMond and two snaps of him showing the toll Paris-Roubaix takes on its riders.<\/figcaption><\/figure>\n<figure class=\"gallery-item\">\n<div class=\"gallery-icon portrait\"><a class=\"colorbox-initialized cboxElement\" href=\"https:\/\/d2p6e6u75xmxt8.cloudfront.net\/2\/2017\/02\/greglemond.jpg\"><img loading=\"lazy\" decoding=\"async\" class=\"attachment-large size-large loaded\" style=\"width: 100%; max-width: 100%; height: auto; max-height: none;\" src=\"https:\/\/d2p6e6u75xmxt8.cloudfront.net\/2\/2017\/02\/greglemond.jpg\" sizes=\"auto, (max-width: 500px) 100vw, 500px\" srcset=\"https:\/\/d2p6e6u75xmxt8.cloudfront.net\/2\/2017\/02\/greglemond.jpg 500w, https:\/\/d2p6e6u75xmxt8.cloudfront.net\/2\/2017\/02\/greglemond-200x300.jpg 200w\" alt=\"\" width=\"500\" height=\"750\" data-was-processed=\"true\" \/><\/a><\/div>\n<\/figure>\n<\/div>\n<\/div>\n<footer>\n<div class=\"entry-tags\"><\/div>\n<div class=\"article-paging\">\n<div class=\"right col\">\n<h4 style=\"overflow-wrap: break-word;\"><\/h4>\n<p>&nbsp;<\/p>\n<\/div>\n<\/div>\n<\/footer>\n<\/article>\n","protected":false},"excerpt":{"rendered":"<p>\u201eA P\u00e1rizs\u2013Roubaix-ker\u00e9kp\u00e1rversenyen tekerni pokoli \u00e9rz\u00e9s, de megnyerni mindenn\u00e9l szebb\u201d &#8211; ezt Sean Kelly mondta a vas\u00e1rnapi pokolk\u00e9nt is ismert versenyr\u0151l, [&hellip;]<\/p>\n","protected":false},"author":71,"featured_media":2865,"comment_status":"open","ping_status":"open","sticky":false,"template":"","format":"standard","meta":{"footnotes":""},"categories":[13],"tags":[81,345,322],"global-categories":[],"class_list":["post-2863","post","type-post","status-publish","format-standard","has-post-thumbnail","hentry","category-blog","tag-biciklis-verseny","tag-parizs-roubaix","tag-retro"],"yoast_head":"<!-- This site is optimized with the Yoast SEO Premium plugin v25.3 (Yoast SEO v25.9) - https:\/\/yoast.com\/wordpress\/plugins\/seo\/ -->\n<title>Az \u00c9szak pokla: 10 leny\u0171g\u00f6z\u0151 r\u00e9gi fot\u00f3 a P\u00e1rizs\u2013Roubaix-ker\u00e9kp\u00e1rversenyr\u0151l - \u0160koda We Love Cycling - Magyarorsz\u00e1g<\/title>\n<meta name=\"robots\" content=\"index, follow, max-snippet:-1, max-image-preview:large, max-video-preview:-1\" \/>\n<link rel=\"canonical\" href=\"https:\/\/www.welovecycling.com\/hu\/blog\/eszakpokla_parizs_roubaix\/\" \/>\n<meta property=\"og:locale\" content=\"hu_HU\" \/>\n<meta property=\"og:type\" content=\"article\" \/>\n<meta property=\"og:title\" content=\"Az \u00c9szak pokla: 10 leny\u0171g\u00f6z\u0151 r\u00e9gi fot\u00f3 a P\u00e1rizs\u2013Roubaix-ker\u00e9kp\u00e1rversenyr\u0151l\" \/>\n<meta property=\"og:description\" content=\"\u201eA P\u00e1rizs\u2013Roubaix-ker\u00e9kp\u00e1rversenyen tekerni pokoli \u00e9rz\u00e9s, de megnyerni mindenn\u00e9l szebb\u201d &#8211; ezt Sean Kelly mondta a vas\u00e1rnapi pokolk\u00e9nt is ismert versenyr\u0151l, [&hellip;]\" \/>\n<meta property=\"og:url\" content=\"https:\/\/www.welovecycling.com\/hu\/blog\/eszakpokla_parizs_roubaix\/\" \/>\n<meta property=\"og:site_name\" content=\"\u0160koda We Love Cycling - Magyarorsz\u00e1g\" \/>\n<meta property=\"article:publisher\" content=\"https:\/\/www.facebook.com\/WeLoveCyclingHungary\/\" \/>\n<meta property=\"article:published_time\" content=\"2019-03-16T21:00:18+00:00\" \/>\n<meta property=\"og:image\" content=\"https:\/\/d2p6e6u75xmxt8.cloudfront.net\/12\/2019\/03\/233232_23232323-1024x447.jpg\" \/>\n\t<meta property=\"og:image:width\" content=\"1024\" \/>\n\t<meta property=\"og:image:height\" content=\"447\" \/>\n\t<meta property=\"og:image:type\" content=\"image\/jpeg\" \/>\n<meta name=\"author\" content=\"hegyizs\" \/>\n<meta name=\"twitter:card\" content=\"summary_large_image\" \/>\n<meta name=\"twitter:label1\" content=\"Written by\" \/>\n\t<meta name=\"twitter:data1\" content=\"hegyizs\" \/>\n\t<meta name=\"twitter:label2\" content=\"Est. reading time\" \/>\n\t<meta name=\"twitter:data2\" content=\"1 minute\" \/>\n<script type=\"application\/ld+json\" class=\"yoast-schema-graph\">{\"@context\":\"https:\/\/schema.org\",\"@graph\":[{\"@type\":\"WebPage\",\"@id\":\"https:\/\/www.welovecycling.com\/hu\/blog\/eszakpokla_parizs_roubaix\/\",\"url\":\"https:\/\/www.welovecycling.com\/hu\/blog\/eszakpokla_parizs_roubaix\/\",\"name\":\"Az \u00c9szak pokla: 10 leny\u0171g\u00f6z\u0151 r\u00e9gi fot\u00f3 a P\u00e1rizs\u2013Roubaix-ker\u00e9kp\u00e1rversenyr\u0151l - \u0160koda We Love Cycling - Magyarorsz\u00e1g\",\"isPartOf\":{\"@id\":\"https:\/\/www.welovecycling.com\/hu\/#website\"},\"primaryImageOfPage\":{\"@id\":\"https:\/\/www.welovecycling.com\/hu\/blog\/eszakpokla_parizs_roubaix\/#primaryimage\"},\"image\":{\"@id\":\"https:\/\/www.welovecycling.com\/hu\/blog\/eszakpokla_parizs_roubaix\/#primaryimage\"},\"thumbnailUrl\":\"https:\/\/d2p6e6u75xmxt8.cloudfront.net\/12\/2019\/03\/233232_23232323-1024x447.jpg\",\"datePublished\":\"2019-03-16T21:00:18+00:00\",\"author\":{\"@id\":\"https:\/\/www.welovecycling.com\/hu\/#\/schema\/person\/414a2aebf1801691a5320edb6468e194\"},\"breadcrumb\":{\"@id\":\"https:\/\/www.welovecycling.com\/hu\/blog\/eszakpokla_parizs_roubaix\/#breadcrumb\"},\"inLanguage\":\"hu\",\"potentialAction\":[{\"@type\":\"ReadAction\",\"target\":[\"https:\/\/www.welovecycling.com\/hu\/blog\/eszakpokla_parizs_roubaix\/\"]}]},{\"@type\":\"ImageObject\",\"inLanguage\":\"hu\",\"@id\":\"https:\/\/www.welovecycling.com\/hu\/blog\/eszakpokla_parizs_roubaix\/#primaryimage\",\"url\":\"https:\/\/d2p6e6u75xmxt8.cloudfront.net\/12\/2019\/03\/233232_23232323-1024x447.jpg\",\"contentUrl\":\"https:\/\/d2p6e6u75xmxt8.cloudfront.net\/12\/2019\/03\/233232_23232323-1024x447.jpg\",\"width\":1024,\"height\":447},{\"@type\":\"BreadcrumbList\",\"@id\":\"https:\/\/www.welovecycling.com\/hu\/blog\/eszakpokla_parizs_roubaix\/#breadcrumb\",\"itemListElement\":[{\"@type\":\"ListItem\",\"position\":1,\"name\":\"Home\",\"item\":\"https:\/\/www.welovecycling.com\/hu\/\"},{\"@type\":\"ListItem\",\"position\":2,\"name\":\"Az \u00c9szak pokla: 10 leny\u0171g\u00f6z\u0151 r\u00e9gi fot\u00f3 a P\u00e1rizs\u2013Roubaix-ker\u00e9kp\u00e1rversenyr\u0151l\"}]},{\"@type\":\"WebSite\",\"@id\":\"https:\/\/www.welovecycling.com\/hu\/#website\",\"url\":\"https:\/\/www.welovecycling.com\/hu\/\",\"name\":\"\u0160koda We Love Cycling - Magyarorsz\u00e1g\",\"description\":\"\u0160koda WeLoveCycling\",\"potentialAction\":[{\"@type\":\"SearchAction\",\"target\":{\"@type\":\"EntryPoint\",\"urlTemplate\":\"https:\/\/www.welovecycling.com\/hu\/?s={search_term_string}\"},\"query-input\":{\"@type\":\"PropertyValueSpecification\",\"valueRequired\":true,\"valueName\":\"search_term_string\"}}],\"inLanguage\":\"hu\"},{\"@type\":\"Person\",\"@id\":\"https:\/\/www.welovecycling.com\/hu\/#\/schema\/person\/414a2aebf1801691a5320edb6468e194\",\"name\":\"hegyizs\",\"image\":{\"@type\":\"ImageObject\",\"inLanguage\":\"hu\",\"@id\":\"https:\/\/www.welovecycling.com\/hu\/#\/schema\/person\/image\/\",\"url\":\"https:\/\/secure.gravatar.com\/avatar\/02cf8a7906b8cf90cecb4679defac7cfd33a1c2e3b88e4903d947f3bb58eedd3?s=96&d=mm&r=g\",\"contentUrl\":\"https:\/\/secure.gravatar.com\/avatar\/02cf8a7906b8cf90cecb4679defac7cfd33a1c2e3b88e4903d947f3bb58eedd3?s=96&d=mm&r=g\",\"caption\":\"hegyizs\"},\"url\":\"https:\/\/www.welovecycling.com\/hu\/author\/hegyizs\/\"}]}<\/script>\n<!-- \/ Yoast SEO Premium plugin. -->","yoast_head_json":{"title":"Az \u00c9szak pokla: 10 leny\u0171g\u00f6z\u0151 r\u00e9gi fot\u00f3 a P\u00e1rizs\u2013Roubaix-ker\u00e9kp\u00e1rversenyr\u0151l - \u0160koda We Love Cycling - Magyarorsz\u00e1g","robots":{"index":"index","follow":"follow","max-snippet":"max-snippet:-1","max-image-preview":"max-image-preview:large","max-video-preview":"max-video-preview:-1"},"canonical":"https:\/\/www.welovecycling.com\/hu\/blog\/eszakpokla_parizs_roubaix\/","og_locale":"hu_HU","og_type":"article","og_title":"Az \u00c9szak pokla: 10 leny\u0171g\u00f6z\u0151 r\u00e9gi fot\u00f3 a P\u00e1rizs\u2013Roubaix-ker\u00e9kp\u00e1rversenyr\u0151l","og_description":"\u201eA P\u00e1rizs\u2013Roubaix-ker\u00e9kp\u00e1rversenyen tekerni pokoli \u00e9rz\u00e9s, de megnyerni mindenn\u00e9l szebb\u201d &#8211; ezt Sean Kelly mondta a vas\u00e1rnapi pokolk\u00e9nt is ismert versenyr\u0151l, [&hellip;]","og_url":"https:\/\/www.welovecycling.com\/hu\/blog\/eszakpokla_parizs_roubaix\/","og_site_name":"\u0160koda We Love Cycling - Magyarorsz\u00e1g","article_publisher":"https:\/\/www.facebook.com\/WeLoveCyclingHungary\/","article_published_time":"2019-03-16T21:00:18+00:00","og_image":[{"width":1024,"height":447,"url":"https:\/\/d2p6e6u75xmxt8.cloudfront.net\/12\/2019\/03\/233232_23232323-1024x447.jpg","type":"image\/jpeg"}],"author":"hegyizs","twitter_card":"summary_large_image","twitter_misc":{"Written by":"hegyizs","Est. reading time":"1 minute"},"schema":{"@context":"https:\/\/schema.org","@graph":[{"@type":"WebPage","@id":"https:\/\/www.welovecycling.com\/hu\/blog\/eszakpokla_parizs_roubaix\/","url":"https:\/\/www.welovecycling.com\/hu\/blog\/eszakpokla_parizs_roubaix\/","name":"Az \u00c9szak pokla: 10 leny\u0171g\u00f6z\u0151 r\u00e9gi fot\u00f3 a P\u00e1rizs\u2013Roubaix-ker\u00e9kp\u00e1rversenyr\u0151l - \u0160koda We Love Cycling - Magyarorsz\u00e1g","isPartOf":{"@id":"https:\/\/www.welovecycling.com\/hu\/#website"},"primaryImageOfPage":{"@id":"https:\/\/www.welovecycling.com\/hu\/blog\/eszakpokla_parizs_roubaix\/#primaryimage"},"image":{"@id":"https:\/\/www.welovecycling.com\/hu\/blog\/eszakpokla_parizs_roubaix\/#primaryimage"},"thumbnailUrl":"https:\/\/d2p6e6u75xmxt8.cloudfront.net\/12\/2019\/03\/233232_23232323-1024x447.jpg","datePublished":"2019-03-16T21:00:18+00:00","author":{"@id":"https:\/\/www.welovecycling.com\/hu\/#\/schema\/person\/414a2aebf1801691a5320edb6468e194"},"breadcrumb":{"@id":"https:\/\/www.welovecycling.com\/hu\/blog\/eszakpokla_parizs_roubaix\/#breadcrumb"},"inLanguage":"hu","potentialAction":[{"@type":"ReadAction","target":["https:\/\/www.welovecycling.com\/hu\/blog\/eszakpokla_parizs_roubaix\/"]}]},{"@type":"ImageObject","inLanguage":"hu","@id":"https:\/\/www.welovecycling.com\/hu\/blog\/eszakpokla_parizs_roubaix\/#primaryimage","url":"https:\/\/d2p6e6u75xmxt8.cloudfront.net\/12\/2019\/03\/233232_23232323-1024x447.jpg","contentUrl":"https:\/\/d2p6e6u75xmxt8.cloudfront.net\/12\/2019\/03\/233232_23232323-1024x447.jpg","width":1024,"height":447},{"@type":"BreadcrumbList","@id":"https:\/\/www.welovecycling.com\/hu\/blog\/eszakpokla_parizs_roubaix\/#breadcrumb","itemListElement":[{"@type":"ListItem","position":1,"name":"Home","item":"https:\/\/www.welovecycling.com\/hu\/"},{"@type":"ListItem","position":2,"name":"Az \u00c9szak pokla: 10 leny\u0171g\u00f6z\u0151 r\u00e9gi fot\u00f3 a P\u00e1rizs\u2013Roubaix-ker\u00e9kp\u00e1rversenyr\u0151l"}]},{"@type":"WebSite","@id":"https:\/\/www.welovecycling.com\/hu\/#website","url":"https:\/\/www.welovecycling.com\/hu\/","name":"\u0160koda We Love Cycling - Magyarorsz\u00e1g","description":"\u0160koda WeLoveCycling","potentialAction":[{"@type":"SearchAction","target":{"@type":"EntryPoint","urlTemplate":"https:\/\/www.welovecycling.com\/hu\/?s={search_term_string}"},"query-input":{"@type":"PropertyValueSpecification","valueRequired":true,"valueName":"search_term_string"}}],"inLanguage":"hu"},{"@type":"Person","@id":"https:\/\/www.welovecycling.com\/hu\/#\/schema\/person\/414a2aebf1801691a5320edb6468e194","name":"hegyizs","image":{"@type":"ImageObject","inLanguage":"hu","@id":"https:\/\/www.welovecycling.com\/hu\/#\/schema\/person\/image\/","url":"https:\/\/secure.gravatar.com\/avatar\/02cf8a7906b8cf90cecb4679defac7cfd33a1c2e3b88e4903d947f3bb58eedd3?s=96&d=mm&r=g","contentUrl":"https:\/\/secure.gravatar.com\/avatar\/02cf8a7906b8cf90cecb4679defac7cfd33a1c2e3b88e4903d947f3bb58eedd3?s=96&d=mm&r=g","caption":"hegyizs"},"url":"https:\/\/www.welovecycling.com\/hu\/author\/hegyizs\/"}]}},"_links":{"self":[{"href":"https:\/\/www.welovecycling.com\/hu\/wp-json\/wp\/v2\/posts\/2863","targetHints":{"allow":["GET"]}}],"collection":[{"href":"https:\/\/www.welovecycling.com\/hu\/wp-json\/wp\/v2\/posts"}],"about":[{"href":"https:\/\/www.welovecycling.com\/hu\/wp-json\/wp\/v2\/types\/post"}],"author":[{"embeddable":true,"href":"https:\/\/www.welovecycling.com\/hu\/wp-json\/wp\/v2\/users\/71"}],"replies":[{"embeddable":true,"href":"https:\/\/www.welovecycling.com\/hu\/wp-json\/wp\/v2\/comments?post=2863"}],"version-history":[{"count":2,"href":"https:\/\/www.welovecycling.com\/hu\/wp-json\/wp\/v2\/posts\/2863\/revisions"}],"predecessor-version":[{"id":2867,"href":"https:\/\/www.welovecycling.com\/hu\/wp-json\/wp\/v2\/posts\/2863\/revisions\/2867"}],"wp:featuredmedia":[{"embeddable":true,"href":"https:\/\/www.welovecycling.com\/hu\/wp-json\/wp\/v2\/media\/2865"}],"wp:attachment":[{"href":"https:\/\/www.welovecycling.com\/hu\/wp-json\/wp\/v2\/media?parent=2863"}],"wp:term":[{"taxonomy":"category","embeddable":true,"href":"https:\/\/www.welovecycling.com\/hu\/wp-json\/wp\/v2\/categories?post=2863"},{"taxonomy":"post_tag","embeddable":true,"href":"https:\/\/www.welovecycling.com\/hu\/wp-json\/wp\/v2\/tags?post=2863"},{"taxonomy":"global-categories","embeddable":true,"href":"https:\/\/www.welovecycling.com\/hu\/wp-json\/wp\/v2\/global-categories?post=2863"}],"curies":[{"name":"wp","href":"https:\/\/api.w.org\/{rel}","templated":true}]}}