{"id":2855,"date":"2019-03-12T09:00:50","date_gmt":"2019-03-12T08:00:50","guid":{"rendered":"https:\/\/www.welovecycling.com\/hu\/?p=2855"},"modified":"2019-03-06T17:23:27","modified_gmt":"2019-03-06T16:23:27","slug":"4-tipp-hogyan-valasszunk-szemuveget-kerekparozashoz","status":"publish","type":"post","link":"https:\/\/www.welovecycling.com\/hu\/blog\/4-tipp-hogyan-valasszunk-szemuveget-kerekparozashoz\/","title":{"rendered":"4 tipp, hogyan v\u00e1lasszunk szem\u00fcveget ker\u00e9kp\u00e1roz\u00e1shoz"},"content":{"rendered":"<p><strong>Mivel a naps\u00fct\u00e9ses \u00f3r\u00e1k sz\u00e1ma kezd \u00e9rtelmezhet\u0151 mennyis\u00e9gekben jelen lenni \u00e9let\u00fcnkben, ism\u00e9t aktualit\u00e1st nyer az oly sokat vitatott k\u00e9rd\u00e9s: Milyen a j\u00f3 bring\u00e1s szem\u00fcveg? Itt az\u00e9rt t\u00f6bb szempontot is figyelembe kell venni a szimpl\u00e1n utc\u00e1n viselt darabokkal szemben, de ha el\u00e9g k\u00f6r\u00fcltekint\u0151 az ember, neh\u00e9z mell\u00e9 ny\u00falni.<\/strong><strong>\u00a0<\/strong><\/p>\n<h2>1. Legyen strapab\u00edr\u00f3!<\/h2>\n<p>Nem csak bicikliz\u00e9shez, de a sportszem\u00fcvegekn\u00e9l \u00e1ltal\u00e1ban alapvet\u0151 elv\u00e1r\u00e1s, hogy ellen\u00e1ll\u00f3, k\u00f6nny\u0171 \u00f6tv\u00f6zetb\u0151l k\u00e9sz\u00fclj\u00f6n. Nem puszt\u00e1n az\u00e9rt, hogy elmondhasd r\u00f3la, milyen men\u0151, hanem az\u00e9rt, hogy egy esetleges es\u00e9skor ne s\u00e9r\u00fclj meg indokolatlanul a sil\u00e1ny anyag szil\u00e1nkjai miatt. P\u00e9ld\u00e1ul a Grilamid szil\u00edcium, magn\u00e9zium, tit\u00e1n \u00f6sszet\u00e9tellel megfelel\u0151 anyaga a keretnek.<\/p>\n<h2>2. L\u00e1ssunk tiszt\u00e1n!<\/h2>\n<p>Az UV-sug\u00e1rz\u00e1s elleni v\u00e9delem m\u00e1r eml\u00edt\u00e9sre sem szorul, mert ez a legolcs\u00f3bb szem\u00fcvegekben is megtal\u00e1lhat\u00f3. Annyit megjegyezn\u00e9nk, hogy a kiv\u00e1l\u00f3 UV-sz\u0171r\u00e9ssel rendelkez\u0151 szem\u00fcvegeket itthon az \u201eUV 400&#8243; jelz\u00e9s jel\u00f6li. Amire viszont \u00e9rdemes hangs\u00falyt fektetni \u00e9s elad\u00f3 vagy szakember seg\u00edts\u00e9g\u00e9t k\u00e9rni, az a lencs\u00e9k optikai tisztas\u00e1ga, torz\u00edt\u00e1smentess\u00e9ge \u00e9s anyaga. Egy torz\u00edt\u00f3 lencse m\u00e1r p\u00e1r \u00f3ra viseletet k\u00f6vet\u0151en ronthat l\u00e1t\u00e1sunkon.<\/p>\n<p><a href=\"https:\/\/d2p6e6u75xmxt8.cloudfront.net\/12\/2019\/03\/glass.jpg\"><img loading=\"lazy\" decoding=\"async\" class=\"aligncenter size-full wp-image-2856\" src=\"https:\/\/d2p6e6u75xmxt8.cloudfront.net\/12\/2019\/03\/glass.jpg\" alt=\"\" width=\"1000\" height=\"737\" srcset=\"https:\/\/d2p6e6u75xmxt8.cloudfront.net\/12\/2019\/03\/glass.jpg 1000w, https:\/\/d2p6e6u75xmxt8.cloudfront.net\/12\/2019\/03\/glass-300x221.jpg 300w, https:\/\/d2p6e6u75xmxt8.cloudfront.net\/12\/2019\/03\/glass-768x566.jpg 768w\" sizes=\"auto, (max-width: 1000px) 100vw, 1000px\" \/><\/a><\/p>\n<h2>3. Sz\u00e1m\u00edt a forma!<\/h2>\n<p>A lencse mindenk\u00e9pp takarja el a szemedet teljes eg\u00e9sz\u00e9ben, mert csak \u00edgy ker\u00fclhet\u0151 el, hogy v\u00e1ratlanul napsugarak sz\u00f6kjenek m\u00f6g\u00e9. Nem c\u00e9lszer\u0171, ha sz\u00e9lesebb az arcn\u00e1l a l\u00e9gellen\u00e1ll\u00e1s miatt. Bicikliz\u00e9shez az a legjobb, ha t\u00f6k\u00e9letesen k\u00f6veti a fej vonal\u00e1t, s\u0151t, az m\u00e9g jobb, ha szem\u00e9lyre szabhat\u00f3. \u00c1ll\u00edtani az orrnyergen vagy a sz\u00e1rv\u00e9geken igencsak el\u0151ny\u00f6s, hiszen ezen a k\u00e9t ponton fekszik fel a szem\u00fcveg. Ha nem az orsz\u00e1g\u00fati a f\u0151 profilod, teh\u00e1t gyakran r\u00e1z\u00f3s a talaj, \u00e9rdemes bel\u00fclr\u0151l gumibor\u00edt\u00e1s\u00fa, azaz grippel rendelkez\u0151 sz\u00e1r\u00fat v\u00e1lasztani.<\/p>\n<h2>4. Vari\u00e1ljunk!<\/h2>\n<p>J\u00f3l j\u00f6het, ha egy szem\u00fcveget nem csak egyf\u00e9le id\u0151j\u00e1r\u00e1si k\u00f6r\u00fclm\u00e9nyben tudsz hasznos\u00edtani. A s\u00e1rga lencse p\u00e9ld\u00e1ul t\u00f6k\u00e9letes kontrasztot biztos\u00edt, \u00edgy sz\u00fcrk\u00fcletben, viharban is sokkal jobban lehet l\u00e1tni vele. A z\u00f6ld lencse sz\u00e9pen tomp\u00edtja a csillog\u00e1st, amivel elker\u00fclhet\u0151, hogy napos id\u0151ben az aut\u00f3kr\u00f3l visszat\u00fckr\u00f6z\u0151d\u0151 f\u00e9ny elvak\u00edtson. A fotokr\u00f3m lencse pedig v\u00e1ltoz\u00e9kony id\u0151ben lehet a bar\u00e1tunk, b\u00e1r a f\u00e9nyre s\u00f6t\u00e9ted\u00e9s sokakat ink\u00e1bb zavar.<\/p>\n","protected":false},"excerpt":{"rendered":"<p>Mivel a naps\u00fct\u00e9ses \u00f3r\u00e1k sz\u00e1ma kezd \u00e9rtelmezhet\u0151 mennyis\u00e9gekben jelen lenni \u00e9let\u00fcnkben, ism\u00e9t aktualit\u00e1st nyer az oly sokat vitatott k\u00e9rd\u00e9s: Milyen [&hellip;]<\/p>\n","protected":false},"author":71,"featured_media":2857,"comment_status":"open","ping_status":"open","sticky":false,"template":"","format":"standard","meta":{"footnotes":""},"categories":[13],"tags":[343,341,342],"global-categories":[],"class_list":["post-2855","post","type-post","status-publish","format-standard","has-post-thumbnail","hentry","category-blog","tag-grip","tag-napszemuveg","tag-uv-sugarzas"],"yoast_head":"<!-- This site is optimized with the Yoast SEO Premium plugin v25.3 (Yoast SEO v25.9) - https:\/\/yoast.com\/wordpress\/plugins\/seo\/ -->\n<title>4 tipp, hogyan v\u00e1lasszunk szem\u00fcveget ker\u00e9kp\u00e1roz\u00e1shoz - \u0160koda We Love Cycling - Magyarorsz\u00e1g<\/title>\n<meta name=\"robots\" content=\"index, follow, max-snippet:-1, max-image-preview:large, max-video-preview:-1\" \/>\n<link rel=\"canonical\" href=\"https:\/\/www.welovecycling.com\/hu\/blog\/4-tipp-hogyan-valasszunk-szemuveget-kerekparozashoz\/\" \/>\n<meta property=\"og:locale\" content=\"hu_HU\" \/>\n<meta property=\"og:type\" content=\"article\" \/>\n<meta property=\"og:title\" content=\"4 tipp, hogyan v\u00e1lasszunk szem\u00fcveget ker\u00e9kp\u00e1roz\u00e1shoz\" \/>\n<meta property=\"og:description\" content=\"Mivel a naps\u00fct\u00e9ses \u00f3r\u00e1k sz\u00e1ma kezd \u00e9rtelmezhet\u0151 mennyis\u00e9gekben jelen lenni \u00e9let\u00fcnkben, ism\u00e9t aktualit\u00e1st nyer az oly sokat vitatott k\u00e9rd\u00e9s: Milyen [&hellip;]\" \/>\n<meta property=\"og:url\" content=\"https:\/\/www.welovecycling.com\/hu\/blog\/4-tipp-hogyan-valasszunk-szemuveget-kerekparozashoz\/\" \/>\n<meta property=\"og:site_name\" content=\"\u0160koda We Love Cycling - Magyarorsz\u00e1g\" \/>\n<meta property=\"article:publisher\" content=\"https:\/\/www.facebook.com\/WeLoveCyclingHungary\/\" \/>\n<meta property=\"article:published_time\" content=\"2019-03-12T08:00:50+00:00\" \/>\n<meta property=\"og:image\" content=\"https:\/\/d2p6e6u75xmxt8.cloudfront.net\/12\/2019\/03\/glass_0.jpg\" \/>\n\t<meta property=\"og:image:width\" content=\"1000\" \/>\n\t<meta property=\"og:image:height\" content=\"667\" \/>\n\t<meta property=\"og:image:type\" content=\"image\/jpeg\" \/>\n<meta name=\"author\" content=\"hegyizs\" \/>\n<meta name=\"twitter:card\" content=\"summary_large_image\" \/>\n<meta name=\"twitter:label1\" content=\"Written by\" \/>\n\t<meta name=\"twitter:data1\" content=\"hegyizs\" \/>\n\t<meta name=\"twitter:label2\" content=\"Est. reading time\" \/>\n\t<meta name=\"twitter:data2\" content=\"2 minutes\" \/>\n<script type=\"application\/ld+json\" class=\"yoast-schema-graph\">{\"@context\":\"https:\/\/schema.org\",\"@graph\":[{\"@type\":\"WebPage\",\"@id\":\"https:\/\/www.welovecycling.com\/hu\/blog\/4-tipp-hogyan-valasszunk-szemuveget-kerekparozashoz\/\",\"url\":\"https:\/\/www.welovecycling.com\/hu\/blog\/4-tipp-hogyan-valasszunk-szemuveget-kerekparozashoz\/\",\"name\":\"4 tipp, hogyan v\u00e1lasszunk szem\u00fcveget ker\u00e9kp\u00e1roz\u00e1shoz - \u0160koda We Love Cycling - Magyarorsz\u00e1g\",\"isPartOf\":{\"@id\":\"https:\/\/www.welovecycling.com\/hu\/#website\"},\"primaryImageOfPage\":{\"@id\":\"https:\/\/www.welovecycling.com\/hu\/blog\/4-tipp-hogyan-valasszunk-szemuveget-kerekparozashoz\/#primaryimage\"},\"image\":{\"@id\":\"https:\/\/www.welovecycling.com\/hu\/blog\/4-tipp-hogyan-valasszunk-szemuveget-kerekparozashoz\/#primaryimage\"},\"thumbnailUrl\":\"https:\/\/d2p6e6u75xmxt8.cloudfront.net\/12\/2019\/03\/glass_0.jpg\",\"datePublished\":\"2019-03-12T08:00:50+00:00\",\"author\":{\"@id\":\"https:\/\/www.welovecycling.com\/hu\/#\/schema\/person\/414a2aebf1801691a5320edb6468e194\"},\"breadcrumb\":{\"@id\":\"https:\/\/www.welovecycling.com\/hu\/blog\/4-tipp-hogyan-valasszunk-szemuveget-kerekparozashoz\/#breadcrumb\"},\"inLanguage\":\"hu\",\"potentialAction\":[{\"@type\":\"ReadAction\",\"target\":[\"https:\/\/www.welovecycling.com\/hu\/blog\/4-tipp-hogyan-valasszunk-szemuveget-kerekparozashoz\/\"]}]},{\"@type\":\"ImageObject\",\"inLanguage\":\"hu\",\"@id\":\"https:\/\/www.welovecycling.com\/hu\/blog\/4-tipp-hogyan-valasszunk-szemuveget-kerekparozashoz\/#primaryimage\",\"url\":\"https:\/\/d2p6e6u75xmxt8.cloudfront.net\/12\/2019\/03\/glass_0.jpg\",\"contentUrl\":\"https:\/\/d2p6e6u75xmxt8.cloudfront.net\/12\/2019\/03\/glass_0.jpg\",\"width\":1000,\"height\":667},{\"@type\":\"BreadcrumbList\",\"@id\":\"https:\/\/www.welovecycling.com\/hu\/blog\/4-tipp-hogyan-valasszunk-szemuveget-kerekparozashoz\/#breadcrumb\",\"itemListElement\":[{\"@type\":\"ListItem\",\"position\":1,\"name\":\"Home\",\"item\":\"https:\/\/www.welovecycling.com\/hu\/\"},{\"@type\":\"ListItem\",\"position\":2,\"name\":\"4 tipp, hogyan v\u00e1lasszunk szem\u00fcveget ker\u00e9kp\u00e1roz\u00e1shoz\"}]},{\"@type\":\"WebSite\",\"@id\":\"https:\/\/www.welovecycling.com\/hu\/#website\",\"url\":\"https:\/\/www.welovecycling.com\/hu\/\",\"name\":\"\u0160koda We Love Cycling - Magyarorsz\u00e1g\",\"description\":\"\u0160koda WeLoveCycling\",\"potentialAction\":[{\"@type\":\"SearchAction\",\"target\":{\"@type\":\"EntryPoint\",\"urlTemplate\":\"https:\/\/www.welovecycling.com\/hu\/?s={search_term_string}\"},\"query-input\":{\"@type\":\"PropertyValueSpecification\",\"valueRequired\":true,\"valueName\":\"search_term_string\"}}],\"inLanguage\":\"hu\"},{\"@type\":\"Person\",\"@id\":\"https:\/\/www.welovecycling.com\/hu\/#\/schema\/person\/414a2aebf1801691a5320edb6468e194\",\"name\":\"hegyizs\",\"image\":{\"@type\":\"ImageObject\",\"inLanguage\":\"hu\",\"@id\":\"https:\/\/www.welovecycling.com\/hu\/#\/schema\/person\/image\/\",\"url\":\"https:\/\/secure.gravatar.com\/avatar\/02cf8a7906b8cf90cecb4679defac7cfd33a1c2e3b88e4903d947f3bb58eedd3?s=96&d=mm&r=g\",\"contentUrl\":\"https:\/\/secure.gravatar.com\/avatar\/02cf8a7906b8cf90cecb4679defac7cfd33a1c2e3b88e4903d947f3bb58eedd3?s=96&d=mm&r=g\",\"caption\":\"hegyizs\"},\"url\":\"https:\/\/www.welovecycling.com\/hu\/author\/hegyizs\/\"}]}<\/script>\n<!-- \/ Yoast SEO Premium plugin. -->","yoast_head_json":{"title":"4 tipp, hogyan v\u00e1lasszunk szem\u00fcveget ker\u00e9kp\u00e1roz\u00e1shoz - \u0160koda We Love Cycling - Magyarorsz\u00e1g","robots":{"index":"index","follow":"follow","max-snippet":"max-snippet:-1","max-image-preview":"max-image-preview:large","max-video-preview":"max-video-preview:-1"},"canonical":"https:\/\/www.welovecycling.com\/hu\/blog\/4-tipp-hogyan-valasszunk-szemuveget-kerekparozashoz\/","og_locale":"hu_HU","og_type":"article","og_title":"4 tipp, hogyan v\u00e1lasszunk szem\u00fcveget ker\u00e9kp\u00e1roz\u00e1shoz","og_description":"Mivel a naps\u00fct\u00e9ses \u00f3r\u00e1k sz\u00e1ma kezd \u00e9rtelmezhet\u0151 mennyis\u00e9gekben jelen lenni \u00e9let\u00fcnkben, ism\u00e9t aktualit\u00e1st nyer az oly sokat vitatott k\u00e9rd\u00e9s: Milyen [&hellip;]","og_url":"https:\/\/www.welovecycling.com\/hu\/blog\/4-tipp-hogyan-valasszunk-szemuveget-kerekparozashoz\/","og_site_name":"\u0160koda We Love Cycling - Magyarorsz\u00e1g","article_publisher":"https:\/\/www.facebook.com\/WeLoveCyclingHungary\/","article_published_time":"2019-03-12T08:00:50+00:00","og_image":[{"width":1000,"height":667,"url":"https:\/\/d2p6e6u75xmxt8.cloudfront.net\/12\/2019\/03\/glass_0.jpg","type":"image\/jpeg"}],"author":"hegyizs","twitter_card":"summary_large_image","twitter_misc":{"Written by":"hegyizs","Est. reading time":"2 minutes"},"schema":{"@context":"https:\/\/schema.org","@graph":[{"@type":"WebPage","@id":"https:\/\/www.welovecycling.com\/hu\/blog\/4-tipp-hogyan-valasszunk-szemuveget-kerekparozashoz\/","url":"https:\/\/www.welovecycling.com\/hu\/blog\/4-tipp-hogyan-valasszunk-szemuveget-kerekparozashoz\/","name":"4 tipp, hogyan v\u00e1lasszunk szem\u00fcveget ker\u00e9kp\u00e1roz\u00e1shoz - \u0160koda We Love Cycling - Magyarorsz\u00e1g","isPartOf":{"@id":"https:\/\/www.welovecycling.com\/hu\/#website"},"primaryImageOfPage":{"@id":"https:\/\/www.welovecycling.com\/hu\/blog\/4-tipp-hogyan-valasszunk-szemuveget-kerekparozashoz\/#primaryimage"},"image":{"@id":"https:\/\/www.welovecycling.com\/hu\/blog\/4-tipp-hogyan-valasszunk-szemuveget-kerekparozashoz\/#primaryimage"},"thumbnailUrl":"https:\/\/d2p6e6u75xmxt8.cloudfront.net\/12\/2019\/03\/glass_0.jpg","datePublished":"2019-03-12T08:00:50+00:00","author":{"@id":"https:\/\/www.welovecycling.com\/hu\/#\/schema\/person\/414a2aebf1801691a5320edb6468e194"},"breadcrumb":{"@id":"https:\/\/www.welovecycling.com\/hu\/blog\/4-tipp-hogyan-valasszunk-szemuveget-kerekparozashoz\/#breadcrumb"},"inLanguage":"hu","potentialAction":[{"@type":"ReadAction","target":["https:\/\/www.welovecycling.com\/hu\/blog\/4-tipp-hogyan-valasszunk-szemuveget-kerekparozashoz\/"]}]},{"@type":"ImageObject","inLanguage":"hu","@id":"https:\/\/www.welovecycling.com\/hu\/blog\/4-tipp-hogyan-valasszunk-szemuveget-kerekparozashoz\/#primaryimage","url":"https:\/\/d2p6e6u75xmxt8.cloudfront.net\/12\/2019\/03\/glass_0.jpg","contentUrl":"https:\/\/d2p6e6u75xmxt8.cloudfront.net\/12\/2019\/03\/glass_0.jpg","width":1000,"height":667},{"@type":"BreadcrumbList","@id":"https:\/\/www.welovecycling.com\/hu\/blog\/4-tipp-hogyan-valasszunk-szemuveget-kerekparozashoz\/#breadcrumb","itemListElement":[{"@type":"ListItem","position":1,"name":"Home","item":"https:\/\/www.welovecycling.com\/hu\/"},{"@type":"ListItem","position":2,"name":"4 tipp, hogyan v\u00e1lasszunk szem\u00fcveget ker\u00e9kp\u00e1roz\u00e1shoz"}]},{"@type":"WebSite","@id":"https:\/\/www.welovecycling.com\/hu\/#website","url":"https:\/\/www.welovecycling.com\/hu\/","name":"\u0160koda We Love Cycling - Magyarorsz\u00e1g","description":"\u0160koda WeLoveCycling","potentialAction":[{"@type":"SearchAction","target":{"@type":"EntryPoint","urlTemplate":"https:\/\/www.welovecycling.com\/hu\/?s={search_term_string}"},"query-input":{"@type":"PropertyValueSpecification","valueRequired":true,"valueName":"search_term_string"}}],"inLanguage":"hu"},{"@type":"Person","@id":"https:\/\/www.welovecycling.com\/hu\/#\/schema\/person\/414a2aebf1801691a5320edb6468e194","name":"hegyizs","image":{"@type":"ImageObject","inLanguage":"hu","@id":"https:\/\/www.welovecycling.com\/hu\/#\/schema\/person\/image\/","url":"https:\/\/secure.gravatar.com\/avatar\/02cf8a7906b8cf90cecb4679defac7cfd33a1c2e3b88e4903d947f3bb58eedd3?s=96&d=mm&r=g","contentUrl":"https:\/\/secure.gravatar.com\/avatar\/02cf8a7906b8cf90cecb4679defac7cfd33a1c2e3b88e4903d947f3bb58eedd3?s=96&d=mm&r=g","caption":"hegyizs"},"url":"https:\/\/www.welovecycling.com\/hu\/author\/hegyizs\/"}]}},"_links":{"self":[{"href":"https:\/\/www.welovecycling.com\/hu\/wp-json\/wp\/v2\/posts\/2855","targetHints":{"allow":["GET"]}}],"collection":[{"href":"https:\/\/www.welovecycling.com\/hu\/wp-json\/wp\/v2\/posts"}],"about":[{"href":"https:\/\/www.welovecycling.com\/hu\/wp-json\/wp\/v2\/types\/post"}],"author":[{"embeddable":true,"href":"https:\/\/www.welovecycling.com\/hu\/wp-json\/wp\/v2\/users\/71"}],"replies":[{"embeddable":true,"href":"https:\/\/www.welovecycling.com\/hu\/wp-json\/wp\/v2\/comments?post=2855"}],"version-history":[{"count":1,"href":"https:\/\/www.welovecycling.com\/hu\/wp-json\/wp\/v2\/posts\/2855\/revisions"}],"predecessor-version":[{"id":2858,"href":"https:\/\/www.welovecycling.com\/hu\/wp-json\/wp\/v2\/posts\/2855\/revisions\/2858"}],"wp:featuredmedia":[{"embeddable":true,"href":"https:\/\/www.welovecycling.com\/hu\/wp-json\/wp\/v2\/media\/2857"}],"wp:attachment":[{"href":"https:\/\/www.welovecycling.com\/hu\/wp-json\/wp\/v2\/media?parent=2855"}],"wp:term":[{"taxonomy":"category","embeddable":true,"href":"https:\/\/www.welovecycling.com\/hu\/wp-json\/wp\/v2\/categories?post=2855"},{"taxonomy":"post_tag","embeddable":true,"href":"https:\/\/www.welovecycling.com\/hu\/wp-json\/wp\/v2\/tags?post=2855"},{"taxonomy":"global-categories","embeddable":true,"href":"https:\/\/www.welovecycling.com\/hu\/wp-json\/wp\/v2\/global-categories?post=2855"}],"curies":[{"name":"wp","href":"https:\/\/api.w.org\/{rel}","templated":true}]}}