{"id":2850,"date":"2019-03-09T20:00:35","date_gmt":"2019-03-09T19:00:35","guid":{"rendered":"https:\/\/www.welovecycling.com\/hu\/?p=2850"},"modified":"2019-02-28T17:55:04","modified_gmt":"2019-02-28T16:55:04","slug":"egy-uj-kutatas-szerint-a-kerekparosok-jobb-autovezetok","status":"publish","type":"post","link":"https:\/\/www.welovecycling.com\/hu\/blog\/egy-uj-kutatas-szerint-a-kerekparosok-jobb-autovezetok\/","title":{"rendered":"Egy \u00faj kutat\u00e1s szerint a ker\u00e9kp\u00e1rosok jobb aut\u00f3vezet\u0151k"},"content":{"rendered":"<p><strong>A vizu\u00e1lis inform\u00e1ci\u00f3k gyors feldolgoz\u00e1sa elengedhetetlen a biztons\u00e1gos vezet\u00e9shez, de m\u00e9g ink\u00e1bb a ker\u00e9kp\u00e1roz\u00e1shoz. Mind tudjuk j\u00f3l, hogyha ker\u00e9kp\u00e1roz\u00e1s k\u00f6zben a figyelem ak\u00e1r a m\u00e1sodperc t\u00f6red\u00e9k\u00e9re is elkalandozik, az pont el\u00e9g hozz\u00e1, hogy bajba sodorjon a forgalomban. Teh\u00e1t j\u00f3l megalapozott felt\u00e9telez\u00e9s, miszerint a lelkes bring\u00e1sok jobb aut\u00f3vezet\u0151k lehetnek, de \u00edgy is meglep\u0151 eredm\u00e9nyeket produk\u00e1lt egy \u00faj kutat\u00e1s. <\/strong><\/p>\n<p>A \u201eflicker task\u201d nev\u0171 teljes\u00edtm\u00e9nyk\u00fcl\u00f6nbs\u00e9g-m\u00e9r\u0151 pr\u00f3basorozat seg\u00edts\u00e9g\u00e9vel ausztr\u00e1l kutat\u00f3k 42 olyan, tapasztalt n\u0151i \u00e9s f\u00e9rfi aut\u00f3vezet\u0151 eredm\u00e9nyeit hasonl\u00edtott\u00e1k \u00f6ssze, akik k\u00f6z\u00f6tt voltak ker\u00e9kp\u00e1rosok \u00e9s olyanok is, akik egy\u00e1ltal\u00e1n nem tekernek. Ez a m\u00f3dszer nagyon hasonl\u00f3 az olyan j\u00e1t\u00e9kokhoz, ahol k\u00e9t, l\u00e1tsz\u00f3lag ugyanolyan k\u00e9p k\u00f6z\u00f6tt kell kisz\u00farni a k\u00fcl\u00f6nbs\u00e9get. Ebben az esetben a kutat\u00f3k 60 jellegzetes k\u00f6zleked\u00e9si szitu\u00e1ci\u00f3t v\u00e1lasztottak ki, ahol a k\u00fcl\u00f6nbs\u00e9g egy k\u00f6zleked\u00e9si t\u00e1bla, aut\u00f3, gyalogos vagy ker\u00e9kp\u00e1ros volt. A bring\u00e1s tapasztalattal rendelkez\u0151 r\u00e9sztvev\u0151k el\u0151bb vett\u00e9k \u00e9szre a k\u00fcl\u00f6nbs\u00e9geket, mint a t\u00f6bbi aut\u00f3vezet\u0151. Nem meglep\u0151 h\u00e1t, hogy a k\u00e9peken l\u00e1that\u00f3 bicikliseket is sokkal el\u0151bb kisz\u00fart\u00e1k.<\/p>\n<p>\u201eAz eredm\u00e9nyek arra engednek k\u00f6vetkeztetni, hogy a ker\u00e9kp\u00e1ros tapasztalat p\u00e1rhuzamba \u00e1ll\u00edthat\u00f3 a k\u00f6zleked\u00e9si szitu\u00e1ci\u00f3k hat\u00e9konyabb felismer\u00e9s\u00e9vel\u201d &#8211; jelentett\u00e9k ki a szerz\u0151k.<\/p>\n<p>Mivel az \u00f6sszes, komoly s\u00e9r\u00fcl\u00e9ssel j\u00e1r\u00f3 \u00fctk\u00f6z\u00e9s 12 sz\u00e1zal\u00e9k\u00e1t a k\u00f6zleked\u00e9si vesz\u00e9lyek sikertelen felismer\u00e9se v\u00e1ltja ki, a ker\u00e9kp\u00e1roz\u00e1s hasznos tapasztalatot ny\u00fajthat minden aut\u00f3vezet\u0151nek. Lenne \u00e9rtelme a jogos\u00edtv\u00e1ny megszerz\u00e9s\u00e9t ilyen fajta tapasztalathoz k\u00f6tni? Te mit gondolsz? V\u00e1rjuk a v\u00e9lem\u00e9nyed a kommentek k\u00f6z\u00f6tt.<\/p>\n","protected":false},"excerpt":{"rendered":"<p>A vizu\u00e1lis inform\u00e1ci\u00f3k gyors feldolgoz\u00e1sa elengedhetetlen a biztons\u00e1gos vezet\u00e9shez, de m\u00e9g ink\u00e1bb a ker\u00e9kp\u00e1roz\u00e1shoz. Mind tudjuk j\u00f3l, hogyha ker\u00e9kp\u00e1roz\u00e1s k\u00f6zben [&hellip;]<\/p>\n","protected":false},"author":71,"featured_media":2851,"comment_status":"open","ping_status":"open","sticky":false,"template":"","format":"standard","meta":{"footnotes":""},"categories":[13],"tags":[276,340],"global-categories":[],"class_list":["post-2850","post","type-post","status-publish","format-standard","has-post-thumbnail","hentry","category-blog","tag-kutatas","tag-vezetes"],"yoast_head":"<!-- This site is optimized with the Yoast SEO Premium plugin v25.3 (Yoast SEO v25.9) - https:\/\/yoast.com\/wordpress\/plugins\/seo\/ -->\n<title>Egy \u00faj kutat\u00e1s szerint a ker\u00e9kp\u00e1rosok jobb aut\u00f3vezet\u0151k - \u0160koda We Love Cycling - Magyarorsz\u00e1g<\/title>\n<meta name=\"robots\" content=\"index, follow, max-snippet:-1, max-image-preview:large, max-video-preview:-1\" \/>\n<link rel=\"canonical\" href=\"https:\/\/www.welovecycling.com\/hu\/blog\/egy-uj-kutatas-szerint-a-kerekparosok-jobb-autovezetok\/\" \/>\n<meta property=\"og:locale\" content=\"hu_HU\" \/>\n<meta property=\"og:type\" content=\"article\" \/>\n<meta property=\"og:title\" content=\"Egy \u00faj kutat\u00e1s szerint a ker\u00e9kp\u00e1rosok jobb aut\u00f3vezet\u0151k\" \/>\n<meta property=\"og:description\" content=\"A vizu\u00e1lis inform\u00e1ci\u00f3k gyors feldolgoz\u00e1sa elengedhetetlen a biztons\u00e1gos vezet\u00e9shez, de m\u00e9g ink\u00e1bb a ker\u00e9kp\u00e1roz\u00e1shoz. Mind tudjuk j\u00f3l, hogyha ker\u00e9kp\u00e1roz\u00e1s k\u00f6zben [&hellip;]\" \/>\n<meta property=\"og:url\" content=\"https:\/\/www.welovecycling.com\/hu\/blog\/egy-uj-kutatas-szerint-a-kerekparosok-jobb-autovezetok\/\" \/>\n<meta property=\"og:site_name\" content=\"\u0160koda We Love Cycling - Magyarorsz\u00e1g\" \/>\n<meta property=\"article:publisher\" content=\"https:\/\/www.facebook.com\/WeLoveCyclingHungary\/\" \/>\n<meta property=\"article:published_time\" content=\"2019-03-09T19:00:35+00:00\" \/>\n<meta property=\"og:image\" content=\"https:\/\/d2p6e6u75xmxt8.cloudfront.net\/12\/2019\/02\/carcover-1024x450.jpg\" \/>\n\t<meta property=\"og:image:width\" content=\"1024\" \/>\n\t<meta property=\"og:image:height\" content=\"450\" \/>\n\t<meta property=\"og:image:type\" content=\"image\/jpeg\" \/>\n<meta name=\"author\" content=\"hegyizs\" \/>\n<meta name=\"twitter:card\" content=\"summary_large_image\" \/>\n<meta name=\"twitter:label1\" content=\"Written by\" \/>\n\t<meta name=\"twitter:data1\" content=\"hegyizs\" \/>\n\t<meta name=\"twitter:label2\" content=\"Est. reading time\" \/>\n\t<meta name=\"twitter:data2\" content=\"2 minutes\" \/>\n<script type=\"application\/ld+json\" class=\"yoast-schema-graph\">{\"@context\":\"https:\/\/schema.org\",\"@graph\":[{\"@type\":\"WebPage\",\"@id\":\"https:\/\/www.welovecycling.com\/hu\/blog\/egy-uj-kutatas-szerint-a-kerekparosok-jobb-autovezetok\/\",\"url\":\"https:\/\/www.welovecycling.com\/hu\/blog\/egy-uj-kutatas-szerint-a-kerekparosok-jobb-autovezetok\/\",\"name\":\"Egy \u00faj kutat\u00e1s szerint a ker\u00e9kp\u00e1rosok jobb aut\u00f3vezet\u0151k - \u0160koda We Love Cycling - Magyarorsz\u00e1g\",\"isPartOf\":{\"@id\":\"https:\/\/www.welovecycling.com\/hu\/#website\"},\"primaryImageOfPage\":{\"@id\":\"https:\/\/www.welovecycling.com\/hu\/blog\/egy-uj-kutatas-szerint-a-kerekparosok-jobb-autovezetok\/#primaryimage\"},\"image\":{\"@id\":\"https:\/\/www.welovecycling.com\/hu\/blog\/egy-uj-kutatas-szerint-a-kerekparosok-jobb-autovezetok\/#primaryimage\"},\"thumbnailUrl\":\"https:\/\/d2p6e6u75xmxt8.cloudfront.net\/12\/2019\/02\/carcover-1024x450.jpg\",\"datePublished\":\"2019-03-09T19:00:35+00:00\",\"author\":{\"@id\":\"https:\/\/www.welovecycling.com\/hu\/#\/schema\/person\/414a2aebf1801691a5320edb6468e194\"},\"breadcrumb\":{\"@id\":\"https:\/\/www.welovecycling.com\/hu\/blog\/egy-uj-kutatas-szerint-a-kerekparosok-jobb-autovezetok\/#breadcrumb\"},\"inLanguage\":\"hu\",\"potentialAction\":[{\"@type\":\"ReadAction\",\"target\":[\"https:\/\/www.welovecycling.com\/hu\/blog\/egy-uj-kutatas-szerint-a-kerekparosok-jobb-autovezetok\/\"]}]},{\"@type\":\"ImageObject\",\"inLanguage\":\"hu\",\"@id\":\"https:\/\/www.welovecycling.com\/hu\/blog\/egy-uj-kutatas-szerint-a-kerekparosok-jobb-autovezetok\/#primaryimage\",\"url\":\"https:\/\/d2p6e6u75xmxt8.cloudfront.net\/12\/2019\/02\/carcover-1024x450.jpg\",\"contentUrl\":\"https:\/\/d2p6e6u75xmxt8.cloudfront.net\/12\/2019\/02\/carcover-1024x450.jpg\",\"width\":1024,\"height\":450},{\"@type\":\"BreadcrumbList\",\"@id\":\"https:\/\/www.welovecycling.com\/hu\/blog\/egy-uj-kutatas-szerint-a-kerekparosok-jobb-autovezetok\/#breadcrumb\",\"itemListElement\":[{\"@type\":\"ListItem\",\"position\":1,\"name\":\"Home\",\"item\":\"https:\/\/www.welovecycling.com\/hu\/\"},{\"@type\":\"ListItem\",\"position\":2,\"name\":\"Egy \u00faj kutat\u00e1s szerint a ker\u00e9kp\u00e1rosok jobb aut\u00f3vezet\u0151k\"}]},{\"@type\":\"WebSite\",\"@id\":\"https:\/\/www.welovecycling.com\/hu\/#website\",\"url\":\"https:\/\/www.welovecycling.com\/hu\/\",\"name\":\"\u0160koda We Love Cycling - Magyarorsz\u00e1g\",\"description\":\"\u0160koda WeLoveCycling\",\"potentialAction\":[{\"@type\":\"SearchAction\",\"target\":{\"@type\":\"EntryPoint\",\"urlTemplate\":\"https:\/\/www.welovecycling.com\/hu\/?s={search_term_string}\"},\"query-input\":{\"@type\":\"PropertyValueSpecification\",\"valueRequired\":true,\"valueName\":\"search_term_string\"}}],\"inLanguage\":\"hu\"},{\"@type\":\"Person\",\"@id\":\"https:\/\/www.welovecycling.com\/hu\/#\/schema\/person\/414a2aebf1801691a5320edb6468e194\",\"name\":\"hegyizs\",\"image\":{\"@type\":\"ImageObject\",\"inLanguage\":\"hu\",\"@id\":\"https:\/\/www.welovecycling.com\/hu\/#\/schema\/person\/image\/\",\"url\":\"https:\/\/secure.gravatar.com\/avatar\/02cf8a7906b8cf90cecb4679defac7cfd33a1c2e3b88e4903d947f3bb58eedd3?s=96&d=mm&r=g\",\"contentUrl\":\"https:\/\/secure.gravatar.com\/avatar\/02cf8a7906b8cf90cecb4679defac7cfd33a1c2e3b88e4903d947f3bb58eedd3?s=96&d=mm&r=g\",\"caption\":\"hegyizs\"},\"url\":\"https:\/\/www.welovecycling.com\/hu\/author\/hegyizs\/\"}]}<\/script>\n<!-- \/ Yoast SEO Premium plugin. -->","yoast_head_json":{"title":"Egy \u00faj kutat\u00e1s szerint a ker\u00e9kp\u00e1rosok jobb aut\u00f3vezet\u0151k - \u0160koda We Love Cycling - Magyarorsz\u00e1g","robots":{"index":"index","follow":"follow","max-snippet":"max-snippet:-1","max-image-preview":"max-image-preview:large","max-video-preview":"max-video-preview:-1"},"canonical":"https:\/\/www.welovecycling.com\/hu\/blog\/egy-uj-kutatas-szerint-a-kerekparosok-jobb-autovezetok\/","og_locale":"hu_HU","og_type":"article","og_title":"Egy \u00faj kutat\u00e1s szerint a ker\u00e9kp\u00e1rosok jobb aut\u00f3vezet\u0151k","og_description":"A vizu\u00e1lis inform\u00e1ci\u00f3k gyors feldolgoz\u00e1sa elengedhetetlen a biztons\u00e1gos vezet\u00e9shez, de m\u00e9g ink\u00e1bb a ker\u00e9kp\u00e1roz\u00e1shoz. Mind tudjuk j\u00f3l, hogyha ker\u00e9kp\u00e1roz\u00e1s k\u00f6zben [&hellip;]","og_url":"https:\/\/www.welovecycling.com\/hu\/blog\/egy-uj-kutatas-szerint-a-kerekparosok-jobb-autovezetok\/","og_site_name":"\u0160koda We Love Cycling - Magyarorsz\u00e1g","article_publisher":"https:\/\/www.facebook.com\/WeLoveCyclingHungary\/","article_published_time":"2019-03-09T19:00:35+00:00","og_image":[{"width":1024,"height":450,"url":"https:\/\/d2p6e6u75xmxt8.cloudfront.net\/12\/2019\/02\/carcover-1024x450.jpg","type":"image\/jpeg"}],"author":"hegyizs","twitter_card":"summary_large_image","twitter_misc":{"Written by":"hegyizs","Est. reading time":"2 minutes"},"schema":{"@context":"https:\/\/schema.org","@graph":[{"@type":"WebPage","@id":"https:\/\/www.welovecycling.com\/hu\/blog\/egy-uj-kutatas-szerint-a-kerekparosok-jobb-autovezetok\/","url":"https:\/\/www.welovecycling.com\/hu\/blog\/egy-uj-kutatas-szerint-a-kerekparosok-jobb-autovezetok\/","name":"Egy \u00faj kutat\u00e1s szerint a ker\u00e9kp\u00e1rosok jobb aut\u00f3vezet\u0151k - \u0160koda We Love Cycling - Magyarorsz\u00e1g","isPartOf":{"@id":"https:\/\/www.welovecycling.com\/hu\/#website"},"primaryImageOfPage":{"@id":"https:\/\/www.welovecycling.com\/hu\/blog\/egy-uj-kutatas-szerint-a-kerekparosok-jobb-autovezetok\/#primaryimage"},"image":{"@id":"https:\/\/www.welovecycling.com\/hu\/blog\/egy-uj-kutatas-szerint-a-kerekparosok-jobb-autovezetok\/#primaryimage"},"thumbnailUrl":"https:\/\/d2p6e6u75xmxt8.cloudfront.net\/12\/2019\/02\/carcover-1024x450.jpg","datePublished":"2019-03-09T19:00:35+00:00","author":{"@id":"https:\/\/www.welovecycling.com\/hu\/#\/schema\/person\/414a2aebf1801691a5320edb6468e194"},"breadcrumb":{"@id":"https:\/\/www.welovecycling.com\/hu\/blog\/egy-uj-kutatas-szerint-a-kerekparosok-jobb-autovezetok\/#breadcrumb"},"inLanguage":"hu","potentialAction":[{"@type":"ReadAction","target":["https:\/\/www.welovecycling.com\/hu\/blog\/egy-uj-kutatas-szerint-a-kerekparosok-jobb-autovezetok\/"]}]},{"@type":"ImageObject","inLanguage":"hu","@id":"https:\/\/www.welovecycling.com\/hu\/blog\/egy-uj-kutatas-szerint-a-kerekparosok-jobb-autovezetok\/#primaryimage","url":"https:\/\/d2p6e6u75xmxt8.cloudfront.net\/12\/2019\/02\/carcover-1024x450.jpg","contentUrl":"https:\/\/d2p6e6u75xmxt8.cloudfront.net\/12\/2019\/02\/carcover-1024x450.jpg","width":1024,"height":450},{"@type":"BreadcrumbList","@id":"https:\/\/www.welovecycling.com\/hu\/blog\/egy-uj-kutatas-szerint-a-kerekparosok-jobb-autovezetok\/#breadcrumb","itemListElement":[{"@type":"ListItem","position":1,"name":"Home","item":"https:\/\/www.welovecycling.com\/hu\/"},{"@type":"ListItem","position":2,"name":"Egy \u00faj kutat\u00e1s szerint a ker\u00e9kp\u00e1rosok jobb aut\u00f3vezet\u0151k"}]},{"@type":"WebSite","@id":"https:\/\/www.welovecycling.com\/hu\/#website","url":"https:\/\/www.welovecycling.com\/hu\/","name":"\u0160koda We Love Cycling - Magyarorsz\u00e1g","description":"\u0160koda WeLoveCycling","potentialAction":[{"@type":"SearchAction","target":{"@type":"EntryPoint","urlTemplate":"https:\/\/www.welovecycling.com\/hu\/?s={search_term_string}"},"query-input":{"@type":"PropertyValueSpecification","valueRequired":true,"valueName":"search_term_string"}}],"inLanguage":"hu"},{"@type":"Person","@id":"https:\/\/www.welovecycling.com\/hu\/#\/schema\/person\/414a2aebf1801691a5320edb6468e194","name":"hegyizs","image":{"@type":"ImageObject","inLanguage":"hu","@id":"https:\/\/www.welovecycling.com\/hu\/#\/schema\/person\/image\/","url":"https:\/\/secure.gravatar.com\/avatar\/02cf8a7906b8cf90cecb4679defac7cfd33a1c2e3b88e4903d947f3bb58eedd3?s=96&d=mm&r=g","contentUrl":"https:\/\/secure.gravatar.com\/avatar\/02cf8a7906b8cf90cecb4679defac7cfd33a1c2e3b88e4903d947f3bb58eedd3?s=96&d=mm&r=g","caption":"hegyizs"},"url":"https:\/\/www.welovecycling.com\/hu\/author\/hegyizs\/"}]}},"_links":{"self":[{"href":"https:\/\/www.welovecycling.com\/hu\/wp-json\/wp\/v2\/posts\/2850","targetHints":{"allow":["GET"]}}],"collection":[{"href":"https:\/\/www.welovecycling.com\/hu\/wp-json\/wp\/v2\/posts"}],"about":[{"href":"https:\/\/www.welovecycling.com\/hu\/wp-json\/wp\/v2\/types\/post"}],"author":[{"embeddable":true,"href":"https:\/\/www.welovecycling.com\/hu\/wp-json\/wp\/v2\/users\/71"}],"replies":[{"embeddable":true,"href":"https:\/\/www.welovecycling.com\/hu\/wp-json\/wp\/v2\/comments?post=2850"}],"version-history":[{"count":1,"href":"https:\/\/www.welovecycling.com\/hu\/wp-json\/wp\/v2\/posts\/2850\/revisions"}],"predecessor-version":[{"id":2852,"href":"https:\/\/www.welovecycling.com\/hu\/wp-json\/wp\/v2\/posts\/2850\/revisions\/2852"}],"wp:featuredmedia":[{"embeddable":true,"href":"https:\/\/www.welovecycling.com\/hu\/wp-json\/wp\/v2\/media\/2851"}],"wp:attachment":[{"href":"https:\/\/www.welovecycling.com\/hu\/wp-json\/wp\/v2\/media?parent=2850"}],"wp:term":[{"taxonomy":"category","embeddable":true,"href":"https:\/\/www.welovecycling.com\/hu\/wp-json\/wp\/v2\/categories?post=2850"},{"taxonomy":"post_tag","embeddable":true,"href":"https:\/\/www.welovecycling.com\/hu\/wp-json\/wp\/v2\/tags?post=2850"},{"taxonomy":"global-categories","embeddable":true,"href":"https:\/\/www.welovecycling.com\/hu\/wp-json\/wp\/v2\/global-categories?post=2850"}],"curies":[{"name":"wp","href":"https:\/\/api.w.org\/{rel}","templated":true}]}}