{"id":2837,"date":"2019-03-05T09:00:06","date_gmt":"2019-03-05T08:00:06","guid":{"rendered":"https:\/\/www.welovecycling.com\/hu\/?p=2837"},"modified":"2019-02-28T17:07:11","modified_gmt":"2019-02-28T16:07:11","slug":"41-vilagrekord-a-sebesseg-vilagabol","status":"publish","type":"post","link":"https:\/\/www.welovecycling.com\/hu\/miert-tekerunk\/41-vilagrekord-a-sebesseg-vilagabol\/","title":{"rendered":"4+1 vil\u00e1grekord a sebess\u00e9g vil\u00e1g\u00e1b\u00f3l"},"content":{"rendered":"<p>&nbsp;<\/p>\n<p><strong>A legek hajh\u00e1sz\u00e1sa, a hat\u00e1rok feszeget\u00e9se \u0151sid\u0151kt\u0151l fogva az emberi term\u00e9szet r\u00e9sz\u00e9t k\u00e9pezik, \u00e9s ez a modern vil\u00e1gban, k\u00e9tker\u00e9ken \u00fclve sincs m\u00e1sk\u00e9pp. Legyenek fiatalok vagy \u00f6regek, n\u00e9melyekben oly er\u0151teljesen munk\u00e1l a versenyszellem saj\u00e1t magukkal \u2013 \u00e9s sokszor megk\u00f6zel\u00edt\u0151leg a fizika t\u00f6rv\u00e9nyeivel \u2013 szemben, hogy el\u00e9rnek valami elk\u00e9peszt\u0151t, amir\u0151l \u00e9rdemes k\u00e9s\u0151bb is besz\u00e9lni, nem csak a rekord fel\u00e1ll\u00edt\u00e1sakor.<\/strong><\/p>\n<h2>Legnagyobb sebess\u00e9g s\u00edk terepen<\/h2>\n<p>Ennek a rekordnak a befut\u00e1sa egy h\u00f6lgy nev\u00e9hez k\u00f6t\u0151dik. Az amerikai Denise Mueller-Korenek a kev\u00e9s szupersportaut\u00f3 \u00e1ltal is nehezen el\u00e9rhet\u0151 295 km\/h-s sebess\u00e9get siker\u00fclt el\u00e9rnie a bonneville-i s\u00f3s s\u00edks\u00e1gon. A 45 \u00e9ves n\u0151 term\u00e9szetesen nem mag\u00e1t\u00f3l tekert ilyen gyorsan, 160 km\/h-ig egy dragster h\u00fazta \u0151t maga ut\u00e1n, hiszen a (dupla 62\/12-es) hajt\u00e1s \u00e1tt\u00e9teit meg sem tudta volna mozd\u00edtani \u00e1ll\u00f3 helyzetb\u0151l. Ezek ut\u00e1n a speci\u00e1lis gyorsul\u00e1si aut\u00f3 sz\u00e9l\u00e1rny\u00e9k\u00e1ban tekert fel a vil\u00e1gcs\u00facsot jelent\u0151 v\u00e9gsebess\u00e9gig.<\/p>\n<lite-youtube videoid=A6y_G_DJAzM params=\"enablejsapi=1\" style=\"background-image: url('https:\/\/i.ytimg.com\/vi_webp\/A6y_G_DJAzM\/maxresdefault.webp');\"><\/lite-youtube>\n<h2><\/h2>\n<h2>Egy\u00f3r\u00e1s n\u0151i vil\u00e1gcs\u00facs<\/h2>\n<p>Ebben a kateg\u00f3ri\u00e1ban az olasz Vittoria Bussira lehet\u00fcnk b\u00fcszk\u00e9k. A 31 \u00e9ves versenyz\u0151 a mexik\u00f3i Aguascalientes velodromj\u00e1ban 48.007 kilom\u00e9tert ped\u00e1lozott egyhuzamban hatvan perc alatt, \u00edgy 27 m\u00e9terrel teljes\u00edtette t\u00fal az amerikai Evelyn Stevens 2016-ban be\u00e1ll\u00edtott rekordj\u00e1t.<\/p>\n<h2>Gyorsul\u00e1s gy\u00e1ri MTB-vel<\/h2>\n<p>Marcus St\u00f6ckl nem csak a vil\u00e1gkup\u00e1ban is indul\u00f3 MS-Racing MTB-csapat menedzsere, de id\u0151r\u0151l-id\u0151re azzal is sz\u00f3rakoztatja mag\u00e1t \u00e9s a nagy\u00e9rdem\u0171t, hogy sorozatgy\u00e1rt\u00e1sban kaphat\u00f3, b\u00e1rmif\u00e9le \u00e1talak\u00edt\u00e1s n\u00e9lk\u00fcli downhill bring\u00e1n gyorsul k\u00f6zel 100%-os lejt\u0151n. Ez\u00fattal az Atacama sivatagban pr\u00f3b\u00e1lkozott, \u00e9s a 9. nekifut\u00e1sra 11 m\u00e1sodperc alatt 650 m\u00e9tert rongyolt hegynek lefel\u00e9, a v\u00e9g\u00e9n 167 km\/h-ra gyorsulva.<\/p>\n<p><iframe loading=\"lazy\" src=\"https:\/\/sharevideo.redbull.com\/rbup\/embed.html?r=3&amp;vid=rrn:content:videos:98ce36e3-af26-4295-bf09-317b1608105a:en-INT&amp;origin=https:\/\/www.redbull.com\" width=\"640px\" height=\"360px\" frameborder=\"0\" marginwidth=\"0\" marginheight=\"0\" scrolling=\"no\" allowfullscreen=\"allowfullscreen\"><\/iframe><\/p>\n<h2>Lejtmenet egy m\u00e1sik szinten<\/h2>\n<p>Fontos k\u00fcl\u00f6nbs\u00e9g az el\u0151z\u0151h\u00f6z k\u00e9pest, hogy itt kifejezetten a sebess\u00e9grekord megd\u00f6nt\u00e9se c\u00e9lj\u00e1b\u00f3l a Mavic karbon aero kerekeket, a Suntour sp\u00e9ci teleszk\u00f3pot, a Hutchinson pedig a nagy sebess\u00e9gre alkalmas gumikat gy\u00e1rtott a mindenre elsz\u00e1nt Eric Barone-nak. H\u0151s\u00fcnk a Hautes-Alpes r\u00e9gi\u00f3ban Vars telep\u00fcl\u00e9s mellett egy t\u00f6k\u00e9letesen sim\u00e1ra gyalult s\u00edp\u00e1ly\u00e1n hajtotta v\u00e9gre az \u0151r\u00fclt mutatv\u00e1nyt, melynek c\u00e9lvonal\u00e1ban 223,3 km\/h-s sebess\u00e9get m\u00e9rtek.<\/p>\n<lite-youtube videoid=8dkVRnCR25I params=\"enablejsapi=1\" style=\"background-image: url('https:\/\/i.ytimg.com\/vi_webp\/8dkVRnCR25I\/maxresdefault.webp');\"><\/lite-youtube>\n<h2><\/h2>\n<h2>Koreln\u00f6k<\/h2>\n<p>V\u00e9g\u00fcl, de nem utols\u00f3 sorban szeretn\u00e9nk m\u00e9g eml\u00edt\u00e9st tenni az \u00f6ssze\u00e1ll\u00edt\u00e1s legid\u0151sebb tagj\u00e1r\u00f3l. Minden tisztelet\u00fcnk az \u00f6v\u00e9, hiszen a 105 \u00e9ves Robert Marchand-n\u00e1l 20\u201330 \u00e9vvel fiatalabbak gyakran m\u00e9g fel sem tudnak \u00fclni egy biciklire, nemhogy tekern\u00e9nek rajta 14 m\u00e9rf\u00f6ldet. Az id\u0151s, de ann\u00e1l fittebb francia \u00far a P\u00e1rizs k\u00f6zel\u00e9ben fekv\u0151 aint-Quentin-en-Yvelines velodromban tekert 92 k\u00f6rt. Saj\u00e1t bevall\u00e1sa szerint m\u00e9g gyorsabban is ment volna, csak nem vette \u00e9szre a figyelmeztet\u00e9st, hogy m\u00e1r csak t\u00edz perce van h\u00e1tra. Teljes\u00edtm\u00e9ny\u00e9t elismerend\u0151 l\u00e9trehoztak sz\u00e1m\u00e1ra egy 105 \u00e9v f\u00f6l\u00f6tti kateg\u00f3ri\u00e1t, ahol az\u00f3ta is v\u00e1rja kih\u00edv\u00f3it.<\/p>\n<figure id=\"attachment_2839\" aria-describedby=\"caption-attachment-2839\" style=\"width: 1920px\" class=\"wp-caption aligncenter\"><a href=\"https:\/\/d2p6e6u75xmxt8.cloudfront.net\/12\/2019\/02\/105evesba.jpg\"><img loading=\"lazy\" decoding=\"async\" class=\"size-full wp-image-2839\" src=\"https:\/\/d2p6e6u75xmxt8.cloudfront.net\/12\/2019\/02\/105evesba.jpg\" alt=\"\" width=\"1920\" height=\"1152\" srcset=\"https:\/\/d2p6e6u75xmxt8.cloudfront.net\/12\/2019\/02\/105evesba.jpg 1920w, https:\/\/d2p6e6u75xmxt8.cloudfront.net\/12\/2019\/02\/105evesba-300x180.jpg 300w, https:\/\/d2p6e6u75xmxt8.cloudfront.net\/12\/2019\/02\/105evesba-768x461.jpg 768w, https:\/\/d2p6e6u75xmxt8.cloudfront.net\/12\/2019\/02\/105evesba-1024x614.jpg 1024w, https:\/\/d2p6e6u75xmxt8.cloudfront.net\/12\/2019\/02\/105evesba-1920x1152.jpg 1920w\" sizes=\"auto, (max-width: 1920px) 100vw, 1920px\" \/><\/a><figcaption id=\"caption-attachment-2839\" class=\"wp-caption-text\"><span style=\"font-size: 10pt;\"><em>A 105 \u00e9ves Robert Marchand a P\u00e1rizs k\u00f6zel\u00e9ben fekv\u0151 aint-Quentin-en-Yvelines velodromban tekert 92 k\u00f6rt<\/em><\/span><\/figcaption><\/figure>\n","protected":false},"excerpt":{"rendered":"<p>&nbsp; A legek hajh\u00e1sz\u00e1sa, a hat\u00e1rok feszeget\u00e9se \u0151sid\u0151kt\u0151l fogva az emberi term\u00e9szet r\u00e9sz\u00e9t k\u00e9pezik, \u00e9s ez a modern vil\u00e1gban, k\u00e9tker\u00e9ken [&hellip;]<\/p>\n","protected":false},"author":71,"featured_media":2842,"comment_status":"open","ping_status":"open","sticky":false,"template":"","format":"standard","meta":{"footnotes":""},"categories":[99],"tags":[338,337],"global-categories":[],"class_list":["post-2837","post","type-post","status-publish","format-standard","has-post-thumbnail","hentry","category-miert-tekerunk","tag-sebesseg","tag-vilagrekord"],"yoast_head":"<!-- This site is optimized with the Yoast SEO Premium plugin v25.3 (Yoast SEO v25.9) - https:\/\/yoast.com\/wordpress\/plugins\/seo\/ -->\n<title>4+1 vil\u00e1grekord a sebess\u00e9g vil\u00e1g\u00e1b\u00f3l - \u0160koda We Love Cycling - Magyarorsz\u00e1g<\/title>\n<meta name=\"robots\" content=\"index, follow, max-snippet:-1, max-image-preview:large, max-video-preview:-1\" \/>\n<link rel=\"canonical\" href=\"https:\/\/www.welovecycling.com\/hu\/miert-tekerunk\/41-vilagrekord-a-sebesseg-vilagabol\/\" \/>\n<meta property=\"og:locale\" content=\"hu_HU\" \/>\n<meta property=\"og:type\" content=\"article\" \/>\n<meta property=\"og:title\" content=\"4+1 vil\u00e1grekord a sebess\u00e9g vil\u00e1g\u00e1b\u00f3l\" \/>\n<meta property=\"og:description\" content=\"&nbsp; A legek hajh\u00e1sz\u00e1sa, a hat\u00e1rok feszeget\u00e9se \u0151sid\u0151kt\u0151l fogva az emberi term\u00e9szet r\u00e9sz\u00e9t k\u00e9pezik, \u00e9s ez a modern vil\u00e1gban, k\u00e9tker\u00e9ken [&hellip;]\" \/>\n<meta property=\"og:url\" content=\"https:\/\/www.welovecycling.com\/hu\/miert-tekerunk\/41-vilagrekord-a-sebesseg-vilagabol\/\" \/>\n<meta property=\"og:site_name\" content=\"\u0160koda We Love Cycling - Magyarorsz\u00e1g\" \/>\n<meta property=\"article:publisher\" content=\"https:\/\/www.facebook.com\/WeLoveCyclingHungary\/\" \/>\n<meta property=\"article:published_time\" content=\"2019-03-05T08:00:06+00:00\" \/>\n<meta property=\"og:image\" content=\"https:\/\/d2p6e6u75xmxt8.cloudfront.net\/12\/2019\/03\/shutterstock_212654599.jpg\" \/>\n\t<meta property=\"og:image:width\" content=\"1000\" \/>\n\t<meta property=\"og:image:height\" content=\"563\" \/>\n\t<meta property=\"og:image:type\" content=\"image\/jpeg\" \/>\n<meta name=\"author\" content=\"hegyizs\" \/>\n<meta name=\"twitter:card\" content=\"summary_large_image\" \/>\n<meta name=\"twitter:label1\" content=\"Written by\" \/>\n\t<meta name=\"twitter:data1\" content=\"hegyizs\" \/>\n\t<meta name=\"twitter:label2\" content=\"Est. reading time\" \/>\n\t<meta name=\"twitter:data2\" content=\"3 minutes\" \/>\n<script type=\"application\/ld+json\" class=\"yoast-schema-graph\">{\"@context\":\"https:\/\/schema.org\",\"@graph\":[{\"@type\":\"WebPage\",\"@id\":\"https:\/\/www.welovecycling.com\/hu\/miert-tekerunk\/41-vilagrekord-a-sebesseg-vilagabol\/\",\"url\":\"https:\/\/www.welovecycling.com\/hu\/miert-tekerunk\/41-vilagrekord-a-sebesseg-vilagabol\/\",\"name\":\"4+1 vil\u00e1grekord a sebess\u00e9g vil\u00e1g\u00e1b\u00f3l - \u0160koda We Love Cycling - Magyarorsz\u00e1g\",\"isPartOf\":{\"@id\":\"https:\/\/www.welovecycling.com\/hu\/#website\"},\"primaryImageOfPage\":{\"@id\":\"https:\/\/www.welovecycling.com\/hu\/miert-tekerunk\/41-vilagrekord-a-sebesseg-vilagabol\/#primaryimage\"},\"image\":{\"@id\":\"https:\/\/www.welovecycling.com\/hu\/miert-tekerunk\/41-vilagrekord-a-sebesseg-vilagabol\/#primaryimage\"},\"thumbnailUrl\":\"https:\/\/d2p6e6u75xmxt8.cloudfront.net\/12\/2019\/03\/shutterstock_212654599.jpg\",\"datePublished\":\"2019-03-05T08:00:06+00:00\",\"author\":{\"@id\":\"https:\/\/www.welovecycling.com\/hu\/#\/schema\/person\/414a2aebf1801691a5320edb6468e194\"},\"breadcrumb\":{\"@id\":\"https:\/\/www.welovecycling.com\/hu\/miert-tekerunk\/41-vilagrekord-a-sebesseg-vilagabol\/#breadcrumb\"},\"inLanguage\":\"hu\",\"potentialAction\":[{\"@type\":\"ReadAction\",\"target\":[\"https:\/\/www.welovecycling.com\/hu\/miert-tekerunk\/41-vilagrekord-a-sebesseg-vilagabol\/\"]}]},{\"@type\":\"ImageObject\",\"inLanguage\":\"hu\",\"@id\":\"https:\/\/www.welovecycling.com\/hu\/miert-tekerunk\/41-vilagrekord-a-sebesseg-vilagabol\/#primaryimage\",\"url\":\"https:\/\/d2p6e6u75xmxt8.cloudfront.net\/12\/2019\/03\/shutterstock_212654599.jpg\",\"contentUrl\":\"https:\/\/d2p6e6u75xmxt8.cloudfront.net\/12\/2019\/03\/shutterstock_212654599.jpg\",\"width\":1000,\"height\":563},{\"@type\":\"BreadcrumbList\",\"@id\":\"https:\/\/www.welovecycling.com\/hu\/miert-tekerunk\/41-vilagrekord-a-sebesseg-vilagabol\/#breadcrumb\",\"itemListElement\":[{\"@type\":\"ListItem\",\"position\":1,\"name\":\"Home\",\"item\":\"https:\/\/www.welovecycling.com\/hu\/\"},{\"@type\":\"ListItem\",\"position\":2,\"name\":\"4+1 vil\u00e1grekord a sebess\u00e9g vil\u00e1g\u00e1b\u00f3l\"}]},{\"@type\":\"WebSite\",\"@id\":\"https:\/\/www.welovecycling.com\/hu\/#website\",\"url\":\"https:\/\/www.welovecycling.com\/hu\/\",\"name\":\"\u0160koda We Love Cycling - Magyarorsz\u00e1g\",\"description\":\"\u0160koda WeLoveCycling\",\"potentialAction\":[{\"@type\":\"SearchAction\",\"target\":{\"@type\":\"EntryPoint\",\"urlTemplate\":\"https:\/\/www.welovecycling.com\/hu\/?s={search_term_string}\"},\"query-input\":{\"@type\":\"PropertyValueSpecification\",\"valueRequired\":true,\"valueName\":\"search_term_string\"}}],\"inLanguage\":\"hu\"},{\"@type\":\"Person\",\"@id\":\"https:\/\/www.welovecycling.com\/hu\/#\/schema\/person\/414a2aebf1801691a5320edb6468e194\",\"name\":\"hegyizs\",\"image\":{\"@type\":\"ImageObject\",\"inLanguage\":\"hu\",\"@id\":\"https:\/\/www.welovecycling.com\/hu\/#\/schema\/person\/image\/\",\"url\":\"https:\/\/secure.gravatar.com\/avatar\/02cf8a7906b8cf90cecb4679defac7cfd33a1c2e3b88e4903d947f3bb58eedd3?s=96&d=mm&r=g\",\"contentUrl\":\"https:\/\/secure.gravatar.com\/avatar\/02cf8a7906b8cf90cecb4679defac7cfd33a1c2e3b88e4903d947f3bb58eedd3?s=96&d=mm&r=g\",\"caption\":\"hegyizs\"},\"url\":\"https:\/\/www.welovecycling.com\/hu\/author\/hegyizs\/\"}]}<\/script>\n<!-- \/ Yoast SEO Premium plugin. -->","yoast_head_json":{"title":"4+1 vil\u00e1grekord a sebess\u00e9g vil\u00e1g\u00e1b\u00f3l - \u0160koda We Love Cycling - Magyarorsz\u00e1g","robots":{"index":"index","follow":"follow","max-snippet":"max-snippet:-1","max-image-preview":"max-image-preview:large","max-video-preview":"max-video-preview:-1"},"canonical":"https:\/\/www.welovecycling.com\/hu\/miert-tekerunk\/41-vilagrekord-a-sebesseg-vilagabol\/","og_locale":"hu_HU","og_type":"article","og_title":"4+1 vil\u00e1grekord a sebess\u00e9g vil\u00e1g\u00e1b\u00f3l","og_description":"&nbsp; A legek hajh\u00e1sz\u00e1sa, a hat\u00e1rok feszeget\u00e9se \u0151sid\u0151kt\u0151l fogva az emberi term\u00e9szet r\u00e9sz\u00e9t k\u00e9pezik, \u00e9s ez a modern vil\u00e1gban, k\u00e9tker\u00e9ken [&hellip;]","og_url":"https:\/\/www.welovecycling.com\/hu\/miert-tekerunk\/41-vilagrekord-a-sebesseg-vilagabol\/","og_site_name":"\u0160koda We Love Cycling - Magyarorsz\u00e1g","article_publisher":"https:\/\/www.facebook.com\/WeLoveCyclingHungary\/","article_published_time":"2019-03-05T08:00:06+00:00","og_image":[{"width":1000,"height":563,"url":"https:\/\/d2p6e6u75xmxt8.cloudfront.net\/12\/2019\/03\/shutterstock_212654599.jpg","type":"image\/jpeg"}],"author":"hegyizs","twitter_card":"summary_large_image","twitter_misc":{"Written by":"hegyizs","Est. reading time":"3 minutes"},"schema":{"@context":"https:\/\/schema.org","@graph":[{"@type":"WebPage","@id":"https:\/\/www.welovecycling.com\/hu\/miert-tekerunk\/41-vilagrekord-a-sebesseg-vilagabol\/","url":"https:\/\/www.welovecycling.com\/hu\/miert-tekerunk\/41-vilagrekord-a-sebesseg-vilagabol\/","name":"4+1 vil\u00e1grekord a sebess\u00e9g vil\u00e1g\u00e1b\u00f3l - \u0160koda We Love Cycling - Magyarorsz\u00e1g","isPartOf":{"@id":"https:\/\/www.welovecycling.com\/hu\/#website"},"primaryImageOfPage":{"@id":"https:\/\/www.welovecycling.com\/hu\/miert-tekerunk\/41-vilagrekord-a-sebesseg-vilagabol\/#primaryimage"},"image":{"@id":"https:\/\/www.welovecycling.com\/hu\/miert-tekerunk\/41-vilagrekord-a-sebesseg-vilagabol\/#primaryimage"},"thumbnailUrl":"https:\/\/d2p6e6u75xmxt8.cloudfront.net\/12\/2019\/03\/shutterstock_212654599.jpg","datePublished":"2019-03-05T08:00:06+00:00","author":{"@id":"https:\/\/www.welovecycling.com\/hu\/#\/schema\/person\/414a2aebf1801691a5320edb6468e194"},"breadcrumb":{"@id":"https:\/\/www.welovecycling.com\/hu\/miert-tekerunk\/41-vilagrekord-a-sebesseg-vilagabol\/#breadcrumb"},"inLanguage":"hu","potentialAction":[{"@type":"ReadAction","target":["https:\/\/www.welovecycling.com\/hu\/miert-tekerunk\/41-vilagrekord-a-sebesseg-vilagabol\/"]}]},{"@type":"ImageObject","inLanguage":"hu","@id":"https:\/\/www.welovecycling.com\/hu\/miert-tekerunk\/41-vilagrekord-a-sebesseg-vilagabol\/#primaryimage","url":"https:\/\/d2p6e6u75xmxt8.cloudfront.net\/12\/2019\/03\/shutterstock_212654599.jpg","contentUrl":"https:\/\/d2p6e6u75xmxt8.cloudfront.net\/12\/2019\/03\/shutterstock_212654599.jpg","width":1000,"height":563},{"@type":"BreadcrumbList","@id":"https:\/\/www.welovecycling.com\/hu\/miert-tekerunk\/41-vilagrekord-a-sebesseg-vilagabol\/#breadcrumb","itemListElement":[{"@type":"ListItem","position":1,"name":"Home","item":"https:\/\/www.welovecycling.com\/hu\/"},{"@type":"ListItem","position":2,"name":"4+1 vil\u00e1grekord a sebess\u00e9g vil\u00e1g\u00e1b\u00f3l"}]},{"@type":"WebSite","@id":"https:\/\/www.welovecycling.com\/hu\/#website","url":"https:\/\/www.welovecycling.com\/hu\/","name":"\u0160koda We Love Cycling - Magyarorsz\u00e1g","description":"\u0160koda WeLoveCycling","potentialAction":[{"@type":"SearchAction","target":{"@type":"EntryPoint","urlTemplate":"https:\/\/www.welovecycling.com\/hu\/?s={search_term_string}"},"query-input":{"@type":"PropertyValueSpecification","valueRequired":true,"valueName":"search_term_string"}}],"inLanguage":"hu"},{"@type":"Person","@id":"https:\/\/www.welovecycling.com\/hu\/#\/schema\/person\/414a2aebf1801691a5320edb6468e194","name":"hegyizs","image":{"@type":"ImageObject","inLanguage":"hu","@id":"https:\/\/www.welovecycling.com\/hu\/#\/schema\/person\/image\/","url":"https:\/\/secure.gravatar.com\/avatar\/02cf8a7906b8cf90cecb4679defac7cfd33a1c2e3b88e4903d947f3bb58eedd3?s=96&d=mm&r=g","contentUrl":"https:\/\/secure.gravatar.com\/avatar\/02cf8a7906b8cf90cecb4679defac7cfd33a1c2e3b88e4903d947f3bb58eedd3?s=96&d=mm&r=g","caption":"hegyizs"},"url":"https:\/\/www.welovecycling.com\/hu\/author\/hegyizs\/"}]}},"_links":{"self":[{"href":"https:\/\/www.welovecycling.com\/hu\/wp-json\/wp\/v2\/posts\/2837","targetHints":{"allow":["GET"]}}],"collection":[{"href":"https:\/\/www.welovecycling.com\/hu\/wp-json\/wp\/v2\/posts"}],"about":[{"href":"https:\/\/www.welovecycling.com\/hu\/wp-json\/wp\/v2\/types\/post"}],"author":[{"embeddable":true,"href":"https:\/\/www.welovecycling.com\/hu\/wp-json\/wp\/v2\/users\/71"}],"replies":[{"embeddable":true,"href":"https:\/\/www.welovecycling.com\/hu\/wp-json\/wp\/v2\/comments?post=2837"}],"version-history":[{"count":2,"href":"https:\/\/www.welovecycling.com\/hu\/wp-json\/wp\/v2\/posts\/2837\/revisions"}],"predecessor-version":[{"id":2844,"href":"https:\/\/www.welovecycling.com\/hu\/wp-json\/wp\/v2\/posts\/2837\/revisions\/2844"}],"wp:featuredmedia":[{"embeddable":true,"href":"https:\/\/www.welovecycling.com\/hu\/wp-json\/wp\/v2\/media\/2842"}],"wp:attachment":[{"href":"https:\/\/www.welovecycling.com\/hu\/wp-json\/wp\/v2\/media?parent=2837"}],"wp:term":[{"taxonomy":"category","embeddable":true,"href":"https:\/\/www.welovecycling.com\/hu\/wp-json\/wp\/v2\/categories?post=2837"},{"taxonomy":"post_tag","embeddable":true,"href":"https:\/\/www.welovecycling.com\/hu\/wp-json\/wp\/v2\/tags?post=2837"},{"taxonomy":"global-categories","embeddable":true,"href":"https:\/\/www.welovecycling.com\/hu\/wp-json\/wp\/v2\/global-categories?post=2837"}],"curies":[{"name":"wp","href":"https:\/\/api.w.org\/{rel}","templated":true}]}}