{"id":2816,"date":"2019-02-27T14:27:25","date_gmt":"2019-02-27T13:27:25","guid":{"rendered":"https:\/\/www.welovecycling.com\/hu\/?p=2816"},"modified":"2019-02-27T14:39:39","modified_gmt":"2019-02-27T13:39:39","slug":"meghato-pillanatok-celba-ertek-a-jotekony-bicikli-adomanyok","status":"publish","type":"post","link":"https:\/\/www.welovecycling.com\/hu\/kozosseg-es-kultura\/meghato-pillanatok-celba-ertek-a-jotekony-bicikli-adomanyok\/","title":{"rendered":"Meghat\u00f3 pillanatok: c\u00e9lba \u00e9rtek a j\u00f3t\u00e9kony bicikli adom\u00e1nyok"},"content":{"rendered":"<p><strong>Magyarorsz\u00e1g harmadik az EU-n bel\u00fcl a legt\u00f6bbet ker\u00e9kp\u00e1roz\u00f3k list\u00e1j\u00e1ban, nem csoda, hogy a j\u00f3t\u00e9kony kezdem\u00e9nyez\u00e9sek kapcs\u00e1n is el\u0151t\u00e9rbe ker\u00fcl a bicikli haz\u00e1nkban. Kar\u00e1csony el\u0151tt indult az a j\u00f3t\u00e9kony kezdem\u00e9nyez\u00e9s, amely c\u00e9lul t\u0171zte ki, hogy lehet\u0151s\u00e9get kapjanak a szer\u00e9nyebb anyagi k\u00f6r\u00fclm\u00e9nyek k\u00f6z\u00f6tt \u00e9l\u0151k is a bicikliz\u00e9s \u00e9lm\u00e9ny\u00e9nek megtapasztal\u00e1s\u00e1ra. A Budapest Bike Maffia \u00e9s a We Love Cycling ker\u00e9kp\u00e1ros magazin az orsz\u00e1g sz\u00e1mos pontj\u00e1r\u00f3l gy\u0171jt\u00f6tt haszn\u00e1lt, de m\u00e9g jav\u00edthat\u00f3 ker\u00e9kp\u00e1rokat, amelyeket fel\u00faj\u00edtottak \u00e9s gyermekotthonokhoz juttatnak el. <\/strong><\/p>\n<p>Tegnap els\u0151k\u00e9nt a <strong>Burattino \u00c1ltal\u00e1nos \u00e9s K\u00f6z\u00e9piskola \u00e9s Gyermekotthon<\/strong> lett gazdagabb 35 ker\u00e9kp\u00e1rral az orsz\u00e1gos \u00f6sszefog\u00e1snak k\u00f6sz\u00f6nhet\u0151en. Az iskola eddig \u00f6sszesen 4 ilyen k\u00f6zleked\u00e9si eszk\u00f6zzel rendelkezett, \u00edgy k\u00f6lcs\u00f6n biciklikkel oldott\u00e1k meg, ha a gyerekeknek bring\u00e1ra volt sz\u00fcks\u00e9ge. A Magyar Ker\u00e9kp\u00e1rosklub tavalyi felm\u00e9r\u00e9se alapj\u00e1n <strong>a magyarok 70 sz\u00e1zal\u00e9ka rendszeresen ker\u00e9kp\u00e1rozik, <\/strong>nem csoda, hogy gyermekek k\u00f6r\u00e9ben is n\u00e9pszer\u0171 ez a k\u00f6zleked\u00e9si forma. B\u00e1r n\u00e1luk m\u00e9g els\u0151sorban a sportol\u00e1s \u00f6r\u00f6me az, amelyet a ker\u00e9kp\u00e1r ad, haz\u00e1nkban a tavalyi kutat\u00e1s<a href=\"#_ftn1\" name=\"_ftnref1\"><sup>[1]<\/sup><\/a> alapj\u00e1n legt\u00f6bben (64%) boltba mennek a k\u00e9tkerek\u0171 j\u00e1rm\u0171vel, <strong>sport c\u00e9lj\u00e1b\u00f3l pedig a ker\u00e9kp\u00e1roz\u00f3k 38 sz\u00e1zal\u00e9ka \u00fcl fel r\u00e1.<\/strong><\/p>\n<p><a href=\"https:\/\/d2p6e6u75xmxt8.cloudfront.net\/12\/2019\/02\/O9A9458.jpg\"><img loading=\"lazy\" decoding=\"async\" class=\"aligncenter size-full wp-image-2820\" src=\"https:\/\/d2p6e6u75xmxt8.cloudfront.net\/12\/2019\/02\/O9A9458.jpg\" alt=\"\" width=\"5760\" height=\"3840\" srcset=\"https:\/\/d2p6e6u75xmxt8.cloudfront.net\/12\/2019\/02\/O9A9458.jpg 5760w, https:\/\/d2p6e6u75xmxt8.cloudfront.net\/12\/2019\/02\/O9A9458-300x200.jpg 300w, https:\/\/d2p6e6u75xmxt8.cloudfront.net\/12\/2019\/02\/O9A9458-768x512.jpg 768w, https:\/\/d2p6e6u75xmxt8.cloudfront.net\/12\/2019\/02\/O9A9458-1024x683.jpg 1024w, https:\/\/d2p6e6u75xmxt8.cloudfront.net\/12\/2019\/02\/O9A9458-1920x1280.jpg 1920w, https:\/\/d2p6e6u75xmxt8.cloudfront.net\/12\/2019\/02\/O9A9458-272x182.jpg 272w, https:\/\/d2p6e6u75xmxt8.cloudfront.net\/12\/2019\/02\/O9A9458-1920x1280.jpg 1920w\" sizes=\"auto, (max-width: 5760px) 100vw, 5760px\" \/><\/a><\/p>\n<p>\u201c<em>A bicikliz\u00e9s ma m\u00e9g els\u0151sorban a sport egy eszk\u00f6ze, a j\u00f6v\u0151ben viszont ak\u00e1r a mindennapi k\u00f6zleked\u00e9s szempontj\u00e1b\u00f3l is fontos lehet a gyerekeknek. \u00c9ppen ez\u00e9rt tartunk rendszeresen oktat\u00e1st n\u00f6vend\u00e9keinknek a k\u00f6z\u00fati bicikliz\u00e9s szab\u00e1lyair\u00f3l \u00e9s arr\u00f3l, hogy hogyan vigy\u00e1zzanak a ker\u00e9kp\u00e1rjukra. R\u00e1ad\u00e1sul m\u00e1r hagyom\u00e1ny, hogy minden ny\u00e1ron biciklit\u00e1bort szervez\u00fcnk, ahova m\u00e9g a r\u00e9gi di\u00e1kok is visszaj\u00e1rnak. Eddig a t\u00e1borokat csak k\u00f6lcs\u00f6n ker\u00e9kp\u00e1rokkal tudtunk megoldani, \u00e9ppen ez\u00e9rt \u00f3ri\u00e1si \u00f6r\u00f6m, hogy mostant\u00f3l saj\u00e1t biciklikkel indulhatunk \u00fatnak<\/em>\u201d &#8211; mondta el Macsek Anna a Burattino, haz\u00e1nk egyetlen alap\u00edtv\u00e1nyi fenntart\u00e1sban l\u00e9v\u0151 integr\u00e1lt gyermekv\u00e9delmi int\u00e9zm\u00e9ny\u00e9nek operat\u00edv vezet\u0151je.<\/p>\n<p>A j\u00f3t\u00e9kony kezdem\u00e9nyez\u00e9s keret\u00e9ben<strong> orsz\u00e1gosan 35 \u0160koda m\u00e1rkakeresked\u00e9s v\u00e1rta a felaj\u00e1nlott bicikliket, <\/strong>amelyek mind felker\u00fcltek Budapestre a Trecikli ker\u00e9kp\u00e1rszerel\u0151 m\u0171helybe, hogy \u00fajj\u00e1var\u00e1zsolj\u00e1k \u0151ket. Budapest mellett a vid\u00e9ki telep\u00fcl\u00e9seken is sokan megmozdultak a j\u00f3 \u00fcgy\u00e9rt, <strong>a f\u0151v\u00e1ros ut\u00e1n Ny\u00edregyh\u00e1z\u00e1r\u00f3l \u00e9s Gy\u0151rb\u0151l \u00e9rkezett a legt\u00f6bb bicikli. <\/strong>A Burattino csak az els\u0151 volt a gyermekotthonok k\u00f6z\u00f6tt a sorban, a k\u00f6vetkez\u0151 napokban m\u00e1s int\u00e9zm\u00e9nyek is bicikliket kapnak a szervez\u0151kt\u0151l.<\/p>\n<p><a href=\"https:\/\/d2p6e6u75xmxt8.cloudfront.net\/12\/2019\/02\/O9A9493.jpg\"><img loading=\"lazy\" decoding=\"async\" class=\"aligncenter size-full wp-image-2819\" src=\"https:\/\/d2p6e6u75xmxt8.cloudfront.net\/12\/2019\/02\/O9A9493.jpg\" alt=\"\" width=\"5760\" height=\"3840\" srcset=\"https:\/\/d2p6e6u75xmxt8.cloudfront.net\/12\/2019\/02\/O9A9493.jpg 5760w, https:\/\/d2p6e6u75xmxt8.cloudfront.net\/12\/2019\/02\/O9A9493-300x200.jpg 300w, https:\/\/d2p6e6u75xmxt8.cloudfront.net\/12\/2019\/02\/O9A9493-768x512.jpg 768w, https:\/\/d2p6e6u75xmxt8.cloudfront.net\/12\/2019\/02\/O9A9493-1024x683.jpg 1024w, https:\/\/d2p6e6u75xmxt8.cloudfront.net\/12\/2019\/02\/O9A9493-1920x1280.jpg 1920w, https:\/\/d2p6e6u75xmxt8.cloudfront.net\/12\/2019\/02\/O9A9493-272x182.jpg 272w, https:\/\/d2p6e6u75xmxt8.cloudfront.net\/12\/2019\/02\/O9A9493-1920x1280.jpg 1920w\" sizes=\"auto, (max-width: 5760px) 100vw, 5760px\" \/><\/a><\/p>\n<p>Az els\u0151 bicikli csomag \u00e1tad\u00e1s\u00e1n Havasi Zolt\u00e1n, a BBM alap\u00edt\u00f3ja is r\u00e9szt vett, aki elmondta: <em>\u201cAmikor elindult a kamp\u00e1ny, arra gondoltunk, hogy m\u00e1r 20-30 bicikli is sok gyereket tenne boldogg\u00e1, azt nem is rem\u00e9lt\u00fck, hogy<strong> csaknem 100 fel\u00faj\u00edtott ker\u00e9kp\u00e1r tal\u00e1l majd \u00faj gazd\u00e1ra a kezdem\u00e9nyez\u00e9s\u00fcnknek k\u00f6sz\u00f6nhet\u0151en.<\/strong> M\u00edg sok embernek mindennapi dolog a bicikliz\u00e9s, vannak, akik nem engedhetik meg maguknak egy ker\u00e9kp\u00e1r v\u00e1s\u00e1rl\u00e1s\u00e1t, rajtuk szeretn\u00e9nk seg\u00edteni\u201d<\/em>. Az iskola vezet\u0151je, Mezei Kata az \u00e1tad\u00e1son elmondta, hogy \u00f6r\u00f6m \u00e9s egyben megtiszteltet\u00e9s az iskola sz\u00e1m\u00e1ra ez az aj\u00e1nd\u00e9k, mely gy\u00f6ny\u00f6r\u0171 p\u00e9ld\u00e1ja a civil szervezetek \u00e9s gazdas\u00e1gi t\u00e1rsas\u00e1gok egy\u00fctt munk\u00e1lkod\u00e1s\u00e1nak. Azt is megeml\u00edtette, hogy minden seg\u00edts\u00e9g \u2013 m\u00e9g a m\u00e1snak apr\u00f3nak, jelent\u00e9ktelennek t\u0171n\u0151 is \u2013 j\u00f3l j\u00f6n, hisz a 3 gyermekotthon val\u00f3ban r\u00e1szorul a t\u00e1mogat\u00e1sra.<\/p>\n<p>A gyermekotthon 52 kis lak\u00f3ja boldogan vette birtokba a We Love Cycling \u00e1ltal szervezett akci\u00f3 keret\u00e9ben az \u00faj j\u00e1rg\u00e1nyokat.<\/p>\n<p><a href=\"https:\/\/d2p6e6u75xmxt8.cloudfront.net\/12\/2019\/02\/O9A9453.jpg\"><img loading=\"lazy\" decoding=\"async\" class=\"aligncenter size-full wp-image-2821\" src=\"https:\/\/d2p6e6u75xmxt8.cloudfront.net\/12\/2019\/02\/O9A9453.jpg\" alt=\"\" width=\"5760\" height=\"3840\" srcset=\"https:\/\/d2p6e6u75xmxt8.cloudfront.net\/12\/2019\/02\/O9A9453.jpg 5760w, https:\/\/d2p6e6u75xmxt8.cloudfront.net\/12\/2019\/02\/O9A9453-300x200.jpg 300w, https:\/\/d2p6e6u75xmxt8.cloudfront.net\/12\/2019\/02\/O9A9453-768x512.jpg 768w, https:\/\/d2p6e6u75xmxt8.cloudfront.net\/12\/2019\/02\/O9A9453-1024x683.jpg 1024w, https:\/\/d2p6e6u75xmxt8.cloudfront.net\/12\/2019\/02\/O9A9453-1920x1280.jpg 1920w, https:\/\/d2p6e6u75xmxt8.cloudfront.net\/12\/2019\/02\/O9A9453-272x182.jpg 272w, https:\/\/d2p6e6u75xmxt8.cloudfront.net\/12\/2019\/02\/O9A9453-1920x1280.jpg 1920w\" sizes=\"auto, (max-width: 5760px) 100vw, 5760px\" \/><\/a><\/p>\n<p><span style=\"font-size: 10pt;\"><a href=\"#_ftnref1\" name=\"_ftn1\"><sup>[1]<\/sup><\/a> A Medi\u00e1n \u00e9s a Magyar Ker\u00e9kp\u00e1rosklub felm\u00e9r\u00e9se alapj\u00e1n: <a href=\"https:\/\/www.youtube.com\/watch?v=lX0bsuFSqRE\">https:\/\/www.youtube.com\/watch?v=lX0bsuFSqRE<\/a><\/span><\/p>\n","protected":false},"excerpt":{"rendered":"<p>Magyarorsz\u00e1g harmadik az EU-n bel\u00fcl a legt\u00f6bbet ker\u00e9kp\u00e1roz\u00f3k list\u00e1j\u00e1ban, nem csoda, hogy a j\u00f3t\u00e9kony kezdem\u00e9nyez\u00e9sek kapcs\u00e1n is el\u0151t\u00e9rbe ker\u00fcl a [&hellip;]<\/p>\n","protected":false},"author":71,"featured_media":2818,"comment_status":"open","ping_status":"open","sticky":false,"template":"","format":"standard","meta":{"footnotes":""},"categories":[12],"tags":[271,272,255,334,333,128],"global-categories":[],"class_list":["post-2816","post","type-post","status-publish","format-standard","has-post-thumbnail","hentry","category-kozosseg-es-kultura","tag-budapest-bike-maffia","tag-havasi-zoltan","tag-jotekonysag","tag-re-cycling","tag-trecikli","tag-welovecycling"],"yoast_head":"<!-- This site is optimized with the Yoast SEO Premium plugin v25.3 (Yoast SEO v25.9) - https:\/\/yoast.com\/wordpress\/plugins\/seo\/ -->\n<title>Meghat\u00f3 pillanatok: c\u00e9lba \u00e9rtek a j\u00f3t\u00e9kony bicikli adom\u00e1nyok - \u0160koda We Love Cycling - Magyarorsz\u00e1g<\/title>\n<meta name=\"robots\" content=\"index, follow, max-snippet:-1, max-image-preview:large, max-video-preview:-1\" \/>\n<link rel=\"canonical\" href=\"https:\/\/www.welovecycling.com\/hu\/kozosseg-es-kultura\/meghato-pillanatok-celba-ertek-a-jotekony-bicikli-adomanyok\/\" \/>\n<meta property=\"og:locale\" content=\"hu_HU\" \/>\n<meta property=\"og:type\" content=\"article\" \/>\n<meta property=\"og:title\" content=\"Meghat\u00f3 pillanatok: c\u00e9lba \u00e9rtek a j\u00f3t\u00e9kony bicikli adom\u00e1nyok\" \/>\n<meta property=\"og:description\" content=\"Magyarorsz\u00e1g harmadik az EU-n bel\u00fcl a legt\u00f6bbet ker\u00e9kp\u00e1roz\u00f3k list\u00e1j\u00e1ban, nem csoda, hogy a j\u00f3t\u00e9kony kezdem\u00e9nyez\u00e9sek kapcs\u00e1n is el\u0151t\u00e9rbe ker\u00fcl a [&hellip;]\" \/>\n<meta property=\"og:url\" content=\"https:\/\/www.welovecycling.com\/hu\/kozosseg-es-kultura\/meghato-pillanatok-celba-ertek-a-jotekony-bicikli-adomanyok\/\" \/>\n<meta property=\"og:site_name\" content=\"\u0160koda We Love Cycling - Magyarorsz\u00e1g\" \/>\n<meta property=\"article:publisher\" content=\"https:\/\/www.facebook.com\/WeLoveCyclingHungary\/\" \/>\n<meta property=\"article:published_time\" content=\"2019-02-27T13:27:25+00:00\" \/>\n<meta property=\"article:modified_time\" content=\"2019-02-27T13:39:39+00:00\" \/>\n<meta property=\"og:image\" content=\"https:\/\/d2p6e6u75xmxt8.cloudfront.net\/12\/2019\/02\/O9A9534-1024x683.jpg\" \/>\n\t<meta property=\"og:image:width\" content=\"1024\" \/>\n\t<meta property=\"og:image:height\" content=\"683\" \/>\n\t<meta property=\"og:image:type\" content=\"image\/jpeg\" \/>\n<meta name=\"author\" content=\"hegyizs\" \/>\n<meta name=\"twitter:card\" content=\"summary_large_image\" \/>\n<meta name=\"twitter:label1\" content=\"Written by\" \/>\n\t<meta name=\"twitter:data1\" content=\"hegyizs\" \/>\n\t<meta name=\"twitter:label2\" content=\"Est. reading time\" \/>\n\t<meta name=\"twitter:data2\" content=\"4 minutes\" \/>\n<script type=\"application\/ld+json\" class=\"yoast-schema-graph\">{\"@context\":\"https:\/\/schema.org\",\"@graph\":[{\"@type\":\"WebPage\",\"@id\":\"https:\/\/www.welovecycling.com\/hu\/kozosseg-es-kultura\/meghato-pillanatok-celba-ertek-a-jotekony-bicikli-adomanyok\/\",\"url\":\"https:\/\/www.welovecycling.com\/hu\/kozosseg-es-kultura\/meghato-pillanatok-celba-ertek-a-jotekony-bicikli-adomanyok\/\",\"name\":\"Meghat\u00f3 pillanatok: c\u00e9lba \u00e9rtek a j\u00f3t\u00e9kony bicikli adom\u00e1nyok - \u0160koda We Love Cycling - Magyarorsz\u00e1g\",\"isPartOf\":{\"@id\":\"https:\/\/www.welovecycling.com\/hu\/#website\"},\"primaryImageOfPage\":{\"@id\":\"https:\/\/www.welovecycling.com\/hu\/kozosseg-es-kultura\/meghato-pillanatok-celba-ertek-a-jotekony-bicikli-adomanyok\/#primaryimage\"},\"image\":{\"@id\":\"https:\/\/www.welovecycling.com\/hu\/kozosseg-es-kultura\/meghato-pillanatok-celba-ertek-a-jotekony-bicikli-adomanyok\/#primaryimage\"},\"thumbnailUrl\":\"https:\/\/d2p6e6u75xmxt8.cloudfront.net\/12\/2019\/02\/O9A9534.jpg\",\"datePublished\":\"2019-02-27T13:27:25+00:00\",\"dateModified\":\"2019-02-27T13:39:39+00:00\",\"author\":{\"@id\":\"https:\/\/www.welovecycling.com\/hu\/#\/schema\/person\/414a2aebf1801691a5320edb6468e194\"},\"breadcrumb\":{\"@id\":\"https:\/\/www.welovecycling.com\/hu\/kozosseg-es-kultura\/meghato-pillanatok-celba-ertek-a-jotekony-bicikli-adomanyok\/#breadcrumb\"},\"inLanguage\":\"hu\",\"potentialAction\":[{\"@type\":\"ReadAction\",\"target\":[\"https:\/\/www.welovecycling.com\/hu\/kozosseg-es-kultura\/meghato-pillanatok-celba-ertek-a-jotekony-bicikli-adomanyok\/\"]}]},{\"@type\":\"ImageObject\",\"inLanguage\":\"hu\",\"@id\":\"https:\/\/www.welovecycling.com\/hu\/kozosseg-es-kultura\/meghato-pillanatok-celba-ertek-a-jotekony-bicikli-adomanyok\/#primaryimage\",\"url\":\"https:\/\/d2p6e6u75xmxt8.cloudfront.net\/12\/2019\/02\/O9A9534.jpg\",\"contentUrl\":\"https:\/\/d2p6e6u75xmxt8.cloudfront.net\/12\/2019\/02\/O9A9534.jpg\",\"width\":5760,\"height\":3840},{\"@type\":\"BreadcrumbList\",\"@id\":\"https:\/\/www.welovecycling.com\/hu\/kozosseg-es-kultura\/meghato-pillanatok-celba-ertek-a-jotekony-bicikli-adomanyok\/#breadcrumb\",\"itemListElement\":[{\"@type\":\"ListItem\",\"position\":1,\"name\":\"Home\",\"item\":\"https:\/\/www.welovecycling.com\/hu\/\"},{\"@type\":\"ListItem\",\"position\":2,\"name\":\"Meghat\u00f3 pillanatok: c\u00e9lba \u00e9rtek a j\u00f3t\u00e9kony bicikli adom\u00e1nyok\"}]},{\"@type\":\"WebSite\",\"@id\":\"https:\/\/www.welovecycling.com\/hu\/#website\",\"url\":\"https:\/\/www.welovecycling.com\/hu\/\",\"name\":\"\u0160koda We Love Cycling - Magyarorsz\u00e1g\",\"description\":\"\u0160koda WeLoveCycling\",\"potentialAction\":[{\"@type\":\"SearchAction\",\"target\":{\"@type\":\"EntryPoint\",\"urlTemplate\":\"https:\/\/www.welovecycling.com\/hu\/?s={search_term_string}\"},\"query-input\":{\"@type\":\"PropertyValueSpecification\",\"valueRequired\":true,\"valueName\":\"search_term_string\"}}],\"inLanguage\":\"hu\"},{\"@type\":\"Person\",\"@id\":\"https:\/\/www.welovecycling.com\/hu\/#\/schema\/person\/414a2aebf1801691a5320edb6468e194\",\"name\":\"hegyizs\",\"image\":{\"@type\":\"ImageObject\",\"inLanguage\":\"hu\",\"@id\":\"https:\/\/www.welovecycling.com\/hu\/#\/schema\/person\/image\/\",\"url\":\"https:\/\/secure.gravatar.com\/avatar\/02cf8a7906b8cf90cecb4679defac7cfd33a1c2e3b88e4903d947f3bb58eedd3?s=96&d=mm&r=g\",\"contentUrl\":\"https:\/\/secure.gravatar.com\/avatar\/02cf8a7906b8cf90cecb4679defac7cfd33a1c2e3b88e4903d947f3bb58eedd3?s=96&d=mm&r=g\",\"caption\":\"hegyizs\"},\"url\":\"https:\/\/www.welovecycling.com\/hu\/author\/hegyizs\/\"}]}<\/script>\n<!-- \/ Yoast SEO Premium plugin. -->","yoast_head_json":{"title":"Meghat\u00f3 pillanatok: c\u00e9lba \u00e9rtek a j\u00f3t\u00e9kony bicikli adom\u00e1nyok - \u0160koda We Love Cycling - Magyarorsz\u00e1g","robots":{"index":"index","follow":"follow","max-snippet":"max-snippet:-1","max-image-preview":"max-image-preview:large","max-video-preview":"max-video-preview:-1"},"canonical":"https:\/\/www.welovecycling.com\/hu\/kozosseg-es-kultura\/meghato-pillanatok-celba-ertek-a-jotekony-bicikli-adomanyok\/","og_locale":"hu_HU","og_type":"article","og_title":"Meghat\u00f3 pillanatok: c\u00e9lba \u00e9rtek a j\u00f3t\u00e9kony bicikli adom\u00e1nyok","og_description":"Magyarorsz\u00e1g harmadik az EU-n bel\u00fcl a legt\u00f6bbet ker\u00e9kp\u00e1roz\u00f3k list\u00e1j\u00e1ban, nem csoda, hogy a j\u00f3t\u00e9kony kezdem\u00e9nyez\u00e9sek kapcs\u00e1n is el\u0151t\u00e9rbe ker\u00fcl a [&hellip;]","og_url":"https:\/\/www.welovecycling.com\/hu\/kozosseg-es-kultura\/meghato-pillanatok-celba-ertek-a-jotekony-bicikli-adomanyok\/","og_site_name":"\u0160koda We Love Cycling - Magyarorsz\u00e1g","article_publisher":"https:\/\/www.facebook.com\/WeLoveCyclingHungary\/","article_published_time":"2019-02-27T13:27:25+00:00","article_modified_time":"2019-02-27T13:39:39+00:00","og_image":[{"width":1024,"height":683,"url":"https:\/\/d2p6e6u75xmxt8.cloudfront.net\/12\/2019\/02\/O9A9534-1024x683.jpg","type":"image\/jpeg"}],"author":"hegyizs","twitter_card":"summary_large_image","twitter_misc":{"Written by":"hegyizs","Est. reading time":"4 minutes"},"schema":{"@context":"https:\/\/schema.org","@graph":[{"@type":"WebPage","@id":"https:\/\/www.welovecycling.com\/hu\/kozosseg-es-kultura\/meghato-pillanatok-celba-ertek-a-jotekony-bicikli-adomanyok\/","url":"https:\/\/www.welovecycling.com\/hu\/kozosseg-es-kultura\/meghato-pillanatok-celba-ertek-a-jotekony-bicikli-adomanyok\/","name":"Meghat\u00f3 pillanatok: c\u00e9lba \u00e9rtek a j\u00f3t\u00e9kony bicikli adom\u00e1nyok - \u0160koda We Love Cycling - Magyarorsz\u00e1g","isPartOf":{"@id":"https:\/\/www.welovecycling.com\/hu\/#website"},"primaryImageOfPage":{"@id":"https:\/\/www.welovecycling.com\/hu\/kozosseg-es-kultura\/meghato-pillanatok-celba-ertek-a-jotekony-bicikli-adomanyok\/#primaryimage"},"image":{"@id":"https:\/\/www.welovecycling.com\/hu\/kozosseg-es-kultura\/meghato-pillanatok-celba-ertek-a-jotekony-bicikli-adomanyok\/#primaryimage"},"thumbnailUrl":"https:\/\/d2p6e6u75xmxt8.cloudfront.net\/12\/2019\/02\/O9A9534.jpg","datePublished":"2019-02-27T13:27:25+00:00","dateModified":"2019-02-27T13:39:39+00:00","author":{"@id":"https:\/\/www.welovecycling.com\/hu\/#\/schema\/person\/414a2aebf1801691a5320edb6468e194"},"breadcrumb":{"@id":"https:\/\/www.welovecycling.com\/hu\/kozosseg-es-kultura\/meghato-pillanatok-celba-ertek-a-jotekony-bicikli-adomanyok\/#breadcrumb"},"inLanguage":"hu","potentialAction":[{"@type":"ReadAction","target":["https:\/\/www.welovecycling.com\/hu\/kozosseg-es-kultura\/meghato-pillanatok-celba-ertek-a-jotekony-bicikli-adomanyok\/"]}]},{"@type":"ImageObject","inLanguage":"hu","@id":"https:\/\/www.welovecycling.com\/hu\/kozosseg-es-kultura\/meghato-pillanatok-celba-ertek-a-jotekony-bicikli-adomanyok\/#primaryimage","url":"https:\/\/d2p6e6u75xmxt8.cloudfront.net\/12\/2019\/02\/O9A9534.jpg","contentUrl":"https:\/\/d2p6e6u75xmxt8.cloudfront.net\/12\/2019\/02\/O9A9534.jpg","width":5760,"height":3840},{"@type":"BreadcrumbList","@id":"https:\/\/www.welovecycling.com\/hu\/kozosseg-es-kultura\/meghato-pillanatok-celba-ertek-a-jotekony-bicikli-adomanyok\/#breadcrumb","itemListElement":[{"@type":"ListItem","position":1,"name":"Home","item":"https:\/\/www.welovecycling.com\/hu\/"},{"@type":"ListItem","position":2,"name":"Meghat\u00f3 pillanatok: c\u00e9lba \u00e9rtek a j\u00f3t\u00e9kony bicikli adom\u00e1nyok"}]},{"@type":"WebSite","@id":"https:\/\/www.welovecycling.com\/hu\/#website","url":"https:\/\/www.welovecycling.com\/hu\/","name":"\u0160koda We Love Cycling - Magyarorsz\u00e1g","description":"\u0160koda WeLoveCycling","potentialAction":[{"@type":"SearchAction","target":{"@type":"EntryPoint","urlTemplate":"https:\/\/www.welovecycling.com\/hu\/?s={search_term_string}"},"query-input":{"@type":"PropertyValueSpecification","valueRequired":true,"valueName":"search_term_string"}}],"inLanguage":"hu"},{"@type":"Person","@id":"https:\/\/www.welovecycling.com\/hu\/#\/schema\/person\/414a2aebf1801691a5320edb6468e194","name":"hegyizs","image":{"@type":"ImageObject","inLanguage":"hu","@id":"https:\/\/www.welovecycling.com\/hu\/#\/schema\/person\/image\/","url":"https:\/\/secure.gravatar.com\/avatar\/02cf8a7906b8cf90cecb4679defac7cfd33a1c2e3b88e4903d947f3bb58eedd3?s=96&d=mm&r=g","contentUrl":"https:\/\/secure.gravatar.com\/avatar\/02cf8a7906b8cf90cecb4679defac7cfd33a1c2e3b88e4903d947f3bb58eedd3?s=96&d=mm&r=g","caption":"hegyizs"},"url":"https:\/\/www.welovecycling.com\/hu\/author\/hegyizs\/"}]}},"_links":{"self":[{"href":"https:\/\/www.welovecycling.com\/hu\/wp-json\/wp\/v2\/posts\/2816","targetHints":{"allow":["GET"]}}],"collection":[{"href":"https:\/\/www.welovecycling.com\/hu\/wp-json\/wp\/v2\/posts"}],"about":[{"href":"https:\/\/www.welovecycling.com\/hu\/wp-json\/wp\/v2\/types\/post"}],"author":[{"embeddable":true,"href":"https:\/\/www.welovecycling.com\/hu\/wp-json\/wp\/v2\/users\/71"}],"replies":[{"embeddable":true,"href":"https:\/\/www.welovecycling.com\/hu\/wp-json\/wp\/v2\/comments?post=2816"}],"version-history":[{"count":2,"href":"https:\/\/www.welovecycling.com\/hu\/wp-json\/wp\/v2\/posts\/2816\/revisions"}],"predecessor-version":[{"id":2826,"href":"https:\/\/www.welovecycling.com\/hu\/wp-json\/wp\/v2\/posts\/2816\/revisions\/2826"}],"wp:featuredmedia":[{"embeddable":true,"href":"https:\/\/www.welovecycling.com\/hu\/wp-json\/wp\/v2\/media\/2818"}],"wp:attachment":[{"href":"https:\/\/www.welovecycling.com\/hu\/wp-json\/wp\/v2\/media?parent=2816"}],"wp:term":[{"taxonomy":"category","embeddable":true,"href":"https:\/\/www.welovecycling.com\/hu\/wp-json\/wp\/v2\/categories?post=2816"},{"taxonomy":"post_tag","embeddable":true,"href":"https:\/\/www.welovecycling.com\/hu\/wp-json\/wp\/v2\/tags?post=2816"},{"taxonomy":"global-categories","embeddable":true,"href":"https:\/\/www.welovecycling.com\/hu\/wp-json\/wp\/v2\/global-categories?post=2816"}],"curies":[{"name":"wp","href":"https:\/\/api.w.org\/{rel}","templated":true}]}}