{"id":2798,"date":"2019-03-02T12:50:20","date_gmt":"2019-03-02T11:50:20","guid":{"rendered":"https:\/\/www.welovecycling.com\/hu\/?p=2798"},"modified":"2019-03-02T12:53:42","modified_gmt":"2019-03-02T11:53:42","slug":"fulessel-kint-vagy-fulessel-bent","status":"publish","type":"post","link":"https:\/\/www.welovecycling.com\/hu\/biztonsag\/fulessel-kint-vagy-fulessel-bent\/","title":{"rendered":"Fejhallgat\u00f3val vagy n\u00e9lk\u00fcle?"},"content":{"rendered":"<p><strong>A profi bring\u00e1sok ad\u00f3vev\u0151t haszn\u00e1lnak, mikor csoportban tekernek \u2013 neked is k\u00f6vetned k\u00e9ne a p\u00e9ld\u00e1jukat? L\u00e1ssunk n\u00e9h\u00e1ny pro \u00e9s kontra \u00e9rvet a fejhallgat\u00f3k haszn\u00e1lat\u00e1val kapcsolatban!<\/strong><\/p>\n<h2>Amit hallasz, az is az \u00e9lm\u00e9ny r\u00e9sze<\/h2>\n<p>Reggel hat \u00f3ra, ny\u00e1r, te pedig kitekert\u00e9l a term\u00e9szetbe, hogy \u00e9lvezhesd egy kicsit az \u201e\u00e9nid\u0151t\u201d.\u00a0 A l\u00e9gz\u00e9sed egybeolvad a frissen olajozott l\u00e1ncok finom z\u00fag\u00e1s\u00e1val, amit fokozatosan meg-megszak\u00edt a v\u00e1lt\u00f3 kattan\u00e1sa. \u00c9lvezheted a reggeli teker\u00e9s zen\u00e9j\u00e9t.<\/p>\n<p><iframe loading=\"lazy\" src=\"https:\/\/www.youtube-nocookie.com\/embed\/6kQGpDSD_94?feature=oembed\" width=\"500\" height=\"281\" frameborder=\"0\" allowfullscreen=\"allowfullscreen\"><\/iframe><\/p>\n<p>Rapha vide\u00f3ja k\u00e9ts\u00e9gk\u00edv\u00fcl jobban hangzott volna a felesleges \u00e9s folyamatosan ism\u00e9tl\u0151d\u0151 zongorasz\u00f3lam n\u00e9lk\u00fcl, de nem j\u00e1r messze az igazs\u00e1gt\u00f3l. A teker\u00e9st kellemes hallgatni \u00e9s \u00e9rdemes egyszer kipr\u00f3b\u00e1lni azok\u00e9rt a var\u00e1zslatos pillanatok\u00e9rt, amelyekn\u00e9l nem csak \u00e9rzed, de hallod is a bring\u00e1z\u00e1s ritmus\u00e1t. Ki a f\u00fclhallgat\u00f3kkal!<\/p>\n<h2>A figyelem biztons\u00e1got jelent<\/h2>\n<p>Egy m\u00e1sik \u00e9rv a f\u00fclesek ellen a biztons\u00e1g.<\/p>\n<p>Ha v\u00e1rosi k\u00f6rnyezetben tekersz, tan\u00e1csos odafigyelni, mi t\u00f6rt\u00e9nik k\u00f6r\u00fcl\u00f6tted \u2013 h\u00e1t persze, hogy nem fogsz zen\u00e9t hallgatni. Biciklizni nem egyenl\u0151 azzal, mint megb\u00fajni egy modern aut\u00f3 biztons\u00e1g\u00e1ban. Mi\u00e9rt kock\u00e1ztatn\u00e1l?<\/p>\n<p><iframe loading=\"lazy\" src=\"https:\/\/www.youtube-nocookie.com\/embed\/j4A-w5HkrZA?feature=oembed\" width=\"500\" height=\"281\" frameborder=\"0\" allowfullscreen=\"allowfullscreen\"><\/iframe><\/p>\n<p>Pearl Izumi szerint, ha bring\u00e1z\u00e1s k\u00f6zben zen\u00e9t hallgatsz, az lelass\u00edthatja a reakci\u00f3id\u0151det \u00e9s kev\u00e9sb\u00e9 \u00e9rz\u00e9keled a k\u00f6zeled\u0151 aut\u00f3kat is. Azzal az \u00e1ll\u00edt\u00e1s\u00e1val is neh\u00e9z vitatkozni, miszerint a sz\u00f3rakozott vezet\u00e9ssel kapcsolatos aggodalmainknak a sz\u00f3rakozott teker\u00e9s eset\u00e9ben is ugyan\u00fagy fent k\u00e9ne \u00e1llniuk.<\/p>\n<h2>Kapcsolattart\u00e1s<\/h2>\n<p>Szem\u00e9ly szerint \u00e9n k\u00e9ptelen vagyok bring\u00e1z\u00e1s k\u00f6zben zen\u00e9t hallgatni. Azon kapom magam, hogy a zene ritmus\u00e1ra pr\u00f3b\u00e1lok tekerni. Persze \u00e9rtem, hogy m\u00e1sokra tal\u00e1n nincs zavar\u00f3 hat\u00e1ssal a zene, de r\u00e1m mindenk\u00e9pp. Ett\u0151l f\u00fcggetlen\u00fcl szeretek fejhallgat\u00f3t haszn\u00e1lni. Ha h\u00edv a feles\u00e9gem, j\u00f3 es\u00e9llyel felveszem, \u00e9s a Bluetooth headsetemet haszn\u00e1lom.<\/p>\n<p><iframe loading=\"lazy\" src=\"https:\/\/www.youtube-nocookie.com\/embed\/dmZ7wTciFj0?feature=oembed\" width=\"500\" height=\"281\" frameborder=\"0\" allowfullscreen=\"allowfullscreen\"><\/iframe><\/p>\n<p>Tiszt\u00e1ban vagyok vele, hogy a fejhallgat\u00f3 cs\u00f6kkenti a k\u00fclvil\u00e1g \u00e9rz\u00e9kel\u00e9s\u00e9t, ez\u00e9rt sokkal jobban odafigyelek a k\u00f6rnyezetemre. A hall\u00e1s az\u00e9rt nem az egyed\u00fcli m\u0171k\u00f6d\u0151 \u00e9rz\u00e9k\u00fcnk ker\u00e9kp\u00e1roz\u00e1s k\u00f6zben. Gondolj csak arra, hogy a s\u00falyosan hall\u00e1sk\u00e1rosultak vagy siketek is teljesen leg\u00e1lisan vezethetnek aut\u00f3t, vagy ker\u00e9kp\u00e1rozhatnak.<\/p>\n<h2>A ker\u00e9kp\u00e1roz\u00e1s kock\u00e1zatot jelent a hall\u00e1sodra<\/h2>\n<p>A sz\u00e9lz\u00fag\u00e1s a sebess\u00e9ggel ar\u00e1nyosan n\u0151het, \u00e9s m\u00e1r 24 kilom\u00e9ter per \u00f3r\u00e1s sebess\u00e9gn\u00e9l is 85 decibel d\u00fcb\u00f6r\u00f6g a f\u00fcledbe. Ellensz\u00e9lben pedig enn\u00e9l m\u00e9g hangosabb. Hogy jobban \u00e9rz\u00e9keltess\u00fck, ez a hang olyan er\u0151ss\u00e9g\u0171, mint egy konyhai robotg\u00e9p zaja vagy egy landol\u00f3 Boeing 737 hangja m\u00e1sf\u00e9l kilom\u00e9ter t\u00e1vols\u00e1gb\u00f3l.<\/p>\n<p><iframe loading=\"lazy\" src=\"https:\/\/www.youtube-nocookie.com\/embed\/1XUovxiTpVA?feature=oembed\" width=\"500\" height=\"281\" frameborder=\"0\" allowfullscreen=\"allowfullscreen\"><\/iframe><\/p>\n<p>De ez csak egy r\u00e9sze a probl\u00e9m\u00e1nak. Ezt a zajt meg\u00e1ll\u00e1s n\u00e9lk\u00fcl, folyamatosan hallani fogod, am\u00edg a bring\u00e1n \u00fclsz. A decibelek sz\u00e1ma a sebess\u00e9ggel ar\u00e1nyosan n\u0151. A Tour de France versenyz\u0151i 120 decibel hanger\u0151vel kell, hogy sz\u00e1moljanak egy 97 kilom\u00e9ter per \u00f3r\u00e1s sebess\u00e9g\u0171 lejt\u0151s szakaszon.<\/p>\n<p>Ak\u00e1r a fejhallgat\u00f3k haszn\u00e1lata mellett vagy ellen teszed le a voksod, figyelj a biztons\u00e1godra \u00e9s vigy\u00e1zz az eg\u00e9szs\u00e9gedre!<\/p>\n","protected":false},"excerpt":{"rendered":"<p>A profi bring\u00e1sok ad\u00f3vev\u0151t haszn\u00e1lnak, mikor csoportban tekernek \u2013 neked is k\u00f6vetned k\u00e9ne a p\u00e9ld\u00e1jukat? L\u00e1ssunk n\u00e9h\u00e1ny pro \u00e9s kontra [&hellip;]<\/p>\n","protected":false},"author":71,"featured_media":2834,"comment_status":"open","ping_status":"open","sticky":false,"template":"","format":"standard","meta":{"footnotes":""},"categories":[10],"tags":[259,336],"global-categories":[],"class_list":["post-2798","post","type-post","status-publish","format-standard","has-post-thumbnail","hentry","category-biztonsag","tag-biztonsag","tag-fejhallgato"],"yoast_head":"<!-- This site is optimized with the Yoast SEO Premium plugin v25.3 (Yoast SEO v25.9) - https:\/\/yoast.com\/wordpress\/plugins\/seo\/ -->\n<title>Fejhallgat\u00f3val vagy n\u00e9lk\u00fcle? - \u0160koda We Love Cycling - Magyarorsz\u00e1g<\/title>\n<meta name=\"robots\" content=\"index, follow, max-snippet:-1, max-image-preview:large, max-video-preview:-1\" \/>\n<link rel=\"canonical\" href=\"https:\/\/www.welovecycling.com\/hu\/biztonsag\/fulessel-kint-vagy-fulessel-bent\/\" \/>\n<meta property=\"og:locale\" content=\"hu_HU\" \/>\n<meta property=\"og:type\" content=\"article\" \/>\n<meta property=\"og:title\" content=\"Fejhallgat\u00f3val vagy n\u00e9lk\u00fcle?\" \/>\n<meta property=\"og:description\" content=\"A profi bring\u00e1sok ad\u00f3vev\u0151t haszn\u00e1lnak, mikor csoportban tekernek \u2013 neked is k\u00f6vetned k\u00e9ne a p\u00e9ld\u00e1jukat? L\u00e1ssunk n\u00e9h\u00e1ny pro \u00e9s kontra [&hellip;]\" \/>\n<meta property=\"og:url\" content=\"https:\/\/www.welovecycling.com\/hu\/biztonsag\/fulessel-kint-vagy-fulessel-bent\/\" \/>\n<meta property=\"og:site_name\" content=\"\u0160koda We Love Cycling - Magyarorsz\u00e1g\" \/>\n<meta property=\"article:publisher\" content=\"https:\/\/www.facebook.com\/WeLoveCyclingHungary\/\" \/>\n<meta property=\"article:published_time\" content=\"2019-03-02T11:50:20+00:00\" \/>\n<meta property=\"article:modified_time\" content=\"2019-03-02T11:53:42+00:00\" \/>\n<meta property=\"og:image\" content=\"https:\/\/d2p6e6u75xmxt8.cloudfront.net\/12\/2019\/03\/Headphones-profimedia-03163753951-1024x450.jpg\" \/>\n\t<meta property=\"og:image:width\" content=\"1024\" \/>\n\t<meta property=\"og:image:height\" content=\"450\" \/>\n\t<meta property=\"og:image:type\" content=\"image\/jpeg\" \/>\n<meta name=\"author\" content=\"hegyizs\" \/>\n<meta name=\"twitter:card\" content=\"summary_large_image\" \/>\n<meta name=\"twitter:label1\" content=\"Written by\" \/>\n\t<meta name=\"twitter:data1\" content=\"hegyizs\" \/>\n\t<meta name=\"twitter:label2\" content=\"Est. reading time\" \/>\n\t<meta name=\"twitter:data2\" content=\"3 minutes\" \/>\n<script type=\"application\/ld+json\" class=\"yoast-schema-graph\">{\"@context\":\"https:\/\/schema.org\",\"@graph\":[{\"@type\":\"WebPage\",\"@id\":\"https:\/\/www.welovecycling.com\/hu\/biztonsag\/fulessel-kint-vagy-fulessel-bent\/\",\"url\":\"https:\/\/www.welovecycling.com\/hu\/biztonsag\/fulessel-kint-vagy-fulessel-bent\/\",\"name\":\"Fejhallgat\u00f3val vagy n\u00e9lk\u00fcle? - \u0160koda We Love Cycling - Magyarorsz\u00e1g\",\"isPartOf\":{\"@id\":\"https:\/\/www.welovecycling.com\/hu\/#website\"},\"primaryImageOfPage\":{\"@id\":\"https:\/\/www.welovecycling.com\/hu\/biztonsag\/fulessel-kint-vagy-fulessel-bent\/#primaryimage\"},\"image\":{\"@id\":\"https:\/\/www.welovecycling.com\/hu\/biztonsag\/fulessel-kint-vagy-fulessel-bent\/#primaryimage\"},\"thumbnailUrl\":\"https:\/\/d2p6e6u75xmxt8.cloudfront.net\/12\/2019\/03\/Headphones-profimedia-03163753951-1024x450.jpg\",\"datePublished\":\"2019-03-02T11:50:20+00:00\",\"dateModified\":\"2019-03-02T11:53:42+00:00\",\"author\":{\"@id\":\"https:\/\/www.welovecycling.com\/hu\/#\/schema\/person\/414a2aebf1801691a5320edb6468e194\"},\"breadcrumb\":{\"@id\":\"https:\/\/www.welovecycling.com\/hu\/biztonsag\/fulessel-kint-vagy-fulessel-bent\/#breadcrumb\"},\"inLanguage\":\"hu\",\"potentialAction\":[{\"@type\":\"ReadAction\",\"target\":[\"https:\/\/www.welovecycling.com\/hu\/biztonsag\/fulessel-kint-vagy-fulessel-bent\/\"]}]},{\"@type\":\"ImageObject\",\"inLanguage\":\"hu\",\"@id\":\"https:\/\/www.welovecycling.com\/hu\/biztonsag\/fulessel-kint-vagy-fulessel-bent\/#primaryimage\",\"url\":\"https:\/\/d2p6e6u75xmxt8.cloudfront.net\/12\/2019\/03\/Headphones-profimedia-03163753951-1024x450.jpg\",\"contentUrl\":\"https:\/\/d2p6e6u75xmxt8.cloudfront.net\/12\/2019\/03\/Headphones-profimedia-03163753951-1024x450.jpg\",\"width\":1024,\"height\":450},{\"@type\":\"BreadcrumbList\",\"@id\":\"https:\/\/www.welovecycling.com\/hu\/biztonsag\/fulessel-kint-vagy-fulessel-bent\/#breadcrumb\",\"itemListElement\":[{\"@type\":\"ListItem\",\"position\":1,\"name\":\"Home\",\"item\":\"https:\/\/www.welovecycling.com\/hu\/\"},{\"@type\":\"ListItem\",\"position\":2,\"name\":\"Fejhallgat\u00f3val vagy n\u00e9lk\u00fcle?\"}]},{\"@type\":\"WebSite\",\"@id\":\"https:\/\/www.welovecycling.com\/hu\/#website\",\"url\":\"https:\/\/www.welovecycling.com\/hu\/\",\"name\":\"\u0160koda We Love Cycling - Magyarorsz\u00e1g\",\"description\":\"\u0160koda WeLoveCycling\",\"potentialAction\":[{\"@type\":\"SearchAction\",\"target\":{\"@type\":\"EntryPoint\",\"urlTemplate\":\"https:\/\/www.welovecycling.com\/hu\/?s={search_term_string}\"},\"query-input\":{\"@type\":\"PropertyValueSpecification\",\"valueRequired\":true,\"valueName\":\"search_term_string\"}}],\"inLanguage\":\"hu\"},{\"@type\":\"Person\",\"@id\":\"https:\/\/www.welovecycling.com\/hu\/#\/schema\/person\/414a2aebf1801691a5320edb6468e194\",\"name\":\"hegyizs\",\"image\":{\"@type\":\"ImageObject\",\"inLanguage\":\"hu\",\"@id\":\"https:\/\/www.welovecycling.com\/hu\/#\/schema\/person\/image\/\",\"url\":\"https:\/\/secure.gravatar.com\/avatar\/02cf8a7906b8cf90cecb4679defac7cfd33a1c2e3b88e4903d947f3bb58eedd3?s=96&d=mm&r=g\",\"contentUrl\":\"https:\/\/secure.gravatar.com\/avatar\/02cf8a7906b8cf90cecb4679defac7cfd33a1c2e3b88e4903d947f3bb58eedd3?s=96&d=mm&r=g\",\"caption\":\"hegyizs\"},\"url\":\"https:\/\/www.welovecycling.com\/hu\/author\/hegyizs\/\"}]}<\/script>\n<!-- \/ Yoast SEO Premium plugin. -->","yoast_head_json":{"title":"Fejhallgat\u00f3val vagy n\u00e9lk\u00fcle? - \u0160koda We Love Cycling - Magyarorsz\u00e1g","robots":{"index":"index","follow":"follow","max-snippet":"max-snippet:-1","max-image-preview":"max-image-preview:large","max-video-preview":"max-video-preview:-1"},"canonical":"https:\/\/www.welovecycling.com\/hu\/biztonsag\/fulessel-kint-vagy-fulessel-bent\/","og_locale":"hu_HU","og_type":"article","og_title":"Fejhallgat\u00f3val vagy n\u00e9lk\u00fcle?","og_description":"A profi bring\u00e1sok ad\u00f3vev\u0151t haszn\u00e1lnak, mikor csoportban tekernek \u2013 neked is k\u00f6vetned k\u00e9ne a p\u00e9ld\u00e1jukat? L\u00e1ssunk n\u00e9h\u00e1ny pro \u00e9s kontra [&hellip;]","og_url":"https:\/\/www.welovecycling.com\/hu\/biztonsag\/fulessel-kint-vagy-fulessel-bent\/","og_site_name":"\u0160koda We Love Cycling - Magyarorsz\u00e1g","article_publisher":"https:\/\/www.facebook.com\/WeLoveCyclingHungary\/","article_published_time":"2019-03-02T11:50:20+00:00","article_modified_time":"2019-03-02T11:53:42+00:00","og_image":[{"width":1024,"height":450,"url":"https:\/\/d2p6e6u75xmxt8.cloudfront.net\/12\/2019\/03\/Headphones-profimedia-03163753951-1024x450.jpg","type":"image\/jpeg"}],"author":"hegyizs","twitter_card":"summary_large_image","twitter_misc":{"Written by":"hegyizs","Est. reading time":"3 minutes"},"schema":{"@context":"https:\/\/schema.org","@graph":[{"@type":"WebPage","@id":"https:\/\/www.welovecycling.com\/hu\/biztonsag\/fulessel-kint-vagy-fulessel-bent\/","url":"https:\/\/www.welovecycling.com\/hu\/biztonsag\/fulessel-kint-vagy-fulessel-bent\/","name":"Fejhallgat\u00f3val vagy n\u00e9lk\u00fcle? - \u0160koda We Love Cycling - Magyarorsz\u00e1g","isPartOf":{"@id":"https:\/\/www.welovecycling.com\/hu\/#website"},"primaryImageOfPage":{"@id":"https:\/\/www.welovecycling.com\/hu\/biztonsag\/fulessel-kint-vagy-fulessel-bent\/#primaryimage"},"image":{"@id":"https:\/\/www.welovecycling.com\/hu\/biztonsag\/fulessel-kint-vagy-fulessel-bent\/#primaryimage"},"thumbnailUrl":"https:\/\/d2p6e6u75xmxt8.cloudfront.net\/12\/2019\/03\/Headphones-profimedia-03163753951-1024x450.jpg","datePublished":"2019-03-02T11:50:20+00:00","dateModified":"2019-03-02T11:53:42+00:00","author":{"@id":"https:\/\/www.welovecycling.com\/hu\/#\/schema\/person\/414a2aebf1801691a5320edb6468e194"},"breadcrumb":{"@id":"https:\/\/www.welovecycling.com\/hu\/biztonsag\/fulessel-kint-vagy-fulessel-bent\/#breadcrumb"},"inLanguage":"hu","potentialAction":[{"@type":"ReadAction","target":["https:\/\/www.welovecycling.com\/hu\/biztonsag\/fulessel-kint-vagy-fulessel-bent\/"]}]},{"@type":"ImageObject","inLanguage":"hu","@id":"https:\/\/www.welovecycling.com\/hu\/biztonsag\/fulessel-kint-vagy-fulessel-bent\/#primaryimage","url":"https:\/\/d2p6e6u75xmxt8.cloudfront.net\/12\/2019\/03\/Headphones-profimedia-03163753951-1024x450.jpg","contentUrl":"https:\/\/d2p6e6u75xmxt8.cloudfront.net\/12\/2019\/03\/Headphones-profimedia-03163753951-1024x450.jpg","width":1024,"height":450},{"@type":"BreadcrumbList","@id":"https:\/\/www.welovecycling.com\/hu\/biztonsag\/fulessel-kint-vagy-fulessel-bent\/#breadcrumb","itemListElement":[{"@type":"ListItem","position":1,"name":"Home","item":"https:\/\/www.welovecycling.com\/hu\/"},{"@type":"ListItem","position":2,"name":"Fejhallgat\u00f3val vagy n\u00e9lk\u00fcle?"}]},{"@type":"WebSite","@id":"https:\/\/www.welovecycling.com\/hu\/#website","url":"https:\/\/www.welovecycling.com\/hu\/","name":"\u0160koda We Love Cycling - Magyarorsz\u00e1g","description":"\u0160koda WeLoveCycling","potentialAction":[{"@type":"SearchAction","target":{"@type":"EntryPoint","urlTemplate":"https:\/\/www.welovecycling.com\/hu\/?s={search_term_string}"},"query-input":{"@type":"PropertyValueSpecification","valueRequired":true,"valueName":"search_term_string"}}],"inLanguage":"hu"},{"@type":"Person","@id":"https:\/\/www.welovecycling.com\/hu\/#\/schema\/person\/414a2aebf1801691a5320edb6468e194","name":"hegyizs","image":{"@type":"ImageObject","inLanguage":"hu","@id":"https:\/\/www.welovecycling.com\/hu\/#\/schema\/person\/image\/","url":"https:\/\/secure.gravatar.com\/avatar\/02cf8a7906b8cf90cecb4679defac7cfd33a1c2e3b88e4903d947f3bb58eedd3?s=96&d=mm&r=g","contentUrl":"https:\/\/secure.gravatar.com\/avatar\/02cf8a7906b8cf90cecb4679defac7cfd33a1c2e3b88e4903d947f3bb58eedd3?s=96&d=mm&r=g","caption":"hegyizs"},"url":"https:\/\/www.welovecycling.com\/hu\/author\/hegyizs\/"}]}},"_links":{"self":[{"href":"https:\/\/www.welovecycling.com\/hu\/wp-json\/wp\/v2\/posts\/2798","targetHints":{"allow":["GET"]}}],"collection":[{"href":"https:\/\/www.welovecycling.com\/hu\/wp-json\/wp\/v2\/posts"}],"about":[{"href":"https:\/\/www.welovecycling.com\/hu\/wp-json\/wp\/v2\/types\/post"}],"author":[{"embeddable":true,"href":"https:\/\/www.welovecycling.com\/hu\/wp-json\/wp\/v2\/users\/71"}],"replies":[{"embeddable":true,"href":"https:\/\/www.welovecycling.com\/hu\/wp-json\/wp\/v2\/comments?post=2798"}],"version-history":[{"count":2,"href":"https:\/\/www.welovecycling.com\/hu\/wp-json\/wp\/v2\/posts\/2798\/revisions"}],"predecessor-version":[{"id":2835,"href":"https:\/\/www.welovecycling.com\/hu\/wp-json\/wp\/v2\/posts\/2798\/revisions\/2835"}],"wp:featuredmedia":[{"embeddable":true,"href":"https:\/\/www.welovecycling.com\/hu\/wp-json\/wp\/v2\/media\/2834"}],"wp:attachment":[{"href":"https:\/\/www.welovecycling.com\/hu\/wp-json\/wp\/v2\/media?parent=2798"}],"wp:term":[{"taxonomy":"category","embeddable":true,"href":"https:\/\/www.welovecycling.com\/hu\/wp-json\/wp\/v2\/categories?post=2798"},{"taxonomy":"post_tag","embeddable":true,"href":"https:\/\/www.welovecycling.com\/hu\/wp-json\/wp\/v2\/tags?post=2798"},{"taxonomy":"global-categories","embeddable":true,"href":"https:\/\/www.welovecycling.com\/hu\/wp-json\/wp\/v2\/global-categories?post=2798"}],"curies":[{"name":"wp","href":"https:\/\/api.w.org\/{rel}","templated":true}]}}