{"id":2796,"date":"2019-03-01T09:00:52","date_gmt":"2019-03-01T08:00:52","guid":{"rendered":"https:\/\/www.welovecycling.com\/hu\/?p=2796"},"modified":"2019-02-28T15:59:32","modified_gmt":"2019-02-28T14:59:32","slug":"17-dolog-amirol-tudod-hogy-elvetemult-bringassal-allsz-szemben","status":"publish","type":"post","link":"https:\/\/www.welovecycling.com\/hu\/moka\/17-dolog-amirol-tudod-hogy-elvetemult-bringassal-allsz-szemben\/","title":{"rendered":"17 furcsa biciklis szok\u00e1s, ami norm\u00e1lis emberre nem jellemz\u0151"},"content":{"rendered":"<p>&nbsp;<\/p>\n<p><strong>Ha valaki minden nap \u00f3r\u00e1kat t\u00f6lt a nyeregben, akkor az agy\u00e1ban visszaford\u00edthatatlan v\u00e1ltoz\u00e1sok k\u00f6vetkezhetnek be. Figyelj oda az \u00e1rulkod\u00f3 jelekre, amikb\u0151l sejteni lehet, hogy valamelyik bar\u00e1tod k\u00f3rosan bicikli f\u00fcgg\u0151 lett.<\/strong><\/p>\n<p>Az eml\u00e9keik t\u00f6bb mint fele a Strava alkalmaz\u00e1sban t\u00e1rol\u00f3dik.<\/p>\n<p>Az \u00f6sszes k\u00e1ty\u00fat ismerik a v\u00e1rosban.<\/p>\n<p>Sosem mennek lifttel, mindegy h\u00e1ny emelet van.<\/p>\n<p>50-et ver a sz\u00edv\u00fck percenk\u00e9nt, \u00e9s m\u00e9gis \u00fagy t\u0171nik, hogy m\u00e9g \u00e9lnek.<\/p>\n<p>A pinc\u00e9ben \u00e9s a padl\u00e1son is biciklit t\u00e1rolnak.<\/p>\n<p>A biciklit\u00far\u00e1kat szavak helyett wattokban mes\u00e9lik el.<\/p>\n<p>A biciklij\u00fck k\u00e9tszer annyit \u00e9r, mint az aut\u00f3d.<\/p>\n<p>Ha az izmaik elf\u00e1radnak est\u00e9re, akkor tekernek m\u00e9g 50-60 kilom\u00e9tert, hogy kilaz\u00edts\u00e1k.<\/p>\n<p>Ak\u00e1r 10 cs\u00e9sze ristrett\u00f3t is meg tudnak inni egy nap, m\u00e9gse ker\u00fclnek a kardiol\u00f3gi\u00e1ra.<\/p>\n<p>Ha belemer\u00fclnek a tit\u00e1nium, a karbonv\u00e1z, a sebess\u00e9gv\u00e1lt\u00f3, a l\u00e1ncvilla \u00e9s az \u00fcl\u00e9smagass\u00e1g t\u00e9mak\u00f6r\u00e9be, \u00e9szre sem veszik, hogy m\u00e1r f\u00e9l \u00f3r\u00e1ja nem figyel senki.<\/p>\n<p>Ha \u00faj aut\u00f3t vesznek, mindig azt sz\u00e1molgatj\u00e1k, mennyi id\u0151 alatt lehet berakni a bring\u00e1t a csomagtart\u00f3ba.<\/p>\n<p>T\u00e9nyleg tudj\u00e1k, mi t\u00f6rt\u00e9nik, amikor a Tour de France-ot n\u00e9zitek a t\u00e9v\u00e9ben.<\/p>\n<p>Nem okoz gondot nekik, hogy a haverjuk fenek\u00e9t b\u00e1mulj\u00e1k testhez\u00e1ll\u00f3 nadr\u00e1gban \u00f3r\u00e1kig, \u00e9s ez a szexu\u00e1lis ir\u00e1nyults\u00e1gukat sem \u00e9rinti.<\/p>\n<p>Kar\u00e1csonyra, sz\u00fclinapra, de m\u00e9g Valentin-napra is csak biciklis aj\u00e1nd\u00e9kokat kapnak.<\/p>\n<p>Fejb\u0151l tudj\u00e1k, hogy egyes \u00e9teleknek mekkora a kal\u00f3riatartalma.<\/p>\n<p>M\u00e9g a kocsm\u00e1ban is \u00fagy \u00fclnek, hogy a lehet\u0151 legkisebb legyen a l\u00e9gellen\u00e1ll\u00e1s.<\/p>\n<p>Az \u00e1tlagos tests\u00falyuk nem haladja meg az 50 kil\u00f3t &#8211; biciklivel egy\u00fctt sem.<\/p>\n","protected":false},"excerpt":{"rendered":"<p>&nbsp; Ha valaki minden nap \u00f3r\u00e1kat t\u00f6lt a nyeregben, akkor az agy\u00e1ban visszaford\u00edthatatlan v\u00e1ltoz\u00e1sok k\u00f6vetkezhetnek be. Figyelj oda az \u00e1rulkod\u00f3 [&hellip;]<\/p>\n","protected":false},"author":71,"featured_media":2830,"comment_status":"open","ping_status":"open","sticky":false,"template":"","format":"standard","meta":{"footnotes":""},"categories":[288],"tags":[335],"global-categories":[],"class_list":["post-2796","post","type-post","status-publish","format-standard","has-post-thumbnail","hentry","category-moka","tag-biciklis-szokasok"],"yoast_head":"<!-- This site is optimized with the Yoast SEO Premium plugin v25.3 (Yoast SEO v25.9) - https:\/\/yoast.com\/wordpress\/plugins\/seo\/ -->\n<title>17 furcsa biciklis szok\u00e1s, ami norm\u00e1lis emberre nem jellemz\u0151 - \u0160koda We Love Cycling - Magyarorsz\u00e1g<\/title>\n<meta name=\"robots\" content=\"index, follow, max-snippet:-1, max-image-preview:large, max-video-preview:-1\" \/>\n<link rel=\"canonical\" href=\"https:\/\/www.welovecycling.com\/hu\/moka\/17-dolog-amirol-tudod-hogy-elvetemult-bringassal-allsz-szemben\/\" \/>\n<meta property=\"og:locale\" content=\"hu_HU\" \/>\n<meta property=\"og:type\" content=\"article\" \/>\n<meta property=\"og:title\" content=\"17 furcsa biciklis szok\u00e1s, ami norm\u00e1lis emberre nem jellemz\u0151\" \/>\n<meta property=\"og:description\" content=\"&nbsp; Ha valaki minden nap \u00f3r\u00e1kat t\u00f6lt a nyeregben, akkor az agy\u00e1ban visszaford\u00edthatatlan v\u00e1ltoz\u00e1sok k\u00f6vetkezhetnek be. Figyelj oda az \u00e1rulkod\u00f3 [&hellip;]\" \/>\n<meta property=\"og:url\" content=\"https:\/\/www.welovecycling.com\/hu\/moka\/17-dolog-amirol-tudod-hogy-elvetemult-bringassal-allsz-szemben\/\" \/>\n<meta property=\"og:site_name\" content=\"\u0160koda We Love Cycling - Magyarorsz\u00e1g\" \/>\n<meta property=\"article:publisher\" content=\"https:\/\/www.facebook.com\/WeLoveCyclingHungary\/\" \/>\n<meta property=\"article:published_time\" content=\"2019-03-01T08:00:52+00:00\" \/>\n<meta property=\"og:image\" content=\"https:\/\/d2p6e6u75xmxt8.cloudfront.net\/12\/2019\/03\/shutterstock_753564940.jpg\" \/>\n\t<meta property=\"og:image:width\" content=\"1000\" \/>\n\t<meta property=\"og:image:height\" content=\"652\" \/>\n\t<meta property=\"og:image:type\" content=\"image\/jpeg\" \/>\n<meta name=\"author\" content=\"hegyizs\" \/>\n<meta name=\"twitter:card\" content=\"summary_large_image\" \/>\n<meta name=\"twitter:label1\" content=\"Written by\" \/>\n\t<meta name=\"twitter:data1\" content=\"hegyizs\" \/>\n\t<meta name=\"twitter:label2\" content=\"Est. reading time\" \/>\n\t<meta name=\"twitter:data2\" content=\"2 minutes\" \/>\n<script type=\"application\/ld+json\" class=\"yoast-schema-graph\">{\"@context\":\"https:\/\/schema.org\",\"@graph\":[{\"@type\":\"WebPage\",\"@id\":\"https:\/\/www.welovecycling.com\/hu\/moka\/17-dolog-amirol-tudod-hogy-elvetemult-bringassal-allsz-szemben\/\",\"url\":\"https:\/\/www.welovecycling.com\/hu\/moka\/17-dolog-amirol-tudod-hogy-elvetemult-bringassal-allsz-szemben\/\",\"name\":\"17 furcsa biciklis szok\u00e1s, ami norm\u00e1lis emberre nem jellemz\u0151 - \u0160koda We Love Cycling - Magyarorsz\u00e1g\",\"isPartOf\":{\"@id\":\"https:\/\/www.welovecycling.com\/hu\/#website\"},\"primaryImageOfPage\":{\"@id\":\"https:\/\/www.welovecycling.com\/hu\/moka\/17-dolog-amirol-tudod-hogy-elvetemult-bringassal-allsz-szemben\/#primaryimage\"},\"image\":{\"@id\":\"https:\/\/www.welovecycling.com\/hu\/moka\/17-dolog-amirol-tudod-hogy-elvetemult-bringassal-allsz-szemben\/#primaryimage\"},\"thumbnailUrl\":\"https:\/\/d2p6e6u75xmxt8.cloudfront.net\/12\/2019\/03\/shutterstock_753564940.jpg\",\"datePublished\":\"2019-03-01T08:00:52+00:00\",\"author\":{\"@id\":\"https:\/\/www.welovecycling.com\/hu\/#\/schema\/person\/414a2aebf1801691a5320edb6468e194\"},\"breadcrumb\":{\"@id\":\"https:\/\/www.welovecycling.com\/hu\/moka\/17-dolog-amirol-tudod-hogy-elvetemult-bringassal-allsz-szemben\/#breadcrumb\"},\"inLanguage\":\"hu\",\"potentialAction\":[{\"@type\":\"ReadAction\",\"target\":[\"https:\/\/www.welovecycling.com\/hu\/moka\/17-dolog-amirol-tudod-hogy-elvetemult-bringassal-allsz-szemben\/\"]}]},{\"@type\":\"ImageObject\",\"inLanguage\":\"hu\",\"@id\":\"https:\/\/www.welovecycling.com\/hu\/moka\/17-dolog-amirol-tudod-hogy-elvetemult-bringassal-allsz-szemben\/#primaryimage\",\"url\":\"https:\/\/d2p6e6u75xmxt8.cloudfront.net\/12\/2019\/03\/shutterstock_753564940.jpg\",\"contentUrl\":\"https:\/\/d2p6e6u75xmxt8.cloudfront.net\/12\/2019\/03\/shutterstock_753564940.jpg\",\"width\":1000,\"height\":652},{\"@type\":\"BreadcrumbList\",\"@id\":\"https:\/\/www.welovecycling.com\/hu\/moka\/17-dolog-amirol-tudod-hogy-elvetemult-bringassal-allsz-szemben\/#breadcrumb\",\"itemListElement\":[{\"@type\":\"ListItem\",\"position\":1,\"name\":\"Home\",\"item\":\"https:\/\/www.welovecycling.com\/hu\/\"},{\"@type\":\"ListItem\",\"position\":2,\"name\":\"17 furcsa biciklis szok\u00e1s, ami norm\u00e1lis emberre nem jellemz\u0151\"}]},{\"@type\":\"WebSite\",\"@id\":\"https:\/\/www.welovecycling.com\/hu\/#website\",\"url\":\"https:\/\/www.welovecycling.com\/hu\/\",\"name\":\"\u0160koda We Love Cycling - Magyarorsz\u00e1g\",\"description\":\"\u0160koda WeLoveCycling\",\"potentialAction\":[{\"@type\":\"SearchAction\",\"target\":{\"@type\":\"EntryPoint\",\"urlTemplate\":\"https:\/\/www.welovecycling.com\/hu\/?s={search_term_string}\"},\"query-input\":{\"@type\":\"PropertyValueSpecification\",\"valueRequired\":true,\"valueName\":\"search_term_string\"}}],\"inLanguage\":\"hu\"},{\"@type\":\"Person\",\"@id\":\"https:\/\/www.welovecycling.com\/hu\/#\/schema\/person\/414a2aebf1801691a5320edb6468e194\",\"name\":\"hegyizs\",\"image\":{\"@type\":\"ImageObject\",\"inLanguage\":\"hu\",\"@id\":\"https:\/\/www.welovecycling.com\/hu\/#\/schema\/person\/image\/\",\"url\":\"https:\/\/secure.gravatar.com\/avatar\/02cf8a7906b8cf90cecb4679defac7cfd33a1c2e3b88e4903d947f3bb58eedd3?s=96&d=mm&r=g\",\"contentUrl\":\"https:\/\/secure.gravatar.com\/avatar\/02cf8a7906b8cf90cecb4679defac7cfd33a1c2e3b88e4903d947f3bb58eedd3?s=96&d=mm&r=g\",\"caption\":\"hegyizs\"},\"url\":\"https:\/\/www.welovecycling.com\/hu\/author\/hegyizs\/\"}]}<\/script>\n<!-- \/ Yoast SEO Premium plugin. -->","yoast_head_json":{"title":"17 furcsa biciklis szok\u00e1s, ami norm\u00e1lis emberre nem jellemz\u0151 - \u0160koda We Love Cycling - Magyarorsz\u00e1g","robots":{"index":"index","follow":"follow","max-snippet":"max-snippet:-1","max-image-preview":"max-image-preview:large","max-video-preview":"max-video-preview:-1"},"canonical":"https:\/\/www.welovecycling.com\/hu\/moka\/17-dolog-amirol-tudod-hogy-elvetemult-bringassal-allsz-szemben\/","og_locale":"hu_HU","og_type":"article","og_title":"17 furcsa biciklis szok\u00e1s, ami norm\u00e1lis emberre nem jellemz\u0151","og_description":"&nbsp; Ha valaki minden nap \u00f3r\u00e1kat t\u00f6lt a nyeregben, akkor az agy\u00e1ban visszaford\u00edthatatlan v\u00e1ltoz\u00e1sok k\u00f6vetkezhetnek be. Figyelj oda az \u00e1rulkod\u00f3 [&hellip;]","og_url":"https:\/\/www.welovecycling.com\/hu\/moka\/17-dolog-amirol-tudod-hogy-elvetemult-bringassal-allsz-szemben\/","og_site_name":"\u0160koda We Love Cycling - Magyarorsz\u00e1g","article_publisher":"https:\/\/www.facebook.com\/WeLoveCyclingHungary\/","article_published_time":"2019-03-01T08:00:52+00:00","og_image":[{"width":1000,"height":652,"url":"https:\/\/d2p6e6u75xmxt8.cloudfront.net\/12\/2019\/03\/shutterstock_753564940.jpg","type":"image\/jpeg"}],"author":"hegyizs","twitter_card":"summary_large_image","twitter_misc":{"Written by":"hegyizs","Est. reading time":"2 minutes"},"schema":{"@context":"https:\/\/schema.org","@graph":[{"@type":"WebPage","@id":"https:\/\/www.welovecycling.com\/hu\/moka\/17-dolog-amirol-tudod-hogy-elvetemult-bringassal-allsz-szemben\/","url":"https:\/\/www.welovecycling.com\/hu\/moka\/17-dolog-amirol-tudod-hogy-elvetemult-bringassal-allsz-szemben\/","name":"17 furcsa biciklis szok\u00e1s, ami norm\u00e1lis emberre nem jellemz\u0151 - \u0160koda We Love Cycling - Magyarorsz\u00e1g","isPartOf":{"@id":"https:\/\/www.welovecycling.com\/hu\/#website"},"primaryImageOfPage":{"@id":"https:\/\/www.welovecycling.com\/hu\/moka\/17-dolog-amirol-tudod-hogy-elvetemult-bringassal-allsz-szemben\/#primaryimage"},"image":{"@id":"https:\/\/www.welovecycling.com\/hu\/moka\/17-dolog-amirol-tudod-hogy-elvetemult-bringassal-allsz-szemben\/#primaryimage"},"thumbnailUrl":"https:\/\/d2p6e6u75xmxt8.cloudfront.net\/12\/2019\/03\/shutterstock_753564940.jpg","datePublished":"2019-03-01T08:00:52+00:00","author":{"@id":"https:\/\/www.welovecycling.com\/hu\/#\/schema\/person\/414a2aebf1801691a5320edb6468e194"},"breadcrumb":{"@id":"https:\/\/www.welovecycling.com\/hu\/moka\/17-dolog-amirol-tudod-hogy-elvetemult-bringassal-allsz-szemben\/#breadcrumb"},"inLanguage":"hu","potentialAction":[{"@type":"ReadAction","target":["https:\/\/www.welovecycling.com\/hu\/moka\/17-dolog-amirol-tudod-hogy-elvetemult-bringassal-allsz-szemben\/"]}]},{"@type":"ImageObject","inLanguage":"hu","@id":"https:\/\/www.welovecycling.com\/hu\/moka\/17-dolog-amirol-tudod-hogy-elvetemult-bringassal-allsz-szemben\/#primaryimage","url":"https:\/\/d2p6e6u75xmxt8.cloudfront.net\/12\/2019\/03\/shutterstock_753564940.jpg","contentUrl":"https:\/\/d2p6e6u75xmxt8.cloudfront.net\/12\/2019\/03\/shutterstock_753564940.jpg","width":1000,"height":652},{"@type":"BreadcrumbList","@id":"https:\/\/www.welovecycling.com\/hu\/moka\/17-dolog-amirol-tudod-hogy-elvetemult-bringassal-allsz-szemben\/#breadcrumb","itemListElement":[{"@type":"ListItem","position":1,"name":"Home","item":"https:\/\/www.welovecycling.com\/hu\/"},{"@type":"ListItem","position":2,"name":"17 furcsa biciklis szok\u00e1s, ami norm\u00e1lis emberre nem jellemz\u0151"}]},{"@type":"WebSite","@id":"https:\/\/www.welovecycling.com\/hu\/#website","url":"https:\/\/www.welovecycling.com\/hu\/","name":"\u0160koda We Love Cycling - Magyarorsz\u00e1g","description":"\u0160koda WeLoveCycling","potentialAction":[{"@type":"SearchAction","target":{"@type":"EntryPoint","urlTemplate":"https:\/\/www.welovecycling.com\/hu\/?s={search_term_string}"},"query-input":{"@type":"PropertyValueSpecification","valueRequired":true,"valueName":"search_term_string"}}],"inLanguage":"hu"},{"@type":"Person","@id":"https:\/\/www.welovecycling.com\/hu\/#\/schema\/person\/414a2aebf1801691a5320edb6468e194","name":"hegyizs","image":{"@type":"ImageObject","inLanguage":"hu","@id":"https:\/\/www.welovecycling.com\/hu\/#\/schema\/person\/image\/","url":"https:\/\/secure.gravatar.com\/avatar\/02cf8a7906b8cf90cecb4679defac7cfd33a1c2e3b88e4903d947f3bb58eedd3?s=96&d=mm&r=g","contentUrl":"https:\/\/secure.gravatar.com\/avatar\/02cf8a7906b8cf90cecb4679defac7cfd33a1c2e3b88e4903d947f3bb58eedd3?s=96&d=mm&r=g","caption":"hegyizs"},"url":"https:\/\/www.welovecycling.com\/hu\/author\/hegyizs\/"}]}},"_links":{"self":[{"href":"https:\/\/www.welovecycling.com\/hu\/wp-json\/wp\/v2\/posts\/2796","targetHints":{"allow":["GET"]}}],"collection":[{"href":"https:\/\/www.welovecycling.com\/hu\/wp-json\/wp\/v2\/posts"}],"about":[{"href":"https:\/\/www.welovecycling.com\/hu\/wp-json\/wp\/v2\/types\/post"}],"author":[{"embeddable":true,"href":"https:\/\/www.welovecycling.com\/hu\/wp-json\/wp\/v2\/users\/71"}],"replies":[{"embeddable":true,"href":"https:\/\/www.welovecycling.com\/hu\/wp-json\/wp\/v2\/comments?post=2796"}],"version-history":[{"count":2,"href":"https:\/\/www.welovecycling.com\/hu\/wp-json\/wp\/v2\/posts\/2796\/revisions"}],"predecessor-version":[{"id":2832,"href":"https:\/\/www.welovecycling.com\/hu\/wp-json\/wp\/v2\/posts\/2796\/revisions\/2832"}],"wp:featuredmedia":[{"embeddable":true,"href":"https:\/\/www.welovecycling.com\/hu\/wp-json\/wp\/v2\/media\/2830"}],"wp:attachment":[{"href":"https:\/\/www.welovecycling.com\/hu\/wp-json\/wp\/v2\/media?parent=2796"}],"wp:term":[{"taxonomy":"category","embeddable":true,"href":"https:\/\/www.welovecycling.com\/hu\/wp-json\/wp\/v2\/categories?post=2796"},{"taxonomy":"post_tag","embeddable":true,"href":"https:\/\/www.welovecycling.com\/hu\/wp-json\/wp\/v2\/tags?post=2796"},{"taxonomy":"global-categories","embeddable":true,"href":"https:\/\/www.welovecycling.com\/hu\/wp-json\/wp\/v2\/global-categories?post=2796"}],"curies":[{"name":"wp","href":"https:\/\/api.w.org\/{rel}","templated":true}]}}