{"id":2794,"date":"2019-02-26T12:00:28","date_gmt":"2019-02-26T11:00:28","guid":{"rendered":"https:\/\/www.welovecycling.com\/hu\/?p=2794"},"modified":"2019-02-26T12:03:20","modified_gmt":"2019-02-26T11:03:20","slug":"5-bringas-utvonal-az-ebredezo-tavaszra","status":"publish","type":"post","link":"https:\/\/www.welovecycling.com\/hu\/edzes-es-eletmod\/5-bringas-utvonal-az-ebredezo-tavaszra\/","title":{"rendered":"5 bring\u00e1s \u00fatvonal az \u00e9bredez\u0151 tavaszra"},"content":{"rendered":"<p><strong>A madarak csicseregnek, a digit\u00e1lis h\u0151m\u00e9r\u0151k is gyakrabban mutatnak k\u00e9tjegy\u0171 \u00e9rt\u00e9keket pozit\u00edv ir\u00e1nyban, \u00e9s m\u00e9g a naps\u00fct\u00f6tte \u00f3r\u00e1k sz\u00e1mak\u00e9nt aposztrof\u00e1lt, alig nyolc\u00f3r\u00e1s sz\u00fcrkes\u00e9g is kezd egyre f\u00e9nyesebben utat t\u00f6rni mag\u00e1nak a s\u00f6t\u00e9ts\u00e9gben. Egysz\u00f3val, ha lassan is, de tavaszodik, \u00fagyhogy itt az ideje felfriss\u00edteni a fej\u00fcnkben azokat a helysz\u00edneket, ahov\u00e1 \u00e9rdemes kig\u00f6rd\u00edteni kedvenc k\u00e9tkerek\u0171 j\u00e1rm\u0171v\u00fcnket. A lista, ahogy az lenni szokott, nem teljes, v\u00e1rjuk szeretettel hozz\u00e1sz\u00f3l\u00e1sban a ti legkedveltebb helysz\u00edneiteket is!<\/strong><\/p>\n<p><strong>\u00a0<\/strong><\/p>\n<h2>Kanyarodjatok a Dunakanyarba!<\/h2>\n<p>Kezd\u00e9snek a Dunakanyart teljes hossz\u00e1ban, Dunakeszit\u0151l eg\u00e9szen Szobig v\u00e9gigtekerni nem csek\u00e9ly megterhel\u00e9s, de aggodalomra semmi ok, a bicikli\u00fat mellett b\u00e1rmikor vonatra lehet v\u00e1ltani, ha nem b\u00edrn\u00e1tok a t\u00e1vot. Pihenni m\u00e1sk\u00e9ppen is fogtok tudni, Kismaros, Nagymaros, G\u00f6d \u00e9s Ver\u0151ce is tartogat sz\u00e1motokra takaros kis b\u00fcf\u00e9ket \u00e9s hals\u00fct\u00f6d\u00e9ket.<\/p>\n<p><a href=\"https:\/\/d2p6e6u75xmxt8.cloudfront.net\/12\/2019\/02\/dkanyar.jpg\"><img loading=\"lazy\" decoding=\"async\" class=\"aligncenter size-full wp-image-2808\" src=\"https:\/\/d2p6e6u75xmxt8.cloudfront.net\/12\/2019\/02\/dkanyar.jpg\" alt=\"\" width=\"1000\" height=\"562\" srcset=\"https:\/\/d2p6e6u75xmxt8.cloudfront.net\/12\/2019\/02\/dkanyar.jpg 1000w, https:\/\/d2p6e6u75xmxt8.cloudfront.net\/12\/2019\/02\/dkanyar-300x169.jpg 300w, https:\/\/d2p6e6u75xmxt8.cloudfront.net\/12\/2019\/02\/dkanyar-768x432.jpg 768w\" sizes=\"auto, (max-width: 1000px) 100vw, 1000px\" \/><\/a><\/p>\n<h2>Ir\u00e1ny a Lupa-t\u00f3!<\/h2>\n<p>Az \u00e9szaki t\u00e1jakon maradva nyakunkba vehet\u00fcnk egy szebb \u00edv\u0171 t\u00far\u00e1t a Lupa-t\u00f3hoz \u00e9s k\u00f6rny\u00e9k\u00e9hez. Magyarorsz\u00e1g homokos tengerpartja (amelyik nem a Balaton) igazi nyaral\u00f3s hangulattal v\u00e1rja az odal\u00e1togat\u00f3kat. A strand \u00e9s a p\u00e1lmaf\u00e1k ugyan m\u00e9g nem id\u0151szer\u0171ek, de a t\u00e1j minden\u00e9rt k\u00e1rp\u00f3tol \u2013 m\u00e9g a csendes, eldugott Lupa-szigetre is \u00e1tkelhet\u00fcnk az Ebihal b\u00fcf\u00e9n\u00e9l. Odafel\u00e9 a szentendrei H\u00c9V-vel k\u00f6zlekedhet\u00fcnk, de ahogyan kor\u00e1bban is <a href=\"https:\/\/www.facebook.com\/WeLoveCyclingHungary\/posts\/799688607040026?__tn__=-R\">besz\u00e1moltunk<\/a> r\u00f3la, az odavezet\u0151 bicikli\u00fat id\u00e9n vadonat\u00faj, t\u00fck\u00f6rsima aszfaltburkolatot kapott. \u00c9rdemes k\u00f6zben a R\u00f3mai-partra is eln\u00e9zni, de \u00d3buda biciklis helyei k\u00f6z\u00fcl ez\u00fattal nem ezt emeln\u00e9nk ki.<\/p>\n<p><a href=\"https:\/\/d2p6e6u75xmxt8.cloudfront.net\/12\/2019\/02\/Lupa_Lake_Budakalasz_Hungary_-_panoramio_10.jpg\"><img loading=\"lazy\" decoding=\"async\" class=\"aligncenter size-full wp-image-2813\" src=\"https:\/\/d2p6e6u75xmxt8.cloudfront.net\/12\/2019\/02\/Lupa_Lake_Budakalasz_Hungary_-_panoramio_10.jpg\" alt=\"\" width=\"3264\" height=\"2448\" srcset=\"https:\/\/d2p6e6u75xmxt8.cloudfront.net\/12\/2019\/02\/Lupa_Lake_Budakalasz_Hungary_-_panoramio_10.jpg 3264w, https:\/\/d2p6e6u75xmxt8.cloudfront.net\/12\/2019\/02\/Lupa_Lake_Budakalasz_Hungary_-_panoramio_10-300x225.jpg 300w, https:\/\/d2p6e6u75xmxt8.cloudfront.net\/12\/2019\/02\/Lupa_Lake_Budakalasz_Hungary_-_panoramio_10-768x576.jpg 768w, https:\/\/d2p6e6u75xmxt8.cloudfront.net\/12\/2019\/02\/Lupa_Lake_Budakalasz_Hungary_-_panoramio_10-1024x768.jpg 1024w, https:\/\/d2p6e6u75xmxt8.cloudfront.net\/12\/2019\/02\/Lupa_Lake_Budakalasz_Hungary_-_panoramio_10-1920x1440.jpg 1920w, https:\/\/d2p6e6u75xmxt8.cloudfront.net\/12\/2019\/02\/Lupa_Lake_Budakalasz_Hungary_-_panoramio_10-1920x1440.jpg 1920w\" sizes=\"auto, (max-width: 3264px) 100vw, 3264px\" \/><\/a><\/p>\n<h2>V\u00e1rnak a magaslatok \u00d3bud\u00e1n<\/h2>\n<p>Az emelked\u0151k szerelmeseinek sz\u00f3l ez a bekezd\u00e9s, ugyanis a H\u00e1rmashat\u00e1r-hegy, \u00e9s ott is a Guckler K\u00e1roly kil\u00e1t\u00f3pont var\u00e1zslatos r\u00e1l\u00e1t\u00e1st biztos\u00edt Budapest \u00e9szaki t\u00e1jaira. Ez a sikl\u00f3erny\u0151s\u00f6k sz\u00e1m\u00e1ra is egy frekvent\u00e1lt pont, \u00e9s ha sz\u00e9p id\u0151ben \u00e9rkeztek, h\u00faszas\u00e1val is l\u00e1thatj\u00e1tok \u0151ket repdesni. A hegymenet harcos megt\u00e9tele ut\u00e1n lefel\u00e9 a menetsz\u00e9l, \u00e9s a lank\u00e1k alj\u00e1n a mai napig m\u0171k\u00f6d\u0151 Feny\u0151gy\u00f6ngye \u00e9tterem ny\u00fajthat enyh\u00fcl\u00e9st.<\/p>\n<figure id=\"attachment_2807\" aria-describedby=\"caption-attachment-2807\" style=\"width: 1280px\" class=\"wp-caption aligncenter\"><a href=\"https:\/\/d2p6e6u75xmxt8.cloudfront.net\/12\/2019\/02\/Guckler-Karoly-kilatopont_01.jpg\"><img loading=\"lazy\" decoding=\"async\" class=\"wp-image-2807 size-full\" src=\"https:\/\/d2p6e6u75xmxt8.cloudfront.net\/12\/2019\/02\/Guckler-Karoly-kilatopont_01.jpg\" alt=\"\" width=\"1280\" height=\"854\" srcset=\"https:\/\/d2p6e6u75xmxt8.cloudfront.net\/12\/2019\/02\/Guckler-Karoly-kilatopont_01.jpg 1280w, https:\/\/d2p6e6u75xmxt8.cloudfront.net\/12\/2019\/02\/Guckler-Karoly-kilatopont_01-300x200.jpg 300w, https:\/\/d2p6e6u75xmxt8.cloudfront.net\/12\/2019\/02\/Guckler-Karoly-kilatopont_01-768x512.jpg 768w, https:\/\/d2p6e6u75xmxt8.cloudfront.net\/12\/2019\/02\/Guckler-Karoly-kilatopont_01-1024x683.jpg 1024w, https:\/\/d2p6e6u75xmxt8.cloudfront.net\/12\/2019\/02\/Guckler-Karoly-kilatopont_01-272x182.jpg 272w\" sizes=\"auto, (max-width: 1280px) 100vw, 1280px\" \/><\/a><figcaption id=\"caption-attachment-2807\" class=\"wp-caption-text\"><em>Guckler K\u00e1roly-kil\u00e1t\u00f3pont forr\u00e1s: parkerdo.hu<\/em><\/figcaption><\/figure>\n<h2>D\u00e9len is van sziget!<\/h2>\n<p>Egy igazi felfedezetlen bring\u00e1s paradicsom, ahol val\u00f3sz\u00edn\u0171s\u00edthet\u0151en nem kell majd nagy t\u00f6megekre sz\u00e1m\u00edtani, ellenben l\u00e1tnival\u00f3 lesz b\u0151ven. Duna-part, n\u00e9ptelen utak, n\u00e1dasok, \u00f6bl\u00f6k, holt\u00e1gak, v\u00edzparti 60-as \u00e9veket id\u00e9z\u0151 b\u00fcf\u00e9k, szerb t\u00f6bbs\u00e9g\u0171 falu \u00e9s m\u00e9g sok minden m\u00e1s, amit egyel\u0151re kevesen ismernek. Ha elk\u00f6telezettek vagyunk a t\u00f6bbsz\u00f6ri bej\u00e1r\u00e1sra, \u00e9rdemes egy h\u00f3napig \u00e9rv\u00e9nyes ker\u00e9kp\u00e1ros b\u00e9rletet venni a H\u00c9V-re. K\u00f3stol\u00f3 \u00fatvonalk\u00e9nt j\u00f3 lehet egy Bor\u00e1ros t\u00e9r &#8211; K\u00f6zv\u00e1g\u00f3h\u00edd &#8211; Csepel szigetcs\u00facs &#8211; R\u00e1ckevei Duna &#8211; Soroks\u00e1ri r\u00e9v &#8211; Moln\u00e1r-sziget &#8211; Kis-Duna &#8211; Gubacsi h\u00edd &#8211; Bor\u00e1ros t\u00e9r k\u00f6r\u00fat, de a nagyra t\u00f6r\u0151 bring\u00e1soknak a Szigetv\u00e9get is aj\u00e1nljuk, R\u00e1ckeve fel\u00f6li megk\u00f6zel\u00edt\u00e9ssel. Eb\u00e9delni a mak\u00e1di g\u00e1t\u0151rh\u00e1z melletti Ez\u00fcstpart b\u00fcf\u00e9ben is lehet ak\u00e1r.<\/p>\n<p><a href=\"https:\/\/d2p6e6u75xmxt8.cloudfront.net\/12\/2019\/02\/BKV_D14_ferry_line_Molnar_Island_2017_Soroksar.jpg\"><img loading=\"lazy\" decoding=\"async\" class=\"aligncenter size-full wp-image-2814\" src=\"https:\/\/d2p6e6u75xmxt8.cloudfront.net\/12\/2019\/02\/BKV_D14_ferry_line_Molnar_Island_2017_Soroksar.jpg\" alt=\"\" width=\"2272\" height=\"1704\" srcset=\"https:\/\/d2p6e6u75xmxt8.cloudfront.net\/12\/2019\/02\/BKV_D14_ferry_line_Molnar_Island_2017_Soroksar.jpg 2272w, https:\/\/d2p6e6u75xmxt8.cloudfront.net\/12\/2019\/02\/BKV_D14_ferry_line_Molnar_Island_2017_Soroksar-300x225.jpg 300w, https:\/\/d2p6e6u75xmxt8.cloudfront.net\/12\/2019\/02\/BKV_D14_ferry_line_Molnar_Island_2017_Soroksar-768x576.jpg 768w, https:\/\/d2p6e6u75xmxt8.cloudfront.net\/12\/2019\/02\/BKV_D14_ferry_line_Molnar_Island_2017_Soroksar-1024x768.jpg 1024w, https:\/\/d2p6e6u75xmxt8.cloudfront.net\/12\/2019\/02\/BKV_D14_ferry_line_Molnar_Island_2017_Soroksar-1920x1440.jpg 1920w, https:\/\/d2p6e6u75xmxt8.cloudfront.net\/12\/2019\/02\/BKV_D14_ferry_line_Molnar_Island_2017_Soroksar-1920x1440.jpg 1920w\" sizes=\"auto, (max-width: 2272px) 100vw, 2272px\" \/><\/a><\/p>\n<h2>Az elmaradhatatlan Kopaszi-g\u00e1t<\/h2>\n<p>D\u00e9l fel\u00e9 indulva nem kell felt\u00e9tlen\u00fcl a Csepel-sziget alj\u00e1ig menni egy remekbeszabott kir\u00e1ndul\u00e1s rem\u00e9ny\u00e9ben. A R\u00e1k\u00f3czi h\u00edd budai h\u00eddf\u0151j\u00e9n\u00e9l elter\u00fcl\u0151 Kopaszi-g\u00e1t kiv\u00e1l\u00f3 helysz\u00edn bring\u00e1zni, s\u00e9t\u00e1lni, ak\u00e1r piknikezni, b\u00e1r ut\u00f3bbihoz m\u00e9g az\u00e9rt a csalogat\u00f3 napsugarak ellen\u00e9re is cs\u00edp\u0151s lehet az id\u0151. Ez\u00e9rt a teker\u00e9s f\u00e1radalmai ut\u00e1n az ottani vend\u00e9gl\u00e1t\u00f3helyeken is lehet szusszanni egyet. Ide\u00e1lis hely, ha kisebb energiabefektet\u00e9ssel t\u00e1volabb szeretn\u00e9nk ker\u00fclni a v\u00e1ros zaj\u00e1t\u00f3l, \u00e9s z\u00f6ld, parkos k\u00f6rnyezetben t\u00f6lten\u00e9nk el egy akt\u00edv pihen\u00e9snek szentelt napot.<\/p>\n<p><a href=\"https:\/\/d2p6e6u75xmxt8.cloudfront.net\/12\/2019\/02\/kopaszi.jpg\"><img loading=\"lazy\" decoding=\"async\" class=\"aligncenter size-full wp-image-2810\" src=\"https:\/\/d2p6e6u75xmxt8.cloudfront.net\/12\/2019\/02\/kopaszi.jpg\" alt=\"\" width=\"3872\" height=\"2592\" srcset=\"https:\/\/d2p6e6u75xmxt8.cloudfront.net\/12\/2019\/02\/kopaszi.jpg 3872w, https:\/\/d2p6e6u75xmxt8.cloudfront.net\/12\/2019\/02\/kopaszi-300x201.jpg 300w, https:\/\/d2p6e6u75xmxt8.cloudfront.net\/12\/2019\/02\/kopaszi-768x514.jpg 768w, https:\/\/d2p6e6u75xmxt8.cloudfront.net\/12\/2019\/02\/kopaszi-1024x685.jpg 1024w, https:\/\/d2p6e6u75xmxt8.cloudfront.net\/12\/2019\/02\/kopaszi-1920x1285.jpg 1920w, https:\/\/d2p6e6u75xmxt8.cloudfront.net\/12\/2019\/02\/kopaszi-272x182.jpg 272w, https:\/\/d2p6e6u75xmxt8.cloudfront.net\/12\/2019\/02\/kopaszi-1920x1285.jpg 1920w\" sizes=\"auto, (max-width: 3872px) 100vw, 3872px\" \/><\/a><\/p>\n","protected":false},"excerpt":{"rendered":"<p>A madarak csicseregnek, a digit\u00e1lis h\u0151m\u00e9r\u0151k is gyakrabban mutatnak k\u00e9tjegy\u0171 \u00e9rt\u00e9keket pozit\u00edv ir\u00e1nyban, \u00e9s m\u00e9g a naps\u00fct\u00f6tte \u00f3r\u00e1k sz\u00e1mak\u00e9nt aposztrof\u00e1lt, [&hellip;]<\/p>\n","protected":false},"author":71,"featured_media":2811,"comment_status":"open","ping_status":"open","sticky":false,"template":"","format":"standard","meta":{"footnotes":""},"categories":[6],"tags":[260,332],"global-categories":[],"class_list":["post-2794","post","type-post","status-publish","format-standard","has-post-thumbnail","hentry","category-edzes-es-eletmod","tag-biciklitura","tag-tavasz"],"yoast_head":"<!-- This site is optimized with the Yoast SEO Premium plugin v25.3 (Yoast SEO v25.9) - https:\/\/yoast.com\/wordpress\/plugins\/seo\/ -->\n<title>5 bring\u00e1s \u00fatvonal az \u00e9bredez\u0151 tavaszra - \u0160koda We Love Cycling - Magyarorsz\u00e1g<\/title>\n<meta name=\"robots\" content=\"index, follow, max-snippet:-1, max-image-preview:large, max-video-preview:-1\" \/>\n<link rel=\"canonical\" href=\"https:\/\/www.welovecycling.com\/hu\/edzes-es-eletmod\/5-bringas-utvonal-az-ebredezo-tavaszra\/\" \/>\n<meta property=\"og:locale\" content=\"hu_HU\" \/>\n<meta property=\"og:type\" content=\"article\" \/>\n<meta property=\"og:title\" content=\"5 bring\u00e1s \u00fatvonal az \u00e9bredez\u0151 tavaszra\" \/>\n<meta property=\"og:description\" content=\"A madarak csicseregnek, a digit\u00e1lis h\u0151m\u00e9r\u0151k is gyakrabban mutatnak k\u00e9tjegy\u0171 \u00e9rt\u00e9keket pozit\u00edv ir\u00e1nyban, \u00e9s m\u00e9g a naps\u00fct\u00f6tte \u00f3r\u00e1k sz\u00e1mak\u00e9nt aposztrof\u00e1lt, [&hellip;]\" \/>\n<meta property=\"og:url\" content=\"https:\/\/www.welovecycling.com\/hu\/edzes-es-eletmod\/5-bringas-utvonal-az-ebredezo-tavaszra\/\" \/>\n<meta property=\"og:site_name\" content=\"\u0160koda We Love Cycling - Magyarorsz\u00e1g\" \/>\n<meta property=\"article:publisher\" content=\"https:\/\/www.facebook.com\/WeLoveCyclingHungary\/\" \/>\n<meta property=\"article:published_time\" content=\"2019-02-26T11:00:28+00:00\" \/>\n<meta property=\"article:modified_time\" content=\"2019-02-26T11:03:20+00:00\" \/>\n<meta property=\"og:image\" content=\"https:\/\/d2p6e6u75xmxt8.cloudfront.net\/12\/2019\/02\/65053758_ML.jpg\" \/>\n\t<meta property=\"og:image:width\" content=\"1622\" \/>\n\t<meta property=\"og:image:height\" content=\"1157\" \/>\n\t<meta property=\"og:image:type\" content=\"image\/jpeg\" \/>\n<meta name=\"author\" content=\"hegyizs\" \/>\n<meta name=\"twitter:card\" content=\"summary_large_image\" \/>\n<meta name=\"twitter:label1\" content=\"Written by\" \/>\n\t<meta name=\"twitter:data1\" content=\"hegyizs\" \/>\n\t<meta name=\"twitter:label2\" content=\"Est. reading time\" \/>\n\t<meta name=\"twitter:data2\" content=\"4 minutes\" \/>\n<script type=\"application\/ld+json\" class=\"yoast-schema-graph\">{\"@context\":\"https:\/\/schema.org\",\"@graph\":[{\"@type\":\"WebPage\",\"@id\":\"https:\/\/www.welovecycling.com\/hu\/edzes-es-eletmod\/5-bringas-utvonal-az-ebredezo-tavaszra\/\",\"url\":\"https:\/\/www.welovecycling.com\/hu\/edzes-es-eletmod\/5-bringas-utvonal-az-ebredezo-tavaszra\/\",\"name\":\"5 bring\u00e1s \u00fatvonal az \u00e9bredez\u0151 tavaszra - \u0160koda We Love Cycling - Magyarorsz\u00e1g\",\"isPartOf\":{\"@id\":\"https:\/\/www.welovecycling.com\/hu\/#website\"},\"primaryImageOfPage\":{\"@id\":\"https:\/\/www.welovecycling.com\/hu\/edzes-es-eletmod\/5-bringas-utvonal-az-ebredezo-tavaszra\/#primaryimage\"},\"image\":{\"@id\":\"https:\/\/www.welovecycling.com\/hu\/edzes-es-eletmod\/5-bringas-utvonal-az-ebredezo-tavaszra\/#primaryimage\"},\"thumbnailUrl\":\"https:\/\/d2p6e6u75xmxt8.cloudfront.net\/12\/2019\/02\/65053758_ML.jpg\",\"datePublished\":\"2019-02-26T11:00:28+00:00\",\"dateModified\":\"2019-02-26T11:03:20+00:00\",\"author\":{\"@id\":\"https:\/\/www.welovecycling.com\/hu\/#\/schema\/person\/414a2aebf1801691a5320edb6468e194\"},\"breadcrumb\":{\"@id\":\"https:\/\/www.welovecycling.com\/hu\/edzes-es-eletmod\/5-bringas-utvonal-az-ebredezo-tavaszra\/#breadcrumb\"},\"inLanguage\":\"hu\",\"potentialAction\":[{\"@type\":\"ReadAction\",\"target\":[\"https:\/\/www.welovecycling.com\/hu\/edzes-es-eletmod\/5-bringas-utvonal-az-ebredezo-tavaszra\/\"]}]},{\"@type\":\"ImageObject\",\"inLanguage\":\"hu\",\"@id\":\"https:\/\/www.welovecycling.com\/hu\/edzes-es-eletmod\/5-bringas-utvonal-az-ebredezo-tavaszra\/#primaryimage\",\"url\":\"https:\/\/d2p6e6u75xmxt8.cloudfront.net\/12\/2019\/02\/65053758_ML.jpg\",\"contentUrl\":\"https:\/\/d2p6e6u75xmxt8.cloudfront.net\/12\/2019\/02\/65053758_ML.jpg\",\"width\":1622,\"height\":1157,\"caption\":\"\u0421yclists family traveling on the road at sunset\"},{\"@type\":\"BreadcrumbList\",\"@id\":\"https:\/\/www.welovecycling.com\/hu\/edzes-es-eletmod\/5-bringas-utvonal-az-ebredezo-tavaszra\/#breadcrumb\",\"itemListElement\":[{\"@type\":\"ListItem\",\"position\":1,\"name\":\"Home\",\"item\":\"https:\/\/www.welovecycling.com\/hu\/\"},{\"@type\":\"ListItem\",\"position\":2,\"name\":\"5 bring\u00e1s \u00fatvonal az \u00e9bredez\u0151 tavaszra\"}]},{\"@type\":\"WebSite\",\"@id\":\"https:\/\/www.welovecycling.com\/hu\/#website\",\"url\":\"https:\/\/www.welovecycling.com\/hu\/\",\"name\":\"\u0160koda We Love Cycling - Magyarorsz\u00e1g\",\"description\":\"\u0160koda WeLoveCycling\",\"potentialAction\":[{\"@type\":\"SearchAction\",\"target\":{\"@type\":\"EntryPoint\",\"urlTemplate\":\"https:\/\/www.welovecycling.com\/hu\/?s={search_term_string}\"},\"query-input\":{\"@type\":\"PropertyValueSpecification\",\"valueRequired\":true,\"valueName\":\"search_term_string\"}}],\"inLanguage\":\"hu\"},{\"@type\":\"Person\",\"@id\":\"https:\/\/www.welovecycling.com\/hu\/#\/schema\/person\/414a2aebf1801691a5320edb6468e194\",\"name\":\"hegyizs\",\"image\":{\"@type\":\"ImageObject\",\"inLanguage\":\"hu\",\"@id\":\"https:\/\/www.welovecycling.com\/hu\/#\/schema\/person\/image\/\",\"url\":\"https:\/\/secure.gravatar.com\/avatar\/02cf8a7906b8cf90cecb4679defac7cfd33a1c2e3b88e4903d947f3bb58eedd3?s=96&d=mm&r=g\",\"contentUrl\":\"https:\/\/secure.gravatar.com\/avatar\/02cf8a7906b8cf90cecb4679defac7cfd33a1c2e3b88e4903d947f3bb58eedd3?s=96&d=mm&r=g\",\"caption\":\"hegyizs\"},\"url\":\"https:\/\/www.welovecycling.com\/hu\/author\/hegyizs\/\"}]}<\/script>\n<!-- \/ Yoast SEO Premium plugin. -->","yoast_head_json":{"title":"5 bring\u00e1s \u00fatvonal az \u00e9bredez\u0151 tavaszra - \u0160koda We Love Cycling - Magyarorsz\u00e1g","robots":{"index":"index","follow":"follow","max-snippet":"max-snippet:-1","max-image-preview":"max-image-preview:large","max-video-preview":"max-video-preview:-1"},"canonical":"https:\/\/www.welovecycling.com\/hu\/edzes-es-eletmod\/5-bringas-utvonal-az-ebredezo-tavaszra\/","og_locale":"hu_HU","og_type":"article","og_title":"5 bring\u00e1s \u00fatvonal az \u00e9bredez\u0151 tavaszra","og_description":"A madarak csicseregnek, a digit\u00e1lis h\u0151m\u00e9r\u0151k is gyakrabban mutatnak k\u00e9tjegy\u0171 \u00e9rt\u00e9keket pozit\u00edv ir\u00e1nyban, \u00e9s m\u00e9g a naps\u00fct\u00f6tte \u00f3r\u00e1k sz\u00e1mak\u00e9nt aposztrof\u00e1lt, [&hellip;]","og_url":"https:\/\/www.welovecycling.com\/hu\/edzes-es-eletmod\/5-bringas-utvonal-az-ebredezo-tavaszra\/","og_site_name":"\u0160koda We Love Cycling - Magyarorsz\u00e1g","article_publisher":"https:\/\/www.facebook.com\/WeLoveCyclingHungary\/","article_published_time":"2019-02-26T11:00:28+00:00","article_modified_time":"2019-02-26T11:03:20+00:00","og_image":[{"width":1622,"height":1157,"url":"https:\/\/d2p6e6u75xmxt8.cloudfront.net\/12\/2019\/02\/65053758_ML.jpg","type":"image\/jpeg"}],"author":"hegyizs","twitter_card":"summary_large_image","twitter_misc":{"Written by":"hegyizs","Est. reading time":"4 minutes"},"schema":{"@context":"https:\/\/schema.org","@graph":[{"@type":"WebPage","@id":"https:\/\/www.welovecycling.com\/hu\/edzes-es-eletmod\/5-bringas-utvonal-az-ebredezo-tavaszra\/","url":"https:\/\/www.welovecycling.com\/hu\/edzes-es-eletmod\/5-bringas-utvonal-az-ebredezo-tavaszra\/","name":"5 bring\u00e1s \u00fatvonal az \u00e9bredez\u0151 tavaszra - \u0160koda We Love Cycling - Magyarorsz\u00e1g","isPartOf":{"@id":"https:\/\/www.welovecycling.com\/hu\/#website"},"primaryImageOfPage":{"@id":"https:\/\/www.welovecycling.com\/hu\/edzes-es-eletmod\/5-bringas-utvonal-az-ebredezo-tavaszra\/#primaryimage"},"image":{"@id":"https:\/\/www.welovecycling.com\/hu\/edzes-es-eletmod\/5-bringas-utvonal-az-ebredezo-tavaszra\/#primaryimage"},"thumbnailUrl":"https:\/\/d2p6e6u75xmxt8.cloudfront.net\/12\/2019\/02\/65053758_ML.jpg","datePublished":"2019-02-26T11:00:28+00:00","dateModified":"2019-02-26T11:03:20+00:00","author":{"@id":"https:\/\/www.welovecycling.com\/hu\/#\/schema\/person\/414a2aebf1801691a5320edb6468e194"},"breadcrumb":{"@id":"https:\/\/www.welovecycling.com\/hu\/edzes-es-eletmod\/5-bringas-utvonal-az-ebredezo-tavaszra\/#breadcrumb"},"inLanguage":"hu","potentialAction":[{"@type":"ReadAction","target":["https:\/\/www.welovecycling.com\/hu\/edzes-es-eletmod\/5-bringas-utvonal-az-ebredezo-tavaszra\/"]}]},{"@type":"ImageObject","inLanguage":"hu","@id":"https:\/\/www.welovecycling.com\/hu\/edzes-es-eletmod\/5-bringas-utvonal-az-ebredezo-tavaszra\/#primaryimage","url":"https:\/\/d2p6e6u75xmxt8.cloudfront.net\/12\/2019\/02\/65053758_ML.jpg","contentUrl":"https:\/\/d2p6e6u75xmxt8.cloudfront.net\/12\/2019\/02\/65053758_ML.jpg","width":1622,"height":1157,"caption":"\u0421yclists family traveling on the road at sunset"},{"@type":"BreadcrumbList","@id":"https:\/\/www.welovecycling.com\/hu\/edzes-es-eletmod\/5-bringas-utvonal-az-ebredezo-tavaszra\/#breadcrumb","itemListElement":[{"@type":"ListItem","position":1,"name":"Home","item":"https:\/\/www.welovecycling.com\/hu\/"},{"@type":"ListItem","position":2,"name":"5 bring\u00e1s \u00fatvonal az \u00e9bredez\u0151 tavaszra"}]},{"@type":"WebSite","@id":"https:\/\/www.welovecycling.com\/hu\/#website","url":"https:\/\/www.welovecycling.com\/hu\/","name":"\u0160koda We Love Cycling - Magyarorsz\u00e1g","description":"\u0160koda WeLoveCycling","potentialAction":[{"@type":"SearchAction","target":{"@type":"EntryPoint","urlTemplate":"https:\/\/www.welovecycling.com\/hu\/?s={search_term_string}"},"query-input":{"@type":"PropertyValueSpecification","valueRequired":true,"valueName":"search_term_string"}}],"inLanguage":"hu"},{"@type":"Person","@id":"https:\/\/www.welovecycling.com\/hu\/#\/schema\/person\/414a2aebf1801691a5320edb6468e194","name":"hegyizs","image":{"@type":"ImageObject","inLanguage":"hu","@id":"https:\/\/www.welovecycling.com\/hu\/#\/schema\/person\/image\/","url":"https:\/\/secure.gravatar.com\/avatar\/02cf8a7906b8cf90cecb4679defac7cfd33a1c2e3b88e4903d947f3bb58eedd3?s=96&d=mm&r=g","contentUrl":"https:\/\/secure.gravatar.com\/avatar\/02cf8a7906b8cf90cecb4679defac7cfd33a1c2e3b88e4903d947f3bb58eedd3?s=96&d=mm&r=g","caption":"hegyizs"},"url":"https:\/\/www.welovecycling.com\/hu\/author\/hegyizs\/"}]}},"_links":{"self":[{"href":"https:\/\/www.welovecycling.com\/hu\/wp-json\/wp\/v2\/posts\/2794","targetHints":{"allow":["GET"]}}],"collection":[{"href":"https:\/\/www.welovecycling.com\/hu\/wp-json\/wp\/v2\/posts"}],"about":[{"href":"https:\/\/www.welovecycling.com\/hu\/wp-json\/wp\/v2\/types\/post"}],"author":[{"embeddable":true,"href":"https:\/\/www.welovecycling.com\/hu\/wp-json\/wp\/v2\/users\/71"}],"replies":[{"embeddable":true,"href":"https:\/\/www.welovecycling.com\/hu\/wp-json\/wp\/v2\/comments?post=2794"}],"version-history":[{"count":2,"href":"https:\/\/www.welovecycling.com\/hu\/wp-json\/wp\/v2\/posts\/2794\/revisions"}],"predecessor-version":[{"id":2815,"href":"https:\/\/www.welovecycling.com\/hu\/wp-json\/wp\/v2\/posts\/2794\/revisions\/2815"}],"wp:featuredmedia":[{"embeddable":true,"href":"https:\/\/www.welovecycling.com\/hu\/wp-json\/wp\/v2\/media\/2811"}],"wp:attachment":[{"href":"https:\/\/www.welovecycling.com\/hu\/wp-json\/wp\/v2\/media?parent=2794"}],"wp:term":[{"taxonomy":"category","embeddable":true,"href":"https:\/\/www.welovecycling.com\/hu\/wp-json\/wp\/v2\/categories?post=2794"},{"taxonomy":"post_tag","embeddable":true,"href":"https:\/\/www.welovecycling.com\/hu\/wp-json\/wp\/v2\/tags?post=2794"},{"taxonomy":"global-categories","embeddable":true,"href":"https:\/\/www.welovecycling.com\/hu\/wp-json\/wp\/v2\/global-categories?post=2794"}],"curies":[{"name":"wp","href":"https:\/\/api.w.org\/{rel}","templated":true}]}}