{"id":2784,"date":"2019-02-23T18:00:08","date_gmt":"2019-02-23T17:00:08","guid":{"rendered":"https:\/\/www.welovecycling.com\/hu\/?p=2784"},"modified":"2019-05-30T11:07:45","modified_gmt":"2019-05-30T10:07:45","slug":"ajtonyitas","status":"publish","type":"post","link":"https:\/\/www.welovecycling.com\/hu\/biztonsag\/ajtonyitas\/","title":{"rendered":"A hirtelen ajt\u00f3nyit\u00e1s sokkal vesz\u00e9lyesebb, mint gondoln\u00e1d"},"content":{"rendered":"<div class=\"entry-content\">\n<p><strong>Mindig v\u00e1ratlanul t\u00f6rt\u00e9nik, \u00e9s amikor megt\u00f6rt\u00e9nt, m\u00e1r nincs mit tenni. A hirtelen ajt\u00f3nyit\u00e1s alatt azt \u00e9rtj\u00fck, amikor pontosan a biciklid \u00fatj\u00e1ban, alig \u00e9szlelhet\u0151en, egy aut\u00f3 ajtaja kiny\u00edlik. Megker\u00fclhetetlen \u00e9s nem nagyon tudsz mit kezdeni vele, sz\u00f3val \u00f6sszeszor\u00edtod a fogad \u00e9s felk\u00e9sz\u00fclsz a legrosszabbra. Nem sok olyan dolog l\u00e9tezik, amit kev\u00e9sb\u00e9 lehet el\u0151re l\u00e1tni, mint mikor egy sof\u0151r pont akkor nyitja ki az aut\u00f3 ajtaj\u00e1t, amikor te elgurulsz mellette.\u00a0 <\/strong><\/p>\n<h2>A statisztik\u00e1k mindent el\u00e1rulnak<\/h2>\n<p>A t\u00e9m\u00e1val kapcsolatos statisztik\u00e1k sz\u00e1ma alacsony, mivel a legt\u00f6bb orsz\u00e1gban a rend\u0151rs\u00e9g az ilyen t\u00edpus\u00fa baleseteket a ker\u00e9kp\u00e1r \u00e9s aut\u00f3 pontosan meg nem hat\u00e1rozott \u00fctk\u00f6z\u00e9s\u00e9nek kateg\u00f3ri\u00e1j\u00e1ba sorolja. Az\u00e9rt n\u00e9h\u00e1ny helyen m\u00e9gis a figyelem k\u00f6z\u00e9ppontj\u00e1ba ker\u00fclt m\u00e1r, \u00e9s kider\u00fclt, hogy nem lehet egy egyszer\u0171 v\u00e1llr\u00e1nd\u00edt\u00e1ssal elint\u00e9zni. Chicag\u00f3ban p\u00e9ld\u00e1ul 2011-ben 344 olyan ker\u00e9kp\u00e1ros s\u00e9r\u00fcl\u00e9st regisztr\u00e1ltak, amelyeket a nyit\u00f3d\u00f3 aut\u00f3 ajtaja \u00e1ltal el\u0151id\u00e9zett v\u00e1ratlan akad\u00e1ly okozott. A hirtelen ajt\u00f3nyit\u00e1s \u00edgy 19,7 sz\u00e1zal\u00e9k\u00e1t, vagyis majdnem egy\u00f6t\u00f6d\u00e9t okozta az \u00f6sszes, ker\u00e9kp\u00e1rosok \u00e1ltal elszenvedett s\u00e9r\u00fcl\u00e9snek.<\/p>\n<figure id=\"attachment_172281\" class=\"wp-caption alignnone\" style=\"width: 1250px;\"><a class=\"colorbox-initialized cboxElement\" href=\"https:\/\/d2p6e6u75xmxt8.cloudfront.net\/2\/2019\/02\/profimedia-0392115822.jpg\"><img loading=\"lazy\" decoding=\"async\" class=\"size-full wp-image-172281 loading\" src=\"https:\/\/d2p6e6u75xmxt8.cloudfront.net\/2\/2019\/02\/profimedia-0392115822.jpg\" sizes=\"auto, (max-width: 1250px) 100vw, 1250px\" srcset=\"https:\/\/d2p6e6u75xmxt8.cloudfront.net\/2\/2019\/02\/profimedia-0392115822.jpg 1250w, https:\/\/d2p6e6u75xmxt8.cloudfront.net\/2\/2019\/02\/profimedia-0392115822-300x200.jpg 300w, https:\/\/d2p6e6u75xmxt8.cloudfront.net\/2\/2019\/02\/profimedia-0392115822-768x512.jpg 768w, https:\/\/d2p6e6u75xmxt8.cloudfront.net\/2\/2019\/02\/profimedia-0392115822-1024x682.jpg 1024w, https:\/\/d2p6e6u75xmxt8.cloudfront.net\/2\/2019\/02\/profimedia-0392115822-272x182.jpg 272w\" alt=\"\" width=\"1250\" height=\"833\" data-was-processed=\"true\" \/><\/a><figcaption class=\"wp-caption-text\"><\/figcaption><\/figure>\n<p>A v\u00e1ratlan ajt\u00f3nyit\u00e1sok 2003-ban az \u00f6sszes regisztr\u00e1lt biciklis baleset 11,9 sz\u00e1zal\u00e9k\u00e1t okozt\u00e1k Toront\u00f3ban, Londonban pedig a komoly s\u00e9r\u00fcl\u00e9sek 8 sz\u00e1zal\u00e9ka k\u00f6sz\u00f6nhet\u0151 a biciklisekre r\u00e1nyitott aut\u00f3 ajt\u00f3knak. Ez az ar\u00e1ny ugyanennyi volt az ausztr\u00e1liai Victoria \u00e1llamban 2006 \u00e9s 2010 k\u00f6z\u00f6tt. A szak\u00e9rt\u0151k szerint az ajt\u00f3val val\u00f3 \u00fctk\u00f6z\u00e9sek \u00e1ltal okozott s\u00e9r\u00fcl\u00e9sek m\u00e1s jelleg\u0171 s\u00e9r\u00fcl\u00e9sekkel \u00f6sszehasonl\u00edtva ugyan a \u201ekev\u00e9sb\u00e9 vesz\u00e9lyes\u201d kateg\u00f3ri\u00e1ba tartoznak, de ett\u0151l f\u00fcggetlen\u00fcl sem szabadna figyelmen k\u00edv\u00fcl hagyni \u0151ket. A hirtelen ajt\u00f3nyit\u00e1s ugyanis \u00e9leteket is k\u00f6vetelhet.\u00a0 New Yorkban 1996 \u00e9s 2005 k\u00f6z\u00f6tt 225 ker\u00e9kp\u00e1ros vesztette \u00e9let\u00e9t, ebb\u0151l heten, azaz h\u00e1rom sz\u00e1zal\u00e9k a v\u00e1ratlanul kicsap\u00f3d\u00f3 ajt\u00f3 miatt. Londonban ugyanez a sz\u00e1m 3 f\u0151 volt 2010 \u00e9s 2012 k\u00f6z\u00f6tt.<\/p>\n<h2>Mi a helyzet az aut\u00f3gy\u00e1rt\u00f3kkal?<\/h2>\n<p>Az eml\u00edtett statisztik\u00e1k f\u00e9ny\u00e9ben az aut\u00f3gy\u00e1rt\u00f3k sem becs\u00fclik al\u00e1 a t\u00e9ma komolys\u00e1g\u00e1t. Ahol az emberi k\u00e9pess\u00e9gek nem elegend\u0151ek, ott seg\u00edthet majd a fejlett technol\u00f3gia. Robert \u0160\u0165astn\u00fd, a \u0160koda szakembere szerint, az olyan radaroknak k\u00f6sz\u00f6nhet\u0151en, mint a holtt\u00e9r-figyel\u0151k, a probl\u00e9ma megold\u00f3dhat majd a j\u00f6v\u0151ben. Ezek a jelz\u0151rendszerek id\u0151ben figyelmeztetik a sof\u0151rt, ha h\u00e1tulr\u00f3l ker\u00e9kp\u00e1ros k\u00f6zel\u00edt \u00e9s jelzik, hogy ne nyissa ki az ajt\u00f3t.<\/p>\n<p>A sof\u0151r\u00f6ket sz\u00e1mos orsz\u00e1gban k\u00f6ti az 1968. \u00e9vi B\u00e9csi K\u00f6z\u00fati K\u00f6zleked\u00e9si Egyezm\u00e9ny, amelynek 24. cikke \u00e9rtelm\u00e9ben a j\u00e1rm\u0171 ajtaj\u00e1t kinyitni, nyitva hagyni vagy a j\u00e1rm\u0171b\u0151l kisz\u00e1llni nem szabad, csak akkor, ha meggy\u0151z\u0151dtek r\u00f3la, hogy ez nem okoz vesz\u00e9lyt a k\u00f6z\u00fat t\u00f6bbi haszn\u00e1l\u00f3j\u00e1nak. Ha egy figyelmetlen sof\u0151r m\u00e9gis elk\u00f6veti ezen hib\u00e1k b\u00e1rmelyik\u00e9t, az a mellette elhalad\u00f3 aut\u00f3k sz\u00e1m\u00e1ra is bajt okozhat, persze ebben az esetben tal\u00e1n a legnagyobb k\u00e1r n\u00e9mi horpad\u00e1s lehet. Ezzel szemben a ker\u00e9kp\u00e1rosok sokkal nagyobb vesz\u00e9lynek vannak kit\u00e9ve, mint az az al\u00e1bbi k\u00e9peken is l\u00e1tszik.<\/p>\n<p><iframe id=\"instagram-embed-0\" class=\"instagram-media instagram-media-rendered\" style=\"background: white; max-width: 500px; width: calc(100% - 2px); border-radius: 3px; border: 1px solid #dbdbdb; box-shadow: none; display: block; margin: 0px 0px 12px; min-width: 326px; padding: 0px;\" src=\"https:\/\/www.instagram.com\/p\/BiltoEFgbO6\/embed\/captioned\/?cr=1&amp;v=12&amp;wp=1000&amp;rd=https%3A%2F%2Fwww.welovecycling.com&amp;rp=%2Fwide%2F2019%2F02%2F06%2Fdooring-is-way-more-dangerous-than-you-think%2F#%7B%22ci%22%3A0%2C%22os%22%3A1439.0800000001036%7D\" height=\"792\" frameborder=\"0\" scrolling=\"no\" allowfullscreen=\"allowfullscreen\" data-instgrm-payload-id=\"instagram-media-payload-0\"><\/iframe><\/p>\n<p>A bring\u00e1sok figyelm\u00e9t rendszeresen felh\u00edvj\u00e1k az \u00f3vatoss\u00e1gra. Mondani persze k\u00f6nny\u0171! \u00c1m t\u00f6bb sornyi, sokszor els\u00f6t\u00e9t\u00edtett ablak\u00fa parkol\u00f3 aut\u00f3 csekkolgat\u00e1sa olyan, mint krist\u00e1lyg\u00f6mbb\u0151l j\u00f3solni. A leghasznosabb tan\u00e1cs a biztons\u00e1gosnak sz\u00e1m\u00edt\u00f3 1,5 m\u00e9teres t\u00e1vols\u00e1g megtart\u00e1sa. T\u00f6k\u00e9letes megold\u00e1snak hangozhat ugyan, \u00e1m sz\u00e1m\u00edt\u00e1sba v\u00e9ve, hogy a legt\u00f6bb \u00fat sz\u00e9less\u00e9ge 3 \u00e9s 3,5 m\u00e9ter k\u00f6z\u00f6tt mozog, a biciklis \u00edgy a s\u00e1v kell\u0151s k\u00f6zep\u00e9n tekerne, feltart\u00f3ztatva a m\u00f6g\u00f6tte halad\u00f3 \u00f6sszes aut\u00f3t. Mondani sem kell, mekkora haragot v\u00e1ltana ki ez a sof\u0151r\u00f6kb\u0151l, a dudasz\u00f3 cunamit nem is eml\u00edtve. \u201eA ker\u00e9kp\u00e1ros csak akkor el\u0151zhet parkol\u00f3 aut\u00f3t, ha meggy\u0151z\u0151d\u00f6tt r\u00f3la, hogy a tervezett man\u0151vert teljes biztons\u00e1ggal v\u00e9gre tudja hajtani\u201d \u2013 mondja Ji\u0159\u00ed Polomis, a k\u00f6zleked\u00e9sbiztons\u00e1g\u00e9rt k\u00fczd\u0151 cseh BESIP k\u00e9pvisel\u0151je. Tov\u00e1bb\u00e1 azt is kiemeli, hogy a m\u00e1sf\u00e9l m\u00e9ter t\u00e1vols\u00e1g megtart\u00e1sa k\u00f6zben a biciklisnek folyamatosan figyelnie kell a becsatlakoz\u00f3 forgalomra is. Mindek\u00f6zben \u00fagy kell haladnia, hogy ne vesz\u00e9lyeztesse, vagy feleslegesen ne akad\u00e1lyozza a t\u00f6bbi, szint\u00e9n az \u00faton k\u00f6zleked\u0151 j\u00e1rm\u0171vet.<\/p>\n<h2>A holland ajt\u00f3nyit\u00e1s<\/h2>\n<p>Teh\u00e1t akkor mi a megold\u00e1s? A k\u00f6zleked\u00e9si szak\u00e9rt\u0151k szerint a megel\u0151z\u00e9sen \u00e9s a k\u00e9pz\u00e9sen van a hangs\u00faly. Minden tanul\u00f3 vezet\u0151nek \u00fagy kell be\u00fclnie az aut\u00f3ba, hogy automatikusan, rutinszer\u0171en a visszapillant\u00f3 t\u00fck\u00f6rbe n\u00e9zzen, \u00e9s ellen\u0151rizze, van-e m\u00f6g\u00f6tte aut\u00f3, motor vagy ker\u00e9kp\u00e1ros, illetve a v\u00e1lla f\u00f6l\u00f6tt pillantson h\u00e1tra, miel\u0151tt kisz\u00e1ll az aut\u00f3b\u00f3l. Ez r\u00e9sze a holland ajt\u00f3nyit\u00e1s n\u00e9vre keresztelt m\u00f3dszernek, amely szerint a sof\u0151r\u00f6knek \u00e9s az utasoknak is az ajt\u00f3t\u00f3l t\u00e1volabb l\u00e9v\u0151 kez\u00fckkel kell az aut\u00f3 ajtaj\u00e1t kinyitni. A szab\u00e1ly betart\u00e1s\u00e1val az eur\u00f3pai sof\u0151r\u00f6k, akik balkorm\u00e1nyos aut\u00f3t vezetnek, a jobb kez\u00fckkel ny\u00falnak az ajt\u00f3kilincs fel\u00e9. A mozdulat \u00e1ltal automatikusan a fej\u00fcket is ford\u00edtani fogj\u00e1k \u00e9s ellen\u0151rzik a terepet az aut\u00f3 m\u00f6g\u00f6tt. Hossz\u00fa vit\u00e1k k\u00f6vett\u00e9k egym\u00e1st azzal kapcsolatban, vajon t\u00e9nyleg m\u0171k\u00f6dik-e ez a m\u00f3dszer vagy csak elk\u00f6telezett h\u00edveinek v\u00e1gyvez\u00e9relt gondolkod\u00e1s\u00e1t t\u00fckr\u00f6zi. V\u00e9g\u00fcl a ker\u00e9kp\u00e1roz\u00e1s biztons\u00e1g\u00e1hoz val\u00f3 hozz\u00e1j\u00e1rul\u00e1sa bizony\u00edt\u00e1st nyert 2018 okt\u00f3ber\u00e9ben, a Barcelon\u00e1ban hetedik alkalommal megrendezett nemzetk\u00f6zi Ker\u00e9kp\u00e1ros K\u00f6zleked\u00e9sbiztons\u00e1gi Konferenci\u00e1n.<\/p>\n<p>A konferenci\u00e1n a Nottingham-i Egyetem David R. Land vezette kutat\u00f3csoport mutatta be az \u00e1ltaluk k\u00e9sz\u00edtett tanulm\u00e1nyt. A kutat\u00e1sban t\u00edz \u00f6nk\u00e9ntes vett r\u00e9szt, akik mindk\u00e9t m\u00f3don, mindk\u00e9t els\u0151 \u00fcl\u00e9sb\u0151l, k\u00fcl\u00f6nb\u00f6z\u0151 k\u00f6r\u00fclm\u00e9nyek k\u00f6z\u00f6tt tesztelt\u00e9k az ajt\u00f3nyit\u00e1st. Az EdTracker nev\u0171 k\u00e9sz\u00fcl\u00e9k sz\u00e1m\u00edt\u00e1sai szerint, amikor a t\u00e1volabbi kez\u00fcket haszn\u00e1lt\u00e1k, az \u00f6nk\u00e9ntesek gyorsabban reag\u00e1ltak az aut\u00f3 m\u00f6g\u00f6tt zajl\u00f3 esem\u00e9nyekre, \u00e9s ezt a m\u00e9rt eredm\u00e9nyekt\u0151l f\u00fcggetlen\u00fcl \u0151k maguk is meger\u0151s\u00edtett\u00e9k.<\/p>\n<p><iframe id=\"instagram-embed-1\" class=\"instagram-media instagram-media-rendered\" style=\"background: white; max-width: 500px; width: calc(100% - 2px); border-radius: 3px; border: 1px solid #dbdbdb; box-shadow: none; display: block; margin: 0px 0px 12px; min-width: 326px; padding: 0px;\" src=\"https:\/\/www.instagram.com\/p\/Bqxbnc9nG2C\/embed\/captioned\/?cr=1&amp;v=12&amp;wp=1000&amp;rd=https%3A%2F%2Fwww.welovecycling.com&amp;rp=%2Fwide%2F2019%2F02%2F06%2Fdooring-is-way-more-dangerous-than-you-think%2F#%7B%22ci%22%3A1%2C%22os%22%3A1452.3200000003271%7D\" height=\"810\" frameborder=\"0\" scrolling=\"no\" allowfullscreen=\"allowfullscreen\" data-instgrm-payload-id=\"instagram-media-payload-1\"><\/iframe><\/p>\n<p>A holland ajt\u00f3nyit\u00e1s nem csup\u00e1n arra k\u00e9sztet, hogy a fejedet is h\u00e1tra ford\u00edtsd, hanem azt is el\u0151seg\u00edti, hogy csak r\u00e9snyire nyisd ki az ajt\u00f3t, amely \u00e1ltal a B-oszlop takar\u00e1sa n\u00e9lk\u00fcl is r\u00e1l\u00e1t\u00e1sod lesz az aut\u00f3 m\u00f6g\u00f6tti ter\u00fcletre. Hollandi\u00e1ban ugyan nem \u201eholland\u201d ajt\u00f3nyit\u00e1snak h\u00edvj\u00e1k, de ez a mozdulat alapvet\u0151 r\u00e9sze a holland aut\u00f3siskolai tananyagnak. Ezen k\u00edv\u00fcl a v\u00e9gs\u0151 gyakorlati vizsg\u00e1n is tesztelik, amely n\u00f6veli az es\u00e9ly\u00e9t annak, hogy az aut\u00f3vezet\u0151kn\u00e9l ber\u00f6gz\u00fclj\u00f6n. Ji\u0159\u00ed Polomis hozz\u00e1teszi, hogy az aut\u00f3vezet\u0151knek t\u00e1j\u00e9koztatniuk kellene az utasaikat is err\u0151l a k\u00f6teless\u00e9g\u00fckr\u0151l, \u00e9s az \u00e9sszer\u0171s\u00e9g hat\u00e1rain bel\u00fcl ellen\u0151rizni\u00fck kellene, hogy ennek az utasok eleget tesznek-e. \u201eEz els\u0151sorban a gyerekekre vonatkozik\u201d &#8211; mondja a pr\u00e1gai k\u00f6zleked\u00e9si szakember.<\/p>\n<h2>Odafigyel\u00e9s Berlinben<\/h2>\n<p>2018 m\u00e1rcius\u00e1ban Berlinben a \u201eBerlin nimmt R\u00fccksicht\u201d azaz \u201eBerlin odafigyel\u201d n\u00e9vre keresztelt kezdem\u00e9nyez\u00e9s keretein bel\u00fcl ind\u00edtottak egy programot, amely a \u201eR\u00fccksicht mit R\u00fcckblick\u201d vagyis az \u201eOdafigyel\u00e9s visszapillant\u00e1ssal\u201d nevet kapta. A kamp\u00e1ny r\u00e9szek\u00e9nt t\u00f6bb t\u00edzezer matric\u00e1t gy\u00e1rtottak le, amelyeken feliratok hirdett\u00e9k, hogy ajt\u00f3nyit\u00e1s el\u0151tt egy egyszer\u0171 h\u00e1trapillant\u00e1s \u00e9leteket menthet. A matric\u00e1kat aut\u00f3vezet\u0151knek osztott\u00e1k sz\u00e9t, hogy az aut\u00f3ban felragasztva eml\u00e9keztess\u00e9k \u0151ket, kisz\u00e1ll\u00e1s el\u0151tt n\u00e9zzenek h\u00e1tra. Ezen k\u00edv\u00fcl, a ker\u00e9kp\u00e1rosokat a vil\u00e1g\u00edt\u00e1s haszn\u00e1lat\u00e1ra intett\u00e9k a jobb l\u00e1that\u00f3s\u00e1g \u00e9rdek\u00e9ben, illetve a parkol\u00f3 aut\u00f3kt\u00f3l val\u00f3 m\u00e1sf\u00e9l m\u00e9teres t\u00e1vols\u00e1g betart\u00e1s\u00e1ra k\u00e9rt\u00e9k, m\u00e9g akkor is, ha ez\u00e1ltal a ker\u00e9kp\u00e1rnyom, s\u00e1v vagy \u00fat k\u00f6zep\u00e9n k\u00e9nytelenek haladni.<\/p>\n<p>Val\u00f3j\u00e1ban az \u00e1ltal\u00e1nos szint\u0171 oktat\u00e1s legnagyobb hull\u00e1ma 1970-ben s\u00f6p\u00f6rt v\u00e9gig Hollandi\u00e1n. A \u201eStop the Kindermoord\u201d vagyis \u201eEl\u00e9g volt a gyerekgyilkoss\u00e1gokb\u00f3l\u201d n\u00e9ven elh\u00edres\u00fclt t\u00fcntet\u00e9ssorozat r\u00e9szek\u00e9nt, amely azut\u00e1n indult, hogy az orsz\u00e1gban egy \u00e9v leforg\u00e1sa alatt t\u00f6bb mint 500 gyermek vesztette \u00e9let\u00e9t k\u00f6zleked\u00e9si balesetben. A projektet k\u00f6vet\u0151en, t\u00f6bb m\u00e1s v\u00e1rosrendez\u00e9si v\u00e1ltoztat\u00e1s mellett, Hollandia \u00faj ker\u00e9kp\u00e1rutakat \u00e9p\u00edtett annak \u00e9rdek\u00e9ben, hogy a v\u00e1rosaikat mindenki, \u00edgy a biciklisek sz\u00e1m\u00e1ra is a lehet\u0151 legbiztons\u00e1gosabb\u00e1 tegy\u00e9k.<\/p>\n<figure id=\"attachment_143502\" class=\"wp-caption alignnone\" style=\"width: 800px;\"><a class=\"colorbox-initialized cboxElement\" href=\"https:\/\/d2p6e6u75xmxt8.cloudfront.net\/2\/2016\/11\/worlds-first-suspended-bicycle-roundabout-hovenring-by-ipv-delft-netherlands-1.jpg\"><img loading=\"lazy\" decoding=\"async\" class=\"wp-image-143502 size-full loading\" src=\"https:\/\/d2p6e6u75xmxt8.cloudfront.net\/2\/2016\/11\/worlds-first-suspended-bicycle-roundabout-hovenring-by-ipv-delft-netherlands-1.jpg\" sizes=\"auto, (max-width: 800px) 100vw, 800px\" srcset=\"https:\/\/d2p6e6u75xmxt8.cloudfront.net\/2\/2016\/11\/worlds-first-suspended-bicycle-roundabout-hovenring-by-ipv-delft-netherlands-1.jpg 800w, https:\/\/d2p6e6u75xmxt8.cloudfront.net\/2\/2016\/11\/worlds-first-suspended-bicycle-roundabout-hovenring-by-ipv-delft-netherlands-1-300x200.jpg 300w, https:\/\/d2p6e6u75xmxt8.cloudfront.net\/2\/2016\/11\/worlds-first-suspended-bicycle-roundabout-hovenring-by-ipv-delft-netherlands-1-768x512.jpg 768w, https:\/\/d2p6e6u75xmxt8.cloudfront.net\/2\/2016\/11\/worlds-first-suspended-bicycle-roundabout-hovenring-by-ipv-delft-netherlands-1-272x182.jpg 272w\" alt=\"\" width=\"800\" height=\"533\" data-was-processed=\"true\" \/><\/a><figcaption class=\"wp-caption-text\"><\/figcaption><\/figure>\n<p>Fejl\u0151d\u0151 infrastrukt\u00fara, \u00faj, elk\u00fcl\u00f6n\u00edtett ker\u00e9kp\u00e1rutak \u00e9p\u00edt\u00e9se, szigor\u00fabb g\u00e9pj\u00e1rm\u0171vezet\u0151i k\u00e9pz\u00e9s \u00e9s nehezebb tesztek \u2013 ezek egy\u00fcttesen seg\u00edtettek cs\u00f6kkenteni a s\u00e9r\u00fcl\u00e9sek sz\u00e1m\u00e1t a hollandiai utakon.\u00a0 D\u00e1ni\u00e1val kar\u00f6ltve, Hollandia k\u00f6vetend\u0151 p\u00e9ld\u00e1t mutatott az eg\u00e9sz vil\u00e1gnak. Feltehet\u0151en ez\u00e9rt is nevezte el a New York Times a t\u00e1volabbi k\u00e9zzel t\u00f6rt\u00e9n\u0151 ajt\u00f3nyit\u00e1s mozdulat\u00e1t holland ajt\u00f3nyit\u00e1snak. Az elnevez\u00e9s hamar bevett\u00e9 v\u00e1lt, \u00e9s ma m\u00e1r t\u00f6bb orsz\u00e1gban is haszn\u00e1lj\u00e1k. Vajon legk\u00f6zelebb, ha az ajt\u00f3kilincs\u00e9rt ny\u00falsz, neked is eszedbe fog jutni?<\/p>\n<\/div>\n","protected":false},"excerpt":{"rendered":"<p>Mindig v\u00e1ratlanul t\u00f6rt\u00e9nik, \u00e9s amikor megt\u00f6rt\u00e9nt, m\u00e1r nincs mit tenni. A hirtelen ajt\u00f3nyit\u00e1s alatt azt \u00e9rtj\u00fck, amikor pontosan a biciklid [&hellip;]<\/p>\n","protected":false},"author":71,"featured_media":3561,"comment_status":"open","ping_status":"open","sticky":false,"template":"","format":"video","meta":{"footnotes":""},"categories":[10],"tags":[329,294,330],"global-categories":[],"class_list":["post-2784","post","type-post","status-publish","format-video","has-post-thumbnail","hentry","category-biztonsag","tag-ajtonyitas","tag-baleset","tag-holland-nyitas","post_format-post-format-video"],"yoast_head":"<!-- This site is optimized with the Yoast SEO Premium plugin v25.3 (Yoast SEO v25.9) - https:\/\/yoast.com\/wordpress\/plugins\/seo\/ -->\n<title>A hirtelen ajt\u00f3nyit\u00e1s sokkal vesz\u00e9lyesebb, mint gondoln\u00e1d - \u0160koda We Love Cycling - Magyarorsz\u00e1g<\/title>\n<meta name=\"robots\" content=\"index, follow, max-snippet:-1, max-image-preview:large, max-video-preview:-1\" \/>\n<link rel=\"canonical\" href=\"https:\/\/www.welovecycling.com\/hu\/biztonsag\/ajtonyitas\/\" \/>\n<meta property=\"og:locale\" content=\"hu_HU\" \/>\n<meta property=\"og:type\" content=\"article\" \/>\n<meta property=\"og:title\" content=\"A hirtelen ajt\u00f3nyit\u00e1s sokkal vesz\u00e9lyesebb, mint gondoln\u00e1d\" \/>\n<meta property=\"og:description\" content=\"Mindig v\u00e1ratlanul t\u00f6rt\u00e9nik, \u00e9s amikor megt\u00f6rt\u00e9nt, m\u00e1r nincs mit tenni. A hirtelen ajt\u00f3nyit\u00e1s alatt azt \u00e9rtj\u00fck, amikor pontosan a biciklid [&hellip;]\" \/>\n<meta property=\"og:url\" content=\"https:\/\/www.welovecycling.com\/hu\/biztonsag\/ajtonyitas\/\" \/>\n<meta property=\"og:site_name\" content=\"\u0160koda We Love Cycling - Magyarorsz\u00e1g\" \/>\n<meta property=\"article:publisher\" content=\"https:\/\/www.facebook.com\/WeLoveCyclingHungary\/\" \/>\n<meta property=\"article:published_time\" content=\"2019-02-23T17:00:08+00:00\" \/>\n<meta property=\"article:modified_time\" content=\"2019-05-30T10:07:45+00:00\" \/>\n<meta property=\"og:image\" content=\"https:\/\/d2p6e6u75xmxt8.cloudfront.net\/12\/2019\/05\/WL008_Web_Thumbnails_ajtozas_v1.png\" \/>\n\t<meta property=\"og:image:width\" content=\"1280\" \/>\n\t<meta property=\"og:image:height\" content=\"720\" \/>\n\t<meta property=\"og:image:type\" content=\"image\/png\" \/>\n<meta name=\"author\" content=\"hegyizs\" \/>\n<meta name=\"twitter:card\" content=\"summary_large_image\" \/>\n<meta name=\"twitter:label1\" content=\"Written by\" \/>\n\t<meta name=\"twitter:data1\" content=\"hegyizs\" \/>\n\t<meta name=\"twitter:label2\" content=\"Est. reading time\" \/>\n\t<meta name=\"twitter:data2\" content=\"9 minutes\" \/>\n<script type=\"application\/ld+json\" class=\"yoast-schema-graph\">{\"@context\":\"https:\/\/schema.org\",\"@graph\":[{\"@type\":\"WebPage\",\"@id\":\"https:\/\/www.welovecycling.com\/hu\/biztonsag\/ajtonyitas\/\",\"url\":\"https:\/\/www.welovecycling.com\/hu\/biztonsag\/ajtonyitas\/\",\"name\":\"A hirtelen ajt\u00f3nyit\u00e1s sokkal vesz\u00e9lyesebb, mint gondoln\u00e1d - \u0160koda We Love Cycling - Magyarorsz\u00e1g\",\"isPartOf\":{\"@id\":\"https:\/\/www.welovecycling.com\/hu\/#website\"},\"primaryImageOfPage\":{\"@id\":\"https:\/\/www.welovecycling.com\/hu\/biztonsag\/ajtonyitas\/#primaryimage\"},\"image\":{\"@id\":\"https:\/\/www.welovecycling.com\/hu\/biztonsag\/ajtonyitas\/#primaryimage\"},\"thumbnailUrl\":\"https:\/\/d2p6e6u75xmxt8.cloudfront.net\/12\/2019\/05\/WL008_Web_Thumbnails_ajtozas_v1.png\",\"datePublished\":\"2019-02-23T17:00:08+00:00\",\"dateModified\":\"2019-05-30T10:07:45+00:00\",\"author\":{\"@id\":\"https:\/\/www.welovecycling.com\/hu\/#\/schema\/person\/414a2aebf1801691a5320edb6468e194\"},\"breadcrumb\":{\"@id\":\"https:\/\/www.welovecycling.com\/hu\/biztonsag\/ajtonyitas\/#breadcrumb\"},\"inLanguage\":\"hu\",\"potentialAction\":[{\"@type\":\"ReadAction\",\"target\":[\"https:\/\/www.welovecycling.com\/hu\/biztonsag\/ajtonyitas\/\"]}]},{\"@type\":\"ImageObject\",\"inLanguage\":\"hu\",\"@id\":\"https:\/\/www.welovecycling.com\/hu\/biztonsag\/ajtonyitas\/#primaryimage\",\"url\":\"https:\/\/d2p6e6u75xmxt8.cloudfront.net\/12\/2019\/05\/WL008_Web_Thumbnails_ajtozas_v1.png\",\"contentUrl\":\"https:\/\/d2p6e6u75xmxt8.cloudfront.net\/12\/2019\/05\/WL008_Web_Thumbnails_ajtozas_v1.png\",\"width\":1280,\"height\":720},{\"@type\":\"BreadcrumbList\",\"@id\":\"https:\/\/www.welovecycling.com\/hu\/biztonsag\/ajtonyitas\/#breadcrumb\",\"itemListElement\":[{\"@type\":\"ListItem\",\"position\":1,\"name\":\"Home\",\"item\":\"https:\/\/www.welovecycling.com\/hu\/\"},{\"@type\":\"ListItem\",\"position\":2,\"name\":\"A hirtelen ajt\u00f3nyit\u00e1s sokkal vesz\u00e9lyesebb, mint gondoln\u00e1d\"}]},{\"@type\":\"WebSite\",\"@id\":\"https:\/\/www.welovecycling.com\/hu\/#website\",\"url\":\"https:\/\/www.welovecycling.com\/hu\/\",\"name\":\"\u0160koda We Love Cycling - Magyarorsz\u00e1g\",\"description\":\"\u0160koda WeLoveCycling\",\"potentialAction\":[{\"@type\":\"SearchAction\",\"target\":{\"@type\":\"EntryPoint\",\"urlTemplate\":\"https:\/\/www.welovecycling.com\/hu\/?s={search_term_string}\"},\"query-input\":{\"@type\":\"PropertyValueSpecification\",\"valueRequired\":true,\"valueName\":\"search_term_string\"}}],\"inLanguage\":\"hu\"},{\"@type\":\"Person\",\"@id\":\"https:\/\/www.welovecycling.com\/hu\/#\/schema\/person\/414a2aebf1801691a5320edb6468e194\",\"name\":\"hegyizs\",\"image\":{\"@type\":\"ImageObject\",\"inLanguage\":\"hu\",\"@id\":\"https:\/\/www.welovecycling.com\/hu\/#\/schema\/person\/image\/\",\"url\":\"https:\/\/secure.gravatar.com\/avatar\/02cf8a7906b8cf90cecb4679defac7cfd33a1c2e3b88e4903d947f3bb58eedd3?s=96&d=mm&r=g\",\"contentUrl\":\"https:\/\/secure.gravatar.com\/avatar\/02cf8a7906b8cf90cecb4679defac7cfd33a1c2e3b88e4903d947f3bb58eedd3?s=96&d=mm&r=g\",\"caption\":\"hegyizs\"},\"url\":\"https:\/\/www.welovecycling.com\/hu\/author\/hegyizs\/\"}]}<\/script>\n<!-- \/ Yoast SEO Premium plugin. -->","yoast_head_json":{"title":"A hirtelen ajt\u00f3nyit\u00e1s sokkal vesz\u00e9lyesebb, mint gondoln\u00e1d - \u0160koda We Love Cycling - Magyarorsz\u00e1g","robots":{"index":"index","follow":"follow","max-snippet":"max-snippet:-1","max-image-preview":"max-image-preview:large","max-video-preview":"max-video-preview:-1"},"canonical":"https:\/\/www.welovecycling.com\/hu\/biztonsag\/ajtonyitas\/","og_locale":"hu_HU","og_type":"article","og_title":"A hirtelen ajt\u00f3nyit\u00e1s sokkal vesz\u00e9lyesebb, mint gondoln\u00e1d","og_description":"Mindig v\u00e1ratlanul t\u00f6rt\u00e9nik, \u00e9s amikor megt\u00f6rt\u00e9nt, m\u00e1r nincs mit tenni. A hirtelen ajt\u00f3nyit\u00e1s alatt azt \u00e9rtj\u00fck, amikor pontosan a biciklid [&hellip;]","og_url":"https:\/\/www.welovecycling.com\/hu\/biztonsag\/ajtonyitas\/","og_site_name":"\u0160koda We Love Cycling - Magyarorsz\u00e1g","article_publisher":"https:\/\/www.facebook.com\/WeLoveCyclingHungary\/","article_published_time":"2019-02-23T17:00:08+00:00","article_modified_time":"2019-05-30T10:07:45+00:00","og_image":[{"width":1280,"height":720,"url":"https:\/\/d2p6e6u75xmxt8.cloudfront.net\/12\/2019\/05\/WL008_Web_Thumbnails_ajtozas_v1.png","type":"image\/png"}],"author":"hegyizs","twitter_card":"summary_large_image","twitter_misc":{"Written by":"hegyizs","Est. reading time":"9 minutes"},"schema":{"@context":"https:\/\/schema.org","@graph":[{"@type":"WebPage","@id":"https:\/\/www.welovecycling.com\/hu\/biztonsag\/ajtonyitas\/","url":"https:\/\/www.welovecycling.com\/hu\/biztonsag\/ajtonyitas\/","name":"A hirtelen ajt\u00f3nyit\u00e1s sokkal vesz\u00e9lyesebb, mint gondoln\u00e1d - \u0160koda We Love Cycling - Magyarorsz\u00e1g","isPartOf":{"@id":"https:\/\/www.welovecycling.com\/hu\/#website"},"primaryImageOfPage":{"@id":"https:\/\/www.welovecycling.com\/hu\/biztonsag\/ajtonyitas\/#primaryimage"},"image":{"@id":"https:\/\/www.welovecycling.com\/hu\/biztonsag\/ajtonyitas\/#primaryimage"},"thumbnailUrl":"https:\/\/d2p6e6u75xmxt8.cloudfront.net\/12\/2019\/05\/WL008_Web_Thumbnails_ajtozas_v1.png","datePublished":"2019-02-23T17:00:08+00:00","dateModified":"2019-05-30T10:07:45+00:00","author":{"@id":"https:\/\/www.welovecycling.com\/hu\/#\/schema\/person\/414a2aebf1801691a5320edb6468e194"},"breadcrumb":{"@id":"https:\/\/www.welovecycling.com\/hu\/biztonsag\/ajtonyitas\/#breadcrumb"},"inLanguage":"hu","potentialAction":[{"@type":"ReadAction","target":["https:\/\/www.welovecycling.com\/hu\/biztonsag\/ajtonyitas\/"]}]},{"@type":"ImageObject","inLanguage":"hu","@id":"https:\/\/www.welovecycling.com\/hu\/biztonsag\/ajtonyitas\/#primaryimage","url":"https:\/\/d2p6e6u75xmxt8.cloudfront.net\/12\/2019\/05\/WL008_Web_Thumbnails_ajtozas_v1.png","contentUrl":"https:\/\/d2p6e6u75xmxt8.cloudfront.net\/12\/2019\/05\/WL008_Web_Thumbnails_ajtozas_v1.png","width":1280,"height":720},{"@type":"BreadcrumbList","@id":"https:\/\/www.welovecycling.com\/hu\/biztonsag\/ajtonyitas\/#breadcrumb","itemListElement":[{"@type":"ListItem","position":1,"name":"Home","item":"https:\/\/www.welovecycling.com\/hu\/"},{"@type":"ListItem","position":2,"name":"A hirtelen ajt\u00f3nyit\u00e1s sokkal vesz\u00e9lyesebb, mint gondoln\u00e1d"}]},{"@type":"WebSite","@id":"https:\/\/www.welovecycling.com\/hu\/#website","url":"https:\/\/www.welovecycling.com\/hu\/","name":"\u0160koda We Love Cycling - Magyarorsz\u00e1g","description":"\u0160koda WeLoveCycling","potentialAction":[{"@type":"SearchAction","target":{"@type":"EntryPoint","urlTemplate":"https:\/\/www.welovecycling.com\/hu\/?s={search_term_string}"},"query-input":{"@type":"PropertyValueSpecification","valueRequired":true,"valueName":"search_term_string"}}],"inLanguage":"hu"},{"@type":"Person","@id":"https:\/\/www.welovecycling.com\/hu\/#\/schema\/person\/414a2aebf1801691a5320edb6468e194","name":"hegyizs","image":{"@type":"ImageObject","inLanguage":"hu","@id":"https:\/\/www.welovecycling.com\/hu\/#\/schema\/person\/image\/","url":"https:\/\/secure.gravatar.com\/avatar\/02cf8a7906b8cf90cecb4679defac7cfd33a1c2e3b88e4903d947f3bb58eedd3?s=96&d=mm&r=g","contentUrl":"https:\/\/secure.gravatar.com\/avatar\/02cf8a7906b8cf90cecb4679defac7cfd33a1c2e3b88e4903d947f3bb58eedd3?s=96&d=mm&r=g","caption":"hegyizs"},"url":"https:\/\/www.welovecycling.com\/hu\/author\/hegyizs\/"}]}},"_links":{"self":[{"href":"https:\/\/www.welovecycling.com\/hu\/wp-json\/wp\/v2\/posts\/2784","targetHints":{"allow":["GET"]}}],"collection":[{"href":"https:\/\/www.welovecycling.com\/hu\/wp-json\/wp\/v2\/posts"}],"about":[{"href":"https:\/\/www.welovecycling.com\/hu\/wp-json\/wp\/v2\/types\/post"}],"author":[{"embeddable":true,"href":"https:\/\/www.welovecycling.com\/hu\/wp-json\/wp\/v2\/users\/71"}],"replies":[{"embeddable":true,"href":"https:\/\/www.welovecycling.com\/hu\/wp-json\/wp\/v2\/comments?post=2784"}],"version-history":[{"count":2,"href":"https:\/\/www.welovecycling.com\/hu\/wp-json\/wp\/v2\/posts\/2784\/revisions"}],"predecessor-version":[{"id":2804,"href":"https:\/\/www.welovecycling.com\/hu\/wp-json\/wp\/v2\/posts\/2784\/revisions\/2804"}],"wp:featuredmedia":[{"embeddable":true,"href":"https:\/\/www.welovecycling.com\/hu\/wp-json\/wp\/v2\/media\/3561"}],"wp:attachment":[{"href":"https:\/\/www.welovecycling.com\/hu\/wp-json\/wp\/v2\/media?parent=2784"}],"wp:term":[{"taxonomy":"category","embeddable":true,"href":"https:\/\/www.welovecycling.com\/hu\/wp-json\/wp\/v2\/categories?post=2784"},{"taxonomy":"post_tag","embeddable":true,"href":"https:\/\/www.welovecycling.com\/hu\/wp-json\/wp\/v2\/tags?post=2784"},{"taxonomy":"global-categories","embeddable":true,"href":"https:\/\/www.welovecycling.com\/hu\/wp-json\/wp\/v2\/global-categories?post=2784"}],"curies":[{"name":"wp","href":"https:\/\/api.w.org\/{rel}","templated":true}]}}