{"id":2762,"date":"2019-02-17T10:00:33","date_gmt":"2019-02-17T09:00:33","guid":{"rendered":"https:\/\/www.welovecycling.com\/hu\/?p=2762"},"modified":"2019-02-12T16:32:17","modified_gmt":"2019-02-12T15:32:17","slug":"szines-hirek-a-biciklizes-vilagabol","status":"publish","type":"post","link":"https:\/\/www.welovecycling.com\/hu\/uncategorized\/szines-hirek-a-biciklizes-vilagabol\/","title":{"rendered":"\u0150z \u00e9s egy\u00e9b \u00e1llati h\u00edrek a ker\u00e9kp\u00e1r vil\u00e1g\u00e1b\u00f3l"},"content":{"rendered":"<p><strong>Itt egy \u00fajabb h\u00e9t, \u00edme v\u00e1logat\u00e1sunk a ker\u00e9kp\u00e1rvil\u00e1g friss h\u00edreib\u0151l. Mi t\u00f6rt\u00e9nt a k\u00f6zelm\u00faltban?<\/strong><\/p>\n<h2>Ker\u00fcld el az \u00fctk\u0150Z\u00e9st!<\/h2>\n<p>Az \u00fctk\u00f6z\u00e9st minden k\u00f6r\u00fclm\u00e9nyek k\u00f6z\u00f6tt tan\u00e1csos elker\u00fclni, \u00e9s az k\u00fcl\u00f6n\u00f6sen nem gyakori, hogy a k\u00f6z\u00f6ss\u00e9gi oldaladra akarok kiposztolni, ha m\u00e9gis megt\u00f6rt\u00e9nt. Ez azonban t\u00e9nyleg a falra k\u00edv\u00e1nkozik. Az arizonai Mount Lemmon k\u00f6rny\u00e9k\u00e9n tekert egy bar\u00e1ti t\u00e1rsas\u00e1g, amikor egy \u0151z ugrott el\u0151 a semmib\u0151l, \u00e9s egyik\u00fcket el is kapta oldalr\u00f3l. Nagy szerencse, hogy egy l\u00e1bfejt\u00f6r\u00e9ssel, kev\u00e9s horzsol\u00e1ssal \u00e9s egy ripity\u00e1ra t\u00f6rt biciklivel meg\u00faszt\u00e1k. Ilyen \u00e9lm\u00e9ny (rem\u00e9lhet\u0151leg) t\u00e9nyleg legfeljebb egyszer \u00e9ri az embert \u00e9let\u00e9ben, m\u00e1zli, hogy nem lett rosszabb v\u00e9ge.<\/p>\n<p><iframe loading=\"lazy\" src=\"https:\/\/www.youtube-nocookie.com\/embed\/MaLmkS_WRGk?feature=oembed\" width=\"500\" height=\"281\" frameborder=\"0\" allowfullscreen=\"allowfullscreen\"><\/iframe><\/p>\n<h2>Mi\u00e9rt?<\/h2>\n<p><iframe id=\"instagram-embed-0\" class=\"instagram-media instagram-media-rendered\" style=\"background: white; max-width: 500px; width: calc(100% - 2px); border-radius: 3px; border: 1px solid #dbdbdb; box-shadow: none; display: block; margin: 0px 0px 12px; min-width: 326px; padding: 0px;\" src=\"https:\/\/www.instagram.com\/p\/BtIoCu2HWOK\/embed\/captioned\/?cr=1&amp;v=12&amp;wp=1000&amp;rd=https%3A%2F%2Fwww.welovecycling.com&amp;rp=%2Fwide%2F2019%2F01%2F28%2Foh-deer-and-other-cool-news-from-the-world-of-cycling%2F#%7B%22ci%22%3A0%2C%22os%22%3A2091.50000000227%7D\" height=\"792\" frameborder=\"0\" scrolling=\"no\" allowfullscreen=\"allowfullscreen\" data-instgrm-payload-id=\"instagram-media-payload-0\"><\/iframe><\/p>\n<h2>Ez meg milyen var\u00e1zslat?<\/h2>\n<div class=\"embed-controller-wrapper\">\n<blockquote class=\"twitter-tweet\" data-width=\"500\" data-dnt=\"true\">\n<p lang=\"es\" dir=\"ltr\">Trabajando duro para intentar tener las mismas piernas que el a\u00f1o pasado \/ Working hard to try having the same legs as last year (Foto Sigfrid Eggers) <a href=\"https:\/\/t.co\/BF8T078iU6\">pic.twitter.com\/BF8T078iU6<\/a><\/p>\n<p>&mdash; Enric Mas Nicolau (@EnricMasNicolau) <a href=\"https:\/\/twitter.com\/EnricMasNicolau\/status\/1087431683325022209?ref_src=twsrc%5Etfw\">January 21, 2019<\/a><\/p><\/blockquote>\n<p><script async data-src=\"https:\/\/platform.twitter.com\/widgets.js\" charset=\"utf-8\"><\/script><\/div>\n<h2>\u00c9ld az \u00e1lmot!<\/h2>\n<div class=\"embed-controller-wrapper\">\n<blockquote class=\"twitter-tweet\" data-width=\"500\" data-dnt=\"true\">\n<p lang=\"en\" dir=\"ltr\">If I was a mountain goat. I feel I&#39;d be this mountain goat. <a href=\"https:\/\/t.co\/dnA6gWNfgD\">pic.twitter.com\/dnA6gWNfgD<\/a><\/p>\n<p>&mdash; Conor Dunne (@conordunnealot) <a href=\"https:\/\/twitter.com\/conordunnealot\/status\/1087284062639804418?ref_src=twsrc%5Etfw\">January 21, 2019<\/a><\/p><\/blockquote>\n<p><script async data-src=\"https:\/\/platform.twitter.com\/widgets.js\" charset=\"utf-8\"><\/script><\/div>\n<h2>J\u00e1rtunk m\u00e1r \u00edgy<\/h2>\n<div class=\"embed-controller-wrapper\">\n<blockquote class=\"twitter-tweet\" data-width=\"500\" data-dnt=\"true\">\n<p lang=\"en\" dir=\"ltr\">After reaching the limit on the bike, there\u2019s always another limit to reach on foot \ud83e\udd23 <a href=\"https:\/\/t.co\/n45ZHVXIF1\">pic.twitter.com\/n45ZHVXIF1<\/a><\/p>\n<p>&mdash; Alex Howes (@alex_howes) <a href=\"https:\/\/twitter.com\/alex_howes\/status\/1087213153979527168?ref_src=twsrc%5Etfw\">January 21, 2019<\/a><\/p><\/blockquote>\n<p><script async data-src=\"https:\/\/platform.twitter.com\/widgets.js\" charset=\"utf-8\"><\/script><\/div>\n","protected":false},"excerpt":{"rendered":"<p>Itt egy \u00fajabb h\u00e9t, \u00edme v\u00e1logat\u00e1sunk a ker\u00e9kp\u00e1rvil\u00e1g friss h\u00edreib\u0151l. Mi t\u00f6rt\u00e9nt a k\u00f6zelm\u00faltban? Ker\u00fcld el az \u00fctk\u0150Z\u00e9st! Az \u00fctk\u00f6z\u00e9st [&hellip;]<\/p>\n","protected":false},"author":71,"featured_media":2776,"comment_status":"open","ping_status":"open","sticky":false,"template":"","format":"standard","meta":{"footnotes":""},"categories":[1],"tags":[],"global-categories":[],"class_list":["post-2762","post","type-post","status-publish","format-standard","has-post-thumbnail","hentry","category-uncategorized"],"yoast_head":"<!-- This site is optimized with the Yoast SEO Premium plugin v25.3 (Yoast SEO v25.9) - https:\/\/yoast.com\/wordpress\/plugins\/seo\/ -->\n<title>\u0150z \u00e9s egy\u00e9b \u00e1llati h\u00edrek a ker\u00e9kp\u00e1r vil\u00e1g\u00e1b\u00f3l - \u0160koda We Love Cycling - Magyarorsz\u00e1g<\/title>\n<meta name=\"robots\" content=\"index, follow, max-snippet:-1, max-image-preview:large, max-video-preview:-1\" \/>\n<link rel=\"canonical\" href=\"https:\/\/www.welovecycling.com\/hu\/uncategorized\/szines-hirek-a-biciklizes-vilagabol\/\" \/>\n<meta property=\"og:locale\" content=\"hu_HU\" \/>\n<meta property=\"og:type\" content=\"article\" \/>\n<meta property=\"og:title\" content=\"\u0150z \u00e9s egy\u00e9b \u00e1llati h\u00edrek a ker\u00e9kp\u00e1r vil\u00e1g\u00e1b\u00f3l\" \/>\n<meta property=\"og:description\" content=\"Itt egy \u00fajabb h\u00e9t, \u00edme v\u00e1logat\u00e1sunk a ker\u00e9kp\u00e1rvil\u00e1g friss h\u00edreib\u0151l. Mi t\u00f6rt\u00e9nt a k\u00f6zelm\u00faltban? Ker\u00fcld el az \u00fctk\u0150Z\u00e9st! Az \u00fctk\u00f6z\u00e9st [&hellip;]\" \/>\n<meta property=\"og:url\" content=\"https:\/\/www.welovecycling.com\/hu\/uncategorized\/szines-hirek-a-biciklizes-vilagabol\/\" \/>\n<meta property=\"og:site_name\" content=\"\u0160koda We Love Cycling - Magyarorsz\u00e1g\" \/>\n<meta property=\"article:publisher\" content=\"https:\/\/www.facebook.com\/WeLoveCyclingHungary\/\" \/>\n<meta property=\"article:published_time\" content=\"2019-02-17T09:00:33+00:00\" \/>\n<meta property=\"og:image\" content=\"https:\/\/d2p6e6u75xmxt8.cloudfront.net\/12\/2019\/02\/Deer-Cycling-Crash-CVR-1024x450.jpg\" \/>\n\t<meta property=\"og:image:width\" content=\"1024\" \/>\n\t<meta property=\"og:image:height\" content=\"450\" \/>\n\t<meta property=\"og:image:type\" content=\"image\/jpeg\" \/>\n<meta name=\"author\" content=\"hegyizs\" \/>\n<meta name=\"twitter:card\" content=\"summary_large_image\" \/>\n<meta name=\"twitter:label1\" content=\"Written by\" \/>\n\t<meta name=\"twitter:data1\" content=\"hegyizs\" \/>\n\t<meta name=\"twitter:label2\" content=\"Est. reading time\" \/>\n\t<meta name=\"twitter:data2\" content=\"1 minute\" \/>\n<script type=\"application\/ld+json\" class=\"yoast-schema-graph\">{\"@context\":\"https:\/\/schema.org\",\"@graph\":[{\"@type\":\"WebPage\",\"@id\":\"https:\/\/www.welovecycling.com\/hu\/uncategorized\/szines-hirek-a-biciklizes-vilagabol\/\",\"url\":\"https:\/\/www.welovecycling.com\/hu\/uncategorized\/szines-hirek-a-biciklizes-vilagabol\/\",\"name\":\"\u0150z \u00e9s egy\u00e9b \u00e1llati h\u00edrek a ker\u00e9kp\u00e1r vil\u00e1g\u00e1b\u00f3l - \u0160koda We Love Cycling - Magyarorsz\u00e1g\",\"isPartOf\":{\"@id\":\"https:\/\/www.welovecycling.com\/hu\/#website\"},\"primaryImageOfPage\":{\"@id\":\"https:\/\/www.welovecycling.com\/hu\/uncategorized\/szines-hirek-a-biciklizes-vilagabol\/#primaryimage\"},\"image\":{\"@id\":\"https:\/\/www.welovecycling.com\/hu\/uncategorized\/szines-hirek-a-biciklizes-vilagabol\/#primaryimage\"},\"thumbnailUrl\":\"https:\/\/d2p6e6u75xmxt8.cloudfront.net\/12\/2019\/02\/Deer-Cycling-Crash-CVR-1024x450.jpg\",\"datePublished\":\"2019-02-17T09:00:33+00:00\",\"author\":{\"@id\":\"https:\/\/www.welovecycling.com\/hu\/#\/schema\/person\/414a2aebf1801691a5320edb6468e194\"},\"breadcrumb\":{\"@id\":\"https:\/\/www.welovecycling.com\/hu\/uncategorized\/szines-hirek-a-biciklizes-vilagabol\/#breadcrumb\"},\"inLanguage\":\"hu\",\"potentialAction\":[{\"@type\":\"ReadAction\",\"target\":[\"https:\/\/www.welovecycling.com\/hu\/uncategorized\/szines-hirek-a-biciklizes-vilagabol\/\"]}]},{\"@type\":\"ImageObject\",\"inLanguage\":\"hu\",\"@id\":\"https:\/\/www.welovecycling.com\/hu\/uncategorized\/szines-hirek-a-biciklizes-vilagabol\/#primaryimage\",\"url\":\"https:\/\/d2p6e6u75xmxt8.cloudfront.net\/12\/2019\/02\/Deer-Cycling-Crash-CVR-1024x450.jpg\",\"contentUrl\":\"https:\/\/d2p6e6u75xmxt8.cloudfront.net\/12\/2019\/02\/Deer-Cycling-Crash-CVR-1024x450.jpg\",\"width\":1024,\"height\":450},{\"@type\":\"BreadcrumbList\",\"@id\":\"https:\/\/www.welovecycling.com\/hu\/uncategorized\/szines-hirek-a-biciklizes-vilagabol\/#breadcrumb\",\"itemListElement\":[{\"@type\":\"ListItem\",\"position\":1,\"name\":\"Home\",\"item\":\"https:\/\/www.welovecycling.com\/hu\/\"},{\"@type\":\"ListItem\",\"position\":2,\"name\":\"\u0150z \u00e9s egy\u00e9b \u00e1llati h\u00edrek a ker\u00e9kp\u00e1r vil\u00e1g\u00e1b\u00f3l\"}]},{\"@type\":\"WebSite\",\"@id\":\"https:\/\/www.welovecycling.com\/hu\/#website\",\"url\":\"https:\/\/www.welovecycling.com\/hu\/\",\"name\":\"\u0160koda We Love Cycling - Magyarorsz\u00e1g\",\"description\":\"\u0160koda WeLoveCycling\",\"potentialAction\":[{\"@type\":\"SearchAction\",\"target\":{\"@type\":\"EntryPoint\",\"urlTemplate\":\"https:\/\/www.welovecycling.com\/hu\/?s={search_term_string}\"},\"query-input\":{\"@type\":\"PropertyValueSpecification\",\"valueRequired\":true,\"valueName\":\"search_term_string\"}}],\"inLanguage\":\"hu\"},{\"@type\":\"Person\",\"@id\":\"https:\/\/www.welovecycling.com\/hu\/#\/schema\/person\/414a2aebf1801691a5320edb6468e194\",\"name\":\"hegyizs\",\"image\":{\"@type\":\"ImageObject\",\"inLanguage\":\"hu\",\"@id\":\"https:\/\/www.welovecycling.com\/hu\/#\/schema\/person\/image\/\",\"url\":\"https:\/\/secure.gravatar.com\/avatar\/02cf8a7906b8cf90cecb4679defac7cfd33a1c2e3b88e4903d947f3bb58eedd3?s=96&d=mm&r=g\",\"contentUrl\":\"https:\/\/secure.gravatar.com\/avatar\/02cf8a7906b8cf90cecb4679defac7cfd33a1c2e3b88e4903d947f3bb58eedd3?s=96&d=mm&r=g\",\"caption\":\"hegyizs\"},\"url\":\"https:\/\/www.welovecycling.com\/hu\/author\/hegyizs\/\"}]}<\/script>\n<!-- \/ Yoast SEO Premium plugin. -->","yoast_head_json":{"title":"\u0150z \u00e9s egy\u00e9b \u00e1llati h\u00edrek a ker\u00e9kp\u00e1r vil\u00e1g\u00e1b\u00f3l - \u0160koda We Love Cycling - Magyarorsz\u00e1g","robots":{"index":"index","follow":"follow","max-snippet":"max-snippet:-1","max-image-preview":"max-image-preview:large","max-video-preview":"max-video-preview:-1"},"canonical":"https:\/\/www.welovecycling.com\/hu\/uncategorized\/szines-hirek-a-biciklizes-vilagabol\/","og_locale":"hu_HU","og_type":"article","og_title":"\u0150z \u00e9s egy\u00e9b \u00e1llati h\u00edrek a ker\u00e9kp\u00e1r vil\u00e1g\u00e1b\u00f3l","og_description":"Itt egy \u00fajabb h\u00e9t, \u00edme v\u00e1logat\u00e1sunk a ker\u00e9kp\u00e1rvil\u00e1g friss h\u00edreib\u0151l. Mi t\u00f6rt\u00e9nt a k\u00f6zelm\u00faltban? Ker\u00fcld el az \u00fctk\u0150Z\u00e9st! Az \u00fctk\u00f6z\u00e9st [&hellip;]","og_url":"https:\/\/www.welovecycling.com\/hu\/uncategorized\/szines-hirek-a-biciklizes-vilagabol\/","og_site_name":"\u0160koda We Love Cycling - Magyarorsz\u00e1g","article_publisher":"https:\/\/www.facebook.com\/WeLoveCyclingHungary\/","article_published_time":"2019-02-17T09:00:33+00:00","og_image":[{"width":1024,"height":450,"url":"https:\/\/d2p6e6u75xmxt8.cloudfront.net\/12\/2019\/02\/Deer-Cycling-Crash-CVR-1024x450.jpg","type":"image\/jpeg"}],"author":"hegyizs","twitter_card":"summary_large_image","twitter_misc":{"Written by":"hegyizs","Est. reading time":"1 minute"},"schema":{"@context":"https:\/\/schema.org","@graph":[{"@type":"WebPage","@id":"https:\/\/www.welovecycling.com\/hu\/uncategorized\/szines-hirek-a-biciklizes-vilagabol\/","url":"https:\/\/www.welovecycling.com\/hu\/uncategorized\/szines-hirek-a-biciklizes-vilagabol\/","name":"\u0150z \u00e9s egy\u00e9b \u00e1llati h\u00edrek a ker\u00e9kp\u00e1r vil\u00e1g\u00e1b\u00f3l - \u0160koda We Love Cycling - Magyarorsz\u00e1g","isPartOf":{"@id":"https:\/\/www.welovecycling.com\/hu\/#website"},"primaryImageOfPage":{"@id":"https:\/\/www.welovecycling.com\/hu\/uncategorized\/szines-hirek-a-biciklizes-vilagabol\/#primaryimage"},"image":{"@id":"https:\/\/www.welovecycling.com\/hu\/uncategorized\/szines-hirek-a-biciklizes-vilagabol\/#primaryimage"},"thumbnailUrl":"https:\/\/d2p6e6u75xmxt8.cloudfront.net\/12\/2019\/02\/Deer-Cycling-Crash-CVR-1024x450.jpg","datePublished":"2019-02-17T09:00:33+00:00","author":{"@id":"https:\/\/www.welovecycling.com\/hu\/#\/schema\/person\/414a2aebf1801691a5320edb6468e194"},"breadcrumb":{"@id":"https:\/\/www.welovecycling.com\/hu\/uncategorized\/szines-hirek-a-biciklizes-vilagabol\/#breadcrumb"},"inLanguage":"hu","potentialAction":[{"@type":"ReadAction","target":["https:\/\/www.welovecycling.com\/hu\/uncategorized\/szines-hirek-a-biciklizes-vilagabol\/"]}]},{"@type":"ImageObject","inLanguage":"hu","@id":"https:\/\/www.welovecycling.com\/hu\/uncategorized\/szines-hirek-a-biciklizes-vilagabol\/#primaryimage","url":"https:\/\/d2p6e6u75xmxt8.cloudfront.net\/12\/2019\/02\/Deer-Cycling-Crash-CVR-1024x450.jpg","contentUrl":"https:\/\/d2p6e6u75xmxt8.cloudfront.net\/12\/2019\/02\/Deer-Cycling-Crash-CVR-1024x450.jpg","width":1024,"height":450},{"@type":"BreadcrumbList","@id":"https:\/\/www.welovecycling.com\/hu\/uncategorized\/szines-hirek-a-biciklizes-vilagabol\/#breadcrumb","itemListElement":[{"@type":"ListItem","position":1,"name":"Home","item":"https:\/\/www.welovecycling.com\/hu\/"},{"@type":"ListItem","position":2,"name":"\u0150z \u00e9s egy\u00e9b \u00e1llati h\u00edrek a ker\u00e9kp\u00e1r vil\u00e1g\u00e1b\u00f3l"}]},{"@type":"WebSite","@id":"https:\/\/www.welovecycling.com\/hu\/#website","url":"https:\/\/www.welovecycling.com\/hu\/","name":"\u0160koda We Love Cycling - Magyarorsz\u00e1g","description":"\u0160koda WeLoveCycling","potentialAction":[{"@type":"SearchAction","target":{"@type":"EntryPoint","urlTemplate":"https:\/\/www.welovecycling.com\/hu\/?s={search_term_string}"},"query-input":{"@type":"PropertyValueSpecification","valueRequired":true,"valueName":"search_term_string"}}],"inLanguage":"hu"},{"@type":"Person","@id":"https:\/\/www.welovecycling.com\/hu\/#\/schema\/person\/414a2aebf1801691a5320edb6468e194","name":"hegyizs","image":{"@type":"ImageObject","inLanguage":"hu","@id":"https:\/\/www.welovecycling.com\/hu\/#\/schema\/person\/image\/","url":"https:\/\/secure.gravatar.com\/avatar\/02cf8a7906b8cf90cecb4679defac7cfd33a1c2e3b88e4903d947f3bb58eedd3?s=96&d=mm&r=g","contentUrl":"https:\/\/secure.gravatar.com\/avatar\/02cf8a7906b8cf90cecb4679defac7cfd33a1c2e3b88e4903d947f3bb58eedd3?s=96&d=mm&r=g","caption":"hegyizs"},"url":"https:\/\/www.welovecycling.com\/hu\/author\/hegyizs\/"}]}},"_links":{"self":[{"href":"https:\/\/www.welovecycling.com\/hu\/wp-json\/wp\/v2\/posts\/2762","targetHints":{"allow":["GET"]}}],"collection":[{"href":"https:\/\/www.welovecycling.com\/hu\/wp-json\/wp\/v2\/posts"}],"about":[{"href":"https:\/\/www.welovecycling.com\/hu\/wp-json\/wp\/v2\/types\/post"}],"author":[{"embeddable":true,"href":"https:\/\/www.welovecycling.com\/hu\/wp-json\/wp\/v2\/users\/71"}],"replies":[{"embeddable":true,"href":"https:\/\/www.welovecycling.com\/hu\/wp-json\/wp\/v2\/comments?post=2762"}],"version-history":[{"count":2,"href":"https:\/\/www.welovecycling.com\/hu\/wp-json\/wp\/v2\/posts\/2762\/revisions"}],"predecessor-version":[{"id":2775,"href":"https:\/\/www.welovecycling.com\/hu\/wp-json\/wp\/v2\/posts\/2762\/revisions\/2775"}],"wp:featuredmedia":[{"embeddable":true,"href":"https:\/\/www.welovecycling.com\/hu\/wp-json\/wp\/v2\/media\/2776"}],"wp:attachment":[{"href":"https:\/\/www.welovecycling.com\/hu\/wp-json\/wp\/v2\/media?parent=2762"}],"wp:term":[{"taxonomy":"category","embeddable":true,"href":"https:\/\/www.welovecycling.com\/hu\/wp-json\/wp\/v2\/categories?post=2762"},{"taxonomy":"post_tag","embeddable":true,"href":"https:\/\/www.welovecycling.com\/hu\/wp-json\/wp\/v2\/tags?post=2762"},{"taxonomy":"global-categories","embeddable":true,"href":"https:\/\/www.welovecycling.com\/hu\/wp-json\/wp\/v2\/global-categories?post=2762"}],"curies":[{"name":"wp","href":"https:\/\/api.w.org\/{rel}","templated":true}]}}