{"id":2735,"date":"2019-02-10T12:00:36","date_gmt":"2019-02-10T11:00:36","guid":{"rendered":"https:\/\/www.welovecycling.com\/hu\/?p=2735"},"modified":"2019-02-05T11:26:08","modified_gmt":"2019-02-05T10:26:08","slug":"bringatrendek-2019","status":"publish","type":"post","link":"https:\/\/www.welovecycling.com\/hu\/trekking-mtb\/bringatrendek-2019\/","title":{"rendered":"Az 5 legnagyobb bring\u00e1s trend 2019-re"},"content":{"rendered":"<p><strong>Ha azt hinn\u00e9d, a ker\u00e9kp\u00e1ros ipar\u00e1g nem tud m\u00e1r semmi \u00fajjal el\u0151rukkolni, akkor mutatunk p\u00e1r trendet, amikr\u0151l \u00fagy gondoljuk, mindenkinek annyira bej\u00f6nnek majd, mint nek\u00fcnk.<\/strong><\/p>\n<h2>Egy bringa mind felett<\/h2>\n<p>A ker\u00e9kp\u00e1rgy\u00e1rt\u00f3k nagyot fejl\u0151dtek abban, hogy olyan bring\u00e1kat gy\u00e1rtsanak, amelyek t\u00f6bbf\u00e9le c\u00e9lra is megfelel\u0151ek. A Trek Checkpoint, ahogy a fenti vide\u00f3ban is l\u00e1tszik, gravel bringak\u00e9nt van rekl\u00e1mozva, de az alacsony sebess\u00e9gi fokozat lehet\u0151v\u00e9 teszi az emelked\u0151k bev\u00e9tel\u00e9t \u00e9s az eg\u00e9sz kontinens k\u00f6rbeteker\u00e9s\u00e9t egyar\u00e1nt. Ha tervezel id\u00e9n bring\u00e1t venni, olyan modellt v\u00e1lassz, ami t\u00e9nyleg mindenre alkalmas. Elv\u00e9gre bring\u00e1b\u00f3l csak egyet tudsz magaddal vinni.<\/p>\n<div class=\"embed-controller-wrapper\">\n<div class=\"embed-wrapper\"><iframe title=\"Trek Checkpoint Gravel Bike Review-We Rode em&#039; 3500 Miles Across the USA\" width=\"500\" height=\"281\" data-src=\"https:\/\/www.youtube.com\/embed\/YBYZQUa9SNk?feature=oembed\" frameborder=\"0\" allow=\"accelerometer; autoplay; clipboard-write; encrypted-media; gyroscope; picture-in-picture; web-share\" referrerpolicy=\"strict-origin-when-cross-origin\" allowfullscreen><\/iframe><\/div>\n<\/div>\n<h2>T\u00e1vm\u00e9r\u00e9s mindenkinek<\/h2>\n<p>Vajon 2019 hozza el a mindenki sz\u00e1m\u00e1ra el\u00e9rhet\u0151v\u00e9 v\u00e1l\u00f3 t\u00e1vols\u00e1gm\u00e9r\u00e9st? Ha meg vagy el\u00e9gedve ugyan a bicikliddel, de \u00fagy gondolod, egy kis tuninggal m\u00e9g t\u00f6bbet ki lehetne hozni bel\u0151le, akkor a t\u00e1vm\u00e9r\u0151 lehet a sz\u00e1modra legmegfelel\u0151bb technol\u00f3giai \u00faj\u00edt\u00e1s. Ha pedig a <a href=\"https:\/\/www.kickstarter.com\/projects\/810309052\/byb-telemetry-the-professional-telemetry-system-fo\">BYB Kickstarter<\/a> oldal\u00e1n r\u00e9szt veszel a kamp\u00e1nyban, biztosan az els\u0151k k\u00f6z\u00f6tt szerezheted be.<\/p>\n<p><a href=\"https:\/\/youtu.be\/h9ZjI5P2kyY\">https:\/\/youtu.be\/h9ZjI5P2kyY<\/a><\/p>\n<p>Ez nyilv\u00e1nval\u00f3an dr\u00e1ga technol\u00f3gia, de a bringa \u00e1r\u00e1t\u00f3l f\u00fcggetlen\u00fcl ez a kieg\u00e9sz\u00edt\u0151 olyan inform\u00e1ci\u00f3kat ny\u00fajt a teker\u00e9sekr\u0151l, amire kor\u00e1bban tal\u00e1n nem is gondoltunk. A bringa \u00e1rkateg\u00f3ri\u00e1j\u00e1val ar\u00e1nyosan, ha megfelel\u0151en akarjuk csin\u00e1lni, a tuningol\u00e1s\u00e1ra is ennek f\u00e9ny\u00e9ben tan\u00e1csos \u00e1ldoznunk.<\/p>\n<h2>Elektromoss\u00e1 v\u00e1l\u00f3 biciklik\u00f6lcs\u00f6nz\u00e9s<\/h2>\n<p>A k\u00f6vetkez\u0151 \u00e9szszer\u0171 l\u00e9p\u00e9s a v\u00e1rosi ker\u00e9kp\u00e1rk\u00f6lcs\u00f6nz\u00e9s ter\u00e9n az elektromoss\u00e1 v\u00e1l\u00e1s. Az Uber k\u00e9szen \u00e1ll a Jump nev\u0171 szolg\u00e1ltat\u00e1s\u00e1t az \u00f3ce\u00e1nt \u00e1tszelve, Eur\u00f3p\u00e1ban is bevezetni. A ped\u00e1loz\u00e1st seg\u00edt\u0151 rendszerrel ell\u00e1tott e-biciklik a turist\u00e1k \u00e9s a v\u00e1roslak\u00f3k kedvencei lehetnek, k\u00fcl\u00f6n\u00f6sen azok k\u00f6r\u00e9ben, akik nem szeretnek izzadtan \u00e9rkezni sehova.<\/p>\n<div class=\"embed-controller-wrapper\">\n<div class=\"embed-wrapper\"><iframe title=\"Chargin\u2019 at San Francisco Hills with electric Jump Bikes\" width=\"500\" height=\"281\" data-src=\"https:\/\/www.youtube.com\/embed\/_KwJD2XzP4Q?feature=oembed\" frameborder=\"0\" allow=\"accelerometer; autoplay; clipboard-write; encrypted-media; gyroscope; picture-in-picture; web-share\" referrerpolicy=\"strict-origin-when-cross-origin\" allowfullscreen><\/iframe><\/div>\n<\/div>\n<p>Val\u00f3sz\u00edn\u0171leg el\u0151sz\u00f6r Berlinben helyezik \u00fczembe majd, miel\u0151tt m\u00e1s v\u00e1rosokban is elindulna. Ezt a szolg\u00e1ltat\u00e1st \u00fagy alak\u00edtott\u00e1k ki, hogy seg\u00edtse a k\u00f6zleked\u00e9st, \u00e9s egyben az Uber aut\u00f3s szolg\u00e1ltat\u00e1sait is t\u00e1mogatja. \u00d6r\u00f6mteli, hogy az Uber \u00faj vez\u00e9rigazgat\u00f3ja, Dara Khosrowshahi, arra t\u00f6rekszik, hogy seg\u00edteni tudj\u00e1k a modern v\u00e1rosokat a k\u00f6zleked\u00e9si strat\u00e9gi\u00e1ik megval\u00f3s\u00edt\u00e1s\u00e1ban.<\/p>\n<h2>Az e-biciklik k\u00e9tes meg\u00edt\u00e9l\u00e9se<\/h2>\n<p>Nyugodtan \u00e1ll\u00edthatjuk, hogy eg\u00e9szen a k\u00f6zelm\u00faltig az e-biciklik nem voltak t\u00fal n\u00e9pszer\u0171ek, semmi igaz\u00e1n trendi nem volt benn\u00fck. Egy tekegoly\u00f3 nagys\u00e1g\u00fa k\u00f6z\u00e9pcsap\u00e1ggyal a bring\u00e1ra szerelt akkumul\u00e1tor nem volt \u00e9pp a legszebb l\u00e1tv\u00e1ny. De n\u00e9zz\u00fck csak milyen men\u0151v\u00e9 v\u00e1ltak:<\/p>\n<div class=\"embed-controller-wrapper\">\n<div class=\"embed-wrapper\"><iframe title=\"Bianchi Impulso E-Road Electric Road Bike: First Ride\" width=\"500\" height=\"281\" data-src=\"https:\/\/www.youtube.com\/embed\/uX2T7rFaJmM?feature=oembed\" frameborder=\"0\" allow=\"accelerometer; autoplay; clipboard-write; encrypted-media; gyroscope; picture-in-picture; web-share\" referrerpolicy=\"strict-origin-when-cross-origin\" allowfullscreen><\/iframe><\/div>\n<\/div>\n<p>A legt\u00f6bben a fitts\u00e9g \u00e9s a kikapcsol\u00f3d\u00e1s miatt bicikliz\u00fcnk, \u00edgy ezt a bringat\u00edpust ink\u00e1bb a lustas\u00e1ggal azonos\u00edtj\u00e1k. \u201eMi \u00e9rtelme az e-biciklinek a rendes teker\u00e9s helyett, amivel p\u00e1r h\u00f3nap kem\u00e9ny munka ut\u00e1n fitt\u00e9 \u00e9s gyorss\u00e1 v\u00e1lhatn\u00e1nk?\u201d\u00a0 \u2013 \u00e9rvelhetn\u00e9nek a szkeptikusok. Ennek ellen\u00e9re, tal\u00e1n 2019-ben m\u00e1r nem k\u00e9ne p\u00e1lc\u00e1t t\u00f6rni az e-biciklisek felett.<\/p>\n<h2>Csak okosan \u2013 elektronikus integr\u00e1ci\u00f3<\/h2>\n<p>Ha 2019-ben v\u00e1s\u00e1rolsz \u00faj ker\u00e9kp\u00e1rt magadnak, minden opci\u00f3t sz\u00e1m\u00edt\u00e1sba kell venned, kezdve a csod\u00e1latos, \u00faj Giant Defy Advanced Pro 0 modellen tal\u00e1lhat\u00f3 integr\u00e1lt er\u0151m\u00e9r\u0151kt\u0151l, a testre szabott vezet\u00e9k n\u00e9lk\u00fcli MTB korm\u00e1nym\u0171szereken \u00e1t a nyeregcs\u00f6vekig, hogy csak egy p\u00e1r p\u00e9ld\u00e1t eml\u00edts\u00fcnk.<\/p>\n<div class=\"embed-controller-wrapper\">\n<div class=\"embed-wrapper\"><iframe title=\"Clutterless MTB Cockpit with Wireless Shifting and Dropper! | Barspin Ready\" width=\"500\" height=\"281\" data-src=\"https:\/\/www.youtube.com\/embed\/k4z4SnHDCpo?feature=oembed\" frameborder=\"0\" allow=\"accelerometer; autoplay; clipboard-write; encrypted-media; gyroscope; picture-in-picture; web-share\" referrerpolicy=\"strict-origin-when-cross-origin\" allowfullscreen><\/iframe><\/div>\n<\/div>\n","protected":false},"excerpt":{"rendered":"<p>Ha azt hinn\u00e9d, a ker\u00e9kp\u00e1ros ipar\u00e1g nem tud m\u00e1r semmi \u00fajjal el\u0151rukkolni, akkor mutatunk p\u00e1r trendet, amikr\u0151l \u00fagy gondoljuk, mindenkinek [&hellip;]<\/p>\n","protected":false},"author":71,"featured_media":2746,"comment_status":"open","ping_status":"open","sticky":false,"template":"","format":"standard","meta":{"footnotes":""},"categories":[12,7],"tags":[285,323],"global-categories":[],"class_list":["post-2735","post","type-post","status-publish","format-standard","has-post-thumbnail","hentry","category-kozosseg-es-kultura","category-trekking-mtb","tag-285","tag-trend"],"yoast_head":"<!-- This site is optimized with the Yoast SEO Premium plugin v25.3 (Yoast SEO v25.9) - https:\/\/yoast.com\/wordpress\/plugins\/seo\/ -->\n<title>Az 5 legnagyobb bring\u00e1s trend 2019-re - \u0160koda We Love Cycling - Magyarorsz\u00e1g<\/title>\n<meta name=\"robots\" content=\"index, follow, max-snippet:-1, max-image-preview:large, max-video-preview:-1\" \/>\n<link rel=\"canonical\" href=\"https:\/\/www.welovecycling.com\/hu\/trekking-mtb\/bringatrendek-2019\/\" \/>\n<meta property=\"og:locale\" content=\"hu_HU\" \/>\n<meta property=\"og:type\" content=\"article\" \/>\n<meta property=\"og:title\" content=\"Az 5 legnagyobb bring\u00e1s trend 2019-re\" \/>\n<meta property=\"og:description\" content=\"Ha azt hinn\u00e9d, a ker\u00e9kp\u00e1ros ipar\u00e1g nem tud m\u00e1r semmi \u00fajjal el\u0151rukkolni, akkor mutatunk p\u00e1r trendet, amikr\u0151l \u00fagy gondoljuk, mindenkinek [&hellip;]\" \/>\n<meta property=\"og:url\" content=\"https:\/\/www.welovecycling.com\/hu\/trekking-mtb\/bringatrendek-2019\/\" \/>\n<meta property=\"og:site_name\" content=\"\u0160koda We Love Cycling - Magyarorsz\u00e1g\" \/>\n<meta property=\"article:publisher\" content=\"https:\/\/www.facebook.com\/WeLoveCyclingHungary\/\" \/>\n<meta property=\"article:published_time\" content=\"2019-02-10T11:00:36+00:00\" \/>\n<meta property=\"og:image\" content=\"https:\/\/d2p6e6u75xmxt8.cloudfront.net\/12\/2019\/02\/BYB-Telemetry-CVR-1024x450.jpg\" \/>\n\t<meta property=\"og:image:width\" content=\"1024\" \/>\n\t<meta property=\"og:image:height\" content=\"450\" \/>\n\t<meta property=\"og:image:type\" content=\"image\/jpeg\" \/>\n<meta name=\"author\" content=\"hegyizs\" \/>\n<meta name=\"twitter:card\" content=\"summary_large_image\" \/>\n<meta name=\"twitter:label1\" content=\"Written by\" \/>\n\t<meta name=\"twitter:data1\" content=\"hegyizs\" \/>\n\t<meta name=\"twitter:label2\" content=\"Est. reading time\" \/>\n\t<meta name=\"twitter:data2\" content=\"4 minutes\" \/>\n<script type=\"application\/ld+json\" class=\"yoast-schema-graph\">{\"@context\":\"https:\/\/schema.org\",\"@graph\":[{\"@type\":\"WebPage\",\"@id\":\"https:\/\/www.welovecycling.com\/hu\/trekking-mtb\/bringatrendek-2019\/\",\"url\":\"https:\/\/www.welovecycling.com\/hu\/trekking-mtb\/bringatrendek-2019\/\",\"name\":\"Az 5 legnagyobb bring\u00e1s trend 2019-re - \u0160koda We Love Cycling - Magyarorsz\u00e1g\",\"isPartOf\":{\"@id\":\"https:\/\/www.welovecycling.com\/hu\/#website\"},\"primaryImageOfPage\":{\"@id\":\"https:\/\/www.welovecycling.com\/hu\/trekking-mtb\/bringatrendek-2019\/#primaryimage\"},\"image\":{\"@id\":\"https:\/\/www.welovecycling.com\/hu\/trekking-mtb\/bringatrendek-2019\/#primaryimage\"},\"thumbnailUrl\":\"https:\/\/d2p6e6u75xmxt8.cloudfront.net\/12\/2019\/02\/BYB-Telemetry-CVR-1024x450.jpg\",\"datePublished\":\"2019-02-10T11:00:36+00:00\",\"author\":{\"@id\":\"https:\/\/www.welovecycling.com\/hu\/#\/schema\/person\/414a2aebf1801691a5320edb6468e194\"},\"breadcrumb\":{\"@id\":\"https:\/\/www.welovecycling.com\/hu\/trekking-mtb\/bringatrendek-2019\/#breadcrumb\"},\"inLanguage\":\"hu\",\"potentialAction\":[{\"@type\":\"ReadAction\",\"target\":[\"https:\/\/www.welovecycling.com\/hu\/trekking-mtb\/bringatrendek-2019\/\"]}]},{\"@type\":\"ImageObject\",\"inLanguage\":\"hu\",\"@id\":\"https:\/\/www.welovecycling.com\/hu\/trekking-mtb\/bringatrendek-2019\/#primaryimage\",\"url\":\"https:\/\/d2p6e6u75xmxt8.cloudfront.net\/12\/2019\/02\/BYB-Telemetry-CVR-1024x450.jpg\",\"contentUrl\":\"https:\/\/d2p6e6u75xmxt8.cloudfront.net\/12\/2019\/02\/BYB-Telemetry-CVR-1024x450.jpg\",\"width\":1024,\"height\":450},{\"@type\":\"BreadcrumbList\",\"@id\":\"https:\/\/www.welovecycling.com\/hu\/trekking-mtb\/bringatrendek-2019\/#breadcrumb\",\"itemListElement\":[{\"@type\":\"ListItem\",\"position\":1,\"name\":\"Home\",\"item\":\"https:\/\/www.welovecycling.com\/hu\/\"},{\"@type\":\"ListItem\",\"position\":2,\"name\":\"Az 5 legnagyobb bring\u00e1s trend 2019-re\"}]},{\"@type\":\"WebSite\",\"@id\":\"https:\/\/www.welovecycling.com\/hu\/#website\",\"url\":\"https:\/\/www.welovecycling.com\/hu\/\",\"name\":\"\u0160koda We Love Cycling - Magyarorsz\u00e1g\",\"description\":\"\u0160koda WeLoveCycling\",\"potentialAction\":[{\"@type\":\"SearchAction\",\"target\":{\"@type\":\"EntryPoint\",\"urlTemplate\":\"https:\/\/www.welovecycling.com\/hu\/?s={search_term_string}\"},\"query-input\":{\"@type\":\"PropertyValueSpecification\",\"valueRequired\":true,\"valueName\":\"search_term_string\"}}],\"inLanguage\":\"hu\"},{\"@type\":\"Person\",\"@id\":\"https:\/\/www.welovecycling.com\/hu\/#\/schema\/person\/414a2aebf1801691a5320edb6468e194\",\"name\":\"hegyizs\",\"image\":{\"@type\":\"ImageObject\",\"inLanguage\":\"hu\",\"@id\":\"https:\/\/www.welovecycling.com\/hu\/#\/schema\/person\/image\/\",\"url\":\"https:\/\/secure.gravatar.com\/avatar\/02cf8a7906b8cf90cecb4679defac7cfd33a1c2e3b88e4903d947f3bb58eedd3?s=96&d=mm&r=g\",\"contentUrl\":\"https:\/\/secure.gravatar.com\/avatar\/02cf8a7906b8cf90cecb4679defac7cfd33a1c2e3b88e4903d947f3bb58eedd3?s=96&d=mm&r=g\",\"caption\":\"hegyizs\"},\"url\":\"https:\/\/www.welovecycling.com\/hu\/author\/hegyizs\/\"}]}<\/script>\n<!-- \/ Yoast SEO Premium plugin. -->","yoast_head_json":{"title":"Az 5 legnagyobb bring\u00e1s trend 2019-re - \u0160koda We Love Cycling - Magyarorsz\u00e1g","robots":{"index":"index","follow":"follow","max-snippet":"max-snippet:-1","max-image-preview":"max-image-preview:large","max-video-preview":"max-video-preview:-1"},"canonical":"https:\/\/www.welovecycling.com\/hu\/trekking-mtb\/bringatrendek-2019\/","og_locale":"hu_HU","og_type":"article","og_title":"Az 5 legnagyobb bring\u00e1s trend 2019-re","og_description":"Ha azt hinn\u00e9d, a ker\u00e9kp\u00e1ros ipar\u00e1g nem tud m\u00e1r semmi \u00fajjal el\u0151rukkolni, akkor mutatunk p\u00e1r trendet, amikr\u0151l \u00fagy gondoljuk, mindenkinek [&hellip;]","og_url":"https:\/\/www.welovecycling.com\/hu\/trekking-mtb\/bringatrendek-2019\/","og_site_name":"\u0160koda We Love Cycling - Magyarorsz\u00e1g","article_publisher":"https:\/\/www.facebook.com\/WeLoveCyclingHungary\/","article_published_time":"2019-02-10T11:00:36+00:00","og_image":[{"width":1024,"height":450,"url":"https:\/\/d2p6e6u75xmxt8.cloudfront.net\/12\/2019\/02\/BYB-Telemetry-CVR-1024x450.jpg","type":"image\/jpeg"}],"author":"hegyizs","twitter_card":"summary_large_image","twitter_misc":{"Written by":"hegyizs","Est. reading time":"4 minutes"},"schema":{"@context":"https:\/\/schema.org","@graph":[{"@type":"WebPage","@id":"https:\/\/www.welovecycling.com\/hu\/trekking-mtb\/bringatrendek-2019\/","url":"https:\/\/www.welovecycling.com\/hu\/trekking-mtb\/bringatrendek-2019\/","name":"Az 5 legnagyobb bring\u00e1s trend 2019-re - \u0160koda We Love Cycling - Magyarorsz\u00e1g","isPartOf":{"@id":"https:\/\/www.welovecycling.com\/hu\/#website"},"primaryImageOfPage":{"@id":"https:\/\/www.welovecycling.com\/hu\/trekking-mtb\/bringatrendek-2019\/#primaryimage"},"image":{"@id":"https:\/\/www.welovecycling.com\/hu\/trekking-mtb\/bringatrendek-2019\/#primaryimage"},"thumbnailUrl":"https:\/\/d2p6e6u75xmxt8.cloudfront.net\/12\/2019\/02\/BYB-Telemetry-CVR-1024x450.jpg","datePublished":"2019-02-10T11:00:36+00:00","author":{"@id":"https:\/\/www.welovecycling.com\/hu\/#\/schema\/person\/414a2aebf1801691a5320edb6468e194"},"breadcrumb":{"@id":"https:\/\/www.welovecycling.com\/hu\/trekking-mtb\/bringatrendek-2019\/#breadcrumb"},"inLanguage":"hu","potentialAction":[{"@type":"ReadAction","target":["https:\/\/www.welovecycling.com\/hu\/trekking-mtb\/bringatrendek-2019\/"]}]},{"@type":"ImageObject","inLanguage":"hu","@id":"https:\/\/www.welovecycling.com\/hu\/trekking-mtb\/bringatrendek-2019\/#primaryimage","url":"https:\/\/d2p6e6u75xmxt8.cloudfront.net\/12\/2019\/02\/BYB-Telemetry-CVR-1024x450.jpg","contentUrl":"https:\/\/d2p6e6u75xmxt8.cloudfront.net\/12\/2019\/02\/BYB-Telemetry-CVR-1024x450.jpg","width":1024,"height":450},{"@type":"BreadcrumbList","@id":"https:\/\/www.welovecycling.com\/hu\/trekking-mtb\/bringatrendek-2019\/#breadcrumb","itemListElement":[{"@type":"ListItem","position":1,"name":"Home","item":"https:\/\/www.welovecycling.com\/hu\/"},{"@type":"ListItem","position":2,"name":"Az 5 legnagyobb bring\u00e1s trend 2019-re"}]},{"@type":"WebSite","@id":"https:\/\/www.welovecycling.com\/hu\/#website","url":"https:\/\/www.welovecycling.com\/hu\/","name":"\u0160koda We Love Cycling - Magyarorsz\u00e1g","description":"\u0160koda WeLoveCycling","potentialAction":[{"@type":"SearchAction","target":{"@type":"EntryPoint","urlTemplate":"https:\/\/www.welovecycling.com\/hu\/?s={search_term_string}"},"query-input":{"@type":"PropertyValueSpecification","valueRequired":true,"valueName":"search_term_string"}}],"inLanguage":"hu"},{"@type":"Person","@id":"https:\/\/www.welovecycling.com\/hu\/#\/schema\/person\/414a2aebf1801691a5320edb6468e194","name":"hegyizs","image":{"@type":"ImageObject","inLanguage":"hu","@id":"https:\/\/www.welovecycling.com\/hu\/#\/schema\/person\/image\/","url":"https:\/\/secure.gravatar.com\/avatar\/02cf8a7906b8cf90cecb4679defac7cfd33a1c2e3b88e4903d947f3bb58eedd3?s=96&d=mm&r=g","contentUrl":"https:\/\/secure.gravatar.com\/avatar\/02cf8a7906b8cf90cecb4679defac7cfd33a1c2e3b88e4903d947f3bb58eedd3?s=96&d=mm&r=g","caption":"hegyizs"},"url":"https:\/\/www.welovecycling.com\/hu\/author\/hegyizs\/"}]}},"_links":{"self":[{"href":"https:\/\/www.welovecycling.com\/hu\/wp-json\/wp\/v2\/posts\/2735","targetHints":{"allow":["GET"]}}],"collection":[{"href":"https:\/\/www.welovecycling.com\/hu\/wp-json\/wp\/v2\/posts"}],"about":[{"href":"https:\/\/www.welovecycling.com\/hu\/wp-json\/wp\/v2\/types\/post"}],"author":[{"embeddable":true,"href":"https:\/\/www.welovecycling.com\/hu\/wp-json\/wp\/v2\/users\/71"}],"replies":[{"embeddable":true,"href":"https:\/\/www.welovecycling.com\/hu\/wp-json\/wp\/v2\/comments?post=2735"}],"version-history":[{"count":2,"href":"https:\/\/www.welovecycling.com\/hu\/wp-json\/wp\/v2\/posts\/2735\/revisions"}],"predecessor-version":[{"id":2747,"href":"https:\/\/www.welovecycling.com\/hu\/wp-json\/wp\/v2\/posts\/2735\/revisions\/2747"}],"wp:featuredmedia":[{"embeddable":true,"href":"https:\/\/www.welovecycling.com\/hu\/wp-json\/wp\/v2\/media\/2746"}],"wp:attachment":[{"href":"https:\/\/www.welovecycling.com\/hu\/wp-json\/wp\/v2\/media?parent=2735"}],"wp:term":[{"taxonomy":"category","embeddable":true,"href":"https:\/\/www.welovecycling.com\/hu\/wp-json\/wp\/v2\/categories?post=2735"},{"taxonomy":"post_tag","embeddable":true,"href":"https:\/\/www.welovecycling.com\/hu\/wp-json\/wp\/v2\/tags?post=2735"},{"taxonomy":"global-categories","embeddable":true,"href":"https:\/\/www.welovecycling.com\/hu\/wp-json\/wp\/v2\/global-categories?post=2735"}],"curies":[{"name":"wp","href":"https:\/\/api.w.org\/{rel}","templated":true}]}}