{"id":2690,"date":"2019-02-03T10:00:20","date_gmt":"2019-02-03T09:00:20","guid":{"rendered":"https:\/\/www.welovecycling.com\/hu\/?p=2690"},"modified":"2019-01-25T12:06:38","modified_gmt":"2019-01-25T11:06:38","slug":"roadbike-alkatreszek","status":"publish","type":"post","link":"https:\/\/www.welovecycling.com\/hu\/uncategorized\/roadbike-alkatreszek\/","title":{"rendered":"Visszat\u00e9r\u0151 st\u00edlus: muffolt v\u00e1zak"},"content":{"rendered":"<p><strong>Nemr\u00e9g k\u00f6z\u00f6lt\u00fcnk egy cikket muffolt ac\u00e9lv\u00e1zas biciklikr\u0151l, amit az olvas\u00f3k eg\u00e9sz egyszer\u0171en im\u00e1dtak. Sz\u00f3val, ha ez\u00fattal v\u00e9giglapozt\u00e1tok az al\u00e1bbi v\u00e1zak vad\u00edt\u00f3 k\u00e9peit, ossz\u00e1tok meg vel\u00fcnk ti is kedvenc ker\u00e9kp\u00e1rjaitokat a kommentek k\u00f6z\u00f6tt &#8211; j\u00f3l l\u00e1tszik, hogy ez a legizgalmasabb r\u00e9sz.<\/strong><\/p>\n<h2>Vermonti kir\u00e1ndul\u00e1s<\/h2>\n<p>N\u00e9h\u00e1ny eur\u00f3pai biciklis klubon \u00e9s megsz\u00e1llotton k\u00edv\u00fcl m\u00e1sn\u00e1l m\u00e9g nem l\u00e1ttam annyi klasszikus, ac\u00e9lv\u00e1zas orsz\u00e1g\u00fati biciklit, mint \u00c9szak-Amerik\u00e1ban. Ez k\u00fcl\u00f6n\u00f6sen igaz Toront\u00f3ra \u00e9s Montrealra, ahol nagyon elterjedtek a klasszikus Peugeot \u00e9s Bianchi biciklik. Amikor a s\u00f3gorn\u0151met l\u00e1togattam meg Vermontban, ragaszkodott hozz\u00e1, hogy megmutassa nekem a f\u00e9rje \u201eolasz biciklij\u00e9t\u201d.<\/p>\n<p><a href=\"https:\/\/www.instagram.com\/p\/Bsdm11KA3mA\/?utm_source=ig_embed\">https:\/\/www.instagram.com\/p\/Bsdm11KA3mA\/?utm_source=ig_embed<\/a><\/p>\n<div id=\"gallery-2\" class=\"gallery galleryid-171984 gallery-columns-3 gallery-size-large\">\n<figure class=\"gallery-item\">\n<div class=\"gallery-icon landscape\"><a class=\"colorbox-initialized cboxElement\" href=\"https:\/\/d2p6e6u75xmxt8.cloudfront.net\/2\/2019\/01\/47695013_537968793349078_5155773366608763337_n.jpg\"><img loading=\"lazy\" decoding=\"async\" class=\"attachment-large size-large loaded\" style=\"width: 100%; max-width: 100%; height: auto; max-height: none;\" src=\"https:\/\/d2p6e6u75xmxt8.cloudfront.net\/2\/2019\/01\/47695013_537968793349078_5155773366608763337_n.jpg\" sizes=\"auto, (max-width: 539px) 100vw, 539px\" srcset=\"https:\/\/d2p6e6u75xmxt8.cloudfront.net\/2\/2019\/01\/47695013_537968793349078_5155773366608763337_n.jpg 539w, https:\/\/d2p6e6u75xmxt8.cloudfront.net\/2\/2019\/01\/47695013_537968793349078_5155773366608763337_n-150x150.jpg 150w, https:\/\/d2p6e6u75xmxt8.cloudfront.net\/2\/2019\/01\/47695013_537968793349078_5155773366608763337_n-300x300.jpg 300w\" alt=\"\" width=\"539\" height=\"539\" data-was-processed=\"true\" \/><\/a><\/div>\n<\/figure>\n<figure class=\"gallery-item\">\n<div class=\"gallery-icon landscape\"><a class=\"colorbox-initialized cboxElement\" href=\"https:\/\/d2p6e6u75xmxt8.cloudfront.net\/2\/2019\/01\/49858757_355544731952033_5638713281435216228_n.jpg\"><img loading=\"lazy\" decoding=\"async\" class=\"attachment-large size-large loaded\" style=\"width: 100%; max-width: 100%; height: auto; max-height: none;\" src=\"https:\/\/d2p6e6u75xmxt8.cloudfront.net\/2\/2019\/01\/49858757_355544731952033_5638713281435216228_n.jpg\" sizes=\"auto, (max-width: 539px) 100vw, 539px\" srcset=\"https:\/\/d2p6e6u75xmxt8.cloudfront.net\/2\/2019\/01\/49858757_355544731952033_5638713281435216228_n.jpg 539w, https:\/\/d2p6e6u75xmxt8.cloudfront.net\/2\/2019\/01\/49858757_355544731952033_5638713281435216228_n-150x150.jpg 150w, https:\/\/d2p6e6u75xmxt8.cloudfront.net\/2\/2019\/01\/49858757_355544731952033_5638713281435216228_n-300x300.jpg 300w\" alt=\"\" width=\"539\" height=\"539\" data-was-processed=\"true\" \/><\/a><\/div>\n<\/figure>\n<figure class=\"gallery-item\">\n<div class=\"gallery-icon landscape\"><a class=\"colorbox-initialized cboxElement\" href=\"https:\/\/d2p6e6u75xmxt8.cloudfront.net\/2\/2019\/01\/47690810_129957968039365_1321794435360895754_n.jpg\"><img loading=\"lazy\" decoding=\"async\" class=\"attachment-large size-large loaded\" style=\"width: 100%; max-width: 100%; height: auto; max-height: none;\" src=\"https:\/\/d2p6e6u75xmxt8.cloudfront.net\/2\/2019\/01\/47690810_129957968039365_1321794435360895754_n.jpg\" sizes=\"auto, (max-width: 683px) 100vw, 683px\" srcset=\"https:\/\/d2p6e6u75xmxt8.cloudfront.net\/2\/2019\/01\/47690810_129957968039365_1321794435360895754_n.jpg 683w, https:\/\/d2p6e6u75xmxt8.cloudfront.net\/2\/2019\/01\/47690810_129957968039365_1321794435360895754_n-150x150.jpg 150w, https:\/\/d2p6e6u75xmxt8.cloudfront.net\/2\/2019\/01\/47690810_129957968039365_1321794435360895754_n-300x300.jpg 300w\" alt=\"\" width=\"683\" height=\"683\" data-was-processed=\"true\" \/><\/a><\/div>\n<\/figure>\n<\/div>\n<p>Nos, ez a vermonti fick\u00f3 egy r\u00e9gi, hetvenes \u00e9vekbeli Atala Milano biciklit \u00f6r\u00f6k\u00f6lt az \u00e9desapj\u00e1t\u00f3l \u2013 \u00e9s nagyon sz\u00e9pen \u00e1ll\u00edtotta helyre. Ahol csak lehetett, megtartotta a ritka, Sv\u00e1jcban k\u00e9sz\u00fclt Weinmann r\u00e9szegys\u00e9geket. Ki tudna ellen\u00e1llni ezeknek a cs\u00e1b\u00edt\u00f3, 70-es \u00e9vekbeli Campagnolo v\u00e1lt\u00f3karoknak? Biztosan nem volt olcs\u00f3.<\/p>\n<h2>Sz\u00e1guld\u00f3 d\u00e9monok<\/h2>\n<p>A muffolt v\u00e1zak \u00e9s a hegeszt\u00e9s nem t\u0171ntek el a t\u00f6rt\u00e9nelem s\u00fcllyeszt\u0151j\u00e9ben, egyes biciklik\u00e9sz\u00edt\u0151k m\u00e9g mindig \u0171zik ezt a fekete m\u00e1gi\u00e1t. Tom Warmerdam egy igazi rosszfi\u00fa, aki tov\u00e1bbviszi a trad\u00edci\u00f3t, de mivel az \u0151 bring\u00e1i legal\u00e1bb 100 \u00f3ra munk\u00e1val k\u00e9sz\u00fclnek el, fel kell k\u00e9sz\u00fclni arra, hogy ezt senki sem \u00faszhatja meg olcs\u00f3n.<\/p>\n<div class=\"embed-controller-wrapper\">\n<div class=\"embed-wrapper\"><iframe title=\"2016 Bespoked. Tom Warmerdam of Demon Frameworks\" width=\"500\" height=\"281\" data-src=\"https:\/\/www.youtube.com\/embed\/8j45q0QZUYA?feature=oembed\" frameborder=\"0\" allow=\"accelerometer; autoplay; clipboard-write; encrypted-media; gyroscope; picture-in-picture; web-share\" referrerpolicy=\"strict-origin-when-cross-origin\" allowfullscreen><\/iframe><\/div>\n<\/div>\n<p>Sz\u00f3val mire k\u00e9pes Tom? (Amellett, hogy a bringa t\u00f6k\u00e9letesen m\u00e9retre szabott \u00e9s olyan magas min\u0151s\u00e9g\u0171 a hegeszt\u00e9se, hogy a Colnago-gy\u00e1r 80 \u00e9ves szakija is csak pironkodva n\u00e9zi.) Rengeteg muffolt ac\u00e9lt pakol r\u00e1, \u00e9s szinte semmi m\u00e1st. A ker\u00e9kp\u00e1rok lamin\u00e1lt ac\u00e9lb\u00f3l k\u00e9sz\u00fclnek, \u00e9s a sz\u00ednsk\u00e1la ennyiben ki is mer\u00fcl. Az \u00f6rd\u00f6g most azt\u00e1n csak a r\u00e9szletekben rejlik.<\/p>\n<h2>Cicom\u00e1zd fel!<\/h2>\n<p>B\u00e1r Warmerdam st\u00edlusa egy\u00e9rtelm\u0171en angolos (magabiztosan tart\u00f3zkod\u00f3), az olaszok m\u00e1r gener\u00e1ci\u00f3k \u00f3ta dolgoznak a muffolt ac\u00e9llal. Van egy kis machiavellis bajkever\u00e9s a st\u00edlusukban, \u00e9s a harlekin boh\u00f3cokra hasonl\u00f3 sz\u00ednsk\u00e1l\u00e1val dolgoznak. Az er\u0151fesz\u00edt\u00e9s n\u00e9lk\u00fcli st\u00edlusoss\u00e1gon is t\u00fall\u00e9pnek, ha biciklikr\u0151l van sz\u00f3. N\u00e9zd csak meg:<\/p>\n<p><a href=\"https:\/\/d2p6e6u75xmxt8.cloudfront.net\/12\/2019\/02\/lugs_4.jpg\"><img loading=\"lazy\" decoding=\"async\" class=\"size-full wp-image-2726 alignnone\" src=\"https:\/\/d2p6e6u75xmxt8.cloudfront.net\/12\/2019\/02\/lugs_4.jpg\" alt=\"\" width=\"474\" height=\"711\" srcset=\"https:\/\/d2p6e6u75xmxt8.cloudfront.net\/12\/2019\/02\/lugs_4.jpg 474w, https:\/\/d2p6e6u75xmxt8.cloudfront.net\/12\/2019\/02\/lugs_4-200x300.jpg 200w\" sizes=\"auto, (max-width: 474px) 100vw, 474px\" \/><\/a><\/p>\n<p>Ha igaz\u00e1n szent a c\u00e9lt\u00e1rgy, az olaszok ragaszkodnak a katolikus trad\u00edci\u00f3hoz, amely a sz\u00e9ps\u00e9gen kereszt\u00fcl im\u00e1dja a f\u00f6ld\u00f6nt\u00falit. H\u00e1t, ha Luther M\u00e1rton ezt l\u00e1tta volna, ide a bicikliboltra sz\u00f6gezte volna ki a t\u00e9teleit. B\u00e1r \u00e9n protest\u00e1ns csal\u00e1db\u00f3l sz\u00e1rmazom, ezen a st\u00edluson csak t\u00e1tom a sz\u00e1mat.<\/p>\n<p><a href=\"https:\/\/d2p6e6u75xmxt8.cloudfront.net\/12\/2019\/02\/lugs_5.jpg\"><img loading=\"lazy\" decoding=\"async\" class=\"size-full wp-image-2727 alignnone\" src=\"https:\/\/d2p6e6u75xmxt8.cloudfront.net\/12\/2019\/02\/lugs_5.jpg\" alt=\"\" width=\"564\" height=\"846\" srcset=\"https:\/\/d2p6e6u75xmxt8.cloudfront.net\/12\/2019\/02\/lugs_5.jpg 564w, https:\/\/d2p6e6u75xmxt8.cloudfront.net\/12\/2019\/02\/lugs_5-200x300.jpg 200w\" sizes=\"auto, (max-width: 564px) 100vw, 564px\" \/><\/a><\/p>\n<h2>Micsoda v\u00e1zak<\/h2>\n<p>Mindig legy\u00e9l h\u00e1l\u00e1s a sz\u00fcleidnek, meg minden nagyb\u00e1csinak \u00e9s nagyn\u00e9ninek is. Sosem tudhatod, miket hagynak majd r\u00e1d, \u00e9s hogy mi van a gar\u00e1zsban vagy kamr\u00e1ban, amit seg\u00edtesz nekik kipakolni. Figyelj oda az ac\u00e9lv\u00e1zakra. A legjobbakat lehet, hogy alig haszn\u00e1lt\u00e1k, \u00e9s akkor is csak bar\u00e1ts\u00e1gos id\u0151j\u00e1r\u00e1si k\u00f6r\u00fclm\u00e9nyek k\u00f6z\u00f6tt. N\u00e9zd csak ezt az igazi kincset!<\/p>\n<div class=\"embed-controller-wrapper\">\n<div class=\"embed-wrapper\"><iframe title=\"Colnago Master Road Bicycle PIU Vintage For Sale!\" width=\"500\" height=\"375\" data-src=\"https:\/\/www.youtube.com\/embed\/la6_2FmacVo?feature=oembed\" frameborder=\"0\" allow=\"accelerometer; autoplay; clipboard-write; encrypted-media; gyroscope; picture-in-picture; web-share\" referrerpolicy=\"strict-origin-when-cross-origin\" allowfullscreen><\/iframe><\/div>\n<\/div>\n<p>A v\u00e9gs\u0151 tan\u00e1csom csak annyi: tekerj nyugodtan, b\u00e1rmilyen v\u00e1zat is tal\u00e1lsz. Ahogy Vermont p\u00e9ld\u00e1ja is mutatja (egy leharcolt bicikli, olcs\u00f3 r\u00e9szegys\u00e9gekkel), sok mindent fel lehet \u00faj\u00edtani \u00fagy, hogy \u00f6r\u00f6mteli vintage bicikli v\u00e1ljon bel\u0151le. Amivel a bicikliz\u00e9s is \u00f6r\u00f6mteli, s\u0151t k\u00fcl\u00f6nleges \u00e9lm\u00e9ny. Most pedig j\u00f6hetnek a ti szerzem\u00e9nyeitek!<\/p>\n","protected":false},"excerpt":{"rendered":"<p>Nemr\u00e9g k\u00f6z\u00f6lt\u00fcnk egy cikket muffolt ac\u00e9lv\u00e1zas biciklikr\u0151l, amit az olvas\u00f3k eg\u00e9sz egyszer\u0171en im\u00e1dtak. Sz\u00f3val, ha ez\u00fattal v\u00e9giglapozt\u00e1tok az al\u00e1bbi v\u00e1zak [&hellip;]<\/p>\n","protected":false},"author":71,"featured_media":2728,"comment_status":"open","ping_status":"open","sticky":false,"template":"","format":"standard","meta":{"footnotes":""},"categories":[8,1],"tags":[320,82,321,322],"global-categories":[],"class_list":["post-2690","post","type-post","status-publish","format-standard","has-post-thumbnail","hentry","category-orszaguti-kerekpar","category-uncategorized","tag-muffolt-vazak","tag-orszaguti-kerekpar","tag-regiseg","tag-retro"],"yoast_head":"<!-- This site is optimized with the Yoast SEO Premium plugin v25.3 (Yoast SEO v25.9) - https:\/\/yoast.com\/wordpress\/plugins\/seo\/ -->\n<title>Visszat\u00e9r\u0151 st\u00edlus: muffolt v\u00e1zak - \u0160koda We Love Cycling - Magyarorsz\u00e1g<\/title>\n<meta name=\"robots\" content=\"index, follow, max-snippet:-1, max-image-preview:large, max-video-preview:-1\" \/>\n<link rel=\"canonical\" href=\"https:\/\/www.welovecycling.com\/hu\/uncategorized\/roadbike-alkatreszek\/\" \/>\n<meta property=\"og:locale\" content=\"hu_HU\" \/>\n<meta property=\"og:type\" content=\"article\" \/>\n<meta property=\"og:title\" content=\"Visszat\u00e9r\u0151 st\u00edlus: muffolt v\u00e1zak\" \/>\n<meta property=\"og:description\" content=\"Nemr\u00e9g k\u00f6z\u00f6lt\u00fcnk egy cikket muffolt ac\u00e9lv\u00e1zas biciklikr\u0151l, amit az olvas\u00f3k eg\u00e9sz egyszer\u0171en im\u00e1dtak. Sz\u00f3val, ha ez\u00fattal v\u00e9giglapozt\u00e1tok az al\u00e1bbi v\u00e1zak [&hellip;]\" \/>\n<meta property=\"og:url\" content=\"https:\/\/www.welovecycling.com\/hu\/uncategorized\/roadbike-alkatreszek\/\" \/>\n<meta property=\"og:site_name\" content=\"\u0160koda We Love Cycling - Magyarorsz\u00e1g\" \/>\n<meta property=\"article:publisher\" content=\"https:\/\/www.facebook.com\/WeLoveCyclingHungary\/\" \/>\n<meta property=\"article:published_time\" content=\"2019-02-03T09:00:20+00:00\" \/>\n<meta property=\"og:image\" content=\"https:\/\/d2p6e6u75xmxt8.cloudfront.net\/12\/2019\/02\/Lugs-CVR-1024x450.jpg\" \/>\n\t<meta property=\"og:image:width\" content=\"1024\" \/>\n\t<meta property=\"og:image:height\" content=\"450\" \/>\n\t<meta property=\"og:image:type\" content=\"image\/jpeg\" \/>\n<meta name=\"author\" content=\"hegyizs\" \/>\n<meta name=\"twitter:card\" content=\"summary_large_image\" \/>\n<meta name=\"twitter:label1\" content=\"Written by\" \/>\n\t<meta name=\"twitter:data1\" content=\"hegyizs\" \/>\n\t<meta name=\"twitter:label2\" content=\"Est. reading time\" \/>\n\t<meta name=\"twitter:data2\" content=\"3 minutes\" \/>\n<script type=\"application\/ld+json\" class=\"yoast-schema-graph\">{\"@context\":\"https:\/\/schema.org\",\"@graph\":[{\"@type\":\"WebPage\",\"@id\":\"https:\/\/www.welovecycling.com\/hu\/uncategorized\/roadbike-alkatreszek\/\",\"url\":\"https:\/\/www.welovecycling.com\/hu\/uncategorized\/roadbike-alkatreszek\/\",\"name\":\"Visszat\u00e9r\u0151 st\u00edlus: muffolt v\u00e1zak - \u0160koda We Love Cycling - Magyarorsz\u00e1g\",\"isPartOf\":{\"@id\":\"https:\/\/www.welovecycling.com\/hu\/#website\"},\"primaryImageOfPage\":{\"@id\":\"https:\/\/www.welovecycling.com\/hu\/uncategorized\/roadbike-alkatreszek\/#primaryimage\"},\"image\":{\"@id\":\"https:\/\/www.welovecycling.com\/hu\/uncategorized\/roadbike-alkatreszek\/#primaryimage\"},\"thumbnailUrl\":\"https:\/\/d2p6e6u75xmxt8.cloudfront.net\/12\/2019\/02\/Lugs-CVR-1024x450.jpg\",\"datePublished\":\"2019-02-03T09:00:20+00:00\",\"author\":{\"@id\":\"https:\/\/www.welovecycling.com\/hu\/#\/schema\/person\/414a2aebf1801691a5320edb6468e194\"},\"breadcrumb\":{\"@id\":\"https:\/\/www.welovecycling.com\/hu\/uncategorized\/roadbike-alkatreszek\/#breadcrumb\"},\"inLanguage\":\"hu\",\"potentialAction\":[{\"@type\":\"ReadAction\",\"target\":[\"https:\/\/www.welovecycling.com\/hu\/uncategorized\/roadbike-alkatreszek\/\"]}]},{\"@type\":\"ImageObject\",\"inLanguage\":\"hu\",\"@id\":\"https:\/\/www.welovecycling.com\/hu\/uncategorized\/roadbike-alkatreszek\/#primaryimage\",\"url\":\"https:\/\/d2p6e6u75xmxt8.cloudfront.net\/12\/2019\/02\/Lugs-CVR-1024x450.jpg\",\"contentUrl\":\"https:\/\/d2p6e6u75xmxt8.cloudfront.net\/12\/2019\/02\/Lugs-CVR-1024x450.jpg\",\"width\":1024,\"height\":450},{\"@type\":\"BreadcrumbList\",\"@id\":\"https:\/\/www.welovecycling.com\/hu\/uncategorized\/roadbike-alkatreszek\/#breadcrumb\",\"itemListElement\":[{\"@type\":\"ListItem\",\"position\":1,\"name\":\"Home\",\"item\":\"https:\/\/www.welovecycling.com\/hu\/\"},{\"@type\":\"ListItem\",\"position\":2,\"name\":\"Visszat\u00e9r\u0151 st\u00edlus: muffolt v\u00e1zak\"}]},{\"@type\":\"WebSite\",\"@id\":\"https:\/\/www.welovecycling.com\/hu\/#website\",\"url\":\"https:\/\/www.welovecycling.com\/hu\/\",\"name\":\"\u0160koda We Love Cycling - Magyarorsz\u00e1g\",\"description\":\"\u0160koda WeLoveCycling\",\"potentialAction\":[{\"@type\":\"SearchAction\",\"target\":{\"@type\":\"EntryPoint\",\"urlTemplate\":\"https:\/\/www.welovecycling.com\/hu\/?s={search_term_string}\"},\"query-input\":{\"@type\":\"PropertyValueSpecification\",\"valueRequired\":true,\"valueName\":\"search_term_string\"}}],\"inLanguage\":\"hu\"},{\"@type\":\"Person\",\"@id\":\"https:\/\/www.welovecycling.com\/hu\/#\/schema\/person\/414a2aebf1801691a5320edb6468e194\",\"name\":\"hegyizs\",\"image\":{\"@type\":\"ImageObject\",\"inLanguage\":\"hu\",\"@id\":\"https:\/\/www.welovecycling.com\/hu\/#\/schema\/person\/image\/\",\"url\":\"https:\/\/secure.gravatar.com\/avatar\/02cf8a7906b8cf90cecb4679defac7cfd33a1c2e3b88e4903d947f3bb58eedd3?s=96&d=mm&r=g\",\"contentUrl\":\"https:\/\/secure.gravatar.com\/avatar\/02cf8a7906b8cf90cecb4679defac7cfd33a1c2e3b88e4903d947f3bb58eedd3?s=96&d=mm&r=g\",\"caption\":\"hegyizs\"},\"url\":\"https:\/\/www.welovecycling.com\/hu\/author\/hegyizs\/\"}]}<\/script>\n<!-- \/ Yoast SEO Premium plugin. -->","yoast_head_json":{"title":"Visszat\u00e9r\u0151 st\u00edlus: muffolt v\u00e1zak - \u0160koda We Love Cycling - Magyarorsz\u00e1g","robots":{"index":"index","follow":"follow","max-snippet":"max-snippet:-1","max-image-preview":"max-image-preview:large","max-video-preview":"max-video-preview:-1"},"canonical":"https:\/\/www.welovecycling.com\/hu\/uncategorized\/roadbike-alkatreszek\/","og_locale":"hu_HU","og_type":"article","og_title":"Visszat\u00e9r\u0151 st\u00edlus: muffolt v\u00e1zak","og_description":"Nemr\u00e9g k\u00f6z\u00f6lt\u00fcnk egy cikket muffolt ac\u00e9lv\u00e1zas biciklikr\u0151l, amit az olvas\u00f3k eg\u00e9sz egyszer\u0171en im\u00e1dtak. Sz\u00f3val, ha ez\u00fattal v\u00e9giglapozt\u00e1tok az al\u00e1bbi v\u00e1zak [&hellip;]","og_url":"https:\/\/www.welovecycling.com\/hu\/uncategorized\/roadbike-alkatreszek\/","og_site_name":"\u0160koda We Love Cycling - Magyarorsz\u00e1g","article_publisher":"https:\/\/www.facebook.com\/WeLoveCyclingHungary\/","article_published_time":"2019-02-03T09:00:20+00:00","og_image":[{"width":1024,"height":450,"url":"https:\/\/d2p6e6u75xmxt8.cloudfront.net\/12\/2019\/02\/Lugs-CVR-1024x450.jpg","type":"image\/jpeg"}],"author":"hegyizs","twitter_card":"summary_large_image","twitter_misc":{"Written by":"hegyizs","Est. reading time":"3 minutes"},"schema":{"@context":"https:\/\/schema.org","@graph":[{"@type":"WebPage","@id":"https:\/\/www.welovecycling.com\/hu\/uncategorized\/roadbike-alkatreszek\/","url":"https:\/\/www.welovecycling.com\/hu\/uncategorized\/roadbike-alkatreszek\/","name":"Visszat\u00e9r\u0151 st\u00edlus: muffolt v\u00e1zak - \u0160koda We Love Cycling - Magyarorsz\u00e1g","isPartOf":{"@id":"https:\/\/www.welovecycling.com\/hu\/#website"},"primaryImageOfPage":{"@id":"https:\/\/www.welovecycling.com\/hu\/uncategorized\/roadbike-alkatreszek\/#primaryimage"},"image":{"@id":"https:\/\/www.welovecycling.com\/hu\/uncategorized\/roadbike-alkatreszek\/#primaryimage"},"thumbnailUrl":"https:\/\/d2p6e6u75xmxt8.cloudfront.net\/12\/2019\/02\/Lugs-CVR-1024x450.jpg","datePublished":"2019-02-03T09:00:20+00:00","author":{"@id":"https:\/\/www.welovecycling.com\/hu\/#\/schema\/person\/414a2aebf1801691a5320edb6468e194"},"breadcrumb":{"@id":"https:\/\/www.welovecycling.com\/hu\/uncategorized\/roadbike-alkatreszek\/#breadcrumb"},"inLanguage":"hu","potentialAction":[{"@type":"ReadAction","target":["https:\/\/www.welovecycling.com\/hu\/uncategorized\/roadbike-alkatreszek\/"]}]},{"@type":"ImageObject","inLanguage":"hu","@id":"https:\/\/www.welovecycling.com\/hu\/uncategorized\/roadbike-alkatreszek\/#primaryimage","url":"https:\/\/d2p6e6u75xmxt8.cloudfront.net\/12\/2019\/02\/Lugs-CVR-1024x450.jpg","contentUrl":"https:\/\/d2p6e6u75xmxt8.cloudfront.net\/12\/2019\/02\/Lugs-CVR-1024x450.jpg","width":1024,"height":450},{"@type":"BreadcrumbList","@id":"https:\/\/www.welovecycling.com\/hu\/uncategorized\/roadbike-alkatreszek\/#breadcrumb","itemListElement":[{"@type":"ListItem","position":1,"name":"Home","item":"https:\/\/www.welovecycling.com\/hu\/"},{"@type":"ListItem","position":2,"name":"Visszat\u00e9r\u0151 st\u00edlus: muffolt v\u00e1zak"}]},{"@type":"WebSite","@id":"https:\/\/www.welovecycling.com\/hu\/#website","url":"https:\/\/www.welovecycling.com\/hu\/","name":"\u0160koda We Love Cycling - Magyarorsz\u00e1g","description":"\u0160koda WeLoveCycling","potentialAction":[{"@type":"SearchAction","target":{"@type":"EntryPoint","urlTemplate":"https:\/\/www.welovecycling.com\/hu\/?s={search_term_string}"},"query-input":{"@type":"PropertyValueSpecification","valueRequired":true,"valueName":"search_term_string"}}],"inLanguage":"hu"},{"@type":"Person","@id":"https:\/\/www.welovecycling.com\/hu\/#\/schema\/person\/414a2aebf1801691a5320edb6468e194","name":"hegyizs","image":{"@type":"ImageObject","inLanguage":"hu","@id":"https:\/\/www.welovecycling.com\/hu\/#\/schema\/person\/image\/","url":"https:\/\/secure.gravatar.com\/avatar\/02cf8a7906b8cf90cecb4679defac7cfd33a1c2e3b88e4903d947f3bb58eedd3?s=96&d=mm&r=g","contentUrl":"https:\/\/secure.gravatar.com\/avatar\/02cf8a7906b8cf90cecb4679defac7cfd33a1c2e3b88e4903d947f3bb58eedd3?s=96&d=mm&r=g","caption":"hegyizs"},"url":"https:\/\/www.welovecycling.com\/hu\/author\/hegyizs\/"}]}},"_links":{"self":[{"href":"https:\/\/www.welovecycling.com\/hu\/wp-json\/wp\/v2\/posts\/2690","targetHints":{"allow":["GET"]}}],"collection":[{"href":"https:\/\/www.welovecycling.com\/hu\/wp-json\/wp\/v2\/posts"}],"about":[{"href":"https:\/\/www.welovecycling.com\/hu\/wp-json\/wp\/v2\/types\/post"}],"author":[{"embeddable":true,"href":"https:\/\/www.welovecycling.com\/hu\/wp-json\/wp\/v2\/users\/71"}],"replies":[{"embeddable":true,"href":"https:\/\/www.welovecycling.com\/hu\/wp-json\/wp\/v2\/comments?post=2690"}],"version-history":[{"count":2,"href":"https:\/\/www.welovecycling.com\/hu\/wp-json\/wp\/v2\/posts\/2690\/revisions"}],"predecessor-version":[{"id":2729,"href":"https:\/\/www.welovecycling.com\/hu\/wp-json\/wp\/v2\/posts\/2690\/revisions\/2729"}],"wp:featuredmedia":[{"embeddable":true,"href":"https:\/\/www.welovecycling.com\/hu\/wp-json\/wp\/v2\/media\/2728"}],"wp:attachment":[{"href":"https:\/\/www.welovecycling.com\/hu\/wp-json\/wp\/v2\/media?parent=2690"}],"wp:term":[{"taxonomy":"category","embeddable":true,"href":"https:\/\/www.welovecycling.com\/hu\/wp-json\/wp\/v2\/categories?post=2690"},{"taxonomy":"post_tag","embeddable":true,"href":"https:\/\/www.welovecycling.com\/hu\/wp-json\/wp\/v2\/tags?post=2690"},{"taxonomy":"global-categories","embeddable":true,"href":"https:\/\/www.welovecycling.com\/hu\/wp-json\/wp\/v2\/global-categories?post=2690"}],"curies":[{"name":"wp","href":"https:\/\/api.w.org\/{rel}","templated":true}]}}