{"id":2688,"date":"2019-02-01T10:00:14","date_gmt":"2019-02-01T09:00:14","guid":{"rendered":"https:\/\/www.welovecycling.com\/hu\/?p=2688"},"modified":"2019-01-25T11:59:33","modified_gmt":"2019-01-25T10:59:33","slug":"tel-utani-takaritas","status":"publish","type":"post","link":"https:\/\/www.welovecycling.com\/hu\/uncategorized\/tel-utani-takaritas\/","title":{"rendered":"\u00cdgy szabadulhatsz meg a t\u00e9len lerak\u00f3d\u00f3 mocsokt\u00f3l"},"content":{"rendered":"<p><strong>Ha megfelel\u0151en fel vagy \u00f6lt\u00f6zve, nagy m\u00f3ka lehet a t\u00e9li bicikliz\u00e9s. Viszont a ker\u00e9kp\u00e1rra rak\u00f3d\u00f3 kosz miatt nem lenne csoda, ha tavaszig ink\u00e1bb el\u0151 sem venn\u00e9d a bring\u00e1t. Ebben a cikkben n\u00e9h\u00e1ny hasznos tippel szeretn\u00e9nk seg\u00edteni, hogy t\u00falzott er\u0151fesz\u00edt\u00e9s n\u00e9lk\u00fcl letakar\u00edthasd a biciklit, \u00e9s a kedved se menjen el a rossz id\u0151ben teker\u00e9st\u0151l.<\/strong><\/p>\n<p>El\u00e9g ritka, hogy az embernek olyan bar\u00e1tai vannak, akik im\u00e1dnak biciklit mosni. M\u00e9gis, ha rendszeresen tekersz, akkor a t\u00f6rt\u00e9netnek alapvet\u0151 fontoss\u00e1g\u00fa r\u00e9sze az is, hogy a v\u00e1zr\u00f3l \u00e9s a f\u0151bb komponensekr\u0151l levakard a koszt.<\/p>\n<p><strong>Mi\u00e9rt kell a ker\u00e9kp\u00e1rt tiszt\u00e1n tartani?<\/strong><\/p>\n<p>A v\u00e1zra r\u00e1rak\u00f3d\u00f3 undor\u00edt\u00f3 anyagokt\u00f3l azonnal meg kell szabadulni, amint lesz\u00e1llsz a nyeregb\u0151l, k\u00fcl\u00f6nben m\u00e9g nehezebb lesz k\u00e9s\u0151bb elv\u00e9gezni a karbantart\u00e1s alapvet\u0151 m\u0171veleteit. K\u00e9t f\u0151 oka van annak, hogy a t\u00e9li mocsoknak \u00f6r\u00f6kre b\u00facs\u00fat mondj.<\/p>\n<p><img loading=\"lazy\" decoding=\"async\" class=\"size-full wp-image-2717 aligncenter\" src=\"https:\/\/d2p6e6u75xmxt8.cloudfront.net\/12\/2019\/02\/telikosz_1.jpg\" alt=\"\" width=\"1377\" height=\"918\" srcset=\"https:\/\/d2p6e6u75xmxt8.cloudfront.net\/12\/2019\/02\/telikosz_1.jpg 1377w, https:\/\/d2p6e6u75xmxt8.cloudfront.net\/12\/2019\/02\/telikosz_1-300x200.jpg 300w, https:\/\/d2p6e6u75xmxt8.cloudfront.net\/12\/2019\/02\/telikosz_1-768x512.jpg 768w, https:\/\/d2p6e6u75xmxt8.cloudfront.net\/12\/2019\/02\/telikosz_1-1024x683.jpg 1024w, https:\/\/d2p6e6u75xmxt8.cloudfront.net\/12\/2019\/02\/telikosz_1-272x182.jpg 272w\" sizes=\"auto, (max-width: 1377px) 100vw, 1377px\" \/><\/p>\n<div id=\"gallery-5\" class=\"gallery galleryid-172032 gallery-columns-3 gallery-size-large\">\n<figure class=\"gallery-item\">\n<div class=\"gallery-icon landscape\"><a class=\"colorbox-initialized cboxElement\" href=\"https:\/\/d2p6e6u75xmxt8.cloudfront.net\/2\/2019\/01\/Adam-Marsal-Bike-Cleaning-1.jpg\"><img loading=\"lazy\" decoding=\"async\" class=\"attachment-large size-large loading\" style=\"width: 100%; max-width: 100%; height: auto; max-height: none;\" src=\"https:\/\/d2p6e6u75xmxt8.cloudfront.net\/2\/2019\/01\/Adam-Marsal-Bike-Cleaning-1-1024x683.jpg\" sizes=\"auto, (max-width: 1024px) 100vw, 1024px\" srcset=\"https:\/\/d2p6e6u75xmxt8.cloudfront.net\/2\/2019\/01\/Adam-Marsal-Bike-Cleaning-1-1024x683.jpg 1024w, https:\/\/d2p6e6u75xmxt8.cloudfront.net\/2\/2019\/01\/Adam-Marsal-Bike-Cleaning-1-300x200.jpg 300w, https:\/\/d2p6e6u75xmxt8.cloudfront.net\/2\/2019\/01\/Adam-Marsal-Bike-Cleaning-1-768x512.jpg 768w, https:\/\/d2p6e6u75xmxt8.cloudfront.net\/2\/2019\/01\/Adam-Marsal-Bike-Cleaning-1-272x182.jpg 272w, https:\/\/d2p6e6u75xmxt8.cloudfront.net\/2\/2019\/01\/Adam-Marsal-Bike-Cleaning-1.jpg 1377w\" alt=\"\" width=\"1024\" height=\"683\" data-was-processed=\"true\" \/><\/a><\/div>\n<\/figure>\n<figure class=\"gallery-item\">\n<div class=\"gallery-icon landscape\"><a class=\"colorbox-initialized cboxElement\" href=\"https:\/\/d2p6e6u75xmxt8.cloudfront.net\/2\/2019\/01\/Adam-Marsal-Bike-Cleaning-2.jpg\"><img loading=\"lazy\" decoding=\"async\" class=\"attachment-large size-large loading\" style=\"width: 100%; max-width: 100%; height: auto; max-height: none;\" src=\"https:\/\/d2p6e6u75xmxt8.cloudfront.net\/2\/2019\/01\/Adam-Marsal-Bike-Cleaning-2-1024x683.jpg\" sizes=\"auto, (max-width: 1024px) 100vw, 1024px\" srcset=\"https:\/\/d2p6e6u75xmxt8.cloudfront.net\/2\/2019\/01\/Adam-Marsal-Bike-Cleaning-2-1024x683.jpg 1024w, https:\/\/d2p6e6u75xmxt8.cloudfront.net\/2\/2019\/01\/Adam-Marsal-Bike-Cleaning-2-300x200.jpg 300w, https:\/\/d2p6e6u75xmxt8.cloudfront.net\/2\/2019\/01\/Adam-Marsal-Bike-Cleaning-2-768x512.jpg 768w, https:\/\/d2p6e6u75xmxt8.cloudfront.net\/2\/2019\/01\/Adam-Marsal-Bike-Cleaning-2-272x182.jpg 272w, https:\/\/d2p6e6u75xmxt8.cloudfront.net\/2\/2019\/01\/Adam-Marsal-Bike-Cleaning-2.jpg 1377w\" alt=\"\" width=\"1024\" height=\"683\" data-was-processed=\"true\" \/><\/a><\/div>\n<\/figure>\n<figure class=\"gallery-item\">\n<div class=\"gallery-icon landscape\"><a class=\"colorbox-initialized cboxElement\" href=\"https:\/\/d2p6e6u75xmxt8.cloudfront.net\/2\/2019\/01\/Adam-Marsal-Bike-Cleaning-3.jpg\"><img loading=\"lazy\" decoding=\"async\" class=\"attachment-large size-large loading\" style=\"width: 100%; max-width: 100%; height: auto; max-height: none;\" src=\"https:\/\/d2p6e6u75xmxt8.cloudfront.net\/2\/2019\/01\/Adam-Marsal-Bike-Cleaning-3-1024x683.jpg\" sizes=\"auto, (max-width: 1024px) 100vw, 1024px\" srcset=\"https:\/\/d2p6e6u75xmxt8.cloudfront.net\/2\/2019\/01\/Adam-Marsal-Bike-Cleaning-3-1024x683.jpg 1024w, https:\/\/d2p6e6u75xmxt8.cloudfront.net\/2\/2019\/01\/Adam-Marsal-Bike-Cleaning-3-300x200.jpg 300w, https:\/\/d2p6e6u75xmxt8.cloudfront.net\/2\/2019\/01\/Adam-Marsal-Bike-Cleaning-3-768x512.jpg 768w, https:\/\/d2p6e6u75xmxt8.cloudfront.net\/2\/2019\/01\/Adam-Marsal-Bike-Cleaning-3-272x182.jpg 272w, https:\/\/d2p6e6u75xmxt8.cloudfront.net\/2\/2019\/01\/Adam-Marsal-Bike-Cleaning-3.jpg 1377w\" alt=\"\" width=\"1024\" height=\"683\" data-was-processed=\"true\" \/><\/a><\/div>\n<\/figure>\n<\/div>\n<p>&nbsp;<\/p>\n<p>Ha m\u00e1r n\u00e9zt\u00e9l mountain bike versenyt, l\u00e1thattad, hogy a profi downhill-versenyz\u0151k minden egyes k\u00f6r ut\u00e1n tisztogatj\u00e1k a ker\u00e9kp\u00e1rjukat. Egy\u00e9rtelm\u0171, hogy mi ezzel a c\u00e9ljuk: minden egyes gramm s\u00e1r hozz\u00e1tesz az \u00f6sszt\u00f6meghez, \u00e9s rendesen le is lass\u00edtja \u0151ket. De nem emiatt kell a legink\u00e1bb agg\u00f3dnod.<\/p>\n<p>Az \u00fatr\u00f3l felfr\u00f6ccsen\u0151 szenny az \u00f6sszes apr\u00f3 komponens m\u0171k\u00f6d\u00e9s\u00e9t befoly\u00e1solja. Ha a piszok bejut, rettenetes \u00e9s sokba ker\u00fcl\u0151 dolgok t\u00f6rt\u00e9nhetnek. A felf\u00fcggeszt\u00e9s t\u00f6m\u00edt\u00e9sei, a csap\u00e1gyak, a hajt\u00e1sl\u00e1nc elemei mind s\u00e9r\u00fcl\u00e9kenyek, \u00e9s csikorogni kezdenek, ha nem tudod a port \u00e9s sarat id\u0151ben leszedni. \u201eNem igaz\u00e1n javaslom a magas nyom\u00e1s\u00fa mos\u00f3val t\u00f6rt\u00e9n\u0151 tiszt\u00edt\u00e1st, mert a v\u00edzsug\u00e1r a kosz fellazult r\u00e9szecsk\u00e9it m\u00e9g jobban bel\u00f6kheti a mozg\u00f3alkatr\u00e9szek k\u00f6z\u00e9, \u00e9s \u00edgy gyorsabban fognak elhaszn\u00e1l\u00f3dni\u201d &#8211; teszi hozz\u00e1 Richard Gasperotti, profi ker\u00e9kp\u00e1ros.<\/p>\n<p><strong>Vizesv\u00f6d\u00f6r vagy zs\u00edrold\u00f3szer?<\/strong><\/p>\n<p>A ker\u00e9kp\u00e1rok tiszt\u00edt\u00e1s\u00e1nak sz\u00e9les k\u00f6rben el\u00e9rhet\u0151 m\u00f3dja egy v\u00f6d\u00f6r meleg v\u00edz \u00e9s egy kis mos\u00f3szer. Egy kis k\u00e9zikef\u00e9vel vagy aut\u00f3sszivaccsal kezdd el d\u00f6rzs\u00f6lni a korm\u00e1nyt\u00f3l a h\u00e1ts\u00f3 ker\u00e9k fel\u00e9 haladva. K\u00fcl\u00f6n\u00f6sen oda kell figyelni a villa bels\u0151 oldal\u00e1ra \u00e9s a h\u00e1ts\u00f3 h\u00e1romsz\u00f6gre, ahol a kosz j\u00f3 vastagon le tud rak\u00f3dni. K\u00f6nnyen el lehet \u00e9rni minden sz\u0171k helyet, ha mindk\u00e9t kereket leszereled.<\/p>\n<p>Ha a tiszt\u00edt\u00f3szeres habot a v\u00e1zra is felviszed \u00e9s szivaccsal eloszlatod, el\u00e9g sz\u00e9p eredm\u00e9nyt kaphatsz. Ami m\u00e9g hat\u00e9konyabbnak bizonyulhat, az valamilyen modern tiszt\u00edt\u00f3szer, zs\u00edrold\u00f3, speci\u00e1lis ker\u00e9kp\u00e1ros nedves vagy sz\u00e1raz tiszt\u00edt\u00f3szer, f\u00e9nyes\u00edt\u0151szer alkalmaz\u00e1sa.<\/p>\n<p>\u201eA Cyclo Star Bike WorkX term\u00e9k\u00e9vel el\u00e9gg\u00e9 meg voltam el\u00e9gedve, mert nagyon s\u0171r\u0171 \u00e9s vastag habot k\u00e9pez a felsz\u00ednen, ami minden koszt \u00e9s szennyez\u0151d\u00e9st le tud szedni\u201d \u2013 mondta m\u00e9g el Richard Gasperotti. Csak f\u00fajd r\u00e1 a tiszt\u00edt\u00f3szert a biciklire, \u00e9s az a munka nagy r\u00e9sz\u00e9t el is v\u00e9gzi. Egy kis id\u0151 m\u00falva lemoshatod a habot, a v\u00e1z pedig csillog\u00f3an f\u00e9nyes lesz.<\/p>\n<p>Ezt a proced\u00far\u00e1t \u00fagy is v\u00e9grehajthatod, hogy egy m\u0171anyag palackba t\u00f6ltesz vizet egy patakb\u00f3l. A felf\u00fcggeszt\u0151 villa, a rug\u00f3stag, a nyeregt\u00e1masz szint\u00e9n sz\u00e9p tiszta lesz, \u00e9s megh\u00e1l\u00e1lja a zs\u00edrold\u00f3szeres gondoskod\u00e1st.<\/p>\n<p><em>A csillog\u00f3 v\u00e9geredm\u00e9nyt nem lehet nem \u00e9szrevenni.<\/em><\/p>\n<p>Nagyon aj\u00e1nlott a takar\u00edt\u00e1st pol\u00edroz\u00e1ssal befejezni \u2013 valami olyan speci\u00e1lis f\u00e9nyes\u00edt\u0151szerrel \u2013 ami biztos\u00edtja, hogy a kosz nem tapad meg a fel\u00fcleteken. Ez olyasmi, mint az aut\u00f3k eset\u00e9ben a pol\u00edroz\u00e1shoz haszn\u00e1lt viasz &#8211; a f\u00e9nyez\u00e9s hosszabb id\u0151n \u00e1t marad sz\u00e9p, \u00e9s a koszt is k\u00f6nnyebb lemosni. Valahogy \u00fagy kell elk\u00e9pzelni, mintha \u00e1tl\u00e1tsz\u00f3 f\u00f3li\u00e1val burkoln\u00e1d be a biciklidet.<\/p>\n<p><strong>A l\u00e1nc is ig\u00e9nyli az \u00e1pol\u00e1st<\/strong><\/p>\n<p>Minden egyes tiszt\u00edt\u00e1skor \u00e9rdemes a l\u00e1ncot egy ronggyal megsz\u00e1r\u00edtani \u00e9s olajjal megkenni. \u00cdgy nemcsak az \u00e9lettartama n\u00f6velhet\u0151 meg, de a jobb teljes\u00edtm\u00e9ny miatt m\u00e9g a hangja is szebben cseng majd. Vannak ragad\u00f3s vazelint tartalmaz\u00f3, kifejezetten sz\u00fcrke t\u00e9li id\u0151j\u00e1r\u00e1sra tervezett \u00e1sv\u00e1nyi olajok, amelyek m\u00e9g a legr\u00e9mesebb k\u00f6r\u00fclm\u00e9nyeknek is ellen tudnak \u00e1llni.<\/p>\n<p>B\u00e1r lehet, hogy nincs sok kedved egy hossz\u00fa teker\u00e9s ut\u00e1n a takar\u00edt\u00e1ssal foglalkozni, ha ezt a fontos l\u00e9p\u00e9st kihagyod, lehet hogy legk\u00f6zelebb m\u00e1r a nyikorg\u00e1s \u00e9s a roml\u00f3 teljes\u00edtm\u00e9ny fog felbosszantani. S\u0151t, hossz\u00fa t\u00e1von tov\u00e1bbi kiad\u00e1sokra is k\u00e9sz\u00fcln\u00f6d kell, ha a mozg\u00f3 alkatr\u00e9szek k\u00f6z\u00f6tt megb\u00fav\u00f3 kosz miatt haszn\u00e1l\u00f3dnak el hamarabb bizonyos r\u00e9szegys\u00e9gek. Tartsd karban megfelel\u0151en a biciklidet, \u00e9s \u00e9lvezd a t\u00e9li teker\u00e9s \u00f6r\u00f6meit!<\/p>\n","protected":false},"excerpt":{"rendered":"<p>Ha megfelel\u0151en fel vagy \u00f6lt\u00f6zve, nagy m\u00f3ka lehet a t\u00e9li bicikliz\u00e9s. Viszont a ker\u00e9kp\u00e1rra rak\u00f3d\u00f3 kosz miatt nem lenne csoda, [&hellip;]<\/p>\n","protected":false},"author":71,"featured_media":2719,"comment_status":"open","ping_status":"open","sticky":false,"template":"","format":"standard","meta":{"footnotes":""},"categories":[1],"tags":[],"global-categories":[],"class_list":["post-2688","post","type-post","status-publish","format-standard","has-post-thumbnail","hentry","category-uncategorized"],"yoast_head":"<!-- This site is optimized with the Yoast SEO Premium plugin v25.3 (Yoast SEO v25.9) - https:\/\/yoast.com\/wordpress\/plugins\/seo\/ -->\n<title>\u00cdgy szabadulhatsz meg a t\u00e9len lerak\u00f3d\u00f3 mocsokt\u00f3l - \u0160koda We Love Cycling - Magyarorsz\u00e1g<\/title>\n<meta name=\"robots\" content=\"index, follow, max-snippet:-1, max-image-preview:large, max-video-preview:-1\" \/>\n<link rel=\"canonical\" href=\"https:\/\/www.welovecycling.com\/hu\/uncategorized\/tel-utani-takaritas\/\" \/>\n<meta property=\"og:locale\" content=\"hu_HU\" \/>\n<meta property=\"og:type\" content=\"article\" \/>\n<meta property=\"og:title\" content=\"\u00cdgy szabadulhatsz meg a t\u00e9len lerak\u00f3d\u00f3 mocsokt\u00f3l\" \/>\n<meta property=\"og:description\" content=\"Ha megfelel\u0151en fel vagy \u00f6lt\u00f6zve, nagy m\u00f3ka lehet a t\u00e9li bicikliz\u00e9s. Viszont a ker\u00e9kp\u00e1rra rak\u00f3d\u00f3 kosz miatt nem lenne csoda, [&hellip;]\" \/>\n<meta property=\"og:url\" content=\"https:\/\/www.welovecycling.com\/hu\/uncategorized\/tel-utani-takaritas\/\" \/>\n<meta property=\"og:site_name\" content=\"\u0160koda We Love Cycling - Magyarorsz\u00e1g\" \/>\n<meta property=\"article:publisher\" content=\"https:\/\/www.facebook.com\/WeLoveCyclingHungary\/\" \/>\n<meta property=\"article:published_time\" content=\"2019-02-01T09:00:14+00:00\" \/>\n<meta property=\"og:image\" content=\"https:\/\/d2p6e6u75xmxt8.cloudfront.net\/12\/2019\/02\/telikosz.jpg\" \/>\n\t<meta property=\"og:image:width\" content=\"1024\" \/>\n\t<meta property=\"og:image:height\" content=\"450\" \/>\n\t<meta property=\"og:image:type\" content=\"image\/jpeg\" \/>\n<meta name=\"author\" content=\"hegyizs\" \/>\n<meta name=\"twitter:card\" content=\"summary_large_image\" \/>\n<meta name=\"twitter:label1\" content=\"Written by\" \/>\n\t<meta name=\"twitter:data1\" content=\"hegyizs\" \/>\n\t<meta name=\"twitter:label2\" content=\"Est. reading time\" \/>\n\t<meta name=\"twitter:data2\" content=\"5 minutes\" \/>\n<script type=\"application\/ld+json\" class=\"yoast-schema-graph\">{\"@context\":\"https:\/\/schema.org\",\"@graph\":[{\"@type\":\"WebPage\",\"@id\":\"https:\/\/www.welovecycling.com\/hu\/uncategorized\/tel-utani-takaritas\/\",\"url\":\"https:\/\/www.welovecycling.com\/hu\/uncategorized\/tel-utani-takaritas\/\",\"name\":\"\u00cdgy szabadulhatsz meg a t\u00e9len lerak\u00f3d\u00f3 mocsokt\u00f3l - \u0160koda We Love Cycling - Magyarorsz\u00e1g\",\"isPartOf\":{\"@id\":\"https:\/\/www.welovecycling.com\/hu\/#website\"},\"primaryImageOfPage\":{\"@id\":\"https:\/\/www.welovecycling.com\/hu\/uncategorized\/tel-utani-takaritas\/#primaryimage\"},\"image\":{\"@id\":\"https:\/\/www.welovecycling.com\/hu\/uncategorized\/tel-utani-takaritas\/#primaryimage\"},\"thumbnailUrl\":\"https:\/\/d2p6e6u75xmxt8.cloudfront.net\/12\/2019\/02\/telikosz.jpg\",\"datePublished\":\"2019-02-01T09:00:14+00:00\",\"author\":{\"@id\":\"https:\/\/www.welovecycling.com\/hu\/#\/schema\/person\/414a2aebf1801691a5320edb6468e194\"},\"breadcrumb\":{\"@id\":\"https:\/\/www.welovecycling.com\/hu\/uncategorized\/tel-utani-takaritas\/#breadcrumb\"},\"inLanguage\":\"hu\",\"potentialAction\":[{\"@type\":\"ReadAction\",\"target\":[\"https:\/\/www.welovecycling.com\/hu\/uncategorized\/tel-utani-takaritas\/\"]}]},{\"@type\":\"ImageObject\",\"inLanguage\":\"hu\",\"@id\":\"https:\/\/www.welovecycling.com\/hu\/uncategorized\/tel-utani-takaritas\/#primaryimage\",\"url\":\"https:\/\/d2p6e6u75xmxt8.cloudfront.net\/12\/2019\/02\/telikosz.jpg\",\"contentUrl\":\"https:\/\/d2p6e6u75xmxt8.cloudfront.net\/12\/2019\/02\/telikosz.jpg\",\"width\":1024,\"height\":450},{\"@type\":\"BreadcrumbList\",\"@id\":\"https:\/\/www.welovecycling.com\/hu\/uncategorized\/tel-utani-takaritas\/#breadcrumb\",\"itemListElement\":[{\"@type\":\"ListItem\",\"position\":1,\"name\":\"Home\",\"item\":\"https:\/\/www.welovecycling.com\/hu\/\"},{\"@type\":\"ListItem\",\"position\":2,\"name\":\"\u00cdgy szabadulhatsz meg a t\u00e9len lerak\u00f3d\u00f3 mocsokt\u00f3l\"}]},{\"@type\":\"WebSite\",\"@id\":\"https:\/\/www.welovecycling.com\/hu\/#website\",\"url\":\"https:\/\/www.welovecycling.com\/hu\/\",\"name\":\"\u0160koda We Love Cycling - Magyarorsz\u00e1g\",\"description\":\"\u0160koda WeLoveCycling\",\"potentialAction\":[{\"@type\":\"SearchAction\",\"target\":{\"@type\":\"EntryPoint\",\"urlTemplate\":\"https:\/\/www.welovecycling.com\/hu\/?s={search_term_string}\"},\"query-input\":{\"@type\":\"PropertyValueSpecification\",\"valueRequired\":true,\"valueName\":\"search_term_string\"}}],\"inLanguage\":\"hu\"},{\"@type\":\"Person\",\"@id\":\"https:\/\/www.welovecycling.com\/hu\/#\/schema\/person\/414a2aebf1801691a5320edb6468e194\",\"name\":\"hegyizs\",\"image\":{\"@type\":\"ImageObject\",\"inLanguage\":\"hu\",\"@id\":\"https:\/\/www.welovecycling.com\/hu\/#\/schema\/person\/image\/\",\"url\":\"https:\/\/secure.gravatar.com\/avatar\/02cf8a7906b8cf90cecb4679defac7cfd33a1c2e3b88e4903d947f3bb58eedd3?s=96&d=mm&r=g\",\"contentUrl\":\"https:\/\/secure.gravatar.com\/avatar\/02cf8a7906b8cf90cecb4679defac7cfd33a1c2e3b88e4903d947f3bb58eedd3?s=96&d=mm&r=g\",\"caption\":\"hegyizs\"},\"url\":\"https:\/\/www.welovecycling.com\/hu\/author\/hegyizs\/\"}]}<\/script>\n<!-- \/ Yoast SEO Premium plugin. -->","yoast_head_json":{"title":"\u00cdgy szabadulhatsz meg a t\u00e9len lerak\u00f3d\u00f3 mocsokt\u00f3l - \u0160koda We Love Cycling - Magyarorsz\u00e1g","robots":{"index":"index","follow":"follow","max-snippet":"max-snippet:-1","max-image-preview":"max-image-preview:large","max-video-preview":"max-video-preview:-1"},"canonical":"https:\/\/www.welovecycling.com\/hu\/uncategorized\/tel-utani-takaritas\/","og_locale":"hu_HU","og_type":"article","og_title":"\u00cdgy szabadulhatsz meg a t\u00e9len lerak\u00f3d\u00f3 mocsokt\u00f3l","og_description":"Ha megfelel\u0151en fel vagy \u00f6lt\u00f6zve, nagy m\u00f3ka lehet a t\u00e9li bicikliz\u00e9s. Viszont a ker\u00e9kp\u00e1rra rak\u00f3d\u00f3 kosz miatt nem lenne csoda, [&hellip;]","og_url":"https:\/\/www.welovecycling.com\/hu\/uncategorized\/tel-utani-takaritas\/","og_site_name":"\u0160koda We Love Cycling - Magyarorsz\u00e1g","article_publisher":"https:\/\/www.facebook.com\/WeLoveCyclingHungary\/","article_published_time":"2019-02-01T09:00:14+00:00","og_image":[{"width":1024,"height":450,"url":"https:\/\/d2p6e6u75xmxt8.cloudfront.net\/12\/2019\/02\/telikosz.jpg","type":"image\/jpeg"}],"author":"hegyizs","twitter_card":"summary_large_image","twitter_misc":{"Written by":"hegyizs","Est. reading time":"5 minutes"},"schema":{"@context":"https:\/\/schema.org","@graph":[{"@type":"WebPage","@id":"https:\/\/www.welovecycling.com\/hu\/uncategorized\/tel-utani-takaritas\/","url":"https:\/\/www.welovecycling.com\/hu\/uncategorized\/tel-utani-takaritas\/","name":"\u00cdgy szabadulhatsz meg a t\u00e9len lerak\u00f3d\u00f3 mocsokt\u00f3l - \u0160koda We Love Cycling - Magyarorsz\u00e1g","isPartOf":{"@id":"https:\/\/www.welovecycling.com\/hu\/#website"},"primaryImageOfPage":{"@id":"https:\/\/www.welovecycling.com\/hu\/uncategorized\/tel-utani-takaritas\/#primaryimage"},"image":{"@id":"https:\/\/www.welovecycling.com\/hu\/uncategorized\/tel-utani-takaritas\/#primaryimage"},"thumbnailUrl":"https:\/\/d2p6e6u75xmxt8.cloudfront.net\/12\/2019\/02\/telikosz.jpg","datePublished":"2019-02-01T09:00:14+00:00","author":{"@id":"https:\/\/www.welovecycling.com\/hu\/#\/schema\/person\/414a2aebf1801691a5320edb6468e194"},"breadcrumb":{"@id":"https:\/\/www.welovecycling.com\/hu\/uncategorized\/tel-utani-takaritas\/#breadcrumb"},"inLanguage":"hu","potentialAction":[{"@type":"ReadAction","target":["https:\/\/www.welovecycling.com\/hu\/uncategorized\/tel-utani-takaritas\/"]}]},{"@type":"ImageObject","inLanguage":"hu","@id":"https:\/\/www.welovecycling.com\/hu\/uncategorized\/tel-utani-takaritas\/#primaryimage","url":"https:\/\/d2p6e6u75xmxt8.cloudfront.net\/12\/2019\/02\/telikosz.jpg","contentUrl":"https:\/\/d2p6e6u75xmxt8.cloudfront.net\/12\/2019\/02\/telikosz.jpg","width":1024,"height":450},{"@type":"BreadcrumbList","@id":"https:\/\/www.welovecycling.com\/hu\/uncategorized\/tel-utani-takaritas\/#breadcrumb","itemListElement":[{"@type":"ListItem","position":1,"name":"Home","item":"https:\/\/www.welovecycling.com\/hu\/"},{"@type":"ListItem","position":2,"name":"\u00cdgy szabadulhatsz meg a t\u00e9len lerak\u00f3d\u00f3 mocsokt\u00f3l"}]},{"@type":"WebSite","@id":"https:\/\/www.welovecycling.com\/hu\/#website","url":"https:\/\/www.welovecycling.com\/hu\/","name":"\u0160koda We Love Cycling - Magyarorsz\u00e1g","description":"\u0160koda WeLoveCycling","potentialAction":[{"@type":"SearchAction","target":{"@type":"EntryPoint","urlTemplate":"https:\/\/www.welovecycling.com\/hu\/?s={search_term_string}"},"query-input":{"@type":"PropertyValueSpecification","valueRequired":true,"valueName":"search_term_string"}}],"inLanguage":"hu"},{"@type":"Person","@id":"https:\/\/www.welovecycling.com\/hu\/#\/schema\/person\/414a2aebf1801691a5320edb6468e194","name":"hegyizs","image":{"@type":"ImageObject","inLanguage":"hu","@id":"https:\/\/www.welovecycling.com\/hu\/#\/schema\/person\/image\/","url":"https:\/\/secure.gravatar.com\/avatar\/02cf8a7906b8cf90cecb4679defac7cfd33a1c2e3b88e4903d947f3bb58eedd3?s=96&d=mm&r=g","contentUrl":"https:\/\/secure.gravatar.com\/avatar\/02cf8a7906b8cf90cecb4679defac7cfd33a1c2e3b88e4903d947f3bb58eedd3?s=96&d=mm&r=g","caption":"hegyizs"},"url":"https:\/\/www.welovecycling.com\/hu\/author\/hegyizs\/"}]}},"_links":{"self":[{"href":"https:\/\/www.welovecycling.com\/hu\/wp-json\/wp\/v2\/posts\/2688","targetHints":{"allow":["GET"]}}],"collection":[{"href":"https:\/\/www.welovecycling.com\/hu\/wp-json\/wp\/v2\/posts"}],"about":[{"href":"https:\/\/www.welovecycling.com\/hu\/wp-json\/wp\/v2\/types\/post"}],"author":[{"embeddable":true,"href":"https:\/\/www.welovecycling.com\/hu\/wp-json\/wp\/v2\/users\/71"}],"replies":[{"embeddable":true,"href":"https:\/\/www.welovecycling.com\/hu\/wp-json\/wp\/v2\/comments?post=2688"}],"version-history":[{"count":2,"href":"https:\/\/www.welovecycling.com\/hu\/wp-json\/wp\/v2\/posts\/2688\/revisions"}],"predecessor-version":[{"id":2721,"href":"https:\/\/www.welovecycling.com\/hu\/wp-json\/wp\/v2\/posts\/2688\/revisions\/2721"}],"wp:featuredmedia":[{"embeddable":true,"href":"https:\/\/www.welovecycling.com\/hu\/wp-json\/wp\/v2\/media\/2719"}],"wp:attachment":[{"href":"https:\/\/www.welovecycling.com\/hu\/wp-json\/wp\/v2\/media?parent=2688"}],"wp:term":[{"taxonomy":"category","embeddable":true,"href":"https:\/\/www.welovecycling.com\/hu\/wp-json\/wp\/v2\/categories?post=2688"},{"taxonomy":"post_tag","embeddable":true,"href":"https:\/\/www.welovecycling.com\/hu\/wp-json\/wp\/v2\/tags?post=2688"},{"taxonomy":"global-categories","embeddable":true,"href":"https:\/\/www.welovecycling.com\/hu\/wp-json\/wp\/v2\/global-categories?post=2688"}],"curies":[{"name":"wp","href":"https:\/\/api.w.org\/{rel}","templated":true}]}}