{"id":2665,"date":"2019-01-24T10:00:43","date_gmt":"2019-01-24T09:00:43","guid":{"rendered":"https:\/\/www.welovecycling.com\/hu\/?p=2665"},"modified":"2019-01-22T17:29:55","modified_gmt":"2019-01-22T16:29:55","slug":"isabelle-beckers-kovetkezo-celom-az-olimpia","status":"publish","type":"post","link":"https:\/\/www.welovecycling.com\/hu\/edzes-es-eletmod\/isabelle-beckers-kovetkezo-celom-az-olimpia\/","title":{"rendered":"Isabelle Beckers: K\u00f6vetkez\u0151 c\u00e9lom az olimpia"},"content":{"rendered":"<p><strong>Harminc\u00e9ves kor\u00e1ban valaki \u00fagy d\u00f6nt, megtanul git\u00e1rozni, harminc\u00f6t \u00e9vesen pedig telth\u00e1zas koncertet ad a Wembley Stadionban. Szerintetek ez nem t\u00f6rt\u00e9nhet meg? H\u00e1t a ker\u00e9kp\u00e1roz\u00e1sban igen, ahogy Isabelle Beckers p\u00e9ld\u00e1ja is bizony\u00edtja.<\/strong><\/p>\n<p>Ez a magas, sug\u00e1rz\u00f3 tekintet\u0171 belga ker\u00e9kp\u00e1ros, aki minden porcik\u00e1j\u00e1ban topmodell, a harmincat bet\u00f6ltve \u00fagy d\u00f6nt\u00f6tt, orsz\u00e1g\u00fati ker\u00e9kp\u00e1rversenyz\u0151 lesz. Jelenleg harminc\u00f6t \u00e9ves, a Vil\u00e1gkupa versenyein indul, leszerz\u0151d\u00f6tt egy profi csapathoz \u00e9s \u00e9pp nevezni k\u00e9sz\u00fcl a toki\u00f3i olimpi\u00e1ra. T\u00e9nyleg \u00edgy van, vagy csak nagyot \u00e1lmodik?<\/p>\n<p><a href=\"https:\/\/d2p6e6u75xmxt8.cloudfront.net\/12\/2019\/01\/isabelle-beckers-hands-view.jpg\"><img loading=\"lazy\" decoding=\"async\" class=\"aligncenter size-full wp-image-2667\" src=\"https:\/\/d2p6e6u75xmxt8.cloudfront.net\/12\/2019\/01\/isabelle-beckers-hands-view.jpg\" alt=\"\" width=\"5739\" height=\"3831\" srcset=\"https:\/\/d2p6e6u75xmxt8.cloudfront.net\/12\/2019\/01\/isabelle-beckers-hands-view.jpg 5739w, https:\/\/d2p6e6u75xmxt8.cloudfront.net\/12\/2019\/01\/isabelle-beckers-hands-view-300x200.jpg 300w, https:\/\/d2p6e6u75xmxt8.cloudfront.net\/12\/2019\/01\/isabelle-beckers-hands-view-768x513.jpg 768w, https:\/\/d2p6e6u75xmxt8.cloudfront.net\/12\/2019\/01\/isabelle-beckers-hands-view-1024x684.jpg 1024w, https:\/\/d2p6e6u75xmxt8.cloudfront.net\/12\/2019\/01\/isabelle-beckers-hands-view-1920x1282.jpg 1920w, https:\/\/d2p6e6u75xmxt8.cloudfront.net\/12\/2019\/01\/isabelle-beckers-hands-view-272x182.jpg 272w, https:\/\/d2p6e6u75xmxt8.cloudfront.net\/12\/2019\/01\/isabelle-beckers-hands-view-1920x1282.jpg 1920w\" sizes=\"auto, (max-width: 5739px) 100vw, 5739px\" \/><\/a><\/p>\n<p>Az az igazs\u00e1g, hogy Isabelle kb. 10 \u00e9ves kor\u00e1ban kezdett el sportolni. Kisl\u00e1nyk\u00e9nt az atl\u00e9tika \u00e9rdekelte nagyon, \u00e9s minden szabadidej\u00e9t a stadionban t\u00f6lt\u00f6tte. R\u00e1j\u00f6tt, hogy r\u00f6vidt\u00e1vfut\u00f3k\u00e9nt a 400 m\u00e9ter az \u0151 t\u00e1vja. A mai napig eml\u00e9kszik, mint mondott neki az els\u0151 edz\u0151je, aki megnyugtatta, hogy ha az edz\u00e9s f\u00e1jdalmas volt, akkor a verseny s\u00e9tagalopp lesz. \u201eMegtanultam, hogy fegyelmezettnek kell lennem\u201d \u2013 mondja a ma m\u00e1r 35 \u00e9ves belga sportol\u00f3n\u0151, aki a holland hat\u00e1r melletti Bolderberg flamand v\u00e1rosb\u00f3l sz\u00e1rmazik.<\/p>\n<p>Mag\u00e1t\u00f3l \u00e9rtet\u0151dik, hogy voltak pillanatok, amikor sz\u00edvesen bejelentette volna, hogy nem megy edz\u00e9sre, ink\u00e1bb bekuck\u00f3zik otthon \u00e9s majszolja a kedvenc csokij\u00e1t. De a sz\u00fclei ezt soha nem engedt\u00e9k. \u201eHa nem k\u00f6veted az edz\u0151d \u00e1ltal fel\u00e1ll\u00edtott edz\u00e9si tervet, felh\u00edvjuk \u00e9s elmondjuk neki, hogy nincs \u00e9rtelme tov\u00e1bb veled terveznie\u201d \u00ad\u2013 fenyegette meg apja, Marc \u00e9s anyja, Mieke. \u00c9s ez bev\u00e1lt \u2013 Isabelle \u00f6sszeszedte mag\u00e1t \u00e9s \u00fajra nekil\u00e1tott kem\u00e9nyen edzeni. Id\u0151vel sz\u00edv\u00f3ss\u00e1 v\u00e1lt. Megtanulta, hogy ha el akar \u00e9rni valamit, az\u00e9rt neki kell megk\u00fczdeni.<\/p>\n<h2>KR\u00d3NIKUS F\u00c1JDALOM<\/h2>\n<p>De az atl\u00e9tika kegyetlen. Csak kev\u00e9s sprinter mondhatja mag\u00e1t el\u00e9g szerencs\u00e9snek ahhoz, hogy nem h\u00faz\u00f3dott meg a t\u00e9rdszalagja. A combok h\u00e1tulj\u00e1n l\u00e9v\u0151 izmok eredend\u0151en s\u00e9r\u00fcl\u00e9kenyek \u00e9s t\u00faler\u0151ltet\u00e9s eset\u00e9n hajlamosak megr\u00e1ndulni. A huzamosabb meger\u0151ltet\u00e9s kr\u00f3nikus gyullad\u00e1st okozhat, amib\u0151l neh\u00e9z felgy\u00f3gyulni. Minden szezon egyre nehezebb \u00e9s f\u00e1jdalmasabb lett Isabelle sz\u00e1m\u00e1ra. Mivel sprintel\u00e9s k\u00f6zben s\u00e9r\u00fclnek igaz\u00e1n a combfesz\u00edt\u0151 izmok, fokozatosan hosszabb t\u00e1vokra v\u00e1ltott. El\u0151bb 800 m\u00e9tereket futott, majd r\u00e1\u00e1llt a terepfut\u00e1sra. Tin\u00e9dzser kor\u00e1ban azt gondolta, mindennel elb\u00edr, \u00e9s semmir\u0151l nem volt hajland\u00f3 lemondani. Im\u00e1dta a zen\u00e9t, zenei fesztiv\u00e1lokra j\u00e1rt \u00e9s bulizni a bar\u00e1taival. Ezzel p\u00e1rhuzamosan diplom\u00e1t szerzett \u00e9s testnevel\u0151 tan\u00e1r lett. A l\u00e1ba sajnos egyre ink\u00e1bb f\u00e1jt, \u00e9s Isabelle huszonh\u00e9t \u00e9ves kor\u00e1ban m\u00e1r azon gondolkozott, hogy valamilyen megold\u00e1st kellene tal\u00e1lnia a helyzetre.<\/p>\n<p><a href=\"https:\/\/d2p6e6u75xmxt8.cloudfront.net\/12\/2019\/01\/isabelle-beckers-part-view.jpg\"><img loading=\"lazy\" decoding=\"async\" class=\"aligncenter size-full wp-image-2669\" src=\"https:\/\/d2p6e6u75xmxt8.cloudfront.net\/12\/2019\/01\/isabelle-beckers-part-view.jpg\" alt=\"\" width=\"5740\" height=\"3832\" srcset=\"https:\/\/d2p6e6u75xmxt8.cloudfront.net\/12\/2019\/01\/isabelle-beckers-part-view.jpg 5740w, https:\/\/d2p6e6u75xmxt8.cloudfront.net\/12\/2019\/01\/isabelle-beckers-part-view-300x200.jpg 300w, https:\/\/d2p6e6u75xmxt8.cloudfront.net\/12\/2019\/01\/isabelle-beckers-part-view-768x513.jpg 768w, https:\/\/d2p6e6u75xmxt8.cloudfront.net\/12\/2019\/01\/isabelle-beckers-part-view-1024x684.jpg 1024w, https:\/\/d2p6e6u75xmxt8.cloudfront.net\/12\/2019\/01\/isabelle-beckers-part-view-1920x1282.jpg 1920w, https:\/\/d2p6e6u75xmxt8.cloudfront.net\/12\/2019\/01\/isabelle-beckers-part-view-272x182.jpg 272w, https:\/\/d2p6e6u75xmxt8.cloudfront.net\/12\/2019\/01\/isabelle-beckers-part-view-1920x1282.jpg 1920w\" sizes=\"auto, (max-width: 5740px) 100vw, 5740px\" \/><\/a><\/p>\n<p>A bar\u00e1tai m\u00e1r \u00e9vek \u00f3ta pr\u00f3b\u00e1lt\u00e1k r\u00e1venni, hogy vegyen egy ker\u00e9kp\u00e1rt \u00e9s tekerjen vel\u00fck. \u201eSz\u00f3val adtam a dolognak egy es\u00e9lyt\u201d \u2013 eml\u00e9kszik vissza Isabelle. A tan\u00e1csukat k\u00f6vetve v\u00e1lasztott bring\u00e1t, \u00e9s annyira megszerette a teker\u00e9st, hogy ahogy tudott, benevezett a Flandriai k\u00f6rversenyre. Akkoriban l\u00e1tott a t\u00e9v\u00e9ben egy rekl\u00e1mot, amiben egy c\u00e9g \u2013 edz\u0151 ir\u00e1ny\u00edt\u00e1sa mellett \u2013 f\u00e9l Ironmanre, azon bel\u00fcl pedig f\u00e9lmaratonra v\u00e1llalt felk\u00e9sz\u00edt\u00e9st. De nem vettek fel ak\u00e1rkit \u2013 minden jelentkez\u0151nek speci\u00e1lis alkalmass\u00e1gi vizsg\u00e1n kellett \u00e1tmennie. Isabelle-t kiv\u00e1lasztott\u00e1k \u00e9s benevezt\u00e9k a legels\u0151 verseny\u00e9re. K\u00e9t \u00e9v ut\u00e1n \u00e9szrevette, hogy a ker\u00e9kp\u00e1ros versenysz\u00e1mban a legjobb, \u00e9s \u00fagy d\u00f6nt\u00f6tt, tov\u00e1bbl\u00e9p \u00e9s ez\u00fattal kiz\u00e1r\u00f3lag a ker\u00e9kp\u00e1roz\u00e1sra koncentr\u00e1l.<\/p>\n<h2>MELYIK A LEGNEHEZEBB R\u00c9SZE?<\/h2>\n<p>Gyakran k\u00e9rdezik t\u0151le, hogy mi a k\u00fcl\u00f6nbs\u00e9g a triatlon \u00e9s a ker\u00e9kp\u00e1roz\u00e1s k\u00f6z\u00f6tt. \u201eMindenki \u00fagy gondolja, hogy a triatlon a f\u00e1rads\u00e1gosabb \u00e9s meger\u0151ltet\u0151bb a k\u00e9t sport k\u00f6z\u00fcl, de ez egy\u00e1ltal\u00e1n nem \u00edgy van\u201d \u2013 mondja Isabelle, aki 2015-ben a Lotto Soudal Ladies profi csapat tagja lett. Azt mondja, az a triatlon el\u0151nye, hogy mindenki megv\u00e1laszthatja a saj\u00e1t temp\u00f3j\u00e1t, \u00e9s csak azt kell tartania, \u00edgy elker\u00fclheti a g\u00f6rcs\u00f6ket. \u201eOrsz\u00e1g\u00fati ker\u00e9kp\u00e1rosk\u00e9nt tartanod kell a temp\u00f3t a t\u00f6bbiekkel, k\u00fcl\u00f6nben lemaradsz, \u00e9s akkor elb\u00facs\u00fazhatsz a versenyt\u0151l\u201d \u2013 mondja Isabelle, c\u00e9lozva a mez\u0151ny v\u00e9g\u00e9n teker\u0151 Tour de France-versenyz\u0151k arc\u00e1ra ki\u00fcl\u0151 szenved\u00e9sre. Isabelle egyre kem\u00e9nyebben k\u00fczd\u00f6tt az el\u0151rejut\u00e1s\u00e9rt, \u00e9s amikor csak tudott, megm\u00e9rette mag\u00e1t a versenyeken.<\/p>\n<p>A nyeregben \u00fclve tanulta meg, mit is jelent val\u00f3j\u00e1ban a profi ker\u00e9kp\u00e1roz\u00e1s. Senki nem mondja meg neked az elej\u00e9n, hogy az els\u0151 n\u00e9h\u00e1ny versenyen val\u00f3sz\u00edn\u0171leg c\u00e9lba sem fogsz \u00e9rni, mert az t\u00e9nyleg nagyon kem\u00e9ny. \u201eMeg kell tanulnod megfelel\u0151en enni \u00e9s inni is, ellenkez\u0151 esetben nagy es\u00e9llyel elesel, \u00e9s akkor v\u00e9ge a dalnak. Valamint meg kell tanulnod megfelel\u0151en \u00f6lt\u00f6zk\u00f6dni is\u201d \u2013 teszi hozz\u00e1 Isabelle. Ez k\u00fcl\u00f6n\u00f6sen t\u00e9len fontos \u2013 a rajtvonaln\u00e1l m\u00e9g dideregsz, azt\u00e1n menet k\u00f6zben meleged lesz. Sokat tanult k\u00e9s\u0151bbi bar\u00e1tj\u00e1t\u00f3l, a Csehorsz\u00e1gban lak\u00f3 ausztr\u00e1l ker\u00e9kp\u00e1ros Adam Hansont\u00f3l. \u201eAdam rengeteg mindent el\u00e1rult a versenytaktik\u00e1r\u00f3l, hogyan kell mozogni a mez\u0151nyben \u00e9s hogyan kell megfelel\u0151en edzeni. \u00d6r\u00f6kk\u00e9 h\u00e1l\u00e1s leszek neki, hogy a mentorom volt\u201d \u2013 mondja Isabelle.<\/p>\n<h2>A PROFI KER\u00c9KP\u00c1ROZ\u00c1S VISZONTAGS\u00c1GAI<\/h2>\n<p>\u00dagy gondolja, hogy a profi ker\u00e9kp\u00e1roz\u00e1sban az a legnehezebb, hogy az embernek t\u00f6k\u00e9letes kond\u00edci\u00f3ban kell mag\u00e1t tartania. B\u00e1rmikor kiv\u00e1laszthatnak egy versenyre, ak\u00e1r az utols\u00f3 pillanatban is, ami teljesen bevett szok\u00e1s ebben a sport\u00e1gban. \u00dagyhogy soha nem lehetsz el\u00e9gg\u00e9 felk\u00e9sz\u00fclve. El\u00e9g, ha egyszer nem annyira vagy form\u00e1ban, \u00e9s m\u00e1r harangoztak is neked. \u201eLegk\u00f6zelebb egyszer\u0171en nem v\u00e1logatnak be\u201d \u2013 mondja a belga n\u0151, akinek p\u00e1lyafut\u00e1sa sor\u00e1n azzal is be kellett \u00e9rnie, hogy \u00e9vekig csapatasszisztens volt. \u201eHa a t\u00f6bbiek beskatuly\u00e1znak, neh\u00e9z onnan kiker\u00fclni\u201d \u2013 magyar\u00e1zza. \u00dagy gondolja, hogy a ker\u00e9kp\u00e1roz\u00e1s olyan, mint a t\u00f6bbi sport. \u201eA k\u00e9s\u0151bb kezd\u0151knek sokkal nehezebb, mint azoknak, akik gyerekkoruk \u00f3ta tekernek, mivel technik\u00e1ban mindig h\u00e1tr\u00e1nyban lesznek. Ezt a hi\u00e1nyoss\u00e1got a sokkal t\u00f6bb izommunk\u00e1val kell ellens\u00falyozni\u201d \u2013 magyar\u00e1zza.<\/p>\n<p><a href=\"https:\/\/d2p6e6u75xmxt8.cloudfront.net\/12\/2019\/01\/isabelle-beckers-bicycle.jpg\"><img loading=\"lazy\" decoding=\"async\" class=\"aligncenter size-full wp-image-2666\" src=\"https:\/\/d2p6e6u75xmxt8.cloudfront.net\/12\/2019\/01\/isabelle-beckers-bicycle.jpg\" alt=\"\" width=\"3723\" height=\"5577\" srcset=\"https:\/\/d2p6e6u75xmxt8.cloudfront.net\/12\/2019\/01\/isabelle-beckers-bicycle.jpg 3723w, https:\/\/d2p6e6u75xmxt8.cloudfront.net\/12\/2019\/01\/isabelle-beckers-bicycle-200x300.jpg 200w, https:\/\/d2p6e6u75xmxt8.cloudfront.net\/12\/2019\/01\/isabelle-beckers-bicycle-768x1150.jpg 768w, https:\/\/d2p6e6u75xmxt8.cloudfront.net\/12\/2019\/01\/isabelle-beckers-bicycle-684x1024.jpg 684w, https:\/\/d2p6e6u75xmxt8.cloudfront.net\/12\/2019\/01\/isabelle-beckers-bicycle-1282x1920.jpg 1282w, https:\/\/d2p6e6u75xmxt8.cloudfront.net\/12\/2019\/01\/isabelle-beckers-bicycle-1282x1920.jpg 1282w\" sizes=\"auto, (max-width: 3723px) 100vw, 3723px\" \/><\/a><\/p>\n<p>M\u00e1sik gyenge pontjak\u00e9nt kiemeli, hogy f\u00e9l a downhillt\u0151l. S\u00edk vid\u00e9kr\u0151l sz\u00e1rmazik, \u00edgy keresnie kellett olyan helyeket, ahol gyakorolhatja a hegyi ker\u00e9kp\u00e1roz\u00e1st \u2013 mondja. Er\u0151ss\u00e9ge azonban, hogy tudja, hogyan tartsa a temp\u00f3t \u00e9s sz\u00edvesen feszegeti a saj\u00e1t hat\u00e1rait, ami nem mondhat\u00f3 el mindenkir\u0151l. Sz\u00fcletett belgak\u00e9nt egy viszonylag ritka er\u00e9nnyel b\u00fcszk\u00e9lkedhet: nem csup\u00e1n nem tart a macskak\u0151t\u0151l, de kifejezetten szereti \u00fagy alak\u00edtani \u00fatjait, hogy azon tekerjen. Amit a m\u00e1s orsz\u00e1gokb\u00f3l \u00e9rkez\u0151k az \u00c9szak poklak\u00e9nt \u00e9lnek meg, Isabelle sz\u00e1m\u00e1ra napi rutin, ragyogva teljes\u00edti.<\/p>\n<p>Saj\u00e1t bevall\u00e1sa szerint gyakran kapta mag\u00e1t azon, hogy gondolkod\u00f3ba esett: feladja-e. K\u00fcl\u00f6n\u00f6sen, ha valamelyik verseny nem \u00fagy siker\u00fclt, ahogy tervezte. \u201eAzt\u00e1n alszom r\u00e1 egyet, \u00e9s csin\u00e1lom tov\u00e1bb\u201d \u2013 mondja Isabelle. Meg kellett tanulnia, hogy az edz\u00e9s nem \u00e1ll mindenek felett, \u00e9s az is fontos, hogy n\u00e9ha kikapcsoljon \u00e9s hagyja, hogy a teste \u00fajra \u00e9letre keljen. De nem k\u00f6nny\u0171 \u00fagy pihenni, hogy az ember k\u00f6z\u00f6ss\u00e9gi oldalai hemzsegnek az ellenfelek aznapi edz\u00e9s\u00e9r\u0151l k\u00e9sz\u00fclt f\u00e9nyk\u00e9pekkel.<\/p>\n<h2>\u00daJ KIH\u00cdV\u00c1SOK<\/h2>\n<p>A sport azt is megtan\u00edtotta neki, hogyan k\u00fczdje le a mindennapi \u00e9let akad\u00e1lyait. Amikor m\u00e1sok azt mondj\u00e1k, hogy valami nem lehets\u00e9ges, Isabelle m\u00e9g akkor is azt mondja, hogy dehogynem. Amikor \u00fczletk\u00f6t\u0151k\u00e9nt dolgozott egy eg\u00e9szs\u00e9g\u00fcgyi v\u00e1llalatn\u00e1l, az volt a munk\u00e1ja, hogy orvosokkal tal\u00e1lkozzon \u00e9s term\u00e9keket s\u00f3zzon r\u00e1juk. Ha valamelyik orvos t\u00e1vols\u00e1gtart\u00f3an vagy bar\u00e1ts\u00e1gtalanul fogadta, mert nem ismerte vagy nem b\u00edzott benne, Isabelle, ahelyett, hogy feladta volna \u00e9s m\u00e1sn\u00e1l pr\u00f3b\u00e1lt volna szerencs\u00e9t, visszat\u00e9rt \u00e9s megpr\u00f3b\u00e1lta m\u00e1s hozz\u00e1\u00e1ll\u00e1ssal r\u00e1venni az \u00fczletre. \u201eEgy \u00faj nap egy \u00faj lehet\u0151s\u00e9g\u201d \u2013 mondja mosolyogva Isabelle. Fontos, hogy a sport mellett legyen az embernek munk\u00e1ja vagy tanuljon, b\u00e1rmilyen ter\u00fcletr\u0151l is legyen sz\u00f3. \u201eHa \u00fagy \u00e9rzed, hogy m\u00e1r nem b\u00edrod tov\u00e1bb csin\u00e1lni, lesz, ahova visszat\u00e9rsz \u00e9s az \u00e9leted nem \u00e1ll le\u201d \u2013 mondja Isabelle.<\/p>\n<p><a href=\"https:\/\/d2p6e6u75xmxt8.cloudfront.net\/12\/2019\/01\/isabelle-beckers-portrait.jpg\"><img loading=\"lazy\" decoding=\"async\" class=\"aligncenter size-full wp-image-2670\" src=\"https:\/\/d2p6e6u75xmxt8.cloudfront.net\/12\/2019\/01\/isabelle-beckers-portrait.jpg\" alt=\"\" width=\"6016\" height=\"4016\" srcset=\"https:\/\/d2p6e6u75xmxt8.cloudfront.net\/12\/2019\/01\/isabelle-beckers-portrait.jpg 6016w, https:\/\/d2p6e6u75xmxt8.cloudfront.net\/12\/2019\/01\/isabelle-beckers-portrait-300x200.jpg 300w, https:\/\/d2p6e6u75xmxt8.cloudfront.net\/12\/2019\/01\/isabelle-beckers-portrait-768x513.jpg 768w, https:\/\/d2p6e6u75xmxt8.cloudfront.net\/12\/2019\/01\/isabelle-beckers-portrait-1024x684.jpg 1024w, https:\/\/d2p6e6u75xmxt8.cloudfront.net\/12\/2019\/01\/isabelle-beckers-portrait-1920x1282.jpg 1920w, https:\/\/d2p6e6u75xmxt8.cloudfront.net\/12\/2019\/01\/isabelle-beckers-portrait-272x182.jpg 272w, https:\/\/d2p6e6u75xmxt8.cloudfront.net\/12\/2019\/01\/isabelle-beckers-portrait-1920x1282.jpg 1920w\" sizes=\"auto, (max-width: 6016px) 100vw, 6016px\" \/><\/a><\/p>\n<p>Jelenleg a p\u00e1lya-ker\u00e9kp\u00e1roz\u00e1sra \u00f6sszpontos\u00edt. \u201eAz egy\u00e9ni \u00e9s csapat \u00fcld\u00f6z\u0151versenyek nagyon hasonl\u00edtanak az id\u0151futamhoz, ami a kedvenc orsz\u00e1g\u00fati sz\u00e1mom\u201d \u2013 mondja Isabelle, aki szeretne indul\u00f3k\u00e9nt kijutni a toki\u00f3i olimpiai j\u00e1t\u00e9kokra. \u201eTudom, hogy minden ellenem sz\u00f3l, de nem lesz m\u00e1r erre t\u00f6bb es\u00e9lyem\u201d \u2013 ismeri be, hozz\u00e1t\u00e9ve, hogy mindig is ez volt a gyerekkori \u00e1lma. \u201eM\u00e9g ha nem is siker\u00fcl, tudni akarom, hogy mindent megtettem \u00e9rte\u201d \u2013 mondja. Elismeri, hogy \u00f6t \u00e9v m\u00falva m\u00e1r nem val\u00f3sz\u00edn\u0171, hogy versenyezni fog. De m\u00e9g ha nem is, arra v\u00e1gyik, hogy kapcsolatban maradjon a bring\u00e1z\u00e1ssal. K\u00e9s\u0151bb a hegyi-ker\u00e9kp\u00e1roz\u00e1sra szeretne koncentr\u00e1lni, tal\u00e1n blogot \u00edrni (hasonl\u00f3t ahhoz, amelyet jelenleg egy ker\u00e9kp\u00e1rm\u00e1rk\u00e1hoz k\u00e9sz\u00edt). \u00c1lma, hogy egyszer telev\u00edzi\u00f3s sportkomment\u00e1tor legyen. \u201eNyitott vagyok mindenre \u00e9s szeretem az \u00faj kih\u00edv\u00e1sokat\u201d \u2013 mondja. Amikor megl\u00e1tjuk a szem\u00e9ben a csillog\u00e1st, nem neh\u00e9z elhinni, hogy meg is fogja val\u00f3s\u00edtani.<\/p>\n","protected":false},"excerpt":{"rendered":"<p>Harminc\u00e9ves kor\u00e1ban valaki \u00fagy d\u00f6nt, megtanul git\u00e1rozni, harminc\u00f6t \u00e9vesen pedig telth\u00e1zas koncertet ad a Wembley Stadionban. Szerintetek ez nem t\u00f6rt\u00e9nhet [&hellip;]<\/p>\n","protected":false},"author":71,"featured_media":2668,"comment_status":"open","ping_status":"open","sticky":false,"template":"","format":"standard","meta":{"footnotes":""},"categories":[6],"tags":[305,87,304],"global-categories":[],"class_list":["post-2665","post","type-post","status-publish","format-standard","has-post-thumbnail","hentry","category-edzes-es-eletmod","tag-isabelle-beckers","tag-kerekpar-verseny","tag-motivacio"],"yoast_head":"<!-- This site is optimized with the Yoast SEO Premium plugin v25.3 (Yoast SEO v25.9) - https:\/\/yoast.com\/wordpress\/plugins\/seo\/ -->\n<title>Isabelle Beckers: K\u00f6vetkez\u0151 c\u00e9lom az olimpia - \u0160koda We Love Cycling - Magyarorsz\u00e1g<\/title>\n<meta name=\"robots\" content=\"index, follow, max-snippet:-1, max-image-preview:large, max-video-preview:-1\" \/>\n<link rel=\"canonical\" href=\"https:\/\/www.welovecycling.com\/hu\/edzes-es-eletmod\/isabelle-beckers-kovetkezo-celom-az-olimpia\/\" \/>\n<meta property=\"og:locale\" content=\"hu_HU\" \/>\n<meta property=\"og:type\" content=\"article\" \/>\n<meta property=\"og:title\" content=\"Isabelle Beckers: K\u00f6vetkez\u0151 c\u00e9lom az olimpia\" \/>\n<meta property=\"og:description\" content=\"Harminc\u00e9ves kor\u00e1ban valaki \u00fagy d\u00f6nt, megtanul git\u00e1rozni, harminc\u00f6t \u00e9vesen pedig telth\u00e1zas koncertet ad a Wembley Stadionban. Szerintetek ez nem t\u00f6rt\u00e9nhet [&hellip;]\" \/>\n<meta property=\"og:url\" content=\"https:\/\/www.welovecycling.com\/hu\/edzes-es-eletmod\/isabelle-beckers-kovetkezo-celom-az-olimpia\/\" \/>\n<meta property=\"og:site_name\" content=\"\u0160koda We Love Cycling - Magyarorsz\u00e1g\" \/>\n<meta property=\"article:publisher\" content=\"https:\/\/www.facebook.com\/WeLoveCyclingHungary\/\" \/>\n<meta property=\"article:published_time\" content=\"2019-01-24T09:00:43+00:00\" \/>\n<meta property=\"og:image\" content=\"https:\/\/d2p6e6u75xmxt8.cloudfront.net\/12\/2019\/01\/isabelle-beckers-hero.jpg\" \/>\n\t<meta property=\"og:image:width\" content=\"5591\" \/>\n\t<meta property=\"og:image:height\" content=\"3732\" \/>\n\t<meta property=\"og:image:type\" content=\"image\/jpeg\" \/>\n<meta name=\"author\" content=\"hegyizs\" \/>\n<meta name=\"twitter:card\" content=\"summary_large_image\" \/>\n<meta name=\"twitter:label1\" content=\"Written by\" \/>\n\t<meta name=\"twitter:data1\" content=\"hegyizs\" \/>\n\t<meta name=\"twitter:label2\" content=\"Est. reading time\" \/>\n\t<meta name=\"twitter:data2\" content=\"9 minutes\" \/>\n<script type=\"application\/ld+json\" class=\"yoast-schema-graph\">{\"@context\":\"https:\/\/schema.org\",\"@graph\":[{\"@type\":\"WebPage\",\"@id\":\"https:\/\/www.welovecycling.com\/hu\/edzes-es-eletmod\/isabelle-beckers-kovetkezo-celom-az-olimpia\/\",\"url\":\"https:\/\/www.welovecycling.com\/hu\/edzes-es-eletmod\/isabelle-beckers-kovetkezo-celom-az-olimpia\/\",\"name\":\"Isabelle Beckers: K\u00f6vetkez\u0151 c\u00e9lom az olimpia - \u0160koda We Love Cycling - Magyarorsz\u00e1g\",\"isPartOf\":{\"@id\":\"https:\/\/www.welovecycling.com\/hu\/#website\"},\"primaryImageOfPage\":{\"@id\":\"https:\/\/www.welovecycling.com\/hu\/edzes-es-eletmod\/isabelle-beckers-kovetkezo-celom-az-olimpia\/#primaryimage\"},\"image\":{\"@id\":\"https:\/\/www.welovecycling.com\/hu\/edzes-es-eletmod\/isabelle-beckers-kovetkezo-celom-az-olimpia\/#primaryimage\"},\"thumbnailUrl\":\"https:\/\/d2p6e6u75xmxt8.cloudfront.net\/12\/2019\/01\/isabelle-beckers-hero.jpg\",\"datePublished\":\"2019-01-24T09:00:43+00:00\",\"author\":{\"@id\":\"https:\/\/www.welovecycling.com\/hu\/#\/schema\/person\/414a2aebf1801691a5320edb6468e194\"},\"breadcrumb\":{\"@id\":\"https:\/\/www.welovecycling.com\/hu\/edzes-es-eletmod\/isabelle-beckers-kovetkezo-celom-az-olimpia\/#breadcrumb\"},\"inLanguage\":\"hu\",\"potentialAction\":[{\"@type\":\"ReadAction\",\"target\":[\"https:\/\/www.welovecycling.com\/hu\/edzes-es-eletmod\/isabelle-beckers-kovetkezo-celom-az-olimpia\/\"]}]},{\"@type\":\"ImageObject\",\"inLanguage\":\"hu\",\"@id\":\"https:\/\/www.welovecycling.com\/hu\/edzes-es-eletmod\/isabelle-beckers-kovetkezo-celom-az-olimpia\/#primaryimage\",\"url\":\"https:\/\/d2p6e6u75xmxt8.cloudfront.net\/12\/2019\/01\/isabelle-beckers-hero.jpg\",\"contentUrl\":\"https:\/\/d2p6e6u75xmxt8.cloudfront.net\/12\/2019\/01\/isabelle-beckers-hero.jpg\",\"width\":5591,\"height\":3732},{\"@type\":\"BreadcrumbList\",\"@id\":\"https:\/\/www.welovecycling.com\/hu\/edzes-es-eletmod\/isabelle-beckers-kovetkezo-celom-az-olimpia\/#breadcrumb\",\"itemListElement\":[{\"@type\":\"ListItem\",\"position\":1,\"name\":\"Home\",\"item\":\"https:\/\/www.welovecycling.com\/hu\/\"},{\"@type\":\"ListItem\",\"position\":2,\"name\":\"Isabelle Beckers: K\u00f6vetkez\u0151 c\u00e9lom az olimpia\"}]},{\"@type\":\"WebSite\",\"@id\":\"https:\/\/www.welovecycling.com\/hu\/#website\",\"url\":\"https:\/\/www.welovecycling.com\/hu\/\",\"name\":\"\u0160koda We Love Cycling - Magyarorsz\u00e1g\",\"description\":\"\u0160koda WeLoveCycling\",\"potentialAction\":[{\"@type\":\"SearchAction\",\"target\":{\"@type\":\"EntryPoint\",\"urlTemplate\":\"https:\/\/www.welovecycling.com\/hu\/?s={search_term_string}\"},\"query-input\":{\"@type\":\"PropertyValueSpecification\",\"valueRequired\":true,\"valueName\":\"search_term_string\"}}],\"inLanguage\":\"hu\"},{\"@type\":\"Person\",\"@id\":\"https:\/\/www.welovecycling.com\/hu\/#\/schema\/person\/414a2aebf1801691a5320edb6468e194\",\"name\":\"hegyizs\",\"image\":{\"@type\":\"ImageObject\",\"inLanguage\":\"hu\",\"@id\":\"https:\/\/www.welovecycling.com\/hu\/#\/schema\/person\/image\/\",\"url\":\"https:\/\/secure.gravatar.com\/avatar\/02cf8a7906b8cf90cecb4679defac7cfd33a1c2e3b88e4903d947f3bb58eedd3?s=96&d=mm&r=g\",\"contentUrl\":\"https:\/\/secure.gravatar.com\/avatar\/02cf8a7906b8cf90cecb4679defac7cfd33a1c2e3b88e4903d947f3bb58eedd3?s=96&d=mm&r=g\",\"caption\":\"hegyizs\"},\"url\":\"https:\/\/www.welovecycling.com\/hu\/author\/hegyizs\/\"}]}<\/script>\n<!-- \/ Yoast SEO Premium plugin. -->","yoast_head_json":{"title":"Isabelle Beckers: K\u00f6vetkez\u0151 c\u00e9lom az olimpia - \u0160koda We Love Cycling - Magyarorsz\u00e1g","robots":{"index":"index","follow":"follow","max-snippet":"max-snippet:-1","max-image-preview":"max-image-preview:large","max-video-preview":"max-video-preview:-1"},"canonical":"https:\/\/www.welovecycling.com\/hu\/edzes-es-eletmod\/isabelle-beckers-kovetkezo-celom-az-olimpia\/","og_locale":"hu_HU","og_type":"article","og_title":"Isabelle Beckers: K\u00f6vetkez\u0151 c\u00e9lom az olimpia","og_description":"Harminc\u00e9ves kor\u00e1ban valaki \u00fagy d\u00f6nt, megtanul git\u00e1rozni, harminc\u00f6t \u00e9vesen pedig telth\u00e1zas koncertet ad a Wembley Stadionban. Szerintetek ez nem t\u00f6rt\u00e9nhet [&hellip;]","og_url":"https:\/\/www.welovecycling.com\/hu\/edzes-es-eletmod\/isabelle-beckers-kovetkezo-celom-az-olimpia\/","og_site_name":"\u0160koda We Love Cycling - Magyarorsz\u00e1g","article_publisher":"https:\/\/www.facebook.com\/WeLoveCyclingHungary\/","article_published_time":"2019-01-24T09:00:43+00:00","og_image":[{"width":5591,"height":3732,"url":"https:\/\/d2p6e6u75xmxt8.cloudfront.net\/12\/2019\/01\/isabelle-beckers-hero.jpg","type":"image\/jpeg"}],"author":"hegyizs","twitter_card":"summary_large_image","twitter_misc":{"Written by":"hegyizs","Est. reading time":"9 minutes"},"schema":{"@context":"https:\/\/schema.org","@graph":[{"@type":"WebPage","@id":"https:\/\/www.welovecycling.com\/hu\/edzes-es-eletmod\/isabelle-beckers-kovetkezo-celom-az-olimpia\/","url":"https:\/\/www.welovecycling.com\/hu\/edzes-es-eletmod\/isabelle-beckers-kovetkezo-celom-az-olimpia\/","name":"Isabelle Beckers: K\u00f6vetkez\u0151 c\u00e9lom az olimpia - \u0160koda We Love Cycling - Magyarorsz\u00e1g","isPartOf":{"@id":"https:\/\/www.welovecycling.com\/hu\/#website"},"primaryImageOfPage":{"@id":"https:\/\/www.welovecycling.com\/hu\/edzes-es-eletmod\/isabelle-beckers-kovetkezo-celom-az-olimpia\/#primaryimage"},"image":{"@id":"https:\/\/www.welovecycling.com\/hu\/edzes-es-eletmod\/isabelle-beckers-kovetkezo-celom-az-olimpia\/#primaryimage"},"thumbnailUrl":"https:\/\/d2p6e6u75xmxt8.cloudfront.net\/12\/2019\/01\/isabelle-beckers-hero.jpg","datePublished":"2019-01-24T09:00:43+00:00","author":{"@id":"https:\/\/www.welovecycling.com\/hu\/#\/schema\/person\/414a2aebf1801691a5320edb6468e194"},"breadcrumb":{"@id":"https:\/\/www.welovecycling.com\/hu\/edzes-es-eletmod\/isabelle-beckers-kovetkezo-celom-az-olimpia\/#breadcrumb"},"inLanguage":"hu","potentialAction":[{"@type":"ReadAction","target":["https:\/\/www.welovecycling.com\/hu\/edzes-es-eletmod\/isabelle-beckers-kovetkezo-celom-az-olimpia\/"]}]},{"@type":"ImageObject","inLanguage":"hu","@id":"https:\/\/www.welovecycling.com\/hu\/edzes-es-eletmod\/isabelle-beckers-kovetkezo-celom-az-olimpia\/#primaryimage","url":"https:\/\/d2p6e6u75xmxt8.cloudfront.net\/12\/2019\/01\/isabelle-beckers-hero.jpg","contentUrl":"https:\/\/d2p6e6u75xmxt8.cloudfront.net\/12\/2019\/01\/isabelle-beckers-hero.jpg","width":5591,"height":3732},{"@type":"BreadcrumbList","@id":"https:\/\/www.welovecycling.com\/hu\/edzes-es-eletmod\/isabelle-beckers-kovetkezo-celom-az-olimpia\/#breadcrumb","itemListElement":[{"@type":"ListItem","position":1,"name":"Home","item":"https:\/\/www.welovecycling.com\/hu\/"},{"@type":"ListItem","position":2,"name":"Isabelle Beckers: K\u00f6vetkez\u0151 c\u00e9lom az olimpia"}]},{"@type":"WebSite","@id":"https:\/\/www.welovecycling.com\/hu\/#website","url":"https:\/\/www.welovecycling.com\/hu\/","name":"\u0160koda We Love Cycling - Magyarorsz\u00e1g","description":"\u0160koda WeLoveCycling","potentialAction":[{"@type":"SearchAction","target":{"@type":"EntryPoint","urlTemplate":"https:\/\/www.welovecycling.com\/hu\/?s={search_term_string}"},"query-input":{"@type":"PropertyValueSpecification","valueRequired":true,"valueName":"search_term_string"}}],"inLanguage":"hu"},{"@type":"Person","@id":"https:\/\/www.welovecycling.com\/hu\/#\/schema\/person\/414a2aebf1801691a5320edb6468e194","name":"hegyizs","image":{"@type":"ImageObject","inLanguage":"hu","@id":"https:\/\/www.welovecycling.com\/hu\/#\/schema\/person\/image\/","url":"https:\/\/secure.gravatar.com\/avatar\/02cf8a7906b8cf90cecb4679defac7cfd33a1c2e3b88e4903d947f3bb58eedd3?s=96&d=mm&r=g","contentUrl":"https:\/\/secure.gravatar.com\/avatar\/02cf8a7906b8cf90cecb4679defac7cfd33a1c2e3b88e4903d947f3bb58eedd3?s=96&d=mm&r=g","caption":"hegyizs"},"url":"https:\/\/www.welovecycling.com\/hu\/author\/hegyizs\/"}]}},"_links":{"self":[{"href":"https:\/\/www.welovecycling.com\/hu\/wp-json\/wp\/v2\/posts\/2665","targetHints":{"allow":["GET"]}}],"collection":[{"href":"https:\/\/www.welovecycling.com\/hu\/wp-json\/wp\/v2\/posts"}],"about":[{"href":"https:\/\/www.welovecycling.com\/hu\/wp-json\/wp\/v2\/types\/post"}],"author":[{"embeddable":true,"href":"https:\/\/www.welovecycling.com\/hu\/wp-json\/wp\/v2\/users\/71"}],"replies":[{"embeddable":true,"href":"https:\/\/www.welovecycling.com\/hu\/wp-json\/wp\/v2\/comments?post=2665"}],"version-history":[{"count":2,"href":"https:\/\/www.welovecycling.com\/hu\/wp-json\/wp\/v2\/posts\/2665\/revisions"}],"predecessor-version":[{"id":2673,"href":"https:\/\/www.welovecycling.com\/hu\/wp-json\/wp\/v2\/posts\/2665\/revisions\/2673"}],"wp:featuredmedia":[{"embeddable":true,"href":"https:\/\/www.welovecycling.com\/hu\/wp-json\/wp\/v2\/media\/2668"}],"wp:attachment":[{"href":"https:\/\/www.welovecycling.com\/hu\/wp-json\/wp\/v2\/media?parent=2665"}],"wp:term":[{"taxonomy":"category","embeddable":true,"href":"https:\/\/www.welovecycling.com\/hu\/wp-json\/wp\/v2\/categories?post=2665"},{"taxonomy":"post_tag","embeddable":true,"href":"https:\/\/www.welovecycling.com\/hu\/wp-json\/wp\/v2\/tags?post=2665"},{"taxonomy":"global-categories","embeddable":true,"href":"https:\/\/www.welovecycling.com\/hu\/wp-json\/wp\/v2\/global-categories?post=2665"}],"curies":[{"name":"wp","href":"https:\/\/api.w.org\/{rel}","templated":true}]}}