{"id":2658,"date":"2019-01-23T14:00:19","date_gmt":"2019-01-23T13:00:19","guid":{"rendered":"https:\/\/www.welovecycling.com\/hu\/?p=2658"},"modified":"2019-01-23T14:18:29","modified_gmt":"2019-01-23T13:18:29","slug":"hege-interju","status":"publish","type":"post","link":"https:\/\/www.welovecycling.com\/hu\/uncategorized\/hege-interju\/","title":{"rendered":"Interj\u00fa Heged\u0171s L\u00e1szl\u00f3 Aranyvilla d\u00edjassal"},"content":{"rendered":"<p><strong>A f\u0151v\u00e1ros forgalmasabb terein, p\u00e9ld\u00e1ul a De\u00e1kon vagy a M\u00f3riczon<\/strong> <strong>j\u00e1rk\u00e1lva gyakran l\u00e1tni sr\u00e1cokat sz\u00f6gletes terept\u00e1rgyak k\u00f6r\u00fcl egyker\u00e9ken pattogni. A buszra, villamosra v\u00e1rva az ember aggodalommal vegyes \u00e1mulattal n\u00e9zi \u0151ket, amint feszes f\u00e9kcsikorg\u00e1sokkal k\u00eds\u00e9rve korl\u00e1tok \u00e9s traf\u00f3h\u00e1zak k\u00f6z\u00f6tt ugr\u00e1ndoznak elny\u00fajtott mozdulatokkal. Persze ebben a ker\u00e9kagyzsibbaszt\u00f3 hidegben m\u00e9g nem ker\u00fclnek el\u0151 az \u00f6sszelap\u00edtott BMX-re eml\u00e9keztet\u0151, jobb\u00e1ra nyereg n\u00e9lk\u00fcl szerelt bring\u00e1k, ehavi Aranyvilla d\u00edjasunk aprop\u00f3j\u00e1n m\u00e9gis a tri\u00e1l ker\u00fcl figyelm\u00fcnk k\u00f6z\u00e9ppontj\u00e1ba. A szak\u00e1g legkiemelked\u0151bb hazai k\u00e9pvisel\u0151j\u00e9vel, Heged\u0171s \u201eHege\u201d L\u00e1szl\u00f3val besz\u00e9lgett\u00fcnk hajmereszt\u0151 mutatv\u00e1nyair\u00f3l, karrierj\u00e9r\u0151l \u00e9s terveir\u0151l.<\/strong><\/p>\n<p>&nbsp;<\/p>\n<p><strong>B\u00e1r mostanra \u00fagy t\u0171nik, mintha a tri\u00e1loz\u00e1son k\u00edv\u00fcl m\u00e1st se csin\u00e1lt\u00e1l volna sz\u00fclet\u00e9sedt\u0151l fogva, m<\/strong><strong>i volt<\/strong><strong> m\u00e9gis<\/strong><strong> az els\u0151 \u00e9lm\u00e9nyed k\u00e9tkerek\u0171 j\u00e1rm\u0171vel?<\/strong><\/p>\n<p>Az els\u0151 \u00e9lm\u00e9nyem nem is a k\u00e9tkerek\u0171ekhez, sokkal ink\u00e1bb a kis h\u00e1romkerek\u0171 biciklihez k\u00f6thet\u0151. A sz\u00fcleim elmond\u00e1sa szerint v\u00e9rprofin ker\u00fclgettem a szoba k\u00f6zep\u00e9n tal\u00e1lhat\u00f3 asztalt \u00e9s sz\u00e9keket. Hossz\u00fa \u00e9veken kereszt\u00fcl g\u00f6rkorcsoly\u00e1ztam, de volt BMX-em \u00e9s g\u00f6rdeszk\u00e1m is. \u00c9n csak arra eml\u00e9kszem, hogy im\u00e1dtam gurulni \u00e9s minden nap tekerni szerettem volna. 13 \u00e9ves koromban viszont megl\u00e1ttam, hogy l\u00e9tezik a tri\u00e1l szak\u00e1g. Akkor \u00e9reztem azt, hogy semmi m\u00e1st nem szeretn\u00e9k csin\u00e1lni.<\/p>\n<p><a href=\"https:\/\/d2p6e6u75xmxt8.cloudfront.net\/12\/2019\/01\/cover_BJP_5007.jpg\"><img loading=\"lazy\" decoding=\"async\" class=\"aligncenter size-full wp-image-2681\" src=\"https:\/\/d2p6e6u75xmxt8.cloudfront.net\/12\/2019\/01\/cover_BJP_5007.jpg\" alt=\"\" width=\"2000\" height=\"1333\" srcset=\"https:\/\/d2p6e6u75xmxt8.cloudfront.net\/12\/2019\/01\/cover_BJP_5007.jpg 2000w, https:\/\/d2p6e6u75xmxt8.cloudfront.net\/12\/2019\/01\/cover_BJP_5007-300x200.jpg 300w, https:\/\/d2p6e6u75xmxt8.cloudfront.net\/12\/2019\/01\/cover_BJP_5007-768x512.jpg 768w, https:\/\/d2p6e6u75xmxt8.cloudfront.net\/12\/2019\/01\/cover_BJP_5007-1024x682.jpg 1024w, https:\/\/d2p6e6u75xmxt8.cloudfront.net\/12\/2019\/01\/cover_BJP_5007-1920x1280.jpg 1920w, https:\/\/d2p6e6u75xmxt8.cloudfront.net\/12\/2019\/01\/cover_BJP_5007-272x182.jpg 272w, https:\/\/d2p6e6u75xmxt8.cloudfront.net\/12\/2019\/01\/cover_BJP_5007-1920x1280.jpg 1920w\" sizes=\"auto, (max-width: 2000px) 100vw, 2000px\" \/><\/a><\/p>\n<p><strong>Teh\u00e1t a puszta l\u00e1tv\u00e1ny is elegend\u0151 volt a szerelemhez&#8230;<\/strong><\/p>\n<p>Az eg\u00e9sz sportnak van egy k\u00fcl\u00f6nleges var\u00e1zsa. Amikor el\u0151sz\u00f6r voltam egy tri\u00e1l versenyen, le\u00fcltem egy padra, \u00e9s 6 \u00f3r\u00e1n kereszt\u00fcl mozdulatlanul b\u00e1multam, hogy mennyire \u00fcgyesek ezek a sr\u00e1cok. Szerettem volna \u00e9n is \u00fagy kezelni a bring\u00e1t, ahogyan \u0151k! Nem besz\u00e9lve arr\u00f3l, amikor el\u0151sz\u00f6r l\u00e1thattam egy igazi tri\u00e1l biciklit hatalmas ballonos h\u00e1ts\u00f3 ker\u00e9kkel. T\u00f6bb mint 16 \u00e9ve volt, de annyira bennem \u00e9l a k\u00e9p, hogy m\u00e9g ma is le tudn\u00e1m rajzolni.<\/p>\n<p><strong>Az megvan, hogy m\u00e1r j\u00f3 ideje \u201e\u00fagy kezeled a bring\u00e1t, ahogyan \u0151k\u201d, de milyen \u00fat vezetett a profi karrierig<\/strong><strong>?<\/strong><\/p>\n<p>Az, hogy profi sportol\u00f3v\u00e1 szeretn\u00e9k v\u00e1lni, egy\u00e1ltal\u00e1n nem volt tudatos az elej\u00e9n. Csak tri\u00e1loztam, mert im\u00e1dtam csin\u00e1lni. K\u00e9s\u0151bb elindultam az els\u0151 versenyemen, ahol kezd\u0151 kateg\u00f3ri\u00e1ban a 24 indul\u00f3b\u00f3l a 21. helyen v\u00e9geztem. Akkor kit\u0171ztem c\u00e9lk\u00e9nt, hogy szeretn\u00e9k kezd\u0151ben dobog\u00f3s lenni. Ezt el is \u00e9rtem viszonylag hamar. Ezut\u00e1n halad\u00f3 kateg\u00f3ri\u00e1ban versenyeztem, ahol nagyon er\u0151s mez\u0151ny volt. Egy \u00e9v alatt felz\u00e1rk\u00f3ztam, a k\u00f6vetkez\u0151 \u00e9vben pedig bajnok lettem. Ezt k\u00f6vette az elit kateg\u00f3ria, ami m\u00e1r hatalmas kih\u00edv\u00e1s volt. A m\u00e1sodik elit kateg\u00f3ri\u00e1s \u00e9vemben pedig siker\u00fclt az, ami hatalmas motiv\u00e1ci\u00f3t adott. Megnyertem az Orsz\u00e1gos Bajnoks\u00e1got.<\/p>\n<p><strong>De<\/strong><strong> nem csak az orsz\u00e1g hat\u00e1rain bel\u00fcl volt\u00e1l eredm\u00e9nyes<\/strong><strong>..<\/strong><strong>. Van ennek ellen\u00e9re hi\u00e1ny\u00e9rzeted a megszerzett d\u00edjakat tekintve?<\/strong><\/p>\n<p>Amire a leb\u00fcszk\u00e9bb vagyok, az a Sv\u00e1jci Vil\u00e1gkupa futam, ahol a 4. helyen v\u00e9geztem, az EB 4. helyez\u00e9sem, a VB 8. helyez\u00e9sem \u00e9s a Guinness Vil\u00e1grekordok, amik szint\u00e9n \u00f3ri\u00e1si ment\u00e1lis harcok voltak. Nagyon szerettem volna a dobog\u00f3 valamelyik fok\u00e1n \u00e1llni egy vil\u00e1gversenyen, de err\u0151l minden alkalommal egy helyez\u00e9ssel cs\u00fasztam le. \u00c1m nem vagyok el\u00e9gedetlen, mert \u00fagy \u00e9rzem, hogy az itthoni lehet\u0151s\u00e9gekb\u0151l \u00e9s magamb\u00f3l is kihoztam, amit ki tudtam hozni.<\/p>\n<p><a href=\"https:\/\/d2p6e6u75xmxt8.cloudfront.net\/12\/2019\/01\/c1_BJP_5002.jpg\"><img loading=\"lazy\" decoding=\"async\" class=\"aligncenter size-full wp-image-2678\" src=\"https:\/\/d2p6e6u75xmxt8.cloudfront.net\/12\/2019\/01\/c1_BJP_5002.jpg\" alt=\"\" width=\"2000\" height=\"1333\" srcset=\"https:\/\/d2p6e6u75xmxt8.cloudfront.net\/12\/2019\/01\/c1_BJP_5002.jpg 2000w, https:\/\/d2p6e6u75xmxt8.cloudfront.net\/12\/2019\/01\/c1_BJP_5002-300x200.jpg 300w, https:\/\/d2p6e6u75xmxt8.cloudfront.net\/12\/2019\/01\/c1_BJP_5002-768x512.jpg 768w, https:\/\/d2p6e6u75xmxt8.cloudfront.net\/12\/2019\/01\/c1_BJP_5002-1024x682.jpg 1024w, https:\/\/d2p6e6u75xmxt8.cloudfront.net\/12\/2019\/01\/c1_BJP_5002-1920x1280.jpg 1920w, https:\/\/d2p6e6u75xmxt8.cloudfront.net\/12\/2019\/01\/c1_BJP_5002-272x182.jpg 272w, https:\/\/d2p6e6u75xmxt8.cloudfront.net\/12\/2019\/01\/c1_BJP_5002-1920x1280.jpg 1920w\" sizes=\"auto, (max-width: 2000px) 100vw, 2000px\" \/><\/a><\/p>\n<p><strong>Ugyanezzel a vehemenci\u00e1val ment\u00e9l neki a 179,5 cm magass\u00e1g\u00fa londoni vil\u00e1grekord-k\u00eds\u00e9rletednek is.<\/strong><\/p>\n<p>Ez t\u00f6bb, mint 16 \u00e9v edz\u00e9s eredm\u00e9nye. Vannak olyan ugr\u00e1sok, amikben m\u00e9g kiemelked\u0151bb vagyok, mint a t\u00f6bbiben, ez\u00e9rt szerettem volna hivataloss\u00e1 tenni! Ez az ugr\u00e1s pedig olyan nekem, mintha erre sz\u00fclettem volna.<\/p>\n<p><strong>Pedig els\u0151re nem siker\u00fclt. Mit \u00e9rezt\u00e9l akkor?<\/strong><\/p>\n<p>\u00c1tfutott az agyamon, hogy ha nem siker\u00fcl, akkor mekkora csal\u00f3d\u00e1st okozn\u00e9k mindenkinek, aki figyelemmel k\u00f6vette ezt az esem\u00e9nyt. Nem a n\u00e9z\u0151kre gondolok, hanem azokra az emberekre, akik rendszeresen velem vannak, \u00e9s drukkolnak nekem otthonr\u00f3l. Sz\u00f3val akkor nagyon rosszul \u00e9reztem magam, de ki kellett z\u00e1rni ezt \u00e9s csak arra a pillanatra koncentr\u00e1lni. Csak \u00edgy siker\u00fclhetett m\u00e1sodj\u00e1ra.<\/p>\n<lite-youtube videoid=6c_jYS7eV6k params=\"enablejsapi=1\" style=\"background-image: url('https:\/\/i.ytimg.com\/vi_webp\/6c_jYS7eV6k\/maxresdefault.webp');\"><\/lite-youtube>\n<p><strong>Gyan\u00fas, hogy nem ez volt karriered sor\u00e1n az egyetlen neh\u00e9z pillanat. <\/strong><strong>Mi volt a legnagyobb buk\u00e1s, amivel k\u00e9nytelen volt\u00e1l szembes\u00fcln<\/strong><strong>i, a<\/strong><strong>k\u00e1r s\u00e9r\u00fcl\u00e9s, ak\u00e1r versenyeredm\u00e9ny szintj\u00e9n \u00e9rtve?<\/strong><\/p>\n<p>Az Andorr\u00e1ban megrendezett vil\u00e1gbajnoks\u00e1gon, a versenyt megel\u0151z\u0151 \u00f3r\u00e1ban nagyon beborult az id\u0151. \u00c9n bementem egy boltba \u00e9s vettem egy-k\u00e9t dolgot. A pultn\u00e1l 6,66 EUR-t fizettem, ami nem j\u00f3 \u201c\u00f3men\u201c. Amint elkezdtem a verseny els\u0151 p\u00e1ly\u00e1j\u00e1t, hatalmas es\u0151 kapott el. A p\u00e1lya k\u00f6zep\u00e9re \u00e9rve v\u00e9gig kellett gurulnom h\u00e1rom m\u00e9ter magasban egy fagerend\u00e1n. Amint a v\u00e9g\u00e9re \u00e9rtem, ki kellett \u00e1llnom h\u00e1ts\u00f3 ker\u00e9kre, \u00e9s a k\u00f6vetkez\u0151 pillanatban m\u00e1r h\u00e1trafel\u00e9 zuhantam h\u00e1rom m\u00e9ter magasb\u00f3l, a bringa pedig r\u00e1m. \u00d3ri\u00e1sit buktam, \u00e9s ez ut\u00e1n nem tudtam felemelni a bal kezem, nemhogy tri\u00e1lozni vele. Mindenesetre v\u00e9gigk\u00fczd\u00f6ttem magam a versenyen, \u00e9s csod\u00e1val hat\u00e1ros m\u00f3don a 13. helyet szereztem meg.<\/p>\n<p><strong><a href=\"https:\/\/d2p6e6u75xmxt8.cloudfront.net\/12\/2019\/01\/cav_BJP_5027.jpg\"><img loading=\"lazy\" decoding=\"async\" class=\"aligncenter size-full wp-image-2679\" src=\"https:\/\/d2p6e6u75xmxt8.cloudfront.net\/12\/2019\/01\/cav_BJP_5027.jpg\" alt=\"\" width=\"2000\" height=\"1333\" srcset=\"https:\/\/d2p6e6u75xmxt8.cloudfront.net\/12\/2019\/01\/cav_BJP_5027.jpg 2000w, https:\/\/d2p6e6u75xmxt8.cloudfront.net\/12\/2019\/01\/cav_BJP_5027-300x200.jpg 300w, https:\/\/d2p6e6u75xmxt8.cloudfront.net\/12\/2019\/01\/cav_BJP_5027-768x512.jpg 768w, https:\/\/d2p6e6u75xmxt8.cloudfront.net\/12\/2019\/01\/cav_BJP_5027-1024x682.jpg 1024w, https:\/\/d2p6e6u75xmxt8.cloudfront.net\/12\/2019\/01\/cav_BJP_5027-1920x1280.jpg 1920w, https:\/\/d2p6e6u75xmxt8.cloudfront.net\/12\/2019\/01\/cav_BJP_5027-272x182.jpg 272w, https:\/\/d2p6e6u75xmxt8.cloudfront.net\/12\/2019\/01\/cav_BJP_5027-1920x1280.jpg 1920w\" sizes=\"auto, (max-width: 2000px) 100vw, 2000px\" \/><\/a><\/strong><\/p>\n<p><strong>Az ilyen vesz\u00e9lyes helyzetek k\u00f6vetkezt\u00e9ben \u00e1ltal\u00e1ban sz\u00e1mot vet az ember, hogyan tov\u00e1bb, h\u00e1ny \u00e9ve van m\u00e9g a sport\u00e1gban&#8230;<\/strong><\/p>\n<p>Nagyon rem\u00e9lem, hogy m\u00e9g 40 \u00e9vesen is a ped\u00e1lon fogok \u00e1llni. S\u0151t! Eg\u00e9szen addig szeretn\u00e9m ezt csin\u00e1lni, am\u00edg \u00e9lvezettel t\u00f6lt el! Emellett a Hegeshow tri\u00e1l \u00e9s extr\u00e9m sport bemutat\u00f3kkal \u00e9s a Yourgames csapatunk \u00f3ri\u00e1si eszk\u00f6zeivel foglalkozom. Mind a k\u00e9t r\u00e9szt \u00e9n \u00e9p\u00edtem, ez\u00e9rt rengeteget dolgozom online, sokat olvasok \u00e9s fejlesztem magam, hogy az \u00e9let m\u00e1s ter\u00fcletein is jobb lehessek. V\u00e1llalkoz\u00f3 szellem\u0171nek tartom magam, \u00e9s szeretek a rendezv\u00e9nyek ter\u00fclet\u00e9n mozogni! Ha tehetem, akkor ebben a szegmensben maradok majd.<\/p>\n<p><strong>A <\/strong><strong><a href=\"http:\/\/hegeshow.com\/\"><u>Hegeshow<\/u><\/a><\/strong><strong>-r\u00f3l m\u00e9g nem <\/strong><strong>is <\/strong><strong>mes\u00e9lt\u00e9l!<\/strong><\/p>\n<p>Nagyon szerettem volna olyan dolgot kital\u00e1lni, ami k\u00f6zel \u00e1ll hozz\u00e1m, ami megmutatja a sportunk hihetetlen l\u00e1tv\u00e1ny\u00e1t, \u00e9s ami \u00f6sszek\u00f6ti az embereket az extr\u00e9m vil\u00e1gunkkal! Azt hiszem, hogy a Hegeshow-n\u00e1l k\u00e9zenfekv\u0151bb dolgot nem is tudtam volna tal\u00e1lni az \u00e9letemben. Egyszer\u0171en im\u00e1dom csin\u00e1lni, \u00e9s szerencs\u00e9snek tartom magam, hogy abb\u00f3l \u00e9lhetek, amit a legjobban szeretek! Ezenk\u00edv\u00fcl nagyon szeretn\u00e9m a MyLine vide\u00f3 sz\u00e9ri\u00e1kat folytatni, mert motiv\u00e1lnak az \u00faj \u00e9s nagy kih\u00edv\u00e1st jelent\u0151 \u00f6tletek! Emellett pedig szeretn\u00e9k id\u0151k ford\u00edtani a fiatalokra \u00e9s utat mutatni nekik, hogyan v\u00e1lhatnak tri\u00e1loss\u00e1!<\/p>\n<p><a href=\"https:\/\/d2p6e6u75xmxt8.cloudfront.net\/12\/2019\/01\/chegeso.jpg\"><img loading=\"lazy\" decoding=\"async\" class=\"aligncenter size-full wp-image-2680\" src=\"https:\/\/d2p6e6u75xmxt8.cloudfront.net\/12\/2019\/01\/chegeso.jpg\" alt=\"\" width=\"2000\" height=\"1333\" srcset=\"https:\/\/d2p6e6u75xmxt8.cloudfront.net\/12\/2019\/01\/chegeso.jpg 2000w, https:\/\/d2p6e6u75xmxt8.cloudfront.net\/12\/2019\/01\/chegeso-300x200.jpg 300w, https:\/\/d2p6e6u75xmxt8.cloudfront.net\/12\/2019\/01\/chegeso-768x512.jpg 768w, https:\/\/d2p6e6u75xmxt8.cloudfront.net\/12\/2019\/01\/chegeso-1024x682.jpg 1024w, https:\/\/d2p6e6u75xmxt8.cloudfront.net\/12\/2019\/01\/chegeso-1920x1280.jpg 1920w, https:\/\/d2p6e6u75xmxt8.cloudfront.net\/12\/2019\/01\/chegeso-272x182.jpg 272w, https:\/\/d2p6e6u75xmxt8.cloudfront.net\/12\/2019\/01\/chegeso-1920x1280.jpg 1920w\" sizes=\"auto, (max-width: 2000px) 100vw, 2000px\" \/><\/a><\/p>\n<p><strong>Te tal\u00e1lt\u00e1l ki \u00faj figur\u00e1kat<\/strong><strong> a k\u00f6vetkez\u0151 gener\u00e1ci\u00f3nak<\/strong><strong>? Lesz olyan, hogy a fiatalok megpr\u00f3b\u00e1lnak<\/strong><strong> majd<\/strong><strong> ugrani egy \u201eHeg\u00e9t\u201d?<\/strong><\/p>\n<p>Haha! Ez m\u00e9g eszembe sem jutott! Azt hiszem, itt az ideje kital\u00e1lni valamit!<\/p>\n<p><strong>V\u00e9gezet\u00fcl, m<\/strong><strong>it <\/strong><strong>\u00fczensz<\/strong> <strong>annak<\/strong><strong>, aki belev\u00e1gn<\/strong><strong>a<\/strong><strong> a tri\u00e1loz\u00e1sba?<\/strong><\/p>\n<p>Hogy egy nagyon \u00e9rt\u00e9kes \u00e9s \u00e9lvezetes sportra tal\u00e1lt\u00e1l! Azt javaslom, hogy legy\u00e9l kitart\u00f3, mert a j\u00f3 dolgokat nem azonnal kapjuk meg az \u00e9lett\u0151l, \u00edgy a neh\u00e9z dolgokat sem azonnal tanuljuk meg. Nagyon sz\u00edvesen seg\u00edtek megtan\u00edtani az alapokat \u00e9s \u00e1tadni a tud\u00e1som. Nyugodtan vedd fel a kapcsolatot velem, mert <em>We<\/em> <em>Love<\/em> <em>Cycling<\/em>! \ud83d\ude09<\/p>\n","protected":false},"excerpt":{"rendered":"<p>A f\u0151v\u00e1ros forgalmasabb terein, p\u00e9ld\u00e1ul a De\u00e1kon vagy a M\u00f3riczon j\u00e1rk\u00e1lva gyakran l\u00e1tni sr\u00e1cokat sz\u00f6gletes terept\u00e1rgyak k\u00f6r\u00fcl egyker\u00e9ken pattogni. A [&hellip;]<\/p>\n","protected":false},"author":71,"featured_media":2677,"comment_status":"open","ping_status":"open","sticky":false,"template":"","format":"standard","meta":{"footnotes":""},"categories":[13,1],"tags":[55,307,306,309,308],"global-categories":[],"class_list":["post-2658","post","type-post","status-publish","format-standard","has-post-thumbnail","hentry","category-blog","category-uncategorized","tag-aranyvilla-dij","tag-hege","tag-hegedus-laszlo","tag-interju","tag-trial"],"yoast_head":"<!-- This site is optimized with the Yoast SEO Premium plugin v25.3 (Yoast SEO v25.9) - https:\/\/yoast.com\/wordpress\/plugins\/seo\/ -->\n<title>Interj\u00fa Heged\u0171s L\u00e1szl\u00f3 Aranyvilla d\u00edjassal - \u0160koda We Love Cycling - Magyarorsz\u00e1g<\/title>\n<meta name=\"robots\" content=\"index, follow, max-snippet:-1, max-image-preview:large, max-video-preview:-1\" \/>\n<link rel=\"canonical\" href=\"https:\/\/www.welovecycling.com\/hu\/uncategorized\/hege-interju\/\" \/>\n<meta property=\"og:locale\" content=\"hu_HU\" \/>\n<meta property=\"og:type\" content=\"article\" \/>\n<meta property=\"og:title\" content=\"Interj\u00fa Heged\u0171s L\u00e1szl\u00f3 Aranyvilla d\u00edjassal\" \/>\n<meta property=\"og:description\" content=\"A f\u0151v\u00e1ros forgalmasabb terein, p\u00e9ld\u00e1ul a De\u00e1kon vagy a M\u00f3riczon j\u00e1rk\u00e1lva gyakran l\u00e1tni sr\u00e1cokat sz\u00f6gletes terept\u00e1rgyak k\u00f6r\u00fcl egyker\u00e9ken pattogni. A [&hellip;]\" \/>\n<meta property=\"og:url\" content=\"https:\/\/www.welovecycling.com\/hu\/uncategorized\/hege-interju\/\" \/>\n<meta property=\"og:site_name\" content=\"\u0160koda We Love Cycling - Magyarorsz\u00e1g\" \/>\n<meta property=\"article:publisher\" content=\"https:\/\/www.facebook.com\/WeLoveCyclingHungary\/\" \/>\n<meta property=\"article:published_time\" content=\"2019-01-23T13:00:19+00:00\" \/>\n<meta property=\"article:modified_time\" content=\"2019-01-23T13:18:29+00:00\" \/>\n<meta property=\"og:image\" content=\"https:\/\/d2p6e6u75xmxt8.cloudfront.net\/12\/2019\/01\/c_szembol.jpg\" \/>\n\t<meta property=\"og:image:width\" content=\"2000\" \/>\n\t<meta property=\"og:image:height\" content=\"1333\" \/>\n\t<meta property=\"og:image:type\" content=\"image\/jpeg\" \/>\n<meta name=\"author\" content=\"hegyizs\" \/>\n<meta name=\"twitter:card\" content=\"summary_large_image\" \/>\n<meta name=\"twitter:label1\" content=\"Written by\" \/>\n\t<meta name=\"twitter:data1\" content=\"hegyizs\" \/>\n\t<meta name=\"twitter:label2\" content=\"Est. reading time\" \/>\n\t<meta name=\"twitter:data2\" content=\"7 minutes\" \/>\n<script type=\"application\/ld+json\" class=\"yoast-schema-graph\">{\"@context\":\"https:\/\/schema.org\",\"@graph\":[{\"@type\":\"WebPage\",\"@id\":\"https:\/\/www.welovecycling.com\/hu\/uncategorized\/hege-interju\/\",\"url\":\"https:\/\/www.welovecycling.com\/hu\/uncategorized\/hege-interju\/\",\"name\":\"Interj\u00fa Heged\u0171s L\u00e1szl\u00f3 Aranyvilla d\u00edjassal - \u0160koda We Love Cycling - Magyarorsz\u00e1g\",\"isPartOf\":{\"@id\":\"https:\/\/www.welovecycling.com\/hu\/#website\"},\"primaryImageOfPage\":{\"@id\":\"https:\/\/www.welovecycling.com\/hu\/uncategorized\/hege-interju\/#primaryimage\"},\"image\":{\"@id\":\"https:\/\/www.welovecycling.com\/hu\/uncategorized\/hege-interju\/#primaryimage\"},\"thumbnailUrl\":\"https:\/\/d2p6e6u75xmxt8.cloudfront.net\/12\/2019\/01\/c_szembol.jpg\",\"datePublished\":\"2019-01-23T13:00:19+00:00\",\"dateModified\":\"2019-01-23T13:18:29+00:00\",\"author\":{\"@id\":\"https:\/\/www.welovecycling.com\/hu\/#\/schema\/person\/414a2aebf1801691a5320edb6468e194\"},\"breadcrumb\":{\"@id\":\"https:\/\/www.welovecycling.com\/hu\/uncategorized\/hege-interju\/#breadcrumb\"},\"inLanguage\":\"hu\",\"potentialAction\":[{\"@type\":\"ReadAction\",\"target\":[\"https:\/\/www.welovecycling.com\/hu\/uncategorized\/hege-interju\/\"]}]},{\"@type\":\"ImageObject\",\"inLanguage\":\"hu\",\"@id\":\"https:\/\/www.welovecycling.com\/hu\/uncategorized\/hege-interju\/#primaryimage\",\"url\":\"https:\/\/d2p6e6u75xmxt8.cloudfront.net\/12\/2019\/01\/c_szembol.jpg\",\"contentUrl\":\"https:\/\/d2p6e6u75xmxt8.cloudfront.net\/12\/2019\/01\/c_szembol.jpg\",\"width\":2000,\"height\":1333},{\"@type\":\"BreadcrumbList\",\"@id\":\"https:\/\/www.welovecycling.com\/hu\/uncategorized\/hege-interju\/#breadcrumb\",\"itemListElement\":[{\"@type\":\"ListItem\",\"position\":1,\"name\":\"Home\",\"item\":\"https:\/\/www.welovecycling.com\/hu\/\"},{\"@type\":\"ListItem\",\"position\":2,\"name\":\"Interj\u00fa Heged\u0171s L\u00e1szl\u00f3 Aranyvilla d\u00edjassal\"}]},{\"@type\":\"WebSite\",\"@id\":\"https:\/\/www.welovecycling.com\/hu\/#website\",\"url\":\"https:\/\/www.welovecycling.com\/hu\/\",\"name\":\"\u0160koda We Love Cycling - Magyarorsz\u00e1g\",\"description\":\"\u0160koda WeLoveCycling\",\"potentialAction\":[{\"@type\":\"SearchAction\",\"target\":{\"@type\":\"EntryPoint\",\"urlTemplate\":\"https:\/\/www.welovecycling.com\/hu\/?s={search_term_string}\"},\"query-input\":{\"@type\":\"PropertyValueSpecification\",\"valueRequired\":true,\"valueName\":\"search_term_string\"}}],\"inLanguage\":\"hu\"},{\"@type\":\"Person\",\"@id\":\"https:\/\/www.welovecycling.com\/hu\/#\/schema\/person\/414a2aebf1801691a5320edb6468e194\",\"name\":\"hegyizs\",\"image\":{\"@type\":\"ImageObject\",\"inLanguage\":\"hu\",\"@id\":\"https:\/\/www.welovecycling.com\/hu\/#\/schema\/person\/image\/\",\"url\":\"https:\/\/secure.gravatar.com\/avatar\/02cf8a7906b8cf90cecb4679defac7cfd33a1c2e3b88e4903d947f3bb58eedd3?s=96&d=mm&r=g\",\"contentUrl\":\"https:\/\/secure.gravatar.com\/avatar\/02cf8a7906b8cf90cecb4679defac7cfd33a1c2e3b88e4903d947f3bb58eedd3?s=96&d=mm&r=g\",\"caption\":\"hegyizs\"},\"url\":\"https:\/\/www.welovecycling.com\/hu\/author\/hegyizs\/\"}]}<\/script>\n<!-- \/ Yoast SEO Premium plugin. -->","yoast_head_json":{"title":"Interj\u00fa Heged\u0171s L\u00e1szl\u00f3 Aranyvilla d\u00edjassal - \u0160koda We Love Cycling - Magyarorsz\u00e1g","robots":{"index":"index","follow":"follow","max-snippet":"max-snippet:-1","max-image-preview":"max-image-preview:large","max-video-preview":"max-video-preview:-1"},"canonical":"https:\/\/www.welovecycling.com\/hu\/uncategorized\/hege-interju\/","og_locale":"hu_HU","og_type":"article","og_title":"Interj\u00fa Heged\u0171s L\u00e1szl\u00f3 Aranyvilla d\u00edjassal","og_description":"A f\u0151v\u00e1ros forgalmasabb terein, p\u00e9ld\u00e1ul a De\u00e1kon vagy a M\u00f3riczon j\u00e1rk\u00e1lva gyakran l\u00e1tni sr\u00e1cokat sz\u00f6gletes terept\u00e1rgyak k\u00f6r\u00fcl egyker\u00e9ken pattogni. A [&hellip;]","og_url":"https:\/\/www.welovecycling.com\/hu\/uncategorized\/hege-interju\/","og_site_name":"\u0160koda We Love Cycling - Magyarorsz\u00e1g","article_publisher":"https:\/\/www.facebook.com\/WeLoveCyclingHungary\/","article_published_time":"2019-01-23T13:00:19+00:00","article_modified_time":"2019-01-23T13:18:29+00:00","og_image":[{"width":2000,"height":1333,"url":"https:\/\/d2p6e6u75xmxt8.cloudfront.net\/12\/2019\/01\/c_szembol.jpg","type":"image\/jpeg"}],"author":"hegyizs","twitter_card":"summary_large_image","twitter_misc":{"Written by":"hegyizs","Est. reading time":"7 minutes"},"schema":{"@context":"https:\/\/schema.org","@graph":[{"@type":"WebPage","@id":"https:\/\/www.welovecycling.com\/hu\/uncategorized\/hege-interju\/","url":"https:\/\/www.welovecycling.com\/hu\/uncategorized\/hege-interju\/","name":"Interj\u00fa Heged\u0171s L\u00e1szl\u00f3 Aranyvilla d\u00edjassal - \u0160koda We Love Cycling - Magyarorsz\u00e1g","isPartOf":{"@id":"https:\/\/www.welovecycling.com\/hu\/#website"},"primaryImageOfPage":{"@id":"https:\/\/www.welovecycling.com\/hu\/uncategorized\/hege-interju\/#primaryimage"},"image":{"@id":"https:\/\/www.welovecycling.com\/hu\/uncategorized\/hege-interju\/#primaryimage"},"thumbnailUrl":"https:\/\/d2p6e6u75xmxt8.cloudfront.net\/12\/2019\/01\/c_szembol.jpg","datePublished":"2019-01-23T13:00:19+00:00","dateModified":"2019-01-23T13:18:29+00:00","author":{"@id":"https:\/\/www.welovecycling.com\/hu\/#\/schema\/person\/414a2aebf1801691a5320edb6468e194"},"breadcrumb":{"@id":"https:\/\/www.welovecycling.com\/hu\/uncategorized\/hege-interju\/#breadcrumb"},"inLanguage":"hu","potentialAction":[{"@type":"ReadAction","target":["https:\/\/www.welovecycling.com\/hu\/uncategorized\/hege-interju\/"]}]},{"@type":"ImageObject","inLanguage":"hu","@id":"https:\/\/www.welovecycling.com\/hu\/uncategorized\/hege-interju\/#primaryimage","url":"https:\/\/d2p6e6u75xmxt8.cloudfront.net\/12\/2019\/01\/c_szembol.jpg","contentUrl":"https:\/\/d2p6e6u75xmxt8.cloudfront.net\/12\/2019\/01\/c_szembol.jpg","width":2000,"height":1333},{"@type":"BreadcrumbList","@id":"https:\/\/www.welovecycling.com\/hu\/uncategorized\/hege-interju\/#breadcrumb","itemListElement":[{"@type":"ListItem","position":1,"name":"Home","item":"https:\/\/www.welovecycling.com\/hu\/"},{"@type":"ListItem","position":2,"name":"Interj\u00fa Heged\u0171s L\u00e1szl\u00f3 Aranyvilla d\u00edjassal"}]},{"@type":"WebSite","@id":"https:\/\/www.welovecycling.com\/hu\/#website","url":"https:\/\/www.welovecycling.com\/hu\/","name":"\u0160koda We Love Cycling - Magyarorsz\u00e1g","description":"\u0160koda WeLoveCycling","potentialAction":[{"@type":"SearchAction","target":{"@type":"EntryPoint","urlTemplate":"https:\/\/www.welovecycling.com\/hu\/?s={search_term_string}"},"query-input":{"@type":"PropertyValueSpecification","valueRequired":true,"valueName":"search_term_string"}}],"inLanguage":"hu"},{"@type":"Person","@id":"https:\/\/www.welovecycling.com\/hu\/#\/schema\/person\/414a2aebf1801691a5320edb6468e194","name":"hegyizs","image":{"@type":"ImageObject","inLanguage":"hu","@id":"https:\/\/www.welovecycling.com\/hu\/#\/schema\/person\/image\/","url":"https:\/\/secure.gravatar.com\/avatar\/02cf8a7906b8cf90cecb4679defac7cfd33a1c2e3b88e4903d947f3bb58eedd3?s=96&d=mm&r=g","contentUrl":"https:\/\/secure.gravatar.com\/avatar\/02cf8a7906b8cf90cecb4679defac7cfd33a1c2e3b88e4903d947f3bb58eedd3?s=96&d=mm&r=g","caption":"hegyizs"},"url":"https:\/\/www.welovecycling.com\/hu\/author\/hegyizs\/"}]}},"_links":{"self":[{"href":"https:\/\/www.welovecycling.com\/hu\/wp-json\/wp\/v2\/posts\/2658","targetHints":{"allow":["GET"]}}],"collection":[{"href":"https:\/\/www.welovecycling.com\/hu\/wp-json\/wp\/v2\/posts"}],"about":[{"href":"https:\/\/www.welovecycling.com\/hu\/wp-json\/wp\/v2\/types\/post"}],"author":[{"embeddable":true,"href":"https:\/\/www.welovecycling.com\/hu\/wp-json\/wp\/v2\/users\/71"}],"replies":[{"embeddable":true,"href":"https:\/\/www.welovecycling.com\/hu\/wp-json\/wp\/v2\/comments?post=2658"}],"version-history":[{"count":2,"href":"https:\/\/www.welovecycling.com\/hu\/wp-json\/wp\/v2\/posts\/2658\/revisions"}],"predecessor-version":[{"id":2687,"href":"https:\/\/www.welovecycling.com\/hu\/wp-json\/wp\/v2\/posts\/2658\/revisions\/2687"}],"wp:featuredmedia":[{"embeddable":true,"href":"https:\/\/www.welovecycling.com\/hu\/wp-json\/wp\/v2\/media\/2677"}],"wp:attachment":[{"href":"https:\/\/www.welovecycling.com\/hu\/wp-json\/wp\/v2\/media?parent=2658"}],"wp:term":[{"taxonomy":"category","embeddable":true,"href":"https:\/\/www.welovecycling.com\/hu\/wp-json\/wp\/v2\/categories?post=2658"},{"taxonomy":"post_tag","embeddable":true,"href":"https:\/\/www.welovecycling.com\/hu\/wp-json\/wp\/v2\/tags?post=2658"},{"taxonomy":"global-categories","embeddable":true,"href":"https:\/\/www.welovecycling.com\/hu\/wp-json\/wp\/v2\/global-categories?post=2658"}],"curies":[{"name":"wp","href":"https:\/\/api.w.org\/{rel}","templated":true}]}}