{"id":2653,"date":"2019-01-21T16:30:57","date_gmt":"2019-01-21T15:30:57","guid":{"rendered":"https:\/\/www.welovecycling.com\/hu\/?p=2653"},"modified":"2019-01-21T11:45:23","modified_gmt":"2019-01-21T10:45:23","slug":"hol-a-legfajobb-a-kerekpartarolok-hianya-budapesten","status":"publish","type":"post","link":"https:\/\/www.welovecycling.com\/hu\/kozosseg-es-kultura\/hol-a-legfajobb-a-kerekpartarolok-hianya-budapesten\/","title":{"rendered":"Hol a legf\u00e1j\u00f3bb a ker\u00e9kp\u00e1rt\u00e1rol\u00f3k hi\u00e1nya Budapesten?"},"content":{"rendered":"<p><strong>Egy biciklisekkel tark\u00edtott, csendesebb, z\u00f6ldebb, aut\u00f3mentesebb f\u0151v\u00e1ros\u00e9rt m\u00e9g sokat kell tenni. T\u00e1volinak t\u0171nik a c\u00e9lkit\u0171z\u00e9s, mely szerint 2030-ra Budapesten el\u00e9rj\u00fck a ker\u00e9kp\u00e1rral megtett utaz\u00e1sok 10%-os ar\u00e1ny\u00e1t. Legal\u00e1bbis a Magyar Ker\u00e9kp\u00e1rosklub nemr\u00e9giben <\/strong><strong><a href=\"https:\/\/kerekparosklub.hu\/budapesti_150_kerekpartarolo_javaslat_2018?fbclid=IwAR2drlcZdVcpfmalsHhk_jnWkkGegFuoOFd4w6Kjf14y6GrhYb8H4KrjKVo\">k\u00f6zz\u00e9tett<\/a><\/strong><strong> kutat\u00e1si eredm\u00e9nyeib\u0151l egy\u00e9rtelm\u0171en ez sz\u0171rhet\u0151 le. <\/strong><\/p>\n<p>A teker\u00e9si kedvet nem csak \u00faj vagy fel\u00faj\u00edtott ker\u00e9kp\u00e1rutakkal lehet n\u00f6velni, hiszen a k\u00e9tkerek\u0171vel le is kell parkolni biztons\u00e1gosan an\u00e9lk\u00fcl, hogy az illet\u00e9ktelenek kez\u00e9re jutna. A szervezet list\u00e1ba szedte, \u00e9s t\u00e9rk\u00e9pre rendezte azon budapesti helysz\u00edneket, ahol a leg\u00e9get\u0151bb lenne biciklit\u00e1rol\u00f3k, biciklit\u00e1maszok elhelyez\u00e9se, hogy az arra kerekez\u0151k ne csup\u00e1n a gyalogos forgalom korl\u00e1toz\u00e1s\u00e1val tudj\u00e1k ker\u00edt\u00e9snek vagy egy\u00e9b terept\u00e1rgyaknak k\u00f6t\u00f6zni j\u00e1rm\u0171v\u00fcket.<\/p>\n<p>Az el\u00e9gedetts\u00e9g m\u00e9r\u00e9se sor\u00e1n azt a k\u00f6vetkeztet\u00e9st vont\u00e1k le, hogy a megk\u00e9rdezettek iskol\u00e1jukkal vagy munkahely\u00fckkel voltak a legel\u00e9gedettebbek ebben a tekintetben, ugyanakkor a t\u00f6bbi c\u00e9l\u00e1llom\u00e1s, jeles\u00fcl a k\u00f6zint\u00e9zm\u00e9nyek \u00e9s sz\u00f3rakoz\u00f3helyek k\u00f6zepes vagy gyeng\u00e9bb \u00e9rt\u00e9kel\u00e9st kaptak.<\/p>\n<p>A Ker\u00e9kp\u00e1rosklub honlapj\u00e1n el\u00e9rhet\u0151 list\u00e1hoz <a href=\"https:\/\/kerekparosklub.hu\/szakmanak\/parkolas\/kerekparparkolokhoz-muszaki-ajanlas\">m\u0171szaki aj\u00e1nl\u00e1s<\/a> is k\u00e9sz\u00fclt annak \u00e9rdek\u00e9ben, hogy a v\u00e1ltoztat\u00e1sra k\u00e9sz \u00f6nkorm\u00e1nyzatok \u00e9s befektet\u0151k a krit\u00e9riumok marad\u00e9ktalan ismeret\u00e9ben kezdhessenek neki a fejleszt\u00e9si munk\u00e1latoknak. Ezzel mi is \u0151szint\u00e9n rem\u00e9lj\u00fck, hogy min\u00e9l kevesebb olyan helyet jel\u00f6lhetnek majd meg a j\u00f6v\u0151ben, ahol nem lehet bring\u00e1t lek\u00f6tni.<\/p>\n<p><a href=\"https:\/\/d2p6e6u75xmxt8.cloudfront.net\/12\/2019\/01\/bp_tarolojavaslatok_belsoker.JPG.jpg\"><img loading=\"lazy\" decoding=\"async\" class=\"aligncenter size-full wp-image-2654\" src=\"https:\/\/d2p6e6u75xmxt8.cloudfront.net\/12\/2019\/01\/bp_tarolojavaslatok_belsoker.JPG.jpg\" alt=\"\" width=\"800\" height=\"515\" srcset=\"https:\/\/d2p6e6u75xmxt8.cloudfront.net\/12\/2019\/01\/bp_tarolojavaslatok_belsoker.JPG.jpg 800w, https:\/\/d2p6e6u75xmxt8.cloudfront.net\/12\/2019\/01\/bp_tarolojavaslatok_belsoker.JPG-300x193.jpg 300w, https:\/\/d2p6e6u75xmxt8.cloudfront.net\/12\/2019\/01\/bp_tarolojavaslatok_belsoker.JPG-768x494.jpg 768w\" sizes=\"auto, (max-width: 800px) 100vw, 800px\" \/><\/a><\/p>\n","protected":false},"excerpt":{"rendered":"<p>Egy biciklisekkel tark\u00edtott, csendesebb, z\u00f6ldebb, aut\u00f3mentesebb f\u0151v\u00e1ros\u00e9rt m\u00e9g sokat kell tenni. T\u00e1volinak t\u0171nik a c\u00e9lkit\u0171z\u00e9s, mely szerint 2030-ra Budapesten el\u00e9rj\u00fck [&hellip;]<\/p>\n","protected":false},"author":71,"featured_media":2656,"comment_status":"open","ping_status":"open","sticky":false,"template":"","format":"standard","meta":{"footnotes":""},"categories":[12],"tags":[301,302,303],"global-categories":[],"class_list":["post-2653","post","type-post","status-publish","format-standard","has-post-thumbnail","hentry","category-kozosseg-es-kultura","tag-biciklitarolok","tag-budapest","tag-infrastruktura"],"yoast_head":"<!-- This site is optimized with the Yoast SEO Premium plugin v25.3 (Yoast SEO v25.9) - https:\/\/yoast.com\/wordpress\/plugins\/seo\/ -->\n<title>Hol a legf\u00e1j\u00f3bb a ker\u00e9kp\u00e1rt\u00e1rol\u00f3k hi\u00e1nya Budapesten? - \u0160koda We Love Cycling - Magyarorsz\u00e1g<\/title>\n<meta name=\"robots\" content=\"index, follow, max-snippet:-1, max-image-preview:large, max-video-preview:-1\" \/>\n<link rel=\"canonical\" href=\"https:\/\/www.welovecycling.com\/hu\/kozosseg-es-kultura\/hol-a-legfajobb-a-kerekpartarolok-hianya-budapesten\/\" \/>\n<meta property=\"og:locale\" content=\"hu_HU\" \/>\n<meta property=\"og:type\" content=\"article\" \/>\n<meta property=\"og:title\" content=\"Hol a legf\u00e1j\u00f3bb a ker\u00e9kp\u00e1rt\u00e1rol\u00f3k hi\u00e1nya Budapesten?\" \/>\n<meta property=\"og:description\" content=\"Egy biciklisekkel tark\u00edtott, csendesebb, z\u00f6ldebb, aut\u00f3mentesebb f\u0151v\u00e1ros\u00e9rt m\u00e9g sokat kell tenni. T\u00e1volinak t\u0171nik a c\u00e9lkit\u0171z\u00e9s, mely szerint 2030-ra Budapesten el\u00e9rj\u00fck [&hellip;]\" \/>\n<meta property=\"og:url\" content=\"https:\/\/www.welovecycling.com\/hu\/kozosseg-es-kultura\/hol-a-legfajobb-a-kerekpartarolok-hianya-budapesten\/\" \/>\n<meta property=\"og:site_name\" content=\"\u0160koda We Love Cycling - Magyarorsz\u00e1g\" \/>\n<meta property=\"article:publisher\" content=\"https:\/\/www.facebook.com\/WeLoveCyclingHungary\/\" \/>\n<meta property=\"article:published_time\" content=\"2019-01-21T15:30:57+00:00\" \/>\n<meta property=\"og:image\" content=\"https:\/\/d2p6e6u75xmxt8.cloudfront.net\/12\/2019\/01\/bringatarolo.jpg\" \/>\n\t<meta property=\"og:image:width\" content=\"1000\" \/>\n\t<meta property=\"og:image:height\" content=\"667\" \/>\n\t<meta property=\"og:image:type\" content=\"image\/jpeg\" \/>\n<meta name=\"author\" content=\"hegyizs\" \/>\n<meta name=\"twitter:card\" content=\"summary_large_image\" \/>\n<meta name=\"twitter:label1\" content=\"Written by\" \/>\n\t<meta name=\"twitter:data1\" content=\"hegyizs\" \/>\n\t<meta name=\"twitter:label2\" content=\"Est. reading time\" \/>\n\t<meta name=\"twitter:data2\" content=\"2 minutes\" \/>\n<script type=\"application\/ld+json\" class=\"yoast-schema-graph\">{\"@context\":\"https:\/\/schema.org\",\"@graph\":[{\"@type\":\"WebPage\",\"@id\":\"https:\/\/www.welovecycling.com\/hu\/kozosseg-es-kultura\/hol-a-legfajobb-a-kerekpartarolok-hianya-budapesten\/\",\"url\":\"https:\/\/www.welovecycling.com\/hu\/kozosseg-es-kultura\/hol-a-legfajobb-a-kerekpartarolok-hianya-budapesten\/\",\"name\":\"Hol a legf\u00e1j\u00f3bb a ker\u00e9kp\u00e1rt\u00e1rol\u00f3k hi\u00e1nya Budapesten? - \u0160koda We Love Cycling - Magyarorsz\u00e1g\",\"isPartOf\":{\"@id\":\"https:\/\/www.welovecycling.com\/hu\/#website\"},\"primaryImageOfPage\":{\"@id\":\"https:\/\/www.welovecycling.com\/hu\/kozosseg-es-kultura\/hol-a-legfajobb-a-kerekpartarolok-hianya-budapesten\/#primaryimage\"},\"image\":{\"@id\":\"https:\/\/www.welovecycling.com\/hu\/kozosseg-es-kultura\/hol-a-legfajobb-a-kerekpartarolok-hianya-budapesten\/#primaryimage\"},\"thumbnailUrl\":\"https:\/\/d2p6e6u75xmxt8.cloudfront.net\/12\/2019\/01\/bringatarolo.jpg\",\"datePublished\":\"2019-01-21T15:30:57+00:00\",\"author\":{\"@id\":\"https:\/\/www.welovecycling.com\/hu\/#\/schema\/person\/414a2aebf1801691a5320edb6468e194\"},\"breadcrumb\":{\"@id\":\"https:\/\/www.welovecycling.com\/hu\/kozosseg-es-kultura\/hol-a-legfajobb-a-kerekpartarolok-hianya-budapesten\/#breadcrumb\"},\"inLanguage\":\"hu\",\"potentialAction\":[{\"@type\":\"ReadAction\",\"target\":[\"https:\/\/www.welovecycling.com\/hu\/kozosseg-es-kultura\/hol-a-legfajobb-a-kerekpartarolok-hianya-budapesten\/\"]}]},{\"@type\":\"ImageObject\",\"inLanguage\":\"hu\",\"@id\":\"https:\/\/www.welovecycling.com\/hu\/kozosseg-es-kultura\/hol-a-legfajobb-a-kerekpartarolok-hianya-budapesten\/#primaryimage\",\"url\":\"https:\/\/d2p6e6u75xmxt8.cloudfront.net\/12\/2019\/01\/bringatarolo.jpg\",\"contentUrl\":\"https:\/\/d2p6e6u75xmxt8.cloudfront.net\/12\/2019\/01\/bringatarolo.jpg\",\"width\":1000,\"height\":667},{\"@type\":\"BreadcrumbList\",\"@id\":\"https:\/\/www.welovecycling.com\/hu\/kozosseg-es-kultura\/hol-a-legfajobb-a-kerekpartarolok-hianya-budapesten\/#breadcrumb\",\"itemListElement\":[{\"@type\":\"ListItem\",\"position\":1,\"name\":\"Home\",\"item\":\"https:\/\/www.welovecycling.com\/hu\/\"},{\"@type\":\"ListItem\",\"position\":2,\"name\":\"Hol a legf\u00e1j\u00f3bb a ker\u00e9kp\u00e1rt\u00e1rol\u00f3k hi\u00e1nya Budapesten?\"}]},{\"@type\":\"WebSite\",\"@id\":\"https:\/\/www.welovecycling.com\/hu\/#website\",\"url\":\"https:\/\/www.welovecycling.com\/hu\/\",\"name\":\"\u0160koda We Love Cycling - Magyarorsz\u00e1g\",\"description\":\"\u0160koda WeLoveCycling\",\"potentialAction\":[{\"@type\":\"SearchAction\",\"target\":{\"@type\":\"EntryPoint\",\"urlTemplate\":\"https:\/\/www.welovecycling.com\/hu\/?s={search_term_string}\"},\"query-input\":{\"@type\":\"PropertyValueSpecification\",\"valueRequired\":true,\"valueName\":\"search_term_string\"}}],\"inLanguage\":\"hu\"},{\"@type\":\"Person\",\"@id\":\"https:\/\/www.welovecycling.com\/hu\/#\/schema\/person\/414a2aebf1801691a5320edb6468e194\",\"name\":\"hegyizs\",\"image\":{\"@type\":\"ImageObject\",\"inLanguage\":\"hu\",\"@id\":\"https:\/\/www.welovecycling.com\/hu\/#\/schema\/person\/image\/\",\"url\":\"https:\/\/secure.gravatar.com\/avatar\/02cf8a7906b8cf90cecb4679defac7cfd33a1c2e3b88e4903d947f3bb58eedd3?s=96&d=mm&r=g\",\"contentUrl\":\"https:\/\/secure.gravatar.com\/avatar\/02cf8a7906b8cf90cecb4679defac7cfd33a1c2e3b88e4903d947f3bb58eedd3?s=96&d=mm&r=g\",\"caption\":\"hegyizs\"},\"url\":\"https:\/\/www.welovecycling.com\/hu\/author\/hegyizs\/\"}]}<\/script>\n<!-- \/ Yoast SEO Premium plugin. -->","yoast_head_json":{"title":"Hol a legf\u00e1j\u00f3bb a ker\u00e9kp\u00e1rt\u00e1rol\u00f3k hi\u00e1nya Budapesten? - \u0160koda We Love Cycling - Magyarorsz\u00e1g","robots":{"index":"index","follow":"follow","max-snippet":"max-snippet:-1","max-image-preview":"max-image-preview:large","max-video-preview":"max-video-preview:-1"},"canonical":"https:\/\/www.welovecycling.com\/hu\/kozosseg-es-kultura\/hol-a-legfajobb-a-kerekpartarolok-hianya-budapesten\/","og_locale":"hu_HU","og_type":"article","og_title":"Hol a legf\u00e1j\u00f3bb a ker\u00e9kp\u00e1rt\u00e1rol\u00f3k hi\u00e1nya Budapesten?","og_description":"Egy biciklisekkel tark\u00edtott, csendesebb, z\u00f6ldebb, aut\u00f3mentesebb f\u0151v\u00e1ros\u00e9rt m\u00e9g sokat kell tenni. T\u00e1volinak t\u0171nik a c\u00e9lkit\u0171z\u00e9s, mely szerint 2030-ra Budapesten el\u00e9rj\u00fck [&hellip;]","og_url":"https:\/\/www.welovecycling.com\/hu\/kozosseg-es-kultura\/hol-a-legfajobb-a-kerekpartarolok-hianya-budapesten\/","og_site_name":"\u0160koda We Love Cycling - Magyarorsz\u00e1g","article_publisher":"https:\/\/www.facebook.com\/WeLoveCyclingHungary\/","article_published_time":"2019-01-21T15:30:57+00:00","og_image":[{"width":1000,"height":667,"url":"https:\/\/d2p6e6u75xmxt8.cloudfront.net\/12\/2019\/01\/bringatarolo.jpg","type":"image\/jpeg"}],"author":"hegyizs","twitter_card":"summary_large_image","twitter_misc":{"Written by":"hegyizs","Est. reading time":"2 minutes"},"schema":{"@context":"https:\/\/schema.org","@graph":[{"@type":"WebPage","@id":"https:\/\/www.welovecycling.com\/hu\/kozosseg-es-kultura\/hol-a-legfajobb-a-kerekpartarolok-hianya-budapesten\/","url":"https:\/\/www.welovecycling.com\/hu\/kozosseg-es-kultura\/hol-a-legfajobb-a-kerekpartarolok-hianya-budapesten\/","name":"Hol a legf\u00e1j\u00f3bb a ker\u00e9kp\u00e1rt\u00e1rol\u00f3k hi\u00e1nya Budapesten? - \u0160koda We Love Cycling - Magyarorsz\u00e1g","isPartOf":{"@id":"https:\/\/www.welovecycling.com\/hu\/#website"},"primaryImageOfPage":{"@id":"https:\/\/www.welovecycling.com\/hu\/kozosseg-es-kultura\/hol-a-legfajobb-a-kerekpartarolok-hianya-budapesten\/#primaryimage"},"image":{"@id":"https:\/\/www.welovecycling.com\/hu\/kozosseg-es-kultura\/hol-a-legfajobb-a-kerekpartarolok-hianya-budapesten\/#primaryimage"},"thumbnailUrl":"https:\/\/d2p6e6u75xmxt8.cloudfront.net\/12\/2019\/01\/bringatarolo.jpg","datePublished":"2019-01-21T15:30:57+00:00","author":{"@id":"https:\/\/www.welovecycling.com\/hu\/#\/schema\/person\/414a2aebf1801691a5320edb6468e194"},"breadcrumb":{"@id":"https:\/\/www.welovecycling.com\/hu\/kozosseg-es-kultura\/hol-a-legfajobb-a-kerekpartarolok-hianya-budapesten\/#breadcrumb"},"inLanguage":"hu","potentialAction":[{"@type":"ReadAction","target":["https:\/\/www.welovecycling.com\/hu\/kozosseg-es-kultura\/hol-a-legfajobb-a-kerekpartarolok-hianya-budapesten\/"]}]},{"@type":"ImageObject","inLanguage":"hu","@id":"https:\/\/www.welovecycling.com\/hu\/kozosseg-es-kultura\/hol-a-legfajobb-a-kerekpartarolok-hianya-budapesten\/#primaryimage","url":"https:\/\/d2p6e6u75xmxt8.cloudfront.net\/12\/2019\/01\/bringatarolo.jpg","contentUrl":"https:\/\/d2p6e6u75xmxt8.cloudfront.net\/12\/2019\/01\/bringatarolo.jpg","width":1000,"height":667},{"@type":"BreadcrumbList","@id":"https:\/\/www.welovecycling.com\/hu\/kozosseg-es-kultura\/hol-a-legfajobb-a-kerekpartarolok-hianya-budapesten\/#breadcrumb","itemListElement":[{"@type":"ListItem","position":1,"name":"Home","item":"https:\/\/www.welovecycling.com\/hu\/"},{"@type":"ListItem","position":2,"name":"Hol a legf\u00e1j\u00f3bb a ker\u00e9kp\u00e1rt\u00e1rol\u00f3k hi\u00e1nya Budapesten?"}]},{"@type":"WebSite","@id":"https:\/\/www.welovecycling.com\/hu\/#website","url":"https:\/\/www.welovecycling.com\/hu\/","name":"\u0160koda We Love Cycling - Magyarorsz\u00e1g","description":"\u0160koda WeLoveCycling","potentialAction":[{"@type":"SearchAction","target":{"@type":"EntryPoint","urlTemplate":"https:\/\/www.welovecycling.com\/hu\/?s={search_term_string}"},"query-input":{"@type":"PropertyValueSpecification","valueRequired":true,"valueName":"search_term_string"}}],"inLanguage":"hu"},{"@type":"Person","@id":"https:\/\/www.welovecycling.com\/hu\/#\/schema\/person\/414a2aebf1801691a5320edb6468e194","name":"hegyizs","image":{"@type":"ImageObject","inLanguage":"hu","@id":"https:\/\/www.welovecycling.com\/hu\/#\/schema\/person\/image\/","url":"https:\/\/secure.gravatar.com\/avatar\/02cf8a7906b8cf90cecb4679defac7cfd33a1c2e3b88e4903d947f3bb58eedd3?s=96&d=mm&r=g","contentUrl":"https:\/\/secure.gravatar.com\/avatar\/02cf8a7906b8cf90cecb4679defac7cfd33a1c2e3b88e4903d947f3bb58eedd3?s=96&d=mm&r=g","caption":"hegyizs"},"url":"https:\/\/www.welovecycling.com\/hu\/author\/hegyizs\/"}]}},"_links":{"self":[{"href":"https:\/\/www.welovecycling.com\/hu\/wp-json\/wp\/v2\/posts\/2653","targetHints":{"allow":["GET"]}}],"collection":[{"href":"https:\/\/www.welovecycling.com\/hu\/wp-json\/wp\/v2\/posts"}],"about":[{"href":"https:\/\/www.welovecycling.com\/hu\/wp-json\/wp\/v2\/types\/post"}],"author":[{"embeddable":true,"href":"https:\/\/www.welovecycling.com\/hu\/wp-json\/wp\/v2\/users\/71"}],"replies":[{"embeddable":true,"href":"https:\/\/www.welovecycling.com\/hu\/wp-json\/wp\/v2\/comments?post=2653"}],"version-history":[{"count":1,"href":"https:\/\/www.welovecycling.com\/hu\/wp-json\/wp\/v2\/posts\/2653\/revisions"}],"predecessor-version":[{"id":2655,"href":"https:\/\/www.welovecycling.com\/hu\/wp-json\/wp\/v2\/posts\/2653\/revisions\/2655"}],"wp:featuredmedia":[{"embeddable":true,"href":"https:\/\/www.welovecycling.com\/hu\/wp-json\/wp\/v2\/media\/2656"}],"wp:attachment":[{"href":"https:\/\/www.welovecycling.com\/hu\/wp-json\/wp\/v2\/media?parent=2653"}],"wp:term":[{"taxonomy":"category","embeddable":true,"href":"https:\/\/www.welovecycling.com\/hu\/wp-json\/wp\/v2\/categories?post=2653"},{"taxonomy":"post_tag","embeddable":true,"href":"https:\/\/www.welovecycling.com\/hu\/wp-json\/wp\/v2\/tags?post=2653"},{"taxonomy":"global-categories","embeddable":true,"href":"https:\/\/www.welovecycling.com\/hu\/wp-json\/wp\/v2\/global-categories?post=2653"}],"curies":[{"name":"wp","href":"https:\/\/api.w.org\/{rel}","templated":true}]}}