{"id":258,"date":"2018-03-13T13:00:50","date_gmt":"2018-03-13T13:00:50","guid":{"rendered":"https:\/\/www.welovecycling.com\/hu\/?p=258"},"modified":"2018-03-22T12:18:59","modified_gmt":"2018-03-22T12:18:59","slug":"ot-merfoldko-a-mountain-bike-tortenetebol","status":"publish","type":"post","link":"https:\/\/www.welovecycling.com\/hu\/trekking-mtb\/ot-merfoldko-a-mountain-bike-tortenetebol\/","title":{"rendered":"\u00d6t m\u00e9rf\u00f6ldk\u0151 a<br>Mountain Bike t\u00f6rt\u00e9net\u00e9b\u0151l"},"content":{"rendered":"<p><strong>Honnan ered a hegyiker\u00e9kp\u00e1roz\u00e1s? Tudtad, hogy t\u00f6bb mint egy \u00e9vsz\u00e1zados t\u00f6rt\u00e9nete van? Itt a sz\u00e9les k\u00f6rben elterjedt mountain bike t\u00f6rt\u00e9nete.<\/strong><br \/>\n<!--more--><\/p>\n<h2>1. A kezdetek<\/h2>\n<p><a href=\"https:\/\/d2p6e6u75xmxt8.cloudfront.net\/12\/2018\/03\/Buffalo.jpg\"><img loading=\"lazy\" decoding=\"async\" class=\"alignnone size-full wp-image-259\" src=\"https:\/\/d2p6e6u75xmxt8.cloudfront.net\/12\/2018\/03\/Buffalo.jpg\" alt=\"Buffalo\" width=\"600\" height=\"300\" srcset=\"https:\/\/d2p6e6u75xmxt8.cloudfront.net\/12\/2018\/03\/Buffalo.jpg 600w, https:\/\/d2p6e6u75xmxt8.cloudfront.net\/12\/2018\/03\/Buffalo-300x150.jpg 300w\" sizes=\"auto, (max-width: 600px) 100vw, 600px\" \/><\/a><br \/>\n<em>(Fot\u00f3: Weider History Group Archive)<\/em><\/p>\n<p>1896-ban James Moss, az amerikai hadsereg hadnagya elhat\u00e1rozta, hogy bebizony\u00edtja, hogy a hegyekben speci\u00e1lis ker\u00e9kp\u00e1rokkal gyorsabb, mint l\u00f3h\u00e1ton. A 25. Buffalo gyalogezred katon\u00e1ib\u00f3l 8 \u00f6nk\u00e9ntest v\u00e1lasztott. Az egys\u00e9g els\u0151 k\u00fcldet\u00e9se sor\u00e1n n\u00e9gy h\u00f3nap alatt 126 m\u00e9rf\u00f6ldet tett meg teljes felszerel\u00e9sben, fegyvereket \u00e9s tartal\u00e9k alkatr\u00e9szeket is bele\u00e9rtve.<\/p>\n<h2>2. N\u00f6vekv\u0151 n\u00e9pszer\u0171s\u00e9g<\/h2>\n<p><a href=\"https:\/\/d2p6e6u75xmxt8.cloudfront.net\/2\/2014\/08\/f.jpg\"><img loading=\"lazy\" decoding=\"async\" class=\"alignnone size-medium wp-image-261\" src=\"https:\/\/d2p6e6u75xmxt8.cloudfront.net\/12\/2018\/03\/f-768x512.jpg\" alt=\"Mountain Bike - Miguel Martinez\" width=\"620\" height=\"413\" srcset=\"https:\/\/d2p6e6u75xmxt8.cloudfront.net\/12\/2018\/03\/f-768x512.jpg 768w, https:\/\/d2p6e6u75xmxt8.cloudfront.net\/12\/2018\/03\/f-300x200.jpg 300w, https:\/\/d2p6e6u75xmxt8.cloudfront.net\/12\/2018\/03\/f-1024x682.jpg 1024w, https:\/\/d2p6e6u75xmxt8.cloudfront.net\/12\/2018\/03\/f-272x182.jpg 272w, https:\/\/d2p6e6u75xmxt8.cloudfront.net\/12\/2018\/03\/f.jpg 1400w\" sizes=\"auto, (max-width: 620px) 100vw, 620px\" \/><\/a><br \/>\n<em>(Fot\u00f3: Profimedia.cz)<\/em><\/p>\n<p>A 20. sz\u00e1zad els\u0151 fel\u00e9ben kezdtek elterjedni az erdei \u00e9s a hegyi ker\u00e9kp\u00e1rt\u00far\u00e1k. Az 1940-es \u00e9vekben a hivat\u00e1sos ker\u00e9kp\u00e1rosok k\u00f6r\u00e9ben a t\u00e9li felk\u00e9sz\u00fcl\u00e9s r\u00e9szek\u00e9nt egyre n\u00e9pszer\u0171bb\u00e9 v\u00e1ltak a cyclocross versenyek. 1950-ben tartott\u00e1k az els\u0151 Cyclo-Cross vil\u00e1gbajnoks\u00e1got, off-road verseny volt a jav\u00e1b\u00f3l!<\/p>\n<h2>3. Mountain bike<\/h2>\n<p><a href=\"https:\/\/d2p6e6u75xmxt8.cloudfront.net\/2\/2014\/08\/profimedia-0016554865.jpg\"><img loading=\"lazy\" decoding=\"async\" class=\"alignnone size-medium wp-image-263\" src=\"https:\/\/d2p6e6u75xmxt8.cloudfront.net\/12\/2018\/03\/profimedia-0016554865-768x892.jpg\" alt=\"Katon\u00e1k pihen\u0151n\" width=\"620\" height=\"719\" srcset=\"https:\/\/d2p6e6u75xmxt8.cloudfront.net\/12\/2018\/03\/profimedia-0016554865-768x892.jpg 768w, https:\/\/d2p6e6u75xmxt8.cloudfront.net\/12\/2018\/03\/profimedia-0016554865-258x300.jpg 258w, https:\/\/d2p6e6u75xmxt8.cloudfront.net\/12\/2018\/03\/profimedia-0016554865.jpg 800w\" sizes=\"auto, (max-width: 620px) 100vw, 620px\" \/><\/a><br \/>\n<em>(Fot\u00f3: Profimedia.cz)<\/em><\/p>\n<p>1966-ban a ker\u00e9kp\u00e1roz\u00e1s szerelmese, D. Gwynn meg\u00e9p\u00edtette az els\u0151 terepj\u00e1r\u00f3 ker\u00e9kp\u00e1rt, \u00e9s elnevezte mountain bike-nak (hegyi ker\u00e9kp\u00e1r), ez az els\u0151 dokument\u00e1lt n\u00e9v.<\/p>\n<h2>4. Klunkerek<\/h2>\n<p><a href=\"https:\/\/d2p6e6u75xmxt8.cloudfront.net\/2\/2014\/08\/KLINKERZ.jpg\"><img loading=\"lazy\" decoding=\"async\" class=\"alignnone size-medium wp-image-265\" src=\"https:\/\/d2p6e6u75xmxt8.cloudfront.net\/12\/2018\/03\/KLINKERZ-300x225.jpg\" alt=\"KLINKERZ\" width=\"620\" height=\"465\" srcset=\"https:\/\/d2p6e6u75xmxt8.cloudfront.net\/12\/2018\/03\/KLINKERZ-300x225.jpg 300w, https:\/\/d2p6e6u75xmxt8.cloudfront.net\/12\/2018\/03\/KLINKERZ.jpg 640w\" sizes=\"auto, (max-width: 620px) 100vw, 620px\" \/><\/a><br \/>\n<em>(Fot\u00f3: Klunkers: Rolling Dinosaur Archives)<\/em><\/p>\n<p>Az 1970-es \u00e9vekben Kaliforni\u00e1ban (Marin Country) egy lelkes csapat negyven\u00e9ves Schwinn t\u00faraker\u00e9kp\u00e1rokat \u00faj\u00edtott meg, ezeket hegyi ker\u00e9kp\u00e1rk\u00e9nt mutatt\u00e1k be. Megv\u00e1ltoztatt\u00e1k a f\u00e9keket, a ker\u00e9kp\u00e1rokat speci\u00e1lis t\u00f6ml\u0151kkel l\u00e1tt\u00e1k el, tov\u00e1bb\u00e1 robusztusabb motorker\u00e9kp\u00e1r- \u00e9s BMX-alkatr\u00e9szekre cser\u00e9lt\u00e9k a korm\u00e1nyt \u00e9s egy\u00e9b alkatr\u00e9szeket, melyek jobban b\u00edrj\u00e1k a terepet. Ezzel l\u00e9trej\u00f6tt a &#8220;klunker&#8221;, a vil\u00e1g els\u0151 mountain bike-ja a k\u00f6rny\u00e9kbeli hegyek megh\u00f3d\u00edt\u00e1s\u00e1ra. N\u00e9gy szem\u00e9ly volt az \u00fatt\u00f6r\u0151, nev\u00fck ma is kapcsol\u00f3dik a hegyi ker\u00e9kp\u00e1roz\u00e1shoz: Joe Breeze, Charlie Kelly, Tom Ritchey \u00e9s Gary Fischer. A konstrukci\u00f3 folyamatos fejl\u0151d\u00e9se vezetett a ma ismert MTB-khez. A 2007-ben kiadott Klunkerz dokumentumfilm csod\u00e1latosan bemutatja az eg\u00e9sz t\u00f6rt\u00e9netet.<\/p>\n<h2>5. Olimpia<\/h2>\n<p><a href=\"https:\/\/d2p6e6u75xmxt8.cloudfront.net\/2\/2014\/08\/profimedia-0020463983.jpg\"><img loading=\"lazy\" decoding=\"async\" class=\"alignnone size-medium wp-image-267\" src=\"https:\/\/d2p6e6u75xmxt8.cloudfront.net\/12\/2018\/03\/profimedia-0020463983-768x543.jpg\" alt=\"profimedia-0020463983\" width=\"620\" height=\"438\" srcset=\"https:\/\/d2p6e6u75xmxt8.cloudfront.net\/12\/2018\/03\/profimedia-0020463983-768x543.jpg 768w, https:\/\/d2p6e6u75xmxt8.cloudfront.net\/12\/2018\/03\/profimedia-0020463983-300x212.jpg 300w, https:\/\/d2p6e6u75xmxt8.cloudfront.net\/12\/2018\/03\/profimedia-0020463983.jpg 900w\" sizes=\"auto, (max-width: 620px) 100vw, 620px\" \/><\/a><br \/>\n<em>(Fot\u00f3: Profimedia.cz)<\/em><\/p>\n<p>Az 1990-es \u00e9vek \u00f3ri\u00e1si fellend\u00fcl\u00e9st hoztak a hegyi ker\u00e9kp\u00e1roz\u00e1sban. A ker\u00e9kp\u00e1rokat m\u00e1r nem csak gar\u00e1zsokban szerelt\u00e9k \u00f6ssze, hanem nagyv\u00e1llalatok gy\u00e1rtott\u00e1k Tajvanon. M\u00e9g szupermarketekben is lehetett hegyi ker\u00e9kp\u00e1rt kapni. Hajtott vill\u00e1kkal \u00e9s a h\u00e1ts\u00f3 kerekeken leng\u00e9scsillap\u00edt\u00f3val is k\u00eds\u00e9rleteztek. A ker\u00e9kp\u00e1rokat k\u00fcl\u00f6nb\u00f6z\u0151 ig\u00e9nyekhez igaz\u00edtott\u00e1k, terepre, lejt\u0151re, ugr\u00e1sra \u00e9s egy\u00e9b szak\u00e1gakra, &#8211; p\u00e9ld\u00e1ul sz\u00e9ls\u0151s\u00e9ges freeriding-ra &#8211; is k\u00e9sz\u00fcltek ker\u00e9kp\u00e1rok. Ker\u00e9kp\u00e1rparkok is kezdtek elterjedni, ahol a bring\u00e1sok a hegyi ker\u00e9kp\u00e1rral egy\u00fctt felvon\u00f3val jutnak a hegytet\u0151re. A hegyi ker\u00e9kp\u00e1roz\u00e1s el\u0151sz\u00f6r 1996-ban Atlant\u00e1ban (USA) szerepelt a ny\u00e1ri olimpiai j\u00e1t\u00e9kokon, \u00f6sszesen 38 f\u00e9rfi \u00e9s 27 n\u0151i r\u00e9sztvev\u0151vel. Bart Brentjens (a k\u00e9p k\u00f6zep\u00e9n) \u00e9s Paola Pezzo voltak a sport\u00e1g els\u0151 arany\u00e9rmesei.<\/p>\n","protected":false},"excerpt":{"rendered":"<p>Honnan ered a hegyiker\u00e9kp\u00e1roz\u00e1s? Tudtad, hogy t\u00f6bb mint egy \u00e9vsz\u00e1zados t\u00f6rt\u00e9nete van? Itt a sz\u00e9les k\u00f6rben elterjedt mountain bike t\u00f6rt\u00e9nete.<\/p>\n","protected":false},"author":71,"featured_media":269,"comment_status":"open","ping_status":"open","sticky":false,"template":"","format":"standard","meta":{"footnotes":""},"categories":[7],"tags":[],"global-categories":[],"class_list":["post-258","post","type-post","status-publish","format-standard","has-post-thumbnail","hentry","category-trekking-mtb"],"yoast_head":"<!-- This site is optimized with the Yoast SEO Premium plugin v25.3 (Yoast SEO v25.9) - https:\/\/yoast.com\/wordpress\/plugins\/seo\/ -->\n<title>\u00d6t m\u00e9rf\u00f6ldk\u0151 aMountain Bike t\u00f6rt\u00e9net\u00e9b\u0151l - \u0160koda We Love Cycling - Magyarorsz\u00e1g<\/title>\n<meta name=\"description\" content=\"Honnan ered a hegyiker\u00e9kp\u00e1roz\u00e1s? Tudtad, hogy t\u00f6bb mint egy \u00e9vsz\u00e1zados t\u00f6rt\u00e9nete van? Itt a sz\u00e9les k\u00f6rben elterjedt mountain bike t\u00f6rt\u00e9nete.\" \/>\n<meta name=\"robots\" content=\"index, follow, max-snippet:-1, max-image-preview:large, max-video-preview:-1\" \/>\n<link rel=\"canonical\" href=\"https:\/\/www.welovecycling.com\/hu\/trekking-mtb\/ot-merfoldko-a-mountain-bike-tortenetebol\/\" \/>\n<meta property=\"og:locale\" content=\"hu_HU\" \/>\n<meta property=\"og:type\" content=\"article\" \/>\n<meta property=\"og:title\" content=\"\u00d6t m\u00e9rf\u00f6ldk\u0151 aMountain Bike t\u00f6rt\u00e9net\u00e9b\u0151l\" \/>\n<meta property=\"og:description\" content=\"Honnan ered a hegyiker\u00e9kp\u00e1roz\u00e1s? Tudtad, hogy t\u00f6bb mint egy \u00e9vsz\u00e1zados t\u00f6rt\u00e9nete van? Itt a sz\u00e9les k\u00f6rben elterjedt mountain bike t\u00f6rt\u00e9nete.\" \/>\n<meta property=\"og:url\" content=\"https:\/\/www.welovecycling.com\/hu\/trekking-mtb\/ot-merfoldko-a-mountain-bike-tortenetebol\/\" \/>\n<meta property=\"og:site_name\" content=\"\u0160koda We Love Cycling - Magyarorsz\u00e1g\" \/>\n<meta property=\"article:publisher\" content=\"https:\/\/www.facebook.com\/WeLoveCyclingHungary\/\" \/>\n<meta property=\"article:published_time\" content=\"2018-03-13T13:00:50+00:00\" \/>\n<meta property=\"article:modified_time\" content=\"2018-03-22T12:18:59+00:00\" \/>\n<meta property=\"og:image\" content=\"https:\/\/d2p6e6u75xmxt8.cloudfront.net\/12\/2018\/03\/profimedia-0029094739.jpg\" \/>\n\t<meta property=\"og:image:width\" content=\"950\" \/>\n\t<meta property=\"og:image:height\" content=\"350\" \/>\n\t<meta property=\"og:image:type\" content=\"image\/jpeg\" \/>\n<meta name=\"author\" content=\"hegyizs\" \/>\n<meta name=\"twitter:card\" content=\"summary_large_image\" \/>\n<meta name=\"twitter:label1\" content=\"Written by\" \/>\n\t<meta name=\"twitter:data1\" content=\"Adam Marsal\" \/>\n\t<meta name=\"twitter:label2\" content=\"Est. reading time\" \/>\n\t<meta name=\"twitter:data2\" content=\"3 minutes\" \/>\n<script type=\"application\/ld+json\" class=\"yoast-schema-graph\">{\"@context\":\"https:\/\/schema.org\",\"@graph\":[{\"@type\":\"WebPage\",\"@id\":\"https:\/\/www.welovecycling.com\/hu\/trekking-mtb\/ot-merfoldko-a-mountain-bike-tortenetebol\/\",\"url\":\"https:\/\/www.welovecycling.com\/hu\/trekking-mtb\/ot-merfoldko-a-mountain-bike-tortenetebol\/\",\"name\":\"\u00d6t m\u00e9rf\u00f6ldk\u0151 a Mountain Bike t\u00f6rt\u00e9net\u00e9b\u0151l - \u0160koda We Love Cycling - Magyarorsz\u00e1g\",\"isPartOf\":{\"@id\":\"https:\/\/www.welovecycling.com\/hu\/#website\"},\"primaryImageOfPage\":{\"@id\":\"https:\/\/www.welovecycling.com\/hu\/trekking-mtb\/ot-merfoldko-a-mountain-bike-tortenetebol\/#primaryimage\"},\"image\":{\"@id\":\"https:\/\/www.welovecycling.com\/hu\/trekking-mtb\/ot-merfoldko-a-mountain-bike-tortenetebol\/#primaryimage\"},\"thumbnailUrl\":\"https:\/\/d2p6e6u75xmxt8.cloudfront.net\/12\/2018\/03\/profimedia-0029094739.jpg\",\"datePublished\":\"2018-03-13T13:00:50+00:00\",\"dateModified\":\"2018-03-22T12:18:59+00:00\",\"author\":{\"@id\":\"https:\/\/www.welovecycling.com\/hu\/#\/schema\/person\/414a2aebf1801691a5320edb6468e194\"},\"description\":\"Honnan ered a hegyiker\u00e9kp\u00e1roz\u00e1s? Tudtad, hogy t\u00f6bb mint egy \u00e9vsz\u00e1zados t\u00f6rt\u00e9nete van? Itt a sz\u00e9les k\u00f6rben elterjedt mountain bike t\u00f6rt\u00e9nete.\",\"breadcrumb\":{\"@id\":\"https:\/\/www.welovecycling.com\/hu\/trekking-mtb\/ot-merfoldko-a-mountain-bike-tortenetebol\/#breadcrumb\"},\"inLanguage\":\"hu\",\"potentialAction\":[{\"@type\":\"ReadAction\",\"target\":[\"https:\/\/www.welovecycling.com\/hu\/trekking-mtb\/ot-merfoldko-a-mountain-bike-tortenetebol\/\"]}]},{\"@type\":\"ImageObject\",\"inLanguage\":\"hu\",\"@id\":\"https:\/\/www.welovecycling.com\/hu\/trekking-mtb\/ot-merfoldko-a-mountain-bike-tortenetebol\/#primaryimage\",\"url\":\"https:\/\/d2p6e6u75xmxt8.cloudfront.net\/12\/2018\/03\/profimedia-0029094739.jpg\",\"contentUrl\":\"https:\/\/d2p6e6u75xmxt8.cloudfront.net\/12\/2018\/03\/profimedia-0029094739.jpg\",\"width\":950,\"height\":350},{\"@type\":\"BreadcrumbList\",\"@id\":\"https:\/\/www.welovecycling.com\/hu\/trekking-mtb\/ot-merfoldko-a-mountain-bike-tortenetebol\/#breadcrumb\",\"itemListElement\":[{\"@type\":\"ListItem\",\"position\":1,\"name\":\"Home\",\"item\":\"https:\/\/www.welovecycling.com\/hu\/\"},{\"@type\":\"ListItem\",\"position\":2,\"name\":\"\u00d6t m\u00e9rf\u00f6ldk\u0151 aMountain Bike t\u00f6rt\u00e9net\u00e9b\u0151l\"}]},{\"@type\":\"WebSite\",\"@id\":\"https:\/\/www.welovecycling.com\/hu\/#website\",\"url\":\"https:\/\/www.welovecycling.com\/hu\/\",\"name\":\"\u0160koda We Love Cycling - Magyarorsz\u00e1g\",\"description\":\"\u0160koda WeLoveCycling\",\"potentialAction\":[{\"@type\":\"SearchAction\",\"target\":{\"@type\":\"EntryPoint\",\"urlTemplate\":\"https:\/\/www.welovecycling.com\/hu\/?s={search_term_string}\"},\"query-input\":{\"@type\":\"PropertyValueSpecification\",\"valueRequired\":true,\"valueName\":\"search_term_string\"}}],\"inLanguage\":\"hu\"},{\"@type\":\"Person\",\"@id\":\"https:\/\/www.welovecycling.com\/hu\/#\/schema\/person\/414a2aebf1801691a5320edb6468e194\",\"name\":\"hegyizs\",\"image\":{\"@type\":\"ImageObject\",\"inLanguage\":\"hu\",\"@id\":\"https:\/\/www.welovecycling.com\/hu\/#\/schema\/person\/image\/\",\"url\":\"https:\/\/secure.gravatar.com\/avatar\/02cf8a7906b8cf90cecb4679defac7cfd33a1c2e3b88e4903d947f3bb58eedd3?s=96&d=mm&r=g\",\"contentUrl\":\"https:\/\/secure.gravatar.com\/avatar\/02cf8a7906b8cf90cecb4679defac7cfd33a1c2e3b88e4903d947f3bb58eedd3?s=96&d=mm&r=g\",\"caption\":\"hegyizs\"},\"url\":\"https:\/\/www.welovecycling.com\/hu\/author\/hegyizs\/\"}]}<\/script>\n<!-- \/ Yoast SEO Premium plugin. -->","yoast_head_json":{"title":"\u00d6t m\u00e9rf\u00f6ldk\u0151 aMountain Bike t\u00f6rt\u00e9net\u00e9b\u0151l - \u0160koda We Love Cycling - Magyarorsz\u00e1g","description":"Honnan ered a hegyiker\u00e9kp\u00e1roz\u00e1s? Tudtad, hogy t\u00f6bb mint egy \u00e9vsz\u00e1zados t\u00f6rt\u00e9nete van? Itt a sz\u00e9les k\u00f6rben elterjedt mountain bike t\u00f6rt\u00e9nete.","robots":{"index":"index","follow":"follow","max-snippet":"max-snippet:-1","max-image-preview":"max-image-preview:large","max-video-preview":"max-video-preview:-1"},"canonical":"https:\/\/www.welovecycling.com\/hu\/trekking-mtb\/ot-merfoldko-a-mountain-bike-tortenetebol\/","og_locale":"hu_HU","og_type":"article","og_title":"\u00d6t m\u00e9rf\u00f6ldk\u0151 aMountain Bike t\u00f6rt\u00e9net\u00e9b\u0151l","og_description":"Honnan ered a hegyiker\u00e9kp\u00e1roz\u00e1s? Tudtad, hogy t\u00f6bb mint egy \u00e9vsz\u00e1zados t\u00f6rt\u00e9nete van? Itt a sz\u00e9les k\u00f6rben elterjedt mountain bike t\u00f6rt\u00e9nete.","og_url":"https:\/\/www.welovecycling.com\/hu\/trekking-mtb\/ot-merfoldko-a-mountain-bike-tortenetebol\/","og_site_name":"\u0160koda We Love Cycling - Magyarorsz\u00e1g","article_publisher":"https:\/\/www.facebook.com\/WeLoveCyclingHungary\/","article_published_time":"2018-03-13T13:00:50+00:00","article_modified_time":"2018-03-22T12:18:59+00:00","og_image":[{"width":950,"height":350,"url":"https:\/\/d2p6e6u75xmxt8.cloudfront.net\/12\/2018\/03\/profimedia-0029094739.jpg","type":"image\/jpeg"}],"author":"hegyizs","twitter_card":"summary_large_image","twitter_misc":{"Written by":"Adam Marsal","Est. reading time":"3 minutes"},"schema":{"@context":"https:\/\/schema.org","@graph":[{"@type":"WebPage","@id":"https:\/\/www.welovecycling.com\/hu\/trekking-mtb\/ot-merfoldko-a-mountain-bike-tortenetebol\/","url":"https:\/\/www.welovecycling.com\/hu\/trekking-mtb\/ot-merfoldko-a-mountain-bike-tortenetebol\/","name":"\u00d6t m\u00e9rf\u00f6ldk\u0151 a Mountain Bike t\u00f6rt\u00e9net\u00e9b\u0151l - \u0160koda We Love Cycling - Magyarorsz\u00e1g","isPartOf":{"@id":"https:\/\/www.welovecycling.com\/hu\/#website"},"primaryImageOfPage":{"@id":"https:\/\/www.welovecycling.com\/hu\/trekking-mtb\/ot-merfoldko-a-mountain-bike-tortenetebol\/#primaryimage"},"image":{"@id":"https:\/\/www.welovecycling.com\/hu\/trekking-mtb\/ot-merfoldko-a-mountain-bike-tortenetebol\/#primaryimage"},"thumbnailUrl":"https:\/\/d2p6e6u75xmxt8.cloudfront.net\/12\/2018\/03\/profimedia-0029094739.jpg","datePublished":"2018-03-13T13:00:50+00:00","dateModified":"2018-03-22T12:18:59+00:00","author":{"@id":"https:\/\/www.welovecycling.com\/hu\/#\/schema\/person\/414a2aebf1801691a5320edb6468e194"},"description":"Honnan ered a hegyiker\u00e9kp\u00e1roz\u00e1s? Tudtad, hogy t\u00f6bb mint egy \u00e9vsz\u00e1zados t\u00f6rt\u00e9nete van? Itt a sz\u00e9les k\u00f6rben elterjedt mountain bike t\u00f6rt\u00e9nete.","breadcrumb":{"@id":"https:\/\/www.welovecycling.com\/hu\/trekking-mtb\/ot-merfoldko-a-mountain-bike-tortenetebol\/#breadcrumb"},"inLanguage":"hu","potentialAction":[{"@type":"ReadAction","target":["https:\/\/www.welovecycling.com\/hu\/trekking-mtb\/ot-merfoldko-a-mountain-bike-tortenetebol\/"]}]},{"@type":"ImageObject","inLanguage":"hu","@id":"https:\/\/www.welovecycling.com\/hu\/trekking-mtb\/ot-merfoldko-a-mountain-bike-tortenetebol\/#primaryimage","url":"https:\/\/d2p6e6u75xmxt8.cloudfront.net\/12\/2018\/03\/profimedia-0029094739.jpg","contentUrl":"https:\/\/d2p6e6u75xmxt8.cloudfront.net\/12\/2018\/03\/profimedia-0029094739.jpg","width":950,"height":350},{"@type":"BreadcrumbList","@id":"https:\/\/www.welovecycling.com\/hu\/trekking-mtb\/ot-merfoldko-a-mountain-bike-tortenetebol\/#breadcrumb","itemListElement":[{"@type":"ListItem","position":1,"name":"Home","item":"https:\/\/www.welovecycling.com\/hu\/"},{"@type":"ListItem","position":2,"name":"\u00d6t m\u00e9rf\u00f6ldk\u0151 aMountain Bike t\u00f6rt\u00e9net\u00e9b\u0151l"}]},{"@type":"WebSite","@id":"https:\/\/www.welovecycling.com\/hu\/#website","url":"https:\/\/www.welovecycling.com\/hu\/","name":"\u0160koda We Love Cycling - Magyarorsz\u00e1g","description":"\u0160koda WeLoveCycling","potentialAction":[{"@type":"SearchAction","target":{"@type":"EntryPoint","urlTemplate":"https:\/\/www.welovecycling.com\/hu\/?s={search_term_string}"},"query-input":{"@type":"PropertyValueSpecification","valueRequired":true,"valueName":"search_term_string"}}],"inLanguage":"hu"},{"@type":"Person","@id":"https:\/\/www.welovecycling.com\/hu\/#\/schema\/person\/414a2aebf1801691a5320edb6468e194","name":"hegyizs","image":{"@type":"ImageObject","inLanguage":"hu","@id":"https:\/\/www.welovecycling.com\/hu\/#\/schema\/person\/image\/","url":"https:\/\/secure.gravatar.com\/avatar\/02cf8a7906b8cf90cecb4679defac7cfd33a1c2e3b88e4903d947f3bb58eedd3?s=96&d=mm&r=g","contentUrl":"https:\/\/secure.gravatar.com\/avatar\/02cf8a7906b8cf90cecb4679defac7cfd33a1c2e3b88e4903d947f3bb58eedd3?s=96&d=mm&r=g","caption":"hegyizs"},"url":"https:\/\/www.welovecycling.com\/hu\/author\/hegyizs\/"}]}},"_links":{"self":[{"href":"https:\/\/www.welovecycling.com\/hu\/wp-json\/wp\/v2\/posts\/258","targetHints":{"allow":["GET"]}}],"collection":[{"href":"https:\/\/www.welovecycling.com\/hu\/wp-json\/wp\/v2\/posts"}],"about":[{"href":"https:\/\/www.welovecycling.com\/hu\/wp-json\/wp\/v2\/types\/post"}],"author":[{"embeddable":true,"href":"https:\/\/www.welovecycling.com\/hu\/wp-json\/wp\/v2\/users\/71"}],"replies":[{"embeddable":true,"href":"https:\/\/www.welovecycling.com\/hu\/wp-json\/wp\/v2\/comments?post=258"}],"version-history":[{"count":2,"href":"https:\/\/www.welovecycling.com\/hu\/wp-json\/wp\/v2\/posts\/258\/revisions"}],"predecessor-version":[{"id":423,"href":"https:\/\/www.welovecycling.com\/hu\/wp-json\/wp\/v2\/posts\/258\/revisions\/423"}],"wp:featuredmedia":[{"embeddable":true,"href":"https:\/\/www.welovecycling.com\/hu\/wp-json\/wp\/v2\/media\/269"}],"wp:attachment":[{"href":"https:\/\/www.welovecycling.com\/hu\/wp-json\/wp\/v2\/media?parent=258"}],"wp:term":[{"taxonomy":"category","embeddable":true,"href":"https:\/\/www.welovecycling.com\/hu\/wp-json\/wp\/v2\/categories?post=258"},{"taxonomy":"post_tag","embeddable":true,"href":"https:\/\/www.welovecycling.com\/hu\/wp-json\/wp\/v2\/tags?post=258"},{"taxonomy":"global-categories","embeddable":true,"href":"https:\/\/www.welovecycling.com\/hu\/wp-json\/wp\/v2\/global-categories?post=258"}],"curies":[{"name":"wp","href":"https:\/\/api.w.org\/{rel}","templated":true}]}}