{"id":2579,"date":"2019-01-27T09:00:36","date_gmt":"2019-01-27T08:00:36","guid":{"rendered":"https:\/\/www.welovecycling.com\/hu\/?p=2579"},"modified":"2019-01-25T11:37:05","modified_gmt":"2019-01-25T10:37:05","slug":"8-izgi-app-az-aktiv-bringas-elethez","status":"publish","type":"post","link":"https:\/\/www.welovecycling.com\/hu\/uncategorized\/8-izgi-app-az-aktiv-bringas-elethez\/","title":{"rendered":"8 mobilalkalmaz\u00e1s edz\u00e9shez, ha m\u00e1r nem el\u00e9g a Strava"},"content":{"rendered":"<p><strong>Igen, sokszor hallottuk m\u00e1r a nev\u00e9t, hiszen a Strava n\u00e9v ugyan\u00fagy az edz\u00e9s- \u00e9s mozg\u00e1sk\u00f6vet\u0151 mobilalkalmaz\u00e1sok szinonim\u00e1ja lett, mint ahogy \u201e\u00fcd\u00edt\u0151\u201d helyett is k\u00f3l\u00e1t k\u00e9r\u00fcnk a boltban. De azt p\u00e9ld\u00e1ul tudtad, hogy sz\u00e1mos j\u00f3l haszn\u00e1lhat\u00f3 alternat\u00edv app is rendelkez\u00e9sre \u00e1ll, amelyekkel nyomonk\u00f6vetheted sportteljes\u00edtm\u00e9nyed adatait, \u00e9s megfelel\u0151 m\u00f3don \u00f6sszehasonl\u00edthatod azokat a bar\u00e1taid\u00e9val? Lehet, hogy te vagy a Strava egyik legnagyobb rajong\u00f3ja, de akkor is j\u00f3 lehet\u0151s\u00e9g megismerni n\u00e9h\u00e1ny \u00faj megk\u00f6zel\u00edt\u00e9st&#8230; Miel\u0151tt elm\u00e9lyedn\u00e9nk abban a probl\u00e9mak\u00f6rben, hogy az e-biciklis csal\u00f3k \u00fagyis t\u00f6nkreteszik a statisztik\u00e1kat, n\u00e9zz\u00fck a v\u00e1laszt\u00e9kot!<\/strong><\/p>\n<h2>TrainingPeaks<\/h2>\n<p>A TrainingPeaks a weboldal\u00e1n is nagy bet\u0171kkel hirdeti, hogy f\u0151 c\u00e9lja az, hogy \u201cfelk\u00e9sz\u00edtsen a verseny napj\u00e1ra\u201d. Ez\u00e9rt az alkalmaz\u00e1s nem csak arra szolg\u00e1l, hogy az edz\u00e9sadataidat napl\u00f3zza \u00e9s bemutassa a fokozatos fejl\u0151d\u00e9st, hanem m\u00e9g ink\u00e1bb arra, hogy az edz\u00e9sed id\u0151beoszt\u00e1s\u00e1t \u00e9s strat\u00e9gi\u00e1j\u00e1t rendezze, hogy el\u00e9rhess konkr\u00e9t, meghat\u00e1rozott c\u00e9lokat, m\u00e9ghozz\u00e1 a lehet\u0151 leghat\u00e9konyabb m\u00f3don. A TP-t az edz\u0151k is nagyon szeretik, mert meg tudj\u00e1k n\u00e9zni \u00e9s ki tudj\u00e1k elemezni klienseik edz\u00e9seit, nem kell export\u00e1lt f\u00e1jlokat bek\u00e9rni\u00fck, \u00e9s menet k\u00f6zben, az alkalmaz\u00e1sb\u00f3l v\u00e1ltoztathatnak is az edz\u00e9sterveken.<\/p>\n<p><a href=\"https:\/\/d2p6e6u75xmxt8.cloudfront.net\/12\/2019\/01\/app_1.jpg\"><img loading=\"lazy\" decoding=\"async\" class=\"size-full wp-image-2693 alignnone\" src=\"https:\/\/d2p6e6u75xmxt8.cloudfront.net\/12\/2019\/01\/app_1.jpg\" alt=\"\" width=\"700\" height=\"394\" srcset=\"https:\/\/d2p6e6u75xmxt8.cloudfront.net\/12\/2019\/01\/app_1.jpg 700w, https:\/\/d2p6e6u75xmxt8.cloudfront.net\/12\/2019\/01\/app_1-300x169.jpg 300w\" sizes=\"auto, (max-width: 700px) 100vw, 700px\" \/><\/a><\/p>\n<h2>Komoot<\/h2>\n<p>A Komoot f\u0151k\u00e9nt azokat c\u00e9lozza, akik a szabadban \u0171znek valamilyen sportot, p\u00e9ld\u00e1ul t\u00far\u00e1znak vagy mountain bike-oznak. Sz\u00e1mukra jelen\u00edti meg az \u00e1ltal\u00e1ban ismert \u00fatvonalakat \u00e9s \u00f6sv\u00e9nyeket, valamint a felhaszn\u00e1l\u00f3k \u00e1ltal l\u00e9trehozottakat is, amelyeket a platformon meg lehet osztani. A Komoot az \u00fat minden egyes m\u00e9ter\u00e9r\u0151l, minden \u00fatvonalt\u00edpusr\u00f3l, magass\u00e1gk\u00fcl\u00f6nbs\u00e9gr\u0151l stb. ad inform\u00e1ci\u00f3kat. A felhaszn\u00e1l\u00f3k ezzel el\u0151zetesen megtervezhetik, mire sz\u00e1m\u00edthatnak att\u00f3l f\u00fcgg\u0151en, mennyit szeretn\u00e9nek s\u00e9t\u00e1lni, t\u00far\u00e1zni, illetve biciklizni az \u00fat sor\u00e1n. A fejleszt\u0151 szerint az app akkor is t\u00f6k\u00e9letesen m\u0171k\u00f6dik, ha elfogy a t\u00e9rer\u0151, ami egyes t\u00e1jakon gyakran el\u0151fordulhat. \u00cdgy, ha let\u00f6lt\u00f6d a t\u00e9rk\u00e9p offline verzi\u00f3j\u00e1t a telefonodra, semmi sem \u00e1ll\u00edt meg a kalandoz\u00e1s sor\u00e1n.<\/p>\n<p><a href=\"https:\/\/d2p6e6u75xmxt8.cloudfront.net\/12\/2019\/01\/app_2.jpg\"><img loading=\"lazy\" decoding=\"async\" class=\"aligncenter size-full wp-image-2694\" src=\"https:\/\/d2p6e6u75xmxt8.cloudfront.net\/12\/2019\/01\/app_2.jpg\" alt=\"\" width=\"1920\" height=\"1080\" srcset=\"https:\/\/d2p6e6u75xmxt8.cloudfront.net\/12\/2019\/01\/app_2.jpg 1920w, https:\/\/d2p6e6u75xmxt8.cloudfront.net\/12\/2019\/01\/app_2-300x169.jpg 300w, https:\/\/d2p6e6u75xmxt8.cloudfront.net\/12\/2019\/01\/app_2-768x432.jpg 768w, https:\/\/d2p6e6u75xmxt8.cloudfront.net\/12\/2019\/01\/app_2-1024x576.jpg 1024w, https:\/\/d2p6e6u75xmxt8.cloudfront.net\/12\/2019\/01\/app_2-1920x1080.jpg 1920w\" sizes=\"auto, (max-width: 1920px) 100vw, 1920px\" \/><\/a><\/p>\n<h2>Garmin Connect<\/h2>\n<p>Ha az a kifog\u00e1sod, hogy a Strava egyre ink\u00e1bb egy \u00faj k\u00f6z\u00f6ss\u00e9gi h\u00e1l\u00f3v\u00e1 v\u00e1lik, \u00e9rdemes lehet r\u00e1pillantanod a Garmin Connectre. A Garmin r\u00e9gi veter\u00e1n a sport vil\u00e1g\u00e1ban, ami meg is l\u00e1tszik rajta. A szok\u00e1sos adatgy\u0171jt\u0151 \u00e9s edz\u00e9sk\u00f6vet\u00e9si funkci\u00f3k mellett ebben az appban egy eg\u00e9sz hetes vagy eg\u00e9sz h\u00f3napos (s\u0151t, ak\u00e1r eg\u00e9sz \u00e9ves) edz\u00e9stervet is be\u00fctemezhetsz. De v\u00e1laszthatsz a Garmin szak\u00e9rt\u0151 edz\u0151i \u00e1ltal el\u0151zetesen \u00f6ssze\u00e1ll\u00edtott tervekb\u0151l is, \u00e9s ha be\u00e1ll\u00edtod a c\u00e9lkit\u0171z\u00e9sedet (mondjuk 5 km bicikliz\u00e9s), ezek a szak\u00e9rt\u0151k virtu\u00e1lisan v\u00e9gig is k\u00eds\u00e9rnek az el\u00e9r\u00e9s\u00e9hez vezet\u0151 \u00faton. Hasonl\u00f3k\u00e9ppen a Strav\u00e1hoz, ebben az alkalmaz\u00e1sban is csatlakozhatsz bar\u00e1tokhoz, akikkel \u00f6sszehasonl\u00edthatj\u00e1tok az eredm\u00e9nyeket, egy\u00fctt mozoghattok, leshetitek a profik d\u00f6bbenetes statisztik\u00e1it, \u00e9s \u2013 term\u00e9szetesen \u2013 ezt minden Garmin-k\u00e9sz\u00fcl\u00e9k t\u00e1mogatja.<\/p>\n<p><a href=\"https:\/\/d2p6e6u75xmxt8.cloudfront.net\/12\/2019\/01\/app_3.jpg\"><img loading=\"lazy\" decoding=\"async\" class=\"aligncenter size-full wp-image-2695\" src=\"https:\/\/d2p6e6u75xmxt8.cloudfront.net\/12\/2019\/01\/app_3.jpg\" alt=\"\" width=\"2048\" height=\"1075\" srcset=\"https:\/\/d2p6e6u75xmxt8.cloudfront.net\/12\/2019\/01\/app_3.jpg 2048w, https:\/\/d2p6e6u75xmxt8.cloudfront.net\/12\/2019\/01\/app_3-300x157.jpg 300w, https:\/\/d2p6e6u75xmxt8.cloudfront.net\/12\/2019\/01\/app_3-768x403.jpg 768w, https:\/\/d2p6e6u75xmxt8.cloudfront.net\/12\/2019\/01\/app_3-1024x538.jpg 1024w, https:\/\/d2p6e6u75xmxt8.cloudfront.net\/12\/2019\/01\/app_3-1920x1008.jpg 1920w, https:\/\/d2p6e6u75xmxt8.cloudfront.net\/12\/2019\/01\/app_3-1920x1008.jpg 1920w\" sizes=\"auto, (max-width: 2048px) 100vw, 2048px\" \/><\/a><\/p>\n<h2>Endomondo<\/h2>\n<p>Az Endomondo egyike az ismertebb alkalmaz\u00e1soknak, r\u00e1ad\u00e1sul a let\u00f6lt\u00e9st k\u00f6vet\u0151en offline m\u00f3dban is teljes k\u00f6r\u0171en m\u0171k\u00f6d\u0151k\u00e9pes. A Google Maps seg\u00edts\u00e9g\u00e9vel megjelen\u00edti az \u00fatvonaladat \u00e9s m\u00e9ri a t\u00e1vols\u00e1got, az id\u0151tartamot, az \u00e1tlagsebess\u00e9get, az \u00e1tlagos temp\u00f3t, az el\u00e9getett kal\u00f3ri\u00e1kat, \u00e9s a folyad\u00e9kp\u00f3tl\u00e1sr\u00f3l is gondoskodik. M\u00e9g azt is sz\u00e1mon tartja, milyen zen\u00e9t hallgatsz edz\u00e9s k\u00f6zben, \u00e9s ezt k\u00e9s\u0151bb a weboldalukon is vissza lehet n\u00e9zni. M\u00e1s appokhoz hasonl\u00f3an, az Endomondo is lehet\u0151v\u00e9 teszi szem\u00e9lyes c\u00e9lok meghat\u00e1roz\u00e1s\u00e1t \u00e9s el\u00e9r\u00e9s\u00e9t, valamint a versenyz\u00e9st m\u00e1sokkal, ami\u00e9rt ak\u00e1r jutalmat is kaphatsz. K\u00f6z\u00f6ss\u00e9gi szempontb\u00f3l is remek az a funkci\u00f3ja, amellyel l\u00e1thatod a k\u00f6rny\u00e9ken l\u00e9v\u0151 emberek be\u00e1ll\u00edtott \u00fatvonalait. Kih\u00edv\u00e1sokat hozhatsz l\u00e9tre, amiket a bar\u00e1taidnak kell teljes\u00edtenie, megn\u00e9zheted, hogyan haladnak, \u00e9s ak\u00e1r motiv\u00e1l\u00f3 sz\u00f3noklatot is r\u00f6gz\u00edthetsz sz\u00e1mukra. Ha pedig az hajt a legink\u00e1bb, ha neked szurkolnak, az Endomondo hang\u00fczenetben is be tud sz\u00e1molni az el\u0151rehalad\u00e1sodr\u00f3l, \u00e9s m\u00e9g biztatni is tud.<\/p>\n<p><a href=\"https:\/\/www.instagram.com\/p\/BJIzkJPjQkZ\/?utm_source=ig_embed\">https:\/\/www.instagram.com\/p\/BJIzkJPjQkZ\/?utm_source=ig_embed<\/a><\/p>\n<h2>RideWithGPS<\/h2>\n<p>A rendszeresen edz\u0151 \u00e9s ker\u00e9kp\u00e1roz\u00f3 biciklisek szerint ez az alkalmaz\u00e1s szinte ugyanolyan j\u00f3, mint a Strava, ha a funkci\u00f3k sokf\u00e9les\u00e9g\u00e9t, a k\u00edn\u00e1lt szolg\u00e1ltat\u00e1sokat, a h\u00e1l\u00f3zati szolg\u00e1ltat\u00e1sokat \u00e9s a k\u00e9perny\u0151 elrendez\u00e9s\u00e9t n\u00e9zz\u00fck. Magasra teszi a l\u00e9cet a t\u00e1vols\u00e1g, a l\u00e9p\u00e9ssz\u00e1m, a pulzussz\u00e1m, az \u00e1tlagsebess\u00e9g, stb. m\u00e9r\u00e9s\u00e9vel, valamint seg\u00edt az \u00fat megtervez\u00e9s\u00e9ben is: r\u00e9szletes \u00fatvonalprofilokat mutat be, lehet\u0151v\u00e9 teszi a megtett utad \u00e9s teljes\u00edtm\u00e9nyed megoszt\u00e1s\u00e1t (m\u00e9ghozz\u00e1 l\u00e1tv\u00e1nyos \u00e9s k\u00f6z\u00f6lhet\u0151 form\u00e1ban), \u00e9s \u00edgy tov\u00e1bb. A RideWithGPS rajong\u00f3i szerint a ker\u00e9kp\u00e1roz\u00e1s k\u00f6zben felvett adatok \u00e9s az \u00fatvonaltervez\u00e9s funkci\u00f3i m\u00e9g jobbak is, mint a Strava diz\u00e1jnja, egy Reddit f\u00f3rumon pedig egy felhaszn\u00e1l\u00f3 amellett \u00e9rvelt, hogy ha nagyobb lenne a felhaszn\u00e1l\u00f3i adatb\u00e1zis, amivel az eredm\u00e9nyeket \u00f6ssze lehet vetni, akkor ez az alkalmaz\u00e1s gyakorlatilag t\u00f6k\u00e9letes lenne. \u00dagy t\u0171nik, meg\u00e9r egy pr\u00f3b\u00e1t!<\/p>\n<p><a href=\"https:\/\/d2p6e6u75xmxt8.cloudfront.net\/12\/2019\/01\/app_4.jpg\"><img loading=\"lazy\" decoding=\"async\" class=\"aligncenter size-full wp-image-2696\" src=\"https:\/\/d2p6e6u75xmxt8.cloudfront.net\/12\/2019\/01\/app_4.jpg\" alt=\"\" width=\"2860\" height=\"1592\" srcset=\"https:\/\/d2p6e6u75xmxt8.cloudfront.net\/12\/2019\/01\/app_4.jpg 2860w, https:\/\/d2p6e6u75xmxt8.cloudfront.net\/12\/2019\/01\/app_4-300x167.jpg 300w, https:\/\/d2p6e6u75xmxt8.cloudfront.net\/12\/2019\/01\/app_4-768x428.jpg 768w, https:\/\/d2p6e6u75xmxt8.cloudfront.net\/12\/2019\/01\/app_4-1024x570.jpg 1024w, https:\/\/d2p6e6u75xmxt8.cloudfront.net\/12\/2019\/01\/app_4-1920x1069.jpg 1920w, https:\/\/d2p6e6u75xmxt8.cloudfront.net\/12\/2019\/01\/app_4-1920x1069.jpg 1920w\" sizes=\"auto, (max-width: 2860px) 100vw, 2860px\" \/><\/a><\/p>\n<h2>Velo Hero<\/h2>\n<p>A Velo Hero egy ingyenes \u00e9s f\u00fcggetlen fejleszt\u00e9s\u0171 edz\u00e9snapl\u00f3 \u00e9s teljes\u00edtm\u00e9nyelemz\u0151 szoftver. Seg\u00edt a versenyszer\u0171en ker\u00e9kp\u00e1roz\u00f3k, fut\u00f3k \u00e9s triatlonoz\u00f3k sz\u00e1m\u00e1ra t\u00e1mogat\u00e1st \u00e9s motiv\u00e1ci\u00f3t adni ahhoz, hogy el\u00e9rj\u00e9k c\u00e9lkit\u0171z\u00e9seiket, \u00e9s k\u00f6zben megossz\u00e1k egym\u00e1ssal az eredm\u00e9nyeiket, versenyezzenek a bar\u00e1taikkal. Az egyes edz\u00e9seket r\u00e9szletesen ki tudja elemezni tucatnyi statisztika, grafikon \u00e9s elemz\u0151 opci\u00f3 seg\u00edts\u00e9g\u00e9vel, ak\u00e1r a Google Earth-re vet\u00edtve egyes adatokat, vagy Excel-form\u00e1tumba export\u00e1lva azokat. A n\u00e9met Nils Knieling, az alap\u00edt\u00f3 megfogalmaz\u00e1sa szerint: \u201eAmi a legink\u00e1bb megk\u00fcl\u00f6nb\u00f6zteti a Velo Hero-t a t\u00f6bbi platformt\u00f3l, az az, hogy ez egy egyszem\u00e9lyes projekt. Nem t\u00e1mogatnak minket c\u00e9gek, de nem is adjuk el az adataidat. Mivel m\u00e1s nem sz\u00f3l bele a d\u00f6nt\u00e9sekbe, gyorsan tudok \u00faj funkci\u00f3kat felvenni. \u00c9n is biciklizek, \u00e9s minden nap haszn\u00e1lom a szoftveremet.\u201d Teh\u00e1t t\u00e9nyleg egy biciklis k\u00e9sz\u00edti bicikliseknek.<\/p>\n<p><a href=\"https:\/\/d2p6e6u75xmxt8.cloudfront.net\/12\/2019\/01\/app_5.jpg\"><img loading=\"lazy\" decoding=\"async\" class=\"aligncenter size-full wp-image-2697\" src=\"https:\/\/d2p6e6u75xmxt8.cloudfront.net\/12\/2019\/01\/app_5.jpg\" alt=\"\" width=\"1200\" height=\"496\" srcset=\"https:\/\/d2p6e6u75xmxt8.cloudfront.net\/12\/2019\/01\/app_5.jpg 1200w, https:\/\/d2p6e6u75xmxt8.cloudfront.net\/12\/2019\/01\/app_5-300x124.jpg 300w, https:\/\/d2p6e6u75xmxt8.cloudfront.net\/12\/2019\/01\/app_5-768x317.jpg 768w, https:\/\/d2p6e6u75xmxt8.cloudfront.net\/12\/2019\/01\/app_5-1024x423.jpg 1024w\" sizes=\"auto, (max-width: 1200px) 100vw, 1200px\" \/><\/a><\/p>\n<h2>Zombies, Run!<\/h2>\n<p>Lehet, hogy a nagymen\u0151 ker\u00e9kp\u00e1rosok vagy a hossz\u00fa t\u00e1v kir\u00e1lyai len\u00e9zik ezt a sz\u00fcks\u00e9gletet, de sokak sz\u00e1m\u00e1ra fontos, hogy k\u00fcl\u00f6nf\u00e9le helyeken, m\u00f3dokon tal\u00e1ljanak motiv\u00e1ci\u00f3ra. Ha pedig valakinek az kell a mozg\u00e1shoz, hogy zombik \u00fcld\u00f6zz\u00e9k, akkor ne legyen senkinek kifog\u00e1sa. A Zombies, Run! \u00fagy m\u0171k\u00f6dik, mint egy igazi RPG-j\u00e1t\u00e9k, kreat\u00edv t\u00f6rt\u00e9nettel, \u00e9s t\u00f6bb mint 120 k\u00fcldet\u00e9ssel, amit teljes\u00edtened kell ahhoz, hogy \u201eell\u00e1tm\u00e1nyt\u201d gy\u0171jts \u00e9s elfuss a zombik el\u0151l. Az utas\u00edt\u00e1sokat fantasztikus szinkronsz\u00edn\u00e9szek adj\u00e1k, eg\u00e9szen bizserget\u0151 \u00e9rz\u00e9s hallgatni \u0151ket. A GPS haszn\u00e1lat\u00e1val a statisztik\u00e1idat online is megoszthatod, ha regisztr\u00e1lsz az app weboldal\u00e1n. Ezt a j\u00e1t\u00e9kos\u00edtott edz\u00e9si m\u00f3dot els\u0151sorban kocog\u00e1sra tal\u00e1lt\u00e1k ki, de biciklivel is \u00e9lvezetes lehet, ha \u00e1ltal\u00e1ban lassan tekersz. Cs\u00f6ppenj bele ebbe az izgalmas vil\u00e1gba, \u00e9s n\u00e9zz meg legal\u00e1bb egy bemutat\u00f3t!<\/p>\n<div class=\"embed-controller-wrapper\">\n<div class=\"embed-wrapper\"><iframe title=\"All-New Zombies, Run! Trailer\" width=\"500\" height=\"281\" data-src=\"https:\/\/www.youtube.com\/embed\/QXV5akCoHSQ?feature=oembed\" frameborder=\"0\" allow=\"accelerometer; autoplay; clipboard-write; encrypted-media; gyroscope; picture-in-picture; web-share\" referrerpolicy=\"strict-origin-when-cross-origin\" allowfullscreen><\/iframe><\/div>\n<\/div>\n<h2>Tapiriik<\/h2>\n<p>Ha m\u00e9g a zombik el\u0151l val\u00f3 menek\u00fcl\u00e9s sem gy\u0151z\u00f6tt meg, hogy lecser\u00e9ld a Strava-t, k\u00fcl\u00f6n\u00f6sen annak k\u00f6z\u00f6ss\u00e9gi \u00e9s verseng\u0151 funkci\u00f3i miatt, akkor is kipr\u00f3b\u00e1lhatod a Tapiriik nev\u0171 ny\u00edlt forr\u00e1sk\u00f3d\u00fa appon kereszt\u00fcl, hogy a t\u00f6bbi n\u00e9pszer\u0171 alkalmaz\u00e1st szinkroniz\u00e1lod a Strav\u00e1val. Ez az okos alkalmaz\u00e1s nem csak a megtett kilom\u00e9tereidet \u00e9s az \u00e1tlagsebess\u00e9gedet t\u00f6lti fel, de szinkroniz\u00e1lja a pulzussz\u00e1mot, a l\u00e9p\u00e9ssz\u00e1mot, a teljes\u00edtm\u00e9nyt \u00e9s a h\u0151m\u00e9rs\u00e9kleti adatokat is, hogy az \u00f6sszes alkalmaz\u00e1sban hat\u00e9konyabban \u00e1ll\u00edthasd be az edz\u00e9seket \u00e9s minden alkalmat, amikor biciklizni m\u00e9sz.<\/p>\n","protected":false},"excerpt":{"rendered":"<p>Igen, sokszor hallottuk m\u00e1r a nev\u00e9t, hiszen a Strava n\u00e9v ugyan\u00fagy az edz\u00e9s- \u00e9s mozg\u00e1sk\u00f6vet\u0151 mobilalkalmaz\u00e1sok szinonim\u00e1ja lett, mint ahogy [&hellip;]<\/p>\n","protected":false},"author":71,"featured_media":2698,"comment_status":"open","ping_status":"open","sticky":false,"template":"","format":"standard","meta":{"footnotes":""},"categories":[6,1],"tags":[312,310,311,313,314,315,316,317,318],"global-categories":[],"class_list":["post-2579","post","type-post","status-publish","format-standard","has-post-thumbnail","hentry","category-edzes-es-eletmod","category-uncategorized","tag-connect","tag-endomondo","tag-garmin","tag-komoot","tag-ridewithgps","tag-runtapiriik","tag-trainingpeaks","tag-velo-hero","tag-zombiesrun"],"yoast_head":"<!-- This site is optimized with the Yoast SEO Premium plugin v25.3 (Yoast SEO v25.9) - https:\/\/yoast.com\/wordpress\/plugins\/seo\/ -->\n<title>8 mobilalkalmaz\u00e1s edz\u00e9shez, ha m\u00e1r nem el\u00e9g a Strava - \u0160koda We Love Cycling - Magyarorsz\u00e1g<\/title>\n<meta name=\"robots\" content=\"index, follow, max-snippet:-1, max-image-preview:large, max-video-preview:-1\" \/>\n<link rel=\"canonical\" href=\"https:\/\/www.welovecycling.com\/hu\/uncategorized\/8-izgi-app-az-aktiv-bringas-elethez\/\" \/>\n<meta property=\"og:locale\" content=\"hu_HU\" \/>\n<meta property=\"og:type\" content=\"article\" \/>\n<meta property=\"og:title\" content=\"8 mobilalkalmaz\u00e1s edz\u00e9shez, ha m\u00e1r nem el\u00e9g a Strava\" \/>\n<meta property=\"og:description\" content=\"Igen, sokszor hallottuk m\u00e1r a nev\u00e9t, hiszen a Strava n\u00e9v ugyan\u00fagy az edz\u00e9s- \u00e9s mozg\u00e1sk\u00f6vet\u0151 mobilalkalmaz\u00e1sok szinonim\u00e1ja lett, mint ahogy [&hellip;]\" \/>\n<meta property=\"og:url\" content=\"https:\/\/www.welovecycling.com\/hu\/uncategorized\/8-izgi-app-az-aktiv-bringas-elethez\/\" \/>\n<meta property=\"og:site_name\" content=\"\u0160koda We Love Cycling - Magyarorsz\u00e1g\" \/>\n<meta property=\"article:publisher\" content=\"https:\/\/www.facebook.com\/WeLoveCyclingHungary\/\" \/>\n<meta property=\"article:published_time\" content=\"2019-01-27T08:00:36+00:00\" \/>\n<meta property=\"og:image\" content=\"https:\/\/d2p6e6u75xmxt8.cloudfront.net\/12\/2019\/01\/Woman-Cycling-Komoot-CVR-1024x450.jpg\" \/>\n\t<meta property=\"og:image:width\" content=\"1024\" \/>\n\t<meta property=\"og:image:height\" content=\"450\" \/>\n\t<meta property=\"og:image:type\" content=\"image\/jpeg\" \/>\n<meta name=\"author\" content=\"hegyizs\" \/>\n<meta name=\"twitter:card\" content=\"summary_large_image\" \/>\n<meta name=\"twitter:label1\" content=\"Written by\" \/>\n\t<meta name=\"twitter:data1\" content=\"hegyizs\" \/>\n\t<meta name=\"twitter:label2\" content=\"Est. reading time\" \/>\n\t<meta name=\"twitter:data2\" content=\"8 minutes\" \/>\n<script type=\"application\/ld+json\" class=\"yoast-schema-graph\">{\"@context\":\"https:\/\/schema.org\",\"@graph\":[{\"@type\":\"WebPage\",\"@id\":\"https:\/\/www.welovecycling.com\/hu\/uncategorized\/8-izgi-app-az-aktiv-bringas-elethez\/\",\"url\":\"https:\/\/www.welovecycling.com\/hu\/uncategorized\/8-izgi-app-az-aktiv-bringas-elethez\/\",\"name\":\"8 mobilalkalmaz\u00e1s edz\u00e9shez, ha m\u00e1r nem el\u00e9g a Strava - \u0160koda We Love Cycling - Magyarorsz\u00e1g\",\"isPartOf\":{\"@id\":\"https:\/\/www.welovecycling.com\/hu\/#website\"},\"primaryImageOfPage\":{\"@id\":\"https:\/\/www.welovecycling.com\/hu\/uncategorized\/8-izgi-app-az-aktiv-bringas-elethez\/#primaryimage\"},\"image\":{\"@id\":\"https:\/\/www.welovecycling.com\/hu\/uncategorized\/8-izgi-app-az-aktiv-bringas-elethez\/#primaryimage\"},\"thumbnailUrl\":\"https:\/\/d2p6e6u75xmxt8.cloudfront.net\/12\/2019\/01\/Woman-Cycling-Komoot-CVR-1024x450.jpg\",\"datePublished\":\"2019-01-27T08:00:36+00:00\",\"author\":{\"@id\":\"https:\/\/www.welovecycling.com\/hu\/#\/schema\/person\/414a2aebf1801691a5320edb6468e194\"},\"breadcrumb\":{\"@id\":\"https:\/\/www.welovecycling.com\/hu\/uncategorized\/8-izgi-app-az-aktiv-bringas-elethez\/#breadcrumb\"},\"inLanguage\":\"hu\",\"potentialAction\":[{\"@type\":\"ReadAction\",\"target\":[\"https:\/\/www.welovecycling.com\/hu\/uncategorized\/8-izgi-app-az-aktiv-bringas-elethez\/\"]}]},{\"@type\":\"ImageObject\",\"inLanguage\":\"hu\",\"@id\":\"https:\/\/www.welovecycling.com\/hu\/uncategorized\/8-izgi-app-az-aktiv-bringas-elethez\/#primaryimage\",\"url\":\"https:\/\/d2p6e6u75xmxt8.cloudfront.net\/12\/2019\/01\/Woman-Cycling-Komoot-CVR-1024x450.jpg\",\"contentUrl\":\"https:\/\/d2p6e6u75xmxt8.cloudfront.net\/12\/2019\/01\/Woman-Cycling-Komoot-CVR-1024x450.jpg\",\"width\":1024,\"height\":450},{\"@type\":\"BreadcrumbList\",\"@id\":\"https:\/\/www.welovecycling.com\/hu\/uncategorized\/8-izgi-app-az-aktiv-bringas-elethez\/#breadcrumb\",\"itemListElement\":[{\"@type\":\"ListItem\",\"position\":1,\"name\":\"Home\",\"item\":\"https:\/\/www.welovecycling.com\/hu\/\"},{\"@type\":\"ListItem\",\"position\":2,\"name\":\"8 mobilalkalmaz\u00e1s edz\u00e9shez, ha m\u00e1r nem el\u00e9g a Strava\"}]},{\"@type\":\"WebSite\",\"@id\":\"https:\/\/www.welovecycling.com\/hu\/#website\",\"url\":\"https:\/\/www.welovecycling.com\/hu\/\",\"name\":\"\u0160koda We Love Cycling - Magyarorsz\u00e1g\",\"description\":\"\u0160koda WeLoveCycling\",\"potentialAction\":[{\"@type\":\"SearchAction\",\"target\":{\"@type\":\"EntryPoint\",\"urlTemplate\":\"https:\/\/www.welovecycling.com\/hu\/?s={search_term_string}\"},\"query-input\":{\"@type\":\"PropertyValueSpecification\",\"valueRequired\":true,\"valueName\":\"search_term_string\"}}],\"inLanguage\":\"hu\"},{\"@type\":\"Person\",\"@id\":\"https:\/\/www.welovecycling.com\/hu\/#\/schema\/person\/414a2aebf1801691a5320edb6468e194\",\"name\":\"hegyizs\",\"image\":{\"@type\":\"ImageObject\",\"inLanguage\":\"hu\",\"@id\":\"https:\/\/www.welovecycling.com\/hu\/#\/schema\/person\/image\/\",\"url\":\"https:\/\/secure.gravatar.com\/avatar\/02cf8a7906b8cf90cecb4679defac7cfd33a1c2e3b88e4903d947f3bb58eedd3?s=96&d=mm&r=g\",\"contentUrl\":\"https:\/\/secure.gravatar.com\/avatar\/02cf8a7906b8cf90cecb4679defac7cfd33a1c2e3b88e4903d947f3bb58eedd3?s=96&d=mm&r=g\",\"caption\":\"hegyizs\"},\"url\":\"https:\/\/www.welovecycling.com\/hu\/author\/hegyizs\/\"}]}<\/script>\n<!-- \/ Yoast SEO Premium plugin. -->","yoast_head_json":{"title":"8 mobilalkalmaz\u00e1s edz\u00e9shez, ha m\u00e1r nem el\u00e9g a Strava - \u0160koda We Love Cycling - Magyarorsz\u00e1g","robots":{"index":"index","follow":"follow","max-snippet":"max-snippet:-1","max-image-preview":"max-image-preview:large","max-video-preview":"max-video-preview:-1"},"canonical":"https:\/\/www.welovecycling.com\/hu\/uncategorized\/8-izgi-app-az-aktiv-bringas-elethez\/","og_locale":"hu_HU","og_type":"article","og_title":"8 mobilalkalmaz\u00e1s edz\u00e9shez, ha m\u00e1r nem el\u00e9g a Strava","og_description":"Igen, sokszor hallottuk m\u00e1r a nev\u00e9t, hiszen a Strava n\u00e9v ugyan\u00fagy az edz\u00e9s- \u00e9s mozg\u00e1sk\u00f6vet\u0151 mobilalkalmaz\u00e1sok szinonim\u00e1ja lett, mint ahogy [&hellip;]","og_url":"https:\/\/www.welovecycling.com\/hu\/uncategorized\/8-izgi-app-az-aktiv-bringas-elethez\/","og_site_name":"\u0160koda We Love Cycling - Magyarorsz\u00e1g","article_publisher":"https:\/\/www.facebook.com\/WeLoveCyclingHungary\/","article_published_time":"2019-01-27T08:00:36+00:00","og_image":[{"width":1024,"height":450,"url":"https:\/\/d2p6e6u75xmxt8.cloudfront.net\/12\/2019\/01\/Woman-Cycling-Komoot-CVR-1024x450.jpg","type":"image\/jpeg"}],"author":"hegyizs","twitter_card":"summary_large_image","twitter_misc":{"Written by":"hegyizs","Est. reading time":"8 minutes"},"schema":{"@context":"https:\/\/schema.org","@graph":[{"@type":"WebPage","@id":"https:\/\/www.welovecycling.com\/hu\/uncategorized\/8-izgi-app-az-aktiv-bringas-elethez\/","url":"https:\/\/www.welovecycling.com\/hu\/uncategorized\/8-izgi-app-az-aktiv-bringas-elethez\/","name":"8 mobilalkalmaz\u00e1s edz\u00e9shez, ha m\u00e1r nem el\u00e9g a Strava - \u0160koda We Love Cycling - Magyarorsz\u00e1g","isPartOf":{"@id":"https:\/\/www.welovecycling.com\/hu\/#website"},"primaryImageOfPage":{"@id":"https:\/\/www.welovecycling.com\/hu\/uncategorized\/8-izgi-app-az-aktiv-bringas-elethez\/#primaryimage"},"image":{"@id":"https:\/\/www.welovecycling.com\/hu\/uncategorized\/8-izgi-app-az-aktiv-bringas-elethez\/#primaryimage"},"thumbnailUrl":"https:\/\/d2p6e6u75xmxt8.cloudfront.net\/12\/2019\/01\/Woman-Cycling-Komoot-CVR-1024x450.jpg","datePublished":"2019-01-27T08:00:36+00:00","author":{"@id":"https:\/\/www.welovecycling.com\/hu\/#\/schema\/person\/414a2aebf1801691a5320edb6468e194"},"breadcrumb":{"@id":"https:\/\/www.welovecycling.com\/hu\/uncategorized\/8-izgi-app-az-aktiv-bringas-elethez\/#breadcrumb"},"inLanguage":"hu","potentialAction":[{"@type":"ReadAction","target":["https:\/\/www.welovecycling.com\/hu\/uncategorized\/8-izgi-app-az-aktiv-bringas-elethez\/"]}]},{"@type":"ImageObject","inLanguage":"hu","@id":"https:\/\/www.welovecycling.com\/hu\/uncategorized\/8-izgi-app-az-aktiv-bringas-elethez\/#primaryimage","url":"https:\/\/d2p6e6u75xmxt8.cloudfront.net\/12\/2019\/01\/Woman-Cycling-Komoot-CVR-1024x450.jpg","contentUrl":"https:\/\/d2p6e6u75xmxt8.cloudfront.net\/12\/2019\/01\/Woman-Cycling-Komoot-CVR-1024x450.jpg","width":1024,"height":450},{"@type":"BreadcrumbList","@id":"https:\/\/www.welovecycling.com\/hu\/uncategorized\/8-izgi-app-az-aktiv-bringas-elethez\/#breadcrumb","itemListElement":[{"@type":"ListItem","position":1,"name":"Home","item":"https:\/\/www.welovecycling.com\/hu\/"},{"@type":"ListItem","position":2,"name":"8 mobilalkalmaz\u00e1s edz\u00e9shez, ha m\u00e1r nem el\u00e9g a Strava"}]},{"@type":"WebSite","@id":"https:\/\/www.welovecycling.com\/hu\/#website","url":"https:\/\/www.welovecycling.com\/hu\/","name":"\u0160koda We Love Cycling - Magyarorsz\u00e1g","description":"\u0160koda WeLoveCycling","potentialAction":[{"@type":"SearchAction","target":{"@type":"EntryPoint","urlTemplate":"https:\/\/www.welovecycling.com\/hu\/?s={search_term_string}"},"query-input":{"@type":"PropertyValueSpecification","valueRequired":true,"valueName":"search_term_string"}}],"inLanguage":"hu"},{"@type":"Person","@id":"https:\/\/www.welovecycling.com\/hu\/#\/schema\/person\/414a2aebf1801691a5320edb6468e194","name":"hegyizs","image":{"@type":"ImageObject","inLanguage":"hu","@id":"https:\/\/www.welovecycling.com\/hu\/#\/schema\/person\/image\/","url":"https:\/\/secure.gravatar.com\/avatar\/02cf8a7906b8cf90cecb4679defac7cfd33a1c2e3b88e4903d947f3bb58eedd3?s=96&d=mm&r=g","contentUrl":"https:\/\/secure.gravatar.com\/avatar\/02cf8a7906b8cf90cecb4679defac7cfd33a1c2e3b88e4903d947f3bb58eedd3?s=96&d=mm&r=g","caption":"hegyizs"},"url":"https:\/\/www.welovecycling.com\/hu\/author\/hegyizs\/"}]}},"_links":{"self":[{"href":"https:\/\/www.welovecycling.com\/hu\/wp-json\/wp\/v2\/posts\/2579","targetHints":{"allow":["GET"]}}],"collection":[{"href":"https:\/\/www.welovecycling.com\/hu\/wp-json\/wp\/v2\/posts"}],"about":[{"href":"https:\/\/www.welovecycling.com\/hu\/wp-json\/wp\/v2\/types\/post"}],"author":[{"embeddable":true,"href":"https:\/\/www.welovecycling.com\/hu\/wp-json\/wp\/v2\/users\/71"}],"replies":[{"embeddable":true,"href":"https:\/\/www.welovecycling.com\/hu\/wp-json\/wp\/v2\/comments?post=2579"}],"version-history":[{"count":2,"href":"https:\/\/www.welovecycling.com\/hu\/wp-json\/wp\/v2\/posts\/2579\/revisions"}],"predecessor-version":[{"id":2701,"href":"https:\/\/www.welovecycling.com\/hu\/wp-json\/wp\/v2\/posts\/2579\/revisions\/2701"}],"wp:featuredmedia":[{"embeddable":true,"href":"https:\/\/www.welovecycling.com\/hu\/wp-json\/wp\/v2\/media\/2698"}],"wp:attachment":[{"href":"https:\/\/www.welovecycling.com\/hu\/wp-json\/wp\/v2\/media?parent=2579"}],"wp:term":[{"taxonomy":"category","embeddable":true,"href":"https:\/\/www.welovecycling.com\/hu\/wp-json\/wp\/v2\/categories?post=2579"},{"taxonomy":"post_tag","embeddable":true,"href":"https:\/\/www.welovecycling.com\/hu\/wp-json\/wp\/v2\/tags?post=2579"},{"taxonomy":"global-categories","embeddable":true,"href":"https:\/\/www.welovecycling.com\/hu\/wp-json\/wp\/v2\/global-categories?post=2579"}],"curies":[{"name":"wp","href":"https:\/\/api.w.org\/{rel}","templated":true}]}}