{"id":2576,"date":"2019-01-29T14:00:42","date_gmt":"2019-01-29T13:00:42","guid":{"rendered":"https:\/\/www.welovecycling.com\/hu\/?p=2576"},"modified":"2019-01-25T11:45:33","modified_gmt":"2019-01-25T10:45:33","slug":"stresszmentes-elet","status":"publish","type":"post","link":"https:\/\/www.welovecycling.com\/hu\/uncategorized\/stresszmentes-elet\/","title":{"rendered":"Stresszkezel\u00e9s \u2013 4 tr\u00fckk a stressz cs\u00f6kkent\u00e9s\u00e9re"},"content":{"rendered":"<p><strong>Ha nem pr\u00f3b\u00e1lod tudatosan cs\u00f6kkenteni a mindennapi stresszt az \u00e9letedben, k\u00f6nnyen elhatalmasodhat rajtad, \u00e9s kr\u00f3nikuss\u00e1 v\u00e1lhat. A kr\u00f3nikus stressz hozz\u00e1j\u00e1rul a modern betegs\u00e9gek kialakul\u00e1s\u00e1hoz, \u00e9s rontja az \u00e9letmin\u0151s\u00e9get. L\u00e1ssunk h\u00e1t 4 tr\u00fckk\u00f6t, melyek seg\u00edts\u00e9g\u00e9vel rengeteg stresszt\u0151l szabadulhatsz meg, \u00e9s ak\u00e1r n\u00e9mi extra szabadid\u0151re is szert tehetsz.<\/strong><\/p>\n<h2>Mondj nemet<\/h2>\n<p>Tudnod kell, mik\u00e9nt mondj nemet dolgokra, hogy meg\u0151rizd a j\u00f3zan eszed m\u00e9g miel\u0151tt el\u00e9rn\u00e9d azt a bizonyos t\u0171r\u00e9shat\u00e1rt. Ez vonatkozik \u00faj projektekre, szem\u00e9lyes tal\u00e1lkoz\u00f3kra vagy \u00e9pp a hobbidra egyar\u00e1nt. Egy ponton t\u00fal ezek mind k\u00f6nnyed\u00e9n a stressz forr\u00e1s\u00e1v\u00e1 v\u00e1lhatnak. Kezdd a gyakorl\u00e1st kev\u00e9sb\u00e9 nagy dolgokkal, mint p\u00e9ld\u00e1ul, hogy meg\u00edrod a bar\u00e1todnak, hogy nem tudsz vele k\u00e1v\u00e9zni menni. Tanulj meg magabiztosan \u00e9s gond n\u00e9lk\u00fcl nemet mondani, \u00edgy legk\u00f6zelebb, mikor a f\u0151n\u00f6k\u00f6d extra munk\u00e1ra k\u00e9r, sokkal k\u00f6nnyebben fog menni.<\/p>\n<p><a href=\"https:\/\/d2p6e6u75xmxt8.cloudfront.net\/12\/2019\/01\/stress_1.jpeg\"><img loading=\"lazy\" decoding=\"async\" class=\"aligncenter size-full wp-image-2703\" src=\"https:\/\/d2p6e6u75xmxt8.cloudfront.net\/12\/2019\/01\/stress_1.jpeg\" alt=\"\" width=\"1280\" height=\"853\" srcset=\"https:\/\/d2p6e6u75xmxt8.cloudfront.net\/12\/2019\/01\/stress_1.jpeg 1280w, https:\/\/d2p6e6u75xmxt8.cloudfront.net\/12\/2019\/01\/stress_1-300x200.jpeg 300w, https:\/\/d2p6e6u75xmxt8.cloudfront.net\/12\/2019\/01\/stress_1-768x512.jpeg 768w, https:\/\/d2p6e6u75xmxt8.cloudfront.net\/12\/2019\/01\/stress_1-1024x682.jpeg 1024w, https:\/\/d2p6e6u75xmxt8.cloudfront.net\/12\/2019\/01\/stress_1-272x182.jpeg 272w\" sizes=\"auto, (max-width: 1280px) 100vw, 1280px\" \/><\/a><\/p>\n<h2>Ker\u00fcld a vit\u00e1kat, k\u00fcl\u00f6n\u00f6sen az interneten<\/h2>\n<p>Mind j\u00f3l tudjuk, milyen neh\u00e9z \u00fagy vitatkozni a szeretteinkkel, hogy az t\u00e9nyleg konstrukt\u00edv legyen \u00e9s val\u00f3ban k\u00f6zelebb vigyen a megold\u00e1shoz. \u00c9s akkor m\u00e9g nem is eml\u00edtett\u00fck azokat a vit\u00e1kat, amelyeket olyan emberekkel folytatsz, akiknek esz\u00fck \u00e1g\u00e1ban sincs v\u00e1ltoztatni az \u00e1ll\u00e1spontjukon vagy meghallgatni a ti\u00e9det. H\u00e1t igen, ez a kateg\u00f3ria nagyj\u00e1b\u00f3l lefed minden kommenthusz\u00e1rt az online f\u00f3rumok vil\u00e1g\u00e1ban. Ha felveszed a keszty\u0171t, azzal \u00e1ltal\u00e1ban csak azt \u00e9red el, hogy m\u00e9g elt\u00f6k\u00e9ltebben v\u00e9dj\u00e9k a saj\u00e1t igazukat. Tartogasd h\u00e1t az id\u0151det \u00e9s az energi\u00e1dat val\u00f3ban fontos vit\u00e1kra, a t\u00f6bbit pedig engedd el. Csod\u00e1s hat\u00e1ssal lesz a stresszkezel\u0151 k\u00e9pess\u00e9gedre.<\/p>\n<h2>Ne n\u00e9zz h\u00edrad\u00f3t<\/h2>\n<p>A h\u00edrm\u0171sorok manaps\u00e1g egyre hat\u00e9konyabb\u00e1 v\u00e1lnak a sokkol\u00e1s, dramatiz\u00e1l\u00e1s \u00e9s megbotr\u00e1nkoztat\u00e1s m\u0171faj\u00e1ban, hiszen ezekkel tudj\u00e1k a figyelmet felkelteni \u00e9s \u00e9rzelmi reakci\u00f3t kiv\u00e1ltani. Ez sajnos sokszor okoz felesleges fesz\u00fclts\u00e9get. Ha igaz\u00e1n \u00e9rdekel egy bizonyos t\u00e9ma, olvass ink\u00e1bb ut\u00e1na \u00e9s k\u00f6vesd az adott ter\u00fclet szak\u00e9rt\u0151it, hogy h\u00edrekhez juss. Szelekt\u00e1lj! A legfontosabb h\u00edrek valamilyen \u00faton \u00fagyis eljutnak hozz\u00e1d, m\u00e9g akkor is, ha tudatosan pr\u00f3b\u00e1lod kiz\u00e1rni \u0151ket.<\/p>\n<p><a href=\"https:\/\/d2p6e6u75xmxt8.cloudfront.net\/12\/2019\/01\/stress_2.jpeg\"><img loading=\"lazy\" decoding=\"async\" class=\"aligncenter size-full wp-image-2704\" src=\"https:\/\/d2p6e6u75xmxt8.cloudfront.net\/12\/2019\/01\/stress_2.jpeg\" alt=\"\" width=\"1280\" height=\"847\" srcset=\"https:\/\/d2p6e6u75xmxt8.cloudfront.net\/12\/2019\/01\/stress_2.jpeg 1280w, https:\/\/d2p6e6u75xmxt8.cloudfront.net\/12\/2019\/01\/stress_2-300x199.jpeg 300w, https:\/\/d2p6e6u75xmxt8.cloudfront.net\/12\/2019\/01\/stress_2-768x508.jpeg 768w, https:\/\/d2p6e6u75xmxt8.cloudfront.net\/12\/2019\/01\/stress_2-1024x678.jpeg 1024w\" sizes=\"auto, (max-width: 1280px) 100vw, 1280px\" \/><\/a><\/p>\n<h2>Tartsd k\u00e9zben a napt\u00e1rad<\/h2>\n<p>Az id\u0151beoszt\u00e1sod nem mindig a val\u00f3di \u00e9rdekeidet t\u00fckr\u00f6zi. A priorit\u00e1sok \u00e9s a k\u00f6r\u00fclm\u00e9nyek gyakran v\u00e1ltoznak, a napt\u00e1radnak pedig igazodnia kell ezekhez a v\u00e1ltoz\u00e1sokhoz. Elengedhetetlen, hogy minden reggel, vagy legal\u00e1bb minden h\u00e9t elej\u00e9n \u00e1tn\u00e9zd \u00e9s kitakar\u00edtsd a teend\u0151k list\u00e1j\u00e1t. V\u00e1lassz ki napi 1-2 dolgot, amit mindenk\u00e9pp el kell int\u00e9zned, a t\u00f6bbit pedig tedd \u00e1t m\u00e1skorra, vagy egyszer\u0171en t\u00f6r\u00f6ld a list\u00e1r\u00f3l. Fontos m\u00e9g, hogy soha ne t\u00e1bl\u00e1zd be az id\u0151d t\u00f6bb mint 80%-\u00e1t. A terveid \u00e9s a val\u00f3s\u00e1g nem felt\u00e9tlen\u00fcl fedik teljesen egym\u00e1st, \u00e9s ha nem tudsz improviz\u00e1lni, folyamatos stressznek leszel kit\u00e9ve.<\/p>\n","protected":false},"excerpt":{"rendered":"<p>Ha nem pr\u00f3b\u00e1lod tudatosan cs\u00f6kkenteni a mindennapi stresszt az \u00e9letedben, k\u00f6nnyen elhatalmasodhat rajtad, \u00e9s kr\u00f3nikuss\u00e1 v\u00e1lhat. A kr\u00f3nikus stressz hozz\u00e1j\u00e1rul [&hellip;]<\/p>\n","protected":false},"author":71,"featured_media":2705,"comment_status":"open","ping_status":"open","sticky":false,"template":"","format":"standard","meta":{"footnotes":""},"categories":[6,1],"tags":[204,319],"global-categories":[],"class_list":["post-2576","post","type-post","status-publish","format-standard","has-post-thumbnail","hentry","category-edzes-es-eletmod","category-uncategorized","tag-stressz","tag-stressz-menedzsment"],"yoast_head":"<!-- This site is optimized with the Yoast SEO Premium plugin v25.3 (Yoast SEO v25.9) - https:\/\/yoast.com\/wordpress\/plugins\/seo\/ -->\n<title>Stresszkezel\u00e9s \u2013 4 tr\u00fckk a stressz cs\u00f6kkent\u00e9s\u00e9re - \u0160koda We Love Cycling - Magyarorsz\u00e1g<\/title>\n<meta name=\"robots\" content=\"index, follow, max-snippet:-1, max-image-preview:large, max-video-preview:-1\" \/>\n<link rel=\"canonical\" href=\"https:\/\/www.welovecycling.com\/hu\/uncategorized\/stresszmentes-elet\/\" \/>\n<meta property=\"og:locale\" content=\"hu_HU\" \/>\n<meta property=\"og:type\" content=\"article\" \/>\n<meta property=\"og:title\" content=\"Stresszkezel\u00e9s \u2013 4 tr\u00fckk a stressz cs\u00f6kkent\u00e9s\u00e9re\" \/>\n<meta property=\"og:description\" content=\"Ha nem pr\u00f3b\u00e1lod tudatosan cs\u00f6kkenteni a mindennapi stresszt az \u00e9letedben, k\u00f6nnyen elhatalmasodhat rajtad, \u00e9s kr\u00f3nikuss\u00e1 v\u00e1lhat. A kr\u00f3nikus stressz hozz\u00e1j\u00e1rul [&hellip;]\" \/>\n<meta property=\"og:url\" content=\"https:\/\/www.welovecycling.com\/hu\/uncategorized\/stresszmentes-elet\/\" \/>\n<meta property=\"og:site_name\" content=\"\u0160koda We Love Cycling - Magyarorsz\u00e1g\" \/>\n<meta property=\"article:publisher\" content=\"https:\/\/www.facebook.com\/WeLoveCyclingHungary\/\" \/>\n<meta property=\"article:published_time\" content=\"2019-01-29T13:00:42+00:00\" \/>\n<meta property=\"og:image\" content=\"https:\/\/d2p6e6u75xmxt8.cloudfront.net\/12\/2019\/01\/Cyclist-handlebar-profimedia-0333097840-1024x450.jpg\" \/>\n\t<meta property=\"og:image:width\" content=\"1024\" \/>\n\t<meta property=\"og:image:height\" content=\"450\" \/>\n\t<meta property=\"og:image:type\" content=\"image\/jpeg\" \/>\n<meta name=\"author\" content=\"hegyizs\" \/>\n<meta name=\"twitter:card\" content=\"summary_large_image\" \/>\n<meta name=\"twitter:label1\" content=\"Written by\" \/>\n\t<meta name=\"twitter:data1\" content=\"hegyizs\" \/>\n\t<meta name=\"twitter:label2\" content=\"Est. reading time\" \/>\n\t<meta name=\"twitter:data2\" content=\"3 minutes\" \/>\n<script type=\"application\/ld+json\" class=\"yoast-schema-graph\">{\"@context\":\"https:\/\/schema.org\",\"@graph\":[{\"@type\":\"WebPage\",\"@id\":\"https:\/\/www.welovecycling.com\/hu\/uncategorized\/stresszmentes-elet\/\",\"url\":\"https:\/\/www.welovecycling.com\/hu\/uncategorized\/stresszmentes-elet\/\",\"name\":\"Stresszkezel\u00e9s \u2013 4 tr\u00fckk a stressz cs\u00f6kkent\u00e9s\u00e9re - \u0160koda We Love Cycling - Magyarorsz\u00e1g\",\"isPartOf\":{\"@id\":\"https:\/\/www.welovecycling.com\/hu\/#website\"},\"primaryImageOfPage\":{\"@id\":\"https:\/\/www.welovecycling.com\/hu\/uncategorized\/stresszmentes-elet\/#primaryimage\"},\"image\":{\"@id\":\"https:\/\/www.welovecycling.com\/hu\/uncategorized\/stresszmentes-elet\/#primaryimage\"},\"thumbnailUrl\":\"https:\/\/d2p6e6u75xmxt8.cloudfront.net\/12\/2019\/01\/Cyclist-handlebar-profimedia-0333097840-1024x450.jpg\",\"datePublished\":\"2019-01-29T13:00:42+00:00\",\"author\":{\"@id\":\"https:\/\/www.welovecycling.com\/hu\/#\/schema\/person\/414a2aebf1801691a5320edb6468e194\"},\"breadcrumb\":{\"@id\":\"https:\/\/www.welovecycling.com\/hu\/uncategorized\/stresszmentes-elet\/#breadcrumb\"},\"inLanguage\":\"hu\",\"potentialAction\":[{\"@type\":\"ReadAction\",\"target\":[\"https:\/\/www.welovecycling.com\/hu\/uncategorized\/stresszmentes-elet\/\"]}]},{\"@type\":\"ImageObject\",\"inLanguage\":\"hu\",\"@id\":\"https:\/\/www.welovecycling.com\/hu\/uncategorized\/stresszmentes-elet\/#primaryimage\",\"url\":\"https:\/\/d2p6e6u75xmxt8.cloudfront.net\/12\/2019\/01\/Cyclist-handlebar-profimedia-0333097840-1024x450.jpg\",\"contentUrl\":\"https:\/\/d2p6e6u75xmxt8.cloudfront.net\/12\/2019\/01\/Cyclist-handlebar-profimedia-0333097840-1024x450.jpg\",\"width\":1024,\"height\":450},{\"@type\":\"BreadcrumbList\",\"@id\":\"https:\/\/www.welovecycling.com\/hu\/uncategorized\/stresszmentes-elet\/#breadcrumb\",\"itemListElement\":[{\"@type\":\"ListItem\",\"position\":1,\"name\":\"Home\",\"item\":\"https:\/\/www.welovecycling.com\/hu\/\"},{\"@type\":\"ListItem\",\"position\":2,\"name\":\"Stresszkezel\u00e9s \u2013 4 tr\u00fckk a stressz cs\u00f6kkent\u00e9s\u00e9re\"}]},{\"@type\":\"WebSite\",\"@id\":\"https:\/\/www.welovecycling.com\/hu\/#website\",\"url\":\"https:\/\/www.welovecycling.com\/hu\/\",\"name\":\"\u0160koda We Love Cycling - Magyarorsz\u00e1g\",\"description\":\"\u0160koda WeLoveCycling\",\"potentialAction\":[{\"@type\":\"SearchAction\",\"target\":{\"@type\":\"EntryPoint\",\"urlTemplate\":\"https:\/\/www.welovecycling.com\/hu\/?s={search_term_string}\"},\"query-input\":{\"@type\":\"PropertyValueSpecification\",\"valueRequired\":true,\"valueName\":\"search_term_string\"}}],\"inLanguage\":\"hu\"},{\"@type\":\"Person\",\"@id\":\"https:\/\/www.welovecycling.com\/hu\/#\/schema\/person\/414a2aebf1801691a5320edb6468e194\",\"name\":\"hegyizs\",\"image\":{\"@type\":\"ImageObject\",\"inLanguage\":\"hu\",\"@id\":\"https:\/\/www.welovecycling.com\/hu\/#\/schema\/person\/image\/\",\"url\":\"https:\/\/secure.gravatar.com\/avatar\/02cf8a7906b8cf90cecb4679defac7cfd33a1c2e3b88e4903d947f3bb58eedd3?s=96&d=mm&r=g\",\"contentUrl\":\"https:\/\/secure.gravatar.com\/avatar\/02cf8a7906b8cf90cecb4679defac7cfd33a1c2e3b88e4903d947f3bb58eedd3?s=96&d=mm&r=g\",\"caption\":\"hegyizs\"},\"url\":\"https:\/\/www.welovecycling.com\/hu\/author\/hegyizs\/\"}]}<\/script>\n<!-- \/ Yoast SEO Premium plugin. -->","yoast_head_json":{"title":"Stresszkezel\u00e9s \u2013 4 tr\u00fckk a stressz cs\u00f6kkent\u00e9s\u00e9re - \u0160koda We Love Cycling - Magyarorsz\u00e1g","robots":{"index":"index","follow":"follow","max-snippet":"max-snippet:-1","max-image-preview":"max-image-preview:large","max-video-preview":"max-video-preview:-1"},"canonical":"https:\/\/www.welovecycling.com\/hu\/uncategorized\/stresszmentes-elet\/","og_locale":"hu_HU","og_type":"article","og_title":"Stresszkezel\u00e9s \u2013 4 tr\u00fckk a stressz cs\u00f6kkent\u00e9s\u00e9re","og_description":"Ha nem pr\u00f3b\u00e1lod tudatosan cs\u00f6kkenteni a mindennapi stresszt az \u00e9letedben, k\u00f6nnyen elhatalmasodhat rajtad, \u00e9s kr\u00f3nikuss\u00e1 v\u00e1lhat. A kr\u00f3nikus stressz hozz\u00e1j\u00e1rul [&hellip;]","og_url":"https:\/\/www.welovecycling.com\/hu\/uncategorized\/stresszmentes-elet\/","og_site_name":"\u0160koda We Love Cycling - Magyarorsz\u00e1g","article_publisher":"https:\/\/www.facebook.com\/WeLoveCyclingHungary\/","article_published_time":"2019-01-29T13:00:42+00:00","og_image":[{"width":1024,"height":450,"url":"https:\/\/d2p6e6u75xmxt8.cloudfront.net\/12\/2019\/01\/Cyclist-handlebar-profimedia-0333097840-1024x450.jpg","type":"image\/jpeg"}],"author":"hegyizs","twitter_card":"summary_large_image","twitter_misc":{"Written by":"hegyizs","Est. reading time":"3 minutes"},"schema":{"@context":"https:\/\/schema.org","@graph":[{"@type":"WebPage","@id":"https:\/\/www.welovecycling.com\/hu\/uncategorized\/stresszmentes-elet\/","url":"https:\/\/www.welovecycling.com\/hu\/uncategorized\/stresszmentes-elet\/","name":"Stresszkezel\u00e9s \u2013 4 tr\u00fckk a stressz cs\u00f6kkent\u00e9s\u00e9re - \u0160koda We Love Cycling - Magyarorsz\u00e1g","isPartOf":{"@id":"https:\/\/www.welovecycling.com\/hu\/#website"},"primaryImageOfPage":{"@id":"https:\/\/www.welovecycling.com\/hu\/uncategorized\/stresszmentes-elet\/#primaryimage"},"image":{"@id":"https:\/\/www.welovecycling.com\/hu\/uncategorized\/stresszmentes-elet\/#primaryimage"},"thumbnailUrl":"https:\/\/d2p6e6u75xmxt8.cloudfront.net\/12\/2019\/01\/Cyclist-handlebar-profimedia-0333097840-1024x450.jpg","datePublished":"2019-01-29T13:00:42+00:00","author":{"@id":"https:\/\/www.welovecycling.com\/hu\/#\/schema\/person\/414a2aebf1801691a5320edb6468e194"},"breadcrumb":{"@id":"https:\/\/www.welovecycling.com\/hu\/uncategorized\/stresszmentes-elet\/#breadcrumb"},"inLanguage":"hu","potentialAction":[{"@type":"ReadAction","target":["https:\/\/www.welovecycling.com\/hu\/uncategorized\/stresszmentes-elet\/"]}]},{"@type":"ImageObject","inLanguage":"hu","@id":"https:\/\/www.welovecycling.com\/hu\/uncategorized\/stresszmentes-elet\/#primaryimage","url":"https:\/\/d2p6e6u75xmxt8.cloudfront.net\/12\/2019\/01\/Cyclist-handlebar-profimedia-0333097840-1024x450.jpg","contentUrl":"https:\/\/d2p6e6u75xmxt8.cloudfront.net\/12\/2019\/01\/Cyclist-handlebar-profimedia-0333097840-1024x450.jpg","width":1024,"height":450},{"@type":"BreadcrumbList","@id":"https:\/\/www.welovecycling.com\/hu\/uncategorized\/stresszmentes-elet\/#breadcrumb","itemListElement":[{"@type":"ListItem","position":1,"name":"Home","item":"https:\/\/www.welovecycling.com\/hu\/"},{"@type":"ListItem","position":2,"name":"Stresszkezel\u00e9s \u2013 4 tr\u00fckk a stressz cs\u00f6kkent\u00e9s\u00e9re"}]},{"@type":"WebSite","@id":"https:\/\/www.welovecycling.com\/hu\/#website","url":"https:\/\/www.welovecycling.com\/hu\/","name":"\u0160koda We Love Cycling - Magyarorsz\u00e1g","description":"\u0160koda WeLoveCycling","potentialAction":[{"@type":"SearchAction","target":{"@type":"EntryPoint","urlTemplate":"https:\/\/www.welovecycling.com\/hu\/?s={search_term_string}"},"query-input":{"@type":"PropertyValueSpecification","valueRequired":true,"valueName":"search_term_string"}}],"inLanguage":"hu"},{"@type":"Person","@id":"https:\/\/www.welovecycling.com\/hu\/#\/schema\/person\/414a2aebf1801691a5320edb6468e194","name":"hegyizs","image":{"@type":"ImageObject","inLanguage":"hu","@id":"https:\/\/www.welovecycling.com\/hu\/#\/schema\/person\/image\/","url":"https:\/\/secure.gravatar.com\/avatar\/02cf8a7906b8cf90cecb4679defac7cfd33a1c2e3b88e4903d947f3bb58eedd3?s=96&d=mm&r=g","contentUrl":"https:\/\/secure.gravatar.com\/avatar\/02cf8a7906b8cf90cecb4679defac7cfd33a1c2e3b88e4903d947f3bb58eedd3?s=96&d=mm&r=g","caption":"hegyizs"},"url":"https:\/\/www.welovecycling.com\/hu\/author\/hegyizs\/"}]}},"_links":{"self":[{"href":"https:\/\/www.welovecycling.com\/hu\/wp-json\/wp\/v2\/posts\/2576","targetHints":{"allow":["GET"]}}],"collection":[{"href":"https:\/\/www.welovecycling.com\/hu\/wp-json\/wp\/v2\/posts"}],"about":[{"href":"https:\/\/www.welovecycling.com\/hu\/wp-json\/wp\/v2\/types\/post"}],"author":[{"embeddable":true,"href":"https:\/\/www.welovecycling.com\/hu\/wp-json\/wp\/v2\/users\/71"}],"replies":[{"embeddable":true,"href":"https:\/\/www.welovecycling.com\/hu\/wp-json\/wp\/v2\/comments?post=2576"}],"version-history":[{"count":2,"href":"https:\/\/www.welovecycling.com\/hu\/wp-json\/wp\/v2\/posts\/2576\/revisions"}],"predecessor-version":[{"id":2706,"href":"https:\/\/www.welovecycling.com\/hu\/wp-json\/wp\/v2\/posts\/2576\/revisions\/2706"}],"wp:featuredmedia":[{"embeddable":true,"href":"https:\/\/www.welovecycling.com\/hu\/wp-json\/wp\/v2\/media\/2705"}],"wp:attachment":[{"href":"https:\/\/www.welovecycling.com\/hu\/wp-json\/wp\/v2\/media?parent=2576"}],"wp:term":[{"taxonomy":"category","embeddable":true,"href":"https:\/\/www.welovecycling.com\/hu\/wp-json\/wp\/v2\/categories?post=2576"},{"taxonomy":"post_tag","embeddable":true,"href":"https:\/\/www.welovecycling.com\/hu\/wp-json\/wp\/v2\/tags?post=2576"},{"taxonomy":"global-categories","embeddable":true,"href":"https:\/\/www.welovecycling.com\/hu\/wp-json\/wp\/v2\/global-categories?post=2576"}],"curies":[{"name":"wp","href":"https:\/\/api.w.org\/{rel}","templated":true}]}}