{"id":2570,"date":"2019-02-05T10:00:07","date_gmt":"2019-02-05T09:00:07","guid":{"rendered":"https:\/\/www.welovecycling.com\/hu\/?p=2570"},"modified":"2019-01-21T11:26:55","modified_gmt":"2019-01-21T10:26:55","slug":"5-peaks-500-az-elso-magyar-bikepacking-tura","status":"publish","type":"post","link":"https:\/\/www.welovecycling.com\/hu\/kozosseg-es-kultura\/5-peaks-500-az-elso-magyar-bikepacking-tura\/","title":{"rendered":"5 Peaks 500 \u2013 Az els\u0151 magyar bikepacking t\u00fara"},"content":{"rendered":"<p><strong><u>Mi az a bikepacking?<\/u><\/strong><\/p>\n<p>A Bikepacking egy ker\u00e9kp\u00e1ros t\u00fara ir\u00e1nyzat, amely sor\u00e1n a t\u00far\u00e1z\u00f3 az \u00fatj\u00e1hoz sz\u00fcks\u00e9ges felszerel\u00e9st a ker\u00e9kp\u00e1rra r\u00f6gz\u00edtve mag\u00e1val sz\u00e1ll\u00edtja. A legnagyobb k\u00fcl\u00f6nbs\u00e9g a t\u00faraker\u00e9kp\u00e1roz\u00e1shoz k\u00e9pest, hogy a bikepackingben m\u00e1s felfogat\u00e1sokkal, kisebb \u00e9s k\u00f6nnyebb t\u00e1sk\u00e1kkal, valamint kevesebb felszerel\u00e9ssel pakolj\u00e1k meg a biciklit. Ezeknek a felfogat\u00e1soknak a helye, valamint a k\u00f6nnyebb felszerel\u00e9s eredm\u00e9nye, hogy a bikepacking ir\u00e1nyzat, a t\u00faraker\u00e9kp\u00e1roz\u00e1sn\u00e1l sokkal alkalmasabb arra, hogy a bring\u00e1s k\u00e9nyelmesen mozogjon kavicsos vagy f\u00f6ldutakon, de ak\u00e1r single trailen is. Ennek eredm\u00e9nye egy m\u00e9g kalandosabb \u00e9s term\u00e9szetk\u00f6zelibb bringa\u00e9lm\u00e9ny.<\/p>\n<p>2018 k\u00f6zep\u00e9n n\u00e9h\u00e1ny szenved\u00e9lyes bring\u00e1s l\u00e9trehozta a <a href=\"#https:\/\/www.bikepackinghungary.com\">Bikepacking Hungaryt<\/a>, hogy egy k\u00f6z\u00f6ss\u00e9get kov\u00e1csoljanak a m\u0171faj szerelmeseinek. A k\u00f6z\u00f6s teker\u00e9sek \u00e9s \u00e9lm\u00e9nyek megoszt\u00e1s\u00e1nak eredm\u00e9nye lett a <a href=\"#https:\/\/www.facebook.com\/events\/1047474078765448\/\">5 Peaks 500<\/a> bikepacking t\u00fara, ami az els\u0151 ilyen jelleg\u0171 teker\u00e9s lesz Magyarorsz\u00e1gon.<\/p>\n<p><a href=\"https:\/\/d2p6e6u75xmxt8.cloudfront.net\/12\/2019\/01\/bp_2.jpg\"><img loading=\"lazy\" decoding=\"async\" class=\"size-full wp-image-2572\" src=\"https:\/\/d2p6e6u75xmxt8.cloudfront.net\/12\/2019\/01\/bp_2.jpg\" alt=\"\" width=\"1678\" height=\"1119\" srcset=\"https:\/\/d2p6e6u75xmxt8.cloudfront.net\/12\/2019\/01\/bp_2.jpg 1678w, https:\/\/d2p6e6u75xmxt8.cloudfront.net\/12\/2019\/01\/bp_2-300x200.jpg 300w, https:\/\/d2p6e6u75xmxt8.cloudfront.net\/12\/2019\/01\/bp_2-768x512.jpg 768w, https:\/\/d2p6e6u75xmxt8.cloudfront.net\/12\/2019\/01\/bp_2-1024x683.jpg 1024w, https:\/\/d2p6e6u75xmxt8.cloudfront.net\/12\/2019\/01\/bp_2-272x182.jpg 272w\" sizes=\"auto, (max-width: 1678px) 100vw, 1678px\" \/><\/a><\/p>\n<p><strong><u>Az esem\u00e9nyr\u0151l<\/u><\/strong><\/p>\n<p>A <a href=\"#https:\/\/www.facebook.com\/events\/1047474078765448\/\">5 Peaks 500<\/a> teh\u00e1t egy Budapestr\u0151l indul\u00f3 500 km-es bikepacking esem\u00e9ny, aminek az \u00fatvonala Magyarorsz\u00e1g egyik legszebb r\u00e9sz\u00e9n, az \u00c9szaki k\u00f6z\u00e9phegys\u00e9gen kereszt\u00fcl vezet. A r\u00e9sztvev\u0151k a f\u0151v\u00e1rosb\u00f3l indulva m\u00e1ssz\u00e1k meg a Pilist, a B\u00f6rzs\u00f6nyt, a Cserh\u00e1tot, a M\u00e1tr\u00e1t, a B\u00fckk\u00f6t v\u00e9g\u00fcl pedig a Zempl\u00e9nt, hogy meg\u00e9rkezzenek Tokajba.<\/p>\n<p>A 2019 augusztus\u00e1ban rajtol\u00f3 esem\u00e9nyen a mez\u0151ny egy\u00fctt indul el a Margitszigetr\u0151l, de a t\u00fara sor\u00e1n mindenki a saj\u00e1t temp\u00f3j\u00e1ban halad v\u00e9gig az \u00fatvonalon. A t\u00fara egyik k\u00fcl\u00f6nlegess\u00e9ge, hogy a szervez\u0151k minden \u201ecs\u00facson\u201c \u2013 egy turista vagy mened\u00e9kh\u00e1z k\u00f6zel\u00e9ben \u2013 kialak\u00edtanak egy ellen\u0151rz\u0151pontot, ami amellett, hogy pecs\u00e9tel\u0151 hely, friss\u00edt\u0151 \u00e9s \u00e9telpont is egyben, ahol a t\u00far\u00e1z\u00f3k jobban megismerkedhetnek egym\u00e1ssal. R\u00e1ad\u00e1sul az ellen\u0151rz\u0151pontok kialak\u00edt\u00e1s\u00e1n\u00e1l a szervez\u0151k arra is odafigyelnek, hogy a helysz\u00edn alkalmas legyen arra, hogy az oda \u00e9rkez\u0151 t\u00far\u00e1z\u00f3k s\u00e1torban, vagy bivakolva az erd\u0151ben t\u00f6lthess\u00e9k az \u00e9jszak\u00e1t.<\/p>\n<p><a href=\"https:\/\/d2p6e6u75xmxt8.cloudfront.net\/12\/2019\/01\/bp_3.jpg\"><img loading=\"lazy\" decoding=\"async\" class=\"size-full wp-image-2573\" src=\"https:\/\/d2p6e6u75xmxt8.cloudfront.net\/12\/2019\/01\/bp_3.jpg\" alt=\"\" width=\"1678\" height=\"1119\" srcset=\"https:\/\/d2p6e6u75xmxt8.cloudfront.net\/12\/2019\/01\/bp_3.jpg 1678w, https:\/\/d2p6e6u75xmxt8.cloudfront.net\/12\/2019\/01\/bp_3-300x200.jpg 300w, https:\/\/d2p6e6u75xmxt8.cloudfront.net\/12\/2019\/01\/bp_3-768x512.jpg 768w, https:\/\/d2p6e6u75xmxt8.cloudfront.net\/12\/2019\/01\/bp_3-1024x683.jpg 1024w, https:\/\/d2p6e6u75xmxt8.cloudfront.net\/12\/2019\/01\/bp_3-272x182.jpg 272w\" sizes=\"auto, (max-width: 1678px) 100vw, 1678px\" \/><\/a><\/p>\n<p>Az \u00fatvonal tengerszint feletti magass\u00e1ga ugyan sehol nem haladja meg az 1000 m\u00e9tert, azonban a dimbes-dombos \u00c9szaki-k\u00f6z\u00e9phegys\u00e9gnek h\u00e1la komoly 9000 m\u00e9tert meghalad\u00f3 szintemelked\u00e9sre lehet sz\u00e1m\u00edtani. Term\u00e9szetesen az 500 km-es \u00fatvonalon a legszebb panor\u00e1m\u00e1kkal, kil\u00e1t\u00f3kkal, v\u00e1rakkal \u00e9s nem mellesleg a legnagyszer\u0171bb erdei \u00e9s murv\u00e1s utakkal tal\u00e1lkozhattok, ami a 7 napos szintid\u0151 miatt m\u00e9g azoknak is k\u00e9nyelmesen teljes\u00edthet\u0151, akik gyakran meg\u00e1lln\u00e1nak gy\u00f6ny\u00f6rk\u00f6dni a t\u00e1jban.<\/p>\n<p><strong><u>Mi\u00e9rt aj\u00e1nljuk az esem\u00e9nyt? <\/u><\/strong><\/p>\n<ol>\n<li>Ha szeretn\u00e9d jobban megismerkedni Magyarorsz\u00e1got: az \u00fatvonal t\u00e1jv\u00e9delmi k\u00f6rzeteken, nemzeti parkokon \u00e9s vil\u00e1g\u00f6r\u00f6ks\u00e9gi r\u00e9szeken vezet \u00e1t.<\/li>\n<li>Ha \u00faj kih\u00edv\u00e1sokkal szeretn\u00e9l szemben\u00e9zni: az \u00fatvonalon nagy t\u00e1vols\u00e1ggal, \u00e9s szintemelked\u00e9ssel kell megk\u00fczdened.<\/li>\n<li>Ha szeretn\u00e9l akt\u00edvan pihenni: a 7 napos szintid\u0151 lehet\u0151v\u00e9 teszi azt is, hogy a napokat ne teljesen a teker\u00e9s t\u00f6ltse ki.<\/li>\n<li>Ha sz\u00edvesen tartozn\u00e1l egy k\u00f6z\u00f6ss\u00e9ghez: a t\u00fara alatt \u00faj embereket, helyeket, \u00e9s helyzeteket ismerhetsz meg.<\/li>\n<li>Ha szeretsz a term\u00e9szetben, az erd\u0151ben, a hegyekben nagyszer\u0171 panor\u00e1m\u00e1k k\u00eds\u00e9ret\u00e9ben tekerni \u00e9s kiszakadni a mindennapi m\u00f3kusker\u00e9kb\u0151l.<\/li>\n<\/ol>\n<p>&nbsp;<\/p>\n<p>A Bikepacking Hungary honlapja: <a href=\"https:\/\/www.bikepackinghungary.com\">https:\/\/www.bikepackinghungary.com<\/a><\/p>\n<p>Facebookon oldala: <a href=\"https:\/\/www.facebook.com\/bikepackinghungary\/\">https:\/\/www.facebook.com\/bikepackinghungary\/<\/a><\/p>\n<p>Instagram oldala: <a href=\"https:\/\/www.instagram.com\/bikepackinghungary\/\">https:\/\/www.instagram.com\/bikepackinghungary\/<\/a><\/p>\n<p>Az esem\u00e9ny Facebook oldala: <a href=\"https:\/\/www.facebook.com\/events\/1047474078765448\/\">https:\/\/www.facebook.com\/events\/1047474078765448\/<\/a><\/p>\n<p>&nbsp;<\/p>\n<p>&nbsp;<\/p>\n","protected":false},"excerpt":{"rendered":"<p>Mi az a bikepacking? A Bikepacking egy ker\u00e9kp\u00e1ros t\u00fara ir\u00e1nyzat, amely sor\u00e1n a t\u00far\u00e1z\u00f3 az \u00fatj\u00e1hoz sz\u00fcks\u00e9ges felszerel\u00e9st a ker\u00e9kp\u00e1rra [&hellip;]<\/p>\n","protected":false},"author":71,"featured_media":2571,"comment_status":"open","ping_status":"open","sticky":false,"template":"","format":"standard","meta":{"footnotes":""},"categories":[12],"tags":[260,299,35],"global-categories":[],"class_list":["post-2570","post","type-post","status-publish","format-standard","has-post-thumbnail","hentry","category-kozosseg-es-kultura","tag-biciklitura","tag-bikepacking","tag-turazas"],"yoast_head":"<!-- This site is optimized with the Yoast SEO Premium plugin v25.3 (Yoast SEO v25.9) - https:\/\/yoast.com\/wordpress\/plugins\/seo\/ -->\n<title>5 Peaks 500 \u2013 Az els\u0151 magyar bikepacking t\u00fara - \u0160koda We Love Cycling - Magyarorsz\u00e1g<\/title>\n<meta name=\"robots\" content=\"index, follow, max-snippet:-1, max-image-preview:large, max-video-preview:-1\" \/>\n<link rel=\"canonical\" href=\"https:\/\/www.welovecycling.com\/hu\/kozosseg-es-kultura\/5-peaks-500-az-elso-magyar-bikepacking-tura\/\" \/>\n<meta property=\"og:locale\" content=\"hu_HU\" \/>\n<meta property=\"og:type\" content=\"article\" \/>\n<meta property=\"og:title\" content=\"5 Peaks 500 \u2013 Az els\u0151 magyar bikepacking t\u00fara\" \/>\n<meta property=\"og:description\" content=\"Mi az a bikepacking? A Bikepacking egy ker\u00e9kp\u00e1ros t\u00fara ir\u00e1nyzat, amely sor\u00e1n a t\u00far\u00e1z\u00f3 az \u00fatj\u00e1hoz sz\u00fcks\u00e9ges felszerel\u00e9st a ker\u00e9kp\u00e1rra [&hellip;]\" \/>\n<meta property=\"og:url\" content=\"https:\/\/www.welovecycling.com\/hu\/kozosseg-es-kultura\/5-peaks-500-az-elso-magyar-bikepacking-tura\/\" \/>\n<meta property=\"og:site_name\" content=\"\u0160koda We Love Cycling - Magyarorsz\u00e1g\" \/>\n<meta property=\"article:publisher\" content=\"https:\/\/www.facebook.com\/WeLoveCyclingHungary\/\" \/>\n<meta property=\"article:published_time\" content=\"2019-02-05T09:00:07+00:00\" \/>\n<meta property=\"og:image\" content=\"https:\/\/d2p6e6u75xmxt8.cloudfront.net\/12\/2019\/01\/bp_1.jpg\" \/>\n\t<meta property=\"og:image:width\" content=\"1678\" \/>\n\t<meta property=\"og:image:height\" content=\"1119\" \/>\n\t<meta property=\"og:image:type\" content=\"image\/jpeg\" \/>\n<meta name=\"author\" content=\"hegyizs\" \/>\n<meta name=\"twitter:card\" content=\"summary_large_image\" \/>\n<meta name=\"twitter:label1\" content=\"Written by\" \/>\n\t<meta name=\"twitter:data1\" content=\"hegyizs\" \/>\n\t<meta name=\"twitter:label2\" content=\"Est. reading time\" \/>\n\t<meta name=\"twitter:data2\" content=\"3 minutes\" \/>\n<script type=\"application\/ld+json\" class=\"yoast-schema-graph\">{\"@context\":\"https:\/\/schema.org\",\"@graph\":[{\"@type\":\"WebPage\",\"@id\":\"https:\/\/www.welovecycling.com\/hu\/kozosseg-es-kultura\/5-peaks-500-az-elso-magyar-bikepacking-tura\/\",\"url\":\"https:\/\/www.welovecycling.com\/hu\/kozosseg-es-kultura\/5-peaks-500-az-elso-magyar-bikepacking-tura\/\",\"name\":\"5 Peaks 500 \u2013 Az els\u0151 magyar bikepacking t\u00fara - \u0160koda We Love Cycling - Magyarorsz\u00e1g\",\"isPartOf\":{\"@id\":\"https:\/\/www.welovecycling.com\/hu\/#website\"},\"primaryImageOfPage\":{\"@id\":\"https:\/\/www.welovecycling.com\/hu\/kozosseg-es-kultura\/5-peaks-500-az-elso-magyar-bikepacking-tura\/#primaryimage\"},\"image\":{\"@id\":\"https:\/\/www.welovecycling.com\/hu\/kozosseg-es-kultura\/5-peaks-500-az-elso-magyar-bikepacking-tura\/#primaryimage\"},\"thumbnailUrl\":\"https:\/\/d2p6e6u75xmxt8.cloudfront.net\/12\/2019\/01\/bp_1.jpg\",\"datePublished\":\"2019-02-05T09:00:07+00:00\",\"author\":{\"@id\":\"https:\/\/www.welovecycling.com\/hu\/#\/schema\/person\/414a2aebf1801691a5320edb6468e194\"},\"breadcrumb\":{\"@id\":\"https:\/\/www.welovecycling.com\/hu\/kozosseg-es-kultura\/5-peaks-500-az-elso-magyar-bikepacking-tura\/#breadcrumb\"},\"inLanguage\":\"hu\",\"potentialAction\":[{\"@type\":\"ReadAction\",\"target\":[\"https:\/\/www.welovecycling.com\/hu\/kozosseg-es-kultura\/5-peaks-500-az-elso-magyar-bikepacking-tura\/\"]}]},{\"@type\":\"ImageObject\",\"inLanguage\":\"hu\",\"@id\":\"https:\/\/www.welovecycling.com\/hu\/kozosseg-es-kultura\/5-peaks-500-az-elso-magyar-bikepacking-tura\/#primaryimage\",\"url\":\"https:\/\/d2p6e6u75xmxt8.cloudfront.net\/12\/2019\/01\/bp_1.jpg\",\"contentUrl\":\"https:\/\/d2p6e6u75xmxt8.cloudfront.net\/12\/2019\/01\/bp_1.jpg\",\"width\":1678,\"height\":1119,\"caption\":\"Mountain bicycle prepared for distant travel\"},{\"@type\":\"BreadcrumbList\",\"@id\":\"https:\/\/www.welovecycling.com\/hu\/kozosseg-es-kultura\/5-peaks-500-az-elso-magyar-bikepacking-tura\/#breadcrumb\",\"itemListElement\":[{\"@type\":\"ListItem\",\"position\":1,\"name\":\"Home\",\"item\":\"https:\/\/www.welovecycling.com\/hu\/\"},{\"@type\":\"ListItem\",\"position\":2,\"name\":\"5 Peaks 500 \u2013 Az els\u0151 magyar bikepacking t\u00fara\"}]},{\"@type\":\"WebSite\",\"@id\":\"https:\/\/www.welovecycling.com\/hu\/#website\",\"url\":\"https:\/\/www.welovecycling.com\/hu\/\",\"name\":\"\u0160koda We Love Cycling - Magyarorsz\u00e1g\",\"description\":\"\u0160koda WeLoveCycling\",\"potentialAction\":[{\"@type\":\"SearchAction\",\"target\":{\"@type\":\"EntryPoint\",\"urlTemplate\":\"https:\/\/www.welovecycling.com\/hu\/?s={search_term_string}\"},\"query-input\":{\"@type\":\"PropertyValueSpecification\",\"valueRequired\":true,\"valueName\":\"search_term_string\"}}],\"inLanguage\":\"hu\"},{\"@type\":\"Person\",\"@id\":\"https:\/\/www.welovecycling.com\/hu\/#\/schema\/person\/414a2aebf1801691a5320edb6468e194\",\"name\":\"hegyizs\",\"image\":{\"@type\":\"ImageObject\",\"inLanguage\":\"hu\",\"@id\":\"https:\/\/www.welovecycling.com\/hu\/#\/schema\/person\/image\/\",\"url\":\"https:\/\/secure.gravatar.com\/avatar\/02cf8a7906b8cf90cecb4679defac7cfd33a1c2e3b88e4903d947f3bb58eedd3?s=96&d=mm&r=g\",\"contentUrl\":\"https:\/\/secure.gravatar.com\/avatar\/02cf8a7906b8cf90cecb4679defac7cfd33a1c2e3b88e4903d947f3bb58eedd3?s=96&d=mm&r=g\",\"caption\":\"hegyizs\"},\"url\":\"https:\/\/www.welovecycling.com\/hu\/author\/hegyizs\/\"}]}<\/script>\n<!-- \/ Yoast SEO Premium plugin. -->","yoast_head_json":{"title":"5 Peaks 500 \u2013 Az els\u0151 magyar bikepacking t\u00fara - \u0160koda We Love Cycling - Magyarorsz\u00e1g","robots":{"index":"index","follow":"follow","max-snippet":"max-snippet:-1","max-image-preview":"max-image-preview:large","max-video-preview":"max-video-preview:-1"},"canonical":"https:\/\/www.welovecycling.com\/hu\/kozosseg-es-kultura\/5-peaks-500-az-elso-magyar-bikepacking-tura\/","og_locale":"hu_HU","og_type":"article","og_title":"5 Peaks 500 \u2013 Az els\u0151 magyar bikepacking t\u00fara","og_description":"Mi az a bikepacking? A Bikepacking egy ker\u00e9kp\u00e1ros t\u00fara ir\u00e1nyzat, amely sor\u00e1n a t\u00far\u00e1z\u00f3 az \u00fatj\u00e1hoz sz\u00fcks\u00e9ges felszerel\u00e9st a ker\u00e9kp\u00e1rra [&hellip;]","og_url":"https:\/\/www.welovecycling.com\/hu\/kozosseg-es-kultura\/5-peaks-500-az-elso-magyar-bikepacking-tura\/","og_site_name":"\u0160koda We Love Cycling - Magyarorsz\u00e1g","article_publisher":"https:\/\/www.facebook.com\/WeLoveCyclingHungary\/","article_published_time":"2019-02-05T09:00:07+00:00","og_image":[{"width":1678,"height":1119,"url":"https:\/\/d2p6e6u75xmxt8.cloudfront.net\/12\/2019\/01\/bp_1.jpg","type":"image\/jpeg"}],"author":"hegyizs","twitter_card":"summary_large_image","twitter_misc":{"Written by":"hegyizs","Est. reading time":"3 minutes"},"schema":{"@context":"https:\/\/schema.org","@graph":[{"@type":"WebPage","@id":"https:\/\/www.welovecycling.com\/hu\/kozosseg-es-kultura\/5-peaks-500-az-elso-magyar-bikepacking-tura\/","url":"https:\/\/www.welovecycling.com\/hu\/kozosseg-es-kultura\/5-peaks-500-az-elso-magyar-bikepacking-tura\/","name":"5 Peaks 500 \u2013 Az els\u0151 magyar bikepacking t\u00fara - \u0160koda We Love Cycling - Magyarorsz\u00e1g","isPartOf":{"@id":"https:\/\/www.welovecycling.com\/hu\/#website"},"primaryImageOfPage":{"@id":"https:\/\/www.welovecycling.com\/hu\/kozosseg-es-kultura\/5-peaks-500-az-elso-magyar-bikepacking-tura\/#primaryimage"},"image":{"@id":"https:\/\/www.welovecycling.com\/hu\/kozosseg-es-kultura\/5-peaks-500-az-elso-magyar-bikepacking-tura\/#primaryimage"},"thumbnailUrl":"https:\/\/d2p6e6u75xmxt8.cloudfront.net\/12\/2019\/01\/bp_1.jpg","datePublished":"2019-02-05T09:00:07+00:00","author":{"@id":"https:\/\/www.welovecycling.com\/hu\/#\/schema\/person\/414a2aebf1801691a5320edb6468e194"},"breadcrumb":{"@id":"https:\/\/www.welovecycling.com\/hu\/kozosseg-es-kultura\/5-peaks-500-az-elso-magyar-bikepacking-tura\/#breadcrumb"},"inLanguage":"hu","potentialAction":[{"@type":"ReadAction","target":["https:\/\/www.welovecycling.com\/hu\/kozosseg-es-kultura\/5-peaks-500-az-elso-magyar-bikepacking-tura\/"]}]},{"@type":"ImageObject","inLanguage":"hu","@id":"https:\/\/www.welovecycling.com\/hu\/kozosseg-es-kultura\/5-peaks-500-az-elso-magyar-bikepacking-tura\/#primaryimage","url":"https:\/\/d2p6e6u75xmxt8.cloudfront.net\/12\/2019\/01\/bp_1.jpg","contentUrl":"https:\/\/d2p6e6u75xmxt8.cloudfront.net\/12\/2019\/01\/bp_1.jpg","width":1678,"height":1119,"caption":"Mountain bicycle prepared for distant travel"},{"@type":"BreadcrumbList","@id":"https:\/\/www.welovecycling.com\/hu\/kozosseg-es-kultura\/5-peaks-500-az-elso-magyar-bikepacking-tura\/#breadcrumb","itemListElement":[{"@type":"ListItem","position":1,"name":"Home","item":"https:\/\/www.welovecycling.com\/hu\/"},{"@type":"ListItem","position":2,"name":"5 Peaks 500 \u2013 Az els\u0151 magyar bikepacking t\u00fara"}]},{"@type":"WebSite","@id":"https:\/\/www.welovecycling.com\/hu\/#website","url":"https:\/\/www.welovecycling.com\/hu\/","name":"\u0160koda We Love Cycling - Magyarorsz\u00e1g","description":"\u0160koda WeLoveCycling","potentialAction":[{"@type":"SearchAction","target":{"@type":"EntryPoint","urlTemplate":"https:\/\/www.welovecycling.com\/hu\/?s={search_term_string}"},"query-input":{"@type":"PropertyValueSpecification","valueRequired":true,"valueName":"search_term_string"}}],"inLanguage":"hu"},{"@type":"Person","@id":"https:\/\/www.welovecycling.com\/hu\/#\/schema\/person\/414a2aebf1801691a5320edb6468e194","name":"hegyizs","image":{"@type":"ImageObject","inLanguage":"hu","@id":"https:\/\/www.welovecycling.com\/hu\/#\/schema\/person\/image\/","url":"https:\/\/secure.gravatar.com\/avatar\/02cf8a7906b8cf90cecb4679defac7cfd33a1c2e3b88e4903d947f3bb58eedd3?s=96&d=mm&r=g","contentUrl":"https:\/\/secure.gravatar.com\/avatar\/02cf8a7906b8cf90cecb4679defac7cfd33a1c2e3b88e4903d947f3bb58eedd3?s=96&d=mm&r=g","caption":"hegyizs"},"url":"https:\/\/www.welovecycling.com\/hu\/author\/hegyizs\/"}]}},"_links":{"self":[{"href":"https:\/\/www.welovecycling.com\/hu\/wp-json\/wp\/v2\/posts\/2570","targetHints":{"allow":["GET"]}}],"collection":[{"href":"https:\/\/www.welovecycling.com\/hu\/wp-json\/wp\/v2\/posts"}],"about":[{"href":"https:\/\/www.welovecycling.com\/hu\/wp-json\/wp\/v2\/types\/post"}],"author":[{"embeddable":true,"href":"https:\/\/www.welovecycling.com\/hu\/wp-json\/wp\/v2\/users\/71"}],"replies":[{"embeddable":true,"href":"https:\/\/www.welovecycling.com\/hu\/wp-json\/wp\/v2\/comments?post=2570"}],"version-history":[{"count":1,"href":"https:\/\/www.welovecycling.com\/hu\/wp-json\/wp\/v2\/posts\/2570\/revisions"}],"predecessor-version":[{"id":2574,"href":"https:\/\/www.welovecycling.com\/hu\/wp-json\/wp\/v2\/posts\/2570\/revisions\/2574"}],"wp:featuredmedia":[{"embeddable":true,"href":"https:\/\/www.welovecycling.com\/hu\/wp-json\/wp\/v2\/media\/2571"}],"wp:attachment":[{"href":"https:\/\/www.welovecycling.com\/hu\/wp-json\/wp\/v2\/media?parent=2570"}],"wp:term":[{"taxonomy":"category","embeddable":true,"href":"https:\/\/www.welovecycling.com\/hu\/wp-json\/wp\/v2\/categories?post=2570"},{"taxonomy":"post_tag","embeddable":true,"href":"https:\/\/www.welovecycling.com\/hu\/wp-json\/wp\/v2\/tags?post=2570"},{"taxonomy":"global-categories","embeddable":true,"href":"https:\/\/www.welovecycling.com\/hu\/wp-json\/wp\/v2\/global-categories?post=2570"}],"curies":[{"name":"wp","href":"https:\/\/api.w.org\/{rel}","templated":true}]}}