{"id":256,"date":"2018-03-13T13:07:56","date_gmt":"2018-03-13T13:07:56","guid":{"rendered":"https:\/\/www.welovecycling.com\/hu\/?p=256"},"modified":"2018-04-17T09:06:47","modified_gmt":"2018-04-17T09:06:47","slug":"kerekparos-klisek-az-instagramon","status":"publish","type":"post","link":"https:\/\/www.welovecycling.com\/hu\/kozosseg-es-kultura\/kerekparos-klisek-az-instagramon\/","title":{"rendered":"Ker\u00e9kp\u00e1ros klis\u00e9k az Instagramon"},"content":{"rendered":"<p><strong>A ker\u00e9kp\u00e1rosok szerelmesei sz\u00e1m\u00e1ra a bring\u00e1z\u00e1s az \u00e9let r\u00e9sz\u00e9t k\u00e9pezi. Ahogy gyerekes sz\u00fcl\u0151k vagy h\u00e1zi\u00e1llatok gazd\u00e1i szeretnek f\u00e9nyk\u00e9pet felt\u00f6lteni az \u00e9let\u00fck mindennapjair\u00f3l, a ker\u00e9kp\u00e1rosok is sz\u00edvesen megosztj\u00e1k a biciklir\u0151l k\u00e9sz\u00fclt, vagy a ker\u00e9kp\u00e1roz\u00e1ssal kapcsolatos k\u00e9peket. Itt van n\u00e9h\u00e1ny ker\u00e9kp\u00e1ros k\u00f6zhely az Instagramr\u00f3l.<\/strong><br \/>\n<!--more--><\/p>\n<p>&nbsp;<\/p>\n<h2>Versenyz\u0151s felv\u00e9telek<\/h2>\n<p>Ez egy m\u00e1sik olyan k\u00e9p, amelyik beugrik az embereknek a ker\u00e9kp\u00e1roz\u00e1ssal kapcsolatban. Gondolom, a fut\u00f3knak ugyanez a probl\u00e9m\u00e1ja.<\/p>\n<p><a href=\"http:\/\/instagram.com\/p\/k7AL5Rp3F6\">http:\/\/instagram.com\/p\/k7AL5Rp3F6<\/a><\/p>\n<h2>Testr\u00e9szekr\u0151l k\u00e9sz\u00fclt felv\u00e9telek<\/h2>\n<p>A k\u00fcl\u00f6nb\u00f6z\u0151 testr\u00e9szekr\u0151l k\u00e9sz\u00fclt felv\u00e9telek \u00e1ltal\u00e1ban izzadt izmokat mutatnak, ism\u00e9t sztereot\u00edpia a ker\u00e9kp\u00e1rosokr\u00f3l.<\/p>\n<p><a href=\"http:\/\/instagram.com\/p\/6cjJnPzQMP\">http:\/\/instagram.com\/p\/6cjJnPzQMP<\/a><\/p>\n<h2>Kil\u00e1t\u00e1s a nyeregb\u0151l<\/h2>\n<p>A biciklisek term\u00e9szetesen szeretn\u00e9k megosztani, hogy mit l\u00e1tnak ker\u00e9kp\u00e1roz\u00e1s k\u00f6zben.<\/p>\n<p><a href=\"http:\/\/instagram.com\/p\/7danVgzQD5\">http:\/\/instagram.com\/p\/7danVgzQD5<\/a><\/p>\n<h2>Ker\u00e9kp\u00e1ros buk\u00e1sok<\/h2>\n<p>N\u00e9h\u00e1ny embernek a cang\u00e1r\u00f3l az es\u00e9s jut esz\u00e9be.<\/p>\n<p><a href=\"http:\/\/instagram.com\/p\/90YkIAAHcH\">http:\/\/instagram.com\/p\/90YkIAAHcH<\/a><\/p>\n<h2>Bikinis k\u00e9pek<\/h2>\n<p>Sok a f\u00fcrd\u0151ruh\u00e1s k\u00e9p, de a bikinis k\u00e9pek is n\u00e9pszer\u0171ek.<\/p>\n<p><a href=\"http:\/\/instagram.com\/p\/90pcF7L_ur\">http:\/\/instagram.com\/p\/90pcF7L_ur<\/a><\/p>\n<h2>Szelfik<\/h2>\n<p>Ki nem szeret szelfit k\u00e9sz\u00edteni?<\/p>\n<p><a href=\"http:\/\/instagram.com\/p\/9z-VwaD7Y_\">http:\/\/instagram.com\/p\/9z-VwaD7Y_<\/a><\/p>\n<h2>Koll\u00e1zs a csapatr\u00f3l, ker\u00e9kp\u00e1r app-os statisztik\u00e1kkal vegy\u00edtve<\/h2>\n<p>J\u00f3 megold\u00e1s csapat vagy csoportok teljes\u00edtm\u00e9ny\u00e9nek elismer\u00e9s\u00e9re.<\/p>\n<p><a href=\"http:\/\/instagram.com\/p\/9fuavDQs0T\">http:\/\/instagram.com\/p\/9fuavDQs0T<\/a><\/p>\n<h2>S\u00e9r\u00fcl\u00e9sek<\/h2>\n<p>Amikor konkr\u00e9tan gondolok valakire, eszembe jutnak s\u00e9r\u00fcl\u00e9sekr\u0151l k\u00e9sz\u00fclt fot\u00f3k. Ez a fot\u00f3 itt n\u00e9melyikhez k\u00e9pest egy meglehet\u0151sen \u00e1rtalmatlan p\u00e9lda.<\/p>\n<p><a href=\"http:\/\/instagram.com\/p\/95UbcNlexr\">http:\/\/instagram.com\/p\/95UbcNlexr<\/a><\/p>\n<h2>Ker\u00e9kp\u00e1r t\u00e1jk\u00e9ppel<\/h2>\n<p>V\u00e9g\u00fcl, de nem utols\u00f3sorban, ha az emberek pl\u00fcss j\u00e1t\u00e9kaikat fot\u00f3zhatj\u00e1k (igen, ez el\u0151fordul!), mi\u00e9rt nem k\u00e9sz\u00edthetnek f\u00e9nyk\u00e9pet gy\u00f6ny\u00f6r\u0171 ker\u00e9kp\u00e1rjukr\u00f3l fest\u0151i k\u00f6rnyezetben?<\/p>\n<p><a href=\"http:\/\/instagram.com\/p\/94Hdd8TXxq\">http:\/\/instagram.com\/p\/94Hdd8TXxq<\/a><\/p>\n","protected":false},"excerpt":{"rendered":"<p>A ker\u00e9kp\u00e1rosok szerelmesei sz\u00e1m\u00e1ra a bring\u00e1z\u00e1s az \u00e9let r\u00e9sz\u00e9t k\u00e9pezi. Ahogy gyerekes sz\u00fcl\u0151k vagy h\u00e1zi\u00e1llatok gazd\u00e1i szeretnek f\u00e9nyk\u00e9pet felt\u00f6lteni az [&hellip;]<\/p>\n","protected":false},"author":71,"featured_media":257,"comment_status":"open","ping_status":"open","sticky":false,"template":"","format":"standard","meta":{"footnotes":""},"categories":[12],"tags":[],"global-categories":[],"class_list":["post-256","post","type-post","status-publish","format-standard","has-post-thumbnail","hentry","category-kozosseg-es-kultura"],"yoast_head":"<!-- This site is optimized with the Yoast SEO Premium plugin v25.3 (Yoast SEO v25.9) - https:\/\/yoast.com\/wordpress\/plugins\/seo\/ -->\n<title>Ker\u00e9kp\u00e1ros klis\u00e9k az Instagramon - \u0160koda We Love Cycling - Magyarorsz\u00e1g<\/title>\n<meta name=\"description\" content=\"Bikers are keen on sharing photos of their bikes or pictures related to their cycling. Here are a few cycling clich\u00e9s on Instagram.\" \/>\n<meta name=\"robots\" content=\"index, follow, max-snippet:-1, max-image-preview:large, max-video-preview:-1\" \/>\n<link rel=\"canonical\" href=\"https:\/\/www.welovecycling.com\/hu\/kozosseg-es-kultura\/kerekparos-klisek-az-instagramon\/\" \/>\n<meta property=\"og:locale\" content=\"hu_HU\" \/>\n<meta property=\"og:type\" content=\"article\" \/>\n<meta property=\"og:title\" content=\"Ker\u00e9kp\u00e1ros klis\u00e9k az Instagramon\" \/>\n<meta property=\"og:description\" content=\"Bikers are keen on sharing photos of their bikes or pictures related to their cycling. Here are a few cycling clich\u00e9s on Instagram.\" \/>\n<meta property=\"og:url\" content=\"https:\/\/www.welovecycling.com\/hu\/kozosseg-es-kultura\/kerekparos-klisek-az-instagramon\/\" \/>\n<meta property=\"og:site_name\" content=\"\u0160koda We Love Cycling - Magyarorsz\u00e1g\" \/>\n<meta property=\"article:publisher\" content=\"https:\/\/www.facebook.com\/WeLoveCyclingHungary\/\" \/>\n<meta property=\"article:published_time\" content=\"2018-03-13T13:07:56+00:00\" \/>\n<meta property=\"article:modified_time\" content=\"2018-04-17T09:06:47+00:00\" \/>\n<meta property=\"og:image\" content=\"https:\/\/d2p6e6u75xmxt8.cloudfront.net\/12\/2018\/03\/opener16.jpg\" \/>\n\t<meta property=\"og:image:width\" content=\"950\" \/>\n\t<meta property=\"og:image:height\" content=\"350\" \/>\n\t<meta property=\"og:image:type\" content=\"image\/jpeg\" \/>\n<meta name=\"author\" content=\"hegyizs\" \/>\n<meta name=\"twitter:card\" content=\"summary_large_image\" \/>\n<meta name=\"twitter:label1\" content=\"Written by\" \/>\n\t<meta name=\"twitter:data1\" content=\"Angie Ng\" \/>\n\t<meta name=\"twitter:label2\" content=\"Est. reading time\" \/>\n\t<meta name=\"twitter:data2\" content=\"2 minutes\" \/>\n<script type=\"application\/ld+json\" class=\"yoast-schema-graph\">{\"@context\":\"https:\/\/schema.org\",\"@graph\":[{\"@type\":\"WebPage\",\"@id\":\"https:\/\/www.welovecycling.com\/hu\/kozosseg-es-kultura\/kerekparos-klisek-az-instagramon\/\",\"url\":\"https:\/\/www.welovecycling.com\/hu\/kozosseg-es-kultura\/kerekparos-klisek-az-instagramon\/\",\"name\":\"Ker\u00e9kp\u00e1ros klis\u00e9k az Instagramon - \u0160koda We Love Cycling - Magyarorsz\u00e1g\",\"isPartOf\":{\"@id\":\"https:\/\/www.welovecycling.com\/hu\/#website\"},\"primaryImageOfPage\":{\"@id\":\"https:\/\/www.welovecycling.com\/hu\/kozosseg-es-kultura\/kerekparos-klisek-az-instagramon\/#primaryimage\"},\"image\":{\"@id\":\"https:\/\/www.welovecycling.com\/hu\/kozosseg-es-kultura\/kerekparos-klisek-az-instagramon\/#primaryimage\"},\"thumbnailUrl\":\"https:\/\/d2p6e6u75xmxt8.cloudfront.net\/12\/2018\/03\/opener16.jpg\",\"datePublished\":\"2018-03-13T13:07:56+00:00\",\"dateModified\":\"2018-04-17T09:06:47+00:00\",\"author\":{\"@id\":\"https:\/\/www.welovecycling.com\/hu\/#\/schema\/person\/414a2aebf1801691a5320edb6468e194\"},\"description\":\"Bikers are keen on sharing photos of their bikes or pictures related to their cycling. Here are a few cycling clich\u00e9s on Instagram.\",\"breadcrumb\":{\"@id\":\"https:\/\/www.welovecycling.com\/hu\/kozosseg-es-kultura\/kerekparos-klisek-az-instagramon\/#breadcrumb\"},\"inLanguage\":\"hu\",\"potentialAction\":[{\"@type\":\"ReadAction\",\"target\":[\"https:\/\/www.welovecycling.com\/hu\/kozosseg-es-kultura\/kerekparos-klisek-az-instagramon\/\"]}]},{\"@type\":\"ImageObject\",\"inLanguage\":\"hu\",\"@id\":\"https:\/\/www.welovecycling.com\/hu\/kozosseg-es-kultura\/kerekparos-klisek-az-instagramon\/#primaryimage\",\"url\":\"https:\/\/d2p6e6u75xmxt8.cloudfront.net\/12\/2018\/03\/opener16.jpg\",\"contentUrl\":\"https:\/\/d2p6e6u75xmxt8.cloudfront.net\/12\/2018\/03\/opener16.jpg\",\"width\":950,\"height\":350},{\"@type\":\"BreadcrumbList\",\"@id\":\"https:\/\/www.welovecycling.com\/hu\/kozosseg-es-kultura\/kerekparos-klisek-az-instagramon\/#breadcrumb\",\"itemListElement\":[{\"@type\":\"ListItem\",\"position\":1,\"name\":\"Home\",\"item\":\"https:\/\/www.welovecycling.com\/hu\/\"},{\"@type\":\"ListItem\",\"position\":2,\"name\":\"Ker\u00e9kp\u00e1ros klis\u00e9k az Instagramon\"}]},{\"@type\":\"WebSite\",\"@id\":\"https:\/\/www.welovecycling.com\/hu\/#website\",\"url\":\"https:\/\/www.welovecycling.com\/hu\/\",\"name\":\"\u0160koda We Love Cycling - Magyarorsz\u00e1g\",\"description\":\"\u0160koda WeLoveCycling\",\"potentialAction\":[{\"@type\":\"SearchAction\",\"target\":{\"@type\":\"EntryPoint\",\"urlTemplate\":\"https:\/\/www.welovecycling.com\/hu\/?s={search_term_string}\"},\"query-input\":{\"@type\":\"PropertyValueSpecification\",\"valueRequired\":true,\"valueName\":\"search_term_string\"}}],\"inLanguage\":\"hu\"},{\"@type\":\"Person\",\"@id\":\"https:\/\/www.welovecycling.com\/hu\/#\/schema\/person\/414a2aebf1801691a5320edb6468e194\",\"name\":\"hegyizs\",\"image\":{\"@type\":\"ImageObject\",\"inLanguage\":\"hu\",\"@id\":\"https:\/\/www.welovecycling.com\/hu\/#\/schema\/person\/image\/\",\"url\":\"https:\/\/secure.gravatar.com\/avatar\/02cf8a7906b8cf90cecb4679defac7cfd33a1c2e3b88e4903d947f3bb58eedd3?s=96&d=mm&r=g\",\"contentUrl\":\"https:\/\/secure.gravatar.com\/avatar\/02cf8a7906b8cf90cecb4679defac7cfd33a1c2e3b88e4903d947f3bb58eedd3?s=96&d=mm&r=g\",\"caption\":\"hegyizs\"},\"url\":\"https:\/\/www.welovecycling.com\/hu\/author\/hegyizs\/\"}]}<\/script>\n<!-- \/ Yoast SEO Premium plugin. -->","yoast_head_json":{"title":"Ker\u00e9kp\u00e1ros klis\u00e9k az Instagramon - \u0160koda We Love Cycling - Magyarorsz\u00e1g","description":"Bikers are keen on sharing photos of their bikes or pictures related to their cycling. Here are a few cycling clich\u00e9s on Instagram.","robots":{"index":"index","follow":"follow","max-snippet":"max-snippet:-1","max-image-preview":"max-image-preview:large","max-video-preview":"max-video-preview:-1"},"canonical":"https:\/\/www.welovecycling.com\/hu\/kozosseg-es-kultura\/kerekparos-klisek-az-instagramon\/","og_locale":"hu_HU","og_type":"article","og_title":"Ker\u00e9kp\u00e1ros klis\u00e9k az Instagramon","og_description":"Bikers are keen on sharing photos of their bikes or pictures related to their cycling. Here are a few cycling clich\u00e9s on Instagram.","og_url":"https:\/\/www.welovecycling.com\/hu\/kozosseg-es-kultura\/kerekparos-klisek-az-instagramon\/","og_site_name":"\u0160koda We Love Cycling - Magyarorsz\u00e1g","article_publisher":"https:\/\/www.facebook.com\/WeLoveCyclingHungary\/","article_published_time":"2018-03-13T13:07:56+00:00","article_modified_time":"2018-04-17T09:06:47+00:00","og_image":[{"width":950,"height":350,"url":"https:\/\/d2p6e6u75xmxt8.cloudfront.net\/12\/2018\/03\/opener16.jpg","type":"image\/jpeg"}],"author":"hegyizs","twitter_card":"summary_large_image","twitter_misc":{"Written by":"Angie Ng","Est. reading time":"2 minutes"},"schema":{"@context":"https:\/\/schema.org","@graph":[{"@type":"WebPage","@id":"https:\/\/www.welovecycling.com\/hu\/kozosseg-es-kultura\/kerekparos-klisek-az-instagramon\/","url":"https:\/\/www.welovecycling.com\/hu\/kozosseg-es-kultura\/kerekparos-klisek-az-instagramon\/","name":"Ker\u00e9kp\u00e1ros klis\u00e9k az Instagramon - \u0160koda We Love Cycling - Magyarorsz\u00e1g","isPartOf":{"@id":"https:\/\/www.welovecycling.com\/hu\/#website"},"primaryImageOfPage":{"@id":"https:\/\/www.welovecycling.com\/hu\/kozosseg-es-kultura\/kerekparos-klisek-az-instagramon\/#primaryimage"},"image":{"@id":"https:\/\/www.welovecycling.com\/hu\/kozosseg-es-kultura\/kerekparos-klisek-az-instagramon\/#primaryimage"},"thumbnailUrl":"https:\/\/d2p6e6u75xmxt8.cloudfront.net\/12\/2018\/03\/opener16.jpg","datePublished":"2018-03-13T13:07:56+00:00","dateModified":"2018-04-17T09:06:47+00:00","author":{"@id":"https:\/\/www.welovecycling.com\/hu\/#\/schema\/person\/414a2aebf1801691a5320edb6468e194"},"description":"Bikers are keen on sharing photos of their bikes or pictures related to their cycling. Here are a few cycling clich\u00e9s on Instagram.","breadcrumb":{"@id":"https:\/\/www.welovecycling.com\/hu\/kozosseg-es-kultura\/kerekparos-klisek-az-instagramon\/#breadcrumb"},"inLanguage":"hu","potentialAction":[{"@type":"ReadAction","target":["https:\/\/www.welovecycling.com\/hu\/kozosseg-es-kultura\/kerekparos-klisek-az-instagramon\/"]}]},{"@type":"ImageObject","inLanguage":"hu","@id":"https:\/\/www.welovecycling.com\/hu\/kozosseg-es-kultura\/kerekparos-klisek-az-instagramon\/#primaryimage","url":"https:\/\/d2p6e6u75xmxt8.cloudfront.net\/12\/2018\/03\/opener16.jpg","contentUrl":"https:\/\/d2p6e6u75xmxt8.cloudfront.net\/12\/2018\/03\/opener16.jpg","width":950,"height":350},{"@type":"BreadcrumbList","@id":"https:\/\/www.welovecycling.com\/hu\/kozosseg-es-kultura\/kerekparos-klisek-az-instagramon\/#breadcrumb","itemListElement":[{"@type":"ListItem","position":1,"name":"Home","item":"https:\/\/www.welovecycling.com\/hu\/"},{"@type":"ListItem","position":2,"name":"Ker\u00e9kp\u00e1ros klis\u00e9k az Instagramon"}]},{"@type":"WebSite","@id":"https:\/\/www.welovecycling.com\/hu\/#website","url":"https:\/\/www.welovecycling.com\/hu\/","name":"\u0160koda We Love Cycling - Magyarorsz\u00e1g","description":"\u0160koda WeLoveCycling","potentialAction":[{"@type":"SearchAction","target":{"@type":"EntryPoint","urlTemplate":"https:\/\/www.welovecycling.com\/hu\/?s={search_term_string}"},"query-input":{"@type":"PropertyValueSpecification","valueRequired":true,"valueName":"search_term_string"}}],"inLanguage":"hu"},{"@type":"Person","@id":"https:\/\/www.welovecycling.com\/hu\/#\/schema\/person\/414a2aebf1801691a5320edb6468e194","name":"hegyizs","image":{"@type":"ImageObject","inLanguage":"hu","@id":"https:\/\/www.welovecycling.com\/hu\/#\/schema\/person\/image\/","url":"https:\/\/secure.gravatar.com\/avatar\/02cf8a7906b8cf90cecb4679defac7cfd33a1c2e3b88e4903d947f3bb58eedd3?s=96&d=mm&r=g","contentUrl":"https:\/\/secure.gravatar.com\/avatar\/02cf8a7906b8cf90cecb4679defac7cfd33a1c2e3b88e4903d947f3bb58eedd3?s=96&d=mm&r=g","caption":"hegyizs"},"url":"https:\/\/www.welovecycling.com\/hu\/author\/hegyizs\/"}]}},"_links":{"self":[{"href":"https:\/\/www.welovecycling.com\/hu\/wp-json\/wp\/v2\/posts\/256","targetHints":{"allow":["GET"]}}],"collection":[{"href":"https:\/\/www.welovecycling.com\/hu\/wp-json\/wp\/v2\/posts"}],"about":[{"href":"https:\/\/www.welovecycling.com\/hu\/wp-json\/wp\/v2\/types\/post"}],"author":[{"embeddable":true,"href":"https:\/\/www.welovecycling.com\/hu\/wp-json\/wp\/v2\/users\/71"}],"replies":[{"embeddable":true,"href":"https:\/\/www.welovecycling.com\/hu\/wp-json\/wp\/v2\/comments?post=256"}],"version-history":[{"count":2,"href":"https:\/\/www.welovecycling.com\/hu\/wp-json\/wp\/v2\/posts\/256\/revisions"}],"predecessor-version":[{"id":682,"href":"https:\/\/www.welovecycling.com\/hu\/wp-json\/wp\/v2\/posts\/256\/revisions\/682"}],"wp:featuredmedia":[{"embeddable":true,"href":"https:\/\/www.welovecycling.com\/hu\/wp-json\/wp\/v2\/media\/257"}],"wp:attachment":[{"href":"https:\/\/www.welovecycling.com\/hu\/wp-json\/wp\/v2\/media?parent=256"}],"wp:term":[{"taxonomy":"category","embeddable":true,"href":"https:\/\/www.welovecycling.com\/hu\/wp-json\/wp\/v2\/categories?post=256"},{"taxonomy":"post_tag","embeddable":true,"href":"https:\/\/www.welovecycling.com\/hu\/wp-json\/wp\/v2\/tags?post=256"},{"taxonomy":"global-categories","embeddable":true,"href":"https:\/\/www.welovecycling.com\/hu\/wp-json\/wp\/v2\/global-categories?post=256"}],"curies":[{"name":"wp","href":"https:\/\/api.w.org\/{rel}","templated":true}]}}