{"id":2559,"date":"2019-01-20T12:00:48","date_gmt":"2019-01-20T11:00:48","guid":{"rendered":"https:\/\/www.welovecycling.com\/hu\/?p=2559"},"modified":"2019-01-18T14:13:03","modified_gmt":"2019-01-18T13:13:03","slug":"vedd-ra-egy-haverodat-hogy-jojjon-veled-bringazni","status":"publish","type":"post","link":"https:\/\/www.welovecycling.com\/hu\/kozosseg-es-kultura\/vedd-ra-egy-haverodat-hogy-jojjon-veled-bringazni\/","title":{"rendered":"Vedd r\u00e1 egy bar\u00e1todat a bicikliz\u00e9sre az \u00faj \u00e9vben!"},"content":{"rendered":"<p><strong>F\u00fcggetlen\u00fcl att\u00f3l, hogy szokt\u00e1l-e fogadalmat tenni vagy sem, mi\u00e9rt ne lehetne az \u00faj \u00e9v aprop\u00f3j\u00e1n r\u00e1venni egy bar\u00e1todat, hogy \u00edzlelje meg veled a bring\u00e1z\u00e1s \u00e9lm\u00e9ny\u00e9t? Teljesen term\u00e9szetes dolog, hogy sz\u00edvesen h\u00f3doln\u00e1l a szenved\u00e9lyednek sz\u00e1modra fontos emberekkel a bicikliz\u00e9s \u00f6r\u00f6m\u00e9ben. Lehet, hogy m\u00e1r eszedbe is jutott valaki, \u00e9s j\u00f3 es\u00e9llyel mindketten h\u00e1l\u00e1val gondoltok majd vissza arra, hogy megadtad a kezd\u0151l\u00f6k\u00e9st, \u00e9s tekerni h\u00edvtad \u0151t.<\/strong><\/p>\n<p>Persze ne felejts\u00fck el, hogy \u00faj dologba v\u00e1gni a fejsz\u00e9nket gyakran f\u00e9lelmeket is a felsz\u00ednre hozhat, \u00edgy h\u00e1t minden sz\u00fcks\u00e9ges int\u00e9zked\u00e9st meg kell tenned, hogy a bar\u00e1tod mindv\u00e9gig \u00e9rezze a t\u00e1mogat\u00e1st \u00e9s a b\u00e1tor\u00edt\u00e1st. Szerencs\u00e9s esetben nem egyalkalmas elfoglalts\u00e1gr\u00f3l lesz csup\u00e1n sz\u00f3!<\/p>\n<h2>Mes\u00e9lj saj\u00e1t kezdeti tapasztalataidr\u00f3l!<\/h2>\n<p>Legk\u00f6nnyebb \u00fagy kedvet csin\u00e1lni egy kezd\u0151nek,hogy elmes\u00e9led, sz\u00e1modra milyen \u00e9lm\u00e9ny volt anno belev\u00e1gni. Manaps\u00e1g m\u00e1sok m\u00e1r csak annyit l\u00e1tnak, hogy bes\u00fcv\u00edtesz munk\u00e1ba, vagy arr\u00f3l \u00e9rtekezel, mennyit javultak az eredm\u00e9nyeid bring\u00e1s appod alapj\u00e1n. Mintha egy sz\u00e1mukra \u00e9rthetetlen nyelven besz\u00e9ln\u00e9l, ami az eg\u00e9sz bring\u00e1z\u00e1st el\u00e9rhetetlenn\u00e9 tudja tenni.<\/p>\n<p><a href=\"https:\/\/d2p6e6u75xmxt8.cloudfront.net\/12\/2019\/01\/pal_2.jpg\"><img loading=\"lazy\" decoding=\"async\" class=\"size-full wp-image-2630\" src=\"https:\/\/d2p6e6u75xmxt8.cloudfront.net\/12\/2019\/01\/pal_2.jpg\" alt=\"\" width=\"1250\" height=\"833\" srcset=\"https:\/\/d2p6e6u75xmxt8.cloudfront.net\/12\/2019\/01\/pal_2.jpg 1250w, https:\/\/d2p6e6u75xmxt8.cloudfront.net\/12\/2019\/01\/pal_2-300x200.jpg 300w, https:\/\/d2p6e6u75xmxt8.cloudfront.net\/12\/2019\/01\/pal_2-768x512.jpg 768w, https:\/\/d2p6e6u75xmxt8.cloudfront.net\/12\/2019\/01\/pal_2-1024x682.jpg 1024w, https:\/\/d2p6e6u75xmxt8.cloudfront.net\/12\/2019\/01\/pal_2-272x182.jpg 272w\" sizes=\"auto, (max-width: 1250px) 100vw, 1250px\" \/><\/a><\/p>\n<p>Sz\u00e1nj n\u00e9mi id\u0151t r\u00e1, hogy visszagondolj a kezdetekre, \u00e9s hogy volt-e valaki melletted, aki tudatosan seg\u00edtett az \u00f6nbizalmad fel\u00e9p\u00edt\u00e9s\u00e9ben. Oszd meg a pozit\u00edv \u00e9lm\u00e9nyeidet, de besz\u00e9lj \u0151szint\u00e9n a saj\u00e1t kezdeti bizonytalans\u00e1gaidr\u00f3l is. A rem\u00e9nyekkel teli padavanod \u00f6r\u00f6mmel konstat\u00e1lja majd, hogy nincs egyed\u00fcl ezekkel a f\u00e9lelmekkel.<\/p>\n<p><a href=\"https:\/\/d2p6e6u75xmxt8.cloudfront.net\/12\/2019\/01\/pal_3.jpg\"><img loading=\"lazy\" decoding=\"async\" class=\"aligncenter size-full wp-image-2631\" src=\"https:\/\/d2p6e6u75xmxt8.cloudfront.net\/12\/2019\/01\/pal_3.jpg\" alt=\"\" width=\"1300\" height=\"867\" srcset=\"https:\/\/d2p6e6u75xmxt8.cloudfront.net\/12\/2019\/01\/pal_3.jpg 1300w, https:\/\/d2p6e6u75xmxt8.cloudfront.net\/12\/2019\/01\/pal_3-300x200.jpg 300w, https:\/\/d2p6e6u75xmxt8.cloudfront.net\/12\/2019\/01\/pal_3-768x512.jpg 768w, https:\/\/d2p6e6u75xmxt8.cloudfront.net\/12\/2019\/01\/pal_3-1024x683.jpg 1024w, https:\/\/d2p6e6u75xmxt8.cloudfront.net\/12\/2019\/01\/pal_3-272x182.jpg 272w\" sizes=\"auto, (max-width: 1300px) 100vw, 1300px\" \/><\/a><\/p>\n<h2>Fektess le n\u00e9h\u00e1ny alapszab\u00e1lyt!<\/h2>\n<p>Ha megosztod vele saj\u00e1t kezdeti k\u00e9ts\u00e9geidet, az abban is seg\u00edthet, hogy el\u0151re l\u00e1thasd majd a k\u00e9s\u0151bb felmer\u00fcl\u0151 dolgokat. Fontos, hogy nagyon figyelj, \u00e9s tartsd tiszteletben ezeket, miel\u0151tt nekiv\u00e1gtok. Ak\u00e1r orsz\u00e1g\u00fati t\u00far\u00e1t tervezel, ak\u00e1r terepre indultok, mindenk\u00e9pp besz\u00e9lj\u00e9tek meg a forgalomra \u00e9s cs\u00fasz\u00f3s \u00fatszakaszokra vonatkoz\u00f3 agg\u00e1lyokat. Pr\u00f3b\u00e1ld megtudni t\u0151le p\u00e9ld\u00e1ul, hogy el\u00f6l vagy h\u00e1tul tekerne-e sz\u00edvesebben, de ha ez m\u00e9gsem m\u0171k\u00f6dne, akkor m\u00e9g menet k\u00f6zben is l\u00e9gy nyitott v\u00e1ltani. Pr\u00f3b\u00e1ld annyi inform\u00e1ci\u00f3val el\u0151re ell\u00e1tni \u0151t, amennyivel csak lehets\u00e9ges.<\/p>\n<h2>Ford\u00edts id\u0151t a megfelel\u0151 \u00fatvonal kiv\u00e1laszt\u00e1s\u00e1ra!<\/h2>\n<p>A k\u00f6r\u00fclm\u00e9nyekt\u0151l f\u00fcgg\u0151en lehet, hogy csak egy es\u00e9lyed lesz r\u00e1, hogy sikerrel j\u00e1rj, ez\u00e9rt sz\u00e1nj el\u00e9g id\u0151t a megfelel\u0151 \u00fat megtervez\u00e9s\u00e9re. Azt szeretn\u00e9d, hogy izgalmas legyen, de nem akarod m\u00e1r els\u0151re t\u00fal nagy kih\u00edv\u00e1s el\u00e9 \u00e1ll\u00edtani \u0151t? Mindenk\u00e9pp t\u00e1j\u00e9koztasd, milyen hossz\u00fa is lesz az eg\u00e9sz, \u00e9s melyik szakaszok lesznek nehezebbek vagy k\u00edv\u00e1nnak t\u00f6bb technikai tud\u00e1st. Kicsit \u00f6nzetlennek kell lenned \u00e9s b\u00e1rmilyen is a felk\u00e9sz\u00fclts\u00e9ge \u00e9s az \u00e1ll\u00f3k\u00e9pess\u00e9ge, annak megfelel\u0151en kell tervezned.<\/p>\n<h2>L\u00e9gy felk\u00e9sz\u00fclt!<\/h2>\n<p>Ne felejtsd el, ha el\u0151rukkolsz a javaslattal, arr\u00f3l is a te feladatod gondoskodni, hogy biztos\u00edtva legyen bar\u00e1tod sz\u00e1m\u00e1ra minden megfelel\u0151 biciklis felszerel\u00e9s \u00e9s kell\u00e9k. Vigy\u00e9l magaddal t\u00f6bb harapnival\u00f3t, vizet, \u00e9s mindenk\u00e9pp n\u00e9zd \u00e1t a biciklij\u00e9t, miel\u0151tt nekiv\u00e1gtok.\u00a0 \u00c9rthet\u0151 okokb\u00f3l, val\u00f3sz\u00edn\u0171leg nem fog egy vagyont ford\u00edtani kezdetben a felszerel\u00e9sre. Ett\u0151l f\u00fcggetlen\u00fcl te bizonyosodj meg r\u00f3la, hogy minden biztos\u00edtva van sz\u00e1m\u00e1ra ahhoz, hogy az \u00e1ltalad szervezett \u00faton biztons\u00e1gban \u00e9s k\u00e9nyelmesen \u00e9rezhesse mag\u00e1t.<\/p>\n<p><a href=\"https:\/\/d2p6e6u75xmxt8.cloudfront.net\/12\/2019\/01\/pal_4.jpg\"><img loading=\"lazy\" decoding=\"async\" class=\"size-full wp-image-2632\" src=\"https:\/\/d2p6e6u75xmxt8.cloudfront.net\/12\/2019\/01\/pal_4.jpg\" alt=\"\" width=\"889\" height=\"667\" srcset=\"https:\/\/d2p6e6u75xmxt8.cloudfront.net\/12\/2019\/01\/pal_4.jpg 889w, https:\/\/d2p6e6u75xmxt8.cloudfront.net\/12\/2019\/01\/pal_4-300x225.jpg 300w, https:\/\/d2p6e6u75xmxt8.cloudfront.net\/12\/2019\/01\/pal_4-768x576.jpg 768w\" sizes=\"auto, (max-width: 889px) 100vw, 889px\" \/><\/a><\/p>\n<h2>Ne legy\u00e9l \u00f6nz\u0151!<\/h2>\n<p>\u00c9s j\u00f6jj\u00f6n a l\u00e9nyeg, a teker\u00e9s! Rem\u00e9lhet\u0151leg egy \u00e9lvezetes \u00e9s t\u00e1rsas\u00e1gi \u00e9lm\u00e9ny lesz, amelyre mindketten hasznosan elt\u00f6lt\u00f6tt id\u0151k\u00e9nt gondoltok majd vissza. \u00c1m ennek \u00e9rdek\u00e9ben elengedhetetlen, hogy re\u00e1lis elv\u00e1r\u00e1sokkal \u00e9s a megfelel\u0151 hozz\u00e1\u00e1ll\u00e1ssal kezdjetek bele. Lehet, hogy a bar\u00e1todnak n\u00e9mi t\u00e1mogat\u00e1sra lesz majd sz\u00fcks\u00e9ge, hogy ne vesz\u00edtse el a motiv\u00e1ci\u00f3t, illetve az is el\u0151fordulhat, hogy a temp\u00f3ja teljesen elt\u00e9r majd az \u00e1ltalad megszokott\u00f3l. L\u00e9gy t\u00fcrelmes, \u00e9s eml\u00e9kezz, mi\u00e9rt is fogt\u00e1l bele egy\u00e1ltal\u00e1n! Ez itt most nem a saj\u00e1t id\u0151eredm\u00e9nyed jav\u00edtgat\u00e1s\u00e1r\u00f3l sz\u00f3l, engedd el magad \u00e9s \u00e9lvezd.<\/p>\n<h2>Besz\u00e9lj\u00e9tek meg, hogy ment!<\/h2>\n<p>Iktassatok be egy meg\u00e1ll\u00f3t, ahol a bring\u00e1z\u00e1st k\u00f6vet\u0151en megjutalmazhatj\u00e1tok magatokat egy cs\u00e9sze k\u00e1v\u00e9val, vagy ak\u00e1r egy kors\u00f3 s\u00f6rrel, \u00e9s \u00e1tbesz\u00e9lhetitek az \u00e9lm\u00e9nyeket. L\u00e9gy k\u00e9sz megv\u00e1laszolni a k\u00e9rd\u00e9seket \u00e9s mondj v\u00e9lem\u00e9nyt, b\u00e1tor\u00edtsd a bar\u00e1tod. Ami sz\u00e1modra egy k\u00f6nnyed kis teker\u00e9snek t\u0171nhetett, az neki lehet, hogy nagy kih\u00edv\u00e1s volt. Osztozz az \u00f6r\u00f6mben, hogy siker\u00fclt, de akkor se cs\u00fcggedj, ha kis t\u00falz\u00e1ssal sem \u00e1ll\u00edthat\u00f3, hogy meghozta volna a kedv\u00e9t egy k\u00f6vetkez\u0151 alkalomhoz. A bring\u00e1z\u00e1s nem val\u00f3 mindenkinek, \u00e9s nem baj, ha vannak olyan bar\u00e1taid is, akiknek m\u00e1s hobbijaik vannak. Ett\u0151l f\u00fcggetlen\u00fcl is j\u00e1r neked a pont az er\u0151fesz\u00edt\u00e9seid\u00e9rt!<\/p>\n<p><a href=\"https:\/\/d2p6e6u75xmxt8.cloudfront.net\/12\/2019\/01\/pal_1.jpg\"><img loading=\"lazy\" decoding=\"async\" class=\"aligncenter size-full wp-image-2629\" src=\"https:\/\/d2p6e6u75xmxt8.cloudfront.net\/12\/2019\/01\/pal_1.jpg\" alt=\"\" width=\"1066\" height=\"1600\" srcset=\"https:\/\/d2p6e6u75xmxt8.cloudfront.net\/12\/2019\/01\/pal_1.jpg 1066w, https:\/\/d2p6e6u75xmxt8.cloudfront.net\/12\/2019\/01\/pal_1-200x300.jpg 200w, https:\/\/d2p6e6u75xmxt8.cloudfront.net\/12\/2019\/01\/pal_1-768x1153.jpg 768w, https:\/\/d2p6e6u75xmxt8.cloudfront.net\/12\/2019\/01\/pal_1-682x1024.jpg 682w\" sizes=\"auto, (max-width: 1066px) 100vw, 1066px\" \/><\/a><\/p>\n<h2>T\u0171zz ki egy c\u00e9lt, hogy \u00e9letben tarts\u00e1tok a motiv\u00e1ci\u00f3t!<\/h2>\n<p>Ha viszont a k\u00f6z\u00f6s teker\u00e9s j\u00f3 siker\u00fclt, \u00e9s a bar\u00e1tod is kedvet kapott hozz\u00e1, fontolj\u00e1tok meg egy k\u00f6z\u00f6s c\u00e9l kit\u0171z\u00e9s\u00e9t, hogy megmaradjon a lend\u00fclet. An\u00e9lk\u00fcl, hogy t\u00fal nagy f\u00e1ba v\u00e1gn\u00e1tok a fejsz\u00e9teket, keressetek egy j\u00f3t\u00e9konys\u00e1gi esem\u00e9nyt vagy szabadid\u0151s ker\u00e9kp\u00e1rversenyt, aminek a teljes\u00edt\u00e9s\u00e9t mindketten tudj\u00e1tok v\u00e1llalni. Ez\u00e1ltal lesz egy k\u00f6z\u00f6s pont m\u00e9g akkor is, ha nem tudtok mindig egy\u00fctt tekerni j\u00e1rni. Rem\u00e9lhet\u0151leg szerzel majd egy \u00faj bicikliz\u0151 t\u00e1rsat, \u00e9s j\u00f3 \u00e9rz\u00e9ssel t\u00f6lt el, hogy \u00fajabb taggal b\u0151v\u00edtetted a ker\u00e9kp\u00e1rosok n\u00e9pes t\u00e1bor\u00e1t.<\/p>\n","protected":false},"excerpt":{"rendered":"<p>F\u00fcggetlen\u00fcl att\u00f3l, hogy szokt\u00e1l-e fogadalmat tenni vagy sem, mi\u00e9rt ne lehetne az \u00faj \u00e9v aprop\u00f3j\u00e1n r\u00e1venni egy bar\u00e1todat, hogy \u00edzlelje [&hellip;]<\/p>\n","protected":false},"author":71,"featured_media":2560,"comment_status":"open","ping_status":"open","sticky":false,"template":"","format":"standard","meta":{"footnotes":""},"categories":[12],"tags":[300,24],"global-categories":[],"class_list":["post-2559","post","type-post","status-publish","format-standard","has-post-thumbnail","hentry","category-kozosseg-es-kultura","tag-baratok","tag-miert-bringazz"],"yoast_head":"<!-- This site is optimized with the Yoast SEO Premium plugin v25.3 (Yoast SEO v25.9) - https:\/\/yoast.com\/wordpress\/plugins\/seo\/ -->\n<title>Vedd r\u00e1 egy bar\u00e1todat a bicikliz\u00e9sre az \u00faj \u00e9vben! - \u0160koda We Love Cycling - Magyarorsz\u00e1g<\/title>\n<meta name=\"robots\" content=\"index, follow, max-snippet:-1, max-image-preview:large, max-video-preview:-1\" \/>\n<link rel=\"canonical\" href=\"https:\/\/www.welovecycling.com\/hu\/kozosseg-es-kultura\/vedd-ra-egy-haverodat-hogy-jojjon-veled-bringazni\/\" \/>\n<meta property=\"og:locale\" content=\"hu_HU\" \/>\n<meta property=\"og:type\" content=\"article\" \/>\n<meta property=\"og:title\" content=\"Vedd r\u00e1 egy bar\u00e1todat a bicikliz\u00e9sre az \u00faj \u00e9vben!\" \/>\n<meta property=\"og:description\" content=\"F\u00fcggetlen\u00fcl att\u00f3l, hogy szokt\u00e1l-e fogadalmat tenni vagy sem, mi\u00e9rt ne lehetne az \u00faj \u00e9v aprop\u00f3j\u00e1n r\u00e1venni egy bar\u00e1todat, hogy \u00edzlelje [&hellip;]\" \/>\n<meta property=\"og:url\" content=\"https:\/\/www.welovecycling.com\/hu\/kozosseg-es-kultura\/vedd-ra-egy-haverodat-hogy-jojjon-veled-bringazni\/\" \/>\n<meta property=\"og:site_name\" content=\"\u0160koda We Love Cycling - Magyarorsz\u00e1g\" \/>\n<meta property=\"article:publisher\" content=\"https:\/\/www.facebook.com\/WeLoveCyclingHungary\/\" \/>\n<meta property=\"article:published_time\" content=\"2019-01-20T11:00:48+00:00\" \/>\n<meta property=\"og:image\" content=\"https:\/\/d2p6e6u75xmxt8.cloudfront.net\/12\/2019\/01\/Friends-Cycling-profimedia-0374729753-1024x450.jpg\" \/>\n\t<meta property=\"og:image:width\" content=\"1024\" \/>\n\t<meta property=\"og:image:height\" content=\"450\" \/>\n\t<meta property=\"og:image:type\" content=\"image\/jpeg\" \/>\n<meta name=\"author\" content=\"hegyizs\" \/>\n<meta name=\"twitter:card\" content=\"summary_large_image\" \/>\n<meta name=\"twitter:label1\" content=\"Written by\" \/>\n\t<meta name=\"twitter:data1\" content=\"hegyizs\" \/>\n\t<meta name=\"twitter:label2\" content=\"Est. reading time\" \/>\n\t<meta name=\"twitter:data2\" content=\"5 minutes\" \/>\n<script type=\"application\/ld+json\" class=\"yoast-schema-graph\">{\"@context\":\"https:\/\/schema.org\",\"@graph\":[{\"@type\":\"WebPage\",\"@id\":\"https:\/\/www.welovecycling.com\/hu\/kozosseg-es-kultura\/vedd-ra-egy-haverodat-hogy-jojjon-veled-bringazni\/\",\"url\":\"https:\/\/www.welovecycling.com\/hu\/kozosseg-es-kultura\/vedd-ra-egy-haverodat-hogy-jojjon-veled-bringazni\/\",\"name\":\"Vedd r\u00e1 egy bar\u00e1todat a bicikliz\u00e9sre az \u00faj \u00e9vben! - \u0160koda We Love Cycling - Magyarorsz\u00e1g\",\"isPartOf\":{\"@id\":\"https:\/\/www.welovecycling.com\/hu\/#website\"},\"primaryImageOfPage\":{\"@id\":\"https:\/\/www.welovecycling.com\/hu\/kozosseg-es-kultura\/vedd-ra-egy-haverodat-hogy-jojjon-veled-bringazni\/#primaryimage\"},\"image\":{\"@id\":\"https:\/\/www.welovecycling.com\/hu\/kozosseg-es-kultura\/vedd-ra-egy-haverodat-hogy-jojjon-veled-bringazni\/#primaryimage\"},\"thumbnailUrl\":\"https:\/\/d2p6e6u75xmxt8.cloudfront.net\/12\/2019\/01\/Friends-Cycling-profimedia-0374729753-1024x450.jpg\",\"datePublished\":\"2019-01-20T11:00:48+00:00\",\"author\":{\"@id\":\"https:\/\/www.welovecycling.com\/hu\/#\/schema\/person\/414a2aebf1801691a5320edb6468e194\"},\"breadcrumb\":{\"@id\":\"https:\/\/www.welovecycling.com\/hu\/kozosseg-es-kultura\/vedd-ra-egy-haverodat-hogy-jojjon-veled-bringazni\/#breadcrumb\"},\"inLanguage\":\"hu\",\"potentialAction\":[{\"@type\":\"ReadAction\",\"target\":[\"https:\/\/www.welovecycling.com\/hu\/kozosseg-es-kultura\/vedd-ra-egy-haverodat-hogy-jojjon-veled-bringazni\/\"]}]},{\"@type\":\"ImageObject\",\"inLanguage\":\"hu\",\"@id\":\"https:\/\/www.welovecycling.com\/hu\/kozosseg-es-kultura\/vedd-ra-egy-haverodat-hogy-jojjon-veled-bringazni\/#primaryimage\",\"url\":\"https:\/\/d2p6e6u75xmxt8.cloudfront.net\/12\/2019\/01\/Friends-Cycling-profimedia-0374729753-1024x450.jpg\",\"contentUrl\":\"https:\/\/d2p6e6u75xmxt8.cloudfront.net\/12\/2019\/01\/Friends-Cycling-profimedia-0374729753-1024x450.jpg\",\"width\":1024,\"height\":450},{\"@type\":\"BreadcrumbList\",\"@id\":\"https:\/\/www.welovecycling.com\/hu\/kozosseg-es-kultura\/vedd-ra-egy-haverodat-hogy-jojjon-veled-bringazni\/#breadcrumb\",\"itemListElement\":[{\"@type\":\"ListItem\",\"position\":1,\"name\":\"Home\",\"item\":\"https:\/\/www.welovecycling.com\/hu\/\"},{\"@type\":\"ListItem\",\"position\":2,\"name\":\"Vedd r\u00e1 egy bar\u00e1todat a bicikliz\u00e9sre az \u00faj \u00e9vben!\"}]},{\"@type\":\"WebSite\",\"@id\":\"https:\/\/www.welovecycling.com\/hu\/#website\",\"url\":\"https:\/\/www.welovecycling.com\/hu\/\",\"name\":\"\u0160koda We Love Cycling - Magyarorsz\u00e1g\",\"description\":\"\u0160koda WeLoveCycling\",\"potentialAction\":[{\"@type\":\"SearchAction\",\"target\":{\"@type\":\"EntryPoint\",\"urlTemplate\":\"https:\/\/www.welovecycling.com\/hu\/?s={search_term_string}\"},\"query-input\":{\"@type\":\"PropertyValueSpecification\",\"valueRequired\":true,\"valueName\":\"search_term_string\"}}],\"inLanguage\":\"hu\"},{\"@type\":\"Person\",\"@id\":\"https:\/\/www.welovecycling.com\/hu\/#\/schema\/person\/414a2aebf1801691a5320edb6468e194\",\"name\":\"hegyizs\",\"image\":{\"@type\":\"ImageObject\",\"inLanguage\":\"hu\",\"@id\":\"https:\/\/www.welovecycling.com\/hu\/#\/schema\/person\/image\/\",\"url\":\"https:\/\/secure.gravatar.com\/avatar\/02cf8a7906b8cf90cecb4679defac7cfd33a1c2e3b88e4903d947f3bb58eedd3?s=96&d=mm&r=g\",\"contentUrl\":\"https:\/\/secure.gravatar.com\/avatar\/02cf8a7906b8cf90cecb4679defac7cfd33a1c2e3b88e4903d947f3bb58eedd3?s=96&d=mm&r=g\",\"caption\":\"hegyizs\"},\"url\":\"https:\/\/www.welovecycling.com\/hu\/author\/hegyizs\/\"}]}<\/script>\n<!-- \/ Yoast SEO Premium plugin. -->","yoast_head_json":{"title":"Vedd r\u00e1 egy bar\u00e1todat a bicikliz\u00e9sre az \u00faj \u00e9vben! - \u0160koda We Love Cycling - Magyarorsz\u00e1g","robots":{"index":"index","follow":"follow","max-snippet":"max-snippet:-1","max-image-preview":"max-image-preview:large","max-video-preview":"max-video-preview:-1"},"canonical":"https:\/\/www.welovecycling.com\/hu\/kozosseg-es-kultura\/vedd-ra-egy-haverodat-hogy-jojjon-veled-bringazni\/","og_locale":"hu_HU","og_type":"article","og_title":"Vedd r\u00e1 egy bar\u00e1todat a bicikliz\u00e9sre az \u00faj \u00e9vben!","og_description":"F\u00fcggetlen\u00fcl att\u00f3l, hogy szokt\u00e1l-e fogadalmat tenni vagy sem, mi\u00e9rt ne lehetne az \u00faj \u00e9v aprop\u00f3j\u00e1n r\u00e1venni egy bar\u00e1todat, hogy \u00edzlelje [&hellip;]","og_url":"https:\/\/www.welovecycling.com\/hu\/kozosseg-es-kultura\/vedd-ra-egy-haverodat-hogy-jojjon-veled-bringazni\/","og_site_name":"\u0160koda We Love Cycling - Magyarorsz\u00e1g","article_publisher":"https:\/\/www.facebook.com\/WeLoveCyclingHungary\/","article_published_time":"2019-01-20T11:00:48+00:00","og_image":[{"width":1024,"height":450,"url":"https:\/\/d2p6e6u75xmxt8.cloudfront.net\/12\/2019\/01\/Friends-Cycling-profimedia-0374729753-1024x450.jpg","type":"image\/jpeg"}],"author":"hegyizs","twitter_card":"summary_large_image","twitter_misc":{"Written by":"hegyizs","Est. reading time":"5 minutes"},"schema":{"@context":"https:\/\/schema.org","@graph":[{"@type":"WebPage","@id":"https:\/\/www.welovecycling.com\/hu\/kozosseg-es-kultura\/vedd-ra-egy-haverodat-hogy-jojjon-veled-bringazni\/","url":"https:\/\/www.welovecycling.com\/hu\/kozosseg-es-kultura\/vedd-ra-egy-haverodat-hogy-jojjon-veled-bringazni\/","name":"Vedd r\u00e1 egy bar\u00e1todat a bicikliz\u00e9sre az \u00faj \u00e9vben! - \u0160koda We Love Cycling - Magyarorsz\u00e1g","isPartOf":{"@id":"https:\/\/www.welovecycling.com\/hu\/#website"},"primaryImageOfPage":{"@id":"https:\/\/www.welovecycling.com\/hu\/kozosseg-es-kultura\/vedd-ra-egy-haverodat-hogy-jojjon-veled-bringazni\/#primaryimage"},"image":{"@id":"https:\/\/www.welovecycling.com\/hu\/kozosseg-es-kultura\/vedd-ra-egy-haverodat-hogy-jojjon-veled-bringazni\/#primaryimage"},"thumbnailUrl":"https:\/\/d2p6e6u75xmxt8.cloudfront.net\/12\/2019\/01\/Friends-Cycling-profimedia-0374729753-1024x450.jpg","datePublished":"2019-01-20T11:00:48+00:00","author":{"@id":"https:\/\/www.welovecycling.com\/hu\/#\/schema\/person\/414a2aebf1801691a5320edb6468e194"},"breadcrumb":{"@id":"https:\/\/www.welovecycling.com\/hu\/kozosseg-es-kultura\/vedd-ra-egy-haverodat-hogy-jojjon-veled-bringazni\/#breadcrumb"},"inLanguage":"hu","potentialAction":[{"@type":"ReadAction","target":["https:\/\/www.welovecycling.com\/hu\/kozosseg-es-kultura\/vedd-ra-egy-haverodat-hogy-jojjon-veled-bringazni\/"]}]},{"@type":"ImageObject","inLanguage":"hu","@id":"https:\/\/www.welovecycling.com\/hu\/kozosseg-es-kultura\/vedd-ra-egy-haverodat-hogy-jojjon-veled-bringazni\/#primaryimage","url":"https:\/\/d2p6e6u75xmxt8.cloudfront.net\/12\/2019\/01\/Friends-Cycling-profimedia-0374729753-1024x450.jpg","contentUrl":"https:\/\/d2p6e6u75xmxt8.cloudfront.net\/12\/2019\/01\/Friends-Cycling-profimedia-0374729753-1024x450.jpg","width":1024,"height":450},{"@type":"BreadcrumbList","@id":"https:\/\/www.welovecycling.com\/hu\/kozosseg-es-kultura\/vedd-ra-egy-haverodat-hogy-jojjon-veled-bringazni\/#breadcrumb","itemListElement":[{"@type":"ListItem","position":1,"name":"Home","item":"https:\/\/www.welovecycling.com\/hu\/"},{"@type":"ListItem","position":2,"name":"Vedd r\u00e1 egy bar\u00e1todat a bicikliz\u00e9sre az \u00faj \u00e9vben!"}]},{"@type":"WebSite","@id":"https:\/\/www.welovecycling.com\/hu\/#website","url":"https:\/\/www.welovecycling.com\/hu\/","name":"\u0160koda We Love Cycling - Magyarorsz\u00e1g","description":"\u0160koda WeLoveCycling","potentialAction":[{"@type":"SearchAction","target":{"@type":"EntryPoint","urlTemplate":"https:\/\/www.welovecycling.com\/hu\/?s={search_term_string}"},"query-input":{"@type":"PropertyValueSpecification","valueRequired":true,"valueName":"search_term_string"}}],"inLanguage":"hu"},{"@type":"Person","@id":"https:\/\/www.welovecycling.com\/hu\/#\/schema\/person\/414a2aebf1801691a5320edb6468e194","name":"hegyizs","image":{"@type":"ImageObject","inLanguage":"hu","@id":"https:\/\/www.welovecycling.com\/hu\/#\/schema\/person\/image\/","url":"https:\/\/secure.gravatar.com\/avatar\/02cf8a7906b8cf90cecb4679defac7cfd33a1c2e3b88e4903d947f3bb58eedd3?s=96&d=mm&r=g","contentUrl":"https:\/\/secure.gravatar.com\/avatar\/02cf8a7906b8cf90cecb4679defac7cfd33a1c2e3b88e4903d947f3bb58eedd3?s=96&d=mm&r=g","caption":"hegyizs"},"url":"https:\/\/www.welovecycling.com\/hu\/author\/hegyizs\/"}]}},"_links":{"self":[{"href":"https:\/\/www.welovecycling.com\/hu\/wp-json\/wp\/v2\/posts\/2559","targetHints":{"allow":["GET"]}}],"collection":[{"href":"https:\/\/www.welovecycling.com\/hu\/wp-json\/wp\/v2\/posts"}],"about":[{"href":"https:\/\/www.welovecycling.com\/hu\/wp-json\/wp\/v2\/types\/post"}],"author":[{"embeddable":true,"href":"https:\/\/www.welovecycling.com\/hu\/wp-json\/wp\/v2\/users\/71"}],"replies":[{"embeddable":true,"href":"https:\/\/www.welovecycling.com\/hu\/wp-json\/wp\/v2\/comments?post=2559"}],"version-history":[{"count":2,"href":"https:\/\/www.welovecycling.com\/hu\/wp-json\/wp\/v2\/posts\/2559\/revisions"}],"predecessor-version":[{"id":2635,"href":"https:\/\/www.welovecycling.com\/hu\/wp-json\/wp\/v2\/posts\/2559\/revisions\/2635"}],"wp:featuredmedia":[{"embeddable":true,"href":"https:\/\/www.welovecycling.com\/hu\/wp-json\/wp\/v2\/media\/2560"}],"wp:attachment":[{"href":"https:\/\/www.welovecycling.com\/hu\/wp-json\/wp\/v2\/media?parent=2559"}],"wp:term":[{"taxonomy":"category","embeddable":true,"href":"https:\/\/www.welovecycling.com\/hu\/wp-json\/wp\/v2\/categories?post=2559"},{"taxonomy":"post_tag","embeddable":true,"href":"https:\/\/www.welovecycling.com\/hu\/wp-json\/wp\/v2\/tags?post=2559"},{"taxonomy":"global-categories","embeddable":true,"href":"https:\/\/www.welovecycling.com\/hu\/wp-json\/wp\/v2\/global-categories?post=2559"}],"curies":[{"name":"wp","href":"https:\/\/api.w.org\/{rel}","templated":true}]}}