{"id":2556,"date":"2019-01-19T12:00:01","date_gmt":"2019-01-19T11:00:01","guid":{"rendered":"https:\/\/www.welovecycling.com\/hu\/?p=2556"},"modified":"2019-01-18T13:48:22","modified_gmt":"2019-01-18T12:48:22","slug":"jo-otlet-a-rendorors-elol-biciklit-lopni","status":"publish","type":"post","link":"https:\/\/www.welovecycling.com\/hu\/moka\/jo-otlet-a-rendorors-elol-biciklit-lopni\/","title":{"rendered":"Ez a biciklitolvaj a rend\u0151rs\u00e9g el\u0151tt pr\u00f3b\u00e1lkozott &#8211; n\u00e9zd meg, mi t\u00f6rt\u00e9nt vele!"},"content":{"rendered":"<p>Gladstone v\u00e1ros rend\u0151rkapit\u00e1nys\u00e1ga (Oregon \u00e1llamban, az Egyes\u00fclt \u00c1llamokban) tette k\u00f6zz\u00e9 az interneten ezt a vide\u00f3t, amely fut\u00f3t\u0171zk\u00e9nt terjed a ker\u00e9kp\u00e1ros k\u00f6z\u00f6ss\u00e9g tagjai k\u00f6r\u00e9ben. Egy Adam Valle nev\u0171 tolvaj kell\u0151en b\u00e1tor (\u00e9s ostoba) volt ahhoz, hogy konkr\u00e9tan a rend\u0151rs\u00e9g el\u0151l akarjon elvinni egy biciklit. Okerman t\u00f6rzs\u0151rmester ezt persze nem hagyta, \u00e9s sokkol\u00f3val a kez\u00e9ben tart\u00f3ztatta fel a kapucnis f\u00e9rfit, akit azonnal el is fogtak. A k\u00e9rd\u00e9s ism\u00e9t felmer\u00fcl: a tolvajoknak semmi sem szent?<\/p>\n<p><a href=\"https:\/\/www.facebook.com\/GladstonePoliceDepartment\/videos\/2139232539724771\/\">https:\/\/www.facebook.com\/GladstonePoliceDepartment\/videos\/2139232539724771\/<\/a><\/p>\n","protected":false},"excerpt":{"rendered":"<p>Gladstone v\u00e1ros rend\u0151rkapit\u00e1nys\u00e1ga (Oregon \u00e1llamban, az Egyes\u00fclt \u00c1llamokban) tette k\u00f6zz\u00e9 az interneten ezt a vide\u00f3t, amely fut\u00f3t\u0171zk\u00e9nt terjed a ker\u00e9kp\u00e1ros [&hellip;]<\/p>\n","protected":false},"author":71,"featured_media":2557,"comment_status":"open","ping_status":"open","sticky":false,"template":"","format":"standard","meta":{"footnotes":""},"categories":[288],"tags":[296,297,298],"global-categories":[],"class_list":["post-2556","post","type-post","status-publish","format-standard","has-post-thumbnail","hentry","category-moka","tag-lopas","tag-rendorseg","tag-tolvaj"],"yoast_head":"<!-- This site is optimized with the Yoast SEO Premium plugin v25.3 (Yoast SEO v25.9) - https:\/\/yoast.com\/wordpress\/plugins\/seo\/ -->\n<title>Ez a biciklitolvaj a rend\u0151rs\u00e9g el\u0151tt pr\u00f3b\u00e1lkozott - n\u00e9zd meg, mi t\u00f6rt\u00e9nt vele! - \u0160koda We Love Cycling - Magyarorsz\u00e1g<\/title>\n<meta name=\"robots\" content=\"index, follow, max-snippet:-1, max-image-preview:large, max-video-preview:-1\" \/>\n<link rel=\"canonical\" href=\"https:\/\/www.welovecycling.com\/hu\/moka\/jo-otlet-a-rendorors-elol-biciklit-lopni\/\" \/>\n<meta property=\"og:locale\" content=\"hu_HU\" \/>\n<meta property=\"og:type\" content=\"article\" \/>\n<meta property=\"og:title\" content=\"Ez a biciklitolvaj a rend\u0151rs\u00e9g el\u0151tt pr\u00f3b\u00e1lkozott - n\u00e9zd meg, mi t\u00f6rt\u00e9nt vele!\" \/>\n<meta property=\"og:description\" content=\"Gladstone v\u00e1ros rend\u0151rkapit\u00e1nys\u00e1ga (Oregon \u00e1llamban, az Egyes\u00fclt \u00c1llamokban) tette k\u00f6zz\u00e9 az interneten ezt a vide\u00f3t, amely fut\u00f3t\u0171zk\u00e9nt terjed a ker\u00e9kp\u00e1ros [&hellip;]\" \/>\n<meta property=\"og:url\" content=\"https:\/\/www.welovecycling.com\/hu\/moka\/jo-otlet-a-rendorors-elol-biciklit-lopni\/\" \/>\n<meta property=\"og:site_name\" content=\"\u0160koda We Love Cycling - Magyarorsz\u00e1g\" \/>\n<meta property=\"article:publisher\" content=\"https:\/\/www.facebook.com\/WeLoveCyclingHungary\/\" \/>\n<meta property=\"article:published_time\" content=\"2019-01-19T11:00:01+00:00\" \/>\n<meta property=\"og:image\" content=\"https:\/\/d2p6e6u75xmxt8.cloudfront.net\/12\/2019\/01\/gladstone-police-cvr.jpg\" \/>\n\t<meta property=\"og:image:width\" content=\"1366\" \/>\n\t<meta property=\"og:image:height\" content=\"600\" \/>\n\t<meta property=\"og:image:type\" content=\"image\/jpeg\" \/>\n<meta name=\"author\" content=\"hegyizs\" \/>\n<meta name=\"twitter:card\" content=\"summary_large_image\" \/>\n<meta name=\"twitter:label1\" content=\"Written by\" \/>\n\t<meta name=\"twitter:data1\" content=\"hegyizs\" \/>\n\t<meta name=\"twitter:label2\" content=\"Est. reading time\" \/>\n\t<meta name=\"twitter:data2\" content=\"1 minute\" \/>\n<script type=\"application\/ld+json\" class=\"yoast-schema-graph\">{\"@context\":\"https:\/\/schema.org\",\"@graph\":[{\"@type\":\"WebPage\",\"@id\":\"https:\/\/www.welovecycling.com\/hu\/moka\/jo-otlet-a-rendorors-elol-biciklit-lopni\/\",\"url\":\"https:\/\/www.welovecycling.com\/hu\/moka\/jo-otlet-a-rendorors-elol-biciklit-lopni\/\",\"name\":\"Ez a biciklitolvaj a rend\u0151rs\u00e9g el\u0151tt pr\u00f3b\u00e1lkozott - n\u00e9zd meg, mi t\u00f6rt\u00e9nt vele! - \u0160koda We Love Cycling - Magyarorsz\u00e1g\",\"isPartOf\":{\"@id\":\"https:\/\/www.welovecycling.com\/hu\/#website\"},\"primaryImageOfPage\":{\"@id\":\"https:\/\/www.welovecycling.com\/hu\/moka\/jo-otlet-a-rendorors-elol-biciklit-lopni\/#primaryimage\"},\"image\":{\"@id\":\"https:\/\/www.welovecycling.com\/hu\/moka\/jo-otlet-a-rendorors-elol-biciklit-lopni\/#primaryimage\"},\"thumbnailUrl\":\"https:\/\/d2p6e6u75xmxt8.cloudfront.net\/12\/2019\/01\/gladstone-police-cvr.jpg\",\"datePublished\":\"2019-01-19T11:00:01+00:00\",\"author\":{\"@id\":\"https:\/\/www.welovecycling.com\/hu\/#\/schema\/person\/414a2aebf1801691a5320edb6468e194\"},\"breadcrumb\":{\"@id\":\"https:\/\/www.welovecycling.com\/hu\/moka\/jo-otlet-a-rendorors-elol-biciklit-lopni\/#breadcrumb\"},\"inLanguage\":\"hu\",\"potentialAction\":[{\"@type\":\"ReadAction\",\"target\":[\"https:\/\/www.welovecycling.com\/hu\/moka\/jo-otlet-a-rendorors-elol-biciklit-lopni\/\"]}]},{\"@type\":\"ImageObject\",\"inLanguage\":\"hu\",\"@id\":\"https:\/\/www.welovecycling.com\/hu\/moka\/jo-otlet-a-rendorors-elol-biciklit-lopni\/#primaryimage\",\"url\":\"https:\/\/d2p6e6u75xmxt8.cloudfront.net\/12\/2019\/01\/gladstone-police-cvr.jpg\",\"contentUrl\":\"https:\/\/d2p6e6u75xmxt8.cloudfront.net\/12\/2019\/01\/gladstone-police-cvr.jpg\",\"width\":1366,\"height\":600},{\"@type\":\"BreadcrumbList\",\"@id\":\"https:\/\/www.welovecycling.com\/hu\/moka\/jo-otlet-a-rendorors-elol-biciklit-lopni\/#breadcrumb\",\"itemListElement\":[{\"@type\":\"ListItem\",\"position\":1,\"name\":\"Home\",\"item\":\"https:\/\/www.welovecycling.com\/hu\/\"},{\"@type\":\"ListItem\",\"position\":2,\"name\":\"Ez a biciklitolvaj a rend\u0151rs\u00e9g el\u0151tt pr\u00f3b\u00e1lkozott &#8211; n\u00e9zd meg, mi t\u00f6rt\u00e9nt vele!\"}]},{\"@type\":\"WebSite\",\"@id\":\"https:\/\/www.welovecycling.com\/hu\/#website\",\"url\":\"https:\/\/www.welovecycling.com\/hu\/\",\"name\":\"\u0160koda We Love Cycling - Magyarorsz\u00e1g\",\"description\":\"\u0160koda WeLoveCycling\",\"potentialAction\":[{\"@type\":\"SearchAction\",\"target\":{\"@type\":\"EntryPoint\",\"urlTemplate\":\"https:\/\/www.welovecycling.com\/hu\/?s={search_term_string}\"},\"query-input\":{\"@type\":\"PropertyValueSpecification\",\"valueRequired\":true,\"valueName\":\"search_term_string\"}}],\"inLanguage\":\"hu\"},{\"@type\":\"Person\",\"@id\":\"https:\/\/www.welovecycling.com\/hu\/#\/schema\/person\/414a2aebf1801691a5320edb6468e194\",\"name\":\"hegyizs\",\"image\":{\"@type\":\"ImageObject\",\"inLanguage\":\"hu\",\"@id\":\"https:\/\/www.welovecycling.com\/hu\/#\/schema\/person\/image\/\",\"url\":\"https:\/\/secure.gravatar.com\/avatar\/02cf8a7906b8cf90cecb4679defac7cfd33a1c2e3b88e4903d947f3bb58eedd3?s=96&d=mm&r=g\",\"contentUrl\":\"https:\/\/secure.gravatar.com\/avatar\/02cf8a7906b8cf90cecb4679defac7cfd33a1c2e3b88e4903d947f3bb58eedd3?s=96&d=mm&r=g\",\"caption\":\"hegyizs\"},\"url\":\"https:\/\/www.welovecycling.com\/hu\/author\/hegyizs\/\"}]}<\/script>\n<!-- \/ Yoast SEO Premium plugin. -->","yoast_head_json":{"title":"Ez a biciklitolvaj a rend\u0151rs\u00e9g el\u0151tt pr\u00f3b\u00e1lkozott - n\u00e9zd meg, mi t\u00f6rt\u00e9nt vele! - \u0160koda We Love Cycling - Magyarorsz\u00e1g","robots":{"index":"index","follow":"follow","max-snippet":"max-snippet:-1","max-image-preview":"max-image-preview:large","max-video-preview":"max-video-preview:-1"},"canonical":"https:\/\/www.welovecycling.com\/hu\/moka\/jo-otlet-a-rendorors-elol-biciklit-lopni\/","og_locale":"hu_HU","og_type":"article","og_title":"Ez a biciklitolvaj a rend\u0151rs\u00e9g el\u0151tt pr\u00f3b\u00e1lkozott - n\u00e9zd meg, mi t\u00f6rt\u00e9nt vele!","og_description":"Gladstone v\u00e1ros rend\u0151rkapit\u00e1nys\u00e1ga (Oregon \u00e1llamban, az Egyes\u00fclt \u00c1llamokban) tette k\u00f6zz\u00e9 az interneten ezt a vide\u00f3t, amely fut\u00f3t\u0171zk\u00e9nt terjed a ker\u00e9kp\u00e1ros [&hellip;]","og_url":"https:\/\/www.welovecycling.com\/hu\/moka\/jo-otlet-a-rendorors-elol-biciklit-lopni\/","og_site_name":"\u0160koda We Love Cycling - Magyarorsz\u00e1g","article_publisher":"https:\/\/www.facebook.com\/WeLoveCyclingHungary\/","article_published_time":"2019-01-19T11:00:01+00:00","og_image":[{"width":1366,"height":600,"url":"https:\/\/d2p6e6u75xmxt8.cloudfront.net\/12\/2019\/01\/gladstone-police-cvr.jpg","type":"image\/jpeg"}],"author":"hegyizs","twitter_card":"summary_large_image","twitter_misc":{"Written by":"hegyizs","Est. reading time":"1 minute"},"schema":{"@context":"https:\/\/schema.org","@graph":[{"@type":"WebPage","@id":"https:\/\/www.welovecycling.com\/hu\/moka\/jo-otlet-a-rendorors-elol-biciklit-lopni\/","url":"https:\/\/www.welovecycling.com\/hu\/moka\/jo-otlet-a-rendorors-elol-biciklit-lopni\/","name":"Ez a biciklitolvaj a rend\u0151rs\u00e9g el\u0151tt pr\u00f3b\u00e1lkozott - n\u00e9zd meg, mi t\u00f6rt\u00e9nt vele! - \u0160koda We Love Cycling - Magyarorsz\u00e1g","isPartOf":{"@id":"https:\/\/www.welovecycling.com\/hu\/#website"},"primaryImageOfPage":{"@id":"https:\/\/www.welovecycling.com\/hu\/moka\/jo-otlet-a-rendorors-elol-biciklit-lopni\/#primaryimage"},"image":{"@id":"https:\/\/www.welovecycling.com\/hu\/moka\/jo-otlet-a-rendorors-elol-biciklit-lopni\/#primaryimage"},"thumbnailUrl":"https:\/\/d2p6e6u75xmxt8.cloudfront.net\/12\/2019\/01\/gladstone-police-cvr.jpg","datePublished":"2019-01-19T11:00:01+00:00","author":{"@id":"https:\/\/www.welovecycling.com\/hu\/#\/schema\/person\/414a2aebf1801691a5320edb6468e194"},"breadcrumb":{"@id":"https:\/\/www.welovecycling.com\/hu\/moka\/jo-otlet-a-rendorors-elol-biciklit-lopni\/#breadcrumb"},"inLanguage":"hu","potentialAction":[{"@type":"ReadAction","target":["https:\/\/www.welovecycling.com\/hu\/moka\/jo-otlet-a-rendorors-elol-biciklit-lopni\/"]}]},{"@type":"ImageObject","inLanguage":"hu","@id":"https:\/\/www.welovecycling.com\/hu\/moka\/jo-otlet-a-rendorors-elol-biciklit-lopni\/#primaryimage","url":"https:\/\/d2p6e6u75xmxt8.cloudfront.net\/12\/2019\/01\/gladstone-police-cvr.jpg","contentUrl":"https:\/\/d2p6e6u75xmxt8.cloudfront.net\/12\/2019\/01\/gladstone-police-cvr.jpg","width":1366,"height":600},{"@type":"BreadcrumbList","@id":"https:\/\/www.welovecycling.com\/hu\/moka\/jo-otlet-a-rendorors-elol-biciklit-lopni\/#breadcrumb","itemListElement":[{"@type":"ListItem","position":1,"name":"Home","item":"https:\/\/www.welovecycling.com\/hu\/"},{"@type":"ListItem","position":2,"name":"Ez a biciklitolvaj a rend\u0151rs\u00e9g el\u0151tt pr\u00f3b\u00e1lkozott &#8211; n\u00e9zd meg, mi t\u00f6rt\u00e9nt vele!"}]},{"@type":"WebSite","@id":"https:\/\/www.welovecycling.com\/hu\/#website","url":"https:\/\/www.welovecycling.com\/hu\/","name":"\u0160koda We Love Cycling - Magyarorsz\u00e1g","description":"\u0160koda WeLoveCycling","potentialAction":[{"@type":"SearchAction","target":{"@type":"EntryPoint","urlTemplate":"https:\/\/www.welovecycling.com\/hu\/?s={search_term_string}"},"query-input":{"@type":"PropertyValueSpecification","valueRequired":true,"valueName":"search_term_string"}}],"inLanguage":"hu"},{"@type":"Person","@id":"https:\/\/www.welovecycling.com\/hu\/#\/schema\/person\/414a2aebf1801691a5320edb6468e194","name":"hegyizs","image":{"@type":"ImageObject","inLanguage":"hu","@id":"https:\/\/www.welovecycling.com\/hu\/#\/schema\/person\/image\/","url":"https:\/\/secure.gravatar.com\/avatar\/02cf8a7906b8cf90cecb4679defac7cfd33a1c2e3b88e4903d947f3bb58eedd3?s=96&d=mm&r=g","contentUrl":"https:\/\/secure.gravatar.com\/avatar\/02cf8a7906b8cf90cecb4679defac7cfd33a1c2e3b88e4903d947f3bb58eedd3?s=96&d=mm&r=g","caption":"hegyizs"},"url":"https:\/\/www.welovecycling.com\/hu\/author\/hegyizs\/"}]}},"_links":{"self":[{"href":"https:\/\/www.welovecycling.com\/hu\/wp-json\/wp\/v2\/posts\/2556","targetHints":{"allow":["GET"]}}],"collection":[{"href":"https:\/\/www.welovecycling.com\/hu\/wp-json\/wp\/v2\/posts"}],"about":[{"href":"https:\/\/www.welovecycling.com\/hu\/wp-json\/wp\/v2\/types\/post"}],"author":[{"embeddable":true,"href":"https:\/\/www.welovecycling.com\/hu\/wp-json\/wp\/v2\/users\/71"}],"replies":[{"embeddable":true,"href":"https:\/\/www.welovecycling.com\/hu\/wp-json\/wp\/v2\/comments?post=2556"}],"version-history":[{"count":2,"href":"https:\/\/www.welovecycling.com\/hu\/wp-json\/wp\/v2\/posts\/2556\/revisions"}],"predecessor-version":[{"id":2627,"href":"https:\/\/www.welovecycling.com\/hu\/wp-json\/wp\/v2\/posts\/2556\/revisions\/2627"}],"wp:featuredmedia":[{"embeddable":true,"href":"https:\/\/www.welovecycling.com\/hu\/wp-json\/wp\/v2\/media\/2557"}],"wp:attachment":[{"href":"https:\/\/www.welovecycling.com\/hu\/wp-json\/wp\/v2\/media?parent=2556"}],"wp:term":[{"taxonomy":"category","embeddable":true,"href":"https:\/\/www.welovecycling.com\/hu\/wp-json\/wp\/v2\/categories?post=2556"},{"taxonomy":"post_tag","embeddable":true,"href":"https:\/\/www.welovecycling.com\/hu\/wp-json\/wp\/v2\/tags?post=2556"},{"taxonomy":"global-categories","embeddable":true,"href":"https:\/\/www.welovecycling.com\/hu\/wp-json\/wp\/v2\/global-categories?post=2556"}],"curies":[{"name":"wp","href":"https:\/\/api.w.org\/{rel}","templated":true}]}}