{"id":2515,"date":"2019-01-10T09:00:50","date_gmt":"2019-01-10T08:00:50","guid":{"rendered":"https:\/\/www.welovecycling.com\/hu\/?p=2515"},"modified":"2019-01-08T17:29:03","modified_gmt":"2019-01-08T16:29:03","slug":"ti-tudtok-biciklit-rajzolni","status":"publish","type":"post","link":"https:\/\/www.welovecycling.com\/hu\/moka\/ti-tudtok-biciklit-rajzolni\/","title":{"rendered":"Ti tudtok biciklit rajzolni?"},"content":{"rendered":"<p><strong>Miel\u0151tt r\u00e1v\u00e1gn\u00e1tok a gyors v\u00e1laszt, azt javasoljuk, gyakoroljatok egy kis eg\u00e9szs\u00e9ges \u00f6nkritik\u00e1t, \u00e9s pr\u00f3b\u00e1ljatok meg ti is eml\u00e9kezetb\u0151l(!) lerajzolni egy bring\u00e1t! <a href=\"https:\/\/www.facebook.com\/GianlucaGiminiLTD\/\">Gianluca Gimini<\/a> olasz diz\u00e1jner ugyanerre k\u00e9rte fel \u2013 kihangs\u00falyozn\u00e1nk, feln\u0151tt \u2013 bar\u00e1tait, majd a munk\u00e1kb\u00f3l 3D rendereket k\u00e9sz\u00edtett. A v\u00e9geredm\u00e9nyt k\u00f6nnybel\u00e1badt szemekkel b\u00f6ng\u00e9szt\u00fck v\u00e9gig, de l\u00e1tni fogj\u00e1tok, nem a meghatotts\u00e1g miatt&#8230;<\/strong><\/p>\n<p><strong>\u00a0<\/strong><\/p>\n<p><strong>1)<\/strong><\/p>\n<p><img loading=\"lazy\" decoding=\"async\" class=\"aligncenter size-full wp-image-2516\" src=\"https:\/\/d2p6e6u75xmxt8.cloudfront.net\/12\/2019\/01\/1.jpg\" alt=\"\" width=\"1304\" height=\"495\" srcset=\"https:\/\/d2p6e6u75xmxt8.cloudfront.net\/12\/2019\/01\/1.jpg 1304w, https:\/\/d2p6e6u75xmxt8.cloudfront.net\/12\/2019\/01\/1-300x114.jpg 300w, https:\/\/d2p6e6u75xmxt8.cloudfront.net\/12\/2019\/01\/1-768x292.jpg 768w, https:\/\/d2p6e6u75xmxt8.cloudfront.net\/12\/2019\/01\/1-1024x389.jpg 1024w\" sizes=\"auto, (max-width: 1304px) 100vw, 1304px\" \/><\/p>\n<p>Leonardo (nem da Vinci!) alkot\u00e1sa minden erej\u00e9vel a kompakts\u00e1gra t\u00f6rekszik, de k\u00f6zben megfeledkezik a meghajt\u00e1s problematik\u00e1j\u00e1r\u00f3l. Ha bev\u00e1llaljuk a nyuszimotoron megszokott mozdulatsorokat, m\u00e9g \u00f6r\u00fclhet\u00fcnk is, hogy nem kell a hajt\u00f3karral, ped\u00e1llal \u00e9s azzal a fr\u00e1nya olajos l\u00e1nccal vesz\u0151dni. \u00dcgyelj\u00fcnk a s\u00falypont el\u0151rehelyez\u00e9s\u00e9re!<\/p>\n<p><strong>2) <\/strong><\/p>\n<p><strong><a href=\"https:\/\/d2p6e6u75xmxt8.cloudfront.net\/12\/2019\/01\/2.jpg\"><img loading=\"lazy\" decoding=\"async\" class=\"aligncenter size-full wp-image-2517\" src=\"https:\/\/d2p6e6u75xmxt8.cloudfront.net\/12\/2019\/01\/2.jpg\" alt=\"\" width=\"1304\" height=\"495\" srcset=\"https:\/\/d2p6e6u75xmxt8.cloudfront.net\/12\/2019\/01\/2.jpg 1304w, https:\/\/d2p6e6u75xmxt8.cloudfront.net\/12\/2019\/01\/2-300x114.jpg 300w, https:\/\/d2p6e6u75xmxt8.cloudfront.net\/12\/2019\/01\/2-768x292.jpg 768w, https:\/\/d2p6e6u75xmxt8.cloudfront.net\/12\/2019\/01\/2-1024x389.jpg 1024w\" sizes=\"auto, (max-width: 1304px) 100vw, 1304px\" \/><\/a><\/strong><\/p>\n<p>Anna m\u00e1r sz\u00e1mol a ped\u00e1lhajt\u00e1ssal, az m\u00e9gis n\u00e9mileg bizonytalan felf\u00fcggeszt\u00e9st kap. A nyereg, a meghajt\u00e1s \u00e9s a korm\u00e1ny h\u00e1rmas\u00e1nak az egyedi eszt\u00e9tika olt\u00e1r\u00e1n fel\u00e1ldozott t\u00e9rbeli elhelyez\u00e9se csak gibbonszer\u0171 testar\u00e1nyokkal meg\u00e1ldott bring\u00e1sok sz\u00e1m\u00e1ra haszn\u00e1lhat\u00f3. Izgalmas visszat\u00e9r\u0151 elem a kerekek felf\u00fcggeszt\u00e9se.<\/p>\n<p><strong>3)<\/strong><\/p>\n<p><a href=\"https:\/\/d2p6e6u75xmxt8.cloudfront.net\/12\/2019\/01\/3.jpg\"><img loading=\"lazy\" decoding=\"async\" class=\"aligncenter size-full wp-image-2518\" src=\"https:\/\/d2p6e6u75xmxt8.cloudfront.net\/12\/2019\/01\/3.jpg\" alt=\"\" width=\"1304\" height=\"495\" srcset=\"https:\/\/d2p6e6u75xmxt8.cloudfront.net\/12\/2019\/01\/3.jpg 1304w, https:\/\/d2p6e6u75xmxt8.cloudfront.net\/12\/2019\/01\/3-300x114.jpg 300w, https:\/\/d2p6e6u75xmxt8.cloudfront.net\/12\/2019\/01\/3-768x292.jpg 768w, https:\/\/d2p6e6u75xmxt8.cloudfront.net\/12\/2019\/01\/3-1024x389.jpg 1024w\" sizes=\"auto, (max-width: 1304px) 100vw, 1304px\" \/><\/a><\/p>\n<p>Alessandro l\u00e1that\u00f3an lelkes fatbike rajong\u00f3, aki megk\u00eds\u00e9relt frapp\u00e1ns megold\u00e1st ny\u00fajtani az \u00f6sszkerekes biciklimeghajt\u00e1s \u00e9vsz\u00e1zados probl\u00e9m\u00e1j\u00e1ra. A Cannondale-re <a href=\"https:\/\/factoryjackson.com\/2016\/02\/18\/cannondale-lefty-the-story-of-half-a-fork\/\">hajaz\u00f3<\/a> szimpla baloldali felf\u00fcggeszt\u00e9s m\u00e9g kecsesnek is mondhat\u00f3 a robusztus, er\u0151t sug\u00e1rz\u00f3 v\u00e1zkialak\u00edt\u00e1s mellett, ami a m\u00e9rs\u00e9kelt korm\u00e1nyozhat\u00f3s\u00e1g miatt lehetett fontos. Ha a mai harckocsikhoz tartozna bicikli, na az ilyen lenne, persze haszn\u00e1lhat\u00f3 form\u00e1ban.<\/p>\n<p><strong>4)<\/strong><\/p>\n<p><strong><a href=\"https:\/\/d2p6e6u75xmxt8.cloudfront.net\/12\/2019\/01\/4.jpg\"><img loading=\"lazy\" decoding=\"async\" class=\"aligncenter size-full wp-image-2519\" src=\"https:\/\/d2p6e6u75xmxt8.cloudfront.net\/12\/2019\/01\/4.jpg\" alt=\"\" width=\"1304\" height=\"495\" srcset=\"https:\/\/d2p6e6u75xmxt8.cloudfront.net\/12\/2019\/01\/4.jpg 1304w, https:\/\/d2p6e6u75xmxt8.cloudfront.net\/12\/2019\/01\/4-300x114.jpg 300w, https:\/\/d2p6e6u75xmxt8.cloudfront.net\/12\/2019\/01\/4-768x292.jpg 768w, https:\/\/d2p6e6u75xmxt8.cloudfront.net\/12\/2019\/01\/4-1024x389.jpg 1024w\" sizes=\"auto, (max-width: 1304px) 100vw, 1304px\" \/><\/a><\/strong><\/p>\n<p>Az innov\u00e1ci\u00f3nak a fizika sem szabhat hat\u00e1rt. Ennek szellem\u00e9ben \u00e1lmodhatta meg Rosella az els\u0151ker\u00e9k-meghajt\u00e1s\u00fa biciklit. A k\u00f6z\u00e9ps\u0151 v\u00e1zelemek hi\u00e1nyoznak, de minden egy\u00e9b r\u00e9szlet\u00e9ben klasszikus \u00e9s letisztult v\u00e1rosi ker\u00e9kp\u00e1r t\u00e1rul a szem\u00fcnk el\u00e9, amivel kiv\u00e1l\u00f3an tekerhet\u00fcnk h\u00e1tramenetben, ford\u00edtva korm\u00e1nyozva a meghajtott kereket. Szuper!<\/p>\n<p><strong>5)<\/strong><\/p>\n<p><strong><a href=\"https:\/\/d2p6e6u75xmxt8.cloudfront.net\/12\/2019\/01\/5.jpg\"><img loading=\"lazy\" decoding=\"async\" class=\"aligncenter size-full wp-image-2520\" src=\"https:\/\/d2p6e6u75xmxt8.cloudfront.net\/12\/2019\/01\/5.jpg\" alt=\"\" width=\"1304\" height=\"495\" srcset=\"https:\/\/d2p6e6u75xmxt8.cloudfront.net\/12\/2019\/01\/5.jpg 1304w, https:\/\/d2p6e6u75xmxt8.cloudfront.net\/12\/2019\/01\/5-300x114.jpg 300w, https:\/\/d2p6e6u75xmxt8.cloudfront.net\/12\/2019\/01\/5-768x292.jpg 768w, https:\/\/d2p6e6u75xmxt8.cloudfront.net\/12\/2019\/01\/5-1024x389.jpg 1024w\" sizes=\"auto, (max-width: 1304px) 100vw, 1304px\" \/><\/a><\/strong><\/p>\n<p>Anna Rita vadonat\u00faj szintre emelte a l\u00e9giess\u00e9g fogalm\u00e1t. A komponenseket egybetartani hivatott v\u00e1z hanyag eleganci\u00e1val mell\u0151z szinte minden \u00f6sszek\u00f6ttet\u00e9st. Mintha csak a sallangmentess\u00e9g \u00e9s a fizika makacs t\u00f6rv\u00e9nyei k\u00f6zt lebegne az eg\u00e9sz m\u0171remek. A chopperkorm\u00e1ny\u00e9rt j\u00e1r a pluszpont.<\/p>\n<p><strong>6)<\/strong><\/p>\n<p><strong><a href=\"https:\/\/d2p6e6u75xmxt8.cloudfront.net\/12\/2019\/01\/6.jpg\"><img loading=\"lazy\" decoding=\"async\" class=\"aligncenter size-full wp-image-2521\" src=\"https:\/\/d2p6e6u75xmxt8.cloudfront.net\/12\/2019\/01\/6.jpg\" alt=\"\" width=\"1304\" height=\"495\" srcset=\"https:\/\/d2p6e6u75xmxt8.cloudfront.net\/12\/2019\/01\/6.jpg 1304w, https:\/\/d2p6e6u75xmxt8.cloudfront.net\/12\/2019\/01\/6-300x114.jpg 300w, https:\/\/d2p6e6u75xmxt8.cloudfront.net\/12\/2019\/01\/6-768x292.jpg 768w, https:\/\/d2p6e6u75xmxt8.cloudfront.net\/12\/2019\/01\/6-1024x389.jpg 1024w\" sizes=\"auto, (max-width: 1304px) 100vw, 1304px\" \/><\/a><\/strong><\/p>\n<p>V\u00e9gre valaki gondolt a p\u00e1lyabring\u00e1sokra is! Persze csak ha felt\u00e9telezz\u00fck, hogy az a bizonyos p\u00e1lya t\u00f6k\u00e9letesen egyenes. Lee egy hi\u00e1nyp\u00f3tl\u00f3 alkatr\u00e9sszel eg\u00e9sz\u00edtette ki az am\u00fagy m\u00e1r majdnem teljes \u00f6nval\u00f3j\u00e1ban versenybiciklire eml\u00e9keztet\u0151 dr\u00f3tszamarat. Nem is tudjuk, hirtelen minek nevezz\u00fck, de ak\u00e1rhogy is n\u00e9zz\u00fck, ez bizony egy v\u00e1zhoz hegesztett korm\u00e1nyz\u00e1s g\u00e1tl\u00f3 villa. Aj\u00e1nljuk mindazoknak, akiknek az egyenes tart\u00e1s\u00e1n van m\u00e9g mit csiszolni. A z\u00e1szl\u00f3cska nagyon cuki.<\/p>\n<p><strong>7)<\/strong><\/p>\n<p><a href=\"https:\/\/d2p6e6u75xmxt8.cloudfront.net\/12\/2019\/01\/7.jpg\"><img loading=\"lazy\" decoding=\"async\" class=\"aligncenter size-full wp-image-2522\" src=\"https:\/\/d2p6e6u75xmxt8.cloudfront.net\/12\/2019\/01\/7.jpg\" alt=\"\" width=\"1304\" height=\"495\" srcset=\"https:\/\/d2p6e6u75xmxt8.cloudfront.net\/12\/2019\/01\/7.jpg 1304w, https:\/\/d2p6e6u75xmxt8.cloudfront.net\/12\/2019\/01\/7-300x114.jpg 300w, https:\/\/d2p6e6u75xmxt8.cloudfront.net\/12\/2019\/01\/7-768x292.jpg 768w, https:\/\/d2p6e6u75xmxt8.cloudfront.net\/12\/2019\/01\/7-1024x389.jpg 1024w\" sizes=\"auto, (max-width: 1304px) 100vw, 1304px\" \/><\/a><\/p>\n<p>Giorgia is pimaszul szembesz\u00e1llt a biciklitervez\u00e9s konvenci\u00f3ival. Bev\u00e1llal\u00f3s nyeregk\u00f6zpont\u00fa protot\u00edpus\u00e1r\u00f3l neh\u00e9z eld\u00f6nteni, hogy a szeml\u00e9l\u0151re vagy a nyereg alatt elhelyezked\u0151 csom\u00f3pontra akar-e nagyobb nyom\u00e1st gyakorolni. Az \u00fcl\u00e9s \u00e1ll\u00edthat\u00f3s\u00e1ga nem volt szempont, mindent egyszerre nem lehet.<\/p>\n","protected":false},"excerpt":{"rendered":"<p>Miel\u0151tt r\u00e1v\u00e1gn\u00e1tok a gyors v\u00e1laszt, azt javasoljuk, gyakoroljatok egy kis eg\u00e9szs\u00e9ges \u00f6nkritik\u00e1t, \u00e9s pr\u00f3b\u00e1ljatok meg ti is eml\u00e9kezetb\u0151l(!) lerajzolni egy [&hellip;]<\/p>\n","protected":false},"author":71,"featured_media":2526,"comment_status":"open","ping_status":"open","sticky":false,"template":"","format":"standard","meta":{"footnotes":""},"categories":[288],"tags":[290,291,289],"global-categories":[],"class_list":["post-2515","post","type-post","status-publish","format-standard","has-post-thumbnail","hentry","category-moka","tag-design","tag-gianluca-gimini","tag-rajz"],"yoast_head":"<!-- This site is optimized with the Yoast SEO Premium plugin v25.3 (Yoast SEO v25.9) - https:\/\/yoast.com\/wordpress\/plugins\/seo\/ -->\n<title>Ti tudtok biciklit rajzolni? - \u0160koda We Love Cycling - Magyarorsz\u00e1g<\/title>\n<meta name=\"robots\" content=\"index, follow, max-snippet:-1, max-image-preview:large, max-video-preview:-1\" \/>\n<link rel=\"canonical\" href=\"https:\/\/www.welovecycling.com\/hu\/moka\/ti-tudtok-biciklit-rajzolni\/\" \/>\n<meta property=\"og:locale\" content=\"hu_HU\" \/>\n<meta property=\"og:type\" content=\"article\" \/>\n<meta property=\"og:title\" content=\"Ti tudtok biciklit rajzolni?\" \/>\n<meta property=\"og:description\" content=\"Miel\u0151tt r\u00e1v\u00e1gn\u00e1tok a gyors v\u00e1laszt, azt javasoljuk, gyakoroljatok egy kis eg\u00e9szs\u00e9ges \u00f6nkritik\u00e1t, \u00e9s pr\u00f3b\u00e1ljatok meg ti is eml\u00e9kezetb\u0151l(!) lerajzolni egy [&hellip;]\" \/>\n<meta property=\"og:url\" content=\"https:\/\/www.welovecycling.com\/hu\/moka\/ti-tudtok-biciklit-rajzolni\/\" \/>\n<meta property=\"og:site_name\" content=\"\u0160koda We Love Cycling - Magyarorsz\u00e1g\" \/>\n<meta property=\"article:publisher\" content=\"https:\/\/www.facebook.com\/WeLoveCyclingHungary\/\" \/>\n<meta property=\"article:published_time\" content=\"2019-01-10T08:00:50+00:00\" \/>\n<meta property=\"og:image\" content=\"https:\/\/d2p6e6u75xmxt8.cloudfront.net\/12\/2019\/01\/14332252_ML.jpg\" \/>\n\t<meta property=\"og:image:width\" content=\"1450\" \/>\n\t<meta property=\"og:image:height\" content=\"1024\" \/>\n\t<meta property=\"og:image:type\" content=\"image\/jpeg\" \/>\n<meta name=\"author\" content=\"hegyizs\" \/>\n<meta name=\"twitter:card\" content=\"summary_large_image\" \/>\n<meta name=\"twitter:label1\" content=\"Written by\" \/>\n\t<meta name=\"twitter:data1\" content=\"hegyizs\" \/>\n\t<meta name=\"twitter:label2\" content=\"Est. reading time\" \/>\n\t<meta name=\"twitter:data2\" content=\"3 minutes\" \/>\n<script type=\"application\/ld+json\" class=\"yoast-schema-graph\">{\"@context\":\"https:\/\/schema.org\",\"@graph\":[{\"@type\":\"WebPage\",\"@id\":\"https:\/\/www.welovecycling.com\/hu\/moka\/ti-tudtok-biciklit-rajzolni\/\",\"url\":\"https:\/\/www.welovecycling.com\/hu\/moka\/ti-tudtok-biciklit-rajzolni\/\",\"name\":\"Ti tudtok biciklit rajzolni? - \u0160koda We Love Cycling - Magyarorsz\u00e1g\",\"isPartOf\":{\"@id\":\"https:\/\/www.welovecycling.com\/hu\/#website\"},\"primaryImageOfPage\":{\"@id\":\"https:\/\/www.welovecycling.com\/hu\/moka\/ti-tudtok-biciklit-rajzolni\/#primaryimage\"},\"image\":{\"@id\":\"https:\/\/www.welovecycling.com\/hu\/moka\/ti-tudtok-biciklit-rajzolni\/#primaryimage\"},\"thumbnailUrl\":\"https:\/\/d2p6e6u75xmxt8.cloudfront.net\/12\/2019\/01\/14332252_ML.jpg\",\"datePublished\":\"2019-01-10T08:00:50+00:00\",\"author\":{\"@id\":\"https:\/\/www.welovecycling.com\/hu\/#\/schema\/person\/414a2aebf1801691a5320edb6468e194\"},\"breadcrumb\":{\"@id\":\"https:\/\/www.welovecycling.com\/hu\/moka\/ti-tudtok-biciklit-rajzolni\/#breadcrumb\"},\"inLanguage\":\"hu\",\"potentialAction\":[{\"@type\":\"ReadAction\",\"target\":[\"https:\/\/www.welovecycling.com\/hu\/moka\/ti-tudtok-biciklit-rajzolni\/\"]}]},{\"@type\":\"ImageObject\",\"inLanguage\":\"hu\",\"@id\":\"https:\/\/www.welovecycling.com\/hu\/moka\/ti-tudtok-biciklit-rajzolni\/#primaryimage\",\"url\":\"https:\/\/d2p6e6u75xmxt8.cloudfront.net\/12\/2019\/01\/14332252_ML.jpg\",\"contentUrl\":\"https:\/\/d2p6e6u75xmxt8.cloudfront.net\/12\/2019\/01\/14332252_ML.jpg\",\"width\":1450,\"height\":1024,\"caption\":\"14332252 - retro-styled hand drawn bicycle\"},{\"@type\":\"BreadcrumbList\",\"@id\":\"https:\/\/www.welovecycling.com\/hu\/moka\/ti-tudtok-biciklit-rajzolni\/#breadcrumb\",\"itemListElement\":[{\"@type\":\"ListItem\",\"position\":1,\"name\":\"Home\",\"item\":\"https:\/\/www.welovecycling.com\/hu\/\"},{\"@type\":\"ListItem\",\"position\":2,\"name\":\"Ti tudtok biciklit rajzolni?\"}]},{\"@type\":\"WebSite\",\"@id\":\"https:\/\/www.welovecycling.com\/hu\/#website\",\"url\":\"https:\/\/www.welovecycling.com\/hu\/\",\"name\":\"\u0160koda We Love Cycling - Magyarorsz\u00e1g\",\"description\":\"\u0160koda WeLoveCycling\",\"potentialAction\":[{\"@type\":\"SearchAction\",\"target\":{\"@type\":\"EntryPoint\",\"urlTemplate\":\"https:\/\/www.welovecycling.com\/hu\/?s={search_term_string}\"},\"query-input\":{\"@type\":\"PropertyValueSpecification\",\"valueRequired\":true,\"valueName\":\"search_term_string\"}}],\"inLanguage\":\"hu\"},{\"@type\":\"Person\",\"@id\":\"https:\/\/www.welovecycling.com\/hu\/#\/schema\/person\/414a2aebf1801691a5320edb6468e194\",\"name\":\"hegyizs\",\"image\":{\"@type\":\"ImageObject\",\"inLanguage\":\"hu\",\"@id\":\"https:\/\/www.welovecycling.com\/hu\/#\/schema\/person\/image\/\",\"url\":\"https:\/\/secure.gravatar.com\/avatar\/02cf8a7906b8cf90cecb4679defac7cfd33a1c2e3b88e4903d947f3bb58eedd3?s=96&d=mm&r=g\",\"contentUrl\":\"https:\/\/secure.gravatar.com\/avatar\/02cf8a7906b8cf90cecb4679defac7cfd33a1c2e3b88e4903d947f3bb58eedd3?s=96&d=mm&r=g\",\"caption\":\"hegyizs\"},\"url\":\"https:\/\/www.welovecycling.com\/hu\/author\/hegyizs\/\"}]}<\/script>\n<!-- \/ Yoast SEO Premium plugin. -->","yoast_head_json":{"title":"Ti tudtok biciklit rajzolni? - \u0160koda We Love Cycling - Magyarorsz\u00e1g","robots":{"index":"index","follow":"follow","max-snippet":"max-snippet:-1","max-image-preview":"max-image-preview:large","max-video-preview":"max-video-preview:-1"},"canonical":"https:\/\/www.welovecycling.com\/hu\/moka\/ti-tudtok-biciklit-rajzolni\/","og_locale":"hu_HU","og_type":"article","og_title":"Ti tudtok biciklit rajzolni?","og_description":"Miel\u0151tt r\u00e1v\u00e1gn\u00e1tok a gyors v\u00e1laszt, azt javasoljuk, gyakoroljatok egy kis eg\u00e9szs\u00e9ges \u00f6nkritik\u00e1t, \u00e9s pr\u00f3b\u00e1ljatok meg ti is eml\u00e9kezetb\u0151l(!) lerajzolni egy [&hellip;]","og_url":"https:\/\/www.welovecycling.com\/hu\/moka\/ti-tudtok-biciklit-rajzolni\/","og_site_name":"\u0160koda We Love Cycling - Magyarorsz\u00e1g","article_publisher":"https:\/\/www.facebook.com\/WeLoveCyclingHungary\/","article_published_time":"2019-01-10T08:00:50+00:00","og_image":[{"width":1450,"height":1024,"url":"https:\/\/d2p6e6u75xmxt8.cloudfront.net\/12\/2019\/01\/14332252_ML.jpg","type":"image\/jpeg"}],"author":"hegyizs","twitter_card":"summary_large_image","twitter_misc":{"Written by":"hegyizs","Est. reading time":"3 minutes"},"schema":{"@context":"https:\/\/schema.org","@graph":[{"@type":"WebPage","@id":"https:\/\/www.welovecycling.com\/hu\/moka\/ti-tudtok-biciklit-rajzolni\/","url":"https:\/\/www.welovecycling.com\/hu\/moka\/ti-tudtok-biciklit-rajzolni\/","name":"Ti tudtok biciklit rajzolni? - \u0160koda We Love Cycling - Magyarorsz\u00e1g","isPartOf":{"@id":"https:\/\/www.welovecycling.com\/hu\/#website"},"primaryImageOfPage":{"@id":"https:\/\/www.welovecycling.com\/hu\/moka\/ti-tudtok-biciklit-rajzolni\/#primaryimage"},"image":{"@id":"https:\/\/www.welovecycling.com\/hu\/moka\/ti-tudtok-biciklit-rajzolni\/#primaryimage"},"thumbnailUrl":"https:\/\/d2p6e6u75xmxt8.cloudfront.net\/12\/2019\/01\/14332252_ML.jpg","datePublished":"2019-01-10T08:00:50+00:00","author":{"@id":"https:\/\/www.welovecycling.com\/hu\/#\/schema\/person\/414a2aebf1801691a5320edb6468e194"},"breadcrumb":{"@id":"https:\/\/www.welovecycling.com\/hu\/moka\/ti-tudtok-biciklit-rajzolni\/#breadcrumb"},"inLanguage":"hu","potentialAction":[{"@type":"ReadAction","target":["https:\/\/www.welovecycling.com\/hu\/moka\/ti-tudtok-biciklit-rajzolni\/"]}]},{"@type":"ImageObject","inLanguage":"hu","@id":"https:\/\/www.welovecycling.com\/hu\/moka\/ti-tudtok-biciklit-rajzolni\/#primaryimage","url":"https:\/\/d2p6e6u75xmxt8.cloudfront.net\/12\/2019\/01\/14332252_ML.jpg","contentUrl":"https:\/\/d2p6e6u75xmxt8.cloudfront.net\/12\/2019\/01\/14332252_ML.jpg","width":1450,"height":1024,"caption":"14332252 - retro-styled hand drawn bicycle"},{"@type":"BreadcrumbList","@id":"https:\/\/www.welovecycling.com\/hu\/moka\/ti-tudtok-biciklit-rajzolni\/#breadcrumb","itemListElement":[{"@type":"ListItem","position":1,"name":"Home","item":"https:\/\/www.welovecycling.com\/hu\/"},{"@type":"ListItem","position":2,"name":"Ti tudtok biciklit rajzolni?"}]},{"@type":"WebSite","@id":"https:\/\/www.welovecycling.com\/hu\/#website","url":"https:\/\/www.welovecycling.com\/hu\/","name":"\u0160koda We Love Cycling - Magyarorsz\u00e1g","description":"\u0160koda WeLoveCycling","potentialAction":[{"@type":"SearchAction","target":{"@type":"EntryPoint","urlTemplate":"https:\/\/www.welovecycling.com\/hu\/?s={search_term_string}"},"query-input":{"@type":"PropertyValueSpecification","valueRequired":true,"valueName":"search_term_string"}}],"inLanguage":"hu"},{"@type":"Person","@id":"https:\/\/www.welovecycling.com\/hu\/#\/schema\/person\/414a2aebf1801691a5320edb6468e194","name":"hegyizs","image":{"@type":"ImageObject","inLanguage":"hu","@id":"https:\/\/www.welovecycling.com\/hu\/#\/schema\/person\/image\/","url":"https:\/\/secure.gravatar.com\/avatar\/02cf8a7906b8cf90cecb4679defac7cfd33a1c2e3b88e4903d947f3bb58eedd3?s=96&d=mm&r=g","contentUrl":"https:\/\/secure.gravatar.com\/avatar\/02cf8a7906b8cf90cecb4679defac7cfd33a1c2e3b88e4903d947f3bb58eedd3?s=96&d=mm&r=g","caption":"hegyizs"},"url":"https:\/\/www.welovecycling.com\/hu\/author\/hegyizs\/"}]}},"_links":{"self":[{"href":"https:\/\/www.welovecycling.com\/hu\/wp-json\/wp\/v2\/posts\/2515","targetHints":{"allow":["GET"]}}],"collection":[{"href":"https:\/\/www.welovecycling.com\/hu\/wp-json\/wp\/v2\/posts"}],"about":[{"href":"https:\/\/www.welovecycling.com\/hu\/wp-json\/wp\/v2\/types\/post"}],"author":[{"embeddable":true,"href":"https:\/\/www.welovecycling.com\/hu\/wp-json\/wp\/v2\/users\/71"}],"replies":[{"embeddable":true,"href":"https:\/\/www.welovecycling.com\/hu\/wp-json\/wp\/v2\/comments?post=2515"}],"version-history":[{"count":2,"href":"https:\/\/www.welovecycling.com\/hu\/wp-json\/wp\/v2\/posts\/2515\/revisions"}],"predecessor-version":[{"id":2548,"href":"https:\/\/www.welovecycling.com\/hu\/wp-json\/wp\/v2\/posts\/2515\/revisions\/2548"}],"wp:featuredmedia":[{"embeddable":true,"href":"https:\/\/www.welovecycling.com\/hu\/wp-json\/wp\/v2\/media\/2526"}],"wp:attachment":[{"href":"https:\/\/www.welovecycling.com\/hu\/wp-json\/wp\/v2\/media?parent=2515"}],"wp:term":[{"taxonomy":"category","embeddable":true,"href":"https:\/\/www.welovecycling.com\/hu\/wp-json\/wp\/v2\/categories?post=2515"},{"taxonomy":"post_tag","embeddable":true,"href":"https:\/\/www.welovecycling.com\/hu\/wp-json\/wp\/v2\/tags?post=2515"},{"taxonomy":"global-categories","embeddable":true,"href":"https:\/\/www.welovecycling.com\/hu\/wp-json\/wp\/v2\/global-categories?post=2515"}],"curies":[{"name":"wp","href":"https:\/\/api.w.org\/{rel}","templated":true}]}}