{"id":2494,"date":"2019-01-01T00:01:41","date_gmt":"2018-12-31T23:01:41","guid":{"rendered":"https:\/\/www.welovecycling.com\/hu\/?p=2494"},"modified":"2019-01-01T20:16:32","modified_gmt":"2019-01-01T19:16:32","slug":"10-ujevi-fogadalom-bringasoknak","status":"publish","type":"post","link":"https:\/\/www.welovecycling.com\/hu\/edzes-es-eletmod\/10-ujevi-fogadalom-bringasoknak\/","title":{"rendered":"10 \u00faj\u00e9vi fogadalom bring\u00e1soknak"},"content":{"rendered":"<p><strong>Pontosan tudjuk, hogy \u00edg\u00e9retekkel tele van a padl\u00e1s (vagy a biciklit\u00e1rol\u00f3). Viszont az\u00e9rt, hogy 2019-ben a szavak k\u00f6nnyebben v\u00e1lhassanak k\u00e9zzelfoghat\u00f3 tettekk\u00e9, \u00f6sszegy\u0171jt\u00f6tt\u00fcnk neked 10 olyan dolgot, amit egy v\u00e9rbeli kerekez\u0151nek \u00e9rdemes megfogadnia. Haszn\u00e1lhatod csup\u00e1n gondolat\u00e9breszt\u0151nek \u2013 nem vagyunk mi olyan szigor\u00faak \u2013, de ak\u00e1r egy pontos lista is lehet ahhoz, hogy j\u00f6v\u0151re jobb bring\u00e1s v\u00e1ljon bel\u0151led.<\/strong><\/p>\n<p>Rend a lelke mindennek. Bring\u00e1zz rendszeresebben, t\u0171zz ki legal\u00e1bb 1 napot minden h\u00e9ten, amikor ha esik, ha f\u00faj, te felsz\u00e1llsz a bring\u00e1ra. Ha ez m\u00e1r nem kih\u00edv\u00e1s, n\u00f6veld eggyel ezeknek a napoknak a sz\u00e1m\u00e1t!<\/p>\n<p>Tartsd tiszt\u00e1n a g\u00e9pezetet! A rendszeres mos\u00e1st megh\u00e1l\u00e1lj\u00e1k az alkatr\u00e9szek is. Ne szalassz el egy alkalmat sem! Nem sok id\u0151, nem kell mindig nagygener\u00e1l.<\/p>\n<p><a href=\"https:\/\/www.welovecycling.com\/hu\/utazas\/2483\/\"><u>Utazni<\/u><\/a> maradand\u00f3 \u00e9lm\u00e9ny, k\u00fcl\u00f6n\u00f6sen akkor, ha <span style=\"text-decoration: line-through;\">kedvenc hobbi<\/span> \u00e9letform\u00e1dnak h\u00f3dolhatsz k\u00f6zben. Menj el egy olyan helyre tekerni, ahol m\u00e9g nem volt\u00e1l! Jel\u00f6lj ki konkr\u00e9t c\u00e9lt, mint p\u00e9ld\u00e1ul egy hegy megm\u00e1sz\u00e1sa vagy egy t\u00f3, v\u00e1ros k\u00f6rbeteker\u00e9se!<\/p>\n<p>A k\u00e9tkerek\u0171 t\u00e1rsadalom sose lehet el\u00e9g nagy. Vedd r\u00e1 egy ismer\u0151d\u00f6d, aki keveset vagy egy\u00e1ltal\u00e1n nem bring\u00e1zik, hogy j\u00f6jj\u00f6n veled tekerni! Csak j\u00f3t tehetsz vele, nem igaz? S\u0151t, ha megtan\u00edtasz valakit biciklizni, az m\u00e9g jobb.<\/p>\n<p>L\u00e1togass el legal\u00e1bb egy biciklis \u00f6sszej\u00f6vetelre, rendezv\u00e9nyre! A k\u00f6z\u00f6ss\u00e9g \u00e9p\u00edt\u0151 erej\u00e9r\u0151l most nem fogunk lit\u00e1ni\u00e1kat zengeni. \u00daj emberekkel megismerkedni j\u00f3, \u00e9s garant\u00e1lt, hogy lesz mir\u0151l besz\u00e9lgetnetek.<\/p>\n<p>Aj\u00e1nd\u00e9kozz bring\u00e1s cuccot! Nem kell felt\u00e9tlen\u00fcl nagy \u00e9rt\u00e9kben gondolkozni, a gesztus ereje t\u00f6bbet sz\u00e1m\u00edt, f\u0151leg, ha extra kilom\u00e9terek megt\u00e9tel\u00e9re \u00f6szt\u00f6n\u00f6z.<\/p>\n<p>A v\u00e1ltozatoss\u00e1g gy\u00f6ny\u00f6rk\u00f6dtet, \u00e9s hasznos tapasztal\u00e1sokban r\u00e9szes\u00edt. Pr\u00f3b\u00e1lj ki egy olyan t\u00edpus\u00fa biciklit, amilyenen nem \u00fclt\u00e9l m\u00e9g! Ha downhillesnek sz\u00fclett\u00e9l, \u00fclj fel egy orsz\u00e1g\u00fatira, vagy ha eddig csak a cross country-nak \u00e9lt\u00e9l, vigy\u00e9l el p\u00e1r kanyarra mondjuk egy fixit! A lehet\u0151s\u00e9gek t\u00e1rh\u00e1za kimer\u00edthetetlen, de az\u00e9rt csak \u00f3vatosan az \u00faj k\u00f6rnyezetben.<\/p>\n<p>Ne hanyagold el a teker\u00e9sen k\u00edv\u00fcli <a href=\"https:\/\/www.welovecycling.com\/hu\/edzes-es-eletmod\/a-teli-alom-a-bringasokat-is-erinti\/\"><u>mozg\u00e1sform\u00e1kat<\/u><\/a> sem! Nem lehet mindig l\u00e1bnap, a fels\u0151testednek is sz\u00fcks\u00e9ge van a t\u00f6r\u0151d\u00e9sre.<\/p>\n<p>\u00dagy \u00e9rzed er\u0151d telj\u00e9ben vagy? Indulj el egy versenyen, amin m\u00e9g nem vett\u00e9l r\u00e9szt, vagy szervezzetek egyet bar\u00e1ti k\u00f6rben &#8211; ak\u00e1r rendszeresen! Egy kis megm\u00e9rettet\u00e9s meglep\u0151 m\u00e9rt\u00e9kben megdobhatja a teljes\u00edt\u0151k\u00e9pess\u00e9get, \u00e9s m\u00e9g tan\u00fak is lesznek r\u00e1, hogy mekkora kir\u00e1ly vagy. Win-win.<\/p>\n<p>V\u00e9gezet\u00fcl pedig \u00edg\u00e9rd meg, hogy (ezt\u00e1n is) meg\u00e1llsz a piros l\u00e1mp\u00e1kn\u00e1l! Igen, akkor is, ha \u00e9pp nem j\u00f6n semmi.<\/p>\n<p>&nbsp;<\/p>\n<p>Most pedig tegy\u00e9tek a sz\u00edvetekre a kezeteket, ped\u00e1lra a l\u00e1batokat, \u00e9s mondj\u00e1tok ut\u00e1nunk:<br \/>\nNyitott gondolkod\u00e1s\u00fa bring\u00e1shoz m\u00e9lt\u00f3 m\u00f3don kipr\u00f3b\u00e1lok p\u00e1r pontot a felsoroltakb\u00f3l!<\/p>\n<figure id=\"attachment_2496\" aria-describedby=\"caption-attachment-2496\" style=\"width: 1677px\" class=\"wp-caption aligncenter\"><a href=\"https:\/\/d2p6e6u75xmxt8.cloudfront.net\/12\/2018\/12\/ok.jpg\"><img loading=\"lazy\" decoding=\"async\" class=\"size-full wp-image-2496\" src=\"https:\/\/d2p6e6u75xmxt8.cloudfront.net\/12\/2018\/12\/ok.jpg\" alt=\"\" width=\"1677\" height=\"1119\" srcset=\"https:\/\/d2p6e6u75xmxt8.cloudfront.net\/12\/2018\/12\/ok.jpg 1677w, https:\/\/d2p6e6u75xmxt8.cloudfront.net\/12\/2018\/12\/ok-300x200.jpg 300w, https:\/\/d2p6e6u75xmxt8.cloudfront.net\/12\/2018\/12\/ok-768x512.jpg 768w, https:\/\/d2p6e6u75xmxt8.cloudfront.net\/12\/2018\/12\/ok-1024x683.jpg 1024w, https:\/\/d2p6e6u75xmxt8.cloudfront.net\/12\/2018\/12\/ok-272x182.jpg 272w\" sizes=\"auto, (max-width: 1677px) 100vw, 1677px\" \/><\/a><figcaption id=\"caption-attachment-2496\" class=\"wp-caption-text\">Female tourist with mountine bicycle gesturing ok<\/figcaption><\/figure>\n","protected":false},"excerpt":{"rendered":"<p>Pontosan tudjuk, hogy \u00edg\u00e9retekkel tele van a padl\u00e1s (vagy a biciklit\u00e1rol\u00f3). Viszont az\u00e9rt, hogy 2019-ben a szavak k\u00f6nnyebben v\u00e1lhassanak k\u00e9zzelfoghat\u00f3 [&hellip;]<\/p>\n","protected":false},"author":71,"featured_media":2495,"comment_status":"open","ping_status":"open","sticky":false,"template":"","format":"standard","meta":{"footnotes":""},"categories":[6],"tags":[285,284],"global-categories":[],"class_list":["post-2494","post","type-post","status-publish","format-standard","has-post-thumbnail","hentry","category-edzes-es-eletmod","tag-285","tag-ujevi-fogadalom"],"yoast_head":"<!-- This site is optimized with the Yoast SEO Premium plugin v25.3 (Yoast SEO v25.9) - https:\/\/yoast.com\/wordpress\/plugins\/seo\/ -->\n<title>10 \u00faj\u00e9vi fogadalom bring\u00e1soknak - \u0160koda We Love Cycling - Magyarorsz\u00e1g<\/title>\n<meta name=\"robots\" content=\"index, follow, max-snippet:-1, max-image-preview:large, max-video-preview:-1\" \/>\n<link rel=\"canonical\" href=\"https:\/\/www.welovecycling.com\/hu\/edzes-es-eletmod\/10-ujevi-fogadalom-bringasoknak\/\" \/>\n<meta property=\"og:locale\" content=\"hu_HU\" \/>\n<meta property=\"og:type\" content=\"article\" \/>\n<meta property=\"og:title\" content=\"10 \u00faj\u00e9vi fogadalom bring\u00e1soknak\" \/>\n<meta property=\"og:description\" content=\"Pontosan tudjuk, hogy \u00edg\u00e9retekkel tele van a padl\u00e1s (vagy a biciklit\u00e1rol\u00f3). Viszont az\u00e9rt, hogy 2019-ben a szavak k\u00f6nnyebben v\u00e1lhassanak k\u00e9zzelfoghat\u00f3 [&hellip;]\" \/>\n<meta property=\"og:url\" content=\"https:\/\/www.welovecycling.com\/hu\/edzes-es-eletmod\/10-ujevi-fogadalom-bringasoknak\/\" \/>\n<meta property=\"og:site_name\" content=\"\u0160koda We Love Cycling - Magyarorsz\u00e1g\" \/>\n<meta property=\"article:publisher\" content=\"https:\/\/www.facebook.com\/WeLoveCyclingHungary\/\" \/>\n<meta property=\"article:published_time\" content=\"2018-12-31T23:01:41+00:00\" \/>\n<meta property=\"article:modified_time\" content=\"2019-01-01T19:16:32+00:00\" \/>\n<meta property=\"og:image\" content=\"https:\/\/d2p6e6u75xmxt8.cloudfront.net\/12\/2018\/12\/10dolog_cover.jpg\" \/>\n\t<meta property=\"og:image:width\" content=\"1677\" \/>\n\t<meta property=\"og:image:height\" content=\"1119\" \/>\n\t<meta property=\"og:image:type\" content=\"image\/jpeg\" \/>\n<meta name=\"author\" content=\"hegyizs\" \/>\n<meta name=\"twitter:card\" content=\"summary_large_image\" \/>\n<meta name=\"twitter:label1\" content=\"Written by\" \/>\n\t<meta name=\"twitter:data1\" content=\"hegyizs\" \/>\n\t<meta name=\"twitter:label2\" content=\"Est. reading time\" \/>\n\t<meta name=\"twitter:data2\" content=\"3 minutes\" \/>\n<script type=\"application\/ld+json\" class=\"yoast-schema-graph\">{\"@context\":\"https:\/\/schema.org\",\"@graph\":[{\"@type\":\"WebPage\",\"@id\":\"https:\/\/www.welovecycling.com\/hu\/edzes-es-eletmod\/10-ujevi-fogadalom-bringasoknak\/\",\"url\":\"https:\/\/www.welovecycling.com\/hu\/edzes-es-eletmod\/10-ujevi-fogadalom-bringasoknak\/\",\"name\":\"10 \u00faj\u00e9vi fogadalom bring\u00e1soknak - \u0160koda We Love Cycling - Magyarorsz\u00e1g\",\"isPartOf\":{\"@id\":\"https:\/\/www.welovecycling.com\/hu\/#website\"},\"primaryImageOfPage\":{\"@id\":\"https:\/\/www.welovecycling.com\/hu\/edzes-es-eletmod\/10-ujevi-fogadalom-bringasoknak\/#primaryimage\"},\"image\":{\"@id\":\"https:\/\/www.welovecycling.com\/hu\/edzes-es-eletmod\/10-ujevi-fogadalom-bringasoknak\/#primaryimage\"},\"thumbnailUrl\":\"https:\/\/d2p6e6u75xmxt8.cloudfront.net\/12\/2018\/12\/10dolog_cover.jpg\",\"datePublished\":\"2018-12-31T23:01:41+00:00\",\"dateModified\":\"2019-01-01T19:16:32+00:00\",\"author\":{\"@id\":\"https:\/\/www.welovecycling.com\/hu\/#\/schema\/person\/414a2aebf1801691a5320edb6468e194\"},\"breadcrumb\":{\"@id\":\"https:\/\/www.welovecycling.com\/hu\/edzes-es-eletmod\/10-ujevi-fogadalom-bringasoknak\/#breadcrumb\"},\"inLanguage\":\"hu\",\"potentialAction\":[{\"@type\":\"ReadAction\",\"target\":[\"https:\/\/www.welovecycling.com\/hu\/edzes-es-eletmod\/10-ujevi-fogadalom-bringasoknak\/\"]}]},{\"@type\":\"ImageObject\",\"inLanguage\":\"hu\",\"@id\":\"https:\/\/www.welovecycling.com\/hu\/edzes-es-eletmod\/10-ujevi-fogadalom-bringasoknak\/#primaryimage\",\"url\":\"https:\/\/d2p6e6u75xmxt8.cloudfront.net\/12\/2018\/12\/10dolog_cover.jpg\",\"contentUrl\":\"https:\/\/d2p6e6u75xmxt8.cloudfront.net\/12\/2018\/12\/10dolog_cover.jpg\",\"width\":1677,\"height\":1119,\"caption\":\"From below shot of man with bicycle standing on edge of rocky cliff and holding fist up.\"},{\"@type\":\"BreadcrumbList\",\"@id\":\"https:\/\/www.welovecycling.com\/hu\/edzes-es-eletmod\/10-ujevi-fogadalom-bringasoknak\/#breadcrumb\",\"itemListElement\":[{\"@type\":\"ListItem\",\"position\":1,\"name\":\"Home\",\"item\":\"https:\/\/www.welovecycling.com\/hu\/\"},{\"@type\":\"ListItem\",\"position\":2,\"name\":\"10 \u00faj\u00e9vi fogadalom bring\u00e1soknak\"}]},{\"@type\":\"WebSite\",\"@id\":\"https:\/\/www.welovecycling.com\/hu\/#website\",\"url\":\"https:\/\/www.welovecycling.com\/hu\/\",\"name\":\"\u0160koda We Love Cycling - Magyarorsz\u00e1g\",\"description\":\"\u0160koda WeLoveCycling\",\"potentialAction\":[{\"@type\":\"SearchAction\",\"target\":{\"@type\":\"EntryPoint\",\"urlTemplate\":\"https:\/\/www.welovecycling.com\/hu\/?s={search_term_string}\"},\"query-input\":{\"@type\":\"PropertyValueSpecification\",\"valueRequired\":true,\"valueName\":\"search_term_string\"}}],\"inLanguage\":\"hu\"},{\"@type\":\"Person\",\"@id\":\"https:\/\/www.welovecycling.com\/hu\/#\/schema\/person\/414a2aebf1801691a5320edb6468e194\",\"name\":\"hegyizs\",\"image\":{\"@type\":\"ImageObject\",\"inLanguage\":\"hu\",\"@id\":\"https:\/\/www.welovecycling.com\/hu\/#\/schema\/person\/image\/\",\"url\":\"https:\/\/secure.gravatar.com\/avatar\/02cf8a7906b8cf90cecb4679defac7cfd33a1c2e3b88e4903d947f3bb58eedd3?s=96&d=mm&r=g\",\"contentUrl\":\"https:\/\/secure.gravatar.com\/avatar\/02cf8a7906b8cf90cecb4679defac7cfd33a1c2e3b88e4903d947f3bb58eedd3?s=96&d=mm&r=g\",\"caption\":\"hegyizs\"},\"url\":\"https:\/\/www.welovecycling.com\/hu\/author\/hegyizs\/\"}]}<\/script>\n<!-- \/ Yoast SEO Premium plugin. -->","yoast_head_json":{"title":"10 \u00faj\u00e9vi fogadalom bring\u00e1soknak - \u0160koda We Love Cycling - Magyarorsz\u00e1g","robots":{"index":"index","follow":"follow","max-snippet":"max-snippet:-1","max-image-preview":"max-image-preview:large","max-video-preview":"max-video-preview:-1"},"canonical":"https:\/\/www.welovecycling.com\/hu\/edzes-es-eletmod\/10-ujevi-fogadalom-bringasoknak\/","og_locale":"hu_HU","og_type":"article","og_title":"10 \u00faj\u00e9vi fogadalom bring\u00e1soknak","og_description":"Pontosan tudjuk, hogy \u00edg\u00e9retekkel tele van a padl\u00e1s (vagy a biciklit\u00e1rol\u00f3). Viszont az\u00e9rt, hogy 2019-ben a szavak k\u00f6nnyebben v\u00e1lhassanak k\u00e9zzelfoghat\u00f3 [&hellip;]","og_url":"https:\/\/www.welovecycling.com\/hu\/edzes-es-eletmod\/10-ujevi-fogadalom-bringasoknak\/","og_site_name":"\u0160koda We Love Cycling - Magyarorsz\u00e1g","article_publisher":"https:\/\/www.facebook.com\/WeLoveCyclingHungary\/","article_published_time":"2018-12-31T23:01:41+00:00","article_modified_time":"2019-01-01T19:16:32+00:00","og_image":[{"width":1677,"height":1119,"url":"https:\/\/d2p6e6u75xmxt8.cloudfront.net\/12\/2018\/12\/10dolog_cover.jpg","type":"image\/jpeg"}],"author":"hegyizs","twitter_card":"summary_large_image","twitter_misc":{"Written by":"hegyizs","Est. reading time":"3 minutes"},"schema":{"@context":"https:\/\/schema.org","@graph":[{"@type":"WebPage","@id":"https:\/\/www.welovecycling.com\/hu\/edzes-es-eletmod\/10-ujevi-fogadalom-bringasoknak\/","url":"https:\/\/www.welovecycling.com\/hu\/edzes-es-eletmod\/10-ujevi-fogadalom-bringasoknak\/","name":"10 \u00faj\u00e9vi fogadalom bring\u00e1soknak - \u0160koda We Love Cycling - Magyarorsz\u00e1g","isPartOf":{"@id":"https:\/\/www.welovecycling.com\/hu\/#website"},"primaryImageOfPage":{"@id":"https:\/\/www.welovecycling.com\/hu\/edzes-es-eletmod\/10-ujevi-fogadalom-bringasoknak\/#primaryimage"},"image":{"@id":"https:\/\/www.welovecycling.com\/hu\/edzes-es-eletmod\/10-ujevi-fogadalom-bringasoknak\/#primaryimage"},"thumbnailUrl":"https:\/\/d2p6e6u75xmxt8.cloudfront.net\/12\/2018\/12\/10dolog_cover.jpg","datePublished":"2018-12-31T23:01:41+00:00","dateModified":"2019-01-01T19:16:32+00:00","author":{"@id":"https:\/\/www.welovecycling.com\/hu\/#\/schema\/person\/414a2aebf1801691a5320edb6468e194"},"breadcrumb":{"@id":"https:\/\/www.welovecycling.com\/hu\/edzes-es-eletmod\/10-ujevi-fogadalom-bringasoknak\/#breadcrumb"},"inLanguage":"hu","potentialAction":[{"@type":"ReadAction","target":["https:\/\/www.welovecycling.com\/hu\/edzes-es-eletmod\/10-ujevi-fogadalom-bringasoknak\/"]}]},{"@type":"ImageObject","inLanguage":"hu","@id":"https:\/\/www.welovecycling.com\/hu\/edzes-es-eletmod\/10-ujevi-fogadalom-bringasoknak\/#primaryimage","url":"https:\/\/d2p6e6u75xmxt8.cloudfront.net\/12\/2018\/12\/10dolog_cover.jpg","contentUrl":"https:\/\/d2p6e6u75xmxt8.cloudfront.net\/12\/2018\/12\/10dolog_cover.jpg","width":1677,"height":1119,"caption":"From below shot of man with bicycle standing on edge of rocky cliff and holding fist up."},{"@type":"BreadcrumbList","@id":"https:\/\/www.welovecycling.com\/hu\/edzes-es-eletmod\/10-ujevi-fogadalom-bringasoknak\/#breadcrumb","itemListElement":[{"@type":"ListItem","position":1,"name":"Home","item":"https:\/\/www.welovecycling.com\/hu\/"},{"@type":"ListItem","position":2,"name":"10 \u00faj\u00e9vi fogadalom bring\u00e1soknak"}]},{"@type":"WebSite","@id":"https:\/\/www.welovecycling.com\/hu\/#website","url":"https:\/\/www.welovecycling.com\/hu\/","name":"\u0160koda We Love Cycling - Magyarorsz\u00e1g","description":"\u0160koda WeLoveCycling","potentialAction":[{"@type":"SearchAction","target":{"@type":"EntryPoint","urlTemplate":"https:\/\/www.welovecycling.com\/hu\/?s={search_term_string}"},"query-input":{"@type":"PropertyValueSpecification","valueRequired":true,"valueName":"search_term_string"}}],"inLanguage":"hu"},{"@type":"Person","@id":"https:\/\/www.welovecycling.com\/hu\/#\/schema\/person\/414a2aebf1801691a5320edb6468e194","name":"hegyizs","image":{"@type":"ImageObject","inLanguage":"hu","@id":"https:\/\/www.welovecycling.com\/hu\/#\/schema\/person\/image\/","url":"https:\/\/secure.gravatar.com\/avatar\/02cf8a7906b8cf90cecb4679defac7cfd33a1c2e3b88e4903d947f3bb58eedd3?s=96&d=mm&r=g","contentUrl":"https:\/\/secure.gravatar.com\/avatar\/02cf8a7906b8cf90cecb4679defac7cfd33a1c2e3b88e4903d947f3bb58eedd3?s=96&d=mm&r=g","caption":"hegyizs"},"url":"https:\/\/www.welovecycling.com\/hu\/author\/hegyizs\/"}]}},"_links":{"self":[{"href":"https:\/\/www.welovecycling.com\/hu\/wp-json\/wp\/v2\/posts\/2494","targetHints":{"allow":["GET"]}}],"collection":[{"href":"https:\/\/www.welovecycling.com\/hu\/wp-json\/wp\/v2\/posts"}],"about":[{"href":"https:\/\/www.welovecycling.com\/hu\/wp-json\/wp\/v2\/types\/post"}],"author":[{"embeddable":true,"href":"https:\/\/www.welovecycling.com\/hu\/wp-json\/wp\/v2\/users\/71"}],"replies":[{"embeddable":true,"href":"https:\/\/www.welovecycling.com\/hu\/wp-json\/wp\/v2\/comments?post=2494"}],"version-history":[{"count":2,"href":"https:\/\/www.welovecycling.com\/hu\/wp-json\/wp\/v2\/posts\/2494\/revisions"}],"predecessor-version":[{"id":2513,"href":"https:\/\/www.welovecycling.com\/hu\/wp-json\/wp\/v2\/posts\/2494\/revisions\/2513"}],"wp:featuredmedia":[{"embeddable":true,"href":"https:\/\/www.welovecycling.com\/hu\/wp-json\/wp\/v2\/media\/2495"}],"wp:attachment":[{"href":"https:\/\/www.welovecycling.com\/hu\/wp-json\/wp\/v2\/media?parent=2494"}],"wp:term":[{"taxonomy":"category","embeddable":true,"href":"https:\/\/www.welovecycling.com\/hu\/wp-json\/wp\/v2\/categories?post=2494"},{"taxonomy":"post_tag","embeddable":true,"href":"https:\/\/www.welovecycling.com\/hu\/wp-json\/wp\/v2\/tags?post=2494"},{"taxonomy":"global-categories","embeddable":true,"href":"https:\/\/www.welovecycling.com\/hu\/wp-json\/wp\/v2\/global-categories?post=2494"}],"curies":[{"name":"wp","href":"https:\/\/api.w.org\/{rel}","templated":true}]}}