{"id":2483,"date":"2018-12-29T16:30:48","date_gmt":"2018-12-29T15:30:48","guid":{"rendered":"https:\/\/www.welovecycling.com\/hu\/?p=2483"},"modified":"2018-12-29T16:28:18","modified_gmt":"2018-12-29T15:28:18","slug":"2483","status":"publish","type":"post","link":"https:\/\/www.welovecycling.com\/hu\/utazas\/2483\/","title":{"rendered":"5 helysz\u00edn itthonr\u00f3l t\u00e1volodva, amit meg kell l\u00e1togatni k\u00e9t ker\u00e9ken"},"content":{"rendered":"<p>Az utaz\u00e1s csupa izgalom, \u00f6sszehozza a csal\u00e1dot, a bar\u00e1tokat, a kev\u00e9sb\u00e9 szkeptikusak szerint pedig m\u00e9g a koll\u00e9g\u00e1kat is. A c\u00e9l\u00e1llom\u00e1son a biciklin suhanva \u00faj t\u00e1jak r\u00e9szleteit fedezhetj\u00fck fel, ugyan\u00fagy, ahogy magunkat is jobban megismerhetj\u00fck, amikor p\u00e9ld\u00e1ul defektet kapunk, leesik a l\u00e1nc, vagy egy j\u00f3 kis nyolcassal, ne adj\u2019 Isten s\u00e9r\u00fcl\u00e9ssel kell szemben\u00e9zn\u00fcnk. Persze ha neh\u00e9zs\u00e9gek is mer\u00fclnek fel, szolg\u00e1ljon vigasztal\u00e1sul, hogy k\u00e9s\u0151bb mindig ezekb\u0151l lesznek az \u00e9vekig emlegetett sztorik. Most arra v\u00e1llalkozunk, hogy a leend\u0151 t\u00f6rt\u00e9netekhez szebb h\u00e1ttereket k\u00edn\u00e1ljunk, \u00e9s ha egyik\u00fck nem is a kontinensen van, hosszabb t\u00e1v\u00fa c\u00e9l az\u00e9rt m\u00e9g lehet.<\/p>\n<p><strong>A Duna ment\u00e9n<\/strong><\/p>\n<p>Passaut\u00f3l B\u00e9csig csodasz\u00e9p part menti t\u00far\u00e1t tehet\u00fcnk a mesebeli kast\u00e9lyok \u00e9s nagyv\u00e1rosok k\u00f6z\u00f6tt vezet\u0151 \u00faton, ami egy\u00e9bk\u00e9nt Eur\u00f3pa els\u0151 hossz\u00fa t\u00e1v\u00fa bicikli\u00fatja volt. Rengeteg meg\u00e1ll\u00f3hely k\u00f6z\u00fcl lehet v\u00e1logatni, v\u00e1rosn\u00e9z\u00e9s k\u00f6zben j\u00f3kat enni, vagy bor\u00e1szatokat l\u00e1togatni.<\/p>\n<p><a href=\"https:\/\/d2p6e6u75xmxt8.cloudfront.net\/12\/2018\/12\/ybbs.jpg\"><img loading=\"lazy\" decoding=\"async\" class=\"size-full wp-image-2484\" src=\"https:\/\/d2p6e6u75xmxt8.cloudfront.net\/12\/2018\/12\/ybbs.jpg\" alt=\"\" width=\"1678\" height=\"1119\" srcset=\"https:\/\/d2p6e6u75xmxt8.cloudfront.net\/12\/2018\/12\/ybbs.jpg 1678w, https:\/\/d2p6e6u75xmxt8.cloudfront.net\/12\/2018\/12\/ybbs-300x200.jpg 300w, https:\/\/d2p6e6u75xmxt8.cloudfront.net\/12\/2018\/12\/ybbs-768x512.jpg 768w, https:\/\/d2p6e6u75xmxt8.cloudfront.net\/12\/2018\/12\/ybbs-1024x683.jpg 1024w, https:\/\/d2p6e6u75xmxt8.cloudfront.net\/12\/2018\/12\/ybbs-272x182.jpg 272w\" sizes=\"auto, (max-width: 1678px) 100vw, 1678px\" \/><\/a><\/p>\n<p><strong>Alagutak \u00e9s viaduktok \u00e1rny\u00e9k\u00e1ban a J\u00falia-Alpok lank\u00e1in<\/strong><\/p>\n<p>Jeszenov\u00e1c \u00e9s Trieszt k\u00f6zt egykor a Milleniumi vas\u00fat futott, de mivel a vonatok m\u00e1r m\u00e1sfel\u00e9 j\u00e1rnak, mes\u00e9s bringa\u00fatvonalat hagytak maguk m\u00f6g\u00f6tt legnagyobb \u00f6r\u00f6m\u00fcnkre. Sz\u00e1mtalan viadukt \u00e9s alag\u00fat tark\u00edtja az utat, a Bledi-t\u00f3hoz \u00e9rkezni mindennek a v\u00e9g\u00e9n igaz\u00e1n b\u00e9k\u00e9s befejez\u00e9s.<\/p>\n<p><a href=\"https:\/\/d2p6e6u75xmxt8.cloudfront.net\/12\/2018\/12\/bohinj.jpg\"><img loading=\"lazy\" decoding=\"async\" class=\"size-full wp-image-2490\" src=\"https:\/\/d2p6e6u75xmxt8.cloudfront.net\/12\/2018\/12\/bohinj.jpg\" alt=\"\" width=\"1678\" height=\"1119\" srcset=\"https:\/\/d2p6e6u75xmxt8.cloudfront.net\/12\/2018\/12\/bohinj.jpg 1678w, https:\/\/d2p6e6u75xmxt8.cloudfront.net\/12\/2018\/12\/bohinj-300x200.jpg 300w, https:\/\/d2p6e6u75xmxt8.cloudfront.net\/12\/2018\/12\/bohinj-768x512.jpg 768w, https:\/\/d2p6e6u75xmxt8.cloudfront.net\/12\/2018\/12\/bohinj-1024x683.jpg 1024w, https:\/\/d2p6e6u75xmxt8.cloudfront.net\/12\/2018\/12\/bohinj-272x182.jpg 272w\" sizes=\"auto, (max-width: 1678px) 100vw, 1678px\" \/><\/a><\/p>\n<p>&nbsp;<\/p>\n<p><strong>Horv\u00e1torsz\u00e1gban f\u00f6ld\u00f6n, v\u00edzen<\/strong><\/p>\n<p>Egy fokkal kalandosabb \u00e9lm\u00e9ny d\u00e9li szomsz\u00e9daink szigetvil\u00e1g\u00e1ba vetni magunkat, k\u00fcl\u00f6n\u00f6sen bring\u00e1val. Az \u00e1tkel\u00e9sekhez haj\u00f3 is kell, ami kicsit megdr\u00e1g\u00edtja a t\u00far\u00e1t, \u00e9pp ez\u00e9rt \u00e9rdemes el\u0151sz\u00f6r Rovinj v\u00e1ros\u00e1ba l\u00e1togatni. A sz\u0171k macskak\u00f6ves utc\u00e1kkal \u00e1tsz\u0151tt t\u00f6rt\u00e9nelmi v\u00e1rosr\u00e9szben g\u00f3t, barokk \u00e9s renesz\u00e1nsz \u00e9p\u00fcletek k\u00f6zt tekerhet\u00fcnk, megpihenve pedig a legfrissebb tengeri herkenty\u0171kb\u0151l lehet lakm\u00e1rozni.<\/p>\n<p><a href=\"https:\/\/d2p6e6u75xmxt8.cloudfront.net\/12\/2018\/12\/rovinj.jpg\"><img loading=\"lazy\" decoding=\"async\" class=\"size-full wp-image-2491\" src=\"https:\/\/d2p6e6u75xmxt8.cloudfront.net\/12\/2018\/12\/rovinj.jpg\" alt=\"\" width=\"1686\" height=\"1113\" srcset=\"https:\/\/d2p6e6u75xmxt8.cloudfront.net\/12\/2018\/12\/rovinj.jpg 1686w, https:\/\/d2p6e6u75xmxt8.cloudfront.net\/12\/2018\/12\/rovinj-300x198.jpg 300w, https:\/\/d2p6e6u75xmxt8.cloudfront.net\/12\/2018\/12\/rovinj-768x507.jpg 768w, https:\/\/d2p6e6u75xmxt8.cloudfront.net\/12\/2018\/12\/rovinj-1024x676.jpg 1024w\" sizes=\"auto, (max-width: 1686px) 100vw, 1686px\" \/><\/a><\/p>\n<p><strong>Ir\u00e1ny a csizma sarka!<\/strong><\/p>\n<p>Puglia r\u00e9gi\u00f3 \u00e9p\u00edt\u00e9szeti l\u00e1tv\u00e1nyvil\u00e1g\u00e1\u00e9rt t\u00f6bb n\u00e9pcsoport (r\u00f3mai, g\u00f6r\u00f6g, spanyol) egy\u00fcttesen felel\u0151s, \u00edgy sok meg\u00e1ll\u00f3helyre sz\u00e1m\u00edthatunk. Az ol\u00edva\u00fcltetv\u00e9nyekkel szeg\u00e9lyezett parti utakon p\u00e1ratlan naplement\u00e9ket csod\u00e1lhatunk meg, miut\u00e1n megn\u00e9zt\u00fcnk p\u00e1r kast\u00e9lyt \u00e9s amfite\u00e1trumot. Alberobell\u00f3ban \u00e9rdemes ut\u00e1naj\u00e1rni a jellegzetes kis k\u0151h\u00e1zak t\u00f6rt\u00e9net\u00e9nek.<\/p>\n<p><a href=\"https:\/\/d2p6e6u75xmxt8.cloudfront.net\/12\/2018\/12\/alberobello.jpg\"><img loading=\"lazy\" decoding=\"async\" class=\"aligncenter size-full wp-image-2486\" src=\"https:\/\/d2p6e6u75xmxt8.cloudfront.net\/12\/2018\/12\/alberobello.jpg\" alt=\"\" width=\"3232\" height=\"2155\" srcset=\"https:\/\/d2p6e6u75xmxt8.cloudfront.net\/12\/2018\/12\/alberobello.jpg 3232w, https:\/\/d2p6e6u75xmxt8.cloudfront.net\/12\/2018\/12\/alberobello-300x200.jpg 300w, https:\/\/d2p6e6u75xmxt8.cloudfront.net\/12\/2018\/12\/alberobello-768x512.jpg 768w, https:\/\/d2p6e6u75xmxt8.cloudfront.net\/12\/2018\/12\/alberobello-1024x683.jpg 1024w, https:\/\/d2p6e6u75xmxt8.cloudfront.net\/12\/2018\/12\/alberobello-1920x1280.jpg 1920w, https:\/\/d2p6e6u75xmxt8.cloudfront.net\/12\/2018\/12\/alberobello-272x182.jpg 272w, https:\/\/d2p6e6u75xmxt8.cloudfront.net\/12\/2018\/12\/alberobello-1920x1280.jpg 1920w\" sizes=\"auto, (max-width: 3232px) 100vw, 3232px\" \/><\/a><\/p>\n<p><strong>Szigirija \u00e9s az Oroszl\u00e1nszikla<\/strong><\/p>\n<p>Egy Sr\u00ed-Lanka-i \u00fathoz m\u00e1r igazi elhivatotts\u00e1g kell, sok szervez\u00e9s, szabads\u00e1g \u00e9s sp\u00f3rolt p\u00e9nz. A befektetett energia azonban teljes m\u00e9rt\u00e9kben meg\u00e9ri. A l\u00e1tv\u00e1ny leny\u0171g\u00f6z\u0151, ahogyan az Oroszl\u00e1nszikla legend\u00e1ja is. Ezenk\u00edv\u00fcl a tea\u00fcltetv\u00e9nyeken \u00e9s s\u0171r\u0171 t\u0171level\u0171 erd\u0151k\u00f6n kereszt\u00fclfut\u00f3 \u00f6sv\u00e9nyen m\u00e9g elef\u00e1nt otthonokat is l\u00e1thatunk. A Yala Nemzeti Parkban ritka vad\u00e1llatok, krokodilok, leop\u00e1rdok honosak, akiket terepj\u00e1r\u00f3s szafari keret\u00e9ben k\u00f6zelebbr\u0151l is meg lehet szeml\u00e9lni.<\/p>\n<p><a href=\"https:\/\/d2p6e6u75xmxt8.cloudfront.net\/12\/2018\/12\/sigirya.jpg\"><img loading=\"lazy\" decoding=\"async\" class=\"aligncenter size-full wp-image-2485\" src=\"https:\/\/d2p6e6u75xmxt8.cloudfront.net\/12\/2018\/12\/sigirya.jpg\" alt=\"\" width=\"5078\" height=\"3384\" srcset=\"https:\/\/d2p6e6u75xmxt8.cloudfront.net\/12\/2018\/12\/sigirya.jpg 5078w, https:\/\/d2p6e6u75xmxt8.cloudfront.net\/12\/2018\/12\/sigirya-300x200.jpg 300w, https:\/\/d2p6e6u75xmxt8.cloudfront.net\/12\/2018\/12\/sigirya-768x512.jpg 768w, https:\/\/d2p6e6u75xmxt8.cloudfront.net\/12\/2018\/12\/sigirya-1024x682.jpg 1024w, https:\/\/d2p6e6u75xmxt8.cloudfront.net\/12\/2018\/12\/sigirya-1920x1279.jpg 1920w, https:\/\/d2p6e6u75xmxt8.cloudfront.net\/12\/2018\/12\/sigirya-272x182.jpg 272w, https:\/\/d2p6e6u75xmxt8.cloudfront.net\/12\/2018\/12\/sigirya-1920x1279.jpg 1920w\" sizes=\"auto, (max-width: 5078px) 100vw, 5078px\" \/><\/a><\/p>\n","protected":false},"excerpt":{"rendered":"<p>Az utaz\u00e1s csupa izgalom, \u00f6sszehozza a csal\u00e1dot, a bar\u00e1tokat, a kev\u00e9sb\u00e9 szkeptikusak szerint pedig m\u00e9g a koll\u00e9g\u00e1kat is. A c\u00e9l\u00e1llom\u00e1son [&hellip;]<\/p>\n","protected":false},"author":71,"featured_media":2487,"comment_status":"open","ping_status":"open","sticky":false,"template":"","format":"standard","meta":{"footnotes":""},"categories":[280],"tags":[282,283,260,281],"global-categories":[],"class_list":["post-2483","post","type-post","status-publish","format-standard","has-post-thumbnail","hentry","category-utazas","tag-azsia","tag-bakancslista","tag-biciklitura","tag-europa"],"yoast_head":"<!-- This site is optimized with the Yoast SEO Premium plugin v25.3 (Yoast SEO v25.9) - https:\/\/yoast.com\/wordpress\/plugins\/seo\/ -->\n<title>5 helysz\u00edn itthonr\u00f3l t\u00e1volodva, amit meg kell l\u00e1togatni k\u00e9t ker\u00e9ken - \u0160koda We Love Cycling - Magyarorsz\u00e1g<\/title>\n<meta name=\"robots\" content=\"index, follow, max-snippet:-1, max-image-preview:large, max-video-preview:-1\" \/>\n<link rel=\"canonical\" href=\"https:\/\/www.welovecycling.com\/hu\/utazas\/2483\/\" \/>\n<meta property=\"og:locale\" content=\"hu_HU\" \/>\n<meta property=\"og:type\" content=\"article\" \/>\n<meta property=\"og:title\" content=\"5 helysz\u00edn itthonr\u00f3l t\u00e1volodva, amit meg kell l\u00e1togatni k\u00e9t ker\u00e9ken\" \/>\n<meta property=\"og:description\" content=\"Az utaz\u00e1s csupa izgalom, \u00f6sszehozza a csal\u00e1dot, a bar\u00e1tokat, a kev\u00e9sb\u00e9 szkeptikusak szerint pedig m\u00e9g a koll\u00e9g\u00e1kat is. A c\u00e9l\u00e1llom\u00e1son [&hellip;]\" \/>\n<meta property=\"og:url\" content=\"https:\/\/www.welovecycling.com\/hu\/utazas\/2483\/\" \/>\n<meta property=\"og:site_name\" content=\"\u0160koda We Love Cycling - Magyarorsz\u00e1g\" \/>\n<meta property=\"article:publisher\" content=\"https:\/\/www.facebook.com\/WeLoveCyclingHungary\/\" \/>\n<meta property=\"article:published_time\" content=\"2018-12-29T15:30:48+00:00\" \/>\n<meta property=\"og:image\" content=\"https:\/\/d2p6e6u75xmxt8.cloudfront.net\/12\/2018\/12\/5legjobbhely_cover.jpg\" \/>\n\t<meta property=\"og:image:width\" content=\"1678\" \/>\n\t<meta property=\"og:image:height\" content=\"1119\" \/>\n\t<meta property=\"og:image:type\" content=\"image\/jpeg\" \/>\n<meta name=\"author\" content=\"hegyizs\" \/>\n<meta name=\"twitter:card\" content=\"summary_large_image\" \/>\n<meta name=\"twitter:label1\" content=\"Written by\" \/>\n\t<meta name=\"twitter:data1\" content=\"hegyizs\" \/>\n\t<meta name=\"twitter:label2\" content=\"Est. reading time\" \/>\n\t<meta name=\"twitter:data2\" content=\"3 minutes\" \/>\n<script type=\"application\/ld+json\" class=\"yoast-schema-graph\">{\"@context\":\"https:\/\/schema.org\",\"@graph\":[{\"@type\":\"WebPage\",\"@id\":\"https:\/\/www.welovecycling.com\/hu\/utazas\/2483\/\",\"url\":\"https:\/\/www.welovecycling.com\/hu\/utazas\/2483\/\",\"name\":\"5 helysz\u00edn itthonr\u00f3l t\u00e1volodva, amit meg kell l\u00e1togatni k\u00e9t ker\u00e9ken - \u0160koda We Love Cycling - Magyarorsz\u00e1g\",\"isPartOf\":{\"@id\":\"https:\/\/www.welovecycling.com\/hu\/#website\"},\"primaryImageOfPage\":{\"@id\":\"https:\/\/www.welovecycling.com\/hu\/utazas\/2483\/#primaryimage\"},\"image\":{\"@id\":\"https:\/\/www.welovecycling.com\/hu\/utazas\/2483\/#primaryimage\"},\"thumbnailUrl\":\"https:\/\/d2p6e6u75xmxt8.cloudfront.net\/12\/2018\/12\/5legjobbhely_cover.jpg\",\"datePublished\":\"2018-12-29T15:30:48+00:00\",\"author\":{\"@id\":\"https:\/\/www.welovecycling.com\/hu\/#\/schema\/person\/414a2aebf1801691a5320edb6468e194\"},\"breadcrumb\":{\"@id\":\"https:\/\/www.welovecycling.com\/hu\/utazas\/2483\/#breadcrumb\"},\"inLanguage\":\"hu\",\"potentialAction\":[{\"@type\":\"ReadAction\",\"target\":[\"https:\/\/www.welovecycling.com\/hu\/utazas\/2483\/\"]}]},{\"@type\":\"ImageObject\",\"inLanguage\":\"hu\",\"@id\":\"https:\/\/www.welovecycling.com\/hu\/utazas\/2483\/#primaryimage\",\"url\":\"https:\/\/d2p6e6u75xmxt8.cloudfront.net\/12\/2018\/12\/5legjobbhely_cover.jpg\",\"contentUrl\":\"https:\/\/d2p6e6u75xmxt8.cloudfront.net\/12\/2018\/12\/5legjobbhely_cover.jpg\",\"width\":1678,\"height\":1119,\"caption\":\"car is transporting bicycles on the roof. bikes on the trunk\"},{\"@type\":\"BreadcrumbList\",\"@id\":\"https:\/\/www.welovecycling.com\/hu\/utazas\/2483\/#breadcrumb\",\"itemListElement\":[{\"@type\":\"ListItem\",\"position\":1,\"name\":\"Home\",\"item\":\"https:\/\/www.welovecycling.com\/hu\/\"},{\"@type\":\"ListItem\",\"position\":2,\"name\":\"5 helysz\u00edn itthonr\u00f3l t\u00e1volodva, amit meg kell l\u00e1togatni k\u00e9t ker\u00e9ken\"}]},{\"@type\":\"WebSite\",\"@id\":\"https:\/\/www.welovecycling.com\/hu\/#website\",\"url\":\"https:\/\/www.welovecycling.com\/hu\/\",\"name\":\"\u0160koda We Love Cycling - Magyarorsz\u00e1g\",\"description\":\"\u0160koda WeLoveCycling\",\"potentialAction\":[{\"@type\":\"SearchAction\",\"target\":{\"@type\":\"EntryPoint\",\"urlTemplate\":\"https:\/\/www.welovecycling.com\/hu\/?s={search_term_string}\"},\"query-input\":{\"@type\":\"PropertyValueSpecification\",\"valueRequired\":true,\"valueName\":\"search_term_string\"}}],\"inLanguage\":\"hu\"},{\"@type\":\"Person\",\"@id\":\"https:\/\/www.welovecycling.com\/hu\/#\/schema\/person\/414a2aebf1801691a5320edb6468e194\",\"name\":\"hegyizs\",\"image\":{\"@type\":\"ImageObject\",\"inLanguage\":\"hu\",\"@id\":\"https:\/\/www.welovecycling.com\/hu\/#\/schema\/person\/image\/\",\"url\":\"https:\/\/secure.gravatar.com\/avatar\/02cf8a7906b8cf90cecb4679defac7cfd33a1c2e3b88e4903d947f3bb58eedd3?s=96&d=mm&r=g\",\"contentUrl\":\"https:\/\/secure.gravatar.com\/avatar\/02cf8a7906b8cf90cecb4679defac7cfd33a1c2e3b88e4903d947f3bb58eedd3?s=96&d=mm&r=g\",\"caption\":\"hegyizs\"},\"url\":\"https:\/\/www.welovecycling.com\/hu\/author\/hegyizs\/\"}]}<\/script>\n<!-- \/ Yoast SEO Premium plugin. -->","yoast_head_json":{"title":"5 helysz\u00edn itthonr\u00f3l t\u00e1volodva, amit meg kell l\u00e1togatni k\u00e9t ker\u00e9ken - \u0160koda We Love Cycling - Magyarorsz\u00e1g","robots":{"index":"index","follow":"follow","max-snippet":"max-snippet:-1","max-image-preview":"max-image-preview:large","max-video-preview":"max-video-preview:-1"},"canonical":"https:\/\/www.welovecycling.com\/hu\/utazas\/2483\/","og_locale":"hu_HU","og_type":"article","og_title":"5 helysz\u00edn itthonr\u00f3l t\u00e1volodva, amit meg kell l\u00e1togatni k\u00e9t ker\u00e9ken","og_description":"Az utaz\u00e1s csupa izgalom, \u00f6sszehozza a csal\u00e1dot, a bar\u00e1tokat, a kev\u00e9sb\u00e9 szkeptikusak szerint pedig m\u00e9g a koll\u00e9g\u00e1kat is. A c\u00e9l\u00e1llom\u00e1son [&hellip;]","og_url":"https:\/\/www.welovecycling.com\/hu\/utazas\/2483\/","og_site_name":"\u0160koda We Love Cycling - Magyarorsz\u00e1g","article_publisher":"https:\/\/www.facebook.com\/WeLoveCyclingHungary\/","article_published_time":"2018-12-29T15:30:48+00:00","og_image":[{"width":1678,"height":1119,"url":"https:\/\/d2p6e6u75xmxt8.cloudfront.net\/12\/2018\/12\/5legjobbhely_cover.jpg","type":"image\/jpeg"}],"author":"hegyizs","twitter_card":"summary_large_image","twitter_misc":{"Written by":"hegyizs","Est. reading time":"3 minutes"},"schema":{"@context":"https:\/\/schema.org","@graph":[{"@type":"WebPage","@id":"https:\/\/www.welovecycling.com\/hu\/utazas\/2483\/","url":"https:\/\/www.welovecycling.com\/hu\/utazas\/2483\/","name":"5 helysz\u00edn itthonr\u00f3l t\u00e1volodva, amit meg kell l\u00e1togatni k\u00e9t ker\u00e9ken - \u0160koda We Love Cycling - Magyarorsz\u00e1g","isPartOf":{"@id":"https:\/\/www.welovecycling.com\/hu\/#website"},"primaryImageOfPage":{"@id":"https:\/\/www.welovecycling.com\/hu\/utazas\/2483\/#primaryimage"},"image":{"@id":"https:\/\/www.welovecycling.com\/hu\/utazas\/2483\/#primaryimage"},"thumbnailUrl":"https:\/\/d2p6e6u75xmxt8.cloudfront.net\/12\/2018\/12\/5legjobbhely_cover.jpg","datePublished":"2018-12-29T15:30:48+00:00","author":{"@id":"https:\/\/www.welovecycling.com\/hu\/#\/schema\/person\/414a2aebf1801691a5320edb6468e194"},"breadcrumb":{"@id":"https:\/\/www.welovecycling.com\/hu\/utazas\/2483\/#breadcrumb"},"inLanguage":"hu","potentialAction":[{"@type":"ReadAction","target":["https:\/\/www.welovecycling.com\/hu\/utazas\/2483\/"]}]},{"@type":"ImageObject","inLanguage":"hu","@id":"https:\/\/www.welovecycling.com\/hu\/utazas\/2483\/#primaryimage","url":"https:\/\/d2p6e6u75xmxt8.cloudfront.net\/12\/2018\/12\/5legjobbhely_cover.jpg","contentUrl":"https:\/\/d2p6e6u75xmxt8.cloudfront.net\/12\/2018\/12\/5legjobbhely_cover.jpg","width":1678,"height":1119,"caption":"car is transporting bicycles on the roof. bikes on the trunk"},{"@type":"BreadcrumbList","@id":"https:\/\/www.welovecycling.com\/hu\/utazas\/2483\/#breadcrumb","itemListElement":[{"@type":"ListItem","position":1,"name":"Home","item":"https:\/\/www.welovecycling.com\/hu\/"},{"@type":"ListItem","position":2,"name":"5 helysz\u00edn itthonr\u00f3l t\u00e1volodva, amit meg kell l\u00e1togatni k\u00e9t ker\u00e9ken"}]},{"@type":"WebSite","@id":"https:\/\/www.welovecycling.com\/hu\/#website","url":"https:\/\/www.welovecycling.com\/hu\/","name":"\u0160koda We Love Cycling - Magyarorsz\u00e1g","description":"\u0160koda WeLoveCycling","potentialAction":[{"@type":"SearchAction","target":{"@type":"EntryPoint","urlTemplate":"https:\/\/www.welovecycling.com\/hu\/?s={search_term_string}"},"query-input":{"@type":"PropertyValueSpecification","valueRequired":true,"valueName":"search_term_string"}}],"inLanguage":"hu"},{"@type":"Person","@id":"https:\/\/www.welovecycling.com\/hu\/#\/schema\/person\/414a2aebf1801691a5320edb6468e194","name":"hegyizs","image":{"@type":"ImageObject","inLanguage":"hu","@id":"https:\/\/www.welovecycling.com\/hu\/#\/schema\/person\/image\/","url":"https:\/\/secure.gravatar.com\/avatar\/02cf8a7906b8cf90cecb4679defac7cfd33a1c2e3b88e4903d947f3bb58eedd3?s=96&d=mm&r=g","contentUrl":"https:\/\/secure.gravatar.com\/avatar\/02cf8a7906b8cf90cecb4679defac7cfd33a1c2e3b88e4903d947f3bb58eedd3?s=96&d=mm&r=g","caption":"hegyizs"},"url":"https:\/\/www.welovecycling.com\/hu\/author\/hegyizs\/"}]}},"_links":{"self":[{"href":"https:\/\/www.welovecycling.com\/hu\/wp-json\/wp\/v2\/posts\/2483","targetHints":{"allow":["GET"]}}],"collection":[{"href":"https:\/\/www.welovecycling.com\/hu\/wp-json\/wp\/v2\/posts"}],"about":[{"href":"https:\/\/www.welovecycling.com\/hu\/wp-json\/wp\/v2\/types\/post"}],"author":[{"embeddable":true,"href":"https:\/\/www.welovecycling.com\/hu\/wp-json\/wp\/v2\/users\/71"}],"replies":[{"embeddable":true,"href":"https:\/\/www.welovecycling.com\/hu\/wp-json\/wp\/v2\/comments?post=2483"}],"version-history":[{"count":2,"href":"https:\/\/www.welovecycling.com\/hu\/wp-json\/wp\/v2\/posts\/2483\/revisions"}],"predecessor-version":[{"id":2493,"href":"https:\/\/www.welovecycling.com\/hu\/wp-json\/wp\/v2\/posts\/2483\/revisions\/2493"}],"wp:featuredmedia":[{"embeddable":true,"href":"https:\/\/www.welovecycling.com\/hu\/wp-json\/wp\/v2\/media\/2487"}],"wp:attachment":[{"href":"https:\/\/www.welovecycling.com\/hu\/wp-json\/wp\/v2\/media?parent=2483"}],"wp:term":[{"taxonomy":"category","embeddable":true,"href":"https:\/\/www.welovecycling.com\/hu\/wp-json\/wp\/v2\/categories?post=2483"},{"taxonomy":"post_tag","embeddable":true,"href":"https:\/\/www.welovecycling.com\/hu\/wp-json\/wp\/v2\/tags?post=2483"},{"taxonomy":"global-categories","embeddable":true,"href":"https:\/\/www.welovecycling.com\/hu\/wp-json\/wp\/v2\/global-categories?post=2483"}],"curies":[{"name":"wp","href":"https:\/\/api.w.org\/{rel}","templated":true}]}}