{"id":2479,"date":"2018-12-24T20:00:25","date_gmt":"2018-12-24T19:00:25","guid":{"rendered":"https:\/\/www.welovecycling.com\/hu\/?p=2479"},"modified":"2018-12-20T11:03:28","modified_gmt":"2018-12-20T10:03:28","slug":"tippek-egy-unnepi-bicikliturahoz-spanyolorszag","status":"publish","type":"post","link":"https:\/\/www.welovecycling.com\/hu\/csalad\/tippek-egy-unnepi-bicikliturahoz-spanyolorszag\/","title":{"rendered":"Tippek egy \u00fcnnepi biciklit\u00far\u00e1hoz: Spanyolorsz\u00e1g"},"content":{"rendered":"<p><strong>Ahogy bizony\u00e1ra sejted, Spanyolorsz\u00e1g sz\u00e1mos profi ker\u00e9kp\u00e1ros kedvelt t\u00e9li edz\u0151helye is. Az enyhe id\u0151j\u00e1r\u00e1s, a kiv\u00e1l\u00f3 \u00fatviszonyok \u00e9s a sz\u00e1mos hegyvid\u00e9ki terep miatt Spanyolorsz\u00e1g az egyik legjobb v\u00e1laszt\u00e1s, ha a l\u00e1bizmokon szeretn\u00e9l dolgozni az \u00e9v hidegebbik r\u00e9sz\u00e9ben. De ak\u00e1r kih\u00edv\u00e1sokat keresel, ak\u00e1r csak egy k\u00e9nyelmes t\u00far\u00e1t szeretn\u00e9l \u00e9lvezni, k\u00f6zben t\u00f6rt\u00e9nelmi eml\u00e9keket felfedezve, a sz\u00fcnetekben pedig belem\u00e1rtani a l\u00e1bujjaidat a F\u00f6ldk\u00f6zi-tengerbe, Spanyolorsz\u00e1g \u00e9pp kap\u00f3ra j\u00f6het neked.<\/strong><\/p>\n<p>&nbsp;<\/p>\n<p><strong>Haszn\u00e1ld ki a szezonon k\u00edv\u00fcli alacsony \u00e1rakat, \u00e9s fedezd fel a Lanzarote-sziget vulk\u00e1njait<\/strong><\/p>\n<p>Eur\u00f3pa egyik legleny\u0171g\u00f6z\u0151bb t\u00e1j\u00e1n vezet\u0151, egyedi ker\u00e9kp\u00e1ros t\u00fara, melynek sor\u00e1n 8 napot t\u00f6lthetsz el a vulk\u00e1ni eredet\u0171 szigetek felfedez\u00e9s\u00e9vel. Lanzarote sz\u00e1mos vulk\u00e1nkit\u00f6r\u00e9st \u00e9lt \u00e1t a 18. sz\u00e1zadban, amelyek eredm\u00e9nyek\u00e9pp fantasztikus domborzati elemek v\u00e1ltak l\u00e1that\u00f3v\u00e1, vulk\u00e1nokkal \u00e9s megszil\u00e1rdult l\u00e1v\u00e1val. Ha ezen a t\u00far\u00e1n veszel r\u00e9szt, bekukkanthatsz a La Cueva de los Verdes vulk\u00e1ni eredet\u0171 barlangba, \u00e9s felkeresheted a La Geria sz\u0151l\u0151\u00fcltetv\u00e9nyeit is. Sz\u00e1mos kellemes tengerpartja \u00e9s enyhe \u00e9ghajlata miatt megfelel\u0151 h\u0151m\u00e9rs\u00e9kleten lehet tekerni a Lanzarote-szigeten m\u00e9g a t\u00e9li h\u00f3napokban is.<\/p>\n<figure style=\"width: 1250px\" class=\"wp-caption alignnone\"><img loading=\"lazy\" decoding=\"async\" src=\"https:\/\/d2p6e6u75xmxt8.cloudfront.net\/2\/2018\/11\/Lanzarote-Vineyards-profimedia-0397728208.jpg\" alt=\"\" width=\"1250\" height=\"830\" \/><figcaption class=\"wp-caption-text\"><span style=\"font-size: 8pt;\"><em>A Geria d\u0171l\u0151i egy \u00fat mellett, Lanzarote sziget\u00e9n. \u00a9 Profimedia, Depositphotos Inc.<\/em><\/span><\/figcaption><\/figure>\n<p>Szintk\u00fcl\u00f6nbs\u00e9g: Nagy\/k\u00f6zepes<\/p>\n<p>T\u00e1vols\u00e1g: Rugalmas, \u00e1tlag 45 km naponta<\/p>\n<p><strong>T\u00e1g\u00edtsd a hat\u00e1raidat Katal\u00f3ni\u00e1ban!<\/strong><\/p>\n<p>A lelkes ker\u00e9kp\u00e1rosok sz\u00e1m\u00e1ra is kih\u00edv\u00e1st jelent\u0151 biciklit\u00far\u00e1kat k\u00edn\u00e1l\u00f3 Cyclomundo \u00edgy hat\u00e1rozza meg saj\u00e1t k\u00fcldet\u00e9s\u00e9t: \u201eMivel kor\u00e1bban profi versenyz\u0151k voltunk, tudjuk, milyen euforikus \u00e9rz\u00e9st okoz, ha a bicikli nyerg\u00e9ben \u00fclve \u00e9rj\u00fck el \u00f6magunk fizikai korl\u00e1tait. Ez\u00e9rt alap\u00edtottuk meg az Elite Tours t\u00faraszervez\u0151 v\u00e1llalkoz\u00e1sunkat.\u201d<\/p>\n<p>Az Elite \u201ez\u00f6ldb\u0151l a k\u00e9khez t\u00fara\u00fatvonal\u201d pontosan ezt igyekszik a gyakorlatba \u00e1t\u00fcltetni Katal\u00f3ni\u00e1ban. Egyike azoknak a ritka t\u00far\u00e1knak, amelyek tengerpartot \u00e9s magas hegyeket egyar\u00e1nt \u00e9rintenek, \u00edgy gyorsan meg\u00e9rtheted, mi\u00e9rt v\u00e1lasztja olyan sok profi versenyker\u00e9kp\u00e1ros ezt a t\u00e9rs\u00e9get els\u0151 sz\u00e1m\u00fa b\u00e1zis\u00e1nak. A nyolcnapos id\u0151szak alatt megm\u00e1rt\u00f3zhatsz a F\u00f6ldk\u00f6zi-tenger tiszta viz\u00e9ben, a h\u00edres spanyol Costa Brava ment\u00e9n, \u00e9s v\u00e9gigtekerhetsz a Pireneusok hegyes cs\u00facsaira vezet\u0151 utakon. A Spanyolorsz\u00e1g \u00e9s Franciaorsz\u00e1g k\u00f6zti hat\u00e1rokon ki-bej\u00e1rva sz\u00e1mos apr\u00f3, k\u00f6z\u00e9pkori falvat kereshetsz fel, \u00e9s k\u00f6zben megismered k\u00e9pess\u00e9geid hat\u00e1rait is.<\/p>\n<figure style=\"width: 1221px\" class=\"wp-caption alignnone\"><img loading=\"lazy\" decoding=\"async\" src=\"https:\/\/d2p6e6u75xmxt8.cloudfront.net\/2\/2018\/11\/44488545849874.JPG.jpg\" alt=\"\" width=\"1221\" height=\"709\" \/><figcaption class=\"wp-caption-text\"><span style=\"font-size: 8pt;\"><em>\u00a9 Cyclomundo<\/em><\/span><\/figcaption><\/figure>\n<p>Szintk\u00fcl\u00f6nbs\u00e9g: Komoly<\/p>\n<p>T\u00e1vols\u00e1g: A r\u00f6videbb \u00fatvonalak eset\u00e9n napi \u00e1tlag 80 km, hegyi szakaszokkal<\/p>\n<p><strong>T\u00f6rt\u00e9nelmi utaz\u00e1s Andal\u00fazi\u00e1ban<\/strong><\/p>\n<p>A t\u00f6rt\u00e9nelem kedvel\u0151i sz\u00e1m\u00e1ra ez a legmegfelel\u0151bb biciklis kaland, amely v\u00e9gigkalauzol Andal\u00fazia m\u00faltj\u00e1n \u00e9s kultur\u00e1lis soksz\u00edn\u0171s\u00e9g\u00e9n. Az utaz\u00e1s kihangs\u00falyozza a \u201ekalif\u00e1tus \u00fatja\u201d, egy t\u00f6rt\u00e9nelmi muszlim keresked\u0151 \u00fatvonal term\u00e9szeti sz\u00e9ps\u00e9g\u00e9t \u00e9s kultur\u00e1lis \u00f6r\u00f6ks\u00e9g\u00e9t, \u00f6sszek\u00f6tve C\u00f3rdoba \u00e9s Granada v\u00e1rosait. A nyolc nap alatt sz\u00e1mtalan l\u00e9legzetel\u00e1ll\u00edt\u00f3 t\u00e1jat, telep\u00fcl\u00e9st, v\u00e1rat \u00e9s templomot ismerhetsz meg. Arra is lesz lehet\u0151s\u00e9ged, hogy a soron k\u00f6vetkez\u0151 szakaszokra er\u0151t gy\u0171jts a bar\u00e1ts\u00e1gos helyiek k\u00f6r\u00e9ben, a t\u00e1jegys\u00e9g legkiv\u00e1l\u00f3bb \u00e9teleit \u00e9s borait fogyasztva.<\/p>\n<figure style=\"width: 1250px\" class=\"wp-caption alignnone\"><img loading=\"lazy\" decoding=\"async\" src=\"https:\/\/d2p6e6u75xmxt8.cloudfront.net\/2\/2018\/11\/Panorama-of-Alcazar-in-Cordoba-profimedia-0390420050.jpg\" alt=\"\" width=\"1250\" height=\"830\" \/><figcaption class=\"wp-caption-text\"><em><span style=\"font-size: 8pt;\">A c\u00f3rdobai alcazar (m\u00f3r v\u00e1r) l\u00e1tk\u00e9pe \u00a9 Profimedia, Depositphotos Inc.<\/span><\/em><\/figcaption><\/figure>\n<p>Szintk\u00fcl\u00f6nbs\u00e9g: M\u00e9rs\u00e9kelt<\/p>\n<p>T\u00e1vols\u00e1g: Rugalmas<\/p>\n<p><strong>Vidd magaddal az eg\u00e9sz csal\u00e1dot<\/strong><\/p>\n<p>Az eg\u00e9sz csal\u00e1d sz\u00e1m\u00e1ra t\u00e9li kir\u00e1ndul\u00e1st szervezni el\u00e9g meger\u0151ltet\u0151 lehet. F\u00fcggetlen\u00fcl att\u00f3l, hogy hova szeretn\u00e9l elutazni, neh\u00e9z olyan id\u0151t\u00f6lt\u00e9st tal\u00e1lni, amiben mindenki \u00f6r\u00f6m\u00e9t fogja lelni. M\u00e9g szerencse, hogy a gyerekek is im\u00e1dnak biciklizni. Egy csal\u00e1di biciklit\u00fara remek alkalom a k\u00f6z\u00f6s id\u0151t\u00f6lt\u00e9sre, mindenki a szabad leveg\u0151n lehet \u00e9s csod\u00e1lhatja Andal\u00fazia leny\u0171g\u00f6z\u0151 feh\u00e9r falvait. Az \u201eAndaluc\u00eda Cycling Experience\u201d (andal\u00faziai ker\u00e9kp\u00e1ros \u00e9lm\u00e9ny) v\u00e1llalkoz\u00e1s nyolcnapos csal\u00e1di biciklit\u00far\u00e1kat szervez, \u00e9s csal\u00e1donk\u00e9nt egy vezet\u0151t biztos\u00edt. B\u00fcszk\u00e9k r\u00e1, hogy 7-t\u0151l 77 \u00e9ves korig utaztak m\u00e1r vel\u00fck csal\u00e1dtagok. Ak\u00e1r kezd\u0151 biciklisek, ak\u00e1r tapasztalt t\u00far\u00e1z\u00f3k vagytok, egyedi biciklis kir\u00e1ndul\u00e1sokat tudnak szervezni, amelyekben mindenki \u00f6r\u00f6m\u00e9t leli.<\/p>\n<figure style=\"width: 1250px\" class=\"wp-caption alignnone\"><img loading=\"lazy\" decoding=\"async\" src=\"https:\/\/d2p6e6u75xmxt8.cloudfront.net\/2\/2018\/11\/The-wonderful-white-village-of-Olvera-in-Andalusia-profimedia-0397751615.jpg\" alt=\"\" width=\"1250\" height=\"833\" \/><figcaption class=\"wp-caption-text\"><span style=\"font-size: 8pt;\"><em>A fantasztikus feh\u00e9r andal\u00faziai falu, Olvera. \u00a9 Profimedia, Depositphotos Inc.<\/em><\/span><\/figcaption><\/figure>\n<p>Szintk\u00fcl\u00f6nbs\u00e9g: K\u00e9nyelmes<\/p>\n<p>T\u00e1vols\u00e1g: Rugalmas<\/p>\n<p>0-3 \u00e9ves kor k\u00f6z\u00f6tt ingyenes<\/p>\n<p>4-11 \u00e9ves kor k\u00f6z\u00f6tt 30% engedm\u00e9ny a lista\u00e1rb\u00f3l.<\/p>\n<p><strong>Vagy indulj neki egyed\u00fcl<\/strong><\/p>\n<p>Ha a t\u00e9li utaz\u00e1sr\u00f3l sz\u00f3l\u00f3 \u00e1lmaidban t\u00f6bb a b\u00e9kess\u00e9g \u00e9s csendes elm\u00e9ly\u00fcl\u00e9s, mint amit egy csal\u00e1di t\u00fara jelent, akkor \u00e9rdemes megn\u00e9zned a Wheel2wheel egyed\u00fcl utaz\u00f3knak sz\u00f3l\u00f3 k\u00fcl\u00f6nb\u00f6z\u0151 biciklis t\u00faraaj\u00e1nlatait. Spanyolorsz\u00e1gban 10 k\u00fcl\u00f6nb\u00f6z\u0151 \u00fatvonalat k\u00edn\u00e1lnak, \u00edgy tekerhetsz a Camino de Santiago ment\u00e9n, k\u00e9nyeztetheted magad egy La Rioja bort\u00far\u00e1val, vagy kipr\u00f3b\u00e1lhatsz minden egyebet is, ami ezek k\u00f6z\u00e9 m\u00e9g bef\u00e9r. Elt\u00f6k\u00e9ltek, hogy azok sz\u00e1m\u00e1ra is k\u00edn\u00e1lj\u00e1k a biciklit\u00far\u00e1kat, akik egyed\u00fcl k\u00edv\u00e1nnak v\u00e9gigmenni, \u00e9s magukban \u00e9lvezn\u00e9k a fantasztikus l\u00e1tk\u00e9peket.<\/p>\n<figure style=\"width: 1377px\" class=\"wp-caption alignnone\"><img loading=\"lazy\" decoding=\"async\" src=\"https:\/\/d2p6e6u75xmxt8.cloudfront.net\/2\/2018\/11\/Camino-de-Santiago-trail-between-Pola-de-Allande-and-Grandas-de-Salime-Asturias-Spain-0397822077-1.jpg\" alt=\"\" width=\"1377\" height=\"918\" \/><figcaption class=\"wp-caption-text\"><em><span style=\"font-size: 8pt;\">A Pola de Allande \u00e9s Grandas de Salime k\u00f6zti Camino de Santiago \u00fatvonal Spanyolorsz\u00e1gban \u00a9 Profimedia, Panthermedia<\/span><\/em><\/figcaption><\/figure>\n<p>Szintk\u00fcl\u00f6nbs\u00e9g: Rugalmas<\/p>\n<p>T\u00e1vols\u00e1g: Rugalmas<\/p>\n","protected":false},"excerpt":{"rendered":"<p>Ahogy bizony\u00e1ra sejted, Spanyolorsz\u00e1g sz\u00e1mos profi ker\u00e9kp\u00e1ros kedvelt t\u00e9li edz\u0151helye is. Az enyhe id\u0151j\u00e1r\u00e1s, a kiv\u00e1l\u00f3 \u00fatviszonyok \u00e9s a sz\u00e1mos [&hellip;]<\/p>\n","protected":false},"author":71,"featured_media":2480,"comment_status":"open","ping_status":"open","sticky":false,"template":"","format":"standard","meta":{"footnotes":""},"categories":[11],"tags":[260,279,39],"global-categories":[],"class_list":["post-2479","post","type-post","status-publish","format-standard","has-post-thumbnail","hentry","category-csalad","tag-biciklitura","tag-spanyolorszag","tag-utazas"],"yoast_head":"<!-- This site is optimized with the Yoast SEO Premium plugin v25.3 (Yoast SEO v25.9) - https:\/\/yoast.com\/wordpress\/plugins\/seo\/ -->\n<title>Tippek egy \u00fcnnepi biciklit\u00far\u00e1hoz: Spanyolorsz\u00e1g - \u0160koda We Love Cycling - Magyarorsz\u00e1g<\/title>\n<meta name=\"robots\" content=\"index, follow, max-snippet:-1, max-image-preview:large, max-video-preview:-1\" \/>\n<link rel=\"canonical\" href=\"https:\/\/www.welovecycling.com\/hu\/csalad\/tippek-egy-unnepi-bicikliturahoz-spanyolorszag\/\" \/>\n<meta property=\"og:locale\" content=\"hu_HU\" \/>\n<meta property=\"og:type\" content=\"article\" \/>\n<meta property=\"og:title\" content=\"Tippek egy \u00fcnnepi biciklit\u00far\u00e1hoz: Spanyolorsz\u00e1g\" \/>\n<meta property=\"og:description\" content=\"Ahogy bizony\u00e1ra sejted, Spanyolorsz\u00e1g sz\u00e1mos profi ker\u00e9kp\u00e1ros kedvelt t\u00e9li edz\u0151helye is. Az enyhe id\u0151j\u00e1r\u00e1s, a kiv\u00e1l\u00f3 \u00fatviszonyok \u00e9s a sz\u00e1mos [&hellip;]\" \/>\n<meta property=\"og:url\" content=\"https:\/\/www.welovecycling.com\/hu\/csalad\/tippek-egy-unnepi-bicikliturahoz-spanyolorszag\/\" \/>\n<meta property=\"og:site_name\" content=\"\u0160koda We Love Cycling - Magyarorsz\u00e1g\" \/>\n<meta property=\"article:publisher\" content=\"https:\/\/www.facebook.com\/WeLoveCyclingHungary\/\" \/>\n<meta property=\"article:published_time\" content=\"2018-12-24T19:00:25+00:00\" \/>\n<meta property=\"og:image\" content=\"https:\/\/d2p6e6u75xmxt8.cloudfront.net\/12\/2018\/12\/Camino-de-Santiago-trail-between-Pola-de-Allande-and-Grandas-de-Salime-Asturias-Spain-0397822077-1024x450.jpg\" \/>\n\t<meta property=\"og:image:width\" content=\"1024\" \/>\n\t<meta property=\"og:image:height\" content=\"450\" \/>\n\t<meta property=\"og:image:type\" content=\"image\/jpeg\" \/>\n<meta name=\"author\" content=\"hegyizs\" \/>\n<meta name=\"twitter:card\" content=\"summary_large_image\" \/>\n<meta name=\"twitter:label1\" content=\"Written by\" \/>\n\t<meta name=\"twitter:data1\" content=\"hegyizs\" \/>\n\t<meta name=\"twitter:label2\" content=\"Est. reading time\" \/>\n\t<meta name=\"twitter:data2\" content=\"5 minutes\" \/>\n<script type=\"application\/ld+json\" class=\"yoast-schema-graph\">{\"@context\":\"https:\/\/schema.org\",\"@graph\":[{\"@type\":\"WebPage\",\"@id\":\"https:\/\/www.welovecycling.com\/hu\/csalad\/tippek-egy-unnepi-bicikliturahoz-spanyolorszag\/\",\"url\":\"https:\/\/www.welovecycling.com\/hu\/csalad\/tippek-egy-unnepi-bicikliturahoz-spanyolorszag\/\",\"name\":\"Tippek egy \u00fcnnepi biciklit\u00far\u00e1hoz: Spanyolorsz\u00e1g - \u0160koda We Love Cycling - Magyarorsz\u00e1g\",\"isPartOf\":{\"@id\":\"https:\/\/www.welovecycling.com\/hu\/#website\"},\"primaryImageOfPage\":{\"@id\":\"https:\/\/www.welovecycling.com\/hu\/csalad\/tippek-egy-unnepi-bicikliturahoz-spanyolorszag\/#primaryimage\"},\"image\":{\"@id\":\"https:\/\/www.welovecycling.com\/hu\/csalad\/tippek-egy-unnepi-bicikliturahoz-spanyolorszag\/#primaryimage\"},\"thumbnailUrl\":\"https:\/\/d2p6e6u75xmxt8.cloudfront.net\/12\/2018\/12\/Camino-de-Santiago-trail-between-Pola-de-Allande-and-Grandas-de-Salime-Asturias-Spain-0397822077-1024x450.jpg\",\"datePublished\":\"2018-12-24T19:00:25+00:00\",\"author\":{\"@id\":\"https:\/\/www.welovecycling.com\/hu\/#\/schema\/person\/414a2aebf1801691a5320edb6468e194\"},\"breadcrumb\":{\"@id\":\"https:\/\/www.welovecycling.com\/hu\/csalad\/tippek-egy-unnepi-bicikliturahoz-spanyolorszag\/#breadcrumb\"},\"inLanguage\":\"hu\",\"potentialAction\":[{\"@type\":\"ReadAction\",\"target\":[\"https:\/\/www.welovecycling.com\/hu\/csalad\/tippek-egy-unnepi-bicikliturahoz-spanyolorszag\/\"]}]},{\"@type\":\"ImageObject\",\"inLanguage\":\"hu\",\"@id\":\"https:\/\/www.welovecycling.com\/hu\/csalad\/tippek-egy-unnepi-bicikliturahoz-spanyolorszag\/#primaryimage\",\"url\":\"https:\/\/d2p6e6u75xmxt8.cloudfront.net\/12\/2018\/12\/Camino-de-Santiago-trail-between-Pola-de-Allande-and-Grandas-de-Salime-Asturias-Spain-0397822077-1024x450.jpg\",\"contentUrl\":\"https:\/\/d2p6e6u75xmxt8.cloudfront.net\/12\/2018\/12\/Camino-de-Santiago-trail-between-Pola-de-Allande-and-Grandas-de-Salime-Asturias-Spain-0397822077-1024x450.jpg\",\"width\":1024,\"height\":450},{\"@type\":\"BreadcrumbList\",\"@id\":\"https:\/\/www.welovecycling.com\/hu\/csalad\/tippek-egy-unnepi-bicikliturahoz-spanyolorszag\/#breadcrumb\",\"itemListElement\":[{\"@type\":\"ListItem\",\"position\":1,\"name\":\"Home\",\"item\":\"https:\/\/www.welovecycling.com\/hu\/\"},{\"@type\":\"ListItem\",\"position\":2,\"name\":\"Tippek egy \u00fcnnepi biciklit\u00far\u00e1hoz: Spanyolorsz\u00e1g\"}]},{\"@type\":\"WebSite\",\"@id\":\"https:\/\/www.welovecycling.com\/hu\/#website\",\"url\":\"https:\/\/www.welovecycling.com\/hu\/\",\"name\":\"\u0160koda We Love Cycling - Magyarorsz\u00e1g\",\"description\":\"\u0160koda WeLoveCycling\",\"potentialAction\":[{\"@type\":\"SearchAction\",\"target\":{\"@type\":\"EntryPoint\",\"urlTemplate\":\"https:\/\/www.welovecycling.com\/hu\/?s={search_term_string}\"},\"query-input\":{\"@type\":\"PropertyValueSpecification\",\"valueRequired\":true,\"valueName\":\"search_term_string\"}}],\"inLanguage\":\"hu\"},{\"@type\":\"Person\",\"@id\":\"https:\/\/www.welovecycling.com\/hu\/#\/schema\/person\/414a2aebf1801691a5320edb6468e194\",\"name\":\"hegyizs\",\"image\":{\"@type\":\"ImageObject\",\"inLanguage\":\"hu\",\"@id\":\"https:\/\/www.welovecycling.com\/hu\/#\/schema\/person\/image\/\",\"url\":\"https:\/\/secure.gravatar.com\/avatar\/02cf8a7906b8cf90cecb4679defac7cfd33a1c2e3b88e4903d947f3bb58eedd3?s=96&d=mm&r=g\",\"contentUrl\":\"https:\/\/secure.gravatar.com\/avatar\/02cf8a7906b8cf90cecb4679defac7cfd33a1c2e3b88e4903d947f3bb58eedd3?s=96&d=mm&r=g\",\"caption\":\"hegyizs\"},\"url\":\"https:\/\/www.welovecycling.com\/hu\/author\/hegyizs\/\"}]}<\/script>\n<!-- \/ Yoast SEO Premium plugin. -->","yoast_head_json":{"title":"Tippek egy \u00fcnnepi biciklit\u00far\u00e1hoz: Spanyolorsz\u00e1g - \u0160koda We Love Cycling - Magyarorsz\u00e1g","robots":{"index":"index","follow":"follow","max-snippet":"max-snippet:-1","max-image-preview":"max-image-preview:large","max-video-preview":"max-video-preview:-1"},"canonical":"https:\/\/www.welovecycling.com\/hu\/csalad\/tippek-egy-unnepi-bicikliturahoz-spanyolorszag\/","og_locale":"hu_HU","og_type":"article","og_title":"Tippek egy \u00fcnnepi biciklit\u00far\u00e1hoz: Spanyolorsz\u00e1g","og_description":"Ahogy bizony\u00e1ra sejted, Spanyolorsz\u00e1g sz\u00e1mos profi ker\u00e9kp\u00e1ros kedvelt t\u00e9li edz\u0151helye is. Az enyhe id\u0151j\u00e1r\u00e1s, a kiv\u00e1l\u00f3 \u00fatviszonyok \u00e9s a sz\u00e1mos [&hellip;]","og_url":"https:\/\/www.welovecycling.com\/hu\/csalad\/tippek-egy-unnepi-bicikliturahoz-spanyolorszag\/","og_site_name":"\u0160koda We Love Cycling - Magyarorsz\u00e1g","article_publisher":"https:\/\/www.facebook.com\/WeLoveCyclingHungary\/","article_published_time":"2018-12-24T19:00:25+00:00","og_image":[{"width":1024,"height":450,"url":"https:\/\/d2p6e6u75xmxt8.cloudfront.net\/12\/2018\/12\/Camino-de-Santiago-trail-between-Pola-de-Allande-and-Grandas-de-Salime-Asturias-Spain-0397822077-1024x450.jpg","type":"image\/jpeg"}],"author":"hegyizs","twitter_card":"summary_large_image","twitter_misc":{"Written by":"hegyizs","Est. reading time":"5 minutes"},"schema":{"@context":"https:\/\/schema.org","@graph":[{"@type":"WebPage","@id":"https:\/\/www.welovecycling.com\/hu\/csalad\/tippek-egy-unnepi-bicikliturahoz-spanyolorszag\/","url":"https:\/\/www.welovecycling.com\/hu\/csalad\/tippek-egy-unnepi-bicikliturahoz-spanyolorszag\/","name":"Tippek egy \u00fcnnepi biciklit\u00far\u00e1hoz: Spanyolorsz\u00e1g - \u0160koda We Love Cycling - Magyarorsz\u00e1g","isPartOf":{"@id":"https:\/\/www.welovecycling.com\/hu\/#website"},"primaryImageOfPage":{"@id":"https:\/\/www.welovecycling.com\/hu\/csalad\/tippek-egy-unnepi-bicikliturahoz-spanyolorszag\/#primaryimage"},"image":{"@id":"https:\/\/www.welovecycling.com\/hu\/csalad\/tippek-egy-unnepi-bicikliturahoz-spanyolorszag\/#primaryimage"},"thumbnailUrl":"https:\/\/d2p6e6u75xmxt8.cloudfront.net\/12\/2018\/12\/Camino-de-Santiago-trail-between-Pola-de-Allande-and-Grandas-de-Salime-Asturias-Spain-0397822077-1024x450.jpg","datePublished":"2018-12-24T19:00:25+00:00","author":{"@id":"https:\/\/www.welovecycling.com\/hu\/#\/schema\/person\/414a2aebf1801691a5320edb6468e194"},"breadcrumb":{"@id":"https:\/\/www.welovecycling.com\/hu\/csalad\/tippek-egy-unnepi-bicikliturahoz-spanyolorszag\/#breadcrumb"},"inLanguage":"hu","potentialAction":[{"@type":"ReadAction","target":["https:\/\/www.welovecycling.com\/hu\/csalad\/tippek-egy-unnepi-bicikliturahoz-spanyolorszag\/"]}]},{"@type":"ImageObject","inLanguage":"hu","@id":"https:\/\/www.welovecycling.com\/hu\/csalad\/tippek-egy-unnepi-bicikliturahoz-spanyolorszag\/#primaryimage","url":"https:\/\/d2p6e6u75xmxt8.cloudfront.net\/12\/2018\/12\/Camino-de-Santiago-trail-between-Pola-de-Allande-and-Grandas-de-Salime-Asturias-Spain-0397822077-1024x450.jpg","contentUrl":"https:\/\/d2p6e6u75xmxt8.cloudfront.net\/12\/2018\/12\/Camino-de-Santiago-trail-between-Pola-de-Allande-and-Grandas-de-Salime-Asturias-Spain-0397822077-1024x450.jpg","width":1024,"height":450},{"@type":"BreadcrumbList","@id":"https:\/\/www.welovecycling.com\/hu\/csalad\/tippek-egy-unnepi-bicikliturahoz-spanyolorszag\/#breadcrumb","itemListElement":[{"@type":"ListItem","position":1,"name":"Home","item":"https:\/\/www.welovecycling.com\/hu\/"},{"@type":"ListItem","position":2,"name":"Tippek egy \u00fcnnepi biciklit\u00far\u00e1hoz: Spanyolorsz\u00e1g"}]},{"@type":"WebSite","@id":"https:\/\/www.welovecycling.com\/hu\/#website","url":"https:\/\/www.welovecycling.com\/hu\/","name":"\u0160koda We Love Cycling - Magyarorsz\u00e1g","description":"\u0160koda WeLoveCycling","potentialAction":[{"@type":"SearchAction","target":{"@type":"EntryPoint","urlTemplate":"https:\/\/www.welovecycling.com\/hu\/?s={search_term_string}"},"query-input":{"@type":"PropertyValueSpecification","valueRequired":true,"valueName":"search_term_string"}}],"inLanguage":"hu"},{"@type":"Person","@id":"https:\/\/www.welovecycling.com\/hu\/#\/schema\/person\/414a2aebf1801691a5320edb6468e194","name":"hegyizs","image":{"@type":"ImageObject","inLanguage":"hu","@id":"https:\/\/www.welovecycling.com\/hu\/#\/schema\/person\/image\/","url":"https:\/\/secure.gravatar.com\/avatar\/02cf8a7906b8cf90cecb4679defac7cfd33a1c2e3b88e4903d947f3bb58eedd3?s=96&d=mm&r=g","contentUrl":"https:\/\/secure.gravatar.com\/avatar\/02cf8a7906b8cf90cecb4679defac7cfd33a1c2e3b88e4903d947f3bb58eedd3?s=96&d=mm&r=g","caption":"hegyizs"},"url":"https:\/\/www.welovecycling.com\/hu\/author\/hegyizs\/"}]}},"_links":{"self":[{"href":"https:\/\/www.welovecycling.com\/hu\/wp-json\/wp\/v2\/posts\/2479","targetHints":{"allow":["GET"]}}],"collection":[{"href":"https:\/\/www.welovecycling.com\/hu\/wp-json\/wp\/v2\/posts"}],"about":[{"href":"https:\/\/www.welovecycling.com\/hu\/wp-json\/wp\/v2\/types\/post"}],"author":[{"embeddable":true,"href":"https:\/\/www.welovecycling.com\/hu\/wp-json\/wp\/v2\/users\/71"}],"replies":[{"embeddable":true,"href":"https:\/\/www.welovecycling.com\/hu\/wp-json\/wp\/v2\/comments?post=2479"}],"version-history":[{"count":2,"href":"https:\/\/www.welovecycling.com\/hu\/wp-json\/wp\/v2\/posts\/2479\/revisions"}],"predecessor-version":[{"id":2482,"href":"https:\/\/www.welovecycling.com\/hu\/wp-json\/wp\/v2\/posts\/2479\/revisions\/2482"}],"wp:featuredmedia":[{"embeddable":true,"href":"https:\/\/www.welovecycling.com\/hu\/wp-json\/wp\/v2\/media\/2480"}],"wp:attachment":[{"href":"https:\/\/www.welovecycling.com\/hu\/wp-json\/wp\/v2\/media?parent=2479"}],"wp:term":[{"taxonomy":"category","embeddable":true,"href":"https:\/\/www.welovecycling.com\/hu\/wp-json\/wp\/v2\/categories?post=2479"},{"taxonomy":"post_tag","embeddable":true,"href":"https:\/\/www.welovecycling.com\/hu\/wp-json\/wp\/v2\/tags?post=2479"},{"taxonomy":"global-categories","embeddable":true,"href":"https:\/\/www.welovecycling.com\/hu\/wp-json\/wp\/v2\/global-categories?post=2479"}],"curies":[{"name":"wp","href":"https:\/\/api.w.org\/{rel}","templated":true}]}}