{"id":2475,"date":"2018-12-22T02:10:20","date_gmt":"2018-12-22T01:10:20","guid":{"rendered":"https:\/\/www.welovecycling.com\/hu\/?p=2475"},"modified":"2018-12-22T02:08:57","modified_gmt":"2018-12-22T01:08:57","slug":"5-kezmuves-biciklis-ajandek-az-idei-unnepekre","status":"publish","type":"post","link":"https:\/\/www.welovecycling.com\/hu\/csalad\/5-kezmuves-biciklis-ajandek-az-idei-unnepekre\/","title":{"rendered":"5 k\u00e9zm\u0171ves biciklis aj\u00e1nd\u00e9k az idei \u00fcnnepekre"},"content":{"rendered":"<p><strong>Azt nem lehet \u00e1ll\u00edtani, hogy a ker\u00e9kp\u00e1rosok nem kreat\u00edvak. L\u00e1ttunk m\u00e1r olyat, hogy r\u00e9gi ker\u00e9kp\u00e1r-alkatr\u00e9szekb\u0151l k\u00e9sz\u00edt valaki divatos kieg\u00e9sz\u00edt\u0151t, irodai sz\u00e9ket, illetve m\u00e9g sok minden m\u00e1st is, a kett\u0151 k\u00f6z\u00f6tti sk\u00e1l\u00e1r\u00f3l. Ez a fajta tal\u00e1l\u00e9kony \u00fajrahasznos\u00edt\u00e1s \u00faj \u00e9letet adhat a biciklinek, ami m\u00e1r nem val\u00f3 arra, hogy az utakon k\u00f6zlekedjen. \u00c9s persze nagy \u00f6r\u00f6met is tud okozni n\u00e9ha, ha r\u00e9gi dolgokb\u00f3l k\u00e9sz\u00edtesz aj\u00e1nd\u00e9kot, vagy ilyen meglepet\u00e9st kapsz valami olyan dologb\u00f3l, ami egy\u00e9bk\u00e9nt a kuk\u00e1ban v\u00e9gezte volna.<\/strong><\/p>\n<p>Ha van egy r\u00e9gi rozsd\u00e1s parip\u00e1d a sufniban, ami helyett m\u00e1r egy \u00faj v\u00e1r a kar\u00e1csonyfa alatt, \u00e9s egy megsz\u00e1llott biciklis bar\u00e1todnak szeretn\u00e9l valami kreat\u00edv aj\u00e1nd\u00e9kot adni, mutatunk n\u00e9h\u00e1ny \u00f6tletet arra, hogyan lehet a r\u00e9gi alkatr\u00e9szekb\u0151l valami \u00fajat var\u00e1zsolni. Figyelembe v\u00e9ve azt is, hogy nem mindenki tapasztalt k\u00e9zm\u0171ves, kiv\u00e1logattunk n\u00e9h\u00e1ny kedvenc biciklis bark\u00e1cs\u00f6tletet (teljes elk\u00e9sz\u00edt\u00e9si \u00fatmutat\u00f3val), amelyekkel szuper aj\u00e1nd\u00e9kok k\u00e9sz\u00edthet\u0151k b\u00e1rki r\u00e9sz\u00e9re.<\/p>\n<p><strong>Bicikliker\u00e9k-koll\u00e1zs<\/strong><\/p>\n<p>Ez az egyik kedvenc\u00fcnk, hiszen nagyon egyszer\u0171, \u00e9s sokoldal\u00faan elk\u00e9sz\u00edthet\u0151. Egy bicikliker\u00e9k letisztult \u00e9s modern vonalaib\u00f3l sokf\u00e9le diz\u00e1jn\u00f6tlet sz\u00e1rmazhat, p\u00e9ld\u00e1ul<a href=\"https:\/\/www.recyclart.org\/2014\/02\/vintage-bike-wheel-chandelier\/\"> csill\u00e1r<\/a> \u00e9s <a href=\"https:\/\/www.apartmenttherapy.com\/how-to-make-a-p-25394\">ed\u00e9nytart\u00f3<\/a> is, de ha maradni akarsz az egyszer\u0171 dolgokn\u00e1l, \u00e9s m\u00e9gis romantikus hangulatban vagy, mi\u00e9rt ne lepn\u00e9l meg valakit ezzel a biciklis eml\u00e9k koll\u00e1zzsal?<\/p>\n<p><img decoding=\"async\" src=\"https:\/\/d2p6e6u75xmxt8.cloudfront.net\/2\/2018\/11\/Bicycle-Wheel-Collage.jpg\" \/><\/p>\n<p>Ehhez le kell tiszt\u00edtani kiss\u00e9 a r\u00e9gi kereket, vid\u00e1m sz\u00ednekre festeni p\u00e1r fa ruhacsipeszt, \u00e9s \u00f6sszeszedni p\u00e1rat kedvenc f\u00e9nyk\u00e9peitekb\u0151l. Egy sz\u00e9p aj\u00e1nd\u00e9k, amely otthoni dekor\u00e1ci\u00f3k\u00e9nt is meg\u00e1llja a hely\u00e9t, \u00e9s az \u00faj eml\u00e9kkel a k\u00e9s\u0151bbiekben is tov\u00e1bb b\u0151v\u00edthet\u0151. Elk\u00e9sz\u00edt\u00e9s\u00e9r\u0151l a <a href=\"https:\/\/thegingerpennypincher.wordpress.com\/tag\/bicycle-wheel\/\">ginger penny pincher blogon<\/a> olvashatsz b\u0151vebben.<\/p>\n<p><strong>Gumibels\u0151b\u0151l k\u00e9sz\u00fcl makram\u00e9 vir\u00e1gtart\u00f3<\/strong><\/p>\n<p>Minket leny\u0171g\u00f6z\u00f6tt ez a kreat\u00edv megold\u00e1s. Valami sz\u00e9pet \u00e9s hasznosat alkotni kidobott bels\u0151kb\u0151l? Igen, benne vagyunk! Arr\u00f3l nem is besz\u00e9lve, hogy nincs olyan h\u00e1ztart\u00e1s, ahov\u00e1 ne kellene m\u00e9g p\u00e1r d\u00edszn\u00f6v\u00e9ny. Ehhez a <a href=\"https:\/\/www.bicitoro.com\/tutorial-inner-tube-plant-hanger\/\">divatos gumibels\u0151-vir\u00e1gtart\u00f3hoz<\/a> csak 3 r\u00e9gi bels\u0151re, valamilyen gy\u0171r\u0171re, n\u00e9h\u00e1ny irodai kapocsra \u00e9s egy oll\u00f3ra lesz sz\u00fcks\u00e9g. Nagyon k\u00f6nny\u0171 megcsin\u00e1lni, n\u00e9h\u00e1ny r\u00e9gi bels\u0151t a k\u00f6zeli bicikliboltb\u00f3l is elk\u00e9rhetsz, \u00e9s az aj\u00e1nd\u00e9klist\u00e1don szerepl\u0151 minden ismer\u0151s\u00f6det meglepheted egy makram\u00e9-tart\u00f3val! Ilyen j\u00f3 \u00e9rz\u00e9st haszn\u00e1lhatatlann\u00e1 v\u00e1lt gumibels\u0151 m\u00e9g nem okozott&#8230;<\/p>\n<p><img decoding=\"async\" src=\"https:\/\/d2p6e6u75xmxt8.cloudfront.net\/2\/2018\/11\/Busted-Inner-Tubes-Pot.jpg\" \/><\/p>\n<p><strong>Korm\u00e1nyb\u00f3l gyertyatart\u00f3<\/strong><\/p>\n<p>Az orsz\u00e1g\u00fati ker\u00e9kp\u00e1rok korm\u00e1nya \u00e1ltal\u00e1ban nagyon eleg\u00e1ns form\u00e1j\u00fa, ez\u00e9rt adja mag\u00e1t, hogy <a href=\"https:\/\/www.coolthings.com\/road-bike-decal\/\">falikamp\u00f3k\u00e9nt<\/a> vagy <a href=\"https:\/\/www.wired.co.uk\/article\/how-to-build-a-handlebar-bike-hanger\">biciklitart\u00f3k\u00e9nt<\/a> \u00e9ledjenek \u00fajj\u00e1, ha elj\u00e1rt felett\u00fck az id\u0151. De mit sz\u00f3ln\u00e1l ahhoz, ha az \u00fcnnepi asztal is kapna egy kis kar\u00e1csonyi biciklis var\u00e1zslatot? Alapvet\u0151en csak olyan sz\u00ednnel vagy csomagol\u00e1ssal kell ell\u00e1tni a korm\u00e1nyt, ami neked a legjobban tetszik, azt\u00e1n pedig egyszer\u0171 f\u00e9m gyertyatart\u00f3t kell r\u00e1ragasztani, ami b\u00e1rmely k\u00e9zm\u0171ves- vagy bark\u00e1csboltban megtal\u00e1lhat\u00f3. M\u00e1ris gy\u00fajthatod a gyerty\u00e1t, \u00e9s kezdheted az \u00fcnnepl\u00e9st.<\/p>\n<p><img decoding=\"async\" src=\"https:\/\/d2p6e6u75xmxt8.cloudfront.net\/2\/2018\/11\/Cycling-candle-holders-bedroom-ideas.jpg\" \/><\/p>\n<p><strong>Biciklil\u00e1ncb\u00f3l k\u00e9sz\u00fclt poh\u00e1ral\u00e1t\u00e9t<\/strong><\/p>\n<p>Szint\u00e9n az asztalon prezent\u00e1lhatod, mennyire szeretsz biciklizni, ha ezekkel a k\u00f6nnyen elk\u00e9sz\u00edthet\u0151 al\u00e1t\u00e9tekkel villantasz. \u00daj \u00e9letet adhatsz egy kidobott biciklil\u00e1ncnak, \u00e9s a vastag parafa-r\u00e9teg val\u00f3ban v\u00e9deni fogja az asztal fel\u00fclet\u00e9t is. J\u00f3l haszn\u00e1lhat\u00f3, st\u00edlusos aj\u00e1nd\u00e9k, ami <a href=\"https:\/\/www.ilovetocreate.com\/bike-chain-coasters-diy\">p\u00e1r perc alatt elk\u00e9sz\u00edthet\u0151<\/a>.<\/p>\n<p><img decoding=\"async\" src=\"https:\/\/d2p6e6u75xmxt8.cloudfront.net\/2\/2018\/11\/cycling-coasters.jpg\" \/><\/p>\n<p><strong>Sz\u00e9lcseng\u0151 biciklis alkatr\u00e9szekb\u0151l<\/strong><\/p>\n<p>Az igaz, hogy sz\u00e9lcseng\u0151 szinte b\u00e1rmib\u0151l k\u00e9sz\u00edthet\u0151, aminek van b\u00e1rmekkora s\u00falya, de hidd el nek\u00fcnk, hogy ez a biciklialkatr\u00e9szb\u0151l k\u00e9sz\u00edtett v\u00e1ltozat men\u0151n n\u00e9z ki, \u00e9s j\u00f3l is sz\u00f3l. Csak vedd le a l\u00e1ncot \u00e9s a fogaskerekeket, f\u00fajj r\u00e1juk fest\u00e9ksz\u00f3r\u00f3b\u00f3l valamilyen sz\u00ednt, \u00e9s m\u00e1r \u00f6ssze is rakhatod. Haszn\u00e1ld b\u00e1zisk\u00e9nt az egyik fogaskereket, tegy\u00e9l hozz\u00e1 p\u00e1r f\u00e9mgy\u0171r\u0171t \u00e9s egy madzagot, \u00e9s m\u00e1ris kiakaszthatod az \u00faj, saj\u00e1t k\u00e9sz\u00edt\u00e9s\u0171 sz\u00e9lcseng\u0151det a kertben vagy az el\u0151t\u00e9rben. A kreativit\u00e1snak szinte semmi sem szabhat hat\u00e1rt, ez\u00e9rt <a href=\"https:\/\/cz.pinterest.com\/pin\/392728029999030451\/?lp=true\">\u00edme p\u00e1r tov\u00e1bbi inspir\u00e1ci\u00f3,<\/a> amivel nekil\u00e1thatsz.<\/p>\n<p><img decoding=\"async\" src=\"https:\/\/d2p6e6u75xmxt8.cloudfront.net\/2\/2018\/11\/c9e132d9f6dd8cd5b5d3ee25b20e126f.jpg\" \/><\/p>\n","protected":false},"excerpt":{"rendered":"<p>Azt nem lehet \u00e1ll\u00edtani, hogy a ker\u00e9kp\u00e1rosok nem kreat\u00edvak. L\u00e1ttunk m\u00e1r olyat, hogy r\u00e9gi ker\u00e9kp\u00e1r-alkatr\u00e9szekb\u0151l k\u00e9sz\u00edt valaki divatos kieg\u00e9sz\u00edt\u0151t, irodai [&hellip;]<\/p>\n","protected":false},"author":71,"featured_media":2478,"comment_status":"open","ping_status":"open","sticky":false,"template":"","format":"standard","meta":{"footnotes":""},"categories":[11],"tags":[278,254],"global-categories":[],"class_list":["post-2475","post","type-post","status-publish","format-standard","has-post-thumbnail","hentry","category-csalad","tag-diy","tag-karacsonyi-ajandek"],"yoast_head":"<!-- This site is optimized with the Yoast SEO Premium plugin v25.3 (Yoast SEO v25.9) - https:\/\/yoast.com\/wordpress\/plugins\/seo\/ -->\n<title>5 k\u00e9zm\u0171ves biciklis aj\u00e1nd\u00e9k az idei \u00fcnnepekre - \u0160koda We Love Cycling - Magyarorsz\u00e1g<\/title>\n<meta name=\"robots\" content=\"index, follow, max-snippet:-1, max-image-preview:large, max-video-preview:-1\" \/>\n<link rel=\"canonical\" href=\"https:\/\/www.welovecycling.com\/hu\/csalad\/5-kezmuves-biciklis-ajandek-az-idei-unnepekre\/\" \/>\n<meta property=\"og:locale\" content=\"hu_HU\" \/>\n<meta property=\"og:type\" content=\"article\" \/>\n<meta property=\"og:title\" content=\"5 k\u00e9zm\u0171ves biciklis aj\u00e1nd\u00e9k az idei \u00fcnnepekre\" \/>\n<meta property=\"og:description\" content=\"Azt nem lehet \u00e1ll\u00edtani, hogy a ker\u00e9kp\u00e1rosok nem kreat\u00edvak. L\u00e1ttunk m\u00e1r olyat, hogy r\u00e9gi ker\u00e9kp\u00e1r-alkatr\u00e9szekb\u0151l k\u00e9sz\u00edt valaki divatos kieg\u00e9sz\u00edt\u0151t, irodai [&hellip;]\" \/>\n<meta property=\"og:url\" content=\"https:\/\/www.welovecycling.com\/hu\/csalad\/5-kezmuves-biciklis-ajandek-az-idei-unnepekre\/\" \/>\n<meta property=\"og:site_name\" content=\"\u0160koda We Love Cycling - Magyarorsz\u00e1g\" \/>\n<meta property=\"article:publisher\" content=\"https:\/\/www.facebook.com\/WeLoveCyclingHungary\/\" \/>\n<meta property=\"article:published_time\" content=\"2018-12-22T01:10:20+00:00\" \/>\n<meta property=\"og:image\" content=\"https:\/\/d2p6e6u75xmxt8.cloudfront.net\/12\/2018\/12\/Cycling-Coasters-1-1024x450-1.jpg\" \/>\n\t<meta property=\"og:image:width\" content=\"1024\" \/>\n\t<meta property=\"og:image:height\" content=\"450\" \/>\n\t<meta property=\"og:image:type\" content=\"image\/jpeg\" \/>\n<meta name=\"author\" content=\"hegyizs\" \/>\n<meta name=\"twitter:card\" content=\"summary_large_image\" \/>\n<meta name=\"twitter:label1\" content=\"Written by\" \/>\n\t<meta name=\"twitter:data1\" content=\"hegyizs\" \/>\n\t<meta name=\"twitter:label2\" content=\"Est. reading time\" \/>\n\t<meta name=\"twitter:data2\" content=\"4 minutes\" \/>\n<script type=\"application\/ld+json\" class=\"yoast-schema-graph\">{\"@context\":\"https:\/\/schema.org\",\"@graph\":[{\"@type\":\"WebPage\",\"@id\":\"https:\/\/www.welovecycling.com\/hu\/csalad\/5-kezmuves-biciklis-ajandek-az-idei-unnepekre\/\",\"url\":\"https:\/\/www.welovecycling.com\/hu\/csalad\/5-kezmuves-biciklis-ajandek-az-idei-unnepekre\/\",\"name\":\"5 k\u00e9zm\u0171ves biciklis aj\u00e1nd\u00e9k az idei \u00fcnnepekre - \u0160koda We Love Cycling - Magyarorsz\u00e1g\",\"isPartOf\":{\"@id\":\"https:\/\/www.welovecycling.com\/hu\/#website\"},\"primaryImageOfPage\":{\"@id\":\"https:\/\/www.welovecycling.com\/hu\/csalad\/5-kezmuves-biciklis-ajandek-az-idei-unnepekre\/#primaryimage\"},\"image\":{\"@id\":\"https:\/\/www.welovecycling.com\/hu\/csalad\/5-kezmuves-biciklis-ajandek-az-idei-unnepekre\/#primaryimage\"},\"thumbnailUrl\":\"https:\/\/d2p6e6u75xmxt8.cloudfront.net\/12\/2018\/12\/Cycling-Coasters-1-1024x450-1.jpg\",\"datePublished\":\"2018-12-22T01:10:20+00:00\",\"author\":{\"@id\":\"https:\/\/www.welovecycling.com\/hu\/#\/schema\/person\/414a2aebf1801691a5320edb6468e194\"},\"breadcrumb\":{\"@id\":\"https:\/\/www.welovecycling.com\/hu\/csalad\/5-kezmuves-biciklis-ajandek-az-idei-unnepekre\/#breadcrumb\"},\"inLanguage\":\"hu\",\"potentialAction\":[{\"@type\":\"ReadAction\",\"target\":[\"https:\/\/www.welovecycling.com\/hu\/csalad\/5-kezmuves-biciklis-ajandek-az-idei-unnepekre\/\"]}]},{\"@type\":\"ImageObject\",\"inLanguage\":\"hu\",\"@id\":\"https:\/\/www.welovecycling.com\/hu\/csalad\/5-kezmuves-biciklis-ajandek-az-idei-unnepekre\/#primaryimage\",\"url\":\"https:\/\/d2p6e6u75xmxt8.cloudfront.net\/12\/2018\/12\/Cycling-Coasters-1-1024x450-1.jpg\",\"contentUrl\":\"https:\/\/d2p6e6u75xmxt8.cloudfront.net\/12\/2018\/12\/Cycling-Coasters-1-1024x450-1.jpg\",\"width\":1024,\"height\":450},{\"@type\":\"BreadcrumbList\",\"@id\":\"https:\/\/www.welovecycling.com\/hu\/csalad\/5-kezmuves-biciklis-ajandek-az-idei-unnepekre\/#breadcrumb\",\"itemListElement\":[{\"@type\":\"ListItem\",\"position\":1,\"name\":\"Home\",\"item\":\"https:\/\/www.welovecycling.com\/hu\/\"},{\"@type\":\"ListItem\",\"position\":2,\"name\":\"5 k\u00e9zm\u0171ves biciklis aj\u00e1nd\u00e9k az idei \u00fcnnepekre\"}]},{\"@type\":\"WebSite\",\"@id\":\"https:\/\/www.welovecycling.com\/hu\/#website\",\"url\":\"https:\/\/www.welovecycling.com\/hu\/\",\"name\":\"\u0160koda We Love Cycling - Magyarorsz\u00e1g\",\"description\":\"\u0160koda WeLoveCycling\",\"potentialAction\":[{\"@type\":\"SearchAction\",\"target\":{\"@type\":\"EntryPoint\",\"urlTemplate\":\"https:\/\/www.welovecycling.com\/hu\/?s={search_term_string}\"},\"query-input\":{\"@type\":\"PropertyValueSpecification\",\"valueRequired\":true,\"valueName\":\"search_term_string\"}}],\"inLanguage\":\"hu\"},{\"@type\":\"Person\",\"@id\":\"https:\/\/www.welovecycling.com\/hu\/#\/schema\/person\/414a2aebf1801691a5320edb6468e194\",\"name\":\"hegyizs\",\"image\":{\"@type\":\"ImageObject\",\"inLanguage\":\"hu\",\"@id\":\"https:\/\/www.welovecycling.com\/hu\/#\/schema\/person\/image\/\",\"url\":\"https:\/\/secure.gravatar.com\/avatar\/02cf8a7906b8cf90cecb4679defac7cfd33a1c2e3b88e4903d947f3bb58eedd3?s=96&d=mm&r=g\",\"contentUrl\":\"https:\/\/secure.gravatar.com\/avatar\/02cf8a7906b8cf90cecb4679defac7cfd33a1c2e3b88e4903d947f3bb58eedd3?s=96&d=mm&r=g\",\"caption\":\"hegyizs\"},\"url\":\"https:\/\/www.welovecycling.com\/hu\/author\/hegyizs\/\"}]}<\/script>\n<!-- \/ Yoast SEO Premium plugin. -->","yoast_head_json":{"title":"5 k\u00e9zm\u0171ves biciklis aj\u00e1nd\u00e9k az idei \u00fcnnepekre - \u0160koda We Love Cycling - Magyarorsz\u00e1g","robots":{"index":"index","follow":"follow","max-snippet":"max-snippet:-1","max-image-preview":"max-image-preview:large","max-video-preview":"max-video-preview:-1"},"canonical":"https:\/\/www.welovecycling.com\/hu\/csalad\/5-kezmuves-biciklis-ajandek-az-idei-unnepekre\/","og_locale":"hu_HU","og_type":"article","og_title":"5 k\u00e9zm\u0171ves biciklis aj\u00e1nd\u00e9k az idei \u00fcnnepekre","og_description":"Azt nem lehet \u00e1ll\u00edtani, hogy a ker\u00e9kp\u00e1rosok nem kreat\u00edvak. L\u00e1ttunk m\u00e1r olyat, hogy r\u00e9gi ker\u00e9kp\u00e1r-alkatr\u00e9szekb\u0151l k\u00e9sz\u00edt valaki divatos kieg\u00e9sz\u00edt\u0151t, irodai [&hellip;]","og_url":"https:\/\/www.welovecycling.com\/hu\/csalad\/5-kezmuves-biciklis-ajandek-az-idei-unnepekre\/","og_site_name":"\u0160koda We Love Cycling - Magyarorsz\u00e1g","article_publisher":"https:\/\/www.facebook.com\/WeLoveCyclingHungary\/","article_published_time":"2018-12-22T01:10:20+00:00","og_image":[{"width":1024,"height":450,"url":"https:\/\/d2p6e6u75xmxt8.cloudfront.net\/12\/2018\/12\/Cycling-Coasters-1-1024x450-1.jpg","type":"image\/jpeg"}],"author":"hegyizs","twitter_card":"summary_large_image","twitter_misc":{"Written by":"hegyizs","Est. reading time":"4 minutes"},"schema":{"@context":"https:\/\/schema.org","@graph":[{"@type":"WebPage","@id":"https:\/\/www.welovecycling.com\/hu\/csalad\/5-kezmuves-biciklis-ajandek-az-idei-unnepekre\/","url":"https:\/\/www.welovecycling.com\/hu\/csalad\/5-kezmuves-biciklis-ajandek-az-idei-unnepekre\/","name":"5 k\u00e9zm\u0171ves biciklis aj\u00e1nd\u00e9k az idei \u00fcnnepekre - \u0160koda We Love Cycling - Magyarorsz\u00e1g","isPartOf":{"@id":"https:\/\/www.welovecycling.com\/hu\/#website"},"primaryImageOfPage":{"@id":"https:\/\/www.welovecycling.com\/hu\/csalad\/5-kezmuves-biciklis-ajandek-az-idei-unnepekre\/#primaryimage"},"image":{"@id":"https:\/\/www.welovecycling.com\/hu\/csalad\/5-kezmuves-biciklis-ajandek-az-idei-unnepekre\/#primaryimage"},"thumbnailUrl":"https:\/\/d2p6e6u75xmxt8.cloudfront.net\/12\/2018\/12\/Cycling-Coasters-1-1024x450-1.jpg","datePublished":"2018-12-22T01:10:20+00:00","author":{"@id":"https:\/\/www.welovecycling.com\/hu\/#\/schema\/person\/414a2aebf1801691a5320edb6468e194"},"breadcrumb":{"@id":"https:\/\/www.welovecycling.com\/hu\/csalad\/5-kezmuves-biciklis-ajandek-az-idei-unnepekre\/#breadcrumb"},"inLanguage":"hu","potentialAction":[{"@type":"ReadAction","target":["https:\/\/www.welovecycling.com\/hu\/csalad\/5-kezmuves-biciklis-ajandek-az-idei-unnepekre\/"]}]},{"@type":"ImageObject","inLanguage":"hu","@id":"https:\/\/www.welovecycling.com\/hu\/csalad\/5-kezmuves-biciklis-ajandek-az-idei-unnepekre\/#primaryimage","url":"https:\/\/d2p6e6u75xmxt8.cloudfront.net\/12\/2018\/12\/Cycling-Coasters-1-1024x450-1.jpg","contentUrl":"https:\/\/d2p6e6u75xmxt8.cloudfront.net\/12\/2018\/12\/Cycling-Coasters-1-1024x450-1.jpg","width":1024,"height":450},{"@type":"BreadcrumbList","@id":"https:\/\/www.welovecycling.com\/hu\/csalad\/5-kezmuves-biciklis-ajandek-az-idei-unnepekre\/#breadcrumb","itemListElement":[{"@type":"ListItem","position":1,"name":"Home","item":"https:\/\/www.welovecycling.com\/hu\/"},{"@type":"ListItem","position":2,"name":"5 k\u00e9zm\u0171ves biciklis aj\u00e1nd\u00e9k az idei \u00fcnnepekre"}]},{"@type":"WebSite","@id":"https:\/\/www.welovecycling.com\/hu\/#website","url":"https:\/\/www.welovecycling.com\/hu\/","name":"\u0160koda We Love Cycling - Magyarorsz\u00e1g","description":"\u0160koda WeLoveCycling","potentialAction":[{"@type":"SearchAction","target":{"@type":"EntryPoint","urlTemplate":"https:\/\/www.welovecycling.com\/hu\/?s={search_term_string}"},"query-input":{"@type":"PropertyValueSpecification","valueRequired":true,"valueName":"search_term_string"}}],"inLanguage":"hu"},{"@type":"Person","@id":"https:\/\/www.welovecycling.com\/hu\/#\/schema\/person\/414a2aebf1801691a5320edb6468e194","name":"hegyizs","image":{"@type":"ImageObject","inLanguage":"hu","@id":"https:\/\/www.welovecycling.com\/hu\/#\/schema\/person\/image\/","url":"https:\/\/secure.gravatar.com\/avatar\/02cf8a7906b8cf90cecb4679defac7cfd33a1c2e3b88e4903d947f3bb58eedd3?s=96&d=mm&r=g","contentUrl":"https:\/\/secure.gravatar.com\/avatar\/02cf8a7906b8cf90cecb4679defac7cfd33a1c2e3b88e4903d947f3bb58eedd3?s=96&d=mm&r=g","caption":"hegyizs"},"url":"https:\/\/www.welovecycling.com\/hu\/author\/hegyizs\/"}]}},"_links":{"self":[{"href":"https:\/\/www.welovecycling.com\/hu\/wp-json\/wp\/v2\/posts\/2475","targetHints":{"allow":["GET"]}}],"collection":[{"href":"https:\/\/www.welovecycling.com\/hu\/wp-json\/wp\/v2\/posts"}],"about":[{"href":"https:\/\/www.welovecycling.com\/hu\/wp-json\/wp\/v2\/types\/post"}],"author":[{"embeddable":true,"href":"https:\/\/www.welovecycling.com\/hu\/wp-json\/wp\/v2\/users\/71"}],"replies":[{"embeddable":true,"href":"https:\/\/www.welovecycling.com\/hu\/wp-json\/wp\/v2\/comments?post=2475"}],"version-history":[{"count":2,"href":"https:\/\/www.welovecycling.com\/hu\/wp-json\/wp\/v2\/posts\/2475\/revisions"}],"predecessor-version":[{"id":2510,"href":"https:\/\/www.welovecycling.com\/hu\/wp-json\/wp\/v2\/posts\/2475\/revisions\/2510"}],"wp:featuredmedia":[{"embeddable":true,"href":"https:\/\/www.welovecycling.com\/hu\/wp-json\/wp\/v2\/media\/2478"}],"wp:attachment":[{"href":"https:\/\/www.welovecycling.com\/hu\/wp-json\/wp\/v2\/media?parent=2475"}],"wp:term":[{"taxonomy":"category","embeddable":true,"href":"https:\/\/www.welovecycling.com\/hu\/wp-json\/wp\/v2\/categories?post=2475"},{"taxonomy":"post_tag","embeddable":true,"href":"https:\/\/www.welovecycling.com\/hu\/wp-json\/wp\/v2\/tags?post=2475"},{"taxonomy":"global-categories","embeddable":true,"href":"https:\/\/www.welovecycling.com\/hu\/wp-json\/wp\/v2\/global-categories?post=2475"}],"curies":[{"name":"wp","href":"https:\/\/api.w.org\/{rel}","templated":true}]}}