{"id":2464,"date":"2018-12-20T05:44:12","date_gmt":"2018-12-20T05:44:12","guid":{"rendered":"https:\/\/www.welovecycling.com\/hu\/?p=2464"},"modified":"2018-12-20T04:43:12","modified_gmt":"2018-12-20T04:43:12","slug":"a-teli-alom-a-bringasokat-is-erinti","status":"publish","type":"post","link":"https:\/\/www.welovecycling.com\/hu\/edzes-es-eletmod\/a-teli-alom-a-bringasokat-is-erinti\/","title":{"rendered":"A t\u00e9li \u00e1lom a bring\u00e1sokat is \u00e9rinti?"},"content":{"rendered":"<p>Hideg sz\u00e9l, fagy, h\u00f3es\u00e9s, j\u00e9ges\u0151, \u00edz\u00fcleti s\u00e9r\u00fcl\u00e9sek. Ezeket a fanatikusok gy\u0171jt\u0151n\u00e9ven \u00fagy h\u00edvj\u00e1k: Rossz kifog\u00e1s. N\u00e9melyeket t\u00e9nyleg semmilyen k\u00f6r\u00fclm\u00e9ny nem tud leparancsolni a nyeregb\u0151l \u2013 minden tisztelet\u00fcnk az \u00f6v\u00e9k ez\u00faton is \u2013, azt viszont be kell l\u00e1tni, hogy a zord t\u00e9li h\u00f3napokban vannak j\u00f3val optim\u00e1lisabb mozg\u00e1sform\u00e1k, melyek karbantartj\u00e1k bicikliz\u00e9s ut\u00e1n s\u00f3v\u00e1rg\u00f3 izomzatunkat. Ha ezeket v\u00e9gezz\u00fck, kev\u00e9sb\u00e9 fenyeget a megf\u00e1z\u00e1s \u00e9s a s\u00e9r\u00fcl\u00e9s vesz\u00e9lye, k\u00f6zben pedig \u00e1tgy\u00farhatjuk izomrostjainkat \u00fagy, hogy az enyh\u00fcl\u00e9s bek\u00f6sz\u00f6nt\u00e9vel az ernyedts\u00e9g legkisebb jele n\u00e9lk\u00fcl ugorjunk vissza a ped\u00e1lokra.<\/p>\n<p><strong>\u00a0<\/strong><\/p>\n<h2>1. Birk\u00f3z\u00f3 guggol\u00e1s<\/h2>\n<p>A bring\u00e1soknak term\u00e9szetesen a l\u00e1b kond\u00edci\u00f3ban tart\u00e1sa a k\u00f6zponti k\u00e9rd\u00e9s, ennek megfelel\u0151en a guggol\u00e1s, \u00e9s abb\u00f3l is ez a speci\u00e1lis fajta t\u00f6bb szempontb\u00f3l hathat\u00f3s seg\u00edts\u00e9get ny\u00fajt. T\u00e9rdel\u0151 poz\u00edci\u00f3b\u00f3l kiindulva kezdj\u00fcnk el felemelkedni, nyom\u00e1st helyezve egyik combunkra, majd h\u00fazzuk magunk al\u00e1 m\u00e1sik l\u00e1bunkat is guggol\u00f3 helyzetbe \u00e1llva. Ezt t\u00f6bbsz\u00f6r megism\u00e9telve nem csak az izomer\u0151 n\u00f6veked\u00e9se, de az egyens\u00faly\u00e9rz\u00e9k fejl\u0151d\u00e9se is bor\u00edt\u00e9kolhat\u00f3.<\/p>\n<p><a href=\"https:\/\/d2p6e6u75xmxt8.cloudfront.net\/12\/2018\/12\/lunges.jpg\"><img loading=\"lazy\" decoding=\"async\" class=\"size-full wp-image-2465\" src=\"https:\/\/d2p6e6u75xmxt8.cloudfront.net\/12\/2018\/12\/lunges.jpg\" alt=\"\" width=\"1677\" height=\"1119\" srcset=\"https:\/\/d2p6e6u75xmxt8.cloudfront.net\/12\/2018\/12\/lunges.jpg 1677w, https:\/\/d2p6e6u75xmxt8.cloudfront.net\/12\/2018\/12\/lunges-300x200.jpg 300w, https:\/\/d2p6e6u75xmxt8.cloudfront.net\/12\/2018\/12\/lunges-768x512.jpg 768w, https:\/\/d2p6e6u75xmxt8.cloudfront.net\/12\/2018\/12\/lunges-1024x683.jpg 1024w, https:\/\/d2p6e6u75xmxt8.cloudfront.net\/12\/2018\/12\/lunges-272x182.jpg 272w\" sizes=\"auto, (max-width: 1677px) 100vw, 1677px\" \/><\/a><\/p>\n<h2>2. Kit\u00f6r\u00e9s<\/h2>\n<p>A v\u00e1lt\u00f3poz\u00edci\u00f3 enn\u00e9l a gyakorlatn\u00e1l meglehet\u0151sen hasonl\u00f3 az el\u0151z\u0151ben le\u00edrtakhoz, \u00e1m itt egy kicsit t\u00f6bb helyre lesz sz\u00fcks\u00e9g\u00fcnk, mert a gyakorlat n\u00e9mi el\u0151refele l\u00e9pked\u00e9ssel j\u00e1r. Az el\u0151re l\u00e9p\u0151 l\u00e1bunkat hajl\u00edtsuk be eg\u00e9szen addig, am\u00edg a combunk p\u00e1rhuzamos nem lesz a talajjal, majd felegyenesedve ism\u00e9telj\u00fck meg a m\u00e1sik l\u00e1bunkkal is. A kem\u00e9nyebb k\u00f6t\u00e9s\u0171ek markolhatnak s\u00falyz\u00f3t vagy valami neh\u00e9z t\u00e1rgyat a gyakorlat v\u00e9gz\u00e9se k\u00f6zben.<\/p>\n<h2>3. A mindenhat\u00f3 ugr\u00f3k\u00f6t\u00e9l<\/h2>\n<p>Az ugr\u00f3k\u00f6t\u00e9llel a lehet\u0151s\u00e9gek t\u00e1rh\u00e1za kimer\u00edthetetlen. Ha m\u00e9g nem volt ilyesmi a kezedben, kicsit neh\u00e9z lehet a kezdet, de ut\u00e1na csod\u00e1kat m\u0171velhetsz az \u00e1ll\u00f3k\u00e9pess\u00e9geddel. Nem kell t\u00falbonyol\u00edtani, \u00e9s mindenf\u00e9le flikkflakkokat ugrani vele, el\u00e9g ha p\u00e9ld\u00e1ul csak piramisban haladsz felfel\u00e9. El\u0151sz\u00f6r t\u00edz, azt\u00e1n h\u00fasz stb\u2026 Meg lesz az eredm\u00e9nye, megl\u00e1tod.<\/p>\n<p><a href=\"https:\/\/d2p6e6u75xmxt8.cloudfront.net\/12\/2018\/12\/spinning.jpg\"><img loading=\"lazy\" decoding=\"async\" class=\"size-full wp-image-2466\" src=\"https:\/\/d2p6e6u75xmxt8.cloudfront.net\/12\/2018\/12\/spinning.jpg\" alt=\"\" width=\"1678\" height=\"1119\" srcset=\"https:\/\/d2p6e6u75xmxt8.cloudfront.net\/12\/2018\/12\/spinning.jpg 1678w, https:\/\/d2p6e6u75xmxt8.cloudfront.net\/12\/2018\/12\/spinning-300x200.jpg 300w, https:\/\/d2p6e6u75xmxt8.cloudfront.net\/12\/2018\/12\/spinning-768x512.jpg 768w, https:\/\/d2p6e6u75xmxt8.cloudfront.net\/12\/2018\/12\/spinning-1024x683.jpg 1024w, https:\/\/d2p6e6u75xmxt8.cloudfront.net\/12\/2018\/12\/spinning-272x182.jpg 272w\" sizes=\"auto, (max-width: 1678px) 100vw, 1678px\" \/><\/a><\/p>\n<h2>4. Spinning \u00f3r\u00e1k<\/h2>\n<p>Itt m\u00e1r kicsit k\u00f6zelebb ker\u00fclhet\u00fcnk az \u00e1h\u00edtott poz\u00edci\u00f3hoz, de ez m\u00e9g mindig nem az igazi bicikliz\u00e9s. T\u00e9lv\u00edz idej\u00e9n kellemes egy sz\u00e1raz k\u00f6rnyezetben jav\u00edtani teljes\u00edtm\u00e9ny\u00fcnk\u00f6n, \u00e9s m\u00e9g izgalmas is lehet, ha a megfelel\u0151 edz\u0151 tartja. Ha nem, akkor te magad sz\u00e1radhatsz el az unalomt\u00f3l. Ha bizalmatlan vagy ezzel kapcsolatban, a k\u00f6vetkez\u0151 pontot aj\u00e1nljuk.<\/p>\n<h2>5. Turb\u00f3 menet<\/h2>\n<p>Na itt m\u00e1r majdnem minden igazi, kiv\u00e9ve a t\u00e9ged k\u00f6rbevev\u0151 t\u00e1jat. A saj\u00e1t bring\u00e1don \u00fclhetsz \u2013 persze ha van n\u00e1lad otthon el\u00e9g hely \u2013, \u00e9s egy ker\u00e9kemel\u0151 \u00e1llv\u00e1ny seg\u00edts\u00e9g\u00e9vel an\u00e9lk\u00fcl tekerhetsz kilom\u00e9tereket, hogy egy centit is haladn\u00e1l el\u0151re. Ennek az eszk\u00f6znek is vannak cizell\u00e1ltabb fajt\u00e1i, folyad\u00e9kos, m\u00e1gneses vagy lentkerekes v\u00e1ltozat is el\u00e9rhet\u0151, att\u00f3l f\u00fcgg\u0151en, hogy mik az ig\u00e9nyeid. Itt ki van z\u00e1rva a lazs\u00e1l\u00e1s, mint a lank\u00e1kon odakint, de cser\u00e9be unalmas \u00e9s zajos is lehet, amivel nem fogod belopni magad a szomsz\u00e9dok sz\u00edv\u00e9be.<\/p>\n","protected":false},"excerpt":{"rendered":"<p>Hideg sz\u00e9l, fagy, h\u00f3es\u00e9s, j\u00e9ges\u0151, \u00edz\u00fcleti s\u00e9r\u00fcl\u00e9sek. Ezeket a fanatikusok gy\u0171jt\u0151n\u00e9ven \u00fagy h\u00edvj\u00e1k: Rossz kifog\u00e1s. N\u00e9melyeket t\u00e9nyleg semmilyen k\u00f6r\u00fclm\u00e9ny nem [&hellip;]<\/p>\n","protected":false},"author":71,"featured_media":2467,"comment_status":"open","ping_status":"open","sticky":false,"template":"","format":"standard","meta":{"footnotes":""},"categories":[6],"tags":[45,49,263],"global-categories":[],"class_list":["post-2464","post","type-post","status-publish","format-standard","has-post-thumbnail","hentry","category-edzes-es-eletmod","tag-edzes","tag-eletmod","tag-tel"],"yoast_head":"<!-- This site is optimized with the Yoast SEO Premium plugin v25.3 (Yoast SEO v25.9) - https:\/\/yoast.com\/wordpress\/plugins\/seo\/ -->\n<title>A t\u00e9li \u00e1lom a bring\u00e1sokat is \u00e9rinti? - \u0160koda We Love Cycling - Magyarorsz\u00e1g<\/title>\n<meta name=\"robots\" content=\"index, follow, max-snippet:-1, max-image-preview:large, max-video-preview:-1\" \/>\n<link rel=\"canonical\" href=\"https:\/\/www.welovecycling.com\/hu\/edzes-es-eletmod\/a-teli-alom-a-bringasokat-is-erinti\/\" \/>\n<meta property=\"og:locale\" content=\"hu_HU\" \/>\n<meta property=\"og:type\" content=\"article\" \/>\n<meta property=\"og:title\" content=\"A t\u00e9li \u00e1lom a bring\u00e1sokat is \u00e9rinti?\" \/>\n<meta property=\"og:description\" content=\"Hideg sz\u00e9l, fagy, h\u00f3es\u00e9s, j\u00e9ges\u0151, \u00edz\u00fcleti s\u00e9r\u00fcl\u00e9sek. Ezeket a fanatikusok gy\u0171jt\u0151n\u00e9ven \u00fagy h\u00edvj\u00e1k: Rossz kifog\u00e1s. N\u00e9melyeket t\u00e9nyleg semmilyen k\u00f6r\u00fclm\u00e9ny nem [&hellip;]\" \/>\n<meta property=\"og:url\" content=\"https:\/\/www.welovecycling.com\/hu\/edzes-es-eletmod\/a-teli-alom-a-bringasokat-is-erinti\/\" \/>\n<meta property=\"og:site_name\" content=\"\u0160koda We Love Cycling - Magyarorsz\u00e1g\" \/>\n<meta property=\"article:publisher\" content=\"https:\/\/www.facebook.com\/WeLoveCyclingHungary\/\" \/>\n<meta property=\"article:published_time\" content=\"2018-12-20T05:44:12+00:00\" \/>\n<meta property=\"og:image\" content=\"https:\/\/d2p6e6u75xmxt8.cloudfront.net\/12\/2018\/12\/turbo.jpg\" \/>\n\t<meta property=\"og:image:width\" content=\"4256\" \/>\n\t<meta property=\"og:image:height\" content=\"2832\" \/>\n\t<meta property=\"og:image:type\" content=\"image\/jpeg\" \/>\n<meta name=\"author\" content=\"hegyizs\" \/>\n<meta name=\"twitter:card\" content=\"summary_large_image\" \/>\n<meta name=\"twitter:label1\" content=\"Written by\" \/>\n\t<meta name=\"twitter:data1\" content=\"hegyizs\" \/>\n\t<meta name=\"twitter:label2\" content=\"Est. reading time\" \/>\n\t<meta name=\"twitter:data2\" content=\"3 minutes\" \/>\n<script type=\"application\/ld+json\" class=\"yoast-schema-graph\">{\"@context\":\"https:\/\/schema.org\",\"@graph\":[{\"@type\":\"WebPage\",\"@id\":\"https:\/\/www.welovecycling.com\/hu\/edzes-es-eletmod\/a-teli-alom-a-bringasokat-is-erinti\/\",\"url\":\"https:\/\/www.welovecycling.com\/hu\/edzes-es-eletmod\/a-teli-alom-a-bringasokat-is-erinti\/\",\"name\":\"A t\u00e9li \u00e1lom a bring\u00e1sokat is \u00e9rinti? - \u0160koda We Love Cycling - Magyarorsz\u00e1g\",\"isPartOf\":{\"@id\":\"https:\/\/www.welovecycling.com\/hu\/#website\"},\"primaryImageOfPage\":{\"@id\":\"https:\/\/www.welovecycling.com\/hu\/edzes-es-eletmod\/a-teli-alom-a-bringasokat-is-erinti\/#primaryimage\"},\"image\":{\"@id\":\"https:\/\/www.welovecycling.com\/hu\/edzes-es-eletmod\/a-teli-alom-a-bringasokat-is-erinti\/#primaryimage\"},\"thumbnailUrl\":\"https:\/\/d2p6e6u75xmxt8.cloudfront.net\/12\/2018\/12\/turbo.jpg\",\"datePublished\":\"2018-12-20T05:44:12+00:00\",\"author\":{\"@id\":\"https:\/\/www.welovecycling.com\/hu\/#\/schema\/person\/414a2aebf1801691a5320edb6468e194\"},\"breadcrumb\":{\"@id\":\"https:\/\/www.welovecycling.com\/hu\/edzes-es-eletmod\/a-teli-alom-a-bringasokat-is-erinti\/#breadcrumb\"},\"inLanguage\":\"hu\",\"potentialAction\":[{\"@type\":\"ReadAction\",\"target\":[\"https:\/\/www.welovecycling.com\/hu\/edzes-es-eletmod\/a-teli-alom-a-bringasokat-is-erinti\/\"]}]},{\"@type\":\"ImageObject\",\"inLanguage\":\"hu\",\"@id\":\"https:\/\/www.welovecycling.com\/hu\/edzes-es-eletmod\/a-teli-alom-a-bringasokat-is-erinti\/#primaryimage\",\"url\":\"https:\/\/d2p6e6u75xmxt8.cloudfront.net\/12\/2018\/12\/turbo.jpg\",\"contentUrl\":\"https:\/\/d2p6e6u75xmxt8.cloudfront.net\/12\/2018\/12\/turbo.jpg\",\"width\":4256,\"height\":2832},{\"@type\":\"BreadcrumbList\",\"@id\":\"https:\/\/www.welovecycling.com\/hu\/edzes-es-eletmod\/a-teli-alom-a-bringasokat-is-erinti\/#breadcrumb\",\"itemListElement\":[{\"@type\":\"ListItem\",\"position\":1,\"name\":\"Home\",\"item\":\"https:\/\/www.welovecycling.com\/hu\/\"},{\"@type\":\"ListItem\",\"position\":2,\"name\":\"A t\u00e9li \u00e1lom a bring\u00e1sokat is \u00e9rinti?\"}]},{\"@type\":\"WebSite\",\"@id\":\"https:\/\/www.welovecycling.com\/hu\/#website\",\"url\":\"https:\/\/www.welovecycling.com\/hu\/\",\"name\":\"\u0160koda We Love Cycling - Magyarorsz\u00e1g\",\"description\":\"\u0160koda WeLoveCycling\",\"potentialAction\":[{\"@type\":\"SearchAction\",\"target\":{\"@type\":\"EntryPoint\",\"urlTemplate\":\"https:\/\/www.welovecycling.com\/hu\/?s={search_term_string}\"},\"query-input\":{\"@type\":\"PropertyValueSpecification\",\"valueRequired\":true,\"valueName\":\"search_term_string\"}}],\"inLanguage\":\"hu\"},{\"@type\":\"Person\",\"@id\":\"https:\/\/www.welovecycling.com\/hu\/#\/schema\/person\/414a2aebf1801691a5320edb6468e194\",\"name\":\"hegyizs\",\"image\":{\"@type\":\"ImageObject\",\"inLanguage\":\"hu\",\"@id\":\"https:\/\/www.welovecycling.com\/hu\/#\/schema\/person\/image\/\",\"url\":\"https:\/\/secure.gravatar.com\/avatar\/02cf8a7906b8cf90cecb4679defac7cfd33a1c2e3b88e4903d947f3bb58eedd3?s=96&d=mm&r=g\",\"contentUrl\":\"https:\/\/secure.gravatar.com\/avatar\/02cf8a7906b8cf90cecb4679defac7cfd33a1c2e3b88e4903d947f3bb58eedd3?s=96&d=mm&r=g\",\"caption\":\"hegyizs\"},\"url\":\"https:\/\/www.welovecycling.com\/hu\/author\/hegyizs\/\"}]}<\/script>\n<!-- \/ Yoast SEO Premium plugin. -->","yoast_head_json":{"title":"A t\u00e9li \u00e1lom a bring\u00e1sokat is \u00e9rinti? - \u0160koda We Love Cycling - Magyarorsz\u00e1g","robots":{"index":"index","follow":"follow","max-snippet":"max-snippet:-1","max-image-preview":"max-image-preview:large","max-video-preview":"max-video-preview:-1"},"canonical":"https:\/\/www.welovecycling.com\/hu\/edzes-es-eletmod\/a-teli-alom-a-bringasokat-is-erinti\/","og_locale":"hu_HU","og_type":"article","og_title":"A t\u00e9li \u00e1lom a bring\u00e1sokat is \u00e9rinti?","og_description":"Hideg sz\u00e9l, fagy, h\u00f3es\u00e9s, j\u00e9ges\u0151, \u00edz\u00fcleti s\u00e9r\u00fcl\u00e9sek. Ezeket a fanatikusok gy\u0171jt\u0151n\u00e9ven \u00fagy h\u00edvj\u00e1k: Rossz kifog\u00e1s. N\u00e9melyeket t\u00e9nyleg semmilyen k\u00f6r\u00fclm\u00e9ny nem [&hellip;]","og_url":"https:\/\/www.welovecycling.com\/hu\/edzes-es-eletmod\/a-teli-alom-a-bringasokat-is-erinti\/","og_site_name":"\u0160koda We Love Cycling - Magyarorsz\u00e1g","article_publisher":"https:\/\/www.facebook.com\/WeLoveCyclingHungary\/","article_published_time":"2018-12-20T05:44:12+00:00","og_image":[{"width":4256,"height":2832,"url":"https:\/\/d2p6e6u75xmxt8.cloudfront.net\/12\/2018\/12\/turbo.jpg","type":"image\/jpeg"}],"author":"hegyizs","twitter_card":"summary_large_image","twitter_misc":{"Written by":"hegyizs","Est. reading time":"3 minutes"},"schema":{"@context":"https:\/\/schema.org","@graph":[{"@type":"WebPage","@id":"https:\/\/www.welovecycling.com\/hu\/edzes-es-eletmod\/a-teli-alom-a-bringasokat-is-erinti\/","url":"https:\/\/www.welovecycling.com\/hu\/edzes-es-eletmod\/a-teli-alom-a-bringasokat-is-erinti\/","name":"A t\u00e9li \u00e1lom a bring\u00e1sokat is \u00e9rinti? - \u0160koda We Love Cycling - Magyarorsz\u00e1g","isPartOf":{"@id":"https:\/\/www.welovecycling.com\/hu\/#website"},"primaryImageOfPage":{"@id":"https:\/\/www.welovecycling.com\/hu\/edzes-es-eletmod\/a-teli-alom-a-bringasokat-is-erinti\/#primaryimage"},"image":{"@id":"https:\/\/www.welovecycling.com\/hu\/edzes-es-eletmod\/a-teli-alom-a-bringasokat-is-erinti\/#primaryimage"},"thumbnailUrl":"https:\/\/d2p6e6u75xmxt8.cloudfront.net\/12\/2018\/12\/turbo.jpg","datePublished":"2018-12-20T05:44:12+00:00","author":{"@id":"https:\/\/www.welovecycling.com\/hu\/#\/schema\/person\/414a2aebf1801691a5320edb6468e194"},"breadcrumb":{"@id":"https:\/\/www.welovecycling.com\/hu\/edzes-es-eletmod\/a-teli-alom-a-bringasokat-is-erinti\/#breadcrumb"},"inLanguage":"hu","potentialAction":[{"@type":"ReadAction","target":["https:\/\/www.welovecycling.com\/hu\/edzes-es-eletmod\/a-teli-alom-a-bringasokat-is-erinti\/"]}]},{"@type":"ImageObject","inLanguage":"hu","@id":"https:\/\/www.welovecycling.com\/hu\/edzes-es-eletmod\/a-teli-alom-a-bringasokat-is-erinti\/#primaryimage","url":"https:\/\/d2p6e6u75xmxt8.cloudfront.net\/12\/2018\/12\/turbo.jpg","contentUrl":"https:\/\/d2p6e6u75xmxt8.cloudfront.net\/12\/2018\/12\/turbo.jpg","width":4256,"height":2832},{"@type":"BreadcrumbList","@id":"https:\/\/www.welovecycling.com\/hu\/edzes-es-eletmod\/a-teli-alom-a-bringasokat-is-erinti\/#breadcrumb","itemListElement":[{"@type":"ListItem","position":1,"name":"Home","item":"https:\/\/www.welovecycling.com\/hu\/"},{"@type":"ListItem","position":2,"name":"A t\u00e9li \u00e1lom a bring\u00e1sokat is \u00e9rinti?"}]},{"@type":"WebSite","@id":"https:\/\/www.welovecycling.com\/hu\/#website","url":"https:\/\/www.welovecycling.com\/hu\/","name":"\u0160koda We Love Cycling - Magyarorsz\u00e1g","description":"\u0160koda WeLoveCycling","potentialAction":[{"@type":"SearchAction","target":{"@type":"EntryPoint","urlTemplate":"https:\/\/www.welovecycling.com\/hu\/?s={search_term_string}"},"query-input":{"@type":"PropertyValueSpecification","valueRequired":true,"valueName":"search_term_string"}}],"inLanguage":"hu"},{"@type":"Person","@id":"https:\/\/www.welovecycling.com\/hu\/#\/schema\/person\/414a2aebf1801691a5320edb6468e194","name":"hegyizs","image":{"@type":"ImageObject","inLanguage":"hu","@id":"https:\/\/www.welovecycling.com\/hu\/#\/schema\/person\/image\/","url":"https:\/\/secure.gravatar.com\/avatar\/02cf8a7906b8cf90cecb4679defac7cfd33a1c2e3b88e4903d947f3bb58eedd3?s=96&d=mm&r=g","contentUrl":"https:\/\/secure.gravatar.com\/avatar\/02cf8a7906b8cf90cecb4679defac7cfd33a1c2e3b88e4903d947f3bb58eedd3?s=96&d=mm&r=g","caption":"hegyizs"},"url":"https:\/\/www.welovecycling.com\/hu\/author\/hegyizs\/"}]}},"_links":{"self":[{"href":"https:\/\/www.welovecycling.com\/hu\/wp-json\/wp\/v2\/posts\/2464","targetHints":{"allow":["GET"]}}],"collection":[{"href":"https:\/\/www.welovecycling.com\/hu\/wp-json\/wp\/v2\/posts"}],"about":[{"href":"https:\/\/www.welovecycling.com\/hu\/wp-json\/wp\/v2\/types\/post"}],"author":[{"embeddable":true,"href":"https:\/\/www.welovecycling.com\/hu\/wp-json\/wp\/v2\/users\/71"}],"replies":[{"embeddable":true,"href":"https:\/\/www.welovecycling.com\/hu\/wp-json\/wp\/v2\/comments?post=2464"}],"version-history":[{"count":1,"href":"https:\/\/www.welovecycling.com\/hu\/wp-json\/wp\/v2\/posts\/2464\/revisions"}],"predecessor-version":[{"id":2468,"href":"https:\/\/www.welovecycling.com\/hu\/wp-json\/wp\/v2\/posts\/2464\/revisions\/2468"}],"wp:featuredmedia":[{"embeddable":true,"href":"https:\/\/www.welovecycling.com\/hu\/wp-json\/wp\/v2\/media\/2467"}],"wp:attachment":[{"href":"https:\/\/www.welovecycling.com\/hu\/wp-json\/wp\/v2\/media?parent=2464"}],"wp:term":[{"taxonomy":"category","embeddable":true,"href":"https:\/\/www.welovecycling.com\/hu\/wp-json\/wp\/v2\/categories?post=2464"},{"taxonomy":"post_tag","embeddable":true,"href":"https:\/\/www.welovecycling.com\/hu\/wp-json\/wp\/v2\/tags?post=2464"},{"taxonomy":"global-categories","embeddable":true,"href":"https:\/\/www.welovecycling.com\/hu\/wp-json\/wp\/v2\/global-categories?post=2464"}],"curies":[{"name":"wp","href":"https:\/\/api.w.org\/{rel}","templated":true}]}}