{"id":2454,"date":"2018-12-17T11:31:47","date_gmt":"2018-12-17T11:31:47","guid":{"rendered":"https:\/\/www.welovecycling.com\/hu\/?p=2454"},"modified":"2018-12-17T11:42:07","modified_gmt":"2018-12-17T11:42:07","slug":"video-megint-majdnem-elutott-egy-biciklist-a-vonat-egy-hollandiai-vasuti-atkelon","status":"publish","type":"post","link":"https:\/\/www.welovecycling.com\/hu\/biztonsag\/video-megint-majdnem-elutott-egy-biciklist-a-vonat-egy-hollandiai-vasuti-atkelon\/","title":{"rendered":"VIDE\u00d3: Megint majdnem el\u00fct\u00f6tt egy biciklist a vonat egy hollandiai vas\u00fati \u00e1tkel\u0151n"},"content":{"rendered":"<p><strong>Egy hasonl\u00f3 eset biztons\u00e1gi kamer\u00e1val k\u00e9sz\u00edtett felv\u00e9tele p\u00e1r hete nagyon nagyot ment a k\u00f6z\u00f6ss\u00e9gi m\u00e9di\u00e1ban, ami elrettent\u0151 p\u00e9lda lehetett volna. Nos, sajnos nem \u00edgy t\u00f6rt\u00e9nt.<\/strong><\/p>\n<p>\u201eEz\u00fattal is az t\u00f6rt\u00e9nt, hogy valaki hajsz\u00e1l h\u00edj\u00e1n maradt csak \u00e9letben: a mozdony vezet\u0151je a lehet\u0151 leghamarabb f\u00e9kezni kezdett, aminek h\u00e1la a biciklisnek siker\u00fclt megtal\u00e1lnia azt a p\u00e1r centit, amin \u00e1t tudott jutni\u201d \u2013 komment\u00e1lta a leg\u00fajabb vide\u00f3t a ProRail hollandiai vas\u00fati infrastrukt\u00fara-kezel\u0151.<\/p>\n<p>Ez alkalommal a biciklis \u00e9jszaka \u00e9rkezett az \u00e1tkel\u0151h\u00f6z. Ahogy kiker\u00fclte a korl\u00e1tot, a s\u00ednekre tekert, annak ellen\u00e9re, hogy a k\u00f6zeled\u0151 vonat \u00e9s annak f\u00e9nyei egy\u00e9rtelm\u0171en j\u00f3l l\u00e1that\u00f3ak voltak. \u00a0A ker\u00e9kp\u00e1ros m\u00e9g id\u0151ben gyors\u00edtott, \u00edgy \u00e9ppen el tudott hajtani a vonat el\u0151tt, majd meg\u00e1llt, hogy vegyen egy nagy leveg\u0151t. Tal\u00e1n k\u00f6sz\u00f6netet mondott a vezet\u0151nek a gyors reag\u00e1l\u00e1s\u00e9rt.<\/p>\n<p>Hasonl\u00f3 esetek sajnos itthon is megt\u00f6rt\u00e9nnek, ez\u00e9rt nem tudunk m\u00e1st mondani: vigy\u00e1zzatok magatokra, \u00e9s mindig legyetek nagyon k\u00f6r\u00fcltekint\u0151ek!<\/p>\n<p><a href=\"https:\/\/www.facebook.com\/ProRail\/videos\/744607565938133\/\">https:\/\/www.facebook.com\/ProRail\/videos\/744607565938133\/<\/a><\/p>\n","protected":false},"excerpt":{"rendered":"<p>Egy hasonl\u00f3 eset biztons\u00e1gi kamer\u00e1val k\u00e9sz\u00edtett felv\u00e9tele p\u00e1r hete nagyon nagyot ment a k\u00f6z\u00f6ss\u00e9gi m\u00e9di\u00e1ban, ami elrettent\u0151 p\u00e9lda lehetett volna. [&hellip;]<\/p>\n","protected":false},"author":71,"featured_media":2457,"comment_status":"open","ping_status":"open","sticky":false,"template":"","format":"standard","meta":{"footnotes":""},"categories":[10],"tags":[175,54,273],"global-categories":[],"class_list":["post-2454","post","type-post","status-publish","format-standard","has-post-thumbnail","hentry","category-biztonsag","tag-biztonsagos-kerekparozas","tag-kozlekedesi-szabalyok","tag-vonat"],"yoast_head":"<!-- This site is optimized with the Yoast SEO Premium plugin v25.3 (Yoast SEO v25.9) - https:\/\/yoast.com\/wordpress\/plugins\/seo\/ -->\n<title>VIDE\u00d3: Megint majdnem el\u00fct\u00f6tt egy biciklist a vonat egy hollandiai vas\u00fati \u00e1tkel\u0151n - \u0160koda We Love Cycling - Magyarorsz\u00e1g<\/title>\n<meta name=\"robots\" content=\"index, follow, max-snippet:-1, max-image-preview:large, max-video-preview:-1\" \/>\n<link rel=\"canonical\" href=\"https:\/\/www.welovecycling.com\/hu\/biztonsag\/video-megint-majdnem-elutott-egy-biciklist-a-vonat-egy-hollandiai-vasuti-atkelon\/\" \/>\n<meta property=\"og:locale\" content=\"hu_HU\" \/>\n<meta property=\"og:type\" content=\"article\" \/>\n<meta property=\"og:title\" content=\"VIDE\u00d3: Megint majdnem el\u00fct\u00f6tt egy biciklist a vonat egy hollandiai vas\u00fati \u00e1tkel\u0151n\" \/>\n<meta property=\"og:description\" content=\"Egy hasonl\u00f3 eset biztons\u00e1gi kamer\u00e1val k\u00e9sz\u00edtett felv\u00e9tele p\u00e1r hete nagyon nagyot ment a k\u00f6z\u00f6ss\u00e9gi m\u00e9di\u00e1ban, ami elrettent\u0151 p\u00e9lda lehetett volna. [&hellip;]\" \/>\n<meta property=\"og:url\" content=\"https:\/\/www.welovecycling.com\/hu\/biztonsag\/video-megint-majdnem-elutott-egy-biciklist-a-vonat-egy-hollandiai-vasuti-atkelon\/\" \/>\n<meta property=\"og:site_name\" content=\"\u0160koda We Love Cycling - Magyarorsz\u00e1g\" \/>\n<meta property=\"article:publisher\" content=\"https:\/\/www.facebook.com\/WeLoveCyclingHungary\/\" \/>\n<meta property=\"article:published_time\" content=\"2018-12-17T11:31:47+00:00\" \/>\n<meta property=\"article:modified_time\" content=\"2018-12-17T11:42:07+00:00\" \/>\n<meta property=\"og:image\" content=\"https:\/\/d2p6e6u75xmxt8.cloudfront.net\/12\/2018\/12\/Screenshot-2018-12-17-at-12.37.44-1024x640.png\" \/>\n\t<meta property=\"og:image:width\" content=\"1024\" \/>\n\t<meta property=\"og:image:height\" content=\"640\" \/>\n\t<meta property=\"og:image:type\" content=\"image\/png\" \/>\n<meta name=\"author\" content=\"hegyizs\" \/>\n<meta name=\"twitter:card\" content=\"summary_large_image\" \/>\n<meta name=\"twitter:label1\" content=\"Written by\" \/>\n\t<meta name=\"twitter:data1\" content=\"hegyizs\" \/>\n\t<meta name=\"twitter:label2\" content=\"Est. reading time\" \/>\n\t<meta name=\"twitter:data2\" content=\"1 minute\" \/>\n<script type=\"application\/ld+json\" class=\"yoast-schema-graph\">{\"@context\":\"https:\/\/schema.org\",\"@graph\":[{\"@type\":\"WebPage\",\"@id\":\"https:\/\/www.welovecycling.com\/hu\/biztonsag\/video-megint-majdnem-elutott-egy-biciklist-a-vonat-egy-hollandiai-vasuti-atkelon\/\",\"url\":\"https:\/\/www.welovecycling.com\/hu\/biztonsag\/video-megint-majdnem-elutott-egy-biciklist-a-vonat-egy-hollandiai-vasuti-atkelon\/\",\"name\":\"VIDE\u00d3: Megint majdnem el\u00fct\u00f6tt egy biciklist a vonat egy hollandiai vas\u00fati \u00e1tkel\u0151n - \u0160koda We Love Cycling - Magyarorsz\u00e1g\",\"isPartOf\":{\"@id\":\"https:\/\/www.welovecycling.com\/hu\/#website\"},\"primaryImageOfPage\":{\"@id\":\"https:\/\/www.welovecycling.com\/hu\/biztonsag\/video-megint-majdnem-elutott-egy-biciklist-a-vonat-egy-hollandiai-vasuti-atkelon\/#primaryimage\"},\"image\":{\"@id\":\"https:\/\/www.welovecycling.com\/hu\/biztonsag\/video-megint-majdnem-elutott-egy-biciklist-a-vonat-egy-hollandiai-vasuti-atkelon\/#primaryimage\"},\"thumbnailUrl\":\"https:\/\/d2p6e6u75xmxt8.cloudfront.net\/12\/2018\/12\/Screenshot-2018-12-17-at-12.37.44.png\",\"datePublished\":\"2018-12-17T11:31:47+00:00\",\"dateModified\":\"2018-12-17T11:42:07+00:00\",\"author\":{\"@id\":\"https:\/\/www.welovecycling.com\/hu\/#\/schema\/person\/414a2aebf1801691a5320edb6468e194\"},\"breadcrumb\":{\"@id\":\"https:\/\/www.welovecycling.com\/hu\/biztonsag\/video-megint-majdnem-elutott-egy-biciklist-a-vonat-egy-hollandiai-vasuti-atkelon\/#breadcrumb\"},\"inLanguage\":\"hu\",\"potentialAction\":[{\"@type\":\"ReadAction\",\"target\":[\"https:\/\/www.welovecycling.com\/hu\/biztonsag\/video-megint-majdnem-elutott-egy-biciklist-a-vonat-egy-hollandiai-vasuti-atkelon\/\"]}]},{\"@type\":\"ImageObject\",\"inLanguage\":\"hu\",\"@id\":\"https:\/\/www.welovecycling.com\/hu\/biztonsag\/video-megint-majdnem-elutott-egy-biciklist-a-vonat-egy-hollandiai-vasuti-atkelon\/#primaryimage\",\"url\":\"https:\/\/d2p6e6u75xmxt8.cloudfront.net\/12\/2018\/12\/Screenshot-2018-12-17-at-12.37.44.png\",\"contentUrl\":\"https:\/\/d2p6e6u75xmxt8.cloudfront.net\/12\/2018\/12\/Screenshot-2018-12-17-at-12.37.44.png\",\"width\":2560,\"height\":1600},{\"@type\":\"BreadcrumbList\",\"@id\":\"https:\/\/www.welovecycling.com\/hu\/biztonsag\/video-megint-majdnem-elutott-egy-biciklist-a-vonat-egy-hollandiai-vasuti-atkelon\/#breadcrumb\",\"itemListElement\":[{\"@type\":\"ListItem\",\"position\":1,\"name\":\"Home\",\"item\":\"https:\/\/www.welovecycling.com\/hu\/\"},{\"@type\":\"ListItem\",\"position\":2,\"name\":\"VIDE\u00d3: Megint majdnem el\u00fct\u00f6tt egy biciklist a vonat egy hollandiai vas\u00fati \u00e1tkel\u0151n\"}]},{\"@type\":\"WebSite\",\"@id\":\"https:\/\/www.welovecycling.com\/hu\/#website\",\"url\":\"https:\/\/www.welovecycling.com\/hu\/\",\"name\":\"\u0160koda We Love Cycling - Magyarorsz\u00e1g\",\"description\":\"\u0160koda WeLoveCycling\",\"potentialAction\":[{\"@type\":\"SearchAction\",\"target\":{\"@type\":\"EntryPoint\",\"urlTemplate\":\"https:\/\/www.welovecycling.com\/hu\/?s={search_term_string}\"},\"query-input\":{\"@type\":\"PropertyValueSpecification\",\"valueRequired\":true,\"valueName\":\"search_term_string\"}}],\"inLanguage\":\"hu\"},{\"@type\":\"Person\",\"@id\":\"https:\/\/www.welovecycling.com\/hu\/#\/schema\/person\/414a2aebf1801691a5320edb6468e194\",\"name\":\"hegyizs\",\"image\":{\"@type\":\"ImageObject\",\"inLanguage\":\"hu\",\"@id\":\"https:\/\/www.welovecycling.com\/hu\/#\/schema\/person\/image\/\",\"url\":\"https:\/\/secure.gravatar.com\/avatar\/02cf8a7906b8cf90cecb4679defac7cfd33a1c2e3b88e4903d947f3bb58eedd3?s=96&d=mm&r=g\",\"contentUrl\":\"https:\/\/secure.gravatar.com\/avatar\/02cf8a7906b8cf90cecb4679defac7cfd33a1c2e3b88e4903d947f3bb58eedd3?s=96&d=mm&r=g\",\"caption\":\"hegyizs\"},\"url\":\"https:\/\/www.welovecycling.com\/hu\/author\/hegyizs\/\"}]}<\/script>\n<!-- \/ Yoast SEO Premium plugin. -->","yoast_head_json":{"title":"VIDE\u00d3: Megint majdnem el\u00fct\u00f6tt egy biciklist a vonat egy hollandiai vas\u00fati \u00e1tkel\u0151n - \u0160koda We Love Cycling - Magyarorsz\u00e1g","robots":{"index":"index","follow":"follow","max-snippet":"max-snippet:-1","max-image-preview":"max-image-preview:large","max-video-preview":"max-video-preview:-1"},"canonical":"https:\/\/www.welovecycling.com\/hu\/biztonsag\/video-megint-majdnem-elutott-egy-biciklist-a-vonat-egy-hollandiai-vasuti-atkelon\/","og_locale":"hu_HU","og_type":"article","og_title":"VIDE\u00d3: Megint majdnem el\u00fct\u00f6tt egy biciklist a vonat egy hollandiai vas\u00fati \u00e1tkel\u0151n","og_description":"Egy hasonl\u00f3 eset biztons\u00e1gi kamer\u00e1val k\u00e9sz\u00edtett felv\u00e9tele p\u00e1r hete nagyon nagyot ment a k\u00f6z\u00f6ss\u00e9gi m\u00e9di\u00e1ban, ami elrettent\u0151 p\u00e9lda lehetett volna. [&hellip;]","og_url":"https:\/\/www.welovecycling.com\/hu\/biztonsag\/video-megint-majdnem-elutott-egy-biciklist-a-vonat-egy-hollandiai-vasuti-atkelon\/","og_site_name":"\u0160koda We Love Cycling - Magyarorsz\u00e1g","article_publisher":"https:\/\/www.facebook.com\/WeLoveCyclingHungary\/","article_published_time":"2018-12-17T11:31:47+00:00","article_modified_time":"2018-12-17T11:42:07+00:00","og_image":[{"width":1024,"height":640,"url":"https:\/\/d2p6e6u75xmxt8.cloudfront.net\/12\/2018\/12\/Screenshot-2018-12-17-at-12.37.44-1024x640.png","type":"image\/png"}],"author":"hegyizs","twitter_card":"summary_large_image","twitter_misc":{"Written by":"hegyizs","Est. reading time":"1 minute"},"schema":{"@context":"https:\/\/schema.org","@graph":[{"@type":"WebPage","@id":"https:\/\/www.welovecycling.com\/hu\/biztonsag\/video-megint-majdnem-elutott-egy-biciklist-a-vonat-egy-hollandiai-vasuti-atkelon\/","url":"https:\/\/www.welovecycling.com\/hu\/biztonsag\/video-megint-majdnem-elutott-egy-biciklist-a-vonat-egy-hollandiai-vasuti-atkelon\/","name":"VIDE\u00d3: Megint majdnem el\u00fct\u00f6tt egy biciklist a vonat egy hollandiai vas\u00fati \u00e1tkel\u0151n - \u0160koda We Love Cycling - Magyarorsz\u00e1g","isPartOf":{"@id":"https:\/\/www.welovecycling.com\/hu\/#website"},"primaryImageOfPage":{"@id":"https:\/\/www.welovecycling.com\/hu\/biztonsag\/video-megint-majdnem-elutott-egy-biciklist-a-vonat-egy-hollandiai-vasuti-atkelon\/#primaryimage"},"image":{"@id":"https:\/\/www.welovecycling.com\/hu\/biztonsag\/video-megint-majdnem-elutott-egy-biciklist-a-vonat-egy-hollandiai-vasuti-atkelon\/#primaryimage"},"thumbnailUrl":"https:\/\/d2p6e6u75xmxt8.cloudfront.net\/12\/2018\/12\/Screenshot-2018-12-17-at-12.37.44.png","datePublished":"2018-12-17T11:31:47+00:00","dateModified":"2018-12-17T11:42:07+00:00","author":{"@id":"https:\/\/www.welovecycling.com\/hu\/#\/schema\/person\/414a2aebf1801691a5320edb6468e194"},"breadcrumb":{"@id":"https:\/\/www.welovecycling.com\/hu\/biztonsag\/video-megint-majdnem-elutott-egy-biciklist-a-vonat-egy-hollandiai-vasuti-atkelon\/#breadcrumb"},"inLanguage":"hu","potentialAction":[{"@type":"ReadAction","target":["https:\/\/www.welovecycling.com\/hu\/biztonsag\/video-megint-majdnem-elutott-egy-biciklist-a-vonat-egy-hollandiai-vasuti-atkelon\/"]}]},{"@type":"ImageObject","inLanguage":"hu","@id":"https:\/\/www.welovecycling.com\/hu\/biztonsag\/video-megint-majdnem-elutott-egy-biciklist-a-vonat-egy-hollandiai-vasuti-atkelon\/#primaryimage","url":"https:\/\/d2p6e6u75xmxt8.cloudfront.net\/12\/2018\/12\/Screenshot-2018-12-17-at-12.37.44.png","contentUrl":"https:\/\/d2p6e6u75xmxt8.cloudfront.net\/12\/2018\/12\/Screenshot-2018-12-17-at-12.37.44.png","width":2560,"height":1600},{"@type":"BreadcrumbList","@id":"https:\/\/www.welovecycling.com\/hu\/biztonsag\/video-megint-majdnem-elutott-egy-biciklist-a-vonat-egy-hollandiai-vasuti-atkelon\/#breadcrumb","itemListElement":[{"@type":"ListItem","position":1,"name":"Home","item":"https:\/\/www.welovecycling.com\/hu\/"},{"@type":"ListItem","position":2,"name":"VIDE\u00d3: Megint majdnem el\u00fct\u00f6tt egy biciklist a vonat egy hollandiai vas\u00fati \u00e1tkel\u0151n"}]},{"@type":"WebSite","@id":"https:\/\/www.welovecycling.com\/hu\/#website","url":"https:\/\/www.welovecycling.com\/hu\/","name":"\u0160koda We Love Cycling - Magyarorsz\u00e1g","description":"\u0160koda WeLoveCycling","potentialAction":[{"@type":"SearchAction","target":{"@type":"EntryPoint","urlTemplate":"https:\/\/www.welovecycling.com\/hu\/?s={search_term_string}"},"query-input":{"@type":"PropertyValueSpecification","valueRequired":true,"valueName":"search_term_string"}}],"inLanguage":"hu"},{"@type":"Person","@id":"https:\/\/www.welovecycling.com\/hu\/#\/schema\/person\/414a2aebf1801691a5320edb6468e194","name":"hegyizs","image":{"@type":"ImageObject","inLanguage":"hu","@id":"https:\/\/www.welovecycling.com\/hu\/#\/schema\/person\/image\/","url":"https:\/\/secure.gravatar.com\/avatar\/02cf8a7906b8cf90cecb4679defac7cfd33a1c2e3b88e4903d947f3bb58eedd3?s=96&d=mm&r=g","contentUrl":"https:\/\/secure.gravatar.com\/avatar\/02cf8a7906b8cf90cecb4679defac7cfd33a1c2e3b88e4903d947f3bb58eedd3?s=96&d=mm&r=g","caption":"hegyizs"},"url":"https:\/\/www.welovecycling.com\/hu\/author\/hegyizs\/"}]}},"_links":{"self":[{"href":"https:\/\/www.welovecycling.com\/hu\/wp-json\/wp\/v2\/posts\/2454","targetHints":{"allow":["GET"]}}],"collection":[{"href":"https:\/\/www.welovecycling.com\/hu\/wp-json\/wp\/v2\/posts"}],"about":[{"href":"https:\/\/www.welovecycling.com\/hu\/wp-json\/wp\/v2\/types\/post"}],"author":[{"embeddable":true,"href":"https:\/\/www.welovecycling.com\/hu\/wp-json\/wp\/v2\/users\/71"}],"replies":[{"embeddable":true,"href":"https:\/\/www.welovecycling.com\/hu\/wp-json\/wp\/v2\/comments?post=2454"}],"version-history":[{"count":1,"href":"https:\/\/www.welovecycling.com\/hu\/wp-json\/wp\/v2\/posts\/2454\/revisions"}],"predecessor-version":[{"id":2456,"href":"https:\/\/www.welovecycling.com\/hu\/wp-json\/wp\/v2\/posts\/2454\/revisions\/2456"}],"wp:featuredmedia":[{"embeddable":true,"href":"https:\/\/www.welovecycling.com\/hu\/wp-json\/wp\/v2\/media\/2457"}],"wp:attachment":[{"href":"https:\/\/www.welovecycling.com\/hu\/wp-json\/wp\/v2\/media?parent=2454"}],"wp:term":[{"taxonomy":"category","embeddable":true,"href":"https:\/\/www.welovecycling.com\/hu\/wp-json\/wp\/v2\/categories?post=2454"},{"taxonomy":"post_tag","embeddable":true,"href":"https:\/\/www.welovecycling.com\/hu\/wp-json\/wp\/v2\/tags?post=2454"},{"taxonomy":"global-categories","embeddable":true,"href":"https:\/\/www.welovecycling.com\/hu\/wp-json\/wp\/v2\/global-categories?post=2454"}],"curies":[{"name":"wp","href":"https:\/\/api.w.org\/{rel}","templated":true}]}}