{"id":2441,"date":"2018-12-12T09:14:58","date_gmt":"2018-12-12T09:14:58","guid":{"rendered":"https:\/\/www.welovecycling.com\/hu\/?p=2441"},"modified":"2018-12-12T11:19:37","modified_gmt":"2018-12-12T11:19:37","slug":"interju-havasi-zoltan-aranyvilla-dijassal","status":"publish","type":"post","link":"https:\/\/www.welovecycling.com\/hu\/blog\/interju-havasi-zoltan-aranyvilla-dijassal\/","title":{"rendered":"Interj\u00fa Havasi Zolt\u00e1n Aranyvilla d\u00edjassal"},"content":{"rendered":"<p><strong>Havasi Zolt\u00e1n 20 \u00e9ve m\u00e9g azt gondolta, a montiz\u00e1s ir\u00e1nti szerelm\u00e9b\u0151l ad\u00f3d\u00f3an profi downhill versenyz\u0151 lesz. Ehhez nem voltak meg az adotts\u00e1gai, ahhoz viszont, hogy a Budapest Bike Maffi\u00e1val valami maradand\u00f3t hozzon l\u00e9tre, maxim\u00e1lisan. Nemr\u00e9g \u00fcnnepelt\u00e9k hetedik sz\u00fclet\u00e9snapjukat, \u00e9s mivel Zoli lett ehavi Aranyvilla-d\u00edjasunk, megk\u00e9rdezt\u00fck, milyen \u00e9rz\u00e9sek, eml\u00e9kek kavarognak benne a m\u00falttal kapcsolatban, \u00e9s milyen v\u00edzi\u00f3i vannak a j\u00f6v\u0151re n\u00e9zve a j\u00f3t\u00e9kony bring\u00e1z\u00e1st illet\u0151en.<\/strong><\/p>\n<p><strong>Hogyan \u00e9s mi\u00e9rt indult a Budapest Bike Maffia?<\/strong><\/p>\n<p>A kezd\u00e9st megel\u0151zte egy hosszabb peri\u00f3dus, ezt az id\u0151szakot h\u00edvom egyfajta kattan\u00e1snak. Val\u00f3j\u00e1ban az el\u00e9gedetlens\u00e9g \u00e9s a d\u00fch sz\u00fclte, az el\u0151\u00edt\u00e9letekkel szembeni ap\u00e1tia. Mi\u00e9rt vannak ilyen nagy sz\u00e1mban hajl\u00e9ktlan emberek az utc\u00e1n? Mi\u00e9rt b\u00e1nunk vel\u00fck ennyire ellens\u00e9gesen? Mi\u00e9rt b\u00e1nunk egym\u00e1ssal \u00edgy, \u00e9s ha ebben szocializ\u00e1l\u00f3dunk, annak milyen k\u00f6vetkezm\u00e9nyei lehetnek?<br \/>\nCsin\u00e1ljon m\u00e1r valaki ezzel valamit!<\/p>\n<p>Sz\u00f3val egy bar\u00e1ti besz\u00e9lget\u00e9sb\u0151l indult 2011 kar\u00e1csonya el\u0151tt. Lepj\u00fcnk meg hajl\u00e9ktalan embereket Szenteste, akik k\u00e9nytelenek az utc\u00e1n \u00e9lni. A bringa adott volt, ami \u00e9let \u00e9s k\u00f6zleked\u00e9si forma is egyben.<\/p>\n<p><strong>Honnan ered a n\u00e9v?<\/strong><\/p>\n<p>Egy ismer\u0151s\u00f6m Bike Punk Maffia n\u00e9ven vizion\u00e1lt egy csoportot. Noha az ir\u00e1nya nem volt meg, de j\u00f3l hangzott, ez lett kicsit l\u00e1gy\u00edtva, majd a tev\u00e9kenys\u00e9g m\u00f6g\u00e9 t\u00e9ve. Eleve \u201cforradalmi\u201d volt a t\u00e1rsas\u00e1g, t\u00f6k\u00e9letes v\u00e1laszt\u00e1s volt egy innovat\u00edv csapatnak, figyelemfelkelt\u00e9snek f\u0151k\u00e9nt a fiatalok fel\u00e9.\u00a0<a href=\"https:\/\/d2p6e6u75xmxt8.cloudfront.net\/12\/2018\/12\/BJP_1354.jpg\"><img loading=\"lazy\" decoding=\"async\" class=\"aligncenter size-full wp-image-2445\" src=\"https:\/\/d2p6e6u75xmxt8.cloudfront.net\/12\/2018\/12\/BJP_1354.jpg\" alt=\"\" width=\"2000\" height=\"1333\" srcset=\"https:\/\/d2p6e6u75xmxt8.cloudfront.net\/12\/2018\/12\/BJP_1354.jpg 2000w, https:\/\/d2p6e6u75xmxt8.cloudfront.net\/12\/2018\/12\/BJP_1354-300x200.jpg 300w, https:\/\/d2p6e6u75xmxt8.cloudfront.net\/12\/2018\/12\/BJP_1354-768x512.jpg 768w, https:\/\/d2p6e6u75xmxt8.cloudfront.net\/12\/2018\/12\/BJP_1354-1024x682.jpg 1024w, https:\/\/d2p6e6u75xmxt8.cloudfront.net\/12\/2018\/12\/BJP_1354-1920x1280.jpg 1920w, https:\/\/d2p6e6u75xmxt8.cloudfront.net\/12\/2018\/12\/BJP_1354-272x182.jpg 272w, https:\/\/d2p6e6u75xmxt8.cloudfront.net\/12\/2018\/12\/BJP_1354-1920x1280.jpg 1920w\" sizes=\"auto, (max-width: 2000px) 100vw, 2000px\" \/><\/a><\/p>\n<p><strong>Milyen tervek voltak indul\u00e1skor?<\/strong><\/p>\n<p>Nem mondom, hogy egyetlen alkalomra tervezt\u00fck, de az els\u0151 alkalom volt, amikor azt \u00e9reztem, hogy k\u00f6szi, meg\u00e9rkeztem, ezzel szeretn\u00e9k a j\u00f6v\u0151ben foglalkozni. Az els\u0151 akci\u00f3 fogadtat\u00e1sa nagyon j\u00f3 volt, sok adom\u00e1nyoz\u00f3t \u00e9rt\u00fcnk el, az \u00fajszer\u0171s\u00e9ge tarolt. A tervek egy\u00e9rtelm\u0171en azok voltak, hogy tettekkel mutassuk meg, mik\u00e9nt tudunk egy\u00e9nileg \u00e9s csapatban is seg\u00edteni, ne eltartott kisujjal besz\u00e9lgess\u00fcnk a probl\u00e9m\u00e1kr\u00f3l.<\/p>\n<p>&nbsp;<\/p>\n<p><strong>Mi val\u00f3sult meg a kezdeti c\u00e9lok k\u00f6z\u00fcl?<\/strong><\/p>\n<p>A c\u00e9l az emberek \u00e9rz\u00e9keny\u00edt\u00e9se, az \u00f6nk\u00e9ntess\u00e9g n\u00e9pszer\u0171s\u00edt\u00e9se, \u00e9s a seg\u00edt\u0151 tev\u00e9kenys\u00e9g \u00faj\u00edt\u00e1sa, vonz\u00f3v\u00e1 t\u00e9tele volt. Azt gondolom, ezek teljes\u00fcltek, k\u00f6sz\u00f6nhet\u0151en annak a progressz\u00edv attit\u0171dnek, amit a BBM hordoz. A legjobb, hogy m\u00e9g mindig van hova fejl\u0151dni.<\/p>\n<p><a href=\"https:\/\/d2p6e6u75xmxt8.cloudfront.net\/12\/2018\/12\/BJP_1458.jpg\"><img loading=\"lazy\" decoding=\"async\" class=\"aligncenter size-full wp-image-2444\" src=\"https:\/\/d2p6e6u75xmxt8.cloudfront.net\/12\/2018\/12\/BJP_1458.jpg\" alt=\"\" width=\"2000\" height=\"1333\" srcset=\"https:\/\/d2p6e6u75xmxt8.cloudfront.net\/12\/2018\/12\/BJP_1458.jpg 2000w, https:\/\/d2p6e6u75xmxt8.cloudfront.net\/12\/2018\/12\/BJP_1458-300x200.jpg 300w, https:\/\/d2p6e6u75xmxt8.cloudfront.net\/12\/2018\/12\/BJP_1458-768x512.jpg 768w, https:\/\/d2p6e6u75xmxt8.cloudfront.net\/12\/2018\/12\/BJP_1458-1024x682.jpg 1024w, https:\/\/d2p6e6u75xmxt8.cloudfront.net\/12\/2018\/12\/BJP_1458-1920x1280.jpg 1920w, https:\/\/d2p6e6u75xmxt8.cloudfront.net\/12\/2018\/12\/BJP_1458-272x182.jpg 272w, https:\/\/d2p6e6u75xmxt8.cloudfront.net\/12\/2018\/12\/BJP_1458-1920x1280.jpg 1920w\" sizes=\"auto, (max-width: 2000px) 100vw, 2000px\" \/><\/a><\/p>\n<p>&nbsp;<\/p>\n<p><strong>Hogyan l\u00e1tod most a BBM helyzet\u00e9t?<\/strong><\/p>\n<p>Folyamatosan emelked\u0151 p\u00e1ly\u00e1n vagyunk, h\u00e1la az \u00f6nk\u00e9ntesek hihetetlen mennyis\u00e9g\u0171 energi\u00e1j\u00e1nak \u00e9s a vadi\u00faj \u00f6tleteknek. A BBM \u00e9let\u00e9ben az elm\u00falt h\u00e1rom \u00e9v volt az, amikor tudatosabban \u00f6sszehangolt szervezetk\u00e9nt kezdt\u00fcnk el m\u0171k\u00f6dni. Ennek persze megvan a h\u00e1tr\u00e1nya, de sokkal t\u00f6bb az el\u0151nye. Erre az alapra m\u00e1r \u00e9rdemes olyan t\u00e1rsadalmi v\u00e1llalkoz\u00e1sokat \u00e9p\u00edteni, melyek haszn\u00e1ra v\u00e1lnak a r\u00e1szorul\u00f3knak, a szakm\u00e1nak \u00e9s adott esetben m\u00e9g munkahelyeket is teremt.<\/p>\n<p>&nbsp;<\/p>\n<p><strong>Mi volt a legeml\u00e9kezetesebb t\u00f6rt\u00e9netetek?<\/strong><\/p>\n<p>Nem szeretek kiemelni t\u00f6rt\u00e9neteket. Az elm\u00falt h\u00e9t \u00e9v \u00edve, a kudarcok \u00e9s a fejl\u0151d\u00e9s a szervezet szempontj\u00e1b\u00f3l, de ami enn\u00e9l is fontosabb: Az emberek, akikkel volt szerencs\u00e9m megismerkedni a BBM r\u00e9v\u00e9n, a belefektetett energi\u00e1ik, a rengeteg pozit\u00edvum amit adunk \u00e9s kapunk egy folyamatos \u2013 mondjuk \u00edgy, eml\u00e9kezetes t\u00f6rt\u00e9net.<\/p>\n<p>&nbsp;<\/p>\n<p><strong>Mib\u0151l mer\u00edtesz, mer\u00edtetek er\u0151t a mindennapokban?<\/strong><\/p>\n<p>Azt gondolom, hogy a visszacsatol\u00e1sok nagyon fontosak. Ha l\u00e1tjuk, hogy a munk\u00e1nknak van \u00e9rtelme, \u00e9s j\u00f6nnek a pozit\u00edv visszajelz\u00e9sek a r\u00e1szorul\u00f3 emberekt\u0151l, a szimpatiz\u00e1nsokt\u00f3l, a t\u00e1mogat\u00f3kt\u00f3l, az nagyon moitv\u00e1l\u00f3. Mindenki v\u00e1gyik a figyelemre, \u00e9s ha ebb\u0151l elegend\u0151 van, az komoly felhajt\u00f3er\u0151vel b\u00edr.<\/p>\n<p>&nbsp;<\/p>\n<p><strong>Csak Budapestre f\u00f3kusz\u00e1ltok jelenleg? Milyen vid\u00e9ki akci\u00f3kat terveztek a j\u00f6v\u0151ben?<\/strong><\/p>\n<p>Jelenleg akt\u00edvan Debrecenben \u00e9s P\u00e9csett m\u0171k\u00f6dnek Bike Maffia sejtek, de elindult Feh\u00e9rv\u00e1ron, Miskolcon, Szegeden, Bukarestben \u00e9s Pereir\u00e1ban ( Kolumbia ) is. A vid\u00e9ki sejtek \u00f6n\u00e1ll\u00f3an akci\u00f3znak, de term\u00e9szetesen tartjuk a kapcsolatot \u00e9s rem\u00e9lem, hogy a j\u00f6v\u0151ben m\u00e9g jobban tudjuk segteni egym\u00e1s munk\u00e1j\u00e1t. Fontos, hogy a Budapesten ind\u00edtott, hasznosnak v\u00e9lt projekteket m\u00e1s v\u00e1rosokban is meghonos\u00edtsunk.<\/p>\n<p><a href=\"https:\/\/d2p6e6u75xmxt8.cloudfront.net\/12\/2018\/12\/BJP_1429.jpg\"><img loading=\"lazy\" decoding=\"async\" class=\"aligncenter size-full wp-image-2443\" src=\"https:\/\/d2p6e6u75xmxt8.cloudfront.net\/12\/2018\/12\/BJP_1429.jpg\" alt=\"\" width=\"2000\" height=\"1333\" srcset=\"https:\/\/d2p6e6u75xmxt8.cloudfront.net\/12\/2018\/12\/BJP_1429.jpg 2000w, https:\/\/d2p6e6u75xmxt8.cloudfront.net\/12\/2018\/12\/BJP_1429-300x200.jpg 300w, https:\/\/d2p6e6u75xmxt8.cloudfront.net\/12\/2018\/12\/BJP_1429-768x512.jpg 768w, https:\/\/d2p6e6u75xmxt8.cloudfront.net\/12\/2018\/12\/BJP_1429-1024x682.jpg 1024w, https:\/\/d2p6e6u75xmxt8.cloudfront.net\/12\/2018\/12\/BJP_1429-1920x1280.jpg 1920w, https:\/\/d2p6e6u75xmxt8.cloudfront.net\/12\/2018\/12\/BJP_1429-272x182.jpg 272w, https:\/\/d2p6e6u75xmxt8.cloudfront.net\/12\/2018\/12\/BJP_1429-1920x1280.jpg 1920w\" sizes=\"auto, (max-width: 2000px) 100vw, 2000px\" \/><\/a><\/p>\n<p><strong>Mit gondolsz Budapest ker\u00e9kp\u00e1ros kult\u00far\u00e1j\u00e1r\u00f3l?<\/strong><\/p>\n<p>A kilencvenes \u00e9vek v\u00e9g\u00e9n kezdtem \u00fczemszer\u0171en bring\u00e1zni. Az\u00f3ta az \u00e1llapot n\u00e9hol javult, m\u00e1shol romlott. J\u00f3val t\u00f6bb a bring\u00e1s, ami j\u00f3r\u00e9szt a critical mass-nek k\u00f6sz\u00f6nhet\u0151. Ez ugyan hordoz probl\u00e9m\u00e1t is, de igyekszem a pozit\u00edv oldal\u00e1t n\u00e9zni. A Ker\u00e9kp\u00e1ros Klub p\u00e9ld\u00e1ul sokat tesz a fejl\u0151d\u00e9s\u00e9rt, de alapvet\u0151en a fejekben kell rendet tenni.<br \/>\nAz aut\u00f3s nem aut\u00f3s, hanem egy ember. A bring\u00e1s nem bring\u00e1s, hanem egy ember. A galamb meg galamb. H\u00fcly\u00e9k mindenhol vannak, de ha nem c\u00edmk\u00e9zn\u00e9nk az\u00e9rt, mert valaki valamiben n\u00e9gyker\u00e9ken, vagy valamin k\u00e9tker\u00e9ken \u00fcl, azzal ugr\u00e1sszer\u0171en fejl\u0151dn\u00e9nk.<\/p>\n<p>&nbsp;<\/p>\n<p><strong>Mi a civil foglalkoz\u00e1sod?<\/strong><\/p>\n<p>1997-t\u0151l t\u00f6rdel\u0151 szerkeszt\u0151k\u00e9nt \u00e9s grafikusk\u00e9nt dolgoztam c\u00e9gekn\u00e9l. Amikor szabad\u00fasz\u00f3 lettem, a grafik\u00e1t kieg\u00e9sz\u00edtette egy sor m\u00e1s dolog, sz\u00f6veg\u00edr\u00e1st\u00f3l az arculattervez\u00e9sen \u00e1t a film ut\u00f3munk\u00e1ig szinte minden, de belek\u00f3stoltam j\u00f3csk\u00e1n a markitingbe is. Volt egy pont, ahol el kellett d\u00f6ntenem, hogy maradok-e az eredeti szakm\u00e1n\u00e1l, vagy a BBM-et akarom-e fejleszteni, hiszen eg\u00e9sz embert k\u00edv\u00e1n mindk\u00e9t ter\u00fclet. Gy\u0151z\u00f6tt a szerelem, jelenleg a Bike Maffia vezet\u00e9s\u00e9vel, \u00e9s t\u00e1rsadalmi v\u00e1llalkoz\u00e1sok l\u00e9trehoz\u00e1s\u00e1val foglalkozom 100%-ban. Ehhez a kor\u00e1bbi tapasztalatok nagyon j\u00f3l j\u00f6nnek.<\/p>\n<p><strong>Mit tan\u00e1csoln\u00e1l a bring\u00e1soknak?<\/strong><\/p>\n<p>Egy j\u00f3bar\u00e1tom anno azt mondta, id\u00e9zem: A ker\u00e9kp\u00e1roz\u00e1s nem extr\u00e9m sport.<br \/>\nSz\u00f3val csak \u00e9sszel! \ud83d\ude00<br \/>\n<a href=\"https:\/\/d2p6e6u75xmxt8.cloudfront.net\/12\/2018\/12\/BJP_1507.jpg\"><img loading=\"lazy\" decoding=\"async\" class=\"aligncenter size-full wp-image-2442\" src=\"https:\/\/d2p6e6u75xmxt8.cloudfront.net\/12\/2018\/12\/BJP_1507.jpg\" alt=\"\" width=\"2000\" height=\"1333\" srcset=\"https:\/\/d2p6e6u75xmxt8.cloudfront.net\/12\/2018\/12\/BJP_1507.jpg 2000w, https:\/\/d2p6e6u75xmxt8.cloudfront.net\/12\/2018\/12\/BJP_1507-300x200.jpg 300w, https:\/\/d2p6e6u75xmxt8.cloudfront.net\/12\/2018\/12\/BJP_1507-768x512.jpg 768w, https:\/\/d2p6e6u75xmxt8.cloudfront.net\/12\/2018\/12\/BJP_1507-1024x682.jpg 1024w, https:\/\/d2p6e6u75xmxt8.cloudfront.net\/12\/2018\/12\/BJP_1507-1920x1280.jpg 1920w, https:\/\/d2p6e6u75xmxt8.cloudfront.net\/12\/2018\/12\/BJP_1507-272x182.jpg 272w, https:\/\/d2p6e6u75xmxt8.cloudfront.net\/12\/2018\/12\/BJP_1507-1920x1280.jpg 1920w\" sizes=\"auto, (max-width: 2000px) 100vw, 2000px\" \/><\/a><\/p>\n","protected":false},"excerpt":{"rendered":"<p>Havasi Zolt\u00e1n 20 \u00e9ve m\u00e9g azt gondolta, a montiz\u00e1s ir\u00e1nti szerelm\u00e9b\u0151l ad\u00f3d\u00f3an profi downhill versenyz\u0151 lesz. Ehhez nem voltak meg [&hellip;]<\/p>\n","protected":false},"author":71,"featured_media":2446,"comment_status":"open","ping_status":"open","sticky":false,"template":"","format":"standard","meta":{"footnotes":""},"categories":[13],"tags":[55,270,271,272],"global-categories":[],"class_list":["post-2441","post","type-post","status-publish","format-standard","has-post-thumbnail","hentry","category-blog","tag-aranyvilla-dij","tag-bbm","tag-budapest-bike-maffia","tag-havasi-zoltan"],"yoast_head":"<!-- This site is optimized with the Yoast SEO Premium plugin v25.3 (Yoast SEO v25.9) - https:\/\/yoast.com\/wordpress\/plugins\/seo\/ -->\n<title>Interj\u00fa Havasi Zolt\u00e1n Aranyvilla d\u00edjassal - \u0160koda We Love Cycling - Magyarorsz\u00e1g<\/title>\n<meta name=\"robots\" content=\"index, follow, max-snippet:-1, max-image-preview:large, max-video-preview:-1\" \/>\n<link rel=\"canonical\" href=\"https:\/\/www.welovecycling.com\/hu\/blog\/interju-havasi-zoltan-aranyvilla-dijassal\/\" \/>\n<meta property=\"og:locale\" content=\"hu_HU\" \/>\n<meta property=\"og:type\" content=\"article\" \/>\n<meta property=\"og:title\" content=\"Interj\u00fa Havasi Zolt\u00e1n Aranyvilla d\u00edjassal\" \/>\n<meta property=\"og:description\" content=\"Havasi Zolt\u00e1n 20 \u00e9ve m\u00e9g azt gondolta, a montiz\u00e1s ir\u00e1nti szerelm\u00e9b\u0151l ad\u00f3d\u00f3an profi downhill versenyz\u0151 lesz. Ehhez nem voltak meg [&hellip;]\" \/>\n<meta property=\"og:url\" content=\"https:\/\/www.welovecycling.com\/hu\/blog\/interju-havasi-zoltan-aranyvilla-dijassal\/\" \/>\n<meta property=\"og:site_name\" content=\"\u0160koda We Love Cycling - Magyarorsz\u00e1g\" \/>\n<meta property=\"article:publisher\" content=\"https:\/\/www.facebook.com\/WeLoveCyclingHungary\/\" \/>\n<meta property=\"article:published_time\" content=\"2018-12-12T09:14:58+00:00\" \/>\n<meta property=\"article:modified_time\" content=\"2018-12-12T11:19:37+00:00\" \/>\n<meta property=\"og:image\" content=\"https:\/\/d2p6e6u75xmxt8.cloudfront.net\/12\/2018\/12\/BJP_1323.jpg\" \/>\n\t<meta property=\"og:image:width\" content=\"2000\" \/>\n\t<meta property=\"og:image:height\" content=\"1333\" \/>\n\t<meta property=\"og:image:type\" content=\"image\/jpeg\" \/>\n<meta name=\"author\" content=\"hegyizs\" \/>\n<meta name=\"twitter:card\" content=\"summary_large_image\" \/>\n<meta name=\"twitter:label1\" content=\"Written by\" \/>\n\t<meta name=\"twitter:data1\" content=\"hegyizs\" \/>\n\t<meta name=\"twitter:label2\" content=\"Est. reading time\" \/>\n\t<meta name=\"twitter:data2\" content=\"5 minutes\" \/>\n<script type=\"application\/ld+json\" class=\"yoast-schema-graph\">{\"@context\":\"https:\/\/schema.org\",\"@graph\":[{\"@type\":\"WebPage\",\"@id\":\"https:\/\/www.welovecycling.com\/hu\/blog\/interju-havasi-zoltan-aranyvilla-dijassal\/\",\"url\":\"https:\/\/www.welovecycling.com\/hu\/blog\/interju-havasi-zoltan-aranyvilla-dijassal\/\",\"name\":\"Interj\u00fa Havasi Zolt\u00e1n Aranyvilla d\u00edjassal - \u0160koda We Love Cycling - Magyarorsz\u00e1g\",\"isPartOf\":{\"@id\":\"https:\/\/www.welovecycling.com\/hu\/#website\"},\"primaryImageOfPage\":{\"@id\":\"https:\/\/www.welovecycling.com\/hu\/blog\/interju-havasi-zoltan-aranyvilla-dijassal\/#primaryimage\"},\"image\":{\"@id\":\"https:\/\/www.welovecycling.com\/hu\/blog\/interju-havasi-zoltan-aranyvilla-dijassal\/#primaryimage\"},\"thumbnailUrl\":\"https:\/\/d2p6e6u75xmxt8.cloudfront.net\/12\/2018\/12\/BJP_1323.jpg\",\"datePublished\":\"2018-12-12T09:14:58+00:00\",\"dateModified\":\"2018-12-12T11:19:37+00:00\",\"author\":{\"@id\":\"https:\/\/www.welovecycling.com\/hu\/#\/schema\/person\/414a2aebf1801691a5320edb6468e194\"},\"breadcrumb\":{\"@id\":\"https:\/\/www.welovecycling.com\/hu\/blog\/interju-havasi-zoltan-aranyvilla-dijassal\/#breadcrumb\"},\"inLanguage\":\"hu\",\"potentialAction\":[{\"@type\":\"ReadAction\",\"target\":[\"https:\/\/www.welovecycling.com\/hu\/blog\/interju-havasi-zoltan-aranyvilla-dijassal\/\"]}]},{\"@type\":\"ImageObject\",\"inLanguage\":\"hu\",\"@id\":\"https:\/\/www.welovecycling.com\/hu\/blog\/interju-havasi-zoltan-aranyvilla-dijassal\/#primaryimage\",\"url\":\"https:\/\/d2p6e6u75xmxt8.cloudfront.net\/12\/2018\/12\/BJP_1323.jpg\",\"contentUrl\":\"https:\/\/d2p6e6u75xmxt8.cloudfront.net\/12\/2018\/12\/BJP_1323.jpg\",\"width\":2000,\"height\":1333},{\"@type\":\"BreadcrumbList\",\"@id\":\"https:\/\/www.welovecycling.com\/hu\/blog\/interju-havasi-zoltan-aranyvilla-dijassal\/#breadcrumb\",\"itemListElement\":[{\"@type\":\"ListItem\",\"position\":1,\"name\":\"Home\",\"item\":\"https:\/\/www.welovecycling.com\/hu\/\"},{\"@type\":\"ListItem\",\"position\":2,\"name\":\"Interj\u00fa Havasi Zolt\u00e1n Aranyvilla d\u00edjassal\"}]},{\"@type\":\"WebSite\",\"@id\":\"https:\/\/www.welovecycling.com\/hu\/#website\",\"url\":\"https:\/\/www.welovecycling.com\/hu\/\",\"name\":\"\u0160koda We Love Cycling - Magyarorsz\u00e1g\",\"description\":\"\u0160koda WeLoveCycling\",\"potentialAction\":[{\"@type\":\"SearchAction\",\"target\":{\"@type\":\"EntryPoint\",\"urlTemplate\":\"https:\/\/www.welovecycling.com\/hu\/?s={search_term_string}\"},\"query-input\":{\"@type\":\"PropertyValueSpecification\",\"valueRequired\":true,\"valueName\":\"search_term_string\"}}],\"inLanguage\":\"hu\"},{\"@type\":\"Person\",\"@id\":\"https:\/\/www.welovecycling.com\/hu\/#\/schema\/person\/414a2aebf1801691a5320edb6468e194\",\"name\":\"hegyizs\",\"image\":{\"@type\":\"ImageObject\",\"inLanguage\":\"hu\",\"@id\":\"https:\/\/www.welovecycling.com\/hu\/#\/schema\/person\/image\/\",\"url\":\"https:\/\/secure.gravatar.com\/avatar\/02cf8a7906b8cf90cecb4679defac7cfd33a1c2e3b88e4903d947f3bb58eedd3?s=96&d=mm&r=g\",\"contentUrl\":\"https:\/\/secure.gravatar.com\/avatar\/02cf8a7906b8cf90cecb4679defac7cfd33a1c2e3b88e4903d947f3bb58eedd3?s=96&d=mm&r=g\",\"caption\":\"hegyizs\"},\"url\":\"https:\/\/www.welovecycling.com\/hu\/author\/hegyizs\/\"}]}<\/script>\n<!-- \/ Yoast SEO Premium plugin. -->","yoast_head_json":{"title":"Interj\u00fa Havasi Zolt\u00e1n Aranyvilla d\u00edjassal - \u0160koda We Love Cycling - Magyarorsz\u00e1g","robots":{"index":"index","follow":"follow","max-snippet":"max-snippet:-1","max-image-preview":"max-image-preview:large","max-video-preview":"max-video-preview:-1"},"canonical":"https:\/\/www.welovecycling.com\/hu\/blog\/interju-havasi-zoltan-aranyvilla-dijassal\/","og_locale":"hu_HU","og_type":"article","og_title":"Interj\u00fa Havasi Zolt\u00e1n Aranyvilla d\u00edjassal","og_description":"Havasi Zolt\u00e1n 20 \u00e9ve m\u00e9g azt gondolta, a montiz\u00e1s ir\u00e1nti szerelm\u00e9b\u0151l ad\u00f3d\u00f3an profi downhill versenyz\u0151 lesz. Ehhez nem voltak meg [&hellip;]","og_url":"https:\/\/www.welovecycling.com\/hu\/blog\/interju-havasi-zoltan-aranyvilla-dijassal\/","og_site_name":"\u0160koda We Love Cycling - Magyarorsz\u00e1g","article_publisher":"https:\/\/www.facebook.com\/WeLoveCyclingHungary\/","article_published_time":"2018-12-12T09:14:58+00:00","article_modified_time":"2018-12-12T11:19:37+00:00","og_image":[{"width":2000,"height":1333,"url":"https:\/\/d2p6e6u75xmxt8.cloudfront.net\/12\/2018\/12\/BJP_1323.jpg","type":"image\/jpeg"}],"author":"hegyizs","twitter_card":"summary_large_image","twitter_misc":{"Written by":"hegyizs","Est. reading time":"5 minutes"},"schema":{"@context":"https:\/\/schema.org","@graph":[{"@type":"WebPage","@id":"https:\/\/www.welovecycling.com\/hu\/blog\/interju-havasi-zoltan-aranyvilla-dijassal\/","url":"https:\/\/www.welovecycling.com\/hu\/blog\/interju-havasi-zoltan-aranyvilla-dijassal\/","name":"Interj\u00fa Havasi Zolt\u00e1n Aranyvilla d\u00edjassal - \u0160koda We Love Cycling - Magyarorsz\u00e1g","isPartOf":{"@id":"https:\/\/www.welovecycling.com\/hu\/#website"},"primaryImageOfPage":{"@id":"https:\/\/www.welovecycling.com\/hu\/blog\/interju-havasi-zoltan-aranyvilla-dijassal\/#primaryimage"},"image":{"@id":"https:\/\/www.welovecycling.com\/hu\/blog\/interju-havasi-zoltan-aranyvilla-dijassal\/#primaryimage"},"thumbnailUrl":"https:\/\/d2p6e6u75xmxt8.cloudfront.net\/12\/2018\/12\/BJP_1323.jpg","datePublished":"2018-12-12T09:14:58+00:00","dateModified":"2018-12-12T11:19:37+00:00","author":{"@id":"https:\/\/www.welovecycling.com\/hu\/#\/schema\/person\/414a2aebf1801691a5320edb6468e194"},"breadcrumb":{"@id":"https:\/\/www.welovecycling.com\/hu\/blog\/interju-havasi-zoltan-aranyvilla-dijassal\/#breadcrumb"},"inLanguage":"hu","potentialAction":[{"@type":"ReadAction","target":["https:\/\/www.welovecycling.com\/hu\/blog\/interju-havasi-zoltan-aranyvilla-dijassal\/"]}]},{"@type":"ImageObject","inLanguage":"hu","@id":"https:\/\/www.welovecycling.com\/hu\/blog\/interju-havasi-zoltan-aranyvilla-dijassal\/#primaryimage","url":"https:\/\/d2p6e6u75xmxt8.cloudfront.net\/12\/2018\/12\/BJP_1323.jpg","contentUrl":"https:\/\/d2p6e6u75xmxt8.cloudfront.net\/12\/2018\/12\/BJP_1323.jpg","width":2000,"height":1333},{"@type":"BreadcrumbList","@id":"https:\/\/www.welovecycling.com\/hu\/blog\/interju-havasi-zoltan-aranyvilla-dijassal\/#breadcrumb","itemListElement":[{"@type":"ListItem","position":1,"name":"Home","item":"https:\/\/www.welovecycling.com\/hu\/"},{"@type":"ListItem","position":2,"name":"Interj\u00fa Havasi Zolt\u00e1n Aranyvilla d\u00edjassal"}]},{"@type":"WebSite","@id":"https:\/\/www.welovecycling.com\/hu\/#website","url":"https:\/\/www.welovecycling.com\/hu\/","name":"\u0160koda We Love Cycling - Magyarorsz\u00e1g","description":"\u0160koda WeLoveCycling","potentialAction":[{"@type":"SearchAction","target":{"@type":"EntryPoint","urlTemplate":"https:\/\/www.welovecycling.com\/hu\/?s={search_term_string}"},"query-input":{"@type":"PropertyValueSpecification","valueRequired":true,"valueName":"search_term_string"}}],"inLanguage":"hu"},{"@type":"Person","@id":"https:\/\/www.welovecycling.com\/hu\/#\/schema\/person\/414a2aebf1801691a5320edb6468e194","name":"hegyizs","image":{"@type":"ImageObject","inLanguage":"hu","@id":"https:\/\/www.welovecycling.com\/hu\/#\/schema\/person\/image\/","url":"https:\/\/secure.gravatar.com\/avatar\/02cf8a7906b8cf90cecb4679defac7cfd33a1c2e3b88e4903d947f3bb58eedd3?s=96&d=mm&r=g","contentUrl":"https:\/\/secure.gravatar.com\/avatar\/02cf8a7906b8cf90cecb4679defac7cfd33a1c2e3b88e4903d947f3bb58eedd3?s=96&d=mm&r=g","caption":"hegyizs"},"url":"https:\/\/www.welovecycling.com\/hu\/author\/hegyizs\/"}]}},"_links":{"self":[{"href":"https:\/\/www.welovecycling.com\/hu\/wp-json\/wp\/v2\/posts\/2441","targetHints":{"allow":["GET"]}}],"collection":[{"href":"https:\/\/www.welovecycling.com\/hu\/wp-json\/wp\/v2\/posts"}],"about":[{"href":"https:\/\/www.welovecycling.com\/hu\/wp-json\/wp\/v2\/types\/post"}],"author":[{"embeddable":true,"href":"https:\/\/www.welovecycling.com\/hu\/wp-json\/wp\/v2\/users\/71"}],"replies":[{"embeddable":true,"href":"https:\/\/www.welovecycling.com\/hu\/wp-json\/wp\/v2\/comments?post=2441"}],"version-history":[{"count":2,"href":"https:\/\/www.welovecycling.com\/hu\/wp-json\/wp\/v2\/posts\/2441\/revisions"}],"predecessor-version":[{"id":2448,"href":"https:\/\/www.welovecycling.com\/hu\/wp-json\/wp\/v2\/posts\/2441\/revisions\/2448"}],"wp:featuredmedia":[{"embeddable":true,"href":"https:\/\/www.welovecycling.com\/hu\/wp-json\/wp\/v2\/media\/2446"}],"wp:attachment":[{"href":"https:\/\/www.welovecycling.com\/hu\/wp-json\/wp\/v2\/media?parent=2441"}],"wp:term":[{"taxonomy":"category","embeddable":true,"href":"https:\/\/www.welovecycling.com\/hu\/wp-json\/wp\/v2\/categories?post=2441"},{"taxonomy":"post_tag","embeddable":true,"href":"https:\/\/www.welovecycling.com\/hu\/wp-json\/wp\/v2\/tags?post=2441"},{"taxonomy":"global-categories","embeddable":true,"href":"https:\/\/www.welovecycling.com\/hu\/wp-json\/wp\/v2\/global-categories?post=2441"}],"curies":[{"name":"wp","href":"https:\/\/api.w.org\/{rel}","templated":true}]}}