{"id":2431,"date":"2018-12-15T14:00:20","date_gmt":"2018-12-15T14:00:20","guid":{"rendered":"https:\/\/www.welovecycling.com\/hu\/?p=2431"},"modified":"2018-12-15T14:07:49","modified_gmt":"2018-12-15T14:07:49","slug":"hogyan-keszitsd-fel-a-biciklit-a-teli-igenybevetelre","status":"publish","type":"post","link":"https:\/\/www.welovecycling.com\/hu\/biztonsag\/hogyan-keszitsd-fel-a-biciklit-a-teli-igenybevetelre\/","title":{"rendered":"Hogyan k\u00e9sz\u00edtsd fel a biciklit a t\u00e9li ig\u00e9nybev\u00e9telre?"},"content":{"rendered":"<p><strong>T\u00e9len biciklizni nagyon felemel\u0151 \u00e9lm\u00e9ny tud lenni, \u00e9s ha beleszeretsz, egyszer \u00e9s mindenkorra megr\u00f6gz\u00f6tt t\u00e9li ker\u00e9kp\u00e1ross\u00e1 v\u00e1lhatsz. Ha nulla fok alatt is \u00e9lvezni szeretn\u00e9d a biciklin t\u00f6lt\u00f6tt id\u0151t, nemcsak a saj\u00e1t er\u0151nl\u00e9tedet kell rendbe tenned, de arra is fel kell k\u00e9sz\u00fcln\u00f6d, hogy a ker\u00e9kp\u00e1rod szelni tudja a h\u00f3buck\u00e1kat az utc\u00e1n. Ha nem szeretn\u00e9d a biciklis \u00e9vad hidegebbik r\u00e9sz\u00e9t kihagyni, puszt\u00e1n az\u00e9rt, mert a kinti k\u00f6r\u00fclm\u00e9nyek sarkvid\u00e9kiv\u00e9 v\u00e1ltak, fogadd meg tan\u00e1csainkat, hogy megfelel\u0151 t\u00e9li form\u00e1ba hozd a ker\u00e9kp\u00e1rod.<\/strong><\/p>\n<h2>K\u00e9sz\u00edtsd el\u0151 id\u0151ben!<\/h2>\n<p>A megel\u0151z\u00e9s a legjobb gy\u00f3gym\u00f3d. T\u00e9lv\u00edz idej\u00e9n a legf\u0151bb probl\u00e9m\u00e1t nem a v\u00e1z rozsd\u00e1sod\u00e1sa okozza, hanem az, ha a por, s\u00e1r \u00e9s korr\u00f3zi\u00f3 hat\u00e1s\u00e1ra beragadnak a f\u00e9kek, k\u00e1belek, a sebess\u00e9gv\u00e1lt\u00f3 vagy m\u00e1s mozg\u00f3 alkatr\u00e9szek. A csatlakoz\u00f3 fel\u00fcleteket, mint p\u00e9ld\u00e1ul a nyeregt\u00e1masz, a nyeregsz\u00e1r, a k\u00f6z\u00e9pcsap\u00e1gy k\u00fcls\u0151 cs\u00e9sz\u00e9i, megfelel\u0151en zs\u00edrozni kell, \u00e9s tapad\u00e1sg\u00e1tl\u00f3 anyaggal kell kezelni a t\u00e9li szezon kezdete el\u0151tt, nehogy \u00f6sszerozsd\u00e1sodjanak.<\/p>\n<div id=\"gallery-5\" class=\"gallery galleryid-143627 gallery-columns-2 gallery-size-large\">\n<figure class=\"gallery-item\">\n<div class=\"gallery-icon portrait\"><a class=\"colorbox-initialized cboxElement\" href=\"https:\/\/d2p6e6u75xmxt8.cloudfront.net\/2\/2016\/11\/55cfd6114438704078fcc84fc24281b6.jpg\"><img loading=\"lazy\" decoding=\"async\" class=\"attachment-large size-large loading\" style=\"width: 100%; max-width: 100%; height: auto; max-height: none;\" src=\"https:\/\/d2p6e6u75xmxt8.cloudfront.net\/2\/2016\/11\/55cfd6114438704078fcc84fc24281b6.jpg\" sizes=\"auto, (max-width: 564px) 100vw, 564px\" srcset=\"https:\/\/d2p6e6u75xmxt8.cloudfront.net\/2\/2016\/11\/55cfd6114438704078fcc84fc24281b6.jpg 564w, https:\/\/d2p6e6u75xmxt8.cloudfront.net\/2\/2016\/11\/55cfd6114438704078fcc84fc24281b6-200x300.jpg 200w\" alt=\"\" width=\"564\" height=\"845\" data-was-processed=\"true\" \/><\/a><\/div>\n<\/figure>\n<figure class=\"gallery-item\">\n<div class=\"gallery-icon portrait\"><a class=\"colorbox-initialized cboxElement\" href=\"https:\/\/d2p6e6u75xmxt8.cloudfront.net\/2\/2016\/11\/7959132dd8b0a413ba8424bcf04ae938.jpg\"><img loading=\"lazy\" decoding=\"async\" class=\"attachment-large size-large loading\" style=\"width: 100%; max-width: 100%; height: auto; max-height: none;\" src=\"https:\/\/d2p6e6u75xmxt8.cloudfront.net\/2\/2016\/11\/7959132dd8b0a413ba8424bcf04ae938.jpg\" sizes=\"auto, (max-width: 481px) 100vw, 481px\" srcset=\"https:\/\/d2p6e6u75xmxt8.cloudfront.net\/2\/2016\/11\/7959132dd8b0a413ba8424bcf04ae938.jpg 481w, https:\/\/d2p6e6u75xmxt8.cloudfront.net\/2\/2016\/11\/7959132dd8b0a413ba8424bcf04ae938-200x300.jpg 200w\" alt=\"\" width=\"481\" height=\"720\" data-was-processed=\"true\" \/><\/a><\/div>\n<\/figure>\n<\/div>\n<h2>Tartsd tiszt\u00e1n!<\/h2>\n<p>A t\u00e9li bicikliz\u00e9snek k\u00e9t alapt\u00e9tele van: biztos, hogy koszos lesz, \u00e9s biztos, hogy ez nem fog j\u00f3t tenni neki. Minden mozg\u00f3 alkatr\u00e9sz szenved a s\u00f3s, nedves \u00fatviszonyokt\u00f3l. Ha err\u0151l nem gondoskodsz megfelel\u0151en, a s\u00f3 korrod\u00e1lni \u00e9s rozsd\u00e1s\u00edtani kezdi a sz\u00e9p biciklidet. Egy biciklil\u00e1nc meglep\u0151en gyorsan narancss\u00e1rg\u00e1v\u00e1 tud v\u00e1lni t\u00e9len. Az is megteszi, ha a j\u00f3l bev\u00e1lt szappanos v\u00edzzel \u00e1llsz neki, de sz\u00e1mos kifejezetten erre a c\u00e9lra tervezett tiszt\u00edt\u00f3szer kaphat\u00f3 a boltokban, melyekkel m\u00e9g egyszer\u0171bb\u00e9 v\u00e1lhat a tiszt\u00edt\u00e1s. Zs\u00edrold\u00f3val \u00e9s a l\u00e1nc \u00e1ztat\u00e1s\u00e1val k\u00f6nnyen megszabadulhatsz az alkatr\u00e9szekre ragad\u00f3 mocsokt\u00f3l. Ha nincs m\u0171helyed, \u00e9s nem akarod a biciklit a zuhanyz\u00f3ban \u00e1tmosni, \u00e9rdemes kipr\u00f3b\u00e1lnod n\u00e9h\u00e1ny NoH2O-alap\u00fa tiszt\u00edt\u00f3szert.<\/p>\n<p><img decoding=\"async\" src=\"https:\/\/d2p6e6u75xmxt8.cloudfront.net\/2\/2016\/10\/AG9C5701.jpg\" alt=\"ag9c5701\" \/><\/p>\n<h2>Ne sp\u00f3rolj a ken\u0151anyaggal!<\/h2>\n<p>A t\u00e9li h\u00f3napokban aj\u00e1nlott ak\u00e1r minden egyes bicikliz\u00e9s ut\u00e1n megtiszt\u00edtani \u00e9s megkenni a l\u00e1ncot, att\u00f3l f\u00fcgg\u0151en, merre j\u00e1rt\u00e1l. Egy ronggyal sz\u00e1r\u00edtsd meg a l\u00e1ncot \u00e9s a h\u00e1ts\u00f3 l\u00e1nckazetta fogaskerekei k\u00f6zti r\u00e9seket, majd f\u00fajj egy kis ken\u0151anyagot a l\u00e1ncra, forgasd meg a ped\u00e1lokat, v\u00e1lts le- \u00e9s fel, hogy a l\u00e1nc is \u00e1tv\u00e1ltson, eloszlatva a zs\u00edroz\u00f3szert. A megmaradt ken\u0151anyagot egyszer\u0171en t\u00f6r\u00f6ld le.<\/p>\n<div id=\"gallery-6\" class=\"gallery galleryid-143627 gallery-columns-2 gallery-size-large\">\n<figure class=\"gallery-item\">\n<div class=\"gallery-icon landscape\"><a class=\"colorbox-initialized cboxElement\" href=\"https:\/\/d2p6e6u75xmxt8.cloudfront.net\/2\/2016\/11\/profimedia-0257608551.jpg\"><img loading=\"lazy\" decoding=\"async\" class=\"attachment-large size-large loading\" style=\"width: 100%; max-width: 100%; height: auto; max-height: none;\" src=\"https:\/\/d2p6e6u75xmxt8.cloudfront.net\/2\/2016\/11\/profimedia-0257608551-1024x683.jpg\" sizes=\"auto, (max-width: 1024px) 100vw, 1024px\" srcset=\"https:\/\/d2p6e6u75xmxt8.cloudfront.net\/2\/2016\/11\/profimedia-0257608551-1024x683.jpg 1024w, https:\/\/d2p6e6u75xmxt8.cloudfront.net\/2\/2016\/11\/profimedia-0257608551-300x200.jpg 300w, https:\/\/d2p6e6u75xmxt8.cloudfront.net\/2\/2016\/11\/profimedia-0257608551-768x512.jpg 768w, https:\/\/d2p6e6u75xmxt8.cloudfront.net\/2\/2016\/11\/profimedia-0257608551-272x182.jpg 272w, https:\/\/d2p6e6u75xmxt8.cloudfront.net\/2\/2016\/11\/profimedia-0257608551.jpg 1250w\" alt=\"\" width=\"1024\" height=\"683\" data-was-processed=\"true\" \/><\/a><\/div>\n<\/figure>\n<figure class=\"gallery-item\">\n<div class=\"gallery-icon landscape\"><a class=\"colorbox-initialized cboxElement\" href=\"https:\/\/d2p6e6u75xmxt8.cloudfront.net\/2\/2016\/11\/profimedia-0255520087.jpg\"><img loading=\"lazy\" decoding=\"async\" class=\"attachment-large size-large loading\" style=\"width: 100%; max-width: 100%; height: auto; max-height: none;\" src=\"https:\/\/d2p6e6u75xmxt8.cloudfront.net\/2\/2016\/11\/profimedia-0255520087-1024x683.jpg\" sizes=\"auto, (max-width: 1024px) 100vw, 1024px\" srcset=\"https:\/\/d2p6e6u75xmxt8.cloudfront.net\/2\/2016\/11\/profimedia-0255520087-1024x683.jpg 1024w, https:\/\/d2p6e6u75xmxt8.cloudfront.net\/2\/2016\/11\/profimedia-0255520087-300x200.jpg 300w, https:\/\/d2p6e6u75xmxt8.cloudfront.net\/2\/2016\/11\/profimedia-0255520087-768x512.jpg 768w, https:\/\/d2p6e6u75xmxt8.cloudfront.net\/2\/2016\/11\/profimedia-0255520087-272x182.jpg 272w, https:\/\/d2p6e6u75xmxt8.cloudfront.net\/2\/2016\/11\/profimedia-0255520087.jpg 1250w\" alt=\"\" width=\"1024\" height=\"683\" data-was-processed=\"true\" \/><\/a><\/div>\n<\/figure>\n<\/div>\n<h2>Fel a t\u00e9li gumikkal!<\/h2>\n<p>T\u00e9len az utak nedvesebbek, koszosabbak \u00e9s sokkal t\u00f6bb t\u00f6rmel\u00e9k fedi \u0151ket, mint az \u00e9v t\u00f6bbi r\u00e9sz\u00e9ben, \u00e9s ez hamar r\u00e9m\u00e1lomm\u00e1 v\u00e1ltoztathatja az utadat. A kifejezetten t\u00e9li haszn\u00e1latra tervezett gumik kiss\u00e9 ugyan nehezebbek \u00e9s nagyobb a g\u00f6rd\u00fcl\u00e9si ellen\u00e1ll\u00e1suk, mint a ny\u00e1ri gumiknak, de cser\u00e9be tart\u00f3sabbak \u00e9s jobban ellen\u00e1llnak a defekteknek is. Az aj\u00e1nlott gumisz\u00e9less\u00e9g a konkr\u00e9t k\u00f6r\u00fclm\u00e9nyekr\u0151l f\u00fcgg. A keskeny gumik belem\u00e9lyednek a friss, puha h\u00f3ba \u00e9s az alatta l\u00e9v\u0151 fel\u00fcletbe. A sz\u00e9lesebb gumik a t\u00f6m\u00f6r h\u00f3 tetej\u00e9n g\u00f6rd\u00fclnek, \u00e9s kev\u00e9sb\u00e9 t\u00e9r\u00edti el \u0151ket az egyenetlen fel\u00fclet.<\/p>\n<div id=\"gallery-7\" class=\"gallery galleryid-143627 gallery-columns-2 gallery-size-large\">\n<figure class=\"gallery-item\">\n<div class=\"gallery-icon landscape\"><a class=\"colorbox-initialized cboxElement\" href=\"https:\/\/d2p6e6u75xmxt8.cloudfront.net\/2\/2016\/11\/75a3f283702f8f01f234aa20490a711d.jpg\"><img loading=\"lazy\" decoding=\"async\" class=\"attachment-large size-large loading\" style=\"width: 100%; max-width: 100%; height: auto; max-height: none;\" src=\"https:\/\/d2p6e6u75xmxt8.cloudfront.net\/2\/2016\/11\/75a3f283702f8f01f234aa20490a711d.jpg\" sizes=\"auto, (max-width: 564px) 100vw, 564px\" srcset=\"https:\/\/d2p6e6u75xmxt8.cloudfront.net\/2\/2016\/11\/75a3f283702f8f01f234aa20490a711d.jpg 564w, https:\/\/d2p6e6u75xmxt8.cloudfront.net\/2\/2016\/11\/75a3f283702f8f01f234aa20490a711d-150x150.jpg 150w, https:\/\/d2p6e6u75xmxt8.cloudfront.net\/2\/2016\/11\/75a3f283702f8f01f234aa20490a711d-300x300.jpg 300w\" alt=\"\" width=\"564\" height=\"564\" data-was-processed=\"true\" \/><\/a><\/div>\n<\/figure>\n<figure class=\"gallery-item\">\n<div class=\"gallery-icon landscape\"><a class=\"colorbox-initialized cboxElement\" href=\"https:\/\/d2p6e6u75xmxt8.cloudfront.net\/2\/2016\/11\/ab5e89e85ab26ebac2af61fc4a1540e7.jpg\"><img loading=\"lazy\" decoding=\"async\" class=\"attachment-large size-large loading\" style=\"width: 100%; max-width: 100%; height: auto; max-height: none;\" src=\"https:\/\/d2p6e6u75xmxt8.cloudfront.net\/2\/2016\/11\/ab5e89e85ab26ebac2af61fc4a1540e7.jpg\" sizes=\"auto, (max-width: 564px) 100vw, 564px\" srcset=\"https:\/\/d2p6e6u75xmxt8.cloudfront.net\/2\/2016\/11\/ab5e89e85ab26ebac2af61fc4a1540e7.jpg 564w, https:\/\/d2p6e6u75xmxt8.cloudfront.net\/2\/2016\/11\/ab5e89e85ab26ebac2af61fc4a1540e7-150x150.jpg 150w, https:\/\/d2p6e6u75xmxt8.cloudfront.net\/2\/2016\/11\/ab5e89e85ab26ebac2af61fc4a1540e7-300x300.jpg 300w\" alt=\"\" width=\"564\" height=\"564\" data-was-processed=\"true\" \/><\/a><\/div>\n<\/figure>\n<\/div>\n<h2>Szereld fel a s\u00e1rv\u00e9d\u0151t!<\/h2>\n<p>Ak\u00e1r szereted, ak\u00e1r nem, a s\u00e1rv\u00e9d\u0151k t\u00e9len alapvet\u0151 fontoss\u00e1g\u00faak. Ezek garant\u00e1lj\u00e1k, hogy a feneked, a l\u00e1bsz\u00e1rad \u00e9s a l\u00e1bbelid sz\u00e1raz maradjon, \u00e9s \u00edgy komfortosan bring\u00e1zhass. Ha csoportban tekertek, akkor az\u00e9rt is fontosak, hogy a t\u00e1rsaidat is meg\u00f3vd a gumikr\u00f3l felfr\u00f6ccsen\u0151 latyakt\u00f3l.<\/p>\n<div id=\"gallery-8\" class=\"gallery galleryid-143627 gallery-columns-2 gallery-size-large\">\n<figure class=\"gallery-item\">\n<div class=\"gallery-icon portrait\"><a class=\"colorbox-initialized cboxElement\" href=\"https:\/\/d2p6e6u75xmxt8.cloudfront.net\/2\/2016\/11\/prod25793_Black_NE_01.jpg\"><img loading=\"lazy\" decoding=\"async\" class=\"attachment-large size-large loading\" style=\"width: 100%; max-width: 100%; height: auto; max-height: none;\" src=\"https:\/\/d2p6e6u75xmxt8.cloudfront.net\/2\/2016\/11\/prod25793_Black_NE_01.jpg\" sizes=\"auto, (max-width: 500px) 100vw, 500px\" srcset=\"https:\/\/d2p6e6u75xmxt8.cloudfront.net\/2\/2016\/11\/prod25793_Black_NE_01.jpg 500w, https:\/\/d2p6e6u75xmxt8.cloudfront.net\/2\/2016\/11\/prod25793_Black_NE_01-297x300.jpg 297w\" alt=\"\" width=\"500\" height=\"505\" data-was-processed=\"true\" \/><\/a><\/div>\n<\/figure>\n<figure class=\"gallery-item\">\n<div class=\"gallery-icon landscape\"><a class=\"colorbox-initialized cboxElement\" href=\"https:\/\/d2p6e6u75xmxt8.cloudfront.net\/2\/2016\/11\/sks-chromo-mudguards-zoom.jpg\"><img loading=\"lazy\" decoding=\"async\" class=\"attachment-large size-large loading\" style=\"width: 100%; max-width: 100%; height: auto; max-height: none;\" src=\"https:\/\/d2p6e6u75xmxt8.cloudfront.net\/2\/2016\/11\/sks-chromo-mudguards-zoom.jpg\" sizes=\"auto, (max-width: 1000px) 100vw, 1000px\" srcset=\"https:\/\/d2p6e6u75xmxt8.cloudfront.net\/2\/2016\/11\/sks-chromo-mudguards-zoom.jpg 1000w, https:\/\/d2p6e6u75xmxt8.cloudfront.net\/2\/2016\/11\/sks-chromo-mudguards-zoom-150x150.jpg 150w, https:\/\/d2p6e6u75xmxt8.cloudfront.net\/2\/2016\/11\/sks-chromo-mudguards-zoom-300x300.jpg 300w, https:\/\/d2p6e6u75xmxt8.cloudfront.net\/2\/2016\/11\/sks-chromo-mudguards-zoom-768x768.jpg 768w\" alt=\"\" width=\"1000\" height=\"1000\" data-was-processed=\"true\" \/><\/a><\/div>\n<\/figure>\n<\/div>\n<h2>L\u00e1tni \u00e9s l\u00e1tszani t\u00e9len is<\/h2>\n<p>A korai s\u00f6t\u00e9ted\u00e9s miatt j\u00f3val vesz\u00e9lyesebb t\u00e9len a v\u00e1rosban tekerni. \u00a0Napjainkban m\u00e1ra hatalmas \u00e9s innovat\u00edv biciklil\u00e1mpa v\u00e1laszt\u00e9k gondoskodik arr\u00f3l, hogy mindenki megtal\u00e1lja a neki legmegfelel\u0151bb \u00e9s legbiztons\u00e1gosabb megold\u00e1st. T\u00e9len \u00e9rdemes a l\u00e1mp\u00e1kat eg\u00e9sz nap a biciklin tartanod, hogy napk\u00f6zben is j\u00f3l l\u00e1that\u00f3 legy\u00e9l. Ha nem tervezed, hogy s\u00f6t\u00e9tben biciklizel, akkor is \u00e9rdemes beruh\u00e1zni egy l\u00e1mpaszettbe, hogy sz\u00fcks\u00e9g eset\u00e9n kih\u00fazzon a bajb\u00f3l.<\/p>\n","protected":false},"excerpt":{"rendered":"<p>T\u00e9len biciklizni nagyon felemel\u0151 \u00e9lm\u00e9ny tud lenni, \u00e9s ha beleszeretsz, egyszer \u00e9s mindenkorra megr\u00f6gz\u00f6tt t\u00e9li ker\u00e9kp\u00e1ross\u00e1 v\u00e1lhatsz. Ha nulla fok [&hellip;]<\/p>\n","protected":false},"author":71,"featured_media":2435,"comment_status":"open","ping_status":"open","sticky":false,"template":"","format":"standard","meta":{"footnotes":""},"categories":[10],"tags":[259,263,269],"global-categories":[],"class_list":["post-2431","post","type-post","status-publish","format-standard","has-post-thumbnail","hentry","category-biztonsag","tag-biztonsag","tag-tel","tag-teli-kerekparozas"],"yoast_head":"<!-- This site is optimized with the Yoast SEO Premium plugin v25.3 (Yoast SEO v25.9) - https:\/\/yoast.com\/wordpress\/plugins\/seo\/ -->\n<title>Hogyan k\u00e9sz\u00edtsd fel a biciklit a t\u00e9li ig\u00e9nybev\u00e9telre? - \u0160koda We Love Cycling - Magyarorsz\u00e1g<\/title>\n<meta name=\"robots\" content=\"index, follow, max-snippet:-1, max-image-preview:large, max-video-preview:-1\" \/>\n<link rel=\"canonical\" href=\"https:\/\/www.welovecycling.com\/hu\/biztonsag\/hogyan-keszitsd-fel-a-biciklit-a-teli-igenybevetelre\/\" \/>\n<meta property=\"og:locale\" content=\"hu_HU\" \/>\n<meta property=\"og:type\" content=\"article\" \/>\n<meta property=\"og:title\" content=\"Hogyan k\u00e9sz\u00edtsd fel a biciklit a t\u00e9li ig\u00e9nybev\u00e9telre?\" \/>\n<meta property=\"og:description\" content=\"T\u00e9len biciklizni nagyon felemel\u0151 \u00e9lm\u00e9ny tud lenni, \u00e9s ha beleszeretsz, egyszer \u00e9s mindenkorra megr\u00f6gz\u00f6tt t\u00e9li ker\u00e9kp\u00e1ross\u00e1 v\u00e1lhatsz. Ha nulla fok [&hellip;]\" \/>\n<meta property=\"og:url\" content=\"https:\/\/www.welovecycling.com\/hu\/biztonsag\/hogyan-keszitsd-fel-a-biciklit-a-teli-igenybevetelre\/\" \/>\n<meta property=\"og:site_name\" content=\"\u0160koda We Love Cycling - Magyarorsz\u00e1g\" \/>\n<meta property=\"article:publisher\" content=\"https:\/\/www.facebook.com\/WeLoveCyclingHungary\/\" \/>\n<meta property=\"article:published_time\" content=\"2018-12-15T14:00:20+00:00\" \/>\n<meta property=\"article:modified_time\" content=\"2018-12-15T14:07:49+00:00\" \/>\n<meta property=\"og:image\" content=\"https:\/\/d2p6e6u75xmxt8.cloudfront.net\/12\/2018\/12\/4224444_44244-1024x447.jpg\" \/>\n\t<meta property=\"og:image:width\" content=\"1024\" \/>\n\t<meta property=\"og:image:height\" content=\"447\" \/>\n\t<meta property=\"og:image:type\" content=\"image\/jpeg\" \/>\n<meta name=\"author\" content=\"hegyizs\" \/>\n<meta name=\"twitter:card\" content=\"summary_large_image\" \/>\n<meta name=\"twitter:label1\" content=\"Written by\" \/>\n\t<meta name=\"twitter:data1\" content=\"hegyizs\" \/>\n\t<meta name=\"twitter:label2\" content=\"Est. reading time\" \/>\n\t<meta name=\"twitter:data2\" content=\"4 minutes\" \/>\n<script type=\"application\/ld+json\" class=\"yoast-schema-graph\">{\"@context\":\"https:\/\/schema.org\",\"@graph\":[{\"@type\":\"WebPage\",\"@id\":\"https:\/\/www.welovecycling.com\/hu\/biztonsag\/hogyan-keszitsd-fel-a-biciklit-a-teli-igenybevetelre\/\",\"url\":\"https:\/\/www.welovecycling.com\/hu\/biztonsag\/hogyan-keszitsd-fel-a-biciklit-a-teli-igenybevetelre\/\",\"name\":\"Hogyan k\u00e9sz\u00edtsd fel a biciklit a t\u00e9li ig\u00e9nybev\u00e9telre? - \u0160koda We Love Cycling - Magyarorsz\u00e1g\",\"isPartOf\":{\"@id\":\"https:\/\/www.welovecycling.com\/hu\/#website\"},\"primaryImageOfPage\":{\"@id\":\"https:\/\/www.welovecycling.com\/hu\/biztonsag\/hogyan-keszitsd-fel-a-biciklit-a-teli-igenybevetelre\/#primaryimage\"},\"image\":{\"@id\":\"https:\/\/www.welovecycling.com\/hu\/biztonsag\/hogyan-keszitsd-fel-a-biciklit-a-teli-igenybevetelre\/#primaryimage\"},\"thumbnailUrl\":\"https:\/\/d2p6e6u75xmxt8.cloudfront.net\/12\/2018\/12\/4224444_44244-1024x447.jpg\",\"datePublished\":\"2018-12-15T14:00:20+00:00\",\"dateModified\":\"2018-12-15T14:07:49+00:00\",\"author\":{\"@id\":\"https:\/\/www.welovecycling.com\/hu\/#\/schema\/person\/414a2aebf1801691a5320edb6468e194\"},\"breadcrumb\":{\"@id\":\"https:\/\/www.welovecycling.com\/hu\/biztonsag\/hogyan-keszitsd-fel-a-biciklit-a-teli-igenybevetelre\/#breadcrumb\"},\"inLanguage\":\"hu\",\"potentialAction\":[{\"@type\":\"ReadAction\",\"target\":[\"https:\/\/www.welovecycling.com\/hu\/biztonsag\/hogyan-keszitsd-fel-a-biciklit-a-teli-igenybevetelre\/\"]}]},{\"@type\":\"ImageObject\",\"inLanguage\":\"hu\",\"@id\":\"https:\/\/www.welovecycling.com\/hu\/biztonsag\/hogyan-keszitsd-fel-a-biciklit-a-teli-igenybevetelre\/#primaryimage\",\"url\":\"https:\/\/d2p6e6u75xmxt8.cloudfront.net\/12\/2018\/12\/4224444_44244-1024x447.jpg\",\"contentUrl\":\"https:\/\/d2p6e6u75xmxt8.cloudfront.net\/12\/2018\/12\/4224444_44244-1024x447.jpg\",\"width\":1024,\"height\":447},{\"@type\":\"BreadcrumbList\",\"@id\":\"https:\/\/www.welovecycling.com\/hu\/biztonsag\/hogyan-keszitsd-fel-a-biciklit-a-teli-igenybevetelre\/#breadcrumb\",\"itemListElement\":[{\"@type\":\"ListItem\",\"position\":1,\"name\":\"Home\",\"item\":\"https:\/\/www.welovecycling.com\/hu\/\"},{\"@type\":\"ListItem\",\"position\":2,\"name\":\"Hogyan k\u00e9sz\u00edtsd fel a biciklit a t\u00e9li ig\u00e9nybev\u00e9telre?\"}]},{\"@type\":\"WebSite\",\"@id\":\"https:\/\/www.welovecycling.com\/hu\/#website\",\"url\":\"https:\/\/www.welovecycling.com\/hu\/\",\"name\":\"\u0160koda We Love Cycling - Magyarorsz\u00e1g\",\"description\":\"\u0160koda WeLoveCycling\",\"potentialAction\":[{\"@type\":\"SearchAction\",\"target\":{\"@type\":\"EntryPoint\",\"urlTemplate\":\"https:\/\/www.welovecycling.com\/hu\/?s={search_term_string}\"},\"query-input\":{\"@type\":\"PropertyValueSpecification\",\"valueRequired\":true,\"valueName\":\"search_term_string\"}}],\"inLanguage\":\"hu\"},{\"@type\":\"Person\",\"@id\":\"https:\/\/www.welovecycling.com\/hu\/#\/schema\/person\/414a2aebf1801691a5320edb6468e194\",\"name\":\"hegyizs\",\"image\":{\"@type\":\"ImageObject\",\"inLanguage\":\"hu\",\"@id\":\"https:\/\/www.welovecycling.com\/hu\/#\/schema\/person\/image\/\",\"url\":\"https:\/\/secure.gravatar.com\/avatar\/02cf8a7906b8cf90cecb4679defac7cfd33a1c2e3b88e4903d947f3bb58eedd3?s=96&d=mm&r=g\",\"contentUrl\":\"https:\/\/secure.gravatar.com\/avatar\/02cf8a7906b8cf90cecb4679defac7cfd33a1c2e3b88e4903d947f3bb58eedd3?s=96&d=mm&r=g\",\"caption\":\"hegyizs\"},\"url\":\"https:\/\/www.welovecycling.com\/hu\/author\/hegyizs\/\"}]}<\/script>\n<!-- \/ Yoast SEO Premium plugin. -->","yoast_head_json":{"title":"Hogyan k\u00e9sz\u00edtsd fel a biciklit a t\u00e9li ig\u00e9nybev\u00e9telre? - \u0160koda We Love Cycling - Magyarorsz\u00e1g","robots":{"index":"index","follow":"follow","max-snippet":"max-snippet:-1","max-image-preview":"max-image-preview:large","max-video-preview":"max-video-preview:-1"},"canonical":"https:\/\/www.welovecycling.com\/hu\/biztonsag\/hogyan-keszitsd-fel-a-biciklit-a-teli-igenybevetelre\/","og_locale":"hu_HU","og_type":"article","og_title":"Hogyan k\u00e9sz\u00edtsd fel a biciklit a t\u00e9li ig\u00e9nybev\u00e9telre?","og_description":"T\u00e9len biciklizni nagyon felemel\u0151 \u00e9lm\u00e9ny tud lenni, \u00e9s ha beleszeretsz, egyszer \u00e9s mindenkorra megr\u00f6gz\u00f6tt t\u00e9li ker\u00e9kp\u00e1ross\u00e1 v\u00e1lhatsz. Ha nulla fok [&hellip;]","og_url":"https:\/\/www.welovecycling.com\/hu\/biztonsag\/hogyan-keszitsd-fel-a-biciklit-a-teli-igenybevetelre\/","og_site_name":"\u0160koda We Love Cycling - Magyarorsz\u00e1g","article_publisher":"https:\/\/www.facebook.com\/WeLoveCyclingHungary\/","article_published_time":"2018-12-15T14:00:20+00:00","article_modified_time":"2018-12-15T14:07:49+00:00","og_image":[{"width":1024,"height":447,"url":"https:\/\/d2p6e6u75xmxt8.cloudfront.net\/12\/2018\/12\/4224444_44244-1024x447.jpg","type":"image\/jpeg"}],"author":"hegyizs","twitter_card":"summary_large_image","twitter_misc":{"Written by":"hegyizs","Est. reading time":"4 minutes"},"schema":{"@context":"https:\/\/schema.org","@graph":[{"@type":"WebPage","@id":"https:\/\/www.welovecycling.com\/hu\/biztonsag\/hogyan-keszitsd-fel-a-biciklit-a-teli-igenybevetelre\/","url":"https:\/\/www.welovecycling.com\/hu\/biztonsag\/hogyan-keszitsd-fel-a-biciklit-a-teli-igenybevetelre\/","name":"Hogyan k\u00e9sz\u00edtsd fel a biciklit a t\u00e9li ig\u00e9nybev\u00e9telre? - \u0160koda We Love Cycling - Magyarorsz\u00e1g","isPartOf":{"@id":"https:\/\/www.welovecycling.com\/hu\/#website"},"primaryImageOfPage":{"@id":"https:\/\/www.welovecycling.com\/hu\/biztonsag\/hogyan-keszitsd-fel-a-biciklit-a-teli-igenybevetelre\/#primaryimage"},"image":{"@id":"https:\/\/www.welovecycling.com\/hu\/biztonsag\/hogyan-keszitsd-fel-a-biciklit-a-teli-igenybevetelre\/#primaryimage"},"thumbnailUrl":"https:\/\/d2p6e6u75xmxt8.cloudfront.net\/12\/2018\/12\/4224444_44244-1024x447.jpg","datePublished":"2018-12-15T14:00:20+00:00","dateModified":"2018-12-15T14:07:49+00:00","author":{"@id":"https:\/\/www.welovecycling.com\/hu\/#\/schema\/person\/414a2aebf1801691a5320edb6468e194"},"breadcrumb":{"@id":"https:\/\/www.welovecycling.com\/hu\/biztonsag\/hogyan-keszitsd-fel-a-biciklit-a-teli-igenybevetelre\/#breadcrumb"},"inLanguage":"hu","potentialAction":[{"@type":"ReadAction","target":["https:\/\/www.welovecycling.com\/hu\/biztonsag\/hogyan-keszitsd-fel-a-biciklit-a-teli-igenybevetelre\/"]}]},{"@type":"ImageObject","inLanguage":"hu","@id":"https:\/\/www.welovecycling.com\/hu\/biztonsag\/hogyan-keszitsd-fel-a-biciklit-a-teli-igenybevetelre\/#primaryimage","url":"https:\/\/d2p6e6u75xmxt8.cloudfront.net\/12\/2018\/12\/4224444_44244-1024x447.jpg","contentUrl":"https:\/\/d2p6e6u75xmxt8.cloudfront.net\/12\/2018\/12\/4224444_44244-1024x447.jpg","width":1024,"height":447},{"@type":"BreadcrumbList","@id":"https:\/\/www.welovecycling.com\/hu\/biztonsag\/hogyan-keszitsd-fel-a-biciklit-a-teli-igenybevetelre\/#breadcrumb","itemListElement":[{"@type":"ListItem","position":1,"name":"Home","item":"https:\/\/www.welovecycling.com\/hu\/"},{"@type":"ListItem","position":2,"name":"Hogyan k\u00e9sz\u00edtsd fel a biciklit a t\u00e9li ig\u00e9nybev\u00e9telre?"}]},{"@type":"WebSite","@id":"https:\/\/www.welovecycling.com\/hu\/#website","url":"https:\/\/www.welovecycling.com\/hu\/","name":"\u0160koda We Love Cycling - Magyarorsz\u00e1g","description":"\u0160koda WeLoveCycling","potentialAction":[{"@type":"SearchAction","target":{"@type":"EntryPoint","urlTemplate":"https:\/\/www.welovecycling.com\/hu\/?s={search_term_string}"},"query-input":{"@type":"PropertyValueSpecification","valueRequired":true,"valueName":"search_term_string"}}],"inLanguage":"hu"},{"@type":"Person","@id":"https:\/\/www.welovecycling.com\/hu\/#\/schema\/person\/414a2aebf1801691a5320edb6468e194","name":"hegyizs","image":{"@type":"ImageObject","inLanguage":"hu","@id":"https:\/\/www.welovecycling.com\/hu\/#\/schema\/person\/image\/","url":"https:\/\/secure.gravatar.com\/avatar\/02cf8a7906b8cf90cecb4679defac7cfd33a1c2e3b88e4903d947f3bb58eedd3?s=96&d=mm&r=g","contentUrl":"https:\/\/secure.gravatar.com\/avatar\/02cf8a7906b8cf90cecb4679defac7cfd33a1c2e3b88e4903d947f3bb58eedd3?s=96&d=mm&r=g","caption":"hegyizs"},"url":"https:\/\/www.welovecycling.com\/hu\/author\/hegyizs\/"}]}},"_links":{"self":[{"href":"https:\/\/www.welovecycling.com\/hu\/wp-json\/wp\/v2\/posts\/2431","targetHints":{"allow":["GET"]}}],"collection":[{"href":"https:\/\/www.welovecycling.com\/hu\/wp-json\/wp\/v2\/posts"}],"about":[{"href":"https:\/\/www.welovecycling.com\/hu\/wp-json\/wp\/v2\/types\/post"}],"author":[{"embeddable":true,"href":"https:\/\/www.welovecycling.com\/hu\/wp-json\/wp\/v2\/users\/71"}],"replies":[{"embeddable":true,"href":"https:\/\/www.welovecycling.com\/hu\/wp-json\/wp\/v2\/comments?post=2431"}],"version-history":[{"count":2,"href":"https:\/\/www.welovecycling.com\/hu\/wp-json\/wp\/v2\/posts\/2431\/revisions"}],"predecessor-version":[{"id":2434,"href":"https:\/\/www.welovecycling.com\/hu\/wp-json\/wp\/v2\/posts\/2431\/revisions\/2434"}],"wp:featuredmedia":[{"embeddable":true,"href":"https:\/\/www.welovecycling.com\/hu\/wp-json\/wp\/v2\/media\/2435"}],"wp:attachment":[{"href":"https:\/\/www.welovecycling.com\/hu\/wp-json\/wp\/v2\/media?parent=2431"}],"wp:term":[{"taxonomy":"category","embeddable":true,"href":"https:\/\/www.welovecycling.com\/hu\/wp-json\/wp\/v2\/categories?post=2431"},{"taxonomy":"post_tag","embeddable":true,"href":"https:\/\/www.welovecycling.com\/hu\/wp-json\/wp\/v2\/tags?post=2431"},{"taxonomy":"global-categories","embeddable":true,"href":"https:\/\/www.welovecycling.com\/hu\/wp-json\/wp\/v2\/global-categories?post=2431"}],"curies":[{"name":"wp","href":"https:\/\/api.w.org\/{rel}","templated":true}]}}