{"id":2422,"date":"2018-12-08T14:00:22","date_gmt":"2018-12-08T14:00:22","guid":{"rendered":"https:\/\/www.welovecycling.com\/hu\/?p=2422"},"modified":"2018-12-04T16:35:00","modified_gmt":"2018-12-04T16:35:00","slug":"igy-teleltesd-a-biciklid","status":"publish","type":"post","link":"https:\/\/www.welovecycling.com\/hu\/biztonsag\/igy-teleltesd-a-biciklid\/","title":{"rendered":"\u00cdgy teleltesd a biciklid"},"content":{"rendered":"<p><strong>Ha \u00fagy d\u00f6nt\u00f6tt\u00e9l, hogy lesz egy k\u00fcl\u00f6n t\u00e9li biciklid, akkor \u00e9rdemes azon is elkezdeni gondolkodni, hogyan fogod t\u00e1rolni a ny\u00e1ri ker\u00e9kp\u00e1rod a k\u00f6vetkez\u0151 p\u00e1r h\u00f3nap sor\u00e1n.\u00a0 Egyszer\u0171 lenne gyorsan b\u00facs\u00fat mondani a g\u00e9pnek, \u00e9s betolni a gar\u00e1zsba, de hidd el, tavasszal h\u00e1l\u00e1s leszel magadnak, hogy bev\u00e1llaltad ezt az extra munk\u00e1t:<\/strong><\/p>\n<h2>Mosd le a biciklit!<\/h2>\n<p>Miel\u0151tt az id\u0151j\u00e1r\u00e1s t\u00fal hidegre fordul, \u00e9rdemes alaposan letakar\u00edtani a biciklit. \u00a0Most \u00e9rdemes cselekedni, miel\u0151tt a ny\u00e1rra hiteles\u00edtett ken\u0151anyag megdermed, vagy a t\u00e9li latyakot \u00e9s koszt is megszenvedi a l\u00e1nc &#8211; k\u00fcl\u00f6n\u00f6sen akkor, ha orsz\u00e1g\u00fati bring\u00e1val j\u00e1rsz.<\/p>\n<div class=\"embed-controller-wrapper\">\n<div class=\"embed-wrapper\"><iframe title=\"How to Wash a Bike\" width=\"500\" height=\"281\" data-src=\"https:\/\/www.youtube.com\/embed\/B2sKhSDrugE?feature=oembed\" frameborder=\"0\" allow=\"accelerometer; autoplay; clipboard-write; encrypted-media; gyroscope; picture-in-picture; web-share\" referrerpolicy=\"strict-origin-when-cross-origin\" allowfullscreen><\/iframe><\/div>\n<\/div>\n<p>Vedd le a biciklir\u0151l a l\u00e1ncot \u00e9s tedd f\u00e9lre, err\u0151l k\u00e9s\u0151bb k\u00fcl\u00f6n gondoskodunk.\u00a0 ,Ez ut\u00e1n alaposan mosd le a ker\u00e9kp\u00e1rt<\/p>\n<h2>Tiszt\u00edtsd meg a l\u00e1ncot!<\/h2>\n<p>Itt az ideje, hogy a l\u00e1ncot is kezel\u00e9sbe vegy\u00fck: szabad\u00edtsd meg a r\u00e1tapadt mocsokt\u00f3l \u00e9s lerak\u00f3d\u00e1sokt\u00f3l Nemcsak a l\u00e1nc \u00e9rt\u00e9keli majd ezt, de az \u00f6sszes t\u00f6bbi vele \u00e9rintkez\u0151 alkatr\u00e9sz is. A fogaskoszor\u00fa (a l\u00e1nckazetta) k\u00fcl\u00f6n\u00f6sen h\u00e1l\u00e1s lesz.\u00a0 Ezen a vide\u00f3n megn\u00e9zheted a kedvenc zs\u00edrtalan\u00edt\u00e1si m\u00f3dszer\u00fcnket.<\/p>\n<div class=\"embed-controller-wrapper\">\n<div class=\"embed-wrapper\"><iframe title=\"How to effectively clean a REMOVABLE bicycle chain - the quick and easy way.\" width=\"500\" height=\"375\" data-src=\"https:\/\/www.youtube.com\/embed\/8JxtMu2W_u0?feature=oembed\" frameborder=\"0\" allow=\"accelerometer; autoplay; clipboard-write; encrypted-media; gyroscope; picture-in-picture; web-share\" referrerpolicy=\"strict-origin-when-cross-origin\" allowfullscreen><\/iframe><\/div>\n<\/div>\n<p>Aj\u00e1nljuk, hogy h\u00e1rom l\u00e1ncot rot\u00e1lj folyamatosan: legyen egy a biciklin, egy zs\u00edrtalan\u00edt\u00e1s alatt, \u00e9s egy harmadik sz\u00e1radjon a m\u0171helyben.\u00a0 \u00cdgy mindegyik l\u00e1nc \u00e9lettartama h\u00e1romszor olyan hossz\u00fa lesz, \u00e9s a l\u00e1nckazetta is kisebb kop\u00e1snak lesz kit\u00e9ve.<\/p>\n<h2>A gumi \u00e9s a bels\u0151 gondoz\u00e1sa<\/h2>\n<p>A gumik sz\u00e1m\u00e1ra az az ide\u00e1lis eset, ha v\u00e1zn\u00e1l fogva felakasztva t\u00e1rolod a biciklidet, ha tart\u00f3san nem haszn\u00e1lod.\u00a0\u00a0 Ha erre nincs m\u00f3d, akkor f\u00fajd fel a gumikat teljes nyom\u00e1sra, \u00e9s egy gyors nyomkod\u00e1ssal ellen\u0151rizd minden h\u00e9ten, nem eresztettek-e le nagyon.<\/p>\n<p>Ha annyira leeresztettek, hogy az abroncs k\u00f6zel van ahhoz, hogy a padl\u00f3hoz hozz\u00e1nyomja a gumit \u00e9s a bels\u0151t, akkor pump\u00e1lj bele leveg\u0151t ism\u00e9t, felf\u00fajva \u0151ket teljes nyom\u00e1sra.\u00a0 B\u00e1r ritk\u00e1n fordul el\u0151, hogy ez megt\u00f6rn\u00e9 a gumi fel\u00fclet\u00e9t, de m\u00e9g egy k\u00f6nny\u0171 karbonv\u00e1zas bicikli is elgyeng\u00edtheti az \u00e9rintkez\u00e9si ponton a gumi anyag\u00e1t, ha k\u00f6zvetlen\u00fcl r\u00e1nehezedik a leeresztett t\u00f6ml\u0151re.\u00a0 Mi\u00e9rt kock\u00e1ztatn\u00e1l?<\/p>\n<h2>Fedd be!<\/h2>\n<p>Ha ennyi munk\u00e1val sz\u00e9pen el\u0151k\u00e9sz\u00edtetted a ker\u00e9kp\u00e1rod a t\u00e9li t\u00e1rol\u00e1sra, \u00e9rdemes be is fedni, hogy ne \u00e1lljon meg rajta a por, \u00e9s v\u00e9dd a napsugarakt\u00f3l. Az eg\u00e9sz biciklit befed\u0151 ponyv\u00e1k is kiv\u00e1l\u00f3ak, de arra \u00fcgyelj, hogy olyat v\u00e1lassz, amelyen kereszt\u00fcl k\u00f6nnyen hozz\u00e1f\u00e9rhetsz a pump\u00e1val a gumikhoz, ha f\u00fajni kell bel\u00e9j\u00fck egy kis leveg\u0151t.<\/p>\n<div class=\"embed-controller-wrapper\">\n<div class=\"embed-wrapper\"><iframe title=\"Top 10 Bike Covers [2018]: Bike Cover for 2 Bikes, Beeway\u00ae 190T Nylon Waterproof Bicycle Cover\" width=\"500\" height=\"281\" data-src=\"https:\/\/www.youtube.com\/embed\/-Ff9GciIKRc?feature=oembed\" frameborder=\"0\" allow=\"accelerometer; autoplay; clipboard-write; encrypted-media; gyroscope; picture-in-picture; web-share\" referrerpolicy=\"strict-origin-when-cross-origin\" allowfullscreen><\/iframe><\/div>\n<\/div>\n<p>Vedd figyelembe azt is, hogy milyen k\u00f6rnyezetben fogod t\u00e1rolni a biciklit. Ha sok a m\u0171helyben p\u00e9ld\u00e1ul a famegmunk\u00e1l\u00e1ssal j\u00e1r\u00f3 por, akkor a fenti biciklire szabott zs\u00e1kok j\u00f3 megold\u00e1st k\u00edn\u00e1lhatnak.\u00a0 Ha a biciklit csak j\u00e1rm\u0171veknek kialak\u00edtott helyis\u00e9gben, p\u00e9ld\u00e1ul egy gar\u00e1zsban tartod, akkor egy sima porv\u00e9d\u0151 huzat is b\u0151ven megteszi.<\/p>\n","protected":false},"excerpt":{"rendered":"<p>Ha \u00fagy d\u00f6nt\u00f6tt\u00e9l, hogy lesz egy k\u00fcl\u00f6n t\u00e9li biciklid, akkor \u00e9rdemes azon is elkezdeni gondolkodni, hogyan fogod t\u00e1rolni a ny\u00e1ri [&hellip;]<\/p>\n","protected":false},"author":71,"featured_media":2426,"comment_status":"open","ping_status":"open","sticky":false,"template":"","format":"standard","meta":{"footnotes":""},"categories":[10],"tags":[263,264,265],"global-categories":[],"class_list":["post-2422","post","type-post","status-publish","format-standard","has-post-thumbnail","hentry","category-biztonsag","tag-tel","tag-teleltetes","tag-telen-kerekparozas"],"yoast_head":"<!-- This site is optimized with the Yoast SEO Premium plugin v25.3 (Yoast SEO v25.9) - https:\/\/yoast.com\/wordpress\/plugins\/seo\/ -->\n<title>\u00cdgy teleltesd a biciklid - \u0160koda We Love Cycling - Magyarorsz\u00e1g<\/title>\n<meta name=\"robots\" content=\"index, follow, max-snippet:-1, max-image-preview:large, max-video-preview:-1\" \/>\n<link rel=\"canonical\" href=\"https:\/\/www.welovecycling.com\/hu\/biztonsag\/igy-teleltesd-a-biciklid\/\" \/>\n<meta property=\"og:locale\" content=\"hu_HU\" \/>\n<meta property=\"og:type\" content=\"article\" \/>\n<meta property=\"og:title\" content=\"\u00cdgy teleltesd a biciklid\" \/>\n<meta property=\"og:description\" content=\"Ha \u00fagy d\u00f6nt\u00f6tt\u00e9l, hogy lesz egy k\u00fcl\u00f6n t\u00e9li biciklid, akkor \u00e9rdemes azon is elkezdeni gondolkodni, hogyan fogod t\u00e1rolni a ny\u00e1ri [&hellip;]\" \/>\n<meta property=\"og:url\" content=\"https:\/\/www.welovecycling.com\/hu\/biztonsag\/igy-teleltesd-a-biciklid\/\" \/>\n<meta property=\"og:site_name\" content=\"\u0160koda We Love Cycling - Magyarorsz\u00e1g\" \/>\n<meta property=\"article:publisher\" content=\"https:\/\/www.facebook.com\/WeLoveCyclingHungary\/\" \/>\n<meta property=\"article:published_time\" content=\"2018-12-08T14:00:22+00:00\" \/>\n<meta property=\"og:image\" content=\"https:\/\/d2p6e6u75xmxt8.cloudfront.net\/12\/2018\/12\/Frozen-Bicycle-Winter-profimedia-0395647250-1024x450.jpg\" \/>\n\t<meta property=\"og:image:width\" content=\"1024\" \/>\n\t<meta property=\"og:image:height\" content=\"450\" \/>\n\t<meta property=\"og:image:type\" content=\"image\/jpeg\" \/>\n<meta name=\"author\" content=\"hegyizs\" \/>\n<meta name=\"twitter:card\" content=\"summary_large_image\" \/>\n<meta name=\"twitter:label1\" content=\"Written by\" \/>\n\t<meta name=\"twitter:data1\" content=\"hegyizs\" \/>\n\t<meta name=\"twitter:label2\" content=\"Est. reading time\" \/>\n\t<meta name=\"twitter:data2\" content=\"3 minutes\" \/>\n<script type=\"application\/ld+json\" class=\"yoast-schema-graph\">{\"@context\":\"https:\/\/schema.org\",\"@graph\":[{\"@type\":\"WebPage\",\"@id\":\"https:\/\/www.welovecycling.com\/hu\/biztonsag\/igy-teleltesd-a-biciklid\/\",\"url\":\"https:\/\/www.welovecycling.com\/hu\/biztonsag\/igy-teleltesd-a-biciklid\/\",\"name\":\"\u00cdgy teleltesd a biciklid - \u0160koda We Love Cycling - Magyarorsz\u00e1g\",\"isPartOf\":{\"@id\":\"https:\/\/www.welovecycling.com\/hu\/#website\"},\"primaryImageOfPage\":{\"@id\":\"https:\/\/www.welovecycling.com\/hu\/biztonsag\/igy-teleltesd-a-biciklid\/#primaryimage\"},\"image\":{\"@id\":\"https:\/\/www.welovecycling.com\/hu\/biztonsag\/igy-teleltesd-a-biciklid\/#primaryimage\"},\"thumbnailUrl\":\"https:\/\/d2p6e6u75xmxt8.cloudfront.net\/12\/2018\/12\/Frozen-Bicycle-Winter-profimedia-0395647250-1024x450.jpg\",\"datePublished\":\"2018-12-08T14:00:22+00:00\",\"author\":{\"@id\":\"https:\/\/www.welovecycling.com\/hu\/#\/schema\/person\/414a2aebf1801691a5320edb6468e194\"},\"breadcrumb\":{\"@id\":\"https:\/\/www.welovecycling.com\/hu\/biztonsag\/igy-teleltesd-a-biciklid\/#breadcrumb\"},\"inLanguage\":\"hu\",\"potentialAction\":[{\"@type\":\"ReadAction\",\"target\":[\"https:\/\/www.welovecycling.com\/hu\/biztonsag\/igy-teleltesd-a-biciklid\/\"]}]},{\"@type\":\"ImageObject\",\"inLanguage\":\"hu\",\"@id\":\"https:\/\/www.welovecycling.com\/hu\/biztonsag\/igy-teleltesd-a-biciklid\/#primaryimage\",\"url\":\"https:\/\/d2p6e6u75xmxt8.cloudfront.net\/12\/2018\/12\/Frozen-Bicycle-Winter-profimedia-0395647250-1024x450.jpg\",\"contentUrl\":\"https:\/\/d2p6e6u75xmxt8.cloudfront.net\/12\/2018\/12\/Frozen-Bicycle-Winter-profimedia-0395647250-1024x450.jpg\",\"width\":1024,\"height\":450},{\"@type\":\"BreadcrumbList\",\"@id\":\"https:\/\/www.welovecycling.com\/hu\/biztonsag\/igy-teleltesd-a-biciklid\/#breadcrumb\",\"itemListElement\":[{\"@type\":\"ListItem\",\"position\":1,\"name\":\"Home\",\"item\":\"https:\/\/www.welovecycling.com\/hu\/\"},{\"@type\":\"ListItem\",\"position\":2,\"name\":\"\u00cdgy teleltesd a biciklid\"}]},{\"@type\":\"WebSite\",\"@id\":\"https:\/\/www.welovecycling.com\/hu\/#website\",\"url\":\"https:\/\/www.welovecycling.com\/hu\/\",\"name\":\"\u0160koda We Love Cycling - Magyarorsz\u00e1g\",\"description\":\"\u0160koda WeLoveCycling\",\"potentialAction\":[{\"@type\":\"SearchAction\",\"target\":{\"@type\":\"EntryPoint\",\"urlTemplate\":\"https:\/\/www.welovecycling.com\/hu\/?s={search_term_string}\"},\"query-input\":{\"@type\":\"PropertyValueSpecification\",\"valueRequired\":true,\"valueName\":\"search_term_string\"}}],\"inLanguage\":\"hu\"},{\"@type\":\"Person\",\"@id\":\"https:\/\/www.welovecycling.com\/hu\/#\/schema\/person\/414a2aebf1801691a5320edb6468e194\",\"name\":\"hegyizs\",\"image\":{\"@type\":\"ImageObject\",\"inLanguage\":\"hu\",\"@id\":\"https:\/\/www.welovecycling.com\/hu\/#\/schema\/person\/image\/\",\"url\":\"https:\/\/secure.gravatar.com\/avatar\/02cf8a7906b8cf90cecb4679defac7cfd33a1c2e3b88e4903d947f3bb58eedd3?s=96&d=mm&r=g\",\"contentUrl\":\"https:\/\/secure.gravatar.com\/avatar\/02cf8a7906b8cf90cecb4679defac7cfd33a1c2e3b88e4903d947f3bb58eedd3?s=96&d=mm&r=g\",\"caption\":\"hegyizs\"},\"url\":\"https:\/\/www.welovecycling.com\/hu\/author\/hegyizs\/\"}]}<\/script>\n<!-- \/ Yoast SEO Premium plugin. -->","yoast_head_json":{"title":"\u00cdgy teleltesd a biciklid - \u0160koda We Love Cycling - Magyarorsz\u00e1g","robots":{"index":"index","follow":"follow","max-snippet":"max-snippet:-1","max-image-preview":"max-image-preview:large","max-video-preview":"max-video-preview:-1"},"canonical":"https:\/\/www.welovecycling.com\/hu\/biztonsag\/igy-teleltesd-a-biciklid\/","og_locale":"hu_HU","og_type":"article","og_title":"\u00cdgy teleltesd a biciklid","og_description":"Ha \u00fagy d\u00f6nt\u00f6tt\u00e9l, hogy lesz egy k\u00fcl\u00f6n t\u00e9li biciklid, akkor \u00e9rdemes azon is elkezdeni gondolkodni, hogyan fogod t\u00e1rolni a ny\u00e1ri [&hellip;]","og_url":"https:\/\/www.welovecycling.com\/hu\/biztonsag\/igy-teleltesd-a-biciklid\/","og_site_name":"\u0160koda We Love Cycling - Magyarorsz\u00e1g","article_publisher":"https:\/\/www.facebook.com\/WeLoveCyclingHungary\/","article_published_time":"2018-12-08T14:00:22+00:00","og_image":[{"width":1024,"height":450,"url":"https:\/\/d2p6e6u75xmxt8.cloudfront.net\/12\/2018\/12\/Frozen-Bicycle-Winter-profimedia-0395647250-1024x450.jpg","type":"image\/jpeg"}],"author":"hegyizs","twitter_card":"summary_large_image","twitter_misc":{"Written by":"hegyizs","Est. reading time":"3 minutes"},"schema":{"@context":"https:\/\/schema.org","@graph":[{"@type":"WebPage","@id":"https:\/\/www.welovecycling.com\/hu\/biztonsag\/igy-teleltesd-a-biciklid\/","url":"https:\/\/www.welovecycling.com\/hu\/biztonsag\/igy-teleltesd-a-biciklid\/","name":"\u00cdgy teleltesd a biciklid - \u0160koda We Love Cycling - Magyarorsz\u00e1g","isPartOf":{"@id":"https:\/\/www.welovecycling.com\/hu\/#website"},"primaryImageOfPage":{"@id":"https:\/\/www.welovecycling.com\/hu\/biztonsag\/igy-teleltesd-a-biciklid\/#primaryimage"},"image":{"@id":"https:\/\/www.welovecycling.com\/hu\/biztonsag\/igy-teleltesd-a-biciklid\/#primaryimage"},"thumbnailUrl":"https:\/\/d2p6e6u75xmxt8.cloudfront.net\/12\/2018\/12\/Frozen-Bicycle-Winter-profimedia-0395647250-1024x450.jpg","datePublished":"2018-12-08T14:00:22+00:00","author":{"@id":"https:\/\/www.welovecycling.com\/hu\/#\/schema\/person\/414a2aebf1801691a5320edb6468e194"},"breadcrumb":{"@id":"https:\/\/www.welovecycling.com\/hu\/biztonsag\/igy-teleltesd-a-biciklid\/#breadcrumb"},"inLanguage":"hu","potentialAction":[{"@type":"ReadAction","target":["https:\/\/www.welovecycling.com\/hu\/biztonsag\/igy-teleltesd-a-biciklid\/"]}]},{"@type":"ImageObject","inLanguage":"hu","@id":"https:\/\/www.welovecycling.com\/hu\/biztonsag\/igy-teleltesd-a-biciklid\/#primaryimage","url":"https:\/\/d2p6e6u75xmxt8.cloudfront.net\/12\/2018\/12\/Frozen-Bicycle-Winter-profimedia-0395647250-1024x450.jpg","contentUrl":"https:\/\/d2p6e6u75xmxt8.cloudfront.net\/12\/2018\/12\/Frozen-Bicycle-Winter-profimedia-0395647250-1024x450.jpg","width":1024,"height":450},{"@type":"BreadcrumbList","@id":"https:\/\/www.welovecycling.com\/hu\/biztonsag\/igy-teleltesd-a-biciklid\/#breadcrumb","itemListElement":[{"@type":"ListItem","position":1,"name":"Home","item":"https:\/\/www.welovecycling.com\/hu\/"},{"@type":"ListItem","position":2,"name":"\u00cdgy teleltesd a biciklid"}]},{"@type":"WebSite","@id":"https:\/\/www.welovecycling.com\/hu\/#website","url":"https:\/\/www.welovecycling.com\/hu\/","name":"\u0160koda We Love Cycling - Magyarorsz\u00e1g","description":"\u0160koda WeLoveCycling","potentialAction":[{"@type":"SearchAction","target":{"@type":"EntryPoint","urlTemplate":"https:\/\/www.welovecycling.com\/hu\/?s={search_term_string}"},"query-input":{"@type":"PropertyValueSpecification","valueRequired":true,"valueName":"search_term_string"}}],"inLanguage":"hu"},{"@type":"Person","@id":"https:\/\/www.welovecycling.com\/hu\/#\/schema\/person\/414a2aebf1801691a5320edb6468e194","name":"hegyizs","image":{"@type":"ImageObject","inLanguage":"hu","@id":"https:\/\/www.welovecycling.com\/hu\/#\/schema\/person\/image\/","url":"https:\/\/secure.gravatar.com\/avatar\/02cf8a7906b8cf90cecb4679defac7cfd33a1c2e3b88e4903d947f3bb58eedd3?s=96&d=mm&r=g","contentUrl":"https:\/\/secure.gravatar.com\/avatar\/02cf8a7906b8cf90cecb4679defac7cfd33a1c2e3b88e4903d947f3bb58eedd3?s=96&d=mm&r=g","caption":"hegyizs"},"url":"https:\/\/www.welovecycling.com\/hu\/author\/hegyizs\/"}]}},"_links":{"self":[{"href":"https:\/\/www.welovecycling.com\/hu\/wp-json\/wp\/v2\/posts\/2422","targetHints":{"allow":["GET"]}}],"collection":[{"href":"https:\/\/www.welovecycling.com\/hu\/wp-json\/wp\/v2\/posts"}],"about":[{"href":"https:\/\/www.welovecycling.com\/hu\/wp-json\/wp\/v2\/types\/post"}],"author":[{"embeddable":true,"href":"https:\/\/www.welovecycling.com\/hu\/wp-json\/wp\/v2\/users\/71"}],"replies":[{"embeddable":true,"href":"https:\/\/www.welovecycling.com\/hu\/wp-json\/wp\/v2\/comments?post=2422"}],"version-history":[{"count":1,"href":"https:\/\/www.welovecycling.com\/hu\/wp-json\/wp\/v2\/posts\/2422\/revisions"}],"predecessor-version":[{"id":2427,"href":"https:\/\/www.welovecycling.com\/hu\/wp-json\/wp\/v2\/posts\/2422\/revisions\/2427"}],"wp:featuredmedia":[{"embeddable":true,"href":"https:\/\/www.welovecycling.com\/hu\/wp-json\/wp\/v2\/media\/2426"}],"wp:attachment":[{"href":"https:\/\/www.welovecycling.com\/hu\/wp-json\/wp\/v2\/media?parent=2422"}],"wp:term":[{"taxonomy":"category","embeddable":true,"href":"https:\/\/www.welovecycling.com\/hu\/wp-json\/wp\/v2\/categories?post=2422"},{"taxonomy":"post_tag","embeddable":true,"href":"https:\/\/www.welovecycling.com\/hu\/wp-json\/wp\/v2\/tags?post=2422"},{"taxonomy":"global-categories","embeddable":true,"href":"https:\/\/www.welovecycling.com\/hu\/wp-json\/wp\/v2\/global-categories?post=2422"}],"curies":[{"name":"wp","href":"https:\/\/api.w.org\/{rel}","templated":true}]}}