{"id":2412,"date":"2018-12-04T16:02:30","date_gmt":"2018-12-04T16:02:30","guid":{"rendered":"https:\/\/www.welovecycling.com\/hu\/?p=2412"},"modified":"2018-12-04T16:02:30","modified_gmt":"2018-12-04T16:02:30","slug":"a-jotekony-biciklizes-csinald-amit-szeretsz-es-kozben-segits-masokon","status":"publish","type":"post","link":"https:\/\/www.welovecycling.com\/hu\/kozosseg-es-kultura\/a-jotekony-biciklizes-csinald-amit-szeretsz-es-kozben-segits-masokon\/","title":{"rendered":"A j\u00f3t\u00e9kony bicikliz\u00e9s: csin\u00e1ld, amit szeretsz, \u00e9s k\u00f6zben seg\u00edts m\u00e1sokon"},"content":{"rendered":"<p><strong>K\u00e9t ker\u00e9kre pattanva is tehetsz az\u00e9rt, hogy a vil\u00e1g egy kicsit jobb hely legyen! Vil\u00e1gszerte \u00e9vr\u0151l \u00e9vre egyre t\u00f6bb karitat\u00edv ker\u00e9kp\u00e1ros esem\u00e9nyt szerveznek a r\u00e1szorul\u00f3k megseg\u00edt\u00e9s\u00e9re, \u00e9s adom\u00e1nyok gy\u0171jt\u00e9s\u00e9re. B\u00e1r ezek az esem\u00e9nyek \u00e1ltal\u00e1ban egym\u00e1st\u00f3l elszigetelve, az adott orsz\u00e1g saj\u00e1toss\u00e1gaihoz igazodva szervez\u0151dnek, egy kis kutat\u00e1s ut\u00e1n val\u00f3sz\u00edn\u0171leg te is tal\u00e1lsz a k\u00f6zeledben ilyen rendezv\u00e9nyt, ahol p\u00e9ld\u00e1ul a bel\u00e9p\u0151d\u00edj kifizet\u00e9s\u00e9vel m\u00e1ris t\u00e1mogathatod a r\u00e1szorul\u00f3kat. <\/strong><\/p>\n<p><strong>Cikk\u00fcnkben \u00f6t p\u00e9ld\u00e1t olvashatsz nemzeteken \u00e1t\u00edvel\u0151 karitat\u00edv \u00f6sszefog\u00e1sokr\u00f3l.<\/strong><\/p>\n<h2>Tour der Hoffnung<\/h2>\n<p>Fritz Lampert n\u00e9met professzor szervezete 1983-ban alakult a leuk\u00e9mi\u00e1s gyerekek speci\u00e1lis kezel\u00e9s\u00e9nek t\u00e1mogat\u00e1s\u00e1ra.<\/p>\n<p>Eredm\u00e9nyess\u00e9g\u00fcket bizony\u00edtja, hogy 2018-ban t\u00f6bb mint 2 milli\u00f3 eur\u00f3 feletti adom\u00e1nyt siker\u00fclt gy\u0171jteni\u00fck. H\u00edres sportol\u00f3k, politikusok, \u00fczletemberek \u00e9s orvosok mellett \u00e9vr\u0151l \u00e9vre t\u00f6bb ezer \u201e\u00e1tlagember\u201d is r\u00e9szt vesz a 273 kilom\u00e9teres, 4 napos biciklis t\u00far\u00e1n. Az \u00fat sor\u00e1n a r\u00e9sztvev\u0151k h\u00e1rom n\u00e9met sz\u00f6vets\u00e9gi \u00e1llamon (Hessen, Berlin, Brandenburg) tekernek kereszt\u00fcl.<\/p>\n<p><img decoding=\"async\" src=\"https:\/\/d2p6e6u75xmxt8.cloudfront.net\/2\/2017\/08\/21014047_1905000913157288_6012445971178682603_o-1.jpg\" \/><\/p>\n<p>Augusztus elej\u00e9n v\u00e1rhat\u00f3 a 2019-es t\u00fara, ha szeretn\u00e9l csatlakozni, k\u00f6vesd a honlapjukat: <a href=\"http:\/\/tour-der-hoffnung.de\">tour-der-hoffnung.de<\/a><\/p>\n<h2>Breast Cancer Now \u2013 Londont\u00f3l P\u00e1rizsig<\/h2>\n<p>B\u00e1r \u00e9vr\u0151l- \u00e9vre javulnak a t\u00fal\u00e9l\u00e9si mutat\u00f3i, m\u00e9gis megd\u00f6bbent\u0151 t\u00e9ny, hogy minden 45. percben meghal egy n\u0151 mellr\u00e1kban a vil\u00e1gon. \u00a0. A Breast Cancer Now Foundation (Mellr\u00e1k Most Alap\u00edtv\u00e1ny) c\u00e9lja, hogy ezen v\u00e1ltoztasson.<\/p>\n<p><img decoding=\"async\" src=\"https:\/\/d2p6e6u75xmxt8.cloudfront.net\/2\/2017\/08\/img770_london2paris_2.png\" \/><\/p>\n<p>2019 szeptember 13-\u00e1n veszi kezdet\u00e9t a k\u00f6vetkez\u0151 t\u00fara, melyhez csatlakozva t\u00e1mogathatod az alap\u00edtv\u00e1nyt. \u00a0\u00d6sszesen 480 km-t tekerve, Londonb\u00f3l indulva n\u00e9gy nap alatt jutnak \u00e1t Anglia d\u00e9li r\u00e9sz\u00e9n, valamint \u00c9szak-Franciaorsz\u00e1g megkap\u00f3an sz\u00e9p vid\u00e9k\u00e9in kereszt\u00fcl a francia f\u0151v\u00e1rosba<\/p>\n<p><a href=\"http:\/\/breastcancernow.org\">breastcancernow.org<\/a><\/p>\n<h2>GBI &#8211; J\u00f3t\u00e9kony c\u00e9lb\u00f3l teker\u00fcnk<\/h2>\n<p>A GBI (Global Biking Initiative &#8211; Glob\u00e1lis Ker\u00e9kp\u00e1ros Kezdem\u00e9nyez\u00e9s) vil\u00e1gszerte seg\u00edti a h\u00e1tr\u00e1nyos helyzet\u0171 embereket, szervezet t\u00f6bb mint 20 orsz\u00e1gban gy\u0171jt adom\u00e1nyokat j\u00f3t\u00e9kony c\u00e9lokra. A legn\u00e9pszer\u0171bb rendezv\u00e9ny\u00fck a t\u00f6bb orsz\u00e1got \u00e1tszel\u0151 GBI Europe Tour, amely a vil\u00e1g minden r\u00e9sz\u00e9r\u0151l t\u00f6bb sz\u00e1z r\u00e9sztvev\u0151t vonz. Az els\u0151, 2008-ban D\u00fcsseldorfban megrendezett esem\u00e9ny \u00f3ta a k\u00f6z\u00f6ss\u00e9g \u00e1ltal \u00f6sszegy\u0171jt\u00f6tt adom\u00e1nyok \u00e9rt\u00e9ke megk\u00f6zel\u00edti a 3 milli\u00f3 eur\u00f3t.<\/p>\n<p><img loading=\"lazy\" decoding=\"async\" class=\"\" src=\"https:\/\/d2p6e6u75xmxt8.cloudfront.net\/2\/2017\/08\/20170429_100828.jpg\" width=\"931\" height=\"699\" \/><\/p>\n<p>\u00c9vr\u0151l \u00e9vre nagy n\u00e9pszer\u0171s\u00e9gnek \u00f6rvend a szeptember elej\u00e9n megrendez\u00e9sre ker\u00fcl\u0151 a GBI Transalp t\u00fara is, melynek r\u00e9sztvev\u0151i az \u00f3kori \u201eVia Claudia Augusta\u201d ment\u00e9n haladhattak a bajororsz\u00e1gi Garmisch-b\u00f3l az olaszorsz\u00e1gi Riva del Garda ir\u00e1ny\u00e1ba. A kalandv\u00e1gy\u00f3 biciklisek kit\u00e9r\u0151t tettek a h\u00edres Stelvio-h\u00e1g\u00f3n kereszt\u00fcl. A kiruccan\u00e1s alatt minden nap v\u00e1lasztani lehet k\u00e9t, k\u00fcl\u00f6nb\u00f6z\u0151 hossz\u00fas\u00e1g\u00fa, meredeks\u00e9g\u0171 \u00e9s neh\u00e9zs\u00e9gi fok\u00fa \u00fatvonal k\u00f6z\u00f6tt, \u00edgy az \u00f6tnapos \u00fat 374 helyett 451 kilom\u00e9ter hossz\u00fa is lehet.<\/p>\n<p><a href=\"http:\/\/gbi-event.org\">gbi-event.org<\/a><\/p>\n<h2>NSPCC P\u00e1rizs-London<\/h2>\n<p>Az esem\u00e9ny c\u00e9lja, hogy a b\u00e1ntalmazott gyerekeket patron\u00e1lja. Adom\u00e1nyoddal seg\u00edtheted mindennapjaikat a ter\u00e1pi\u00e1s id\u0151szakban, illetve t\u00e1mogathatod \u0151ket \u00e9let\u00fck \u00fajj\u00e1\u00e9p\u00edt\u00e9s\u00e9ben, valamint hogy m\u00e1s vesz\u00e9lyeztetett gyerekeknek is v\u00e9delmet ny\u00fajthassanak az Egyes\u00fclt Kir\u00e1lys\u00e1gban.<\/p>\n<p><img decoding=\"async\" src=\"https:\/\/d2p6e6u75xmxt8.cloudfront.net\/2\/2017\/08\/Team-NSPCC-arrive-in-Paris-e1470311649427.jpg\" \/><\/p>\n<p>A n\u00e9gynapos t\u00far\u00e1n v\u00e9gighaladva pont id\u0151ben \u00e9rsz Franciaorsz\u00e1gba, hogy elcs\u00edpd a Tour de France kezdet\u00e9t. A 478 km hossz\u00fa Londonb\u00f3l P\u00e1rizsba vezet\u0151 \u00fat alatt nem csak a francia t\u00e1j sz\u00e9ps\u00e9g\u00e9t lesz id\u0151d megcsod\u00e1lni, de a Tour utols\u00f3 szakasz\u00e1t is megn\u00e9zheted a Champs Elys\u00e9es-n. Az esem\u00e9ny \u00e1ltal\u00e1ban j\u00faliusban indul Londonb\u00f3l, r\u00e9szv\u00e9teli d\u00edja 125 font.<\/p>\n<p><a href=\"http:\/\/nspcc.org.uk\">nspcc.org.uk<\/a><\/p>\n<h2>Strampeln in Franken<\/h2>\n<p>Ez a kezdem\u00e9nyez\u00e9s k\u00fcl\u00f6nb\u00f6z\u0151 tev\u00e9kenys\u00e9geket v\u00e9gz\u0151 szervezeteket t\u00e1mogat, p\u00e9ld\u00e1ul az Alzheimer-k\u00f3r kezel\u00e9s\u00e9t c\u00e9lz\u00f3 kutat\u00e1sokat, mozg\u00e1ss\u00e9r\u00fclteket seg\u00edt\u0151 kuty\u00e1k kik\u00e9pz\u00e9s\u00e9t, \u00e9s \u00f3vod\u00e1k berendez\u00e9si t\u00e1rgyainak fejleszt\u00e9s\u00e9t.<\/p>\n<p><img loading=\"lazy\" decoding=\"async\" class=\"\" src=\"https:\/\/d2p6e6u75xmxt8.cloudfront.net\/2\/2017\/08\/csm_Praesentation_des_Jahresergebnisses_-_Aktion_Strampeln_in_Franken_9e7ecfad1c.jpg\" width=\"969\" height=\"546\" \/><\/p>\n<p>A csal\u00e1dias l\u00e9gk\u00f6r\u0171 bajororsz\u00e1gi biciklit\u00fara r\u00e9sztvev\u0151i ell\u00e1togatnak a helyi s\u00f6rf\u0151zd\u00e9kbe \u00e9s ki\u00e1ll\u00edt\u00e1sokra is. A versenyz\u00e9s helyett itt bar\u00e1ti besz\u00e9lget\u00e9sekre \u00e9s ismerets\u00e9gekre sz\u00e1m\u00edthatsz, egy k\u00e9nyelmes \u00e9s kellemes t\u00far\u00e1n. Eg\u00e9sz \u00e9vben sz\u00e1mos vezetett \u00e9s \u00f6n\u00e1ll\u00f3 biciklit\u00far\u00e1t ind\u00edt a Strampeln in Franken (Ker\u00e9kp\u00e1rral Frankf\u00f6ld\u00f6n) nev\u0171 bajor egyes\u00fclet, legut\u00f3bbi t\u00far\u00e1k szeptemberben indultak Neustadt a. d. Aisch \u00e9s Dietersheim telep\u00fcl\u00e9sekr\u0151l.<\/p>\n<p><a href=\"http:\/\/strampeln-in-franken.de\">strampeln-in-franken.de<\/a><\/p>\n","protected":false},"excerpt":{"rendered":"<p>K\u00e9t ker\u00e9kre pattanva is tehetsz az\u00e9rt, hogy a vil\u00e1g egy kicsit jobb hely legyen! Vil\u00e1gszerte \u00e9vr\u0151l \u00e9vre egyre t\u00f6bb karitat\u00edv [&hellip;]<\/p>\n","protected":false},"author":71,"featured_media":2414,"comment_status":"open","ping_status":"open","sticky":false,"template":"","format":"standard","meta":{"footnotes":""},"categories":[12],"tags":[260,255,16],"global-categories":[],"class_list":["post-2412","post","type-post","status-publish","format-standard","has-post-thumbnail","hentry","category-kozosseg-es-kultura","tag-biciklitura","tag-jotekonysag","tag-kerekpar"],"yoast_head":"<!-- This site is optimized with the Yoast SEO Premium plugin v25.3 (Yoast SEO v25.9) - https:\/\/yoast.com\/wordpress\/plugins\/seo\/ -->\n<title>A j\u00f3t\u00e9kony bicikliz\u00e9s: csin\u00e1ld, amit szeretsz, \u00e9s k\u00f6zben seg\u00edts m\u00e1sokon - \u0160koda We Love Cycling - Magyarorsz\u00e1g<\/title>\n<meta name=\"robots\" content=\"index, follow, max-snippet:-1, max-image-preview:large, max-video-preview:-1\" \/>\n<link rel=\"canonical\" href=\"https:\/\/www.welovecycling.com\/hu\/kozosseg-es-kultura\/a-jotekony-biciklizes-csinald-amit-szeretsz-es-kozben-segits-masokon\/\" \/>\n<meta property=\"og:locale\" content=\"hu_HU\" \/>\n<meta property=\"og:type\" content=\"article\" \/>\n<meta property=\"og:title\" content=\"A j\u00f3t\u00e9kony bicikliz\u00e9s: csin\u00e1ld, amit szeretsz, \u00e9s k\u00f6zben seg\u00edts m\u00e1sokon\" \/>\n<meta property=\"og:description\" content=\"K\u00e9t ker\u00e9kre pattanva is tehetsz az\u00e9rt, hogy a vil\u00e1g egy kicsit jobb hely legyen! Vil\u00e1gszerte \u00e9vr\u0151l \u00e9vre egyre t\u00f6bb karitat\u00edv [&hellip;]\" \/>\n<meta property=\"og:url\" content=\"https:\/\/www.welovecycling.com\/hu\/kozosseg-es-kultura\/a-jotekony-biciklizes-csinald-amit-szeretsz-es-kozben-segits-masokon\/\" \/>\n<meta property=\"og:site_name\" content=\"\u0160koda We Love Cycling - Magyarorsz\u00e1g\" \/>\n<meta property=\"article:publisher\" content=\"https:\/\/www.facebook.com\/WeLoveCyclingHungary\/\" \/>\n<meta property=\"article:published_time\" content=\"2018-12-04T16:02:30+00:00\" \/>\n<meta property=\"og:image\" content=\"https:\/\/d2p6e6u75xmxt8.cloudfront.net\/12\/2018\/12\/Untitled-collage-2.jpg\" \/>\n\t<meta property=\"og:image:width\" content=\"1375\" \/>\n\t<meta property=\"og:image:height\" content=\"600\" \/>\n\t<meta property=\"og:image:type\" content=\"image\/jpeg\" \/>\n<meta name=\"author\" content=\"hegyizs\" \/>\n<meta name=\"twitter:card\" content=\"summary_large_image\" \/>\n<meta name=\"twitter:label1\" content=\"Written by\" \/>\n\t<meta name=\"twitter:data1\" content=\"hegyizs\" \/>\n\t<meta name=\"twitter:label2\" content=\"Est. reading time\" \/>\n\t<meta name=\"twitter:data2\" content=\"4 minutes\" \/>\n<script type=\"application\/ld+json\" class=\"yoast-schema-graph\">{\"@context\":\"https:\/\/schema.org\",\"@graph\":[{\"@type\":\"WebPage\",\"@id\":\"https:\/\/www.welovecycling.com\/hu\/kozosseg-es-kultura\/a-jotekony-biciklizes-csinald-amit-szeretsz-es-kozben-segits-masokon\/\",\"url\":\"https:\/\/www.welovecycling.com\/hu\/kozosseg-es-kultura\/a-jotekony-biciklizes-csinald-amit-szeretsz-es-kozben-segits-masokon\/\",\"name\":\"A j\u00f3t\u00e9kony bicikliz\u00e9s: csin\u00e1ld, amit szeretsz, \u00e9s k\u00f6zben seg\u00edts m\u00e1sokon - \u0160koda We Love Cycling - Magyarorsz\u00e1g\",\"isPartOf\":{\"@id\":\"https:\/\/www.welovecycling.com\/hu\/#website\"},\"primaryImageOfPage\":{\"@id\":\"https:\/\/www.welovecycling.com\/hu\/kozosseg-es-kultura\/a-jotekony-biciklizes-csinald-amit-szeretsz-es-kozben-segits-masokon\/#primaryimage\"},\"image\":{\"@id\":\"https:\/\/www.welovecycling.com\/hu\/kozosseg-es-kultura\/a-jotekony-biciklizes-csinald-amit-szeretsz-es-kozben-segits-masokon\/#primaryimage\"},\"thumbnailUrl\":\"https:\/\/d2p6e6u75xmxt8.cloudfront.net\/12\/2018\/12\/Untitled-collage-2.jpg\",\"datePublished\":\"2018-12-04T16:02:30+00:00\",\"author\":{\"@id\":\"https:\/\/www.welovecycling.com\/hu\/#\/schema\/person\/414a2aebf1801691a5320edb6468e194\"},\"breadcrumb\":{\"@id\":\"https:\/\/www.welovecycling.com\/hu\/kozosseg-es-kultura\/a-jotekony-biciklizes-csinald-amit-szeretsz-es-kozben-segits-masokon\/#breadcrumb\"},\"inLanguage\":\"hu\",\"potentialAction\":[{\"@type\":\"ReadAction\",\"target\":[\"https:\/\/www.welovecycling.com\/hu\/kozosseg-es-kultura\/a-jotekony-biciklizes-csinald-amit-szeretsz-es-kozben-segits-masokon\/\"]}]},{\"@type\":\"ImageObject\",\"inLanguage\":\"hu\",\"@id\":\"https:\/\/www.welovecycling.com\/hu\/kozosseg-es-kultura\/a-jotekony-biciklizes-csinald-amit-szeretsz-es-kozben-segits-masokon\/#primaryimage\",\"url\":\"https:\/\/d2p6e6u75xmxt8.cloudfront.net\/12\/2018\/12\/Untitled-collage-2.jpg\",\"contentUrl\":\"https:\/\/d2p6e6u75xmxt8.cloudfront.net\/12\/2018\/12\/Untitled-collage-2.jpg\",\"width\":1375,\"height\":600},{\"@type\":\"BreadcrumbList\",\"@id\":\"https:\/\/www.welovecycling.com\/hu\/kozosseg-es-kultura\/a-jotekony-biciklizes-csinald-amit-szeretsz-es-kozben-segits-masokon\/#breadcrumb\",\"itemListElement\":[{\"@type\":\"ListItem\",\"position\":1,\"name\":\"Home\",\"item\":\"https:\/\/www.welovecycling.com\/hu\/\"},{\"@type\":\"ListItem\",\"position\":2,\"name\":\"A j\u00f3t\u00e9kony bicikliz\u00e9s: csin\u00e1ld, amit szeretsz, \u00e9s k\u00f6zben seg\u00edts m\u00e1sokon\"}]},{\"@type\":\"WebSite\",\"@id\":\"https:\/\/www.welovecycling.com\/hu\/#website\",\"url\":\"https:\/\/www.welovecycling.com\/hu\/\",\"name\":\"\u0160koda We Love Cycling - Magyarorsz\u00e1g\",\"description\":\"\u0160koda WeLoveCycling\",\"potentialAction\":[{\"@type\":\"SearchAction\",\"target\":{\"@type\":\"EntryPoint\",\"urlTemplate\":\"https:\/\/www.welovecycling.com\/hu\/?s={search_term_string}\"},\"query-input\":{\"@type\":\"PropertyValueSpecification\",\"valueRequired\":true,\"valueName\":\"search_term_string\"}}],\"inLanguage\":\"hu\"},{\"@type\":\"Person\",\"@id\":\"https:\/\/www.welovecycling.com\/hu\/#\/schema\/person\/414a2aebf1801691a5320edb6468e194\",\"name\":\"hegyizs\",\"image\":{\"@type\":\"ImageObject\",\"inLanguage\":\"hu\",\"@id\":\"https:\/\/www.welovecycling.com\/hu\/#\/schema\/person\/image\/\",\"url\":\"https:\/\/secure.gravatar.com\/avatar\/02cf8a7906b8cf90cecb4679defac7cfd33a1c2e3b88e4903d947f3bb58eedd3?s=96&d=mm&r=g\",\"contentUrl\":\"https:\/\/secure.gravatar.com\/avatar\/02cf8a7906b8cf90cecb4679defac7cfd33a1c2e3b88e4903d947f3bb58eedd3?s=96&d=mm&r=g\",\"caption\":\"hegyizs\"},\"url\":\"https:\/\/www.welovecycling.com\/hu\/author\/hegyizs\/\"}]}<\/script>\n<!-- \/ Yoast SEO Premium plugin. -->","yoast_head_json":{"title":"A j\u00f3t\u00e9kony bicikliz\u00e9s: csin\u00e1ld, amit szeretsz, \u00e9s k\u00f6zben seg\u00edts m\u00e1sokon - \u0160koda We Love Cycling - Magyarorsz\u00e1g","robots":{"index":"index","follow":"follow","max-snippet":"max-snippet:-1","max-image-preview":"max-image-preview:large","max-video-preview":"max-video-preview:-1"},"canonical":"https:\/\/www.welovecycling.com\/hu\/kozosseg-es-kultura\/a-jotekony-biciklizes-csinald-amit-szeretsz-es-kozben-segits-masokon\/","og_locale":"hu_HU","og_type":"article","og_title":"A j\u00f3t\u00e9kony bicikliz\u00e9s: csin\u00e1ld, amit szeretsz, \u00e9s k\u00f6zben seg\u00edts m\u00e1sokon","og_description":"K\u00e9t ker\u00e9kre pattanva is tehetsz az\u00e9rt, hogy a vil\u00e1g egy kicsit jobb hely legyen! Vil\u00e1gszerte \u00e9vr\u0151l \u00e9vre egyre t\u00f6bb karitat\u00edv [&hellip;]","og_url":"https:\/\/www.welovecycling.com\/hu\/kozosseg-es-kultura\/a-jotekony-biciklizes-csinald-amit-szeretsz-es-kozben-segits-masokon\/","og_site_name":"\u0160koda We Love Cycling - Magyarorsz\u00e1g","article_publisher":"https:\/\/www.facebook.com\/WeLoveCyclingHungary\/","article_published_time":"2018-12-04T16:02:30+00:00","og_image":[{"width":1375,"height":600,"url":"https:\/\/d2p6e6u75xmxt8.cloudfront.net\/12\/2018\/12\/Untitled-collage-2.jpg","type":"image\/jpeg"}],"author":"hegyizs","twitter_card":"summary_large_image","twitter_misc":{"Written by":"hegyizs","Est. reading time":"4 minutes"},"schema":{"@context":"https:\/\/schema.org","@graph":[{"@type":"WebPage","@id":"https:\/\/www.welovecycling.com\/hu\/kozosseg-es-kultura\/a-jotekony-biciklizes-csinald-amit-szeretsz-es-kozben-segits-masokon\/","url":"https:\/\/www.welovecycling.com\/hu\/kozosseg-es-kultura\/a-jotekony-biciklizes-csinald-amit-szeretsz-es-kozben-segits-masokon\/","name":"A j\u00f3t\u00e9kony bicikliz\u00e9s: csin\u00e1ld, amit szeretsz, \u00e9s k\u00f6zben seg\u00edts m\u00e1sokon - \u0160koda We Love Cycling - Magyarorsz\u00e1g","isPartOf":{"@id":"https:\/\/www.welovecycling.com\/hu\/#website"},"primaryImageOfPage":{"@id":"https:\/\/www.welovecycling.com\/hu\/kozosseg-es-kultura\/a-jotekony-biciklizes-csinald-amit-szeretsz-es-kozben-segits-masokon\/#primaryimage"},"image":{"@id":"https:\/\/www.welovecycling.com\/hu\/kozosseg-es-kultura\/a-jotekony-biciklizes-csinald-amit-szeretsz-es-kozben-segits-masokon\/#primaryimage"},"thumbnailUrl":"https:\/\/d2p6e6u75xmxt8.cloudfront.net\/12\/2018\/12\/Untitled-collage-2.jpg","datePublished":"2018-12-04T16:02:30+00:00","author":{"@id":"https:\/\/www.welovecycling.com\/hu\/#\/schema\/person\/414a2aebf1801691a5320edb6468e194"},"breadcrumb":{"@id":"https:\/\/www.welovecycling.com\/hu\/kozosseg-es-kultura\/a-jotekony-biciklizes-csinald-amit-szeretsz-es-kozben-segits-masokon\/#breadcrumb"},"inLanguage":"hu","potentialAction":[{"@type":"ReadAction","target":["https:\/\/www.welovecycling.com\/hu\/kozosseg-es-kultura\/a-jotekony-biciklizes-csinald-amit-szeretsz-es-kozben-segits-masokon\/"]}]},{"@type":"ImageObject","inLanguage":"hu","@id":"https:\/\/www.welovecycling.com\/hu\/kozosseg-es-kultura\/a-jotekony-biciklizes-csinald-amit-szeretsz-es-kozben-segits-masokon\/#primaryimage","url":"https:\/\/d2p6e6u75xmxt8.cloudfront.net\/12\/2018\/12\/Untitled-collage-2.jpg","contentUrl":"https:\/\/d2p6e6u75xmxt8.cloudfront.net\/12\/2018\/12\/Untitled-collage-2.jpg","width":1375,"height":600},{"@type":"BreadcrumbList","@id":"https:\/\/www.welovecycling.com\/hu\/kozosseg-es-kultura\/a-jotekony-biciklizes-csinald-amit-szeretsz-es-kozben-segits-masokon\/#breadcrumb","itemListElement":[{"@type":"ListItem","position":1,"name":"Home","item":"https:\/\/www.welovecycling.com\/hu\/"},{"@type":"ListItem","position":2,"name":"A j\u00f3t\u00e9kony bicikliz\u00e9s: csin\u00e1ld, amit szeretsz, \u00e9s k\u00f6zben seg\u00edts m\u00e1sokon"}]},{"@type":"WebSite","@id":"https:\/\/www.welovecycling.com\/hu\/#website","url":"https:\/\/www.welovecycling.com\/hu\/","name":"\u0160koda We Love Cycling - Magyarorsz\u00e1g","description":"\u0160koda WeLoveCycling","potentialAction":[{"@type":"SearchAction","target":{"@type":"EntryPoint","urlTemplate":"https:\/\/www.welovecycling.com\/hu\/?s={search_term_string}"},"query-input":{"@type":"PropertyValueSpecification","valueRequired":true,"valueName":"search_term_string"}}],"inLanguage":"hu"},{"@type":"Person","@id":"https:\/\/www.welovecycling.com\/hu\/#\/schema\/person\/414a2aebf1801691a5320edb6468e194","name":"hegyizs","image":{"@type":"ImageObject","inLanguage":"hu","@id":"https:\/\/www.welovecycling.com\/hu\/#\/schema\/person\/image\/","url":"https:\/\/secure.gravatar.com\/avatar\/02cf8a7906b8cf90cecb4679defac7cfd33a1c2e3b88e4903d947f3bb58eedd3?s=96&d=mm&r=g","contentUrl":"https:\/\/secure.gravatar.com\/avatar\/02cf8a7906b8cf90cecb4679defac7cfd33a1c2e3b88e4903d947f3bb58eedd3?s=96&d=mm&r=g","caption":"hegyizs"},"url":"https:\/\/www.welovecycling.com\/hu\/author\/hegyizs\/"}]}},"_links":{"self":[{"href":"https:\/\/www.welovecycling.com\/hu\/wp-json\/wp\/v2\/posts\/2412","targetHints":{"allow":["GET"]}}],"collection":[{"href":"https:\/\/www.welovecycling.com\/hu\/wp-json\/wp\/v2\/posts"}],"about":[{"href":"https:\/\/www.welovecycling.com\/hu\/wp-json\/wp\/v2\/types\/post"}],"author":[{"embeddable":true,"href":"https:\/\/www.welovecycling.com\/hu\/wp-json\/wp\/v2\/users\/71"}],"replies":[{"embeddable":true,"href":"https:\/\/www.welovecycling.com\/hu\/wp-json\/wp\/v2\/comments?post=2412"}],"version-history":[{"count":2,"href":"https:\/\/www.welovecycling.com\/hu\/wp-json\/wp\/v2\/posts\/2412\/revisions"}],"predecessor-version":[{"id":2418,"href":"https:\/\/www.welovecycling.com\/hu\/wp-json\/wp\/v2\/posts\/2412\/revisions\/2418"}],"wp:featuredmedia":[{"embeddable":true,"href":"https:\/\/www.welovecycling.com\/hu\/wp-json\/wp\/v2\/media\/2414"}],"wp:attachment":[{"href":"https:\/\/www.welovecycling.com\/hu\/wp-json\/wp\/v2\/media?parent=2412"}],"wp:term":[{"taxonomy":"category","embeddable":true,"href":"https:\/\/www.welovecycling.com\/hu\/wp-json\/wp\/v2\/categories?post=2412"},{"taxonomy":"post_tag","embeddable":true,"href":"https:\/\/www.welovecycling.com\/hu\/wp-json\/wp\/v2\/tags?post=2412"},{"taxonomy":"global-categories","embeddable":true,"href":"https:\/\/www.welovecycling.com\/hu\/wp-json\/wp\/v2\/global-categories?post=2412"}],"curies":[{"name":"wp","href":"https:\/\/api.w.org\/{rel}","templated":true}]}}