{"id":2405,"date":"2018-11-29T13:00:24","date_gmt":"2018-11-29T13:00:24","guid":{"rendered":"https:\/\/www.welovecycling.com\/hu\/?p=2405"},"modified":"2018-11-27T13:43:39","modified_gmt":"2018-11-27T13:43:39","slug":"10-dolog-amit-feltetlenul-ellenorizz-mielott-eloszor-indulnal-el-az-uj-bringaddal","status":"publish","type":"post","link":"https:\/\/www.welovecycling.com\/hu\/biztonsag\/10-dolog-amit-feltetlenul-ellenorizz-mielott-eloszor-indulnal-el-az-uj-bringaddal\/","title":{"rendered":"10 dolog, amit felt\u00e9tlen\u00fcl ellen\u0151rizz, miel\u0151tt el\u0151sz\u00f6r induln\u00e1l el az \u00faj bring\u00e1ddal!"},"content":{"rendered":"<p>01 K\u00e9nyelem! Tal\u00e1n a legfontosabb dolog. A legt\u00f6bb boltban seg\u00edtenek be\u00e1ll\u00edtani a megfelel\u0151 \u00fcl\u00e9s- \u00e9s korm\u00e1nymagass\u00e1got, azonban, ha online v\u00e1s\u00e1rolsz ker\u00e9kp\u00e1rt, vagy ha a boltban nem volt lehet\u0151s\u00e9ged hosszabb szakaszon kipr\u00f3b\u00e1lni a bic\u00f3t, \u00e9rdemes ezek be\u00e1ll\u00edt\u00e1s\u00e1val kezdened. Ne feledd a helyes ped\u00e1l be\u00e1ll\u00edt\u00e1sokat sem!<\/p>\n<p>02 Gy\u0151z\u0151dj meg r\u00f3la, hogy a kerekek megfelel\u0151en meg vannak-e h\u00fazva! Mozgasd \u00e1t a kereket, lesd meg k\u00f6zelr\u0151l p\u00f6rg\u00e9s k\u00f6zben, ellen\u0151rizd az alkatr\u00e9szeket!<\/p>\n<p><a href=\"https:\/\/d2p6e6u75xmxt8.cloudfront.net\/12\/2018\/11\/adult-bicycle-bike-1154089.jpg\"><img loading=\"lazy\" decoding=\"async\" class=\"aligncenter size-full wp-image-2407\" src=\"https:\/\/d2p6e6u75xmxt8.cloudfront.net\/12\/2018\/11\/adult-bicycle-bike-1154089.jpg\" alt=\"\" width=\"6000\" height=\"4000\" srcset=\"https:\/\/d2p6e6u75xmxt8.cloudfront.net\/12\/2018\/11\/adult-bicycle-bike-1154089.jpg 6000w, https:\/\/d2p6e6u75xmxt8.cloudfront.net\/12\/2018\/11\/adult-bicycle-bike-1154089-300x200.jpg 300w, https:\/\/d2p6e6u75xmxt8.cloudfront.net\/12\/2018\/11\/adult-bicycle-bike-1154089-768x512.jpg 768w, https:\/\/d2p6e6u75xmxt8.cloudfront.net\/12\/2018\/11\/adult-bicycle-bike-1154089-1024x683.jpg 1024w, https:\/\/d2p6e6u75xmxt8.cloudfront.net\/12\/2018\/11\/adult-bicycle-bike-1154089-1920x1280.jpg 1920w, https:\/\/d2p6e6u75xmxt8.cloudfront.net\/12\/2018\/11\/adult-bicycle-bike-1154089-272x182.jpg 272w, https:\/\/d2p6e6u75xmxt8.cloudfront.net\/12\/2018\/11\/adult-bicycle-bike-1154089-1920x1280.jpg 1920w\" sizes=\"auto, (max-width: 6000px) 100vw, 6000px\" \/><\/a><\/p>\n<p>03 Ellen\u0151rizd a ker\u00e9knyom\u00e1st! Miel\u0151tt nekiinduln\u00e1l \u00fajdons\u00fclt szerelmeddel, ellen\u0151rizd a gumi t\u00edpus\u00e1nak \u00e9s az \u00fatszakasznak megfelel\u0151 ker\u00e9knyom\u00e1st!<\/p>\n<p>04 Ha van, ellen\u0151rizd a teleszk\u00f3p be\u00e1ll\u00edt\u00e1sait! Olvasd el a ker\u00e9kp\u00e1rhoz kapott \u00fatmutat\u00f3ban a helyes be\u00e1ll\u00edt\u00e1sokat, \u00e9s ellen\u0151rizd, hogy ezeknek megfelel-e a felf\u00fcggeszt\u00e9s indul\u00e1s el\u0151tt!<\/p>\n<p>05 Ellen\u0151rizd a f\u00e9keket! \u00c1llj a ker\u00e9kp\u00e1rod mell\u00e9 \u00e9s ellen\u0151rizd k\u00fcl\u00f6n-k\u00fcl\u00f6n az els\u0151 \u00e9s h\u00e1ts\u00f3 f\u00e9ket, hogy ne menet k\u00f6zben \u00e9rjen meglepet\u00e9s. Ha megfelel\u0151en fognak, csekkold, hogy a f\u00e9kpof\u00e1k val\u00f3ban csak a felnivel \u00e9rintkeznek, \u00e9s nem tesznek felesleges k\u00e1rt a gumiban.<\/p>\n<p>06 Ellen\u0151rizd a t\u00e1rcsaf\u00e9keket! N\u00e9zd meg, hogy nincs-e s\u00farl\u00f3d\u00e1s vagy reped\u00e9snek nyoma a t\u00e1rcsa \u00e9s a f\u00e9knyergek k\u00f6z\u00f6tt. Emeled fel a bring\u00e1d, \u00e9s p\u00f6rgesd meg a kerekeket, figyeld \u00e9s hallgasd, hogy \u00e9szre veszel-e valami szokatlant!<\/p>\n<p><a href=\"https:\/\/d2p6e6u75xmxt8.cloudfront.net\/12\/2018\/11\/bicycle-bike-blur-296848.jpg\"><img loading=\"lazy\" decoding=\"async\" class=\"aligncenter size-full wp-image-2406\" src=\"https:\/\/d2p6e6u75xmxt8.cloudfront.net\/12\/2018\/11\/bicycle-bike-blur-296848.jpg\" alt=\"\" width=\"4576\" height=\"3056\" srcset=\"https:\/\/d2p6e6u75xmxt8.cloudfront.net\/12\/2018\/11\/bicycle-bike-blur-296848.jpg 4576w, https:\/\/d2p6e6u75xmxt8.cloudfront.net\/12\/2018\/11\/bicycle-bike-blur-296848-300x200.jpg 300w, https:\/\/d2p6e6u75xmxt8.cloudfront.net\/12\/2018\/11\/bicycle-bike-blur-296848-768x513.jpg 768w, https:\/\/d2p6e6u75xmxt8.cloudfront.net\/12\/2018\/11\/bicycle-bike-blur-296848-1024x684.jpg 1024w, https:\/\/d2p6e6u75xmxt8.cloudfront.net\/12\/2018\/11\/bicycle-bike-blur-296848-1920x1282.jpg 1920w, https:\/\/d2p6e6u75xmxt8.cloudfront.net\/12\/2018\/11\/bicycle-bike-blur-296848-272x182.jpg 272w, https:\/\/d2p6e6u75xmxt8.cloudfront.net\/12\/2018\/11\/bicycle-bike-blur-296848-1920x1282.jpg 1920w\" sizes=\"auto, (max-width: 4576px) 100vw, 4576px\" \/><\/a><\/p>\n<p>07 H\u00fazd meg az els\u0151 f\u00e9ket \u00e9s mozgasd el\u0151re-h\u00e1tra a ker\u00e9kp\u00e1rt. Ha b\u00e1rmilyen apr\u00f3 mozdul\u00e1st, cs\u00fasz\u00e1st \u00e9szlelsz, korrig\u00e1ld a f\u00e9k \u00e9s a ker\u00e9k szorosabbra h\u00faz\u00e1s\u00e1val.<\/p>\n<p>08 Alaposan forgasd ki a korm\u00e1nyt! Bizonyosodj meg r\u00f3la, hogy sim\u00e1n, g\u00f6rd\u00fcl\u00e9kenyen fordulnak, illetve a k\u00e1belek nem akadnak \u00f6ssze. Amennyiben sz\u00fcks\u00e9ges, \u00e1ll\u00edts a k\u00e1belek hossz\u00fas\u00e1g\u00e1n, am\u00edg nem tudsz biztons\u00e1gban b\u00e1rmilyen kanyart bevenni.<\/p>\n<p>09 Ellen\u0151rizd a hajt\u00f3kart, azaz k\u00e9zzel mozgasd el\u0151re-h\u00e1tra. \u00c1ll\u00f3 helyzetben nem szabad semmilyen mozg\u00e1st \u00e9szlelned, amennyiben m\u00e9gis h\u00fazd meg a r\u00f6gz\u00edt\u0151 csavarokat!<\/p>\n<p>10 V\u00e9g\u00fcl, de nem utols\u00f3 sorban, egy nyugodt, biztons\u00e1gos helyen karik\u00e1zz p\u00e1r percig, figyeld, hogyan reag\u00e1l a ker\u00e9kp\u00e1rod f\u00e9kez\u00e9sre, gyors\u00edt\u00e1sra, illetve h\u00e9tk\u00f6znapi szitu\u00e1ci\u00f3kra. Ha nem recseg-ropog, minden elem helyesen m\u0171k\u00f6dik \u00e9s m\u00e9g k\u00e9nyelmes is, m\u00e1r szelheted is a kilom\u00e9tereket!<\/p>\n<p>&nbsp;<\/p>\n","protected":false},"excerpt":{"rendered":"<p>01 K\u00e9nyelem! Tal\u00e1n a legfontosabb dolog. A legt\u00f6bb boltban seg\u00edtenek be\u00e1ll\u00edtani a megfelel\u0151 \u00fcl\u00e9s- \u00e9s korm\u00e1nymagass\u00e1got, azonban, ha online v\u00e1s\u00e1rolsz [&hellip;]<\/p>\n","protected":false},"author":71,"featured_media":2408,"comment_status":"open","ping_status":"open","sticky":false,"template":"","format":"standard","meta":{"footnotes":""},"categories":[10],"tags":[259,175,258,257],"global-categories":[],"class_list":["post-2405","post","type-post","status-publish","format-standard","has-post-thumbnail","hentry","category-biztonsag","tag-biztonsag","tag-biztonsagos-kerekparozas","tag-ellenorzes","tag-uj-bicikli"],"yoast_head":"<!-- This site is optimized with the Yoast SEO Premium plugin v25.3 (Yoast SEO v25.9) - https:\/\/yoast.com\/wordpress\/plugins\/seo\/ -->\n<title>10 dolog, amit felt\u00e9tlen\u00fcl ellen\u0151rizz, miel\u0151tt el\u0151sz\u00f6r induln\u00e1l el az \u00faj bring\u00e1ddal! - \u0160koda We Love Cycling - Magyarorsz\u00e1g<\/title>\n<meta name=\"robots\" content=\"index, follow, max-snippet:-1, max-image-preview:large, max-video-preview:-1\" \/>\n<link rel=\"canonical\" href=\"https:\/\/www.welovecycling.com\/hu\/biztonsag\/10-dolog-amit-feltetlenul-ellenorizz-mielott-eloszor-indulnal-el-az-uj-bringaddal\/\" \/>\n<meta property=\"og:locale\" content=\"hu_HU\" \/>\n<meta property=\"og:type\" content=\"article\" \/>\n<meta property=\"og:title\" content=\"10 dolog, amit felt\u00e9tlen\u00fcl ellen\u0151rizz, miel\u0151tt el\u0151sz\u00f6r induln\u00e1l el az \u00faj bring\u00e1ddal!\" \/>\n<meta property=\"og:description\" content=\"01 K\u00e9nyelem! Tal\u00e1n a legfontosabb dolog. A legt\u00f6bb boltban seg\u00edtenek be\u00e1ll\u00edtani a megfelel\u0151 \u00fcl\u00e9s- \u00e9s korm\u00e1nymagass\u00e1got, azonban, ha online v\u00e1s\u00e1rolsz [&hellip;]\" \/>\n<meta property=\"og:url\" content=\"https:\/\/www.welovecycling.com\/hu\/biztonsag\/10-dolog-amit-feltetlenul-ellenorizz-mielott-eloszor-indulnal-el-az-uj-bringaddal\/\" \/>\n<meta property=\"og:site_name\" content=\"\u0160koda We Love Cycling - Magyarorsz\u00e1g\" \/>\n<meta property=\"article:publisher\" content=\"https:\/\/www.facebook.com\/WeLoveCyclingHungary\/\" \/>\n<meta property=\"article:published_time\" content=\"2018-11-29T13:00:24+00:00\" \/>\n<meta property=\"og:image\" content=\"https:\/\/d2p6e6u75xmxt8.cloudfront.net\/12\/2018\/11\/bicycle-bike-blue-1149601-1024x633.jpg\" \/>\n\t<meta property=\"og:image:width\" content=\"1024\" \/>\n\t<meta property=\"og:image:height\" content=\"633\" \/>\n\t<meta property=\"og:image:type\" content=\"image\/jpeg\" \/>\n<meta name=\"author\" content=\"hegyizs\" \/>\n<meta name=\"twitter:card\" content=\"summary_large_image\" \/>\n<meta name=\"twitter:label1\" content=\"Written by\" \/>\n\t<meta name=\"twitter:data1\" content=\"hegyizs\" \/>\n\t<meta name=\"twitter:label2\" content=\"Est. reading time\" \/>\n\t<meta name=\"twitter:data2\" content=\"2 minutes\" \/>\n<script type=\"application\/ld+json\" class=\"yoast-schema-graph\">{\"@context\":\"https:\/\/schema.org\",\"@graph\":[{\"@type\":\"WebPage\",\"@id\":\"https:\/\/www.welovecycling.com\/hu\/biztonsag\/10-dolog-amit-feltetlenul-ellenorizz-mielott-eloszor-indulnal-el-az-uj-bringaddal\/\",\"url\":\"https:\/\/www.welovecycling.com\/hu\/biztonsag\/10-dolog-amit-feltetlenul-ellenorizz-mielott-eloszor-indulnal-el-az-uj-bringaddal\/\",\"name\":\"10 dolog, amit felt\u00e9tlen\u00fcl ellen\u0151rizz, miel\u0151tt el\u0151sz\u00f6r induln\u00e1l el az \u00faj bring\u00e1ddal! - \u0160koda We Love Cycling - Magyarorsz\u00e1g\",\"isPartOf\":{\"@id\":\"https:\/\/www.welovecycling.com\/hu\/#website\"},\"primaryImageOfPage\":{\"@id\":\"https:\/\/www.welovecycling.com\/hu\/biztonsag\/10-dolog-amit-feltetlenul-ellenorizz-mielott-eloszor-indulnal-el-az-uj-bringaddal\/#primaryimage\"},\"image\":{\"@id\":\"https:\/\/www.welovecycling.com\/hu\/biztonsag\/10-dolog-amit-feltetlenul-ellenorizz-mielott-eloszor-indulnal-el-az-uj-bringaddal\/#primaryimage\"},\"thumbnailUrl\":\"https:\/\/d2p6e6u75xmxt8.cloudfront.net\/12\/2018\/11\/bicycle-bike-blue-1149601.jpg\",\"datePublished\":\"2018-11-29T13:00:24+00:00\",\"author\":{\"@id\":\"https:\/\/www.welovecycling.com\/hu\/#\/schema\/person\/414a2aebf1801691a5320edb6468e194\"},\"breadcrumb\":{\"@id\":\"https:\/\/www.welovecycling.com\/hu\/biztonsag\/10-dolog-amit-feltetlenul-ellenorizz-mielott-eloszor-indulnal-el-az-uj-bringaddal\/#breadcrumb\"},\"inLanguage\":\"hu\",\"potentialAction\":[{\"@type\":\"ReadAction\",\"target\":[\"https:\/\/www.welovecycling.com\/hu\/biztonsag\/10-dolog-amit-feltetlenul-ellenorizz-mielott-eloszor-indulnal-el-az-uj-bringaddal\/\"]}]},{\"@type\":\"ImageObject\",\"inLanguage\":\"hu\",\"@id\":\"https:\/\/www.welovecycling.com\/hu\/biztonsag\/10-dolog-amit-feltetlenul-ellenorizz-mielott-eloszor-indulnal-el-az-uj-bringaddal\/#primaryimage\",\"url\":\"https:\/\/d2p6e6u75xmxt8.cloudfront.net\/12\/2018\/11\/bicycle-bike-blue-1149601.jpg\",\"contentUrl\":\"https:\/\/d2p6e6u75xmxt8.cloudfront.net\/12\/2018\/11\/bicycle-bike-blue-1149601.jpg\",\"width\":5853,\"height\":3617},{\"@type\":\"BreadcrumbList\",\"@id\":\"https:\/\/www.welovecycling.com\/hu\/biztonsag\/10-dolog-amit-feltetlenul-ellenorizz-mielott-eloszor-indulnal-el-az-uj-bringaddal\/#breadcrumb\",\"itemListElement\":[{\"@type\":\"ListItem\",\"position\":1,\"name\":\"Home\",\"item\":\"https:\/\/www.welovecycling.com\/hu\/\"},{\"@type\":\"ListItem\",\"position\":2,\"name\":\"10 dolog, amit felt\u00e9tlen\u00fcl ellen\u0151rizz, miel\u0151tt el\u0151sz\u00f6r induln\u00e1l el az \u00faj bring\u00e1ddal!\"}]},{\"@type\":\"WebSite\",\"@id\":\"https:\/\/www.welovecycling.com\/hu\/#website\",\"url\":\"https:\/\/www.welovecycling.com\/hu\/\",\"name\":\"\u0160koda We Love Cycling - Magyarorsz\u00e1g\",\"description\":\"\u0160koda WeLoveCycling\",\"potentialAction\":[{\"@type\":\"SearchAction\",\"target\":{\"@type\":\"EntryPoint\",\"urlTemplate\":\"https:\/\/www.welovecycling.com\/hu\/?s={search_term_string}\"},\"query-input\":{\"@type\":\"PropertyValueSpecification\",\"valueRequired\":true,\"valueName\":\"search_term_string\"}}],\"inLanguage\":\"hu\"},{\"@type\":\"Person\",\"@id\":\"https:\/\/www.welovecycling.com\/hu\/#\/schema\/person\/414a2aebf1801691a5320edb6468e194\",\"name\":\"hegyizs\",\"image\":{\"@type\":\"ImageObject\",\"inLanguage\":\"hu\",\"@id\":\"https:\/\/www.welovecycling.com\/hu\/#\/schema\/person\/image\/\",\"url\":\"https:\/\/secure.gravatar.com\/avatar\/02cf8a7906b8cf90cecb4679defac7cfd33a1c2e3b88e4903d947f3bb58eedd3?s=96&d=mm&r=g\",\"contentUrl\":\"https:\/\/secure.gravatar.com\/avatar\/02cf8a7906b8cf90cecb4679defac7cfd33a1c2e3b88e4903d947f3bb58eedd3?s=96&d=mm&r=g\",\"caption\":\"hegyizs\"},\"url\":\"https:\/\/www.welovecycling.com\/hu\/author\/hegyizs\/\"}]}<\/script>\n<!-- \/ Yoast SEO Premium plugin. -->","yoast_head_json":{"title":"10 dolog, amit felt\u00e9tlen\u00fcl ellen\u0151rizz, miel\u0151tt el\u0151sz\u00f6r induln\u00e1l el az \u00faj bring\u00e1ddal! - \u0160koda We Love Cycling - Magyarorsz\u00e1g","robots":{"index":"index","follow":"follow","max-snippet":"max-snippet:-1","max-image-preview":"max-image-preview:large","max-video-preview":"max-video-preview:-1"},"canonical":"https:\/\/www.welovecycling.com\/hu\/biztonsag\/10-dolog-amit-feltetlenul-ellenorizz-mielott-eloszor-indulnal-el-az-uj-bringaddal\/","og_locale":"hu_HU","og_type":"article","og_title":"10 dolog, amit felt\u00e9tlen\u00fcl ellen\u0151rizz, miel\u0151tt el\u0151sz\u00f6r induln\u00e1l el az \u00faj bring\u00e1ddal!","og_description":"01 K\u00e9nyelem! Tal\u00e1n a legfontosabb dolog. A legt\u00f6bb boltban seg\u00edtenek be\u00e1ll\u00edtani a megfelel\u0151 \u00fcl\u00e9s- \u00e9s korm\u00e1nymagass\u00e1got, azonban, ha online v\u00e1s\u00e1rolsz [&hellip;]","og_url":"https:\/\/www.welovecycling.com\/hu\/biztonsag\/10-dolog-amit-feltetlenul-ellenorizz-mielott-eloszor-indulnal-el-az-uj-bringaddal\/","og_site_name":"\u0160koda We Love Cycling - Magyarorsz\u00e1g","article_publisher":"https:\/\/www.facebook.com\/WeLoveCyclingHungary\/","article_published_time":"2018-11-29T13:00:24+00:00","og_image":[{"width":1024,"height":633,"url":"https:\/\/d2p6e6u75xmxt8.cloudfront.net\/12\/2018\/11\/bicycle-bike-blue-1149601-1024x633.jpg","type":"image\/jpeg"}],"author":"hegyizs","twitter_card":"summary_large_image","twitter_misc":{"Written by":"hegyizs","Est. reading time":"2 minutes"},"schema":{"@context":"https:\/\/schema.org","@graph":[{"@type":"WebPage","@id":"https:\/\/www.welovecycling.com\/hu\/biztonsag\/10-dolog-amit-feltetlenul-ellenorizz-mielott-eloszor-indulnal-el-az-uj-bringaddal\/","url":"https:\/\/www.welovecycling.com\/hu\/biztonsag\/10-dolog-amit-feltetlenul-ellenorizz-mielott-eloszor-indulnal-el-az-uj-bringaddal\/","name":"10 dolog, amit felt\u00e9tlen\u00fcl ellen\u0151rizz, miel\u0151tt el\u0151sz\u00f6r induln\u00e1l el az \u00faj bring\u00e1ddal! - \u0160koda We Love Cycling - Magyarorsz\u00e1g","isPartOf":{"@id":"https:\/\/www.welovecycling.com\/hu\/#website"},"primaryImageOfPage":{"@id":"https:\/\/www.welovecycling.com\/hu\/biztonsag\/10-dolog-amit-feltetlenul-ellenorizz-mielott-eloszor-indulnal-el-az-uj-bringaddal\/#primaryimage"},"image":{"@id":"https:\/\/www.welovecycling.com\/hu\/biztonsag\/10-dolog-amit-feltetlenul-ellenorizz-mielott-eloszor-indulnal-el-az-uj-bringaddal\/#primaryimage"},"thumbnailUrl":"https:\/\/d2p6e6u75xmxt8.cloudfront.net\/12\/2018\/11\/bicycle-bike-blue-1149601.jpg","datePublished":"2018-11-29T13:00:24+00:00","author":{"@id":"https:\/\/www.welovecycling.com\/hu\/#\/schema\/person\/414a2aebf1801691a5320edb6468e194"},"breadcrumb":{"@id":"https:\/\/www.welovecycling.com\/hu\/biztonsag\/10-dolog-amit-feltetlenul-ellenorizz-mielott-eloszor-indulnal-el-az-uj-bringaddal\/#breadcrumb"},"inLanguage":"hu","potentialAction":[{"@type":"ReadAction","target":["https:\/\/www.welovecycling.com\/hu\/biztonsag\/10-dolog-amit-feltetlenul-ellenorizz-mielott-eloszor-indulnal-el-az-uj-bringaddal\/"]}]},{"@type":"ImageObject","inLanguage":"hu","@id":"https:\/\/www.welovecycling.com\/hu\/biztonsag\/10-dolog-amit-feltetlenul-ellenorizz-mielott-eloszor-indulnal-el-az-uj-bringaddal\/#primaryimage","url":"https:\/\/d2p6e6u75xmxt8.cloudfront.net\/12\/2018\/11\/bicycle-bike-blue-1149601.jpg","contentUrl":"https:\/\/d2p6e6u75xmxt8.cloudfront.net\/12\/2018\/11\/bicycle-bike-blue-1149601.jpg","width":5853,"height":3617},{"@type":"BreadcrumbList","@id":"https:\/\/www.welovecycling.com\/hu\/biztonsag\/10-dolog-amit-feltetlenul-ellenorizz-mielott-eloszor-indulnal-el-az-uj-bringaddal\/#breadcrumb","itemListElement":[{"@type":"ListItem","position":1,"name":"Home","item":"https:\/\/www.welovecycling.com\/hu\/"},{"@type":"ListItem","position":2,"name":"10 dolog, amit felt\u00e9tlen\u00fcl ellen\u0151rizz, miel\u0151tt el\u0151sz\u00f6r induln\u00e1l el az \u00faj bring\u00e1ddal!"}]},{"@type":"WebSite","@id":"https:\/\/www.welovecycling.com\/hu\/#website","url":"https:\/\/www.welovecycling.com\/hu\/","name":"\u0160koda We Love Cycling - Magyarorsz\u00e1g","description":"\u0160koda WeLoveCycling","potentialAction":[{"@type":"SearchAction","target":{"@type":"EntryPoint","urlTemplate":"https:\/\/www.welovecycling.com\/hu\/?s={search_term_string}"},"query-input":{"@type":"PropertyValueSpecification","valueRequired":true,"valueName":"search_term_string"}}],"inLanguage":"hu"},{"@type":"Person","@id":"https:\/\/www.welovecycling.com\/hu\/#\/schema\/person\/414a2aebf1801691a5320edb6468e194","name":"hegyizs","image":{"@type":"ImageObject","inLanguage":"hu","@id":"https:\/\/www.welovecycling.com\/hu\/#\/schema\/person\/image\/","url":"https:\/\/secure.gravatar.com\/avatar\/02cf8a7906b8cf90cecb4679defac7cfd33a1c2e3b88e4903d947f3bb58eedd3?s=96&d=mm&r=g","contentUrl":"https:\/\/secure.gravatar.com\/avatar\/02cf8a7906b8cf90cecb4679defac7cfd33a1c2e3b88e4903d947f3bb58eedd3?s=96&d=mm&r=g","caption":"hegyizs"},"url":"https:\/\/www.welovecycling.com\/hu\/author\/hegyizs\/"}]}},"_links":{"self":[{"href":"https:\/\/www.welovecycling.com\/hu\/wp-json\/wp\/v2\/posts\/2405","targetHints":{"allow":["GET"]}}],"collection":[{"href":"https:\/\/www.welovecycling.com\/hu\/wp-json\/wp\/v2\/posts"}],"about":[{"href":"https:\/\/www.welovecycling.com\/hu\/wp-json\/wp\/v2\/types\/post"}],"author":[{"embeddable":true,"href":"https:\/\/www.welovecycling.com\/hu\/wp-json\/wp\/v2\/users\/71"}],"replies":[{"embeddable":true,"href":"https:\/\/www.welovecycling.com\/hu\/wp-json\/wp\/v2\/comments?post=2405"}],"version-history":[{"count":1,"href":"https:\/\/www.welovecycling.com\/hu\/wp-json\/wp\/v2\/posts\/2405\/revisions"}],"predecessor-version":[{"id":2409,"href":"https:\/\/www.welovecycling.com\/hu\/wp-json\/wp\/v2\/posts\/2405\/revisions\/2409"}],"wp:featuredmedia":[{"embeddable":true,"href":"https:\/\/www.welovecycling.com\/hu\/wp-json\/wp\/v2\/media\/2408"}],"wp:attachment":[{"href":"https:\/\/www.welovecycling.com\/hu\/wp-json\/wp\/v2\/media?parent=2405"}],"wp:term":[{"taxonomy":"category","embeddable":true,"href":"https:\/\/www.welovecycling.com\/hu\/wp-json\/wp\/v2\/categories?post=2405"},{"taxonomy":"post_tag","embeddable":true,"href":"https:\/\/www.welovecycling.com\/hu\/wp-json\/wp\/v2\/tags?post=2405"},{"taxonomy":"global-categories","embeddable":true,"href":"https:\/\/www.welovecycling.com\/hu\/wp-json\/wp\/v2\/global-categories?post=2405"}],"curies":[{"name":"wp","href":"https:\/\/api.w.org\/{rel}","templated":true}]}}