{"id":2373,"date":"2018-11-27T10:00:12","date_gmt":"2018-11-27T10:00:12","guid":{"rendered":"https:\/\/www.welovecycling.com\/hu\/?p=2373"},"modified":"2018-11-27T10:22:36","modified_gmt":"2018-11-27T10:22:36","slug":"kerekparos-biztonsag-avagy-dolgok-amiket-minden-szulonek-tudnia-kell","status":"publish","type":"post","link":"https:\/\/www.welovecycling.com\/hu\/csalad\/kerekparos-biztonsag-avagy-dolgok-amiket-minden-szulonek-tudnia-kell\/","title":{"rendered":"Ker\u00e9kp\u00e1ros biztons\u00e1g, avagy dolgok, amiket minden sz\u00fcl\u0151nek tudnia kell"},"content":{"rendered":"<p><strong>A ker\u00e9kp\u00e1roz\u00e1s sz\u00f3rakoztat\u00f3, eg\u00e9szs\u00e9ges \u00e9s igen praktikus. A gyerekek sz\u00e1m\u00e1ra biciklizni tudni \u00e9s azzal k\u00f6zlekedni pedig egyfajta m\u00e9rf\u00f6ldk\u0151. A &#8220;bic\u00f3z\u00e1s&#8221; alapvet\u0151en biztons\u00e1gos m\u00f3dja a k\u00f6zleked\u00e9snek, azonban 1-2, k\u00f6nnyen elker\u00fclhet\u0151 hib\u00e1b\u00f3l fakad\u00f3an sz\u00e1mos gyermek s\u00e9r\u00fcl meg teker\u00e9s k\u00f6zben, ami n\u00e9h\u00e1ny szab\u00e1ly betart\u00e1s\u00e1val, illetve betartat\u00e1s\u00e1val elker\u00fclhet\u0151 lenne.<\/strong><\/p>\n<p><span style=\"font-size: 14pt;\"><strong>H\u00e1ny \u00e9ves kort\u00f3l?<\/strong><\/span><\/p>\n<p>10 \u00e9ves kor alatt bizony csak kev\u00e9s gyerek l\u00e1tja \u00e1t, pontosan hogyan is m\u0171k\u00f6dik a forgalom az utc\u00e1n. Jellemz\u0151en nehezen \u00edt\u00e9lik meg a mozg\u00f3 j\u00e1rm\u0171vek sebess\u00e9g\u00e9t \u00e9s t\u00e1vols\u00e1g\u00e1t, illetve nehezen k\u00fcl\u00f6nb\u00f6ztetik meg a forgalomb\u00f3l kisz\u0171r\u0151d\u0151 zajokat. Tipikus eset, hogy a gyermek azt gondolja, ha \u0151 l\u00e1tja a k\u00f6zeled\u0151 aut\u00f3t, akkor a g\u00e9pj\u00e1rm\u0171vet vezet\u0151 szem\u00e9ly is l\u00e1tja \u0151t. A gyerekeket \u00e9ppen ez\u00e9rt \u00fagy c\u00e9lszer\u0171 bevezetni a ker\u00e9kp\u00e1roz\u00e1s rejtelmeibe, ha el\u0151bb alapvet\u0151 szab\u00e1lyokat tan\u00edtunk nekik, egyszer\u0171, k\u00f6vethet\u0151 s\u00e9ma alapj\u00e1n. Ilyen s\u00e9ma a szabad-nem szabad logika, amit a gyerekek, m\u00e1s t\u00e1rsas szitu\u00e1ci\u00f3b\u00f3l m\u00e1r j\u00f3l ismerhetnek, \u00edgy elsaj\u00e1t\u00edt\u00e1sa ezeknek a szab\u00e1lyoknak j\u00f3 alapj\u00e1t k\u00e9pzik a bonyolultabb, t\u00f6bbsz\u00f6r\u00f6s felt\u00e9telekkel b\u00edr\u00f3 k\u00f6zleked\u00e9si norm\u00e1knak.<\/p>\n<p><span style=\"font-size: 14pt;\"><strong>Kezd\u0151 szab\u00e1lyok, kezd\u0151 bring\u00e1soknak:<\/strong><\/span><\/p>\n<ol>\n<li>Nem j\u00e1tszunk az \u00fat k\u00f6zep\u00e9n<\/li>\n<li>Nem bicikliz\u00fcnk forgalmas \u00fatszakaszon<\/li>\n<li>Nem bicikliz\u00fcnk olyan \u00fatszakaszon, ahol kor\u00e1bban m\u00e9g nem j\u00e1rtunk<\/li>\n<li>Nem hajtunk \u00e1t stop t\u00e1bl\u00e1n\u00e1l meg\u00e1ll\u00e1s n\u00e9lk\u00fcl<\/li>\n<li>Nem bicikliz\u00fcnk a forgalommal szemben<\/li>\n<li>Nem bicikliz\u00fcnk buk\u00f3sisak n\u00e9lk\u00fcl<\/li>\n<\/ol>\n<p>Ezek a szab\u00e1lyok persze nem k\u00e9sz\u00edtik fel a gyereket, hogy \u00f6n\u00e1ll\u00f3an ker\u00e9kp\u00e1rozzon, de ha a fenti felsorol\u00e1s r\u00f6gz\u0151dik gyerk\u0151c\u00fcnk fej\u00e9ben, egyes szitu\u00e1ci\u00f3kban \u00f6szt\u00f6n\u00f6sen cselekszik majd, ami nagyban hozz\u00e1j\u00e1rul, hogy biztons\u00e1gosabban bring\u00e1zhasson.<\/p>\n<p><a href=\"https:\/\/d2p6e6u75xmxt8.cloudfront.net\/12\/2018\/11\/adventure-backpack-bicycle-1605943.jpg\"><img loading=\"lazy\" decoding=\"async\" class=\"aligncenter size-full wp-image-2379\" src=\"https:\/\/d2p6e6u75xmxt8.cloudfront.net\/12\/2018\/11\/adventure-backpack-bicycle-1605943.jpg\" alt=\"\" width=\"6016\" height=\"4016\" srcset=\"https:\/\/d2p6e6u75xmxt8.cloudfront.net\/12\/2018\/11\/adventure-backpack-bicycle-1605943.jpg 6016w, https:\/\/d2p6e6u75xmxt8.cloudfront.net\/12\/2018\/11\/adventure-backpack-bicycle-1605943-300x200.jpg 300w, https:\/\/d2p6e6u75xmxt8.cloudfront.net\/12\/2018\/11\/adventure-backpack-bicycle-1605943-768x513.jpg 768w, https:\/\/d2p6e6u75xmxt8.cloudfront.net\/12\/2018\/11\/adventure-backpack-bicycle-1605943-1024x684.jpg 1024w, https:\/\/d2p6e6u75xmxt8.cloudfront.net\/12\/2018\/11\/adventure-backpack-bicycle-1605943-1920x1282.jpg 1920w, https:\/\/d2p6e6u75xmxt8.cloudfront.net\/12\/2018\/11\/adventure-backpack-bicycle-1605943-272x182.jpg 272w, https:\/\/d2p6e6u75xmxt8.cloudfront.net\/12\/2018\/11\/adventure-backpack-bicycle-1605943-1920x1282.jpg 1920w\" sizes=\"auto, (max-width: 6016px) 100vw, 6016px\" \/><\/a><\/p>\n<p><span style=\"font-size: 14pt;\"><strong>T\u00e9vhitek<\/strong><\/span><\/p>\n<p>Vannak bizonyos t\u00e9vhitek, amiket \u00e9rdemes magunkban \u00e9s gyerek\u00fcnkben is eloszlatni, k\u00fcl\u00f6nben r\u00e1z\u00f3s helyzetekbe keverhetj\u00fck kezd\u0151 bring\u00e1sunkat.<\/p>\n<p><strong>01 &#8220;Ker\u00e9kp\u00e1rral jobb forgalommal szemben tekerni, mert k\u00f6nnyebben \u00e9szrevesznek minket&#8221;<\/strong><\/p>\n<p>Ez a k\u00f6zkelet\u0171 legenda a gyerekek k\u00f6r\u00e9ben a t\u00far\u00e1z\u00e1sok alkalm\u00e1val l\u00e1tott szab\u00e1lyb\u00f3l ered, amikor is a kir\u00e1ndul\u00f3csoport jellemz\u0151en a forgalommal szemben s\u00e9t\u00e1l az \u00fat sz\u00e9l\u00e9n, ez azonban ker\u00e9kp\u00e1rral extr\u00e9m vesz\u00e9lyes. Tan\u00edtsuk meg gyerek\u00fcnknek, hogy minden esetben \u00fagy \u00e9s ott ker\u00e9kp\u00e1rozzon, ahogy a forgalom tov\u00e1bbi r\u00e9sztvev\u0151i sz\u00e1m\u00edtanak r\u00e1!<\/p>\n<p><strong>02 &#8220;Nem baj, ha nagyobb a v\u00e1z, majd \u201ebelen\u0151\u201d!&#8221;<\/strong><\/p>\n<p>T\u00e9ves. Egy nem megfelel\u0151en kiv\u00e1lasztott v\u00e1z sz\u00e1mos vesz\u00e9lyt jelent, gyerek\u00fcnk egy magasabb v\u00e1zon\/nyeregben k\u00f6nnyebben kibillen, illetve a ker\u00e9kp\u00e1r s\u00faly\u00e1t is nehezebben kezeli majd, r\u00e1ad\u00e1sul mindezek k\u00f6vetkezm\u00e9nyek\u00e9nt reakci\u00f3ideje is megn\u0151. Ide\u00e1lis esetben a gyereknek k\u00e9pesnek kell lennie k\u00e9t l\u00e1bon \u00e1llni a f\u00f6ld\u00f6n \u00fagy, hogy a v\u00e1z tov\u00e1bbra is a l\u00e1bai k\u00f6z\u00f6tt fut (n\u0151i v\u00e1z eset\u00e9ben az \u00fcl\u00e9s magass\u00e1got figyelj\u00fck).<\/p>\n<p><strong>03 &#8220;A gyereknek sz\u00fcks\u00e9ge van 21 sebess\u00e9ges montira!&#8221;<\/strong><\/p>\n<p>Vagy ink\u00e1bb m\u00e9gsincs. Hanyagold a bonyolultabb bring\u00e1kat arra az id\u0151szakra, ha m\u00e1r magabiztosan biciklizik, a kezdeti id\u0151kben ugyanis a rengeteg fokozat, s\u0151t m\u00e1r a v\u00e1lt\u00e1s lehet\u0151s\u00e9ge is rosszkor zavarhatja meg apr\u00f3 bring\u00e1sunkat, akinek m\u00e9g a teker\u00e9s \u00e9s a korm\u00e1nyz\u00e1s is kih\u00edv\u00e1s lehet bizonyos helyzetekben. Az a biztos, ha egy egysebess\u00e9ges (nem fixi!), teljesen alap ker\u00e9kp\u00e1rt veszel, ak\u00e1r kontraf\u00e9kkel.<\/p>\n<p><strong>04 &#8220;A mi k\u00f6rny\u00e9k\u00fcnk\u00f6n nincs akkor forgalom, nem kell agg\u00f3dnunk.&#8221;<\/strong><\/p>\n<p>A legt\u00f6bb ker\u00e9kp\u00e1ros baleset a csendesebb k\u00f6rny\u00e9ken t\u00f6rt\u00e9nik. Forgalmasabb \u00fatszakaszon val\u00f3ban kevesebb gyermeket \u00e9r ker\u00e9kp\u00e1ros baleset, l\u00e9v\u00e9n a sz\u00fcleik nem engedik ki \u0151ket a forgalomba, azonban ez nem akad\u00e1lyozza meg a dug\u00f3ban rostokol\u00f3 aut\u00f3st\/aut\u00f3sokat, hogy kiker\u00fclj\u00e9k a forgalmat a csendes kis utc\u00e1kban. A baj \u00e1ltal\u00e1ban ekkor t\u00f6rt\u00e9nik meg, egy kezd\u0151 bring\u00e1st m\u00e1r ak\u00e1r egy aut\u00f3 hirtelen megjelen\u00e9se is kiz\u00f6kkenthet a magabiztoss\u00e1g\u00e1b\u00f3l.<\/p>\n<p><a href=\"https:\/\/d2p6e6u75xmxt8.cloudfront.net\/12\/2018\/11\/action-bike-boy-175353.jpg\"><img loading=\"lazy\" decoding=\"async\" class=\"aligncenter size-full wp-image-2378\" src=\"https:\/\/d2p6e6u75xmxt8.cloudfront.net\/12\/2018\/11\/action-bike-boy-175353.jpg\" alt=\"\" width=\"2992\" height=\"2000\" srcset=\"https:\/\/d2p6e6u75xmxt8.cloudfront.net\/12\/2018\/11\/action-bike-boy-175353.jpg 2992w, https:\/\/d2p6e6u75xmxt8.cloudfront.net\/12\/2018\/11\/action-bike-boy-175353-300x201.jpg 300w, https:\/\/d2p6e6u75xmxt8.cloudfront.net\/12\/2018\/11\/action-bike-boy-175353-768x513.jpg 768w, https:\/\/d2p6e6u75xmxt8.cloudfront.net\/12\/2018\/11\/action-bike-boy-175353-1024x684.jpg 1024w, https:\/\/d2p6e6u75xmxt8.cloudfront.net\/12\/2018\/11\/action-bike-boy-175353-1920x1283.jpg 1920w, https:\/\/d2p6e6u75xmxt8.cloudfront.net\/12\/2018\/11\/action-bike-boy-175353-272x182.jpg 272w, https:\/\/d2p6e6u75xmxt8.cloudfront.net\/12\/2018\/11\/action-bike-boy-175353-1920x1283.jpg 1920w\" sizes=\"auto, (max-width: 2992px) 100vw, 2992px\" \/><\/a><\/p>\n<p><span style=\"font-size: 14pt;\"><strong>Tipikus balesett\u00edpusok<\/strong><\/span><\/p>\n<p>Vegy\u00fck \u00e1t, mik azok a jellemz\u0151 k\u00f6zleked\u00e9si szitu\u00e1ci\u00f3k, amikre felt\u00e9tlen\u00fcl fel kell h\u00edvnod gyermeked figyelm\u00e9t.<\/p>\n<p><strong>01 baleset: Utc\u00e1b\u00f3l kihajt\u00e1s lass\u00edt\u00e1s n\u00e9lk\u00fcl<\/strong><\/p>\n<p>Az egyik legvesz\u00e9lyesebb szitu\u00e1ci\u00f3. A baj \u00e1ltal\u00e1ban nem csak abb\u00f3l fakad, hogy az utc\u00e1b\u00f3l kibicikliz\u0151 gyerek nem n\u00e9z k\u00f6rbe, hanem abb\u00f3l is, hogy egy parkol\u00f3 aut\u00f3 kitakarja az \u00e9rkez\u0151 g\u00e9pj\u00e1rm\u0171vet. A k\u00f6rben\u00e9z\u00e9s teh\u00e1t nem el\u00e9g, meg kell tan\u00edtatunk gyermek\u00fcnknek, hogy ilyen esetekben, a l\u00e1tsz\u00f3lag biztons\u00e1gos k\u00f6r\u00fclm\u00e9nyek ellen\u00e9re is lass\u00edtania kell.<\/p>\n<p><strong>02 baleset: Stop t\u00e1bla figyelmen k\u00edv\u00fcl hagy\u00e1sa<\/strong><\/p>\n<p>B\u00e1r k\u00e9zenfekv\u0151, hogy a gyermeknek megtan\u00edtjuk a stop t\u00e1bla jelent\u00e9s\u00e9t, ne felejts\u00fck el, hogy mi vagyunk gyerek\u00fcnk els\u0151 sz\u00e1m\u00fa p\u00e9ldak\u00e9pe, \u00edgy minden esetben, ha egy\u00fctt bring\u00e1ztok, esetleg aut\u00f3ban \u00fclt\u00f6k, te is t\u00e9gy a szab\u00e1lyok szerint, m\u00e9g akkor is, ha m\u00e1r a keresztez\u0151d\u00e9shez \u00e9rkez\u00e9s el\u0151tt meggy\u0151z\u0151dt\u00e9l r\u00f3la, hogy \u00e1thajthattok lass\u00edt\u00e1s n\u00e9lk\u00fcl. Ne tedd!<\/p>\n<p><strong>03 baleset: Kanyarod\u00e1s k\u00f6r\u00fcltekint\u00e9s n\u00e9lk\u00fcl<\/strong><\/p>\n<p>A figyelmet sok minden elvonhatja ker\u00e9kp\u00e1roz\u00e1s k\u00f6zben, az \u00e1lmodoz\u00f3 biciklisre pedig k\u00fcl\u00f6n\u00f6sen vesz\u00e9lyes az a kanyar, ami el\u0151tt nem n\u00e9zett maga m\u00f6g\u00e9, hogy nem k\u00f6zeledik-e g\u00e9pj\u00e1rm\u0171. A legjobb megold\u00e1s azokra a szitu\u00e1ci\u00f3kra, amikor a ker\u00e9kp\u00e1ros \u00fatja keresztezi a forgalom\u00e9t, hogy k\u00e9zjelz\u00e9ssel, j\u00f3val a kanyarod\u00e1s el\u0151tt jelezze a forgalom tov\u00e1bbi szerepl\u0151inek, hogy kanyarodni fog. Ha \u00f6sszezavarodott vagy t\u00falizgulja a kanyarod\u00e1st, tan\u00edtsd meg neki, hogy sz\u00e1lljon le a bring\u00e1r\u00f3l, \u00e9s a legk\u00f6zelebbi zebr\u00e1n keljen \u00e1t az adott \u00fatszakaszon.<\/p>\n<p><span style=\"font-size: 14pt;\"><strong>A legalapvet\u0151bb ker\u00e9kp\u00e1ros k\u00e9pess\u00e9gek gyermekek r\u00e9sz\u00e9re<\/strong><\/span><\/p>\n<p>Ha a szab\u00e1lyok tiszt\u00e1k, gyerek\u00fcnk \u00e9rti \u00e9s \u00e1tl\u00e1tja mit szabad \u00e9s mit nem, nem \u00e1rt, ha meggy\u0151z\u0151d\u00fcnk, val\u00f3ban k\u00e9pes-e magabiztosan ker\u00e9kp\u00e1rozni.<\/p>\n<p><strong>01 Tud-e egyenes vonalon magabiztosan tekerni?<\/strong><\/p>\n<p>Hosszabb t\u00e1von m\u00e9g a feln\u0151ttek k\u00f6z\u00fcl sem k\u00e9pes erre mindenki, ez\u00e9rt ne vegy\u00fck f\u00e9lv\u00e1llr\u00f3l! Menjetek ki a k\u00f6zeli parkba, j\u00e1tsz\u00f3t\u00e9rre vagy \u00e9pp parkol\u00f3ba, keressetek egy egyenes vonalat \u00e9s gyakoroljatok kitart\u00f3an! Els\u0151re nem t\u0171nik t\u00fal izgalmasnak, de a gyerekek rendszerint \u00e9lvezni szokt\u00e1k ezt a gyakorlatot (&#8220;a vonalon k\u00edv\u00fcl l\u00e1va van!&#8221;), ami r\u00e1ad\u00e1sul rendk\u00edv\u00fcl hasznos. Fontos, hogy megtan\u00edtsuk, a vonalat nem \u00fagy tudja legk\u00f6nnyebben k\u00f6vetni, ha mag\u00e1t a vonalat n\u00e9zi, ink\u00e1bb a h\u00e1t\u00e1t \u00e9s fej\u00e9t egyenesen tartva, a horizontot k\u00f6vetve lesz igaz\u00e1n siker\u00e9lm\u00e9nye ebben a feladatban.<\/p>\n<p><strong>02 H\u00e1tra tud fordulni \u00fagy, hogy nem t\u00e9r el az \u00fatir\u00e1nyt\u00f3l?<\/strong><\/p>\n<p>A forgalomban sokszor kell majd balra, jobb vagy \u00e9pp h\u00e1tra n\u00e9zni, ezek k\u00f6z\u00fcl ut\u00f3bbi ig\u00e9nyli a legt\u00f6bb gyakorl\u00e1st, ugyanis h\u00e1tra fordul\u00e1skor sokan kit\u00e9rnek az eredeti ir\u00e1nyb\u00f3l, ami rendk\u00edv\u00fcl vesz\u00e9lyes, ha \u00fattesten ker\u00e9kp\u00e1rozunk.<\/p>\n<p><strong>03 Meg tud-e \u00e1llni magabiztosan?<\/strong><\/p>\n<p>A sebess\u00e9g \u00e9s t\u00e1vols\u00e1g felm\u00e9r\u00e9se igen fontos tulajdons\u00e1g ker\u00e9kp\u00e1roz\u00e1s k\u00f6zben. Gyakorolj\u00e1tok, hogy egy szivacsot teszel az aszfaltra, majd az el\u0151tt kell gyermekednek meg\u00e1llnia, hogy hozz\u00e1\u00e9rne. Apr\u00e1nk\u00e9nt pr\u00f3b\u00e1lj\u00e1tok meg egyre gyorsabb sebess\u00e9gr\u0151l a f\u00e9kez\u00e9st, \u00edgy gyereked megtanulhatja, hogy bizonyos sebess\u00e9gr\u0151l a f\u00e9kek kell\u0151 haszn\u00e1lata mellette mekkora f\u00e9k\u00fatra van sz\u00fcks\u00e9g a meg\u00e1ll\u00e1shoz. Ha ez a r\u00e9sz m\u00e1r megy, pr\u00f3b\u00e1lj\u00e1tok ki egy lejt\u0151s \u00fatszakaszon, \u00edgy egy \u00fajabb hasznos tapasztal\u00e1ssal engedheted \u00fatj\u00e1ra majd gyermeked.<\/p>\n<p><strong>+1 Fel van-e k\u00e9sz\u00fclve, hogy s\u00f6t\u00e9tben ker\u00e9kp\u00e1rozzon?<\/strong><\/p>\n<p>Ez ig\u00e9nyel n\u00e9mi speci\u00e1lis felk\u00e9sz\u00fcl\u00e9st, de gyakorolnotok kell, hogy mennyivel m\u00e1sabb kivil\u00e1g\u00edtott vagy gy\u00e9r f\u00e9ny\u0171 \u00fatszakaszon ker\u00e9kp\u00e1rozni. Fontos, hogy meg\u00e9rtesd gyerekeddel, ha \u00fagy l\u00e1tja, nem k\u00e9pes biztons\u00e1gban hazabiciklizni s\u00f6t\u00e9tben, ne \u00e9lje meg kudarck\u00e9nt, hanem nyugodtan k\u00e9rjen meg r\u00e1, hogy menj el \u00e9rte aut\u00f3val. Legk\u00f6zelebb majd jobban megy neki!<\/p>\n<p><a href=\"https:\/\/d2p6e6u75xmxt8.cloudfront.net\/12\/2018\/11\/action-bicycle-bike-735691.jpg\"><img loading=\"lazy\" decoding=\"async\" class=\"aligncenter size-full wp-image-2380\" src=\"https:\/\/d2p6e6u75xmxt8.cloudfront.net\/12\/2018\/11\/action-bicycle-bike-735691.jpg\" alt=\"\" width=\"3850\" height=\"2251\" srcset=\"https:\/\/d2p6e6u75xmxt8.cloudfront.net\/12\/2018\/11\/action-bicycle-bike-735691.jpg 3850w, https:\/\/d2p6e6u75xmxt8.cloudfront.net\/12\/2018\/11\/action-bicycle-bike-735691-300x175.jpg 300w, https:\/\/d2p6e6u75xmxt8.cloudfront.net\/12\/2018\/11\/action-bicycle-bike-735691-768x449.jpg 768w, https:\/\/d2p6e6u75xmxt8.cloudfront.net\/12\/2018\/11\/action-bicycle-bike-735691-1024x599.jpg 1024w, https:\/\/d2p6e6u75xmxt8.cloudfront.net\/12\/2018\/11\/action-bicycle-bike-735691-1920x1123.jpg 1920w, https:\/\/d2p6e6u75xmxt8.cloudfront.net\/12\/2018\/11\/action-bicycle-bike-735691-1920x1123.jpg 1920w\" sizes=\"auto, (max-width: 3850px) 100vw, 3850px\" \/><\/a><\/p>\n","protected":false},"excerpt":{"rendered":"<p>A ker\u00e9kp\u00e1roz\u00e1s sz\u00f3rakoztat\u00f3, eg\u00e9szs\u00e9ges \u00e9s igen praktikus. A gyerekek sz\u00e1m\u00e1ra biciklizni tudni \u00e9s azzal k\u00f6zlekedni pedig egyfajta m\u00e9rf\u00f6ldk\u0151. A &#8220;bic\u00f3z\u00e1s&#8221; [&hellip;]<\/p>\n","protected":false},"author":71,"featured_media":2379,"comment_status":"open","ping_status":"open","sticky":false,"template":"","format":"standard","meta":{"footnotes":""},"categories":[11],"tags":[43,58],"global-categories":[],"class_list":["post-2373","post","type-post","status-publish","format-standard","has-post-thumbnail","hentry","category-csalad","tag-biciklizo-gyerekek","tag-kerekparozas-gyerekekkel"],"yoast_head":"<!-- This site is optimized with the Yoast SEO Premium plugin v25.3 (Yoast SEO v25.9) - https:\/\/yoast.com\/wordpress\/plugins\/seo\/ -->\n<title>Ker\u00e9kp\u00e1ros biztons\u00e1g, avagy dolgok, amiket minden sz\u00fcl\u0151nek tudnia kell - \u0160koda We Love Cycling - Magyarorsz\u00e1g<\/title>\n<meta name=\"robots\" content=\"index, follow, max-snippet:-1, max-image-preview:large, max-video-preview:-1\" \/>\n<link rel=\"canonical\" href=\"https:\/\/www.welovecycling.com\/hu\/csalad\/kerekparos-biztonsag-avagy-dolgok-amiket-minden-szulonek-tudnia-kell\/\" \/>\n<meta property=\"og:locale\" content=\"hu_HU\" \/>\n<meta property=\"og:type\" content=\"article\" \/>\n<meta property=\"og:title\" content=\"Ker\u00e9kp\u00e1ros biztons\u00e1g, avagy dolgok, amiket minden sz\u00fcl\u0151nek tudnia kell\" \/>\n<meta property=\"og:description\" content=\"A ker\u00e9kp\u00e1roz\u00e1s sz\u00f3rakoztat\u00f3, eg\u00e9szs\u00e9ges \u00e9s igen praktikus. A gyerekek sz\u00e1m\u00e1ra biciklizni tudni \u00e9s azzal k\u00f6zlekedni pedig egyfajta m\u00e9rf\u00f6ldk\u0151. A &#8220;bic\u00f3z\u00e1s&#8221; [&hellip;]\" \/>\n<meta property=\"og:url\" content=\"https:\/\/www.welovecycling.com\/hu\/csalad\/kerekparos-biztonsag-avagy-dolgok-amiket-minden-szulonek-tudnia-kell\/\" \/>\n<meta property=\"og:site_name\" content=\"\u0160koda We Love Cycling - Magyarorsz\u00e1g\" \/>\n<meta property=\"article:publisher\" content=\"https:\/\/www.facebook.com\/WeLoveCyclingHungary\/\" \/>\n<meta property=\"article:published_time\" content=\"2018-11-27T10:00:12+00:00\" \/>\n<meta property=\"article:modified_time\" content=\"2018-11-27T10:22:36+00:00\" \/>\n<meta property=\"og:image\" content=\"https:\/\/d2p6e6u75xmxt8.cloudfront.net\/12\/2018\/11\/adventure-backpack-bicycle-1605943-1024x684.jpg\" \/>\n\t<meta property=\"og:image:width\" content=\"1024\" \/>\n\t<meta property=\"og:image:height\" content=\"684\" \/>\n\t<meta property=\"og:image:type\" content=\"image\/jpeg\" \/>\n<meta name=\"author\" content=\"hegyizs\" \/>\n<meta name=\"twitter:card\" content=\"summary_large_image\" \/>\n<meta name=\"twitter:label1\" content=\"Written by\" \/>\n\t<meta name=\"twitter:data1\" content=\"hegyizs\" \/>\n\t<meta name=\"twitter:label2\" content=\"Est. reading time\" \/>\n\t<meta name=\"twitter:data2\" content=\"8 minutes\" \/>\n<script type=\"application\/ld+json\" class=\"yoast-schema-graph\">{\"@context\":\"https:\/\/schema.org\",\"@graph\":[{\"@type\":\"WebPage\",\"@id\":\"https:\/\/www.welovecycling.com\/hu\/csalad\/kerekparos-biztonsag-avagy-dolgok-amiket-minden-szulonek-tudnia-kell\/\",\"url\":\"https:\/\/www.welovecycling.com\/hu\/csalad\/kerekparos-biztonsag-avagy-dolgok-amiket-minden-szulonek-tudnia-kell\/\",\"name\":\"Ker\u00e9kp\u00e1ros biztons\u00e1g, avagy dolgok, amiket minden sz\u00fcl\u0151nek tudnia kell - \u0160koda We Love Cycling - Magyarorsz\u00e1g\",\"isPartOf\":{\"@id\":\"https:\/\/www.welovecycling.com\/hu\/#website\"},\"primaryImageOfPage\":{\"@id\":\"https:\/\/www.welovecycling.com\/hu\/csalad\/kerekparos-biztonsag-avagy-dolgok-amiket-minden-szulonek-tudnia-kell\/#primaryimage\"},\"image\":{\"@id\":\"https:\/\/www.welovecycling.com\/hu\/csalad\/kerekparos-biztonsag-avagy-dolgok-amiket-minden-szulonek-tudnia-kell\/#primaryimage\"},\"thumbnailUrl\":\"https:\/\/d2p6e6u75xmxt8.cloudfront.net\/12\/2018\/11\/adventure-backpack-bicycle-1605943.jpg\",\"datePublished\":\"2018-11-27T10:00:12+00:00\",\"dateModified\":\"2018-11-27T10:22:36+00:00\",\"author\":{\"@id\":\"https:\/\/www.welovecycling.com\/hu\/#\/schema\/person\/414a2aebf1801691a5320edb6468e194\"},\"breadcrumb\":{\"@id\":\"https:\/\/www.welovecycling.com\/hu\/csalad\/kerekparos-biztonsag-avagy-dolgok-amiket-minden-szulonek-tudnia-kell\/#breadcrumb\"},\"inLanguage\":\"hu\",\"potentialAction\":[{\"@type\":\"ReadAction\",\"target\":[\"https:\/\/www.welovecycling.com\/hu\/csalad\/kerekparos-biztonsag-avagy-dolgok-amiket-minden-szulonek-tudnia-kell\/\"]}]},{\"@type\":\"ImageObject\",\"inLanguage\":\"hu\",\"@id\":\"https:\/\/www.welovecycling.com\/hu\/csalad\/kerekparos-biztonsag-avagy-dolgok-amiket-minden-szulonek-tudnia-kell\/#primaryimage\",\"url\":\"https:\/\/d2p6e6u75xmxt8.cloudfront.net\/12\/2018\/11\/adventure-backpack-bicycle-1605943.jpg\",\"contentUrl\":\"https:\/\/d2p6e6u75xmxt8.cloudfront.net\/12\/2018\/11\/adventure-backpack-bicycle-1605943.jpg\",\"width\":6016,\"height\":4016},{\"@type\":\"BreadcrumbList\",\"@id\":\"https:\/\/www.welovecycling.com\/hu\/csalad\/kerekparos-biztonsag-avagy-dolgok-amiket-minden-szulonek-tudnia-kell\/#breadcrumb\",\"itemListElement\":[{\"@type\":\"ListItem\",\"position\":1,\"name\":\"Home\",\"item\":\"https:\/\/www.welovecycling.com\/hu\/\"},{\"@type\":\"ListItem\",\"position\":2,\"name\":\"Ker\u00e9kp\u00e1ros biztons\u00e1g, avagy dolgok, amiket minden sz\u00fcl\u0151nek tudnia kell\"}]},{\"@type\":\"WebSite\",\"@id\":\"https:\/\/www.welovecycling.com\/hu\/#website\",\"url\":\"https:\/\/www.welovecycling.com\/hu\/\",\"name\":\"\u0160koda We Love Cycling - Magyarorsz\u00e1g\",\"description\":\"\u0160koda WeLoveCycling\",\"potentialAction\":[{\"@type\":\"SearchAction\",\"target\":{\"@type\":\"EntryPoint\",\"urlTemplate\":\"https:\/\/www.welovecycling.com\/hu\/?s={search_term_string}\"},\"query-input\":{\"@type\":\"PropertyValueSpecification\",\"valueRequired\":true,\"valueName\":\"search_term_string\"}}],\"inLanguage\":\"hu\"},{\"@type\":\"Person\",\"@id\":\"https:\/\/www.welovecycling.com\/hu\/#\/schema\/person\/414a2aebf1801691a5320edb6468e194\",\"name\":\"hegyizs\",\"image\":{\"@type\":\"ImageObject\",\"inLanguage\":\"hu\",\"@id\":\"https:\/\/www.welovecycling.com\/hu\/#\/schema\/person\/image\/\",\"url\":\"https:\/\/secure.gravatar.com\/avatar\/02cf8a7906b8cf90cecb4679defac7cfd33a1c2e3b88e4903d947f3bb58eedd3?s=96&d=mm&r=g\",\"contentUrl\":\"https:\/\/secure.gravatar.com\/avatar\/02cf8a7906b8cf90cecb4679defac7cfd33a1c2e3b88e4903d947f3bb58eedd3?s=96&d=mm&r=g\",\"caption\":\"hegyizs\"},\"url\":\"https:\/\/www.welovecycling.com\/hu\/author\/hegyizs\/\"}]}<\/script>\n<!-- \/ Yoast SEO Premium plugin. -->","yoast_head_json":{"title":"Ker\u00e9kp\u00e1ros biztons\u00e1g, avagy dolgok, amiket minden sz\u00fcl\u0151nek tudnia kell - \u0160koda We Love Cycling - Magyarorsz\u00e1g","robots":{"index":"index","follow":"follow","max-snippet":"max-snippet:-1","max-image-preview":"max-image-preview:large","max-video-preview":"max-video-preview:-1"},"canonical":"https:\/\/www.welovecycling.com\/hu\/csalad\/kerekparos-biztonsag-avagy-dolgok-amiket-minden-szulonek-tudnia-kell\/","og_locale":"hu_HU","og_type":"article","og_title":"Ker\u00e9kp\u00e1ros biztons\u00e1g, avagy dolgok, amiket minden sz\u00fcl\u0151nek tudnia kell","og_description":"A ker\u00e9kp\u00e1roz\u00e1s sz\u00f3rakoztat\u00f3, eg\u00e9szs\u00e9ges \u00e9s igen praktikus. A gyerekek sz\u00e1m\u00e1ra biciklizni tudni \u00e9s azzal k\u00f6zlekedni pedig egyfajta m\u00e9rf\u00f6ldk\u0151. A &#8220;bic\u00f3z\u00e1s&#8221; [&hellip;]","og_url":"https:\/\/www.welovecycling.com\/hu\/csalad\/kerekparos-biztonsag-avagy-dolgok-amiket-minden-szulonek-tudnia-kell\/","og_site_name":"\u0160koda We Love Cycling - Magyarorsz\u00e1g","article_publisher":"https:\/\/www.facebook.com\/WeLoveCyclingHungary\/","article_published_time":"2018-11-27T10:00:12+00:00","article_modified_time":"2018-11-27T10:22:36+00:00","og_image":[{"width":1024,"height":684,"url":"https:\/\/d2p6e6u75xmxt8.cloudfront.net\/12\/2018\/11\/adventure-backpack-bicycle-1605943-1024x684.jpg","type":"image\/jpeg"}],"author":"hegyizs","twitter_card":"summary_large_image","twitter_misc":{"Written by":"hegyizs","Est. reading time":"8 minutes"},"schema":{"@context":"https:\/\/schema.org","@graph":[{"@type":"WebPage","@id":"https:\/\/www.welovecycling.com\/hu\/csalad\/kerekparos-biztonsag-avagy-dolgok-amiket-minden-szulonek-tudnia-kell\/","url":"https:\/\/www.welovecycling.com\/hu\/csalad\/kerekparos-biztonsag-avagy-dolgok-amiket-minden-szulonek-tudnia-kell\/","name":"Ker\u00e9kp\u00e1ros biztons\u00e1g, avagy dolgok, amiket minden sz\u00fcl\u0151nek tudnia kell - \u0160koda We Love Cycling - Magyarorsz\u00e1g","isPartOf":{"@id":"https:\/\/www.welovecycling.com\/hu\/#website"},"primaryImageOfPage":{"@id":"https:\/\/www.welovecycling.com\/hu\/csalad\/kerekparos-biztonsag-avagy-dolgok-amiket-minden-szulonek-tudnia-kell\/#primaryimage"},"image":{"@id":"https:\/\/www.welovecycling.com\/hu\/csalad\/kerekparos-biztonsag-avagy-dolgok-amiket-minden-szulonek-tudnia-kell\/#primaryimage"},"thumbnailUrl":"https:\/\/d2p6e6u75xmxt8.cloudfront.net\/12\/2018\/11\/adventure-backpack-bicycle-1605943.jpg","datePublished":"2018-11-27T10:00:12+00:00","dateModified":"2018-11-27T10:22:36+00:00","author":{"@id":"https:\/\/www.welovecycling.com\/hu\/#\/schema\/person\/414a2aebf1801691a5320edb6468e194"},"breadcrumb":{"@id":"https:\/\/www.welovecycling.com\/hu\/csalad\/kerekparos-biztonsag-avagy-dolgok-amiket-minden-szulonek-tudnia-kell\/#breadcrumb"},"inLanguage":"hu","potentialAction":[{"@type":"ReadAction","target":["https:\/\/www.welovecycling.com\/hu\/csalad\/kerekparos-biztonsag-avagy-dolgok-amiket-minden-szulonek-tudnia-kell\/"]}]},{"@type":"ImageObject","inLanguage":"hu","@id":"https:\/\/www.welovecycling.com\/hu\/csalad\/kerekparos-biztonsag-avagy-dolgok-amiket-minden-szulonek-tudnia-kell\/#primaryimage","url":"https:\/\/d2p6e6u75xmxt8.cloudfront.net\/12\/2018\/11\/adventure-backpack-bicycle-1605943.jpg","contentUrl":"https:\/\/d2p6e6u75xmxt8.cloudfront.net\/12\/2018\/11\/adventure-backpack-bicycle-1605943.jpg","width":6016,"height":4016},{"@type":"BreadcrumbList","@id":"https:\/\/www.welovecycling.com\/hu\/csalad\/kerekparos-biztonsag-avagy-dolgok-amiket-minden-szulonek-tudnia-kell\/#breadcrumb","itemListElement":[{"@type":"ListItem","position":1,"name":"Home","item":"https:\/\/www.welovecycling.com\/hu\/"},{"@type":"ListItem","position":2,"name":"Ker\u00e9kp\u00e1ros biztons\u00e1g, avagy dolgok, amiket minden sz\u00fcl\u0151nek tudnia kell"}]},{"@type":"WebSite","@id":"https:\/\/www.welovecycling.com\/hu\/#website","url":"https:\/\/www.welovecycling.com\/hu\/","name":"\u0160koda We Love Cycling - Magyarorsz\u00e1g","description":"\u0160koda WeLoveCycling","potentialAction":[{"@type":"SearchAction","target":{"@type":"EntryPoint","urlTemplate":"https:\/\/www.welovecycling.com\/hu\/?s={search_term_string}"},"query-input":{"@type":"PropertyValueSpecification","valueRequired":true,"valueName":"search_term_string"}}],"inLanguage":"hu"},{"@type":"Person","@id":"https:\/\/www.welovecycling.com\/hu\/#\/schema\/person\/414a2aebf1801691a5320edb6468e194","name":"hegyizs","image":{"@type":"ImageObject","inLanguage":"hu","@id":"https:\/\/www.welovecycling.com\/hu\/#\/schema\/person\/image\/","url":"https:\/\/secure.gravatar.com\/avatar\/02cf8a7906b8cf90cecb4679defac7cfd33a1c2e3b88e4903d947f3bb58eedd3?s=96&d=mm&r=g","contentUrl":"https:\/\/secure.gravatar.com\/avatar\/02cf8a7906b8cf90cecb4679defac7cfd33a1c2e3b88e4903d947f3bb58eedd3?s=96&d=mm&r=g","caption":"hegyizs"},"url":"https:\/\/www.welovecycling.com\/hu\/author\/hegyizs\/"}]}},"_links":{"self":[{"href":"https:\/\/www.welovecycling.com\/hu\/wp-json\/wp\/v2\/posts\/2373","targetHints":{"allow":["GET"]}}],"collection":[{"href":"https:\/\/www.welovecycling.com\/hu\/wp-json\/wp\/v2\/posts"}],"about":[{"href":"https:\/\/www.welovecycling.com\/hu\/wp-json\/wp\/v2\/types\/post"}],"author":[{"embeddable":true,"href":"https:\/\/www.welovecycling.com\/hu\/wp-json\/wp\/v2\/users\/71"}],"replies":[{"embeddable":true,"href":"https:\/\/www.welovecycling.com\/hu\/wp-json\/wp\/v2\/comments?post=2373"}],"version-history":[{"count":2,"href":"https:\/\/www.welovecycling.com\/hu\/wp-json\/wp\/v2\/posts\/2373\/revisions"}],"predecessor-version":[{"id":2383,"href":"https:\/\/www.welovecycling.com\/hu\/wp-json\/wp\/v2\/posts\/2373\/revisions\/2383"}],"wp:featuredmedia":[{"embeddable":true,"href":"https:\/\/www.welovecycling.com\/hu\/wp-json\/wp\/v2\/media\/2379"}],"wp:attachment":[{"href":"https:\/\/www.welovecycling.com\/hu\/wp-json\/wp\/v2\/media?parent=2373"}],"wp:term":[{"taxonomy":"category","embeddable":true,"href":"https:\/\/www.welovecycling.com\/hu\/wp-json\/wp\/v2\/categories?post=2373"},{"taxonomy":"post_tag","embeddable":true,"href":"https:\/\/www.welovecycling.com\/hu\/wp-json\/wp\/v2\/tags?post=2373"},{"taxonomy":"global-categories","embeddable":true,"href":"https:\/\/www.welovecycling.com\/hu\/wp-json\/wp\/v2\/global-categories?post=2373"}],"curies":[{"name":"wp","href":"https:\/\/api.w.org\/{rel}","templated":true}]}}