{"id":2338,"date":"2018-11-22T14:57:27","date_gmt":"2018-11-22T14:57:27","guid":{"rendered":"https:\/\/www.welovecycling.com\/hu\/?p=2338"},"modified":"2018-11-22T14:57:27","modified_gmt":"2018-11-22T14:57:27","slug":"ket-kereken-erkezik-karacsonykor-a-segitseg","status":"publish","type":"post","link":"https:\/\/www.welovecycling.com\/hu\/kozosseg-es-kultura\/ket-kereken-erkezik-karacsonykor-a-segitseg\/","title":{"rendered":"K\u00e9t ker\u00e9ken \u00e9rkezik kar\u00e1csonykor a seg\u00edts\u00e9g"},"content":{"rendered":"<p><strong>J\u00f3t\u00e9konys\u00e1gi bicikligy\u0171jt\u00e9st ind\u00edt a We Love Cycling \u00e9s a Budapest Bike Maffia<\/strong><\/p>\n<p><strong>Haszn\u00e1lt ker\u00e9kp\u00e1rok gy\u0171jt\u00e9s\u00e9be kezd r\u00e1szorul\u00f3k sz\u00e1m\u00e1ra a Budapest Bike Maffia, Magyarorsz\u00e1g egyik legdinamikusabban n\u00f6vekv\u0151 civil szervezete \u00e9s a We Love Cycling ker\u00e9kp\u00e1ros magazin. A kamp\u00e1ny c\u00e9lja az, hogy min\u00e9l t\u00f6bb emberhez eljuttass\u00e1k a bicikliz\u00e9s \u00e9lm\u00e9ny\u00e9t \u00e9s lehet\u0151s\u00e9get ny\u00fajtsanak a h\u00e1tr\u00e1nyos helyzet\u0171 csal\u00e1doknak arra, hogy \u0151k is k\u00f6z\u00f6sen, k\u00e9t ker\u00e9ken v\u00e1gjanak neki az \u00faj \u00e9vnek.<\/strong><\/p>\n<p><strong>\u00a0<\/strong><\/p>\n<p>A Budapest Bike Maffia kamp\u00e1nyai sor\u00e1n figyelemrem\u00e9lt\u00f3 az az er\u0151, amellyel megval\u00f3s\u00edtj\u00e1k c\u00e9ljaikat. Egy tavalyi akci\u00f3juk sor\u00e1n <strong>csaknem h\u00e1rom tonn\u00e1nyi adom\u00e1nyt sz\u00e1ll\u00edtottak ki ker\u00e9kp\u00e1rjaikon<\/strong> \u00e9s id\u00e9n is rengeteg<strong> ember mindennapjait\u00a0 tett\u00e9k szebb\u00e9 friss \u00e9telekkel \u00e9s ruh\u00e1zati cikkekkel. <\/strong>Egyre t\u00f6bb fiatal csatlakozik szervezet\u00fckh\u00f6z, \u00e9s k\u00e9t vid\u00e9ki v\u00e1rosban is akt\u00edvan m\u0171k\u00f6dnek. M\u00e1ra m\u00e1r nemcsak Magyarorsz\u00e1gra jutott el a h\u00edr\u00fck, hiszen <strong>Bukarestben, s\u0151t, Kolumbi\u00e1ban is voltak hozz\u00e1juk k\u00f6thet\u0151 megmozdul\u00e1sok.<\/strong><\/p>\n<p><em>\u201cJelen pillanatban csak Budapesten t\u00f6bb, mint sz\u00e1z \u00e1lland\u00f3 tagunk van, \u00e9s legmer\u00e9szebb \u00e1lmaimban sem gondoltam volna, hogy \u00e9vr\u0151l \u00e9vre fiatalok t\u00edzezreit tudjuk el\u00e9rni, \u00e9rz\u00e9keny\u00edteni \u00e9s vonz\u00f3v\u00e1 tudjuk tenni sz\u00e1mukra a seg\u00edts\u00e9gny\u00fajt\u00e1st \u00e9s az \u00f6nk\u00e9ntess\u00e9get\u201d<\/em> \u2013 mes\u00e9lte Havasi Zolt\u00e1n, a Budapest Bike Maffia alap\u00edt\u00f3ja.<\/p>\n<p>Az idei t\u00e9li szezonban a We Love Cycling magazinnal, az orsz\u00e1g egyik legnagyobb ker\u00e9kp\u00e1ros h\u00edrport\u00e1lj\u00e1val k\u00f6z\u00f6sen azt t\u0171zt\u00e9k ki c\u00e9lul, hogy <strong>bicikliket gy\u0171jtsenek azoknak, akiknek eddig anyagi okok miatt nem volt lehet\u0151s\u00e9g\u00fck ker\u00e9kp\u00e1rra \u00fclni.<\/strong><\/p>\n<p>Zolt\u00e1n azt is elmes\u00e9lte, hogy mi\u00e9rt k\u00fcl\u00f6nleges ez a kollabor\u00e1ci\u00f3: <em>\u201cNagyon fontosnak tartjuk azt, hogy min\u00e9l t\u00f6bb embert nevelj\u00fcnk a bring\u00e1z\u00e1sra, \u00e9s ez\u00e1ltal a k\u00f6rnyezettudatos \u00e9letm\u00f3dra. <strong>Havi \u00f6t-t\u00edz bicikli m\u00e1r nagy seg\u00edts\u00e9g lenne<\/strong> nek\u00fcnk \u00e9s legf\u0151k\u00e9ppen sz\u00e1mukra.\u201d<\/em><\/p>\n<p>Els\u0151 l\u00e9p\u00e9sben olyan <strong>tanint\u00e9zm\u00e9nyeknek, \u00e1tmeneti otthonoknak<\/strong> szeretn\u00e9k eljuttatni a ker\u00e9kp\u00e1rokat, ahol di\u00e1kok \u00e9s tan\u00e1rok, sz\u00fcl\u0151k \u00e9s gyermekeik egyszerre tudj\u00e1k haszn\u00e1lni azokat. A k\u00e9s\u0151bbiekben hajl\u00e9ktalansz\u00e1ll\u00f3ra is vinn\u00e9nek, hiszen egy <strong>ker\u00e9kp\u00e1r sz\u00e1mukra is \u00f3ri\u00e1si seg\u00edts\u00e9get ny\u00fajthat a mindennapi k\u00f6zleked\u00e9sben. <\/strong>Sokan tudn\u00e1nak \u00edgy a munk\u00e1ba j\u00e1r\u00e1s sor\u00e1n sp\u00f3rolni a t\u00f6megk\u00f6zleked\u00e9sen, ez pedig a legt\u00f6bbj\u00fcknek <strong>jelent\u0151sen cs\u00f6kkenten\u00e9 a havi kiad\u00e1sait.<\/strong><\/p>\n<p>Akinek van haszn\u00e1lt, ak\u00e1r fel\u00faj\u00edt\u00e1sra v\u00e1r\u00f3 ker\u00e9kp\u00e1rja vagy alkatr\u00e9sze, \u00e9s sz\u00edvesen csatlakozna az akci\u00f3hoz, nem kell m\u00e1st tennie, mint bevinnie adom\u00e1ny\u00e1t a 35 \u0160koda m\u00e1rkakeresked\u00e9s egyik\u00e9be.<\/p>\n<p>Tov\u00e1bbi inform\u00e1ci\u00f3:\u00a0<a href=\"https:\/\/www.welovecycling.com\/hu\/re-cycling\/\">https:\/\/www.welovecycling.com\/hu\/re-cycling\/<\/a><\/p>\n","protected":false},"excerpt":{"rendered":"<p>J\u00f3t\u00e9konys\u00e1gi bicikligy\u0171jt\u00e9st ind\u00edt a We Love Cycling \u00e9s a Budapest Bike Maffia Haszn\u00e1lt ker\u00e9kp\u00e1rok gy\u0171jt\u00e9s\u00e9be kezd r\u00e1szorul\u00f3k sz\u00e1m\u00e1ra a Budapest [&hellip;]<\/p>\n","protected":false},"author":71,"featured_media":2344,"comment_status":"open","ping_status":"open","sticky":false,"template":"","format":"standard","meta":{"footnotes":""},"categories":[12],"tags":[255,252,256],"global-categories":[],"class_list":["post-2338","post","type-post","status-publish","format-standard","has-post-thumbnail","hentry","category-kozosseg-es-kultura","tag-jotekonysag","tag-karacsony","tag-recycle"],"yoast_head":"<!-- This site is optimized with the Yoast SEO Premium plugin v25.3 (Yoast SEO v25.9) - https:\/\/yoast.com\/wordpress\/plugins\/seo\/ -->\n<title>K\u00e9t ker\u00e9ken \u00e9rkezik kar\u00e1csonykor a seg\u00edts\u00e9g - \u0160koda We Love Cycling - Magyarorsz\u00e1g<\/title>\n<meta name=\"robots\" content=\"index, follow, max-snippet:-1, max-image-preview:large, max-video-preview:-1\" \/>\n<link rel=\"canonical\" href=\"https:\/\/www.welovecycling.com\/hu\/kozosseg-es-kultura\/ket-kereken-erkezik-karacsonykor-a-segitseg\/\" \/>\n<meta property=\"og:locale\" content=\"hu_HU\" \/>\n<meta property=\"og:type\" content=\"article\" \/>\n<meta property=\"og:title\" content=\"K\u00e9t ker\u00e9ken \u00e9rkezik kar\u00e1csonykor a seg\u00edts\u00e9g\" \/>\n<meta property=\"og:description\" content=\"J\u00f3t\u00e9konys\u00e1gi bicikligy\u0171jt\u00e9st ind\u00edt a We Love Cycling \u00e9s a Budapest Bike Maffia Haszn\u00e1lt ker\u00e9kp\u00e1rok gy\u0171jt\u00e9s\u00e9be kezd r\u00e1szorul\u00f3k sz\u00e1m\u00e1ra a Budapest [&hellip;]\" \/>\n<meta property=\"og:url\" content=\"https:\/\/www.welovecycling.com\/hu\/kozosseg-es-kultura\/ket-kereken-erkezik-karacsonykor-a-segitseg\/\" \/>\n<meta property=\"og:site_name\" content=\"\u0160koda We Love Cycling - Magyarorsz\u00e1g\" \/>\n<meta property=\"article:publisher\" content=\"https:\/\/www.facebook.com\/WeLoveCyclingHungary\/\" \/>\n<meta property=\"article:published_time\" content=\"2018-11-22T14:57:27+00:00\" \/>\n<meta property=\"og:image\" content=\"https:\/\/d2p6e6u75xmxt8.cloudfront.net\/12\/2018\/11\/WL016_facebook-cover_v1-4.jpg\" \/>\n\t<meta property=\"og:image:width\" content=\"3546\" \/>\n\t<meta property=\"og:image:height\" content=\"1313\" \/>\n\t<meta property=\"og:image:type\" content=\"image\/jpeg\" \/>\n<meta name=\"author\" content=\"hegyizs\" \/>\n<meta name=\"twitter:card\" content=\"summary_large_image\" \/>\n<meta name=\"twitter:label1\" content=\"Written by\" \/>\n\t<meta name=\"twitter:data1\" content=\"hegyizs\" \/>\n\t<meta name=\"twitter:label2\" content=\"Est. reading time\" \/>\n\t<meta name=\"twitter:data2\" content=\"3 minutes\" \/>\n<script type=\"application\/ld+json\" class=\"yoast-schema-graph\">{\"@context\":\"https:\/\/schema.org\",\"@graph\":[{\"@type\":\"WebPage\",\"@id\":\"https:\/\/www.welovecycling.com\/hu\/kozosseg-es-kultura\/ket-kereken-erkezik-karacsonykor-a-segitseg\/\",\"url\":\"https:\/\/www.welovecycling.com\/hu\/kozosseg-es-kultura\/ket-kereken-erkezik-karacsonykor-a-segitseg\/\",\"name\":\"K\u00e9t ker\u00e9ken \u00e9rkezik kar\u00e1csonykor a seg\u00edts\u00e9g - \u0160koda We Love Cycling - Magyarorsz\u00e1g\",\"isPartOf\":{\"@id\":\"https:\/\/www.welovecycling.com\/hu\/#website\"},\"primaryImageOfPage\":{\"@id\":\"https:\/\/www.welovecycling.com\/hu\/kozosseg-es-kultura\/ket-kereken-erkezik-karacsonykor-a-segitseg\/#primaryimage\"},\"image\":{\"@id\":\"https:\/\/www.welovecycling.com\/hu\/kozosseg-es-kultura\/ket-kereken-erkezik-karacsonykor-a-segitseg\/#primaryimage\"},\"thumbnailUrl\":\"https:\/\/d2p6e6u75xmxt8.cloudfront.net\/12\/2018\/11\/WL016_facebook-cover_v1-4.jpg\",\"datePublished\":\"2018-11-22T14:57:27+00:00\",\"author\":{\"@id\":\"https:\/\/www.welovecycling.com\/hu\/#\/schema\/person\/414a2aebf1801691a5320edb6468e194\"},\"breadcrumb\":{\"@id\":\"https:\/\/www.welovecycling.com\/hu\/kozosseg-es-kultura\/ket-kereken-erkezik-karacsonykor-a-segitseg\/#breadcrumb\"},\"inLanguage\":\"hu\",\"potentialAction\":[{\"@type\":\"ReadAction\",\"target\":[\"https:\/\/www.welovecycling.com\/hu\/kozosseg-es-kultura\/ket-kereken-erkezik-karacsonykor-a-segitseg\/\"]}]},{\"@type\":\"ImageObject\",\"inLanguage\":\"hu\",\"@id\":\"https:\/\/www.welovecycling.com\/hu\/kozosseg-es-kultura\/ket-kereken-erkezik-karacsonykor-a-segitseg\/#primaryimage\",\"url\":\"https:\/\/d2p6e6u75xmxt8.cloudfront.net\/12\/2018\/11\/WL016_facebook-cover_v1-4.jpg\",\"contentUrl\":\"https:\/\/d2p6e6u75xmxt8.cloudfront.net\/12\/2018\/11\/WL016_facebook-cover_v1-4.jpg\",\"width\":3546,\"height\":1313},{\"@type\":\"BreadcrumbList\",\"@id\":\"https:\/\/www.welovecycling.com\/hu\/kozosseg-es-kultura\/ket-kereken-erkezik-karacsonykor-a-segitseg\/#breadcrumb\",\"itemListElement\":[{\"@type\":\"ListItem\",\"position\":1,\"name\":\"Home\",\"item\":\"https:\/\/www.welovecycling.com\/hu\/\"},{\"@type\":\"ListItem\",\"position\":2,\"name\":\"K\u00e9t ker\u00e9ken \u00e9rkezik kar\u00e1csonykor a seg\u00edts\u00e9g\"}]},{\"@type\":\"WebSite\",\"@id\":\"https:\/\/www.welovecycling.com\/hu\/#website\",\"url\":\"https:\/\/www.welovecycling.com\/hu\/\",\"name\":\"\u0160koda We Love Cycling - Magyarorsz\u00e1g\",\"description\":\"\u0160koda WeLoveCycling\",\"potentialAction\":[{\"@type\":\"SearchAction\",\"target\":{\"@type\":\"EntryPoint\",\"urlTemplate\":\"https:\/\/www.welovecycling.com\/hu\/?s={search_term_string}\"},\"query-input\":{\"@type\":\"PropertyValueSpecification\",\"valueRequired\":true,\"valueName\":\"search_term_string\"}}],\"inLanguage\":\"hu\"},{\"@type\":\"Person\",\"@id\":\"https:\/\/www.welovecycling.com\/hu\/#\/schema\/person\/414a2aebf1801691a5320edb6468e194\",\"name\":\"hegyizs\",\"image\":{\"@type\":\"ImageObject\",\"inLanguage\":\"hu\",\"@id\":\"https:\/\/www.welovecycling.com\/hu\/#\/schema\/person\/image\/\",\"url\":\"https:\/\/secure.gravatar.com\/avatar\/02cf8a7906b8cf90cecb4679defac7cfd33a1c2e3b88e4903d947f3bb58eedd3?s=96&d=mm&r=g\",\"contentUrl\":\"https:\/\/secure.gravatar.com\/avatar\/02cf8a7906b8cf90cecb4679defac7cfd33a1c2e3b88e4903d947f3bb58eedd3?s=96&d=mm&r=g\",\"caption\":\"hegyizs\"},\"url\":\"https:\/\/www.welovecycling.com\/hu\/author\/hegyizs\/\"}]}<\/script>\n<!-- \/ Yoast SEO Premium plugin. -->","yoast_head_json":{"title":"K\u00e9t ker\u00e9ken \u00e9rkezik kar\u00e1csonykor a seg\u00edts\u00e9g - \u0160koda We Love Cycling - Magyarorsz\u00e1g","robots":{"index":"index","follow":"follow","max-snippet":"max-snippet:-1","max-image-preview":"max-image-preview:large","max-video-preview":"max-video-preview:-1"},"canonical":"https:\/\/www.welovecycling.com\/hu\/kozosseg-es-kultura\/ket-kereken-erkezik-karacsonykor-a-segitseg\/","og_locale":"hu_HU","og_type":"article","og_title":"K\u00e9t ker\u00e9ken \u00e9rkezik kar\u00e1csonykor a seg\u00edts\u00e9g","og_description":"J\u00f3t\u00e9konys\u00e1gi bicikligy\u0171jt\u00e9st ind\u00edt a We Love Cycling \u00e9s a Budapest Bike Maffia Haszn\u00e1lt ker\u00e9kp\u00e1rok gy\u0171jt\u00e9s\u00e9be kezd r\u00e1szorul\u00f3k sz\u00e1m\u00e1ra a Budapest [&hellip;]","og_url":"https:\/\/www.welovecycling.com\/hu\/kozosseg-es-kultura\/ket-kereken-erkezik-karacsonykor-a-segitseg\/","og_site_name":"\u0160koda We Love Cycling - Magyarorsz\u00e1g","article_publisher":"https:\/\/www.facebook.com\/WeLoveCyclingHungary\/","article_published_time":"2018-11-22T14:57:27+00:00","og_image":[{"width":3546,"height":1313,"url":"https:\/\/d2p6e6u75xmxt8.cloudfront.net\/12\/2018\/11\/WL016_facebook-cover_v1-4.jpg","type":"image\/jpeg"}],"author":"hegyizs","twitter_card":"summary_large_image","twitter_misc":{"Written by":"hegyizs","Est. reading time":"3 minutes"},"schema":{"@context":"https:\/\/schema.org","@graph":[{"@type":"WebPage","@id":"https:\/\/www.welovecycling.com\/hu\/kozosseg-es-kultura\/ket-kereken-erkezik-karacsonykor-a-segitseg\/","url":"https:\/\/www.welovecycling.com\/hu\/kozosseg-es-kultura\/ket-kereken-erkezik-karacsonykor-a-segitseg\/","name":"K\u00e9t ker\u00e9ken \u00e9rkezik kar\u00e1csonykor a seg\u00edts\u00e9g - \u0160koda We Love Cycling - Magyarorsz\u00e1g","isPartOf":{"@id":"https:\/\/www.welovecycling.com\/hu\/#website"},"primaryImageOfPage":{"@id":"https:\/\/www.welovecycling.com\/hu\/kozosseg-es-kultura\/ket-kereken-erkezik-karacsonykor-a-segitseg\/#primaryimage"},"image":{"@id":"https:\/\/www.welovecycling.com\/hu\/kozosseg-es-kultura\/ket-kereken-erkezik-karacsonykor-a-segitseg\/#primaryimage"},"thumbnailUrl":"https:\/\/d2p6e6u75xmxt8.cloudfront.net\/12\/2018\/11\/WL016_facebook-cover_v1-4.jpg","datePublished":"2018-11-22T14:57:27+00:00","author":{"@id":"https:\/\/www.welovecycling.com\/hu\/#\/schema\/person\/414a2aebf1801691a5320edb6468e194"},"breadcrumb":{"@id":"https:\/\/www.welovecycling.com\/hu\/kozosseg-es-kultura\/ket-kereken-erkezik-karacsonykor-a-segitseg\/#breadcrumb"},"inLanguage":"hu","potentialAction":[{"@type":"ReadAction","target":["https:\/\/www.welovecycling.com\/hu\/kozosseg-es-kultura\/ket-kereken-erkezik-karacsonykor-a-segitseg\/"]}]},{"@type":"ImageObject","inLanguage":"hu","@id":"https:\/\/www.welovecycling.com\/hu\/kozosseg-es-kultura\/ket-kereken-erkezik-karacsonykor-a-segitseg\/#primaryimage","url":"https:\/\/d2p6e6u75xmxt8.cloudfront.net\/12\/2018\/11\/WL016_facebook-cover_v1-4.jpg","contentUrl":"https:\/\/d2p6e6u75xmxt8.cloudfront.net\/12\/2018\/11\/WL016_facebook-cover_v1-4.jpg","width":3546,"height":1313},{"@type":"BreadcrumbList","@id":"https:\/\/www.welovecycling.com\/hu\/kozosseg-es-kultura\/ket-kereken-erkezik-karacsonykor-a-segitseg\/#breadcrumb","itemListElement":[{"@type":"ListItem","position":1,"name":"Home","item":"https:\/\/www.welovecycling.com\/hu\/"},{"@type":"ListItem","position":2,"name":"K\u00e9t ker\u00e9ken \u00e9rkezik kar\u00e1csonykor a seg\u00edts\u00e9g"}]},{"@type":"WebSite","@id":"https:\/\/www.welovecycling.com\/hu\/#website","url":"https:\/\/www.welovecycling.com\/hu\/","name":"\u0160koda We Love Cycling - Magyarorsz\u00e1g","description":"\u0160koda WeLoveCycling","potentialAction":[{"@type":"SearchAction","target":{"@type":"EntryPoint","urlTemplate":"https:\/\/www.welovecycling.com\/hu\/?s={search_term_string}"},"query-input":{"@type":"PropertyValueSpecification","valueRequired":true,"valueName":"search_term_string"}}],"inLanguage":"hu"},{"@type":"Person","@id":"https:\/\/www.welovecycling.com\/hu\/#\/schema\/person\/414a2aebf1801691a5320edb6468e194","name":"hegyizs","image":{"@type":"ImageObject","inLanguage":"hu","@id":"https:\/\/www.welovecycling.com\/hu\/#\/schema\/person\/image\/","url":"https:\/\/secure.gravatar.com\/avatar\/02cf8a7906b8cf90cecb4679defac7cfd33a1c2e3b88e4903d947f3bb58eedd3?s=96&d=mm&r=g","contentUrl":"https:\/\/secure.gravatar.com\/avatar\/02cf8a7906b8cf90cecb4679defac7cfd33a1c2e3b88e4903d947f3bb58eedd3?s=96&d=mm&r=g","caption":"hegyizs"},"url":"https:\/\/www.welovecycling.com\/hu\/author\/hegyizs\/"}]}},"_links":{"self":[{"href":"https:\/\/www.welovecycling.com\/hu\/wp-json\/wp\/v2\/posts\/2338","targetHints":{"allow":["GET"]}}],"collection":[{"href":"https:\/\/www.welovecycling.com\/hu\/wp-json\/wp\/v2\/posts"}],"about":[{"href":"https:\/\/www.welovecycling.com\/hu\/wp-json\/wp\/v2\/types\/post"}],"author":[{"embeddable":true,"href":"https:\/\/www.welovecycling.com\/hu\/wp-json\/wp\/v2\/users\/71"}],"replies":[{"embeddable":true,"href":"https:\/\/www.welovecycling.com\/hu\/wp-json\/wp\/v2\/comments?post=2338"}],"version-history":[{"count":2,"href":"https:\/\/www.welovecycling.com\/hu\/wp-json\/wp\/v2\/posts\/2338\/revisions"}],"predecessor-version":[{"id":2345,"href":"https:\/\/www.welovecycling.com\/hu\/wp-json\/wp\/v2\/posts\/2338\/revisions\/2345"}],"wp:featuredmedia":[{"embeddable":true,"href":"https:\/\/www.welovecycling.com\/hu\/wp-json\/wp\/v2\/media\/2344"}],"wp:attachment":[{"href":"https:\/\/www.welovecycling.com\/hu\/wp-json\/wp\/v2\/media?parent=2338"}],"wp:term":[{"taxonomy":"category","embeddable":true,"href":"https:\/\/www.welovecycling.com\/hu\/wp-json\/wp\/v2\/categories?post=2338"},{"taxonomy":"post_tag","embeddable":true,"href":"https:\/\/www.welovecycling.com\/hu\/wp-json\/wp\/v2\/tags?post=2338"},{"taxonomy":"global-categories","embeddable":true,"href":"https:\/\/www.welovecycling.com\/hu\/wp-json\/wp\/v2\/global-categories?post=2338"}],"curies":[{"name":"wp","href":"https:\/\/api.w.org\/{rel}","templated":true}]}}