{"id":232,"date":"2018-03-13T13:24:20","date_gmt":"2018-03-13T13:24:20","guid":{"rendered":"https:\/\/www.welovecycling.com\/hu\/?p=232"},"modified":"2018-03-13T14:07:37","modified_gmt":"2018-03-13T14:07:37","slug":"a-vilag-legjobb-kerekparos-kavezoi-pumpald-fel-magad-indulas-elott","status":"publish","type":"post","link":"https:\/\/www.welovecycling.com\/hu\/varosi-kerekparozas\/a-vilag-legjobb-kerekparos-kavezoi-pumpald-fel-magad-indulas-elott\/","title":{"rendered":"A vil\u00e1g legjobb ker\u00e9kp\u00e1ros k\u00e1v\u00e9z\u00f3i: pump\u00e1ld fel magad indul\u00e1s el\u0151tt!"},"content":{"rendered":"<p><span style=\"font-size: 14pt\"><strong>A k\u00e1v\u00e9 \u00e9s a ker\u00e9kp\u00e1roz\u00e1s mindig k\u00e9z a k\u00e9zben j\u00e1rt; a hossz\u00fa \u00faton megf\u00e1radt ker\u00e9kp\u00e1rosnak f\u00e9l\u00faton j\u00f3l esik egy k\u00e1v\u00e9 \u2013 egyre terjednek a ker\u00e9kp\u00e1ros pihen\u0151k. A h\u00edres eur\u00f3pai ker\u00e9kp\u00e1ros k\u00e1v\u00e9z\u00f3k k\u00fcl\u00f6nb\u00f6z\u0151 koncepci\u00f3t k\u00f6vetnek, de \u00e1ltal\u00e1ban olyan helyekr\u0151l van sz\u00f3, ahol meg\u00e1llhatsz, rendelhetsz egy italt \u00e9s pihenhetsz. \u00c9s am\u00edg itt id\u0151z\u00f6l, f\u00f6lf\u00fajhatod a bring\u00e1d vagy be\u00e1ll\u00edthatod, ha valami nincs rendben.<\/strong><\/span><br \/>\n<!--more--><\/p>\n<h2><strong>Minden egy helyen: Look Mum No Hands !, London<\/strong><\/h2>\n<p>A londoni <em>Look Mum No Hands!<\/em> az egyik legeredetibb hely. Alap\u00edt\u00f3ja, Matthew Harper mindig szeretett volna Londonban egy olyan helyet, ahol \u00e9l\u0151ben n\u00e9zheti a Tour de France k\u00f6zvet\u00edt\u00e9st. 2010-ben nyitotta meg a k\u00e1v\u00e9z\u00f3t bar\u00e1taival, Lewin Chalkley-vel \u00e9s Sam Humpheson-nal. Az \u00fczlet olyan dolgokra \u00e9p\u00fclt, amit kedveltek: ker\u00e9kp\u00e1r, k\u00e1v\u00e9, s\u00f6r, pite \u00e9s bring\u00e1z\u00e1s, minden egy fed\u00e9l alatt. B\u00e1r ismert\u00e9k a Tour \u0151r\u00fclt hangulat\u00e1t, nem csak a kem\u00e9ny magra \u00e9s a biciklis fut\u00e1rokra f\u00f3kusz\u00e1ltak. A belga s\u00f6r\u00f6k, a friss gy\u00fcm\u00f6lcslevek \u00e9s a megfelel\u0151 \u00e9telek a munk\u00e1ba j\u00e1r\u00f3kat, bring\u00e1s hipsztereket \u00e9s csal\u00e1dokat is vonzz\u00e1k. A barist\u00e1k, a szerel\u0151k \u00e9s a szak\u00e1csok szinte minden ig\u00e9nyt k\u00e9pesek kiel\u00e9g\u00edteni. A k\u00e1v\u00e9 a helyi Square Mile-b\u00f3l sz\u00e1rmazik, a pit\u00e9k \u00e9s a s\u00fctem\u00e9nyek a k\u00f6zeli p\u00e9ks\u00e9gekb\u0151l, a k\u00e9zm\u0171ves s\u00f6r\u00f6k londoni \u00e9s t\u00e1volabbi s\u00f6rf\u0151zd\u00e9kb\u0151l \u00e9rkeznek. Kit\u0171n\u0151 programok &#8211; ki\u00e1ll\u00edt\u00e1sok, filmvet\u00edt\u00e9sek, \u00e9l\u0151 ker\u00e9kp\u00e1ros k\u00f6zvet\u00edt\u00e9sek, rapid randik &#8211; biztos\u00edtj\u00e1k, hogy a hely a londoni ker\u00e9kp\u00e1ros \u00e9let egyik k\u00f6zpontj\u00e1v\u00e1 v\u00e1lt.<\/p>\n<p><img loading=\"lazy\" decoding=\"async\" class=\"alignnone wp-image-233\" src=\"https:\/\/d2p6e6u75xmxt8.cloudfront.net\/12\/2018\/03\/Screen-Shot-2016-07-26-at-13.59.12.png\" alt=\"Screen Shot 2016-07-26 at 13.59.12\" width=\"800\" height=\"531\" srcset=\"https:\/\/d2p6e6u75xmxt8.cloudfront.net\/12\/2018\/03\/Screen-Shot-2016-07-26-at-13.59.12.png 930w, https:\/\/d2p6e6u75xmxt8.cloudfront.net\/12\/2018\/03\/Screen-Shot-2016-07-26-at-13.59.12-300x199.png 300w, https:\/\/d2p6e6u75xmxt8.cloudfront.net\/12\/2018\/03\/Screen-Shot-2016-07-26-at-13.59.12-768x510.png 768w, https:\/\/d2p6e6u75xmxt8.cloudfront.net\/12\/2018\/03\/Screen-Shot-2016-07-26-at-13.59.12-272x182.png 272w\" sizes=\"auto, (max-width: 800px) 100vw, 800px\" \/><\/p>\n<p><a href=\"http:\/\/www.lookmumnohands.com\/\"><em>http:\/\/www.lookmumnohands.com<\/em><\/a><\/p>\n<h2><strong>Minden a ker\u00e9kp\u00e1rr\u00f3l: Zweiradperle, Hamburg<\/strong><\/h2>\n<p>A Zweiradperle egy ker\u00e9kp\u00e1rbolt \u00e9s k\u00e1v\u00e9z\u00f3. A Zweiradperle-ben minden a ker\u00e9kp\u00e1rr\u00f3l sz\u00f3l: ez olyan egy tal\u00e1lkoz\u00f3hely, amelyet ker\u00e9kp\u00e1rosok hoztak l\u00e9tre ker\u00e9kp\u00e1rosok sz\u00e1m\u00e1ra. Ak\u00e1r ker\u00e9kp\u00e1rt hozol szervizelni, ak\u00e1r bring\u00e1t b\u00e9relsz, vezetett ker\u00e9kp\u00e1ros t\u00far\u00e1n ismerkedsz Hamburggal, haszn\u00e1lod az ingyenes Wi-Fi-t egy cs\u00e9sze k\u00e1v\u00e9 szendvics mellett vagy \u00e1lmaid ker\u00e9kp\u00e1rj\u00e1t tervezed, nem fogsz csal\u00f3dni.<\/p>\n<p><img loading=\"lazy\" decoding=\"async\" class=\"alignnone size-full wp-image-235\" src=\"https:\/\/d2p6e6u75xmxt8.cloudfront.net\/12\/2018\/03\/zweiradperle-1.jpg\" alt=\"zweiradperle-1\" width=\"800\" height=\"600\" srcset=\"https:\/\/d2p6e6u75xmxt8.cloudfront.net\/12\/2018\/03\/zweiradperle-1.jpg 800w, https:\/\/d2p6e6u75xmxt8.cloudfront.net\/12\/2018\/03\/zweiradperle-1-300x225.jpg 300w, https:\/\/d2p6e6u75xmxt8.cloudfront.net\/12\/2018\/03\/zweiradperle-1-768x576.jpg 768w\" sizes=\"auto, (max-width: 800px) 100vw, 800px\" \/><\/p>\n<p><a href=\"http:\/\/www.zweiradperle.hamburg\/en\/\"><em>http:\/\/www.zweiradperle.hamburg\/en\/<\/em><\/a><\/p>\n<h2><strong>A boldogs\u00e1g gy\u00fcm\u00f6lcse: a V\u00e9locit\u00e9 Cafe, Lisszabon<\/strong><\/h2>\n<p>Lisszabon nem a vil\u00e1g legnagyobb ker\u00e9kp\u00e1rbar\u00e1t v\u00e1rosa. N\u00e9h\u00e1ny kijel\u00f6lt ker\u00e9kp\u00e1r\u00fat, egy \u0151r\u00fclt forgalom \u00e9s a sz\u00e1mtalan hegy-v\u00f6lgy mellett nem igaz\u00e1n nagy \u00f6r\u00f6m a ker\u00e9kp\u00e1roz\u00e1s. De v\u00e1ltoznak az id\u0151k, els\u0151sorban a V\u00e9locit\u00e9 Caf\u00e9-nak k\u00f6sz\u00f6nhet\u0151en. A d\u00edjnyertes k\u00e1v\u00e9z\u00f3 2012-ben nyitotta meg kapuit a ker\u00e9kp\u00e1ros szerelmeseinek. A Lisszaboni ker\u00e9kp\u00e1r\u00fat ment\u00e9n, a Gulbenkian m\u00fazeum \u00e9s a VII. Edv\u00e1rd park k\u00f6zel\u00e9ben fekv\u0151 \u201egyors k\u00e1v\u00e9z\u00f3\u201d k\u00f6nnyen megk\u00f6zel\u00edthet\u0151. \u00c1lmos, es\u0151s napokon a vend\u00e9gl\u0151 a k\u00e1v\u00e9 szerelmeseivel, nem pedig ker\u00e9kp\u00e1rosokkal van teli, de ha kis\u00fct a nap, megtelik ker\u00e9kp\u00e1rosokkal. Term\u00e9szetes gy\u00fcm\u00f6lcslevek, eper limon\u00e1d\u00e9 \u00e9s portug\u00e1l k\u00e9zm\u0171ves s\u00f6r\u00f6k mosolyt csalnak az arcokra. A ker\u00e9kp\u00e1rosok az \u00e9telekre 10% kedvezm\u00e9nyt kapnak. A ker\u00e9kp\u00e1ros probl\u00e9m\u00e1k megold\u00e1s\u00e1ra szerel\u0151k \u00e1llnak rendelkez\u00e9sre \u00e9s olcs\u00f3n lehet ker\u00e9kp\u00e1rt b\u00e9relni.<\/p>\n<p><img loading=\"lazy\" decoding=\"async\" class=\"alignnone wp-image-237\" src=\"https:\/\/d2p6e6u75xmxt8.cloudfront.net\/12\/2018\/03\/20150106-0150.jpg\" alt=\"20150106-0150\" width=\"800\" height=\"438\" srcset=\"https:\/\/d2p6e6u75xmxt8.cloudfront.net\/12\/2018\/03\/20150106-0150.jpg 1000w, https:\/\/d2p6e6u75xmxt8.cloudfront.net\/12\/2018\/03\/20150106-0150-300x164.jpg 300w, https:\/\/d2p6e6u75xmxt8.cloudfront.net\/12\/2018\/03\/20150106-0150-768x421.jpg 768w\" sizes=\"auto, (max-width: 800px) 100vw, 800px\" \/><\/p>\n<p><a href=\"http:\/\/velocitecafe.com\/\"><em>http:\/\/velocitecafe.com<\/em><\/a><\/p>\n<h2><strong>A fut\u00e1rok v\u00e1laszt\u00e1sa: Keirin Cycle Culture Caf\u00e9, Berlin<\/strong><\/h2>\n<p>Gary \u00e9s Mortimer 2004. \u00e1prilis 1-\u00e9n megalap\u00edtotta a Keirin Cikle Culture Caf\u00e9-t, a vil\u00e1g els\u0151 kifejezetten p\u00e1lyaker\u00e9kp\u00e1ros boltj\u00e1t. Biciklis fut\u00e1rk\u00e9nt t\u00f6lt\u00f6tt berlini, londoni \u00e9s new-yorki \u00e9vek ut\u00e1n a p\u00e1lyaker\u00e9kp\u00e1r \u00e9s a ker\u00e9kp\u00e1rversenyek ir\u00e1nti szenved\u00e9ly t\u00e1pl\u00e1lta a gondolatot, hogy l\u00e9trehozzanak egy speci\u00e1lis \u00fczletet \u00e9s tal\u00e1lkoz\u00f3helyet a hasonl\u00f3 \u00e9rdekl\u0151d\u00e9s\u0171ek sz\u00e1m\u00e1ra. A k\u00edn\u00e1latban tal\u00e1lhat\u00f3 kiv\u00e1l\u00f3 olasz k\u00e1v\u00e9, \u00e9l\u0151 t\u00fara- \u00e9s p\u00e1lyaverseny-k\u00f6zvet\u00edt\u00e9s, valamint speci\u00e1lis p\u00e1lyaker\u00e9kp\u00e1r \u00e9s alkatr\u00e9sz. A boltban sz\u00e1mos \u00faj \u00e9s vintage trekk \u00e9s orsz\u00e1g\u00fati v\u00e1z \u00e9s alkatr\u00e9sz tal\u00e1lhat\u00f3. A ker\u00e9kp\u00e1rok \u00f6sszeszerel\u00e9s\u00e9t \u00e9s jav\u00edt\u00e1s\u00e1t egy 16 \u00e9v tapasztalattal rendelkez\u0151 szerel\u0151 v\u00e9gzi.<\/p>\n<div class=\"embed-controller-wrapper\">\n<div class=\"embed-wrapper\"><iframe title=\"Keirin cycle culture caf\u00e9 - Portrait\" data-src=\"https:\/\/player.vimeo.com\/video\/97610020?dnt=1&amp;app_id=122963\" width=\"500\" height=\"281\" frameborder=\"0\" allow=\"autoplay; fullscreen; picture-in-picture; clipboard-write\"><\/iframe><\/div>\n<\/div>\n<p><a href=\"http:\/\/www.keirinberlin.de\/\"><em>http:\/\/www.keirinberlin.de<\/em><\/a><\/p>\n<h2><strong>Fair Trade k\u00e1v\u00e9: La Bicicleta Caf\u00e9, Madrid<\/strong><\/h2>\n<p>Malasa\u00f1a ker\u00fcletben, h\u00edres b\u00e1rok, k\u00e1v\u00e9z\u00f3k \u00e9s alternat\u00edv helyek k\u00f6rny\u00e9k\u00e9n a La Bicicleta fiatalos \u00e9s eleg\u00e1ns k\u00f6rnyezetben cs\u00e1b\u00edt arra, hogy be\u00fclj \u00e9s meg\u00e9rezd Madrid ker\u00e9kp\u00e1ros k\u00f6z\u00f6ss\u00e9g\u00e9t. A ker\u00e9kp\u00e1ros k\u00e1v\u00e9z\u00f3 \u00f6tlete m\u00e1r t\u00f6bb, mint \u00f6t \u00e9vvel ezel\u0151tt sz\u00fcletett, amikor a tulajdonosok hasonl\u00f3 projektr\u0151l hallottak Lettorsz\u00e1gban. Miut\u00e1n felmer\u00fclt a gondolat \u00e9s megismerkedtek hasonl\u00f3 helyekkel, meg\u00e9rett a gondolat \u00e9s megnyitotta kapuit a k\u00e1v\u00e9z\u00f3. Malasa\u00f1a. Nem csak a c\u00e9lk\u00f6z\u00f6ns\u00e9g, hanem a ker\u00fclet k\u00fcl\u00f6nlegesen romantikus szelleme miatt is t\u00f6k\u00e9letes helynek t\u0171nt, ami az alap\u00edt\u00f3kat is meg\u00e9rintette. Az elk\u00e9pzel\u00e9s az volt, hogy olyan helyet hozzanak l\u00e9tre, ahol j\u00f3 \u00e1ron min\u0151s\u00e9gi k\u00e1v\u00e9t lehet fogyasztani, ahol mindig reflektorf\u00e9nyben van a ker\u00e9kp\u00e1r, \u00e9s ahol egyszerre lehet pihenni, dolgozni, ker\u00e9kp\u00e1rt jav\u00edtani \u00e9s egy snacket elfogyasztani. A k\u00edn\u00e1latot ki\u00e1ll\u00edt\u00e1sok, ker\u00e9kp\u00e1r\u00fat bemutat\u00f3k, Goldsprint versenyek \u00e9s k\u00f6nyvbemutat\u00f3k eg\u00e9sz\u00edtik.<\/p>\n<p><img loading=\"lazy\" decoding=\"async\" class=\"alignnone size-full wp-image-239\" src=\"https:\/\/d2p6e6u75xmxt8.cloudfront.net\/12\/2018\/03\/bicicleta.jpg\" alt=\"OLYMPUS DIGITAL CAMERA\" width=\"584\" height=\"413\" srcset=\"https:\/\/d2p6e6u75xmxt8.cloudfront.net\/12\/2018\/03\/bicicleta.jpg 584w, https:\/\/d2p6e6u75xmxt8.cloudfront.net\/12\/2018\/03\/bicicleta-300x212.jpg 300w\" sizes=\"auto, (max-width: 584px) 100vw, 584px\" \/><\/p>\n<p><a href=\"http:\/\/www.labicicletacafe.com\/index-en.html\"><em>http:\/\/www.labicicletacafe.com\/index-en.html<\/em><\/a><\/p>\n<h2><strong>Egy titkos hely: Upcycle, Milan<\/strong><\/h2>\n<p>A Milan Upcycle (<a href=\"http:\/\/upcyclecafe.it\/\">upcyclecafe.it<\/a>) egy egykori elhagyatott gar\u00e1zs, melyet a h\u00edres londoni Look Mum No Hands k\u00e1v\u00e9z\u00f3 inspir\u00e1lt. A korm\u00e1ny \u00e9s ped\u00e1l dekor\u00e1ci\u00f3kkal k\u00f6r\u00fclvett hatalmas asztalok mellett j\u00f3l esik a reggeli, emellett hatalmas k\u00e9perny\u0151k\u00f6n \u00e9l\u0151ben lehet n\u00e9zni k\u00fcl\u00f6nb\u00f6z\u0151 ker\u00e9kp\u00e1ros versenyeket, \u00e9l\u0151ben, emellett, ha sz\u00fcks\u00e9ged van r\u00e1, a bicajod is megjav\u00edtj\u00e1k. A k\u00e1v\u00e9z\u00f3t nem k\u00f6nny\u0171 megtal\u00e1lni: nem l\u00e1tsz c\u00e9gt\u00e1bl\u00e1t, nincs ki\u00edr\u00e1s eg\u00e9szen addig, m\u00edg meg nem \u00e9rkez\u00fcnk a bej\u00e1rathoz &#8211; egy betonlejt\u0151 ker\u00e9kp\u00e1rt\u00e1rol\u00f3kkal. Az Upcycle finom h\u00e1zi s\u00fctem\u00e9nyekkel \u00e9s skandin\u00e1v \u00e9telekkel v\u00e1r!<\/p>\n<p><img loading=\"lazy\" decoding=\"async\" class=\"alignnone size-full wp-image-241\" src=\"https:\/\/d2p6e6u75xmxt8.cloudfront.net\/12\/2018\/03\/0ba0a8be5a7b7dccb9f3c16d54b39e57.jpg\" alt=\"0ba0a8be5a7b7dccb9f3c16d54b39e57\" width=\"736\" height=\"490\" srcset=\"https:\/\/d2p6e6u75xmxt8.cloudfront.net\/12\/2018\/03\/0ba0a8be5a7b7dccb9f3c16d54b39e57.jpg 736w, https:\/\/d2p6e6u75xmxt8.cloudfront.net\/12\/2018\/03\/0ba0a8be5a7b7dccb9f3c16d54b39e57-300x200.jpg 300w, https:\/\/d2p6e6u75xmxt8.cloudfront.net\/12\/2018\/03\/0ba0a8be5a7b7dccb9f3c16d54b39e57-272x182.jpg 272w\" sizes=\"auto, (max-width: 736px) 100vw, 736px\" \/><\/p>\n<p><a href=\"http:\/\/www.upcyclecafe.it\/here-we-go\/\"><em>http:\/\/www.upcyclecafe.it\/here-we-go\/<\/em><\/a><\/p>\n<h2><strong>Eleg\u00e1ns francia butik: Steel, Paris<\/strong><\/h2>\n<p>A Steel a v\u00e1ros 11. ker\u00fclet\u00e9ben Oberkampf egyik mell\u00e9kutc\u00e1j\u00e1ban tal\u00e1lhat\u00f3. Friss k\u00e1v\u00e9t, szendvicset \u00e9s s\u00fctem\u00e9nyt lehet kapni, ezen k\u00edv\u00fcl speci\u00e1lis felszerel\u00e9st \u00e1rulnak. Az \u00fczlet egy st\u00edlusmagazinb\u00f3l n\u0151tte ki mag\u00e1t, ahol a dekor\u00e1ci\u00f3t\u00f3l kezd\u0151d\u0151en eg\u00e9szen az \u00e9telekig nagy figyelmet ford\u00edtottak a r\u00e9szletekre \u00e9s a designra. P\u00e1rizsban sokat javult a ker\u00e9kp\u00e1ros infrastrukt\u00fara, sokan rendszeresen a k\u00e1v\u00e9z\u00f3t haszn\u00e1lj\u00e1k t\u00far\u00e1k kiindul\u00f3pontjak\u00e9nt. A k\u00e1v\u00e9 finom, de bizony\u00edt\u00e9k van arra, hogy v\u00e9gs\u0151 soron a ruh\u00e1zatr\u00f3l van sz\u00f3. Nem vagyunk biztosak abban, hogy mi a v\u00e9lem\u00e9ny az izzadts\u00e1gszag\u00fa r\u00f6vidnadr\u00e1gokr\u00f3l &#8230;<\/p>\n<p><img loading=\"lazy\" decoding=\"async\" class=\"alignnone size-full wp-image-243\" src=\"https:\/\/d2p6e6u75xmxt8.cloudfront.net\/12\/2018\/03\/7695-STEEL.jpg\" alt=\"7695-STEEL\" width=\"800\" height=\"480\" srcset=\"https:\/\/d2p6e6u75xmxt8.cloudfront.net\/12\/2018\/03\/7695-STEEL.jpg 800w, https:\/\/d2p6e6u75xmxt8.cloudfront.net\/12\/2018\/03\/7695-STEEL-300x180.jpg 300w, https:\/\/d2p6e6u75xmxt8.cloudfront.net\/12\/2018\/03\/7695-STEEL-768x461.jpg 768w\" sizes=\"auto, (max-width: 800px) 100vw, 800px\" \/><\/p>\n<p><em><a href=\"https:\/\/www.facebook.com\/steelcyclecoffeeshop\/\">https:\/\/www.facebook.com\/steelcyclecoffeeshop\/<\/a><\/em><\/p>\n","protected":false},"excerpt":{"rendered":"<p>A k\u00e1v\u00e9 \u00e9s a ker\u00e9kp\u00e1roz\u00e1s mindig k\u00e9z a k\u00e9zben j\u00e1rt; a hossz\u00fa \u00faton megf\u00e1radt ker\u00e9kp\u00e1rosnak f\u00e9l\u00faton j\u00f3l esik egy k\u00e1v\u00e9 [&hellip;]<\/p>\n","protected":false},"author":71,"featured_media":245,"comment_status":"open","ping_status":"open","sticky":false,"template":"","format":"standard","meta":{"footnotes":""},"categories":[9],"tags":[],"global-categories":[],"class_list":["post-232","post","type-post","status-publish","format-standard","has-post-thumbnail","hentry","category-varosi-kerekparozas"],"yoast_head":"<!-- This site is optimized with the Yoast SEO Premium plugin v25.3 (Yoast SEO v25.9) - https:\/\/yoast.com\/wordpress\/plugins\/seo\/ -->\n<title>A vil\u00e1g legjobb ker\u00e9kp\u00e1ros k\u00e1v\u00e9z\u00f3i: pump\u00e1ld fel magad indul\u00e1s el\u0151tt! - \u0160koda We Love Cycling - Magyarorsz\u00e1g<\/title>\n<meta name=\"robots\" content=\"index, follow, max-snippet:-1, max-image-preview:large, max-video-preview:-1\" \/>\n<link rel=\"canonical\" href=\"https:\/\/www.welovecycling.com\/hu\/varosi-kerekparozas\/a-vilag-legjobb-kerekparos-kavezoi-pumpald-fel-magad-indulas-elott\/\" \/>\n<meta property=\"og:locale\" content=\"hu_HU\" \/>\n<meta property=\"og:type\" content=\"article\" \/>\n<meta property=\"og:title\" content=\"A vil\u00e1g legjobb ker\u00e9kp\u00e1ros k\u00e1v\u00e9z\u00f3i: pump\u00e1ld fel magad indul\u00e1s el\u0151tt!\" \/>\n<meta property=\"og:description\" content=\"A k\u00e1v\u00e9 \u00e9s a ker\u00e9kp\u00e1roz\u00e1s mindig k\u00e9z a k\u00e9zben j\u00e1rt; a hossz\u00fa \u00faton megf\u00e1radt ker\u00e9kp\u00e1rosnak f\u00e9l\u00faton j\u00f3l esik egy k\u00e1v\u00e9 [&hellip;]\" \/>\n<meta property=\"og:url\" content=\"https:\/\/www.welovecycling.com\/hu\/varosi-kerekparozas\/a-vilag-legjobb-kerekparos-kavezoi-pumpald-fel-magad-indulas-elott\/\" \/>\n<meta property=\"og:site_name\" content=\"\u0160koda We Love Cycling - Magyarorsz\u00e1g\" \/>\n<meta property=\"article:publisher\" content=\"https:\/\/www.facebook.com\/WeLoveCyclingHungary\/\" \/>\n<meta property=\"article:published_time\" content=\"2018-03-13T13:24:20+00:00\" \/>\n<meta property=\"article:modified_time\" content=\"2018-03-13T14:07:37+00:00\" \/>\n<meta property=\"og:image\" content=\"https:\/\/d2p6e6u75xmxt8.cloudfront.net\/12\/2018\/03\/08796706_33553253.jpg\" \/>\n\t<meta property=\"og:image:width\" content=\"1375\" \/>\n\t<meta property=\"og:image:height\" content=\"600\" \/>\n\t<meta property=\"og:image:type\" content=\"image\/jpeg\" \/>\n<meta name=\"author\" content=\"hegyizs\" \/>\n<meta name=\"twitter:card\" content=\"summary_large_image\" \/>\n<meta name=\"twitter:label1\" content=\"Written by\" \/>\n\t<meta name=\"twitter:data1\" content=\"Adam Marsal\" \/>\n\t<meta name=\"twitter:label2\" content=\"Est. reading time\" \/>\n\t<meta name=\"twitter:data2\" content=\"7 minutes\" \/>\n<script type=\"application\/ld+json\" class=\"yoast-schema-graph\">{\"@context\":\"https:\/\/schema.org\",\"@graph\":[{\"@type\":\"WebPage\",\"@id\":\"https:\/\/www.welovecycling.com\/hu\/varosi-kerekparozas\/a-vilag-legjobb-kerekparos-kavezoi-pumpald-fel-magad-indulas-elott\/\",\"url\":\"https:\/\/www.welovecycling.com\/hu\/varosi-kerekparozas\/a-vilag-legjobb-kerekparos-kavezoi-pumpald-fel-magad-indulas-elott\/\",\"name\":\"A vil\u00e1g legjobb ker\u00e9kp\u00e1ros k\u00e1v\u00e9z\u00f3i: pump\u00e1ld fel magad indul\u00e1s el\u0151tt! - \u0160koda We Love Cycling - Magyarorsz\u00e1g\",\"isPartOf\":{\"@id\":\"https:\/\/www.welovecycling.com\/hu\/#website\"},\"primaryImageOfPage\":{\"@id\":\"https:\/\/www.welovecycling.com\/hu\/varosi-kerekparozas\/a-vilag-legjobb-kerekparos-kavezoi-pumpald-fel-magad-indulas-elott\/#primaryimage\"},\"image\":{\"@id\":\"https:\/\/www.welovecycling.com\/hu\/varosi-kerekparozas\/a-vilag-legjobb-kerekparos-kavezoi-pumpald-fel-magad-indulas-elott\/#primaryimage\"},\"thumbnailUrl\":\"https:\/\/d2p6e6u75xmxt8.cloudfront.net\/12\/2018\/03\/08796706_33553253.jpg\",\"datePublished\":\"2018-03-13T13:24:20+00:00\",\"dateModified\":\"2018-03-13T14:07:37+00:00\",\"author\":{\"@id\":\"https:\/\/www.welovecycling.com\/hu\/#\/schema\/person\/414a2aebf1801691a5320edb6468e194\"},\"breadcrumb\":{\"@id\":\"https:\/\/www.welovecycling.com\/hu\/varosi-kerekparozas\/a-vilag-legjobb-kerekparos-kavezoi-pumpald-fel-magad-indulas-elott\/#breadcrumb\"},\"inLanguage\":\"hu\",\"potentialAction\":[{\"@type\":\"ReadAction\",\"target\":[\"https:\/\/www.welovecycling.com\/hu\/varosi-kerekparozas\/a-vilag-legjobb-kerekparos-kavezoi-pumpald-fel-magad-indulas-elott\/\"]}]},{\"@type\":\"ImageObject\",\"inLanguage\":\"hu\",\"@id\":\"https:\/\/www.welovecycling.com\/hu\/varosi-kerekparozas\/a-vilag-legjobb-kerekparos-kavezoi-pumpald-fel-magad-indulas-elott\/#primaryimage\",\"url\":\"https:\/\/d2p6e6u75xmxt8.cloudfront.net\/12\/2018\/03\/08796706_33553253.jpg\",\"contentUrl\":\"https:\/\/d2p6e6u75xmxt8.cloudfront.net\/12\/2018\/03\/08796706_33553253.jpg\",\"width\":1375,\"height\":600},{\"@type\":\"BreadcrumbList\",\"@id\":\"https:\/\/www.welovecycling.com\/hu\/varosi-kerekparozas\/a-vilag-legjobb-kerekparos-kavezoi-pumpald-fel-magad-indulas-elott\/#breadcrumb\",\"itemListElement\":[{\"@type\":\"ListItem\",\"position\":1,\"name\":\"Home\",\"item\":\"https:\/\/www.welovecycling.com\/hu\/\"},{\"@type\":\"ListItem\",\"position\":2,\"name\":\"A vil\u00e1g legjobb ker\u00e9kp\u00e1ros k\u00e1v\u00e9z\u00f3i: pump\u00e1ld fel magad indul\u00e1s el\u0151tt!\"}]},{\"@type\":\"WebSite\",\"@id\":\"https:\/\/www.welovecycling.com\/hu\/#website\",\"url\":\"https:\/\/www.welovecycling.com\/hu\/\",\"name\":\"\u0160koda We Love Cycling - Magyarorsz\u00e1g\",\"description\":\"\u0160koda WeLoveCycling\",\"potentialAction\":[{\"@type\":\"SearchAction\",\"target\":{\"@type\":\"EntryPoint\",\"urlTemplate\":\"https:\/\/www.welovecycling.com\/hu\/?s={search_term_string}\"},\"query-input\":{\"@type\":\"PropertyValueSpecification\",\"valueRequired\":true,\"valueName\":\"search_term_string\"}}],\"inLanguage\":\"hu\"},{\"@type\":\"Person\",\"@id\":\"https:\/\/www.welovecycling.com\/hu\/#\/schema\/person\/414a2aebf1801691a5320edb6468e194\",\"name\":\"hegyizs\",\"image\":{\"@type\":\"ImageObject\",\"inLanguage\":\"hu\",\"@id\":\"https:\/\/www.welovecycling.com\/hu\/#\/schema\/person\/image\/\",\"url\":\"https:\/\/secure.gravatar.com\/avatar\/02cf8a7906b8cf90cecb4679defac7cfd33a1c2e3b88e4903d947f3bb58eedd3?s=96&d=mm&r=g\",\"contentUrl\":\"https:\/\/secure.gravatar.com\/avatar\/02cf8a7906b8cf90cecb4679defac7cfd33a1c2e3b88e4903d947f3bb58eedd3?s=96&d=mm&r=g\",\"caption\":\"hegyizs\"},\"url\":\"https:\/\/www.welovecycling.com\/hu\/author\/hegyizs\/\"}]}<\/script>\n<!-- \/ Yoast SEO Premium plugin. -->","yoast_head_json":{"title":"A vil\u00e1g legjobb ker\u00e9kp\u00e1ros k\u00e1v\u00e9z\u00f3i: pump\u00e1ld fel magad indul\u00e1s el\u0151tt! - \u0160koda We Love Cycling - Magyarorsz\u00e1g","robots":{"index":"index","follow":"follow","max-snippet":"max-snippet:-1","max-image-preview":"max-image-preview:large","max-video-preview":"max-video-preview:-1"},"canonical":"https:\/\/www.welovecycling.com\/hu\/varosi-kerekparozas\/a-vilag-legjobb-kerekparos-kavezoi-pumpald-fel-magad-indulas-elott\/","og_locale":"hu_HU","og_type":"article","og_title":"A vil\u00e1g legjobb ker\u00e9kp\u00e1ros k\u00e1v\u00e9z\u00f3i: pump\u00e1ld fel magad indul\u00e1s el\u0151tt!","og_description":"A k\u00e1v\u00e9 \u00e9s a ker\u00e9kp\u00e1roz\u00e1s mindig k\u00e9z a k\u00e9zben j\u00e1rt; a hossz\u00fa \u00faton megf\u00e1radt ker\u00e9kp\u00e1rosnak f\u00e9l\u00faton j\u00f3l esik egy k\u00e1v\u00e9 [&hellip;]","og_url":"https:\/\/www.welovecycling.com\/hu\/varosi-kerekparozas\/a-vilag-legjobb-kerekparos-kavezoi-pumpald-fel-magad-indulas-elott\/","og_site_name":"\u0160koda We Love Cycling - Magyarorsz\u00e1g","article_publisher":"https:\/\/www.facebook.com\/WeLoveCyclingHungary\/","article_published_time":"2018-03-13T13:24:20+00:00","article_modified_time":"2018-03-13T14:07:37+00:00","og_image":[{"width":1375,"height":600,"url":"https:\/\/d2p6e6u75xmxt8.cloudfront.net\/12\/2018\/03\/08796706_33553253.jpg","type":"image\/jpeg"}],"author":"hegyizs","twitter_card":"summary_large_image","twitter_misc":{"Written by":"Adam Marsal","Est. reading time":"7 minutes"},"schema":{"@context":"https:\/\/schema.org","@graph":[{"@type":"WebPage","@id":"https:\/\/www.welovecycling.com\/hu\/varosi-kerekparozas\/a-vilag-legjobb-kerekparos-kavezoi-pumpald-fel-magad-indulas-elott\/","url":"https:\/\/www.welovecycling.com\/hu\/varosi-kerekparozas\/a-vilag-legjobb-kerekparos-kavezoi-pumpald-fel-magad-indulas-elott\/","name":"A vil\u00e1g legjobb ker\u00e9kp\u00e1ros k\u00e1v\u00e9z\u00f3i: pump\u00e1ld fel magad indul\u00e1s el\u0151tt! - \u0160koda We Love Cycling - Magyarorsz\u00e1g","isPartOf":{"@id":"https:\/\/www.welovecycling.com\/hu\/#website"},"primaryImageOfPage":{"@id":"https:\/\/www.welovecycling.com\/hu\/varosi-kerekparozas\/a-vilag-legjobb-kerekparos-kavezoi-pumpald-fel-magad-indulas-elott\/#primaryimage"},"image":{"@id":"https:\/\/www.welovecycling.com\/hu\/varosi-kerekparozas\/a-vilag-legjobb-kerekparos-kavezoi-pumpald-fel-magad-indulas-elott\/#primaryimage"},"thumbnailUrl":"https:\/\/d2p6e6u75xmxt8.cloudfront.net\/12\/2018\/03\/08796706_33553253.jpg","datePublished":"2018-03-13T13:24:20+00:00","dateModified":"2018-03-13T14:07:37+00:00","author":{"@id":"https:\/\/www.welovecycling.com\/hu\/#\/schema\/person\/414a2aebf1801691a5320edb6468e194"},"breadcrumb":{"@id":"https:\/\/www.welovecycling.com\/hu\/varosi-kerekparozas\/a-vilag-legjobb-kerekparos-kavezoi-pumpald-fel-magad-indulas-elott\/#breadcrumb"},"inLanguage":"hu","potentialAction":[{"@type":"ReadAction","target":["https:\/\/www.welovecycling.com\/hu\/varosi-kerekparozas\/a-vilag-legjobb-kerekparos-kavezoi-pumpald-fel-magad-indulas-elott\/"]}]},{"@type":"ImageObject","inLanguage":"hu","@id":"https:\/\/www.welovecycling.com\/hu\/varosi-kerekparozas\/a-vilag-legjobb-kerekparos-kavezoi-pumpald-fel-magad-indulas-elott\/#primaryimage","url":"https:\/\/d2p6e6u75xmxt8.cloudfront.net\/12\/2018\/03\/08796706_33553253.jpg","contentUrl":"https:\/\/d2p6e6u75xmxt8.cloudfront.net\/12\/2018\/03\/08796706_33553253.jpg","width":1375,"height":600},{"@type":"BreadcrumbList","@id":"https:\/\/www.welovecycling.com\/hu\/varosi-kerekparozas\/a-vilag-legjobb-kerekparos-kavezoi-pumpald-fel-magad-indulas-elott\/#breadcrumb","itemListElement":[{"@type":"ListItem","position":1,"name":"Home","item":"https:\/\/www.welovecycling.com\/hu\/"},{"@type":"ListItem","position":2,"name":"A vil\u00e1g legjobb ker\u00e9kp\u00e1ros k\u00e1v\u00e9z\u00f3i: pump\u00e1ld fel magad indul\u00e1s el\u0151tt!"}]},{"@type":"WebSite","@id":"https:\/\/www.welovecycling.com\/hu\/#website","url":"https:\/\/www.welovecycling.com\/hu\/","name":"\u0160koda We Love Cycling - Magyarorsz\u00e1g","description":"\u0160koda WeLoveCycling","potentialAction":[{"@type":"SearchAction","target":{"@type":"EntryPoint","urlTemplate":"https:\/\/www.welovecycling.com\/hu\/?s={search_term_string}"},"query-input":{"@type":"PropertyValueSpecification","valueRequired":true,"valueName":"search_term_string"}}],"inLanguage":"hu"},{"@type":"Person","@id":"https:\/\/www.welovecycling.com\/hu\/#\/schema\/person\/414a2aebf1801691a5320edb6468e194","name":"hegyizs","image":{"@type":"ImageObject","inLanguage":"hu","@id":"https:\/\/www.welovecycling.com\/hu\/#\/schema\/person\/image\/","url":"https:\/\/secure.gravatar.com\/avatar\/02cf8a7906b8cf90cecb4679defac7cfd33a1c2e3b88e4903d947f3bb58eedd3?s=96&d=mm&r=g","contentUrl":"https:\/\/secure.gravatar.com\/avatar\/02cf8a7906b8cf90cecb4679defac7cfd33a1c2e3b88e4903d947f3bb58eedd3?s=96&d=mm&r=g","caption":"hegyizs"},"url":"https:\/\/www.welovecycling.com\/hu\/author\/hegyizs\/"}]}},"_links":{"self":[{"href":"https:\/\/www.welovecycling.com\/hu\/wp-json\/wp\/v2\/posts\/232","targetHints":{"allow":["GET"]}}],"collection":[{"href":"https:\/\/www.welovecycling.com\/hu\/wp-json\/wp\/v2\/posts"}],"about":[{"href":"https:\/\/www.welovecycling.com\/hu\/wp-json\/wp\/v2\/types\/post"}],"author":[{"embeddable":true,"href":"https:\/\/www.welovecycling.com\/hu\/wp-json\/wp\/v2\/users\/71"}],"replies":[{"embeddable":true,"href":"https:\/\/www.welovecycling.com\/hu\/wp-json\/wp\/v2\/comments?post=232"}],"version-history":[{"count":2,"href":"https:\/\/www.welovecycling.com\/hu\/wp-json\/wp\/v2\/posts\/232\/revisions"}],"predecessor-version":[{"id":435,"href":"https:\/\/www.welovecycling.com\/hu\/wp-json\/wp\/v2\/posts\/232\/revisions\/435"}],"wp:featuredmedia":[{"embeddable":true,"href":"https:\/\/www.welovecycling.com\/hu\/wp-json\/wp\/v2\/media\/245"}],"wp:attachment":[{"href":"https:\/\/www.welovecycling.com\/hu\/wp-json\/wp\/v2\/media?parent=232"}],"wp:term":[{"taxonomy":"category","embeddable":true,"href":"https:\/\/www.welovecycling.com\/hu\/wp-json\/wp\/v2\/categories?post=232"},{"taxonomy":"post_tag","embeddable":true,"href":"https:\/\/www.welovecycling.com\/hu\/wp-json\/wp\/v2\/tags?post=232"},{"taxonomy":"global-categories","embeddable":true,"href":"https:\/\/www.welovecycling.com\/hu\/wp-json\/wp\/v2\/global-categories?post=232"}],"curies":[{"name":"wp","href":"https:\/\/api.w.org\/{rel}","templated":true}]}}