{"id":216,"date":"2018-03-13T14:19:45","date_gmt":"2018-03-13T14:19:45","guid":{"rendered":"https:\/\/www.welovecycling.com\/hu\/?p=216"},"modified":"2018-04-23T14:34:21","modified_gmt":"2018-04-23T14:34:21","slug":"a-helyes-ulespozicio-a-biztonsag-miatt-fontos","status":"publish","type":"post","link":"https:\/\/www.welovecycling.com\/hu\/biztonsag\/a-helyes-ulespozicio-a-biztonsag-miatt-fontos\/","title":{"rendered":"A helyes \u00fcl\u00e9spoz\u00edci\u00f3 a biztons\u00e1g miatt fontos"},"content":{"rendered":"<p><strong>A vezet\u00e9s m\u00e1s, mint a bicikliz\u00e9s, de mindkett\u0151n\u00e9l fontos a megfelel\u0151 \u00fcl\u00e9s. Az utaz\u00e1s \u00edgy nem csak k\u00e9nyelmesebb, de biztons\u00e1gosabb is lesz.<\/strong><\/p>\n<p><!--more--><\/p>\n<p>Most \u00fagy t\u0171nhet, hogy iskolai matematik\u00e1r\u00f3l besz\u00e9l\u00fcnk, de meglep\u0151dn\u00e9l, hogy h\u00e1ny ember van t\u00e9ved\u00e9sben. N\u00e9zz\u00fck meg, hogy kell helyesen \u00fclni az aut\u00f3ban \u00e9s a ker\u00e9kp\u00e1ron. Mindkett\u0151t egyel jobban fogod \u00e9lvezni \u2013 \u00e9s biztons\u00e1gban leszel.<\/p>\n<p><a href=\"https:\/\/d2p6e6u75xmxt8.cloudfront.net\/2\/2015\/03\/142.jpg\"><img loading=\"lazy\" decoding=\"async\" class=\"alignnone size-medium wp-image-217\" src=\"https:\/\/d2p6e6u75xmxt8.cloudfront.net\/12\/2018\/03\/142-768x512.jpg\" alt=\"\" width=\"600\" height=\"400\" srcset=\"https:\/\/d2p6e6u75xmxt8.cloudfront.net\/12\/2018\/03\/142-768x512.jpg 768w, https:\/\/d2p6e6u75xmxt8.cloudfront.net\/12\/2018\/03\/142-300x200.jpg 300w, https:\/\/d2p6e6u75xmxt8.cloudfront.net\/12\/2018\/03\/142-272x182.jpg 272w, https:\/\/d2p6e6u75xmxt8.cloudfront.net\/12\/2018\/03\/142.jpg 900w\" sizes=\"auto, (max-width: 600px) 100vw, 600px\" \/><\/a><\/p>\n<h2>\u00dclj helyesen a ker\u00e9kp\u00e1ron<\/h2>\n<p>A norm\u00e1l k\u00f6z\u00fati ker\u00e9kp\u00e1r fel\u00e9p\u00edt\u00e9se mindenkin\u00e9l m\u00e1s a kar, a l\u00e1b, a t\u00f6rzs \u00e9s egy\u00e9b testr\u00e9szek elt\u00e9r\u0151 m\u00e9rete miatt. \u00cdgy ami az egyik ker\u00e9kp\u00e1ros sz\u00e1m\u00e1ra k\u00e9nyelmes bringa nem biztos, hogy egy m\u00e1sik sz\u00e1m\u00e1ra is megfelel\u0151 lesz. De ezen k\u00edv\u00fcl van m\u00e9g n\u00e9h\u00e1ny \u00e1ltal\u00e1nos szab\u00e1ly.<\/p>\n<div id='gallery-1' class='gallery galleryid-216 gallery-columns-3 gallery-size-medium'><figure class='gallery-item'>\n\t\t\t<div class='gallery-icon landscape'>\n\t\t\t\t<a href='https:\/\/d2p6e6u75xmxt8.cloudfront.net\/12\/2018\/03\/19.jpg'><img loading=\"lazy\" decoding=\"async\" width=\"300\" height=\"200\" src=\"https:\/\/d2p6e6u75xmxt8.cloudfront.net\/12\/2018\/03\/19-300x200.jpg\" class=\"attachment-medium size-medium\" alt=\"\" srcset=\"https:\/\/d2p6e6u75xmxt8.cloudfront.net\/12\/2018\/03\/19-300x200.jpg 300w, https:\/\/d2p6e6u75xmxt8.cloudfront.net\/12\/2018\/03\/19-768x512.jpg 768w, https:\/\/d2p6e6u75xmxt8.cloudfront.net\/12\/2018\/03\/19-272x182.jpg 272w, https:\/\/d2p6e6u75xmxt8.cloudfront.net\/12\/2018\/03\/19.jpg 900w\" sizes=\"auto, (max-width: 300px) 100vw, 300px\" \/><\/a>\n\t\t\t<\/div><\/figure><figure class='gallery-item'>\n\t\t\t<div class='gallery-icon landscape'>\n\t\t\t\t<a href='https:\/\/d2p6e6u75xmxt8.cloudfront.net\/12\/2018\/03\/35.jpg'><img loading=\"lazy\" decoding=\"async\" width=\"300\" height=\"200\" src=\"https:\/\/d2p6e6u75xmxt8.cloudfront.net\/12\/2018\/03\/35-300x200.jpg\" class=\"attachment-medium size-medium\" alt=\"\" srcset=\"https:\/\/d2p6e6u75xmxt8.cloudfront.net\/12\/2018\/03\/35-300x200.jpg 300w, https:\/\/d2p6e6u75xmxt8.cloudfront.net\/12\/2018\/03\/35-768x512.jpg 768w, https:\/\/d2p6e6u75xmxt8.cloudfront.net\/12\/2018\/03\/35-272x182.jpg 272w, https:\/\/d2p6e6u75xmxt8.cloudfront.net\/12\/2018\/03\/35.jpg 900w\" sizes=\"auto, (max-width: 300px) 100vw, 300px\" \/><\/a>\n\t\t\t<\/div><\/figure><figure class='gallery-item'>\n\t\t\t<div class='gallery-icon landscape'>\n\t\t\t\t<a href='https:\/\/d2p6e6u75xmxt8.cloudfront.net\/12\/2018\/03\/25.jpg'><img loading=\"lazy\" decoding=\"async\" width=\"300\" height=\"200\" src=\"https:\/\/d2p6e6u75xmxt8.cloudfront.net\/12\/2018\/03\/25-300x200.jpg\" class=\"attachment-medium size-medium\" alt=\"\" srcset=\"https:\/\/d2p6e6u75xmxt8.cloudfront.net\/12\/2018\/03\/25-300x200.jpg 300w, https:\/\/d2p6e6u75xmxt8.cloudfront.net\/12\/2018\/03\/25-768x512.jpg 768w, https:\/\/d2p6e6u75xmxt8.cloudfront.net\/12\/2018\/03\/25-272x182.jpg 272w, https:\/\/d2p6e6u75xmxt8.cloudfront.net\/12\/2018\/03\/25.jpg 900w\" sizes=\"auto, (max-width: 300px) 100vw, 300px\" \/><\/a>\n\t\t\t<\/div><\/figure>\n\t\t<\/div>\n\n<p>Kezdj\u00fck a korm\u00e1nyon a f\u00e9k be\u00e1ll\u00edt\u00e1s\u00e1val. Az els\u0151 k\u00e9pen t\u00fal magasra van \u00e1ll\u00edtva, \u00edgy a csukl\u00f3 sz\u00e1m\u00e1ra k\u00e9nyelmetlen a f\u00e9kez\u00e9s. Az als\u00f3 k\u00e9pen t\u00fal alacsonyra van \u00e1ll\u00edtva, ez\u00e9rt ha meg kell \u00e1ll\u00edtani a ker\u00e9kp\u00e1rt hirtelen, ujjal kell f\u00e9kezni. A f\u00e9k akkor van j\u00f3l be\u00e1ll\u00edtva, ha a f\u00e9kkar az alkar vonal\u00e1ba esik.<\/p>\n<h2>Ny\u00fajtsd ki a l\u00e1bad<\/h2>\n<p>Az emberek sokszor megk\u00e9rdezik, hogy milyen magasan legyen az \u00fcl\u00e9s. Nagyon egyszer\u0171 a v\u00e1lasz. \u00dclj a nyeregre \u00e9s helyezd a sarkad a ped\u00e1lra. Ha t\u00e9rdn\u00e9l ny\u00fajtva van l\u00e1bad, akkor rendben van a magass\u00e1g.<\/p>\n<p><a href=\"https:\/\/d2p6e6u75xmxt8.cloudfront.net\/2\/2015\/03\/45.jpg\"><img loading=\"lazy\" decoding=\"async\" class=\"alignnone size-medium wp-image-219\" src=\"https:\/\/d2p6e6u75xmxt8.cloudfront.net\/12\/2018\/03\/45-768x512.jpg\" alt=\"\" width=\"600\" height=\"400\" srcset=\"https:\/\/d2p6e6u75xmxt8.cloudfront.net\/12\/2018\/03\/45-768x512.jpg 768w, https:\/\/d2p6e6u75xmxt8.cloudfront.net\/12\/2018\/03\/45-300x200.jpg 300w, https:\/\/d2p6e6u75xmxt8.cloudfront.net\/12\/2018\/03\/45-272x182.jpg 272w, https:\/\/d2p6e6u75xmxt8.cloudfront.net\/12\/2018\/03\/45.jpg 900w\" sizes=\"auto, (max-width: 600px) 100vw, 600px\" \/><\/a><\/p>\n<p>Most n\u00e9zd meg a l\u00e1bad helyzet\u00e9t a ped\u00e1lon. Az els\u0151 szab\u00e1ly szerint a cip\u0151 orr\u00e1nak pontosan el\u0151re kell mutatnia. Minden m\u00e1s be\u00e1ll\u00edt\u00e1s rossz \u00e9s komoly probl\u00e9m\u00e1t okozhat.<\/p>\n<div id='gallery-2' class='gallery galleryid-216 gallery-columns-3 gallery-size-medium'><figure class='gallery-item'>\n\t\t\t<div class='gallery-icon landscape'>\n\t\t\t\t<a href='https:\/\/d2p6e6u75xmxt8.cloudfront.net\/12\/2018\/03\/74.jpg'><img loading=\"lazy\" decoding=\"async\" width=\"300\" height=\"200\" src=\"https:\/\/d2p6e6u75xmxt8.cloudfront.net\/12\/2018\/03\/74-300x200.jpg\" class=\"attachment-medium size-medium\" alt=\"\" srcset=\"https:\/\/d2p6e6u75xmxt8.cloudfront.net\/12\/2018\/03\/74-300x200.jpg 300w, https:\/\/d2p6e6u75xmxt8.cloudfront.net\/12\/2018\/03\/74-768x512.jpg 768w, https:\/\/d2p6e6u75xmxt8.cloudfront.net\/12\/2018\/03\/74-272x182.jpg 272w, https:\/\/d2p6e6u75xmxt8.cloudfront.net\/12\/2018\/03\/74.jpg 900w\" sizes=\"auto, (max-width: 300px) 100vw, 300px\" \/><\/a>\n\t\t\t<\/div><\/figure><figure class='gallery-item'>\n\t\t\t<div class='gallery-icon landscape'>\n\t\t\t\t<a href='https:\/\/d2p6e6u75xmxt8.cloudfront.net\/12\/2018\/03\/55.jpg'><img loading=\"lazy\" decoding=\"async\" width=\"300\" height=\"200\" src=\"https:\/\/d2p6e6u75xmxt8.cloudfront.net\/12\/2018\/03\/55-300x200.jpg\" class=\"attachment-medium size-medium\" alt=\"\" srcset=\"https:\/\/d2p6e6u75xmxt8.cloudfront.net\/12\/2018\/03\/55-300x200.jpg 300w, https:\/\/d2p6e6u75xmxt8.cloudfront.net\/12\/2018\/03\/55-768x512.jpg 768w, https:\/\/d2p6e6u75xmxt8.cloudfront.net\/12\/2018\/03\/55-272x182.jpg 272w, https:\/\/d2p6e6u75xmxt8.cloudfront.net\/12\/2018\/03\/55.jpg 900w\" sizes=\"auto, (max-width: 300px) 100vw, 300px\" \/><\/a>\n\t\t\t<\/div><\/figure><figure class='gallery-item'>\n\t\t\t<div class='gallery-icon landscape'>\n\t\t\t\t<a href='https:\/\/d2p6e6u75xmxt8.cloudfront.net\/12\/2018\/03\/65.jpg'><img loading=\"lazy\" decoding=\"async\" width=\"300\" height=\"200\" src=\"https:\/\/d2p6e6u75xmxt8.cloudfront.net\/12\/2018\/03\/65-300x200.jpg\" class=\"attachment-medium size-medium\" alt=\"\" srcset=\"https:\/\/d2p6e6u75xmxt8.cloudfront.net\/12\/2018\/03\/65-300x200.jpg 300w, https:\/\/d2p6e6u75xmxt8.cloudfront.net\/12\/2018\/03\/65-768x512.jpg 768w, https:\/\/d2p6e6u75xmxt8.cloudfront.net\/12\/2018\/03\/65-272x182.jpg 272w, https:\/\/d2p6e6u75xmxt8.cloudfront.net\/12\/2018\/03\/65.jpg 900w\" sizes=\"auto, (max-width: 300px) 100vw, 300px\" \/><\/a>\n\t\t\t<\/div><\/figure>\n\t\t<\/div>\n\n<p>A m\u00e1sik dolog az, hogy ne a sarok, hanem a talp el\u00fcls\u0151 r\u00e9sze nyomja a ped\u00e1lt.<\/p>\n<p><a href=\"https:\/\/d2p6e6u75xmxt8.cloudfront.net\/2\/2015\/03\/132.jpg\"><img loading=\"lazy\" decoding=\"async\" class=\"alignnone size-medium wp-image-221\" src=\"https:\/\/d2p6e6u75xmxt8.cloudfront.net\/12\/2018\/03\/132-768x512.jpg\" alt=\"\" width=\"600\" height=\"400\" srcset=\"https:\/\/d2p6e6u75xmxt8.cloudfront.net\/12\/2018\/03\/132-768x512.jpg 768w, https:\/\/d2p6e6u75xmxt8.cloudfront.net\/12\/2018\/03\/132-300x200.jpg 300w, https:\/\/d2p6e6u75xmxt8.cloudfront.net\/12\/2018\/03\/132-272x182.jpg 272w, https:\/\/d2p6e6u75xmxt8.cloudfront.net\/12\/2018\/03\/132.jpg 900w\" sizes=\"auto, (max-width: 600px) 100vw, 600px\" \/><\/a><\/p>\n<h2>A vol\u00e1n m\u00f6g\u00f6tt<\/h2>\n<p>Biztons\u00e1gi szempontb\u00f3l a korm\u00e1ny megfelel\u0151 poz\u00edci\u00f3j\u00e1nak be\u00e1ll\u00edt\u00e1sa fontos biztons\u00e1gi \u00f3vint\u00e9zked\u00e9s minden alkalommal, ha be\u00fclsz a vol\u00e1n m\u00f6g\u00e9. Azok az aut\u00f3sok, akik helyesen tartj\u00e1k a korm\u00e1nyt, kisebb val\u00f3sz\u00edn\u0171s\u00e9ggel szenvednek balesetet \u00e9s hat\u00e9konyabban vezetnek.<\/p>\n<p><a href=\"https:\/\/d2p6e6u75xmxt8.cloudfront.net\/2\/2015\/03\/152.jpg\"><img loading=\"lazy\" decoding=\"async\" class=\"alignnone size-medium wp-image-223\" src=\"https:\/\/d2p6e6u75xmxt8.cloudfront.net\/12\/2018\/03\/152-768x512.jpg\" alt=\"\" width=\"600\" height=\"400\" srcset=\"https:\/\/d2p6e6u75xmxt8.cloudfront.net\/12\/2018\/03\/152-768x512.jpg 768w, https:\/\/d2p6e6u75xmxt8.cloudfront.net\/12\/2018\/03\/152-300x200.jpg 300w, https:\/\/d2p6e6u75xmxt8.cloudfront.net\/12\/2018\/03\/152-272x182.jpg 272w, https:\/\/d2p6e6u75xmxt8.cloudfront.net\/12\/2018\/03\/152.jpg 900w\" sizes=\"auto, (max-width: 600px) 100vw, 600px\" \/><\/a><\/p>\n<h2>\u00dcl\u00e9st\u00e1vols\u00e1g<\/h2>\n<p>Az \u00fcl\u00e9st mindig a ped\u00e1lhoz kell be\u00e1ll\u00edtani. Jobb l\u00e1baddal nyomd be teljesen a f\u00e9ket \u00e9s ballal a kuplungot. A t\u00e1vols\u00e1got \u00fagy kell be\u00e1ll\u00edtani, hogy benyomott ped\u00e1lokn\u00e1l a t\u00e9rd kiss\u00e9 be legyen hajl\u00edtva (kb. 120 fokra). Ha a t\u00e9rd egyenes, akkor t\u00fal messze \u00fclsz. 90 fokos sz\u00f6gn\u00e9l t\u00fal k\u00f6zel vagy. A teljesen kiny\u00fajtott l\u00e1bak s\u00falyos s\u00e9r\u00fcl\u00e9sek vesz\u00e9ly\u00e9t rejtik. Egyenesen fesz\u00fcl\u0151 l\u00e1bbal nehezebben tudod el\u00e9rni \u00e9s er\u0151vel nyomni le a ped\u00e1lokat, \u00fctk\u00f6z\u00e9skor pedig a t\u00e9rded ak\u00e1r el is t\u00f6rhet \u2013 ezzel szemben, ha a t\u00e9rd nem egyenes, akkor csak meghajol. Ezen k\u00edv\u00fcl a csont a kismedence \u00e9s az als\u00f3 gerinc fel\u00e9 tov\u00e1bb\u00edtja az \u00fct\u00e9st. Ha a vezet\u0151 t\u00fal k\u00f6zel \u00fcl \u00e9s a t\u00e9rd t\u00fals\u00e1gosan be van hajl\u00edtva (kb. 100 fokos sz\u00f6gben), akkor nem seg\u00edti megfelel\u0151en a testet \u00e9s rossz v\u00e9rkering\u00e9st eredm\u00e9nyez. Ilyenkor \u00fctk\u00f6z\u00e9sn\u00e9l az alv\u00e1zba is beverhetj\u00fck a t\u00e9rdet.<\/p>\n<h2>H\u00e1tt\u00e1mla helyzete<\/h2>\n<p>Ezt k\u00f6vet\u0151en \u00e1ll\u00edtsd be a h\u00e1tt\u00e1ml\u00e1t. A h\u00e1tt\u00e1mla legyen p\u00e1rhuzamos a korm\u00e1nnyal.<\/p>\n<p><a href=\"https:\/\/d2p6e6u75xmxt8.cloudfront.net\/2\/2015\/03\/84.jpg\"><img loading=\"lazy\" decoding=\"async\" class=\"alignnone size-medium wp-image-225\" src=\"https:\/\/d2p6e6u75xmxt8.cloudfront.net\/12\/2018\/03\/84-768x512.jpg\" alt=\"\" width=\"600\" height=\"400\" srcset=\"https:\/\/d2p6e6u75xmxt8.cloudfront.net\/12\/2018\/03\/84-768x512.jpg 768w, https:\/\/d2p6e6u75xmxt8.cloudfront.net\/12\/2018\/03\/84-300x200.jpg 300w, https:\/\/d2p6e6u75xmxt8.cloudfront.net\/12\/2018\/03\/84-272x182.jpg 272w, https:\/\/d2p6e6u75xmxt8.cloudfront.net\/12\/2018\/03\/84.jpg 900w\" sizes=\"auto, (max-width: 600px) 100vw, 600px\" \/><\/a><\/p>\n<p>Az \u00fcl\u00e9s be\u00e1ll\u00edt\u00e1s\u00e1t \u00edgy ellen\u0151rizd: ha csukl\u00f3ddal csak a korm\u00e1ny fel\u00fclet\u00e9t \u00e9red el, vagy csak a tenyered sz\u00e9l\u00e9t tudod f\u00f6ltenni a korm\u00e1nyra, akkor t\u00fal messze van a korm\u00e1ny.<\/p>\n<p><a href=\"https:\/\/d2p6e6u75xmxt8.cloudfront.net\/2\/2015\/03\/94.jpg\"><img loading=\"lazy\" decoding=\"async\" class=\"alignnone size-medium wp-image-227\" src=\"https:\/\/d2p6e6u75xmxt8.cloudfront.net\/12\/2018\/03\/94-768x512.jpg\" alt=\"\" width=\"600\" height=\"400\" srcset=\"https:\/\/d2p6e6u75xmxt8.cloudfront.net\/12\/2018\/03\/94-768x512.jpg 768w, https:\/\/d2p6e6u75xmxt8.cloudfront.net\/12\/2018\/03\/94-300x200.jpg 300w, https:\/\/d2p6e6u75xmxt8.cloudfront.net\/12\/2018\/03\/94-272x182.jpg 272w, https:\/\/d2p6e6u75xmxt8.cloudfront.net\/12\/2018\/03\/94.jpg 900w\" sizes=\"auto, (max-width: 600px) 100vw, 600px\" \/><\/a><\/p>\n<p>Ekkor vezet\u00e9sn\u00e9l kiss\u00e9 el\u0151re kell hajolnod. Ha als\u00f3 karral vagy behajl\u00edtott k\u00e9z mellett csukl\u00f3val el\u00e9red a korm\u00e1ny tetej\u00e9t, akkor t\u00fal k\u00f6zel vagy a korm\u00e1nyhoz. A helyes poz\u00edci\u00f3t\u00f3l elt\u00e9r\u0151 be\u00e1ll\u00edt\u00e1s bonyolult helyzetben komoly gondokat okozhat.<\/p>\n<h2>Hogy tartsuk a korm\u00e1nyt<\/h2>\n<p>A korm\u00e1nyker\u00e9k\u00e9n a helyes k\u00e9ztart\u00e1st \u00e1ltal\u00e1ban az \u00f3ra\u00e1ll\u00e1shoz hasonl\u00edtj\u00e1k. Ez a technika &#8220;h\u00e1romnegyed h\u00e1rom&#8221; n\u00e9ven ismert.<\/p>\n<div id='gallery-3' class='gallery galleryid-216 gallery-columns-3 gallery-size-medium'><figure class='gallery-item'>\n\t\t\t<div class='gallery-icon landscape'>\n\t\t\t\t<a href='https:\/\/d2p6e6u75xmxt8.cloudfront.net\/12\/2018\/03\/103.jpg'><img loading=\"lazy\" decoding=\"async\" width=\"300\" height=\"200\" src=\"https:\/\/d2p6e6u75xmxt8.cloudfront.net\/12\/2018\/03\/103-300x200.jpg\" class=\"attachment-medium size-medium\" alt=\"\" srcset=\"https:\/\/d2p6e6u75xmxt8.cloudfront.net\/12\/2018\/03\/103-300x200.jpg 300w, https:\/\/d2p6e6u75xmxt8.cloudfront.net\/12\/2018\/03\/103-768x512.jpg 768w, https:\/\/d2p6e6u75xmxt8.cloudfront.net\/12\/2018\/03\/103-272x182.jpg 272w, https:\/\/d2p6e6u75xmxt8.cloudfront.net\/12\/2018\/03\/103.jpg 900w\" sizes=\"auto, (max-width: 300px) 100vw, 300px\" \/><\/a>\n\t\t\t<\/div><\/figure><figure class='gallery-item'>\n\t\t\t<div class='gallery-icon landscape'>\n\t\t\t\t<a href='https:\/\/d2p6e6u75xmxt8.cloudfront.net\/12\/2018\/03\/124.jpg'><img loading=\"lazy\" decoding=\"async\" width=\"300\" height=\"200\" src=\"https:\/\/d2p6e6u75xmxt8.cloudfront.net\/12\/2018\/03\/124-300x200.jpg\" class=\"attachment-medium size-medium\" alt=\"\" srcset=\"https:\/\/d2p6e6u75xmxt8.cloudfront.net\/12\/2018\/03\/124-300x200.jpg 300w, https:\/\/d2p6e6u75xmxt8.cloudfront.net\/12\/2018\/03\/124-768x512.jpg 768w, https:\/\/d2p6e6u75xmxt8.cloudfront.net\/12\/2018\/03\/124-272x182.jpg 272w, https:\/\/d2p6e6u75xmxt8.cloudfront.net\/12\/2018\/03\/124.jpg 900w\" sizes=\"auto, (max-width: 300px) 100vw, 300px\" \/><\/a>\n\t\t\t<\/div><\/figure><figure class='gallery-item'>\n\t\t\t<div class='gallery-icon landscape'>\n\t\t\t\t<a href='https:\/\/d2p6e6u75xmxt8.cloudfront.net\/12\/2018\/03\/112.jpg'><img loading=\"lazy\" decoding=\"async\" width=\"300\" height=\"200\" src=\"https:\/\/d2p6e6u75xmxt8.cloudfront.net\/12\/2018\/03\/112-300x200.jpg\" class=\"attachment-medium size-medium\" alt=\"\" srcset=\"https:\/\/d2p6e6u75xmxt8.cloudfront.net\/12\/2018\/03\/112-300x200.jpg 300w, https:\/\/d2p6e6u75xmxt8.cloudfront.net\/12\/2018\/03\/112-768x512.jpg 768w, https:\/\/d2p6e6u75xmxt8.cloudfront.net\/12\/2018\/03\/112-272x182.jpg 272w, https:\/\/d2p6e6u75xmxt8.cloudfront.net\/12\/2018\/03\/112.jpg 900w\" sizes=\"auto, (max-width: 300px) 100vw, 300px\" \/><\/a>\n\t\t\t<\/div><\/figure>\n\t\t<\/div>\n\n<p>Ha a korm\u00e1nyt ett\u0151l elt\u00e9r\u0151 m\u00f3don tartjuk, akkor k\u00f6nnyen elvesz\u00edthetj\u00fck az uralmat a g\u00e9pkocsi f\u00f6l\u00f6tt, \u00e9s a l\u00e9gzs\u00e1kok m\u0171k\u00f6d\u00e9sbe l\u00e9p\u00e9sekor k\u00f6nnyen elt\u00f6rhetj\u00fck a kez\u00fcnket.<\/p>\n<p><strong>Sok m\u00e1st is lehetne m\u00e9g mondani, de ezek a legalapvet\u0151bb dolgok. Nem bonyolult, de sok probl\u00e9m\u00e1t meg lehet el\u0151zni.<\/strong><\/p>\n<p>&nbsp;<\/p>\n","protected":false},"excerpt":{"rendered":"<p>A vezet\u00e9s m\u00e1s, mint a bicikliz\u00e9s, de mindkett\u0151n\u00e9l fontos a megfelel\u0151 \u00fcl\u00e9s. Az utaz\u00e1s \u00edgy nem csak k\u00e9nyelmesebb, de biztons\u00e1gosabb [&hellip;]<\/p>\n","protected":false},"author":71,"featured_media":229,"comment_status":"open","ping_status":"open","sticky":false,"template":"","format":"standard","meta":{"footnotes":""},"categories":[10],"tags":[],"global-categories":[],"class_list":["post-216","post","type-post","status-publish","format-standard","has-post-thumbnail","hentry","category-biztonsag"],"yoast_head":"<!-- This site is optimized with the Yoast SEO Premium plugin v25.3 (Yoast SEO v25.9) - https:\/\/yoast.com\/wordpress\/plugins\/seo\/ -->\n<title>A helyes \u00fcl\u00e9spoz\u00edci\u00f3 a biztons\u00e1g miatt fontos - \u0160koda We Love Cycling - Magyarorsz\u00e1g<\/title>\n<meta name=\"description\" content=\"A vezet\u00e9s m\u00e1s, mint a bicikliz\u00e9s, de mindkett\u0151n\u00e9l fontos a megfelel\u0151 \u00fcl\u00e9s. Az utaz\u00e1s \u00edgy nem csak k\u00e9nyelmesebb, de biztons\u00e1gosabb is lesz.\" \/>\n<meta name=\"robots\" content=\"index, follow, max-snippet:-1, max-image-preview:large, max-video-preview:-1\" \/>\n<link rel=\"canonical\" href=\"https:\/\/www.welovecycling.com\/hu\/biztonsag\/a-helyes-ulespozicio-a-biztonsag-miatt-fontos\/\" \/>\n<meta property=\"og:locale\" content=\"hu_HU\" \/>\n<meta property=\"og:type\" content=\"article\" \/>\n<meta property=\"og:title\" content=\"A helyes \u00fcl\u00e9spoz\u00edci\u00f3 a biztons\u00e1g miatt fontos\" \/>\n<meta property=\"og:description\" content=\"A vezet\u00e9s m\u00e1s, mint a bicikliz\u00e9s, de mindkett\u0151n\u00e9l fontos a megfelel\u0151 \u00fcl\u00e9s. Az utaz\u00e1s \u00edgy nem csak k\u00e9nyelmesebb, de biztons\u00e1gosabb is lesz.\" \/>\n<meta property=\"og:url\" content=\"https:\/\/www.welovecycling.com\/hu\/biztonsag\/a-helyes-ulespozicio-a-biztonsag-miatt-fontos\/\" \/>\n<meta property=\"og:site_name\" content=\"\u0160koda We Love Cycling - Magyarorsz\u00e1g\" \/>\n<meta property=\"article:publisher\" content=\"https:\/\/www.facebook.com\/WeLoveCyclingHungary\/\" \/>\n<meta property=\"article:published_time\" content=\"2018-03-13T14:19:45+00:00\" \/>\n<meta property=\"article:modified_time\" content=\"2018-04-23T14:34:21+00:00\" \/>\n<meta property=\"og:image\" content=\"https:\/\/d2p6e6u75xmxt8.cloudfront.net\/12\/2018\/03\/openertest11.jpg\" \/>\n\t<meta property=\"og:image:width\" content=\"950\" \/>\n\t<meta property=\"og:image:height\" content=\"350\" \/>\n\t<meta property=\"og:image:type\" content=\"image\/jpeg\" \/>\n<meta name=\"author\" content=\"hegyizs\" \/>\n<meta name=\"twitter:card\" content=\"summary_large_image\" \/>\n<meta name=\"twitter:label1\" content=\"Written by\" \/>\n\t<meta name=\"twitter:data1\" content=\"Adam Marsal\" \/>\n\t<meta name=\"twitter:label2\" content=\"Est. reading time\" \/>\n\t<meta name=\"twitter:data2\" content=\"4 minutes\" \/>\n<script type=\"application\/ld+json\" class=\"yoast-schema-graph\">{\"@context\":\"https:\/\/schema.org\",\"@graph\":[{\"@type\":\"WebPage\",\"@id\":\"https:\/\/www.welovecycling.com\/hu\/biztonsag\/a-helyes-ulespozicio-a-biztonsag-miatt-fontos\/\",\"url\":\"https:\/\/www.welovecycling.com\/hu\/biztonsag\/a-helyes-ulespozicio-a-biztonsag-miatt-fontos\/\",\"name\":\"A helyes \u00fcl\u00e9spoz\u00edci\u00f3 a biztons\u00e1g miatt fontos - \u0160koda We Love Cycling - Magyarorsz\u00e1g\",\"isPartOf\":{\"@id\":\"https:\/\/www.welovecycling.com\/hu\/#website\"},\"primaryImageOfPage\":{\"@id\":\"https:\/\/www.welovecycling.com\/hu\/biztonsag\/a-helyes-ulespozicio-a-biztonsag-miatt-fontos\/#primaryimage\"},\"image\":{\"@id\":\"https:\/\/www.welovecycling.com\/hu\/biztonsag\/a-helyes-ulespozicio-a-biztonsag-miatt-fontos\/#primaryimage\"},\"thumbnailUrl\":\"https:\/\/d2p6e6u75xmxt8.cloudfront.net\/12\/2018\/03\/openertest11.jpg\",\"datePublished\":\"2018-03-13T14:19:45+00:00\",\"dateModified\":\"2018-04-23T14:34:21+00:00\",\"author\":{\"@id\":\"https:\/\/www.welovecycling.com\/hu\/#\/schema\/person\/414a2aebf1801691a5320edb6468e194\"},\"description\":\"A vezet\u00e9s m\u00e1s, mint a bicikliz\u00e9s, de mindkett\u0151n\u00e9l fontos a megfelel\u0151 \u00fcl\u00e9s. Az utaz\u00e1s \u00edgy nem csak k\u00e9nyelmesebb, de biztons\u00e1gosabb is lesz.\",\"breadcrumb\":{\"@id\":\"https:\/\/www.welovecycling.com\/hu\/biztonsag\/a-helyes-ulespozicio-a-biztonsag-miatt-fontos\/#breadcrumb\"},\"inLanguage\":\"hu\",\"potentialAction\":[{\"@type\":\"ReadAction\",\"target\":[\"https:\/\/www.welovecycling.com\/hu\/biztonsag\/a-helyes-ulespozicio-a-biztonsag-miatt-fontos\/\"]}]},{\"@type\":\"ImageObject\",\"inLanguage\":\"hu\",\"@id\":\"https:\/\/www.welovecycling.com\/hu\/biztonsag\/a-helyes-ulespozicio-a-biztonsag-miatt-fontos\/#primaryimage\",\"url\":\"https:\/\/d2p6e6u75xmxt8.cloudfront.net\/12\/2018\/03\/openertest11.jpg\",\"contentUrl\":\"https:\/\/d2p6e6u75xmxt8.cloudfront.net\/12\/2018\/03\/openertest11.jpg\",\"width\":950,\"height\":350},{\"@type\":\"BreadcrumbList\",\"@id\":\"https:\/\/www.welovecycling.com\/hu\/biztonsag\/a-helyes-ulespozicio-a-biztonsag-miatt-fontos\/#breadcrumb\",\"itemListElement\":[{\"@type\":\"ListItem\",\"position\":1,\"name\":\"Home\",\"item\":\"https:\/\/www.welovecycling.com\/hu\/\"},{\"@type\":\"ListItem\",\"position\":2,\"name\":\"A helyes \u00fcl\u00e9spoz\u00edci\u00f3 a biztons\u00e1g miatt fontos\"}]},{\"@type\":\"WebSite\",\"@id\":\"https:\/\/www.welovecycling.com\/hu\/#website\",\"url\":\"https:\/\/www.welovecycling.com\/hu\/\",\"name\":\"\u0160koda We Love Cycling - Magyarorsz\u00e1g\",\"description\":\"\u0160koda WeLoveCycling\",\"potentialAction\":[{\"@type\":\"SearchAction\",\"target\":{\"@type\":\"EntryPoint\",\"urlTemplate\":\"https:\/\/www.welovecycling.com\/hu\/?s={search_term_string}\"},\"query-input\":{\"@type\":\"PropertyValueSpecification\",\"valueRequired\":true,\"valueName\":\"search_term_string\"}}],\"inLanguage\":\"hu\"},{\"@type\":\"Person\",\"@id\":\"https:\/\/www.welovecycling.com\/hu\/#\/schema\/person\/414a2aebf1801691a5320edb6468e194\",\"name\":\"hegyizs\",\"image\":{\"@type\":\"ImageObject\",\"inLanguage\":\"hu\",\"@id\":\"https:\/\/www.welovecycling.com\/hu\/#\/schema\/person\/image\/\",\"url\":\"https:\/\/secure.gravatar.com\/avatar\/02cf8a7906b8cf90cecb4679defac7cfd33a1c2e3b88e4903d947f3bb58eedd3?s=96&d=mm&r=g\",\"contentUrl\":\"https:\/\/secure.gravatar.com\/avatar\/02cf8a7906b8cf90cecb4679defac7cfd33a1c2e3b88e4903d947f3bb58eedd3?s=96&d=mm&r=g\",\"caption\":\"hegyizs\"},\"url\":\"https:\/\/www.welovecycling.com\/hu\/author\/hegyizs\/\"}]}<\/script>\n<!-- \/ Yoast SEO Premium plugin. -->","yoast_head_json":{"title":"A helyes \u00fcl\u00e9spoz\u00edci\u00f3 a biztons\u00e1g miatt fontos - \u0160koda We Love Cycling - Magyarorsz\u00e1g","description":"A vezet\u00e9s m\u00e1s, mint a bicikliz\u00e9s, de mindkett\u0151n\u00e9l fontos a megfelel\u0151 \u00fcl\u00e9s. Az utaz\u00e1s \u00edgy nem csak k\u00e9nyelmesebb, de biztons\u00e1gosabb is lesz.","robots":{"index":"index","follow":"follow","max-snippet":"max-snippet:-1","max-image-preview":"max-image-preview:large","max-video-preview":"max-video-preview:-1"},"canonical":"https:\/\/www.welovecycling.com\/hu\/biztonsag\/a-helyes-ulespozicio-a-biztonsag-miatt-fontos\/","og_locale":"hu_HU","og_type":"article","og_title":"A helyes \u00fcl\u00e9spoz\u00edci\u00f3 a biztons\u00e1g miatt fontos","og_description":"A vezet\u00e9s m\u00e1s, mint a bicikliz\u00e9s, de mindkett\u0151n\u00e9l fontos a megfelel\u0151 \u00fcl\u00e9s. Az utaz\u00e1s \u00edgy nem csak k\u00e9nyelmesebb, de biztons\u00e1gosabb is lesz.","og_url":"https:\/\/www.welovecycling.com\/hu\/biztonsag\/a-helyes-ulespozicio-a-biztonsag-miatt-fontos\/","og_site_name":"\u0160koda We Love Cycling - Magyarorsz\u00e1g","article_publisher":"https:\/\/www.facebook.com\/WeLoveCyclingHungary\/","article_published_time":"2018-03-13T14:19:45+00:00","article_modified_time":"2018-04-23T14:34:21+00:00","og_image":[{"width":950,"height":350,"url":"https:\/\/d2p6e6u75xmxt8.cloudfront.net\/12\/2018\/03\/openertest11.jpg","type":"image\/jpeg"}],"author":"hegyizs","twitter_card":"summary_large_image","twitter_misc":{"Written by":"Adam Marsal","Est. reading time":"4 minutes"},"schema":{"@context":"https:\/\/schema.org","@graph":[{"@type":"WebPage","@id":"https:\/\/www.welovecycling.com\/hu\/biztonsag\/a-helyes-ulespozicio-a-biztonsag-miatt-fontos\/","url":"https:\/\/www.welovecycling.com\/hu\/biztonsag\/a-helyes-ulespozicio-a-biztonsag-miatt-fontos\/","name":"A helyes \u00fcl\u00e9spoz\u00edci\u00f3 a biztons\u00e1g miatt fontos - \u0160koda We Love Cycling - Magyarorsz\u00e1g","isPartOf":{"@id":"https:\/\/www.welovecycling.com\/hu\/#website"},"primaryImageOfPage":{"@id":"https:\/\/www.welovecycling.com\/hu\/biztonsag\/a-helyes-ulespozicio-a-biztonsag-miatt-fontos\/#primaryimage"},"image":{"@id":"https:\/\/www.welovecycling.com\/hu\/biztonsag\/a-helyes-ulespozicio-a-biztonsag-miatt-fontos\/#primaryimage"},"thumbnailUrl":"https:\/\/d2p6e6u75xmxt8.cloudfront.net\/12\/2018\/03\/openertest11.jpg","datePublished":"2018-03-13T14:19:45+00:00","dateModified":"2018-04-23T14:34:21+00:00","author":{"@id":"https:\/\/www.welovecycling.com\/hu\/#\/schema\/person\/414a2aebf1801691a5320edb6468e194"},"description":"A vezet\u00e9s m\u00e1s, mint a bicikliz\u00e9s, de mindkett\u0151n\u00e9l fontos a megfelel\u0151 \u00fcl\u00e9s. Az utaz\u00e1s \u00edgy nem csak k\u00e9nyelmesebb, de biztons\u00e1gosabb is lesz.","breadcrumb":{"@id":"https:\/\/www.welovecycling.com\/hu\/biztonsag\/a-helyes-ulespozicio-a-biztonsag-miatt-fontos\/#breadcrumb"},"inLanguage":"hu","potentialAction":[{"@type":"ReadAction","target":["https:\/\/www.welovecycling.com\/hu\/biztonsag\/a-helyes-ulespozicio-a-biztonsag-miatt-fontos\/"]}]},{"@type":"ImageObject","inLanguage":"hu","@id":"https:\/\/www.welovecycling.com\/hu\/biztonsag\/a-helyes-ulespozicio-a-biztonsag-miatt-fontos\/#primaryimage","url":"https:\/\/d2p6e6u75xmxt8.cloudfront.net\/12\/2018\/03\/openertest11.jpg","contentUrl":"https:\/\/d2p6e6u75xmxt8.cloudfront.net\/12\/2018\/03\/openertest11.jpg","width":950,"height":350},{"@type":"BreadcrumbList","@id":"https:\/\/www.welovecycling.com\/hu\/biztonsag\/a-helyes-ulespozicio-a-biztonsag-miatt-fontos\/#breadcrumb","itemListElement":[{"@type":"ListItem","position":1,"name":"Home","item":"https:\/\/www.welovecycling.com\/hu\/"},{"@type":"ListItem","position":2,"name":"A helyes \u00fcl\u00e9spoz\u00edci\u00f3 a biztons\u00e1g miatt fontos"}]},{"@type":"WebSite","@id":"https:\/\/www.welovecycling.com\/hu\/#website","url":"https:\/\/www.welovecycling.com\/hu\/","name":"\u0160koda We Love Cycling - Magyarorsz\u00e1g","description":"\u0160koda WeLoveCycling","potentialAction":[{"@type":"SearchAction","target":{"@type":"EntryPoint","urlTemplate":"https:\/\/www.welovecycling.com\/hu\/?s={search_term_string}"},"query-input":{"@type":"PropertyValueSpecification","valueRequired":true,"valueName":"search_term_string"}}],"inLanguage":"hu"},{"@type":"Person","@id":"https:\/\/www.welovecycling.com\/hu\/#\/schema\/person\/414a2aebf1801691a5320edb6468e194","name":"hegyizs","image":{"@type":"ImageObject","inLanguage":"hu","@id":"https:\/\/www.welovecycling.com\/hu\/#\/schema\/person\/image\/","url":"https:\/\/secure.gravatar.com\/avatar\/02cf8a7906b8cf90cecb4679defac7cfd33a1c2e3b88e4903d947f3bb58eedd3?s=96&d=mm&r=g","contentUrl":"https:\/\/secure.gravatar.com\/avatar\/02cf8a7906b8cf90cecb4679defac7cfd33a1c2e3b88e4903d947f3bb58eedd3?s=96&d=mm&r=g","caption":"hegyizs"},"url":"https:\/\/www.welovecycling.com\/hu\/author\/hegyizs\/"}]}},"_links":{"self":[{"href":"https:\/\/www.welovecycling.com\/hu\/wp-json\/wp\/v2\/posts\/216","targetHints":{"allow":["GET"]}}],"collection":[{"href":"https:\/\/www.welovecycling.com\/hu\/wp-json\/wp\/v2\/posts"}],"about":[{"href":"https:\/\/www.welovecycling.com\/hu\/wp-json\/wp\/v2\/types\/post"}],"author":[{"embeddable":true,"href":"https:\/\/www.welovecycling.com\/hu\/wp-json\/wp\/v2\/users\/71"}],"replies":[{"embeddable":true,"href":"https:\/\/www.welovecycling.com\/hu\/wp-json\/wp\/v2\/comments?post=216"}],"version-history":[{"count":2,"href":"https:\/\/www.welovecycling.com\/hu\/wp-json\/wp\/v2\/posts\/216\/revisions"}],"predecessor-version":[{"id":458,"href":"https:\/\/www.welovecycling.com\/hu\/wp-json\/wp\/v2\/posts\/216\/revisions\/458"}],"wp:featuredmedia":[{"embeddable":true,"href":"https:\/\/www.welovecycling.com\/hu\/wp-json\/wp\/v2\/media\/229"}],"wp:attachment":[{"href":"https:\/\/www.welovecycling.com\/hu\/wp-json\/wp\/v2\/media?parent=216"}],"wp:term":[{"taxonomy":"category","embeddable":true,"href":"https:\/\/www.welovecycling.com\/hu\/wp-json\/wp\/v2\/categories?post=216"},{"taxonomy":"post_tag","embeddable":true,"href":"https:\/\/www.welovecycling.com\/hu\/wp-json\/wp\/v2\/tags?post=216"},{"taxonomy":"global-categories","embeddable":true,"href":"https:\/\/www.welovecycling.com\/hu\/wp-json\/wp\/v2\/global-categories?post=216"}],"curies":[{"name":"wp","href":"https:\/\/api.w.org\/{rel}","templated":true}]}}