{"id":2135,"date":"2018-11-21T14:00:27","date_gmt":"2018-11-21T14:00:27","guid":{"rendered":"https:\/\/www.welovecycling.com\/hu\/?p=2135"},"modified":"2018-11-16T09:13:13","modified_gmt":"2018-11-16T09:13:13","slug":"dobd-be-magad-a-hegyi-palyakon-es-szerezz-uj-kerekparos-elmenyeket","status":"publish","type":"post","link":"https:\/\/www.welovecycling.com\/hu\/miert-tekerunk\/dobd-be-magad-a-hegyi-palyakon-es-szerezz-uj-kerekparos-elmenyeket\/","title":{"rendered":"Dobd be magad a hegyi p\u00e1ly\u00e1kon \u00e9s szerezz \u00faj ker\u00e9kp\u00e1ros \u00e9lm\u00e9nyeket!"},"content":{"rendered":"<p><strong>Biciklikb\u0151l soha nem el\u00e9g, ezt mindenki tudja. A kiel\u00e9g\u00edt\u0151 k\u00e9tkerek\u0171ek sz\u00e1ma otthon mindig N+1, ahol N a m\u00e1r birtokodban l\u00e9v\u0151 ker\u00e9kp\u00e1rokat szimboliz\u00e1lja. Persze egy \u00fajabb vasr\u00f3l \u00e1lmodozni nem tilos \u00e9s nem is b\u0171n, de ha komolyan elgondolkozt\u00e1l, hogy beruh\u00e1zz egy \u00faj biciklire, elmondjuk mi\u00e9rt pont egy mountain bike-ra essen a v\u00e1laszt\u00e1sod!<\/strong><\/p>\n<p><strong>Mert sz\u00f3rakoztat\u00f3<\/strong><\/p>\n<p>A hegyi ker\u00e9kp\u00e1roz\u00e1sr\u00f3l sok mindent el lehet mondani, de azt nem, hogy unalmas. Esni, kelni fogsz, poros, saras leszel, megkarcolnak a f\u00e1k vagy a bokrok, \u00e9s val\u00f3sz\u00edn\u0171leg t\u00f6bbsz\u00f6r taknyolsz, mint kellene. A &#8220;rossz&#8221; h\u00edr, hogy ezek akkor is el\u0151fordulhatnak, ha sz\u00e1zadszor teszed meg ugyanazt az utat a hegyen, viszont a j\u00f3 h\u00edr, hogy nincs k\u00e9t egyforma hegyi menet, \u00fajabb \u00e9s \u00fajabb kalandokr\u00f3l sz\u00e1molhatsz majd be bar\u00e1taidnak az esti s\u00f6r\u00f6z\u00e9s mellett.<\/p>\n<p><strong>Mert magad m\u00f6g\u00f6tt hagyhatod a forgalmat<\/strong><\/p>\n<p>Sok mindennel tal\u00e1lkozhatsz majd az erd\u0151ben, de egy valami szinte biztosan elker\u00fcl: a dug\u00f3. Ott biciklizel, ahol j\u00f3l esik, ker\u00e9kp\u00e1ros t\u00e1rsaid pedig akkor sem n\u00e9znek r\u00e1d rossz szemmel, ha balra tartasz egy-egy forgalmasabb \u00fatszakaszon. Ha pedig teljesen egyed\u00fcl szeretn\u00e9d \u00e9lvezni a term\u00e9szetet, kereshetsz egy nehezebb \u00fatszakaszt, amivel \u00f6nmagad tren\u00edroz\u00e1sa mellett, azonnali jutalomban is r\u00e9szes\u00fclsz: teljes csend \u00e9s nyugalom form\u00e1j\u00e1ban. Ha kezd\u0151 vagy, akkor is kiv\u00e1l\u00f3 v\u00e1laszt\u00e1s, a n\u00e9ha kisz\u00e1m\u00edthatatlan \u00fatviszonyok kiv\u00e1l\u00f3an fejlesztik a reflexet \u00e9s a helyzetfelismer\u00e9st.<\/p>\n<p><a href=\"https:\/\/d2p6e6u75xmxt8.cloudfront.net\/12\/2018\/11\/lubo-minar-1014100-unsplash.jpg\"><img loading=\"lazy\" decoding=\"async\" class=\"aligncenter size-full wp-image-2136\" src=\"https:\/\/d2p6e6u75xmxt8.cloudfront.net\/12\/2018\/11\/lubo-minar-1014100-unsplash.jpg\" alt=\"\" width=\"6000\" height=\"4000\" srcset=\"https:\/\/d2p6e6u75xmxt8.cloudfront.net\/12\/2018\/11\/lubo-minar-1014100-unsplash.jpg 6000w, https:\/\/d2p6e6u75xmxt8.cloudfront.net\/12\/2018\/11\/lubo-minar-1014100-unsplash-300x200.jpg 300w, https:\/\/d2p6e6u75xmxt8.cloudfront.net\/12\/2018\/11\/lubo-minar-1014100-unsplash-768x512.jpg 768w, https:\/\/d2p6e6u75xmxt8.cloudfront.net\/12\/2018\/11\/lubo-minar-1014100-unsplash-1024x683.jpg 1024w, https:\/\/d2p6e6u75xmxt8.cloudfront.net\/12\/2018\/11\/lubo-minar-1014100-unsplash-1920x1280.jpg 1920w, https:\/\/d2p6e6u75xmxt8.cloudfront.net\/12\/2018\/11\/lubo-minar-1014100-unsplash-272x182.jpg 272w, https:\/\/d2p6e6u75xmxt8.cloudfront.net\/12\/2018\/11\/lubo-minar-1014100-unsplash-1920x1280.jpg 1920w\" sizes=\"auto, (max-width: 6000px) 100vw, 6000px\" \/><\/a><\/p>\n<p><strong>Mert folyamatosan fejlesztheted a k\u00e9pess\u00e9geid<\/strong><\/p>\n<p>Ha m\u00e1r a fejleszt\u00e9sn\u00e9l tartunk, folyamatosan betonon tekerni nem rossz, de nem \u00e1rt, ha id\u0151r\u0151l id\u0151re kih\u00edv\u00e1sok el\u00e9 \u00e1ll\u00edtod \u00f6nmagad, megel\u0151zve, hogy belek\u00e9nyelmesedj a ker\u00e9kp\u00e1roz\u00e1sba. Az erd\u0151ben egym\u00e1st \u00e9rik a v\u00e1ltozatos \u00fatszakaszok, a r\u00e1z\u00f3s szikl\u00e1s r\u00e9szeket szinte azonnal l\u00e1gyabb, cs\u00fasz\u00f3sabb talaj k\u00f6vetheti, hogy kilyukadj egy homokosabb vagy \u00e9pp nyirkosabb \u00fatszakaszhoz. Ezalatt az agyad \u00e9s a tested folyamatosan dolgozik, el\u0151bbi, hogy megfelel\u0151 reakci\u00f3kat adjon a terepviszonyokhoz, ut\u00f3bbi, hogy nyeregben tartson a leg\u00e9lesebb szitu\u00e1ci\u00f3kban is. Min\u00e9l t\u00f6bb alkalommal \u00e1ll\u00edtod \u0151ket ilyen kih\u00edv\u00e1sok el\u00e9, ann\u00e1l gyorsabban tanulsz, \u00edgy hamarosan komolyabb felk\u00e9sz\u00fcl\u00e9st \u00e9s tud\u00e1st ig\u00e9nyl\u0151 t\u00far\u00e1ra is benevezhetsz, ami kiv\u00e1l\u00f3 motiv\u00e1ci\u00f3 a tov\u00e1bb kerekez\u00e9shez. Arr\u00f3l nem besz\u00e9lve, hogy az \u00edgy megszerzett reflex \u00e9s \u00e1ll\u00f3k\u00e9pess\u00e9g bizony egy-egy v\u00e1rosi helyzetben is kiv\u00e1l\u00f3an a hasznodra v\u00e1lnak majd.<\/p>\n<p><strong>Mert edzheted az \u00e1ll\u00f3k\u00e9pess\u00e9ged<\/strong><\/p>\n<p>A hegyi bring\u00e1z\u00e1s v\u00e1ltozatos, a megtett t\u00e1v nagy r\u00e9sz\u00e9ben bizony olyan magas pulzussz\u00e1m mellett tekersz, amit v\u00e1rosi k\u00f6r\u00fclm\u00e9nyek k\u00f6z\u00f6tt nemigen reproduk\u00e1lhatsz, s\u0151t, pont emiatt a v\u00e1ltozatoss\u00e1g miatt kiv\u00e1l\u00f3 magas intenzit\u00e1s\u00fa kieg\u00e9sz\u00edt\u00e9se lehet a megszokott edz\u00e9stervednek.<\/p>\n<p><strong>Mert \u00faj helyeket ismerhetsz meg<\/strong><\/p>\n<p>Az erd\u0151 a kocsib\u00f3l is sz\u00e9p, de biciklivel olyan helyekre juthatsz el, amikr\u0151l nem is gondoltad kor\u00e1bban, hogy l\u00e9teznek. Ha emellett m\u00e9g vadon \u00e9l\u0151 \u00e1llatokkal is tal\u00e1lkozol, biztosan nagyobb \u00e9lm\u00e9nyk\u00e9nt \u00e9led meg, mintha a National Geographic-ot b\u00e1muln\u00e1d.<\/p>\n<p><a href=\"https:\/\/d2p6e6u75xmxt8.cloudfront.net\/12\/2018\/11\/tomas-horak-380603-unsplash.jpg\"><img loading=\"lazy\" decoding=\"async\" class=\"aligncenter size-full wp-image-2137\" src=\"https:\/\/d2p6e6u75xmxt8.cloudfront.net\/12\/2018\/11\/tomas-horak-380603-unsplash.jpg\" alt=\"\" width=\"3840\" height=\"2160\" srcset=\"https:\/\/d2p6e6u75xmxt8.cloudfront.net\/12\/2018\/11\/tomas-horak-380603-unsplash.jpg 3840w, https:\/\/d2p6e6u75xmxt8.cloudfront.net\/12\/2018\/11\/tomas-horak-380603-unsplash-300x169.jpg 300w, https:\/\/d2p6e6u75xmxt8.cloudfront.net\/12\/2018\/11\/tomas-horak-380603-unsplash-768x432.jpg 768w, https:\/\/d2p6e6u75xmxt8.cloudfront.net\/12\/2018\/11\/tomas-horak-380603-unsplash-1024x576.jpg 1024w, https:\/\/d2p6e6u75xmxt8.cloudfront.net\/12\/2018\/11\/tomas-horak-380603-unsplash-1920x1080.jpg 1920w, https:\/\/d2p6e6u75xmxt8.cloudfront.net\/12\/2018\/11\/tomas-horak-380603-unsplash-1920x1080.jpg 1920w\" sizes=\"auto, (max-width: 3840px) 100vw, 3840px\" \/><\/a><\/p>\n<p><strong>Mert \u00e9jszaka m\u00e9g izgalmasabb<\/strong><\/p>\n<p>Bevenni az erd\u0151t \u00e9jszaka m\u00e9g izgalmasabb \u00e9s egyedi \u00e9lm\u00e9ny. Egyszerre l\u00e1tni a t\u00e1rsaid l\u00e1mp\u00e1j\u00e1nak cs\u00edkj\u00e1t a f\u00e1k k\u00f6z\u00f6tt, \u00e9s figyelni az \u00fatra, valamint a k\u00f6rnyezetre, olyan intenz\u00edv kaland, ami t\u00f6k\u00e9letes arra, hogy felfriss\u00edtse a h\u00e9tk\u00f6znapi teend\u0151kben \u00e9s gondokban elf\u00e1radt agyad. \u00c9jszaka r\u00e1ad\u00e1sul sokkal \u00e9l\u00e9nkebb az erd\u0151, \u00edgy sokkal k\u00f6zelebb \u00e9rzed majd magad a term\u00e9szethez. Egy olyan t\u00far\u00e1ra term\u00e9szetesen komplexebb ker\u00e9kp\u00e1ros tud\u00e1s kell, \u00edgy a fentebb eml\u00edtett reflexekre hatv\u00e1nyozottan sz\u00fcks\u00e9ged lesz, de mi\u00e9rt ijedn\u00e9l meg att\u00f3l, hogy kih\u00edvd \u00f6nmagad egy hegyi t\u00far\u00e1ra?<\/p>\n<p><a href=\"https:\/\/d2p6e6u75xmxt8.cloudfront.net\/12\/2018\/11\/tobias-kebernik-1084687-unsplash.jpg\"><img loading=\"lazy\" decoding=\"async\" class=\"aligncenter size-full wp-image-2138\" src=\"https:\/\/d2p6e6u75xmxt8.cloudfront.net\/12\/2018\/11\/tobias-kebernik-1084687-unsplash.jpg\" alt=\"\" width=\"4749\" height=\"3166\" srcset=\"https:\/\/d2p6e6u75xmxt8.cloudfront.net\/12\/2018\/11\/tobias-kebernik-1084687-unsplash.jpg 4749w, https:\/\/d2p6e6u75xmxt8.cloudfront.net\/12\/2018\/11\/tobias-kebernik-1084687-unsplash-300x200.jpg 300w, https:\/\/d2p6e6u75xmxt8.cloudfront.net\/12\/2018\/11\/tobias-kebernik-1084687-unsplash-768x512.jpg 768w, https:\/\/d2p6e6u75xmxt8.cloudfront.net\/12\/2018\/11\/tobias-kebernik-1084687-unsplash-1024x683.jpg 1024w, https:\/\/d2p6e6u75xmxt8.cloudfront.net\/12\/2018\/11\/tobias-kebernik-1084687-unsplash-1920x1280.jpg 1920w, https:\/\/d2p6e6u75xmxt8.cloudfront.net\/12\/2018\/11\/tobias-kebernik-1084687-unsplash-272x182.jpg 272w, https:\/\/d2p6e6u75xmxt8.cloudfront.net\/12\/2018\/11\/tobias-kebernik-1084687-unsplash-1920x1280.jpg 1920w\" sizes=\"auto, (max-width: 4749px) 100vw, 4749px\" \/><\/a><\/p>\n","protected":false},"excerpt":{"rendered":"<p>Biciklikb\u0151l soha nem el\u00e9g, ezt mindenki tudja. A kiel\u00e9g\u00edt\u0151 k\u00e9tkerek\u0171ek sz\u00e1ma otthon mindig N+1, ahol N a m\u00e1r birtokodban l\u00e9v\u0151 [&hellip;]<\/p>\n","protected":false},"author":71,"featured_media":2138,"comment_status":"open","ping_status":"open","sticky":false,"template":"","format":"standard","meta":{"footnotes":""},"categories":[99],"tags":[],"global-categories":[],"class_list":["post-2135","post","type-post","status-publish","format-standard","has-post-thumbnail","hentry","category-miert-tekerunk"],"yoast_head":"<!-- This site is optimized with the Yoast SEO Premium plugin v25.3 (Yoast SEO v25.9) - https:\/\/yoast.com\/wordpress\/plugins\/seo\/ -->\n<title>Dobd be magad a hegyi p\u00e1ly\u00e1kon \u00e9s szerezz \u00faj ker\u00e9kp\u00e1ros \u00e9lm\u00e9nyeket! - \u0160koda We Love Cycling - Magyarorsz\u00e1g<\/title>\n<meta name=\"robots\" content=\"index, follow, max-snippet:-1, max-image-preview:large, max-video-preview:-1\" \/>\n<link rel=\"canonical\" href=\"https:\/\/www.welovecycling.com\/hu\/miert-tekerunk\/dobd-be-magad-a-hegyi-palyakon-es-szerezz-uj-kerekparos-elmenyeket\/\" \/>\n<meta property=\"og:locale\" content=\"hu_HU\" \/>\n<meta property=\"og:type\" content=\"article\" \/>\n<meta property=\"og:title\" content=\"Dobd be magad a hegyi p\u00e1ly\u00e1kon \u00e9s szerezz \u00faj ker\u00e9kp\u00e1ros \u00e9lm\u00e9nyeket!\" \/>\n<meta property=\"og:description\" content=\"Biciklikb\u0151l soha nem el\u00e9g, ezt mindenki tudja. A kiel\u00e9g\u00edt\u0151 k\u00e9tkerek\u0171ek sz\u00e1ma otthon mindig N+1, ahol N a m\u00e1r birtokodban l\u00e9v\u0151 [&hellip;]\" \/>\n<meta property=\"og:url\" content=\"https:\/\/www.welovecycling.com\/hu\/miert-tekerunk\/dobd-be-magad-a-hegyi-palyakon-es-szerezz-uj-kerekparos-elmenyeket\/\" \/>\n<meta property=\"og:site_name\" content=\"\u0160koda We Love Cycling - Magyarorsz\u00e1g\" \/>\n<meta property=\"article:publisher\" content=\"https:\/\/www.facebook.com\/WeLoveCyclingHungary\/\" \/>\n<meta property=\"article:published_time\" content=\"2018-11-21T14:00:27+00:00\" \/>\n<meta property=\"og:image\" content=\"https:\/\/d2p6e6u75xmxt8.cloudfront.net\/12\/2018\/11\/tobias-kebernik-1084687-unsplash-1024x683.jpg\" \/>\n\t<meta property=\"og:image:width\" content=\"1024\" \/>\n\t<meta property=\"og:image:height\" content=\"683\" \/>\n\t<meta property=\"og:image:type\" content=\"image\/jpeg\" \/>\n<meta name=\"author\" content=\"hegyizs\" \/>\n<meta name=\"twitter:card\" content=\"summary_large_image\" \/>\n<meta name=\"twitter:label1\" content=\"Written by\" \/>\n\t<meta name=\"twitter:data1\" content=\"hegyizs\" \/>\n\t<meta name=\"twitter:label2\" content=\"Est. reading time\" \/>\n\t<meta name=\"twitter:data2\" content=\"4 minutes\" \/>\n<script type=\"application\/ld+json\" class=\"yoast-schema-graph\">{\"@context\":\"https:\/\/schema.org\",\"@graph\":[{\"@type\":\"WebPage\",\"@id\":\"https:\/\/www.welovecycling.com\/hu\/miert-tekerunk\/dobd-be-magad-a-hegyi-palyakon-es-szerezz-uj-kerekparos-elmenyeket\/\",\"url\":\"https:\/\/www.welovecycling.com\/hu\/miert-tekerunk\/dobd-be-magad-a-hegyi-palyakon-es-szerezz-uj-kerekparos-elmenyeket\/\",\"name\":\"Dobd be magad a hegyi p\u00e1ly\u00e1kon \u00e9s szerezz \u00faj ker\u00e9kp\u00e1ros \u00e9lm\u00e9nyeket! - \u0160koda We Love Cycling - Magyarorsz\u00e1g\",\"isPartOf\":{\"@id\":\"https:\/\/www.welovecycling.com\/hu\/#website\"},\"primaryImageOfPage\":{\"@id\":\"https:\/\/www.welovecycling.com\/hu\/miert-tekerunk\/dobd-be-magad-a-hegyi-palyakon-es-szerezz-uj-kerekparos-elmenyeket\/#primaryimage\"},\"image\":{\"@id\":\"https:\/\/www.welovecycling.com\/hu\/miert-tekerunk\/dobd-be-magad-a-hegyi-palyakon-es-szerezz-uj-kerekparos-elmenyeket\/#primaryimage\"},\"thumbnailUrl\":\"https:\/\/d2p6e6u75xmxt8.cloudfront.net\/12\/2018\/11\/tobias-kebernik-1084687-unsplash.jpg\",\"datePublished\":\"2018-11-21T14:00:27+00:00\",\"author\":{\"@id\":\"https:\/\/www.welovecycling.com\/hu\/#\/schema\/person\/414a2aebf1801691a5320edb6468e194\"},\"breadcrumb\":{\"@id\":\"https:\/\/www.welovecycling.com\/hu\/miert-tekerunk\/dobd-be-magad-a-hegyi-palyakon-es-szerezz-uj-kerekparos-elmenyeket\/#breadcrumb\"},\"inLanguage\":\"hu\",\"potentialAction\":[{\"@type\":\"ReadAction\",\"target\":[\"https:\/\/www.welovecycling.com\/hu\/miert-tekerunk\/dobd-be-magad-a-hegyi-palyakon-es-szerezz-uj-kerekparos-elmenyeket\/\"]}]},{\"@type\":\"ImageObject\",\"inLanguage\":\"hu\",\"@id\":\"https:\/\/www.welovecycling.com\/hu\/miert-tekerunk\/dobd-be-magad-a-hegyi-palyakon-es-szerezz-uj-kerekparos-elmenyeket\/#primaryimage\",\"url\":\"https:\/\/d2p6e6u75xmxt8.cloudfront.net\/12\/2018\/11\/tobias-kebernik-1084687-unsplash.jpg\",\"contentUrl\":\"https:\/\/d2p6e6u75xmxt8.cloudfront.net\/12\/2018\/11\/tobias-kebernik-1084687-unsplash.jpg\",\"width\":4749,\"height\":3166},{\"@type\":\"BreadcrumbList\",\"@id\":\"https:\/\/www.welovecycling.com\/hu\/miert-tekerunk\/dobd-be-magad-a-hegyi-palyakon-es-szerezz-uj-kerekparos-elmenyeket\/#breadcrumb\",\"itemListElement\":[{\"@type\":\"ListItem\",\"position\":1,\"name\":\"Home\",\"item\":\"https:\/\/www.welovecycling.com\/hu\/\"},{\"@type\":\"ListItem\",\"position\":2,\"name\":\"Dobd be magad a hegyi p\u00e1ly\u00e1kon \u00e9s szerezz \u00faj ker\u00e9kp\u00e1ros \u00e9lm\u00e9nyeket!\"}]},{\"@type\":\"WebSite\",\"@id\":\"https:\/\/www.welovecycling.com\/hu\/#website\",\"url\":\"https:\/\/www.welovecycling.com\/hu\/\",\"name\":\"\u0160koda We Love Cycling - Magyarorsz\u00e1g\",\"description\":\"\u0160koda WeLoveCycling\",\"potentialAction\":[{\"@type\":\"SearchAction\",\"target\":{\"@type\":\"EntryPoint\",\"urlTemplate\":\"https:\/\/www.welovecycling.com\/hu\/?s={search_term_string}\"},\"query-input\":{\"@type\":\"PropertyValueSpecification\",\"valueRequired\":true,\"valueName\":\"search_term_string\"}}],\"inLanguage\":\"hu\"},{\"@type\":\"Person\",\"@id\":\"https:\/\/www.welovecycling.com\/hu\/#\/schema\/person\/414a2aebf1801691a5320edb6468e194\",\"name\":\"hegyizs\",\"image\":{\"@type\":\"ImageObject\",\"inLanguage\":\"hu\",\"@id\":\"https:\/\/www.welovecycling.com\/hu\/#\/schema\/person\/image\/\",\"url\":\"https:\/\/secure.gravatar.com\/avatar\/02cf8a7906b8cf90cecb4679defac7cfd33a1c2e3b88e4903d947f3bb58eedd3?s=96&d=mm&r=g\",\"contentUrl\":\"https:\/\/secure.gravatar.com\/avatar\/02cf8a7906b8cf90cecb4679defac7cfd33a1c2e3b88e4903d947f3bb58eedd3?s=96&d=mm&r=g\",\"caption\":\"hegyizs\"},\"url\":\"https:\/\/www.welovecycling.com\/hu\/author\/hegyizs\/\"}]}<\/script>\n<!-- \/ Yoast SEO Premium plugin. -->","yoast_head_json":{"title":"Dobd be magad a hegyi p\u00e1ly\u00e1kon \u00e9s szerezz \u00faj ker\u00e9kp\u00e1ros \u00e9lm\u00e9nyeket! - \u0160koda We Love Cycling - Magyarorsz\u00e1g","robots":{"index":"index","follow":"follow","max-snippet":"max-snippet:-1","max-image-preview":"max-image-preview:large","max-video-preview":"max-video-preview:-1"},"canonical":"https:\/\/www.welovecycling.com\/hu\/miert-tekerunk\/dobd-be-magad-a-hegyi-palyakon-es-szerezz-uj-kerekparos-elmenyeket\/","og_locale":"hu_HU","og_type":"article","og_title":"Dobd be magad a hegyi p\u00e1ly\u00e1kon \u00e9s szerezz \u00faj ker\u00e9kp\u00e1ros \u00e9lm\u00e9nyeket!","og_description":"Biciklikb\u0151l soha nem el\u00e9g, ezt mindenki tudja. A kiel\u00e9g\u00edt\u0151 k\u00e9tkerek\u0171ek sz\u00e1ma otthon mindig N+1, ahol N a m\u00e1r birtokodban l\u00e9v\u0151 [&hellip;]","og_url":"https:\/\/www.welovecycling.com\/hu\/miert-tekerunk\/dobd-be-magad-a-hegyi-palyakon-es-szerezz-uj-kerekparos-elmenyeket\/","og_site_name":"\u0160koda We Love Cycling - Magyarorsz\u00e1g","article_publisher":"https:\/\/www.facebook.com\/WeLoveCyclingHungary\/","article_published_time":"2018-11-21T14:00:27+00:00","og_image":[{"width":1024,"height":683,"url":"https:\/\/d2p6e6u75xmxt8.cloudfront.net\/12\/2018\/11\/tobias-kebernik-1084687-unsplash-1024x683.jpg","type":"image\/jpeg"}],"author":"hegyizs","twitter_card":"summary_large_image","twitter_misc":{"Written by":"hegyizs","Est. reading time":"4 minutes"},"schema":{"@context":"https:\/\/schema.org","@graph":[{"@type":"WebPage","@id":"https:\/\/www.welovecycling.com\/hu\/miert-tekerunk\/dobd-be-magad-a-hegyi-palyakon-es-szerezz-uj-kerekparos-elmenyeket\/","url":"https:\/\/www.welovecycling.com\/hu\/miert-tekerunk\/dobd-be-magad-a-hegyi-palyakon-es-szerezz-uj-kerekparos-elmenyeket\/","name":"Dobd be magad a hegyi p\u00e1ly\u00e1kon \u00e9s szerezz \u00faj ker\u00e9kp\u00e1ros \u00e9lm\u00e9nyeket! - \u0160koda We Love Cycling - Magyarorsz\u00e1g","isPartOf":{"@id":"https:\/\/www.welovecycling.com\/hu\/#website"},"primaryImageOfPage":{"@id":"https:\/\/www.welovecycling.com\/hu\/miert-tekerunk\/dobd-be-magad-a-hegyi-palyakon-es-szerezz-uj-kerekparos-elmenyeket\/#primaryimage"},"image":{"@id":"https:\/\/www.welovecycling.com\/hu\/miert-tekerunk\/dobd-be-magad-a-hegyi-palyakon-es-szerezz-uj-kerekparos-elmenyeket\/#primaryimage"},"thumbnailUrl":"https:\/\/d2p6e6u75xmxt8.cloudfront.net\/12\/2018\/11\/tobias-kebernik-1084687-unsplash.jpg","datePublished":"2018-11-21T14:00:27+00:00","author":{"@id":"https:\/\/www.welovecycling.com\/hu\/#\/schema\/person\/414a2aebf1801691a5320edb6468e194"},"breadcrumb":{"@id":"https:\/\/www.welovecycling.com\/hu\/miert-tekerunk\/dobd-be-magad-a-hegyi-palyakon-es-szerezz-uj-kerekparos-elmenyeket\/#breadcrumb"},"inLanguage":"hu","potentialAction":[{"@type":"ReadAction","target":["https:\/\/www.welovecycling.com\/hu\/miert-tekerunk\/dobd-be-magad-a-hegyi-palyakon-es-szerezz-uj-kerekparos-elmenyeket\/"]}]},{"@type":"ImageObject","inLanguage":"hu","@id":"https:\/\/www.welovecycling.com\/hu\/miert-tekerunk\/dobd-be-magad-a-hegyi-palyakon-es-szerezz-uj-kerekparos-elmenyeket\/#primaryimage","url":"https:\/\/d2p6e6u75xmxt8.cloudfront.net\/12\/2018\/11\/tobias-kebernik-1084687-unsplash.jpg","contentUrl":"https:\/\/d2p6e6u75xmxt8.cloudfront.net\/12\/2018\/11\/tobias-kebernik-1084687-unsplash.jpg","width":4749,"height":3166},{"@type":"BreadcrumbList","@id":"https:\/\/www.welovecycling.com\/hu\/miert-tekerunk\/dobd-be-magad-a-hegyi-palyakon-es-szerezz-uj-kerekparos-elmenyeket\/#breadcrumb","itemListElement":[{"@type":"ListItem","position":1,"name":"Home","item":"https:\/\/www.welovecycling.com\/hu\/"},{"@type":"ListItem","position":2,"name":"Dobd be magad a hegyi p\u00e1ly\u00e1kon \u00e9s szerezz \u00faj ker\u00e9kp\u00e1ros \u00e9lm\u00e9nyeket!"}]},{"@type":"WebSite","@id":"https:\/\/www.welovecycling.com\/hu\/#website","url":"https:\/\/www.welovecycling.com\/hu\/","name":"\u0160koda We Love Cycling - Magyarorsz\u00e1g","description":"\u0160koda WeLoveCycling","potentialAction":[{"@type":"SearchAction","target":{"@type":"EntryPoint","urlTemplate":"https:\/\/www.welovecycling.com\/hu\/?s={search_term_string}"},"query-input":{"@type":"PropertyValueSpecification","valueRequired":true,"valueName":"search_term_string"}}],"inLanguage":"hu"},{"@type":"Person","@id":"https:\/\/www.welovecycling.com\/hu\/#\/schema\/person\/414a2aebf1801691a5320edb6468e194","name":"hegyizs","image":{"@type":"ImageObject","inLanguage":"hu","@id":"https:\/\/www.welovecycling.com\/hu\/#\/schema\/person\/image\/","url":"https:\/\/secure.gravatar.com\/avatar\/02cf8a7906b8cf90cecb4679defac7cfd33a1c2e3b88e4903d947f3bb58eedd3?s=96&d=mm&r=g","contentUrl":"https:\/\/secure.gravatar.com\/avatar\/02cf8a7906b8cf90cecb4679defac7cfd33a1c2e3b88e4903d947f3bb58eedd3?s=96&d=mm&r=g","caption":"hegyizs"},"url":"https:\/\/www.welovecycling.com\/hu\/author\/hegyizs\/"}]}},"_links":{"self":[{"href":"https:\/\/www.welovecycling.com\/hu\/wp-json\/wp\/v2\/posts\/2135","targetHints":{"allow":["GET"]}}],"collection":[{"href":"https:\/\/www.welovecycling.com\/hu\/wp-json\/wp\/v2\/posts"}],"about":[{"href":"https:\/\/www.welovecycling.com\/hu\/wp-json\/wp\/v2\/types\/post"}],"author":[{"embeddable":true,"href":"https:\/\/www.welovecycling.com\/hu\/wp-json\/wp\/v2\/users\/71"}],"replies":[{"embeddable":true,"href":"https:\/\/www.welovecycling.com\/hu\/wp-json\/wp\/v2\/comments?post=2135"}],"version-history":[{"count":2,"href":"https:\/\/www.welovecycling.com\/hu\/wp-json\/wp\/v2\/posts\/2135\/revisions"}],"predecessor-version":[{"id":2140,"href":"https:\/\/www.welovecycling.com\/hu\/wp-json\/wp\/v2\/posts\/2135\/revisions\/2140"}],"wp:featuredmedia":[{"embeddable":true,"href":"https:\/\/www.welovecycling.com\/hu\/wp-json\/wp\/v2\/media\/2138"}],"wp:attachment":[{"href":"https:\/\/www.welovecycling.com\/hu\/wp-json\/wp\/v2\/media?parent=2135"}],"wp:term":[{"taxonomy":"category","embeddable":true,"href":"https:\/\/www.welovecycling.com\/hu\/wp-json\/wp\/v2\/categories?post=2135"},{"taxonomy":"post_tag","embeddable":true,"href":"https:\/\/www.welovecycling.com\/hu\/wp-json\/wp\/v2\/tags?post=2135"},{"taxonomy":"global-categories","embeddable":true,"href":"https:\/\/www.welovecycling.com\/hu\/wp-json\/wp\/v2\/global-categories?post=2135"}],"curies":[{"name":"wp","href":"https:\/\/api.w.org\/{rel}","templated":true}]}}