{"id":2125,"date":"2018-11-19T16:00:38","date_gmt":"2018-11-19T16:00:38","guid":{"rendered":"https:\/\/www.welovecycling.com\/hu\/?p=2125"},"modified":"2018-11-16T09:02:58","modified_gmt":"2018-11-16T09:02:58","slug":"10-olcso-kerekparos-ajandek-amit-meg-kihoz-a-postas-karacsony-elott","status":"publish","type":"post","link":"https:\/\/www.welovecycling.com\/hu\/csalad\/10-olcso-kerekparos-ajandek-amit-meg-kihoz-a-postas-karacsony-elott\/","title":{"rendered":"10 olcs\u00f3 ker\u00e9kp\u00e1ros aj\u00e1nd\u00e9k, amit m\u00e9g kihoz a post\u00e1s kar\u00e1csony el\u0151tt"},"content":{"rendered":"<p><strong>Tal\u00e1n \u00fagy gondolod, j\u00f3 n\u00e9h\u00e1ny h\u00e9t van m\u00e9g Kar\u00e1csonyig, de hidd el, az \u00e9v v\u00e9gi \u00fcnnepek gyorsan k\u00f6zelednek, \u00e9s sok stresszt\u0151l k\u00edm\u00e9lheted meg magad azzal, ha m\u00e1r a szezon el\u0151tt megveszel n\u00e9h\u00e1ny aj\u00e1nd\u00e9kot. Azok kedv\u00e9\u00e9rt, akik szeretnek felk\u00e9sz\u00fcltek lenni \u00e9s j\u00f3 \u00e1ron v\u00e1s\u00e1rolni, az al\u00e1bbi list\u00e1val k\u00e9sz\u00fclt\u00fcnk.<\/strong><\/p>\n<h2><strong>1) Ritchey korm\u00e1nyv\u00e9gdug\u00f3j\u00e1ba integr\u00e1lt gumileszed\u0151<\/strong><\/h2>\n<p>Kezdj\u00fck is egy innovat\u00edv, okos megold\u00e1ssal. Mi lenne, ha a bicikli korm\u00e1nycs\u00f6v\u00e9ben l\u00e9v\u0151 \u0171rt szuper\u00fcl ki lehetne haszn\u00e1lni? Ezek a szabadalmaztatott, kompozit anyagb\u00f3l k\u00e9sz\u00fclt gumileszed\u0151k pont becsusszannak a korm\u00e1nycs\u0151be, \u00e9s sz\u00fcks\u00e9g eset\u00e9n b\u00e1rmikor el\u0151h\u00fazhat\u00f3ak. Eml\u00e9kszel azokra a filmbeli gonoszokra, akik koponyacs\u00facsos s\u00e9tabotb\u00f3l h\u00fazz\u00e1k el\u0151 a gyilkos peng\u00e9t? A Ritchey k\u00f6penyszerel\u0151 vasa hasonl\u00f3, mondjuk egy picit kev\u00e9sb\u00e9 men\u0151.<\/p>\n<p><a href=\"https:\/\/d2p6e6u75xmxt8.cloudfront.net\/12\/2018\/11\/148185_00_d.jpg\"><img loading=\"lazy\" decoding=\"async\" class=\"aligncenter size-full wp-image-2133\" src=\"https:\/\/d2p6e6u75xmxt8.cloudfront.net\/12\/2018\/11\/148185_00_d.jpg\" alt=\"\" width=\"600\" height=\"600\" srcset=\"https:\/\/d2p6e6u75xmxt8.cloudfront.net\/12\/2018\/11\/148185_00_d.jpg 600w, https:\/\/d2p6e6u75xmxt8.cloudfront.net\/12\/2018\/11\/148185_00_d-150x150.jpg 150w, https:\/\/d2p6e6u75xmxt8.cloudfront.net\/12\/2018\/11\/148185_00_d-300x300.jpg 300w\" sizes=\"auto, (max-width: 600px) 100vw, 600px\" \/><\/a><\/p>\n<h2><strong>2) Fabric 16 az 1-ben multifunkci\u00f3s szersz\u00e1m<\/strong><\/h2>\n<p>Ha az els\u0151 aj\u00e1nlott aj\u00e1nd\u00e9k m\u00e1r \u00fagyis szabad\u00edtott fel helyet a szersz\u00e1mos t\u00e1sk\u00e1dban, akkor pont bef\u00e9r ez az eleg\u00e1ns \u00e9s kompakt multifunkci\u00f3s szersz\u00e1m, amit a Fabric c\u00e9g k\u00e9sz\u00edtett. Ne hagyd, hogy megt\u00e9vesszen, milyen sok kih\u00fazhat\u00f3 elem van rajta, ez az eszk\u00f6z k\u00f6nny\u0171 \u00e9s strapab\u00edr\u00f3, \u00e9s j\u00f3 ideig szolg\u00e1lni fog t\u00e9ged.<\/p>\n<p><img decoding=\"async\" src=\"https:\/\/dbyvw4eroffpi.cloudfront.net\/product-media\/1C8B\/1000\/1000\/Fabric-16-in-1-Multi-Tool.jpg\" \/><\/p>\n<h2><strong>3) A Legends of the Tour grafikus reg\u00e9ny<\/strong><\/h2>\n<p>A Legends of the Tour (\u201eA Tour legend\u00e1i\u201d) c\u00edm\u0171 reg\u00e9ny a legh\u00edresebb ker\u00e9kp\u00e1ros verseny, a Tour de France dics\u0151s\u00e9ges \u00e9s szenved\u00e9ssel teli pillanatait is bemutatja, \u00e9s garant\u00e1ltan mindenki tetsz\u00e9s\u00e9t elnyeri. Ide\u00e1lis v\u00e1laszt\u00e1s a k\u00e9preg\u00e9nyek rajong\u00f3i \u00e9s a ker\u00e9kp\u00e1roz\u00e1s szerelmesei sz\u00e1m\u00e1ra egyar\u00e1nt.<\/p>\n<p><em>\u201e\u00d3, micsoda fantasztikus k\u00f6nyv! Nemcsak a Tour remek\u00fcl t\u00f6m\u00f6r\u00edtett t\u00f6rt\u00e9net\u00e9t mes\u00e9li el, de k\u00e9zbe venni is leny\u0171g\u00f6z\u0151 \u00e9lm\u00e9ny. Im\u00e1dtam.\u201d<\/em> &#8211; \u00edrta a brit Observer kritikusa.<\/p>\n<p><strong><img decoding=\"async\" src=\"https:\/\/s.s-bol.com\/imgbase0\/imagebase3\/large\/FC\/1\/9\/8\/4\/9200000024944891.jpg\" alt=\"Image result for legends of the tour jan cleijne\" \/><\/strong><\/p>\n<h2><strong>4) Chapeau! Zerge kr\u00e9m<\/strong><\/h2>\n<p>Pszt! Besz\u00e9lj\u00fcnk egy kicsit a feneked k\u00e9nyelm\u00e9r\u0151l. Szinte nincs is jobb, mint \u00f3r\u00e1kig tekerni a szabadban, a naps\u00fct\u00e9sben, a langyos sz\u00e9lben, amikor minden forr\u00f3 \u00e9s izzadt, nem igaz? Nos, ha nem gondoskodsz r\u00f3luk megfelel\u0151en, a farpof\u00e1k m\u00e1sk\u00e9nt gondolhatj\u00e1k. Egy j\u00f3 min\u0151s\u00e9g\u0171, kid\u00f6rzs\u00f6l\u0151d\u00e9s ellen v\u00e9d\u0151 zerge kr\u00e9m seg\u00edt, hogy messzebb juss, sz\u00f3 szerint v\u00e9ve is.<\/p>\n<h2><strong>5) Klasszikus defektjav\u00edt\u00f3 k\u00e9szlet<\/strong><\/h2>\n<p>A Cyclechic webshopja igazi aranyb\u00e1nya a divatos biciklis kieg\u00e9sz\u00edt\u0151kre, k\u00fcty\u00fckre \u00e9s ruh\u00e1kra v\u00e1gyakoz\u00f3knak. Van egy k\u00fcl\u00f6n \u201eGifts Under \u00a320\u201d (aj\u00e1nd\u00e9kok 20 font alatt) kateg\u00f3ri\u00e1juk, amely szinte kifogyhatatlan t\u00e1rh\u00e1za az aj\u00e1nd\u00e9k\u00f6tleteknek. Mi els\u0151re ebbe a retr\u00f3 defektjav\u00edt\u00f3 k\u00e9szletbe szerett\u00fcnk bele.<\/p>\n<p><img decoding=\"async\" src=\"https:\/\/www.cyclechic.co.uk\/sites\/default\/files\/imagecache\/colorbox\/images\/products\/299-932.jpg\" \/><\/p>\n<h2><strong>6) Nuun elektrolit tablett\u00e1k<\/strong><\/h2>\n<p>A j\u00f3 hidrat\u00e1l\u00e1s minden sporttev\u00e9kenys\u00e9g kulcsfontoss\u00e1g\u00fa eleme. Ha m\u00e1r r\u00e9g\u00f3ta foglalkozol sporttal, biztosan tal\u00e1lkozt\u00e1l m\u00e1r elektrolites italokkal. Ezek sokat seg\u00edtenek az \u00e1sv\u00e1nyi anyagok p\u00f3tl\u00e1s\u00e1ban, menet k\u00f6zben is energi\u00e1val t\u00f6lthetnek fel. Ha viszont tudatos vagy \u00e9s k\u00f6rnyezetbar\u00e1t, akkor nem akarsz minden egyes teker\u00e9shez \u00faj m\u0171anyag palackot v\u00e1s\u00e1rolni. A Nuun tablett\u00e1k erre a dilemm\u00e1ra k\u00edn\u00e1lnak t\u00f6k\u00e9letes megold\u00e1st, 10 k\u00fcl\u00f6nb\u00f6z\u0151 \u00edzben. El\u00e9g egyet a kulacsodba dobni, \u00e9s indulhatsz is! Mit sz\u00f3ln\u00e1l, mondjuk a dinny\u00e9shez?<\/p>\n<p><img decoding=\"async\" src=\"https:\/\/nuunlife.com\/assets\/images\/made\/assets\/products\/Electrolytes_WM_209_500.png\" \/><\/p>\n<h2><strong>7) A biciklis k\u00e9preg\u00e9nyrajzol\u00f3: Ilyen az \u00e9let k\u00e9t ker\u00e9ken, rajzban<\/strong><\/h2>\n<p>Ha \u00f6sszep\u00e1ros\u00edtjuk a ker\u00e9kp\u00e1roz\u00e1s \u00e9s a rajzol\u00e1s szeretet\u00e9t, akkor Dave Walkert kapjuk meg. K\u00f6nyve &#8211; The Cycling Cartoonist: An Illustrated Guide to Life on Two Wheels &#8211; egy megsz\u00e1llott bring\u00e1s szemein kereszt\u00fcl mutatja be a vil\u00e1got, egyszer\u0171, line\u00e1ris st\u00edlus\u00fa rajzokkal. Minden bizonnyal nektek is k\u00f6nny\u0171 lesz a k\u00f6nyvvel azonosulni, \u00e9s belemer\u00fclni az olvas\u00e1sba, hogy az \u00e9v legcsendesebb \u00e9s legmeghittebb \u00fcnnepi id\u0151szak\u00e1ban kikapcsol\u00f3d\u00e1sra leljetek.<\/p>\n<p><img loading=\"lazy\" decoding=\"async\" class=\"\" src=\"http:\/\/cyclingcartoons.com\/wp-content\/uploads\/2017\/09\/86-off-duty-cyclists-900.jpg\" width=\"822\" height=\"839\" \/><\/p>\n<h2><strong>8) Egy pomp\u00e1s biciklis nyakl\u00e1nc<\/strong><\/h2>\n<p>Ismersz b\u00e1rkit, aki szigor\u00fa hat\u00e1rvonalat h\u00faz a ker\u00e9kp\u00e1roz\u00e1s \u00e9s a t\u00f6bbi napi tev\u00e9kenys\u00e9ge k\u00f6z\u00e9, mert nem szeretne megsz\u00e1llott bring\u00e1snak t\u0171nni, de m\u00e9gis szeretne egy eleg\u00e1ns eml\u00e9keztet\u0151t, hogy mit szeret igaz\u00e1n? Ez a diszkr\u00e9t biciklis nyakl\u00e1nc h\u00e1rom sz\u00ednben is el\u00e9rhet\u0151, \u00e9s minden alkalomhoz illik.<\/p>\n<p><img decoding=\"async\" src=\"https:\/\/i.etsystatic.com\/6422111\/r\/il\/a277ee\/711525580\/il_570xN.711525580_579m.jpg\" \/><\/p>\n<h2><strong>9) Biciklis csoki \u00e9s jegyzetf\u00fczet aj\u00e1nd\u00e9kcsomag<\/strong><\/h2>\n<p>Ki ne szeretn\u00e9 az egyedi holmikat? A Quirky Gift Library egy diz\u00e1jn\u0151r\u00fclt csokol\u00e1d\u00e9 k\u00e9sz\u00edt\u0151 csapat, amelynek tagjai egyedi eszk\u00f6z\u00f6ket vetnek be, hogy kedvenc term\u00e9k\u00fcket azzal p\u00e1ros\u00edts\u00e1k (vagy csomagolj\u00e1k be). Ez a biciklis csoki \u00e9s jegyzetf\u00fczet csomag lehet\u0151v\u00e9 teszi a szem\u00e9lyre szab\u00e1st mindegyik esetben &#8211; a jegyzetf\u00fczet diz\u00e1jnj\u00e1hoz k\u00fcl\u00f6nb\u00f6z\u0151 h\u00edres mezekb\u0151l v\u00e1laszthatsz, \u00e9s azt is te mondod meg, melyik csokol\u00e1d\u00e9ra ker\u00fclj\u00f6n r\u00e1. M\u00e9g saj\u00e1t j\u00f3k\u00edv\u00e1ns\u00e1gokat is f\u0171zhetsz hozz\u00e1!<\/p>\n<p><img decoding=\"async\" src=\"https:\/\/cdn.notonthehighstreet.com\/system\/product_images\/images\/001\/211\/161\/original_va-va-froome-tribute-chocolate-bar.jpg\" \/><\/p>\n<h2><strong>10) Happy Socks<\/strong><\/h2>\n<p>\u00c9s v\u00e9g\u00fcl, de nem utols\u00f3 sorban: ismersz olyan bring\u00e1st, aki nem veti meg a sz\u00ednpomp\u00e1s megjelen\u00e9st? Ha szeretik az \u0151r\u00fclt sz\u00ednkavalk\u00e1dot, akkor ezek a sz\u00e9p zoknik jelenthetik a t\u00f6k\u00e9letes aj\u00e1nd\u00e9kot. V\u00e1laszthatsz a sz\u00e1mos aj\u00e1nd\u00e9kcsomagb\u00f3l, vagy egy konkr\u00e9t p\u00e1r zokni kiv\u00e1laszt\u00e1s\u00e1val is feldobhatod a kar\u00e1csonyi aj\u00e1nd\u00e9kcsomagot.<\/p>\n<p><img decoding=\"async\" src=\"https:\/\/d2zn325e89kysk.cloudfront.net\/media\/catalog\/product\/cache\/image\/1024x600\/9d1325c86aa13970ba5272241042ed09\/x\/b\/xbea10-6000_2.png\" \/><\/p>\n<p>Ak\u00e1r egyed\u00fcl vagy bicikli\u0151r\u00fclt az eg\u00e9sz csal\u00e1dban, akkor a t\u00f6bbi teker\u0151s csal\u00e1dtagodnak is te v\u00e1lasztasz aj\u00e1nd\u00e9kot, \u00a0rem\u00e9lj\u00fck a fenti felsorol\u00e1sban tal\u00e1lt\u00e1l n\u00e9h\u00e1ny \u00f6tletet, mely mosolyt csal majd a kar\u00e1csonyfa alatt szeretteid arc\u00e1ra! Biztons\u00e1gos k\u00f6zleked\u00e9st k\u00edv\u00e1nunk az \u0151szi \u00e9s a t\u00e9li szezonra!<\/p>\n","protected":false},"excerpt":{"rendered":"<p>Tal\u00e1n \u00fagy gondolod, j\u00f3 n\u00e9h\u00e1ny h\u00e9t van m\u00e9g Kar\u00e1csonyig, de hidd el, az \u00e9v v\u00e9gi \u00fcnnepek gyorsan k\u00f6zelednek, \u00e9s sok [&hellip;]<\/p>\n","protected":false},"author":71,"featured_media":2126,"comment_status":"open","ping_status":"open","sticky":false,"template":"","format":"standard","meta":{"footnotes":""},"categories":[11],"tags":[252,253,254],"global-categories":[],"class_list":["post-2125","post","type-post","status-publish","format-standard","has-post-thumbnail","hentry","category-csalad","tag-karacsony","tag-karacsony-2018","tag-karacsonyi-ajandek"],"yoast_head":"<!-- This site is optimized with the Yoast SEO Premium plugin v25.3 (Yoast SEO v25.9) - https:\/\/yoast.com\/wordpress\/plugins\/seo\/ -->\n<title>10 olcs\u00f3 ker\u00e9kp\u00e1ros aj\u00e1nd\u00e9k, amit m\u00e9g kihoz a post\u00e1s kar\u00e1csony el\u0151tt - \u0160koda We Love Cycling - Magyarorsz\u00e1g<\/title>\n<meta name=\"robots\" content=\"index, follow, max-snippet:-1, max-image-preview:large, max-video-preview:-1\" \/>\n<link rel=\"canonical\" href=\"https:\/\/www.welovecycling.com\/hu\/csalad\/10-olcso-kerekparos-ajandek-amit-meg-kihoz-a-postas-karacsony-elott\/\" \/>\n<meta property=\"og:locale\" content=\"hu_HU\" \/>\n<meta property=\"og:type\" content=\"article\" \/>\n<meta property=\"og:title\" content=\"10 olcs\u00f3 ker\u00e9kp\u00e1ros aj\u00e1nd\u00e9k, amit m\u00e9g kihoz a post\u00e1s kar\u00e1csony el\u0151tt\" \/>\n<meta property=\"og:description\" content=\"Tal\u00e1n \u00fagy gondolod, j\u00f3 n\u00e9h\u00e1ny h\u00e9t van m\u00e9g Kar\u00e1csonyig, de hidd el, az \u00e9v v\u00e9gi \u00fcnnepek gyorsan k\u00f6zelednek, \u00e9s sok [&hellip;]\" \/>\n<meta property=\"og:url\" content=\"https:\/\/www.welovecycling.com\/hu\/csalad\/10-olcso-kerekparos-ajandek-amit-meg-kihoz-a-postas-karacsony-elott\/\" \/>\n<meta property=\"og:site_name\" content=\"\u0160koda We Love Cycling - Magyarorsz\u00e1g\" \/>\n<meta property=\"article:publisher\" content=\"https:\/\/www.facebook.com\/WeLoveCyclingHungary\/\" \/>\n<meta property=\"article:published_time\" content=\"2018-11-19T16:00:38+00:00\" \/>\n<meta property=\"og:image\" content=\"https:\/\/d2p6e6u75xmxt8.cloudfront.net\/12\/2018\/11\/cvr2-1024x450.jpg\" \/>\n\t<meta property=\"og:image:width\" content=\"1024\" \/>\n\t<meta property=\"og:image:height\" content=\"450\" \/>\n\t<meta property=\"og:image:type\" content=\"image\/jpeg\" \/>\n<meta name=\"author\" content=\"hegyizs\" \/>\n<meta name=\"twitter:card\" content=\"summary_large_image\" \/>\n<meta name=\"twitter:label1\" content=\"Written by\" \/>\n\t<meta name=\"twitter:data1\" content=\"hegyizs\" \/>\n\t<meta name=\"twitter:label2\" content=\"Est. reading time\" \/>\n\t<meta name=\"twitter:data2\" content=\"5 minutes\" \/>\n<script type=\"application\/ld+json\" class=\"yoast-schema-graph\">{\"@context\":\"https:\/\/schema.org\",\"@graph\":[{\"@type\":\"WebPage\",\"@id\":\"https:\/\/www.welovecycling.com\/hu\/csalad\/10-olcso-kerekparos-ajandek-amit-meg-kihoz-a-postas-karacsony-elott\/\",\"url\":\"https:\/\/www.welovecycling.com\/hu\/csalad\/10-olcso-kerekparos-ajandek-amit-meg-kihoz-a-postas-karacsony-elott\/\",\"name\":\"10 olcs\u00f3 ker\u00e9kp\u00e1ros aj\u00e1nd\u00e9k, amit m\u00e9g kihoz a post\u00e1s kar\u00e1csony el\u0151tt - \u0160koda We Love Cycling - Magyarorsz\u00e1g\",\"isPartOf\":{\"@id\":\"https:\/\/www.welovecycling.com\/hu\/#website\"},\"primaryImageOfPage\":{\"@id\":\"https:\/\/www.welovecycling.com\/hu\/csalad\/10-olcso-kerekparos-ajandek-amit-meg-kihoz-a-postas-karacsony-elott\/#primaryimage\"},\"image\":{\"@id\":\"https:\/\/www.welovecycling.com\/hu\/csalad\/10-olcso-kerekparos-ajandek-amit-meg-kihoz-a-postas-karacsony-elott\/#primaryimage\"},\"thumbnailUrl\":\"https:\/\/d2p6e6u75xmxt8.cloudfront.net\/12\/2018\/11\/cvr2-1024x450.jpg\",\"datePublished\":\"2018-11-19T16:00:38+00:00\",\"author\":{\"@id\":\"https:\/\/www.welovecycling.com\/hu\/#\/schema\/person\/414a2aebf1801691a5320edb6468e194\"},\"breadcrumb\":{\"@id\":\"https:\/\/www.welovecycling.com\/hu\/csalad\/10-olcso-kerekparos-ajandek-amit-meg-kihoz-a-postas-karacsony-elott\/#breadcrumb\"},\"inLanguage\":\"hu\",\"potentialAction\":[{\"@type\":\"ReadAction\",\"target\":[\"https:\/\/www.welovecycling.com\/hu\/csalad\/10-olcso-kerekparos-ajandek-amit-meg-kihoz-a-postas-karacsony-elott\/\"]}]},{\"@type\":\"ImageObject\",\"inLanguage\":\"hu\",\"@id\":\"https:\/\/www.welovecycling.com\/hu\/csalad\/10-olcso-kerekparos-ajandek-amit-meg-kihoz-a-postas-karacsony-elott\/#primaryimage\",\"url\":\"https:\/\/d2p6e6u75xmxt8.cloudfront.net\/12\/2018\/11\/cvr2-1024x450.jpg\",\"contentUrl\":\"https:\/\/d2p6e6u75xmxt8.cloudfront.net\/12\/2018\/11\/cvr2-1024x450.jpg\",\"width\":1024,\"height\":450},{\"@type\":\"BreadcrumbList\",\"@id\":\"https:\/\/www.welovecycling.com\/hu\/csalad\/10-olcso-kerekparos-ajandek-amit-meg-kihoz-a-postas-karacsony-elott\/#breadcrumb\",\"itemListElement\":[{\"@type\":\"ListItem\",\"position\":1,\"name\":\"Home\",\"item\":\"https:\/\/www.welovecycling.com\/hu\/\"},{\"@type\":\"ListItem\",\"position\":2,\"name\":\"10 olcs\u00f3 ker\u00e9kp\u00e1ros aj\u00e1nd\u00e9k, amit m\u00e9g kihoz a post\u00e1s kar\u00e1csony el\u0151tt\"}]},{\"@type\":\"WebSite\",\"@id\":\"https:\/\/www.welovecycling.com\/hu\/#website\",\"url\":\"https:\/\/www.welovecycling.com\/hu\/\",\"name\":\"\u0160koda We Love Cycling - Magyarorsz\u00e1g\",\"description\":\"\u0160koda WeLoveCycling\",\"potentialAction\":[{\"@type\":\"SearchAction\",\"target\":{\"@type\":\"EntryPoint\",\"urlTemplate\":\"https:\/\/www.welovecycling.com\/hu\/?s={search_term_string}\"},\"query-input\":{\"@type\":\"PropertyValueSpecification\",\"valueRequired\":true,\"valueName\":\"search_term_string\"}}],\"inLanguage\":\"hu\"},{\"@type\":\"Person\",\"@id\":\"https:\/\/www.welovecycling.com\/hu\/#\/schema\/person\/414a2aebf1801691a5320edb6468e194\",\"name\":\"hegyizs\",\"image\":{\"@type\":\"ImageObject\",\"inLanguage\":\"hu\",\"@id\":\"https:\/\/www.welovecycling.com\/hu\/#\/schema\/person\/image\/\",\"url\":\"https:\/\/secure.gravatar.com\/avatar\/02cf8a7906b8cf90cecb4679defac7cfd33a1c2e3b88e4903d947f3bb58eedd3?s=96&d=mm&r=g\",\"contentUrl\":\"https:\/\/secure.gravatar.com\/avatar\/02cf8a7906b8cf90cecb4679defac7cfd33a1c2e3b88e4903d947f3bb58eedd3?s=96&d=mm&r=g\",\"caption\":\"hegyizs\"},\"url\":\"https:\/\/www.welovecycling.com\/hu\/author\/hegyizs\/\"}]}<\/script>\n<!-- \/ Yoast SEO Premium plugin. -->","yoast_head_json":{"title":"10 olcs\u00f3 ker\u00e9kp\u00e1ros aj\u00e1nd\u00e9k, amit m\u00e9g kihoz a post\u00e1s kar\u00e1csony el\u0151tt - \u0160koda We Love Cycling - Magyarorsz\u00e1g","robots":{"index":"index","follow":"follow","max-snippet":"max-snippet:-1","max-image-preview":"max-image-preview:large","max-video-preview":"max-video-preview:-1"},"canonical":"https:\/\/www.welovecycling.com\/hu\/csalad\/10-olcso-kerekparos-ajandek-amit-meg-kihoz-a-postas-karacsony-elott\/","og_locale":"hu_HU","og_type":"article","og_title":"10 olcs\u00f3 ker\u00e9kp\u00e1ros aj\u00e1nd\u00e9k, amit m\u00e9g kihoz a post\u00e1s kar\u00e1csony el\u0151tt","og_description":"Tal\u00e1n \u00fagy gondolod, j\u00f3 n\u00e9h\u00e1ny h\u00e9t van m\u00e9g Kar\u00e1csonyig, de hidd el, az \u00e9v v\u00e9gi \u00fcnnepek gyorsan k\u00f6zelednek, \u00e9s sok [&hellip;]","og_url":"https:\/\/www.welovecycling.com\/hu\/csalad\/10-olcso-kerekparos-ajandek-amit-meg-kihoz-a-postas-karacsony-elott\/","og_site_name":"\u0160koda We Love Cycling - Magyarorsz\u00e1g","article_publisher":"https:\/\/www.facebook.com\/WeLoveCyclingHungary\/","article_published_time":"2018-11-19T16:00:38+00:00","og_image":[{"width":1024,"height":450,"url":"https:\/\/d2p6e6u75xmxt8.cloudfront.net\/12\/2018\/11\/cvr2-1024x450.jpg","type":"image\/jpeg"}],"author":"hegyizs","twitter_card":"summary_large_image","twitter_misc":{"Written by":"hegyizs","Est. reading time":"5 minutes"},"schema":{"@context":"https:\/\/schema.org","@graph":[{"@type":"WebPage","@id":"https:\/\/www.welovecycling.com\/hu\/csalad\/10-olcso-kerekparos-ajandek-amit-meg-kihoz-a-postas-karacsony-elott\/","url":"https:\/\/www.welovecycling.com\/hu\/csalad\/10-olcso-kerekparos-ajandek-amit-meg-kihoz-a-postas-karacsony-elott\/","name":"10 olcs\u00f3 ker\u00e9kp\u00e1ros aj\u00e1nd\u00e9k, amit m\u00e9g kihoz a post\u00e1s kar\u00e1csony el\u0151tt - \u0160koda We Love Cycling - Magyarorsz\u00e1g","isPartOf":{"@id":"https:\/\/www.welovecycling.com\/hu\/#website"},"primaryImageOfPage":{"@id":"https:\/\/www.welovecycling.com\/hu\/csalad\/10-olcso-kerekparos-ajandek-amit-meg-kihoz-a-postas-karacsony-elott\/#primaryimage"},"image":{"@id":"https:\/\/www.welovecycling.com\/hu\/csalad\/10-olcso-kerekparos-ajandek-amit-meg-kihoz-a-postas-karacsony-elott\/#primaryimage"},"thumbnailUrl":"https:\/\/d2p6e6u75xmxt8.cloudfront.net\/12\/2018\/11\/cvr2-1024x450.jpg","datePublished":"2018-11-19T16:00:38+00:00","author":{"@id":"https:\/\/www.welovecycling.com\/hu\/#\/schema\/person\/414a2aebf1801691a5320edb6468e194"},"breadcrumb":{"@id":"https:\/\/www.welovecycling.com\/hu\/csalad\/10-olcso-kerekparos-ajandek-amit-meg-kihoz-a-postas-karacsony-elott\/#breadcrumb"},"inLanguage":"hu","potentialAction":[{"@type":"ReadAction","target":["https:\/\/www.welovecycling.com\/hu\/csalad\/10-olcso-kerekparos-ajandek-amit-meg-kihoz-a-postas-karacsony-elott\/"]}]},{"@type":"ImageObject","inLanguage":"hu","@id":"https:\/\/www.welovecycling.com\/hu\/csalad\/10-olcso-kerekparos-ajandek-amit-meg-kihoz-a-postas-karacsony-elott\/#primaryimage","url":"https:\/\/d2p6e6u75xmxt8.cloudfront.net\/12\/2018\/11\/cvr2-1024x450.jpg","contentUrl":"https:\/\/d2p6e6u75xmxt8.cloudfront.net\/12\/2018\/11\/cvr2-1024x450.jpg","width":1024,"height":450},{"@type":"BreadcrumbList","@id":"https:\/\/www.welovecycling.com\/hu\/csalad\/10-olcso-kerekparos-ajandek-amit-meg-kihoz-a-postas-karacsony-elott\/#breadcrumb","itemListElement":[{"@type":"ListItem","position":1,"name":"Home","item":"https:\/\/www.welovecycling.com\/hu\/"},{"@type":"ListItem","position":2,"name":"10 olcs\u00f3 ker\u00e9kp\u00e1ros aj\u00e1nd\u00e9k, amit m\u00e9g kihoz a post\u00e1s kar\u00e1csony el\u0151tt"}]},{"@type":"WebSite","@id":"https:\/\/www.welovecycling.com\/hu\/#website","url":"https:\/\/www.welovecycling.com\/hu\/","name":"\u0160koda We Love Cycling - Magyarorsz\u00e1g","description":"\u0160koda WeLoveCycling","potentialAction":[{"@type":"SearchAction","target":{"@type":"EntryPoint","urlTemplate":"https:\/\/www.welovecycling.com\/hu\/?s={search_term_string}"},"query-input":{"@type":"PropertyValueSpecification","valueRequired":true,"valueName":"search_term_string"}}],"inLanguage":"hu"},{"@type":"Person","@id":"https:\/\/www.welovecycling.com\/hu\/#\/schema\/person\/414a2aebf1801691a5320edb6468e194","name":"hegyizs","image":{"@type":"ImageObject","inLanguage":"hu","@id":"https:\/\/www.welovecycling.com\/hu\/#\/schema\/person\/image\/","url":"https:\/\/secure.gravatar.com\/avatar\/02cf8a7906b8cf90cecb4679defac7cfd33a1c2e3b88e4903d947f3bb58eedd3?s=96&d=mm&r=g","contentUrl":"https:\/\/secure.gravatar.com\/avatar\/02cf8a7906b8cf90cecb4679defac7cfd33a1c2e3b88e4903d947f3bb58eedd3?s=96&d=mm&r=g","caption":"hegyizs"},"url":"https:\/\/www.welovecycling.com\/hu\/author\/hegyizs\/"}]}},"_links":{"self":[{"href":"https:\/\/www.welovecycling.com\/hu\/wp-json\/wp\/v2\/posts\/2125","targetHints":{"allow":["GET"]}}],"collection":[{"href":"https:\/\/www.welovecycling.com\/hu\/wp-json\/wp\/v2\/posts"}],"about":[{"href":"https:\/\/www.welovecycling.com\/hu\/wp-json\/wp\/v2\/types\/post"}],"author":[{"embeddable":true,"href":"https:\/\/www.welovecycling.com\/hu\/wp-json\/wp\/v2\/users\/71"}],"replies":[{"embeddable":true,"href":"https:\/\/www.welovecycling.com\/hu\/wp-json\/wp\/v2\/comments?post=2125"}],"version-history":[{"count":1,"href":"https:\/\/www.welovecycling.com\/hu\/wp-json\/wp\/v2\/posts\/2125\/revisions"}],"predecessor-version":[{"id":2134,"href":"https:\/\/www.welovecycling.com\/hu\/wp-json\/wp\/v2\/posts\/2125\/revisions\/2134"}],"wp:featuredmedia":[{"embeddable":true,"href":"https:\/\/www.welovecycling.com\/hu\/wp-json\/wp\/v2\/media\/2126"}],"wp:attachment":[{"href":"https:\/\/www.welovecycling.com\/hu\/wp-json\/wp\/v2\/media?parent=2125"}],"wp:term":[{"taxonomy":"category","embeddable":true,"href":"https:\/\/www.welovecycling.com\/hu\/wp-json\/wp\/v2\/categories?post=2125"},{"taxonomy":"post_tag","embeddable":true,"href":"https:\/\/www.welovecycling.com\/hu\/wp-json\/wp\/v2\/tags?post=2125"},{"taxonomy":"global-categories","embeddable":true,"href":"https:\/\/www.welovecycling.com\/hu\/wp-json\/wp\/v2\/global-categories?post=2125"}],"curies":[{"name":"wp","href":"https:\/\/api.w.org\/{rel}","templated":true}]}}