{"id":2119,"date":"2018-11-17T15:00:47","date_gmt":"2018-11-17T15:00:47","guid":{"rendered":"https:\/\/www.welovecycling.com\/hu\/?p=2119"},"modified":"2018-11-13T14:33:46","modified_gmt":"2018-11-13T14:33:46","slug":"7-kerekparos-rekord-amitol-leesik-az-allad","status":"publish","type":"post","link":"https:\/\/www.welovecycling.com\/hu\/miert-tekerunk\/7-kerekparos-rekord-amitol-leesik-az-allad\/","title":{"rendered":"7 ker\u00e9kp\u00e1ros rekord, amit\u0151l leesik az \u00e1llad"},"content":{"rendered":"<p><strong>Mi\u00f3ta csak a ker\u00e9kp\u00e1rt feltal\u00e1lt\u00e1k, a biciklisek \u00fajabb \u00e9s \u00fajabb rekordok be\u00e1ll\u00edt\u00e1s\u00e1n f\u00e1radoznak. Gyorsabban, t\u00e1volabbra vagy \u00e9pp magasabbra jutni ker\u00e9kp\u00e1rral, bizony embert pr\u00f3b\u00e1l\u00f3 feladat, egym\u00e1s fel\u00fclm\u00fal\u00e1sa pedig sokszor a fizikai \u00e9s a ment\u00e1lis t\u0171r\u0151k\u00e9pess\u00e9g hat\u00e1r\u00e1ig hajtja a bring\u00e1sokat. Eredm\u00e9ny viszont nincs \u00e1ldozatok n\u00e9lk\u00fcl, buk\u00f3t fel, n\u00e9zz\u00fck a legfantasztikusabb ker\u00e9kp\u00e1ros rekordokat!<\/strong><\/p>\n<p>&nbsp;<\/p>\n<p><strong>01 Az &#8220;Egy \u00d3r\u00e1s&#8221; rekord<\/strong><\/p>\n<p>Az egyik legelk\u00e9peszt\u0151bb \u00e9s egyben legnagyobb tisztelet kiv\u00e1lt\u00f3 kih\u00edv\u00e1s l\u00e9nyege, hogy egy velodr\u00f3mban a lehet\u0151 legnagyobb t\u00e1vot kell megtenni egy \u00f3ra alatt. Az els\u0151 ismert eredm\u00e9nyt 1876-ban r\u00f6gz\u00edtett\u00e9k, akkor 26,5 kilom\u00e9tert tett meg az akkori rekordtart\u00f3 egy \u00f3ra alatt, a jelenlegi f\u00e9rfi cs\u00facstart\u00f3 Sir Bradley Wiggings, aki nem kevesebb, mint 54,5 kilom\u00e9tert tekert le 60 perc alatt, n\u0151k k\u00f6z\u00f6tt pedig Evelyn Stevens tartja a cs\u00facsot 47,9 megtett kilom\u00e9terrel.<\/p>\n<p>&nbsp;<\/p>\n<p><strong>02 Az &#8220;Egy \u00c9ves&#8221; rekord<\/strong><\/p>\n<p>Vajon mennyit k\u00e9pes tekerni egy rekordtart\u00f3 egy teljes \u00e9v alatt? Az els\u0151 ismert adat a &#8217;30-as \u00e9vekb\u0151l sz\u00e1rmazik, Tommy Godwin 1939-ben, 120 805 kilom\u00e9tert hagyott maga m\u00f6g\u00f6tt, amit eg\u00e9szen 2016-ig nem is d\u00f6nt\u00f6tt meg senki, majd j\u00f6tt Kurt Searvogel, \u00e9s be\u00e1ll\u00edtotta az \u00faj 122 432,7 kilom\u00e9teres rekordot, ami elk\u00e9peszt\u0151, napi 305 kilom\u00e9teres \u00e1tlagot jelent! De a t\u00f6rt\u00e9net itt m\u00e9g nem \u00e9r v\u00e9get, 40 nappal a rekord bejegyz\u00e9se ut\u00e1n a 23 \u00e9ves Amanda Coker naponta 381 kilom\u00e9tert tekert, hogy az \u00e9v v\u00e9g\u00e9n \u0151 legyen a rekorder 139 268 megtett kilom\u00e9terrel. Biztos, ami biztos, Amanda az egy\u00e9ves teljes\u00edtm\u00e9nye ut\u00e1n pihen\u00e9s helyett be\u00e1ll\u00edtotta a leggyorsabban megtett 100 000 m\u00e9rf\u00f6ld (164 934 km) rekordj\u00e1t, amit mind\u00f6ssze 423 nap alatt tett meg.<\/p>\n<p>&nbsp;<\/p>\n<p><strong>03 A leggyorsabb, aki \u00e1tszelte Eur\u00f3p\u00e1t \u00e9szakt\u00f3l d\u00e9lig<\/strong><\/p>\n<p>A t\u00e1v \u00e9s a sebess\u00e9g persze nem minden, a teljes\u00edtm\u00e9nyf\u00fcgg\u0151knek enn\u00e9l t\u00f6bb kell. Lee Fancourt cirka 6 750 kilom\u00e9tert tett meg Norv\u00e9gia leg\u00e9szakibb pontj\u00e1t\u00f3l Spanyolorsz\u00e1g legd\u00e9libb pontj\u00e1ig 21 nap, 14 \u00f3ra \u00e9s 23 perc alatt, amivel t\u00f6bb mint 24 \u00f3r\u00e1t vert a kor\u00e1bbi rekordra 2015 j\u00falius\u00e1ban.<\/p>\n<p>&nbsp;<\/p>\n<p><strong>04 A legnagyobb emelked\u00e9s 48 \u00f3ra alatt<\/strong><\/p>\n<p>A magass\u00e1gm\u00e9r\u00e9sre is alkalmas applik\u00e1ci\u00f3k \u00f3ta egyre divatosabb az &#8220;Everest-el\u00e9s&#8221;, azaz a Mount Everest-re virtu\u00e1lisan feltekerni 24 \u00f3ra alatt. Persze, volt akit ez sem hatott meg: Craig Cannon 48 \u00f3ra alatt 29 623 m\u00e9ter magass\u00e1gba &#8220;tekert&#8221;.<\/p>\n<p>&nbsp;<\/p>\n<p><strong>05 Verseny Amerik\u00e1n \u00e1t<\/strong><\/p>\n<p>A RAAM (The Race Across America) az egyik legkem\u00e9nyebb ker\u00e9kp\u00e1ros er\u0151pr\u00f3ba az \u00e1llamokon \u00e1t, ami 3000 m\u00e9rf\u00f6ldes hossz\u00e1val a Tour de France-ra is r\u00e1tesz egy lap\u00e1ttal. 2014-ben Christoph Strasser ezt a versenyt kevesebb mint 8 nap alatt, eg\u00e9szen pontosan 7 nap 15 \u00f3ra \u00e9s 56 perc alatt teljes\u00edtett partt\u00f3l partig.<\/p>\n<p><a href=\"https:\/\/d2p6e6u75xmxt8.cloudfront.net\/12\/2018\/11\/patrick-hendry-464055-unsplash.jpg\"><img loading=\"lazy\" decoding=\"async\" class=\"aligncenter size-full wp-image-2122\" src=\"https:\/\/d2p6e6u75xmxt8.cloudfront.net\/12\/2018\/11\/patrick-hendry-464055-unsplash.jpg\" alt=\"\" width=\"8192\" height=\"5461\" srcset=\"https:\/\/d2p6e6u75xmxt8.cloudfront.net\/12\/2018\/11\/patrick-hendry-464055-unsplash.jpg 8192w, https:\/\/d2p6e6u75xmxt8.cloudfront.net\/12\/2018\/11\/patrick-hendry-464055-unsplash-300x200.jpg 300w, https:\/\/d2p6e6u75xmxt8.cloudfront.net\/12\/2018\/11\/patrick-hendry-464055-unsplash-768x512.jpg 768w, https:\/\/d2p6e6u75xmxt8.cloudfront.net\/12\/2018\/11\/patrick-hendry-464055-unsplash-1024x683.jpg 1024w, https:\/\/d2p6e6u75xmxt8.cloudfront.net\/12\/2018\/11\/patrick-hendry-464055-unsplash-1920x1280.jpg 1920w, https:\/\/d2p6e6u75xmxt8.cloudfront.net\/12\/2018\/11\/patrick-hendry-464055-unsplash-272x182.jpg 272w, https:\/\/d2p6e6u75xmxt8.cloudfront.net\/12\/2018\/11\/patrick-hendry-464055-unsplash-1920x1280.jpg 1920w\" sizes=\"auto, (max-width: 8192px) 100vw, 8192px\" \/><\/a><\/p>\n<p><strong>06 A legnagyobb megtett t\u00e1v&#8230;v\u00edz alatt<\/strong><\/p>\n<p>Szembesz\u00e9lben tekerni neh\u00e9z \u0151szinte mosollyal, igaz? Pr\u00f3b\u00e1lj v\u00edz alatt tekerni! Term\u00e9szetesen volt erre is egy \u0151r\u00fclt, aki kipr\u00f3b\u00e1lta. Jens Stotzner 2013-ban 6 708 kilom\u00e9tert, nagyj\u00e1b\u00f3l 78 hosszt tett meg v\u00edz alatt a medenc\u00e9ben. A v\u00edz alatti kaland ut\u00e1n vajon mennyi l\u00e1ncolajat haszn\u00e1ltak el?<\/p>\n<p>&nbsp;<\/p>\n<p><strong>07 Rekord a vil\u00e1g k\u00f6r\u00fcl<\/strong><\/p>\n<p>Sokak \u00e1lma k\u00f6rbeutazni a f\u00f6ldet, de csak n\u00e9h\u00e1nyan akarj\u00e1k k\u00f6rbetekerni. Az igaz\u00e1n elsz\u00e1ntak pedig gyorsan akarj\u00e1k k\u00f6rbetekerni, m\u00e9ghozz\u00e1 nagyon. 2017 szeptember\u00e9ben, Mark Beaumont minden id\u0151k leggyorsabb temp\u00f3j\u00e1val, a Guiness Rekordok K\u00f6nyv\u00e9nek hivatalos m\u00e9r\u00e9se mellett, 79 nap alatt tette meg a t\u00e1vot. Igaz, az \u0151t k\u00eds\u00e9r\u0151 csapatban volt csereker\u00e9kp\u00e1r, ami a fanyalg\u00f3k szerint levon a rekord \u00e9rt\u00e9k\u00e9b\u0151l. Mit gondoltok?<\/p>\n","protected":false},"excerpt":{"rendered":"<p>Mi\u00f3ta csak a ker\u00e9kp\u00e1rt feltal\u00e1lt\u00e1k, a biciklisek \u00fajabb \u00e9s \u00fajabb rekordok be\u00e1ll\u00edt\u00e1s\u00e1n f\u00e1radoznak. Gyorsabban, t\u00e1volabbra vagy \u00e9pp magasabbra jutni ker\u00e9kp\u00e1rral, [&hellip;]<\/p>\n","protected":false},"author":71,"featured_media":2123,"comment_status":"open","ping_status":"open","sticky":false,"template":"","format":"standard","meta":{"footnotes":""},"categories":[99],"tags":[],"global-categories":[],"class_list":["post-2119","post","type-post","status-publish","format-standard","has-post-thumbnail","hentry","category-miert-tekerunk"],"yoast_head":"<!-- This site is optimized with the Yoast SEO Premium plugin v25.3 (Yoast SEO v25.9) - https:\/\/yoast.com\/wordpress\/plugins\/seo\/ -->\n<title>7 ker\u00e9kp\u00e1ros rekord, amit\u0151l leesik az \u00e1llad - \u0160koda We Love Cycling - Magyarorsz\u00e1g<\/title>\n<meta name=\"robots\" content=\"index, follow, max-snippet:-1, max-image-preview:large, max-video-preview:-1\" \/>\n<link rel=\"canonical\" href=\"https:\/\/www.welovecycling.com\/hu\/miert-tekerunk\/7-kerekparos-rekord-amitol-leesik-az-allad\/\" \/>\n<meta property=\"og:locale\" content=\"hu_HU\" \/>\n<meta property=\"og:type\" content=\"article\" \/>\n<meta property=\"og:title\" content=\"7 ker\u00e9kp\u00e1ros rekord, amit\u0151l leesik az \u00e1llad\" \/>\n<meta property=\"og:description\" content=\"Mi\u00f3ta csak a ker\u00e9kp\u00e1rt feltal\u00e1lt\u00e1k, a biciklisek \u00fajabb \u00e9s \u00fajabb rekordok be\u00e1ll\u00edt\u00e1s\u00e1n f\u00e1radoznak. Gyorsabban, t\u00e1volabbra vagy \u00e9pp magasabbra jutni ker\u00e9kp\u00e1rral, [&hellip;]\" \/>\n<meta property=\"og:url\" content=\"https:\/\/www.welovecycling.com\/hu\/miert-tekerunk\/7-kerekparos-rekord-amitol-leesik-az-allad\/\" \/>\n<meta property=\"og:site_name\" content=\"\u0160koda We Love Cycling - Magyarorsz\u00e1g\" \/>\n<meta property=\"article:publisher\" content=\"https:\/\/www.facebook.com\/WeLoveCyclingHungary\/\" \/>\n<meta property=\"article:published_time\" content=\"2018-11-17T15:00:47+00:00\" \/>\n<meta property=\"og:image\" content=\"https:\/\/d2p6e6u75xmxt8.cloudfront.net\/12\/2018\/11\/aziz-acharki-695533-unsplash.jpg\" \/>\n\t<meta property=\"og:image:width\" content=\"4936\" \/>\n\t<meta property=\"og:image:height\" content=\"3304\" \/>\n\t<meta property=\"og:image:type\" content=\"image\/jpeg\" \/>\n<meta name=\"author\" content=\"hegyizs\" \/>\n<meta name=\"twitter:card\" content=\"summary_large_image\" \/>\n<meta name=\"twitter:label1\" content=\"Written by\" \/>\n\t<meta name=\"twitter:data1\" content=\"hegyizs\" \/>\n\t<meta name=\"twitter:label2\" content=\"Est. reading time\" \/>\n\t<meta name=\"twitter:data2\" content=\"3 minutes\" \/>\n<script type=\"application\/ld+json\" class=\"yoast-schema-graph\">{\"@context\":\"https:\/\/schema.org\",\"@graph\":[{\"@type\":\"WebPage\",\"@id\":\"https:\/\/www.welovecycling.com\/hu\/miert-tekerunk\/7-kerekparos-rekord-amitol-leesik-az-allad\/\",\"url\":\"https:\/\/www.welovecycling.com\/hu\/miert-tekerunk\/7-kerekparos-rekord-amitol-leesik-az-allad\/\",\"name\":\"7 ker\u00e9kp\u00e1ros rekord, amit\u0151l leesik az \u00e1llad - \u0160koda We Love Cycling - Magyarorsz\u00e1g\",\"isPartOf\":{\"@id\":\"https:\/\/www.welovecycling.com\/hu\/#website\"},\"primaryImageOfPage\":{\"@id\":\"https:\/\/www.welovecycling.com\/hu\/miert-tekerunk\/7-kerekparos-rekord-amitol-leesik-az-allad\/#primaryimage\"},\"image\":{\"@id\":\"https:\/\/www.welovecycling.com\/hu\/miert-tekerunk\/7-kerekparos-rekord-amitol-leesik-az-allad\/#primaryimage\"},\"thumbnailUrl\":\"https:\/\/d2p6e6u75xmxt8.cloudfront.net\/12\/2018\/11\/aziz-acharki-695533-unsplash.jpg\",\"datePublished\":\"2018-11-17T15:00:47+00:00\",\"author\":{\"@id\":\"https:\/\/www.welovecycling.com\/hu\/#\/schema\/person\/414a2aebf1801691a5320edb6468e194\"},\"breadcrumb\":{\"@id\":\"https:\/\/www.welovecycling.com\/hu\/miert-tekerunk\/7-kerekparos-rekord-amitol-leesik-az-allad\/#breadcrumb\"},\"inLanguage\":\"hu\",\"potentialAction\":[{\"@type\":\"ReadAction\",\"target\":[\"https:\/\/www.welovecycling.com\/hu\/miert-tekerunk\/7-kerekparos-rekord-amitol-leesik-az-allad\/\"]}]},{\"@type\":\"ImageObject\",\"inLanguage\":\"hu\",\"@id\":\"https:\/\/www.welovecycling.com\/hu\/miert-tekerunk\/7-kerekparos-rekord-amitol-leesik-az-allad\/#primaryimage\",\"url\":\"https:\/\/d2p6e6u75xmxt8.cloudfront.net\/12\/2018\/11\/aziz-acharki-695533-unsplash.jpg\",\"contentUrl\":\"https:\/\/d2p6e6u75xmxt8.cloudfront.net\/12\/2018\/11\/aziz-acharki-695533-unsplash.jpg\",\"width\":4936,\"height\":3304},{\"@type\":\"BreadcrumbList\",\"@id\":\"https:\/\/www.welovecycling.com\/hu\/miert-tekerunk\/7-kerekparos-rekord-amitol-leesik-az-allad\/#breadcrumb\",\"itemListElement\":[{\"@type\":\"ListItem\",\"position\":1,\"name\":\"Home\",\"item\":\"https:\/\/www.welovecycling.com\/hu\/\"},{\"@type\":\"ListItem\",\"position\":2,\"name\":\"7 ker\u00e9kp\u00e1ros rekord, amit\u0151l leesik az \u00e1llad\"}]},{\"@type\":\"WebSite\",\"@id\":\"https:\/\/www.welovecycling.com\/hu\/#website\",\"url\":\"https:\/\/www.welovecycling.com\/hu\/\",\"name\":\"\u0160koda We Love Cycling - Magyarorsz\u00e1g\",\"description\":\"\u0160koda WeLoveCycling\",\"potentialAction\":[{\"@type\":\"SearchAction\",\"target\":{\"@type\":\"EntryPoint\",\"urlTemplate\":\"https:\/\/www.welovecycling.com\/hu\/?s={search_term_string}\"},\"query-input\":{\"@type\":\"PropertyValueSpecification\",\"valueRequired\":true,\"valueName\":\"search_term_string\"}}],\"inLanguage\":\"hu\"},{\"@type\":\"Person\",\"@id\":\"https:\/\/www.welovecycling.com\/hu\/#\/schema\/person\/414a2aebf1801691a5320edb6468e194\",\"name\":\"hegyizs\",\"image\":{\"@type\":\"ImageObject\",\"inLanguage\":\"hu\",\"@id\":\"https:\/\/www.welovecycling.com\/hu\/#\/schema\/person\/image\/\",\"url\":\"https:\/\/secure.gravatar.com\/avatar\/02cf8a7906b8cf90cecb4679defac7cfd33a1c2e3b88e4903d947f3bb58eedd3?s=96&d=mm&r=g\",\"contentUrl\":\"https:\/\/secure.gravatar.com\/avatar\/02cf8a7906b8cf90cecb4679defac7cfd33a1c2e3b88e4903d947f3bb58eedd3?s=96&d=mm&r=g\",\"caption\":\"hegyizs\"},\"url\":\"https:\/\/www.welovecycling.com\/hu\/author\/hegyizs\/\"}]}<\/script>\n<!-- \/ Yoast SEO Premium plugin. -->","yoast_head_json":{"title":"7 ker\u00e9kp\u00e1ros rekord, amit\u0151l leesik az \u00e1llad - \u0160koda We Love Cycling - Magyarorsz\u00e1g","robots":{"index":"index","follow":"follow","max-snippet":"max-snippet:-1","max-image-preview":"max-image-preview:large","max-video-preview":"max-video-preview:-1"},"canonical":"https:\/\/www.welovecycling.com\/hu\/miert-tekerunk\/7-kerekparos-rekord-amitol-leesik-az-allad\/","og_locale":"hu_HU","og_type":"article","og_title":"7 ker\u00e9kp\u00e1ros rekord, amit\u0151l leesik az \u00e1llad","og_description":"Mi\u00f3ta csak a ker\u00e9kp\u00e1rt feltal\u00e1lt\u00e1k, a biciklisek \u00fajabb \u00e9s \u00fajabb rekordok be\u00e1ll\u00edt\u00e1s\u00e1n f\u00e1radoznak. Gyorsabban, t\u00e1volabbra vagy \u00e9pp magasabbra jutni ker\u00e9kp\u00e1rral, [&hellip;]","og_url":"https:\/\/www.welovecycling.com\/hu\/miert-tekerunk\/7-kerekparos-rekord-amitol-leesik-az-allad\/","og_site_name":"\u0160koda We Love Cycling - Magyarorsz\u00e1g","article_publisher":"https:\/\/www.facebook.com\/WeLoveCyclingHungary\/","article_published_time":"2018-11-17T15:00:47+00:00","og_image":[{"width":4936,"height":3304,"url":"https:\/\/d2p6e6u75xmxt8.cloudfront.net\/12\/2018\/11\/aziz-acharki-695533-unsplash.jpg","type":"image\/jpeg"}],"author":"hegyizs","twitter_card":"summary_large_image","twitter_misc":{"Written by":"hegyizs","Est. reading time":"3 minutes"},"schema":{"@context":"https:\/\/schema.org","@graph":[{"@type":"WebPage","@id":"https:\/\/www.welovecycling.com\/hu\/miert-tekerunk\/7-kerekparos-rekord-amitol-leesik-az-allad\/","url":"https:\/\/www.welovecycling.com\/hu\/miert-tekerunk\/7-kerekparos-rekord-amitol-leesik-az-allad\/","name":"7 ker\u00e9kp\u00e1ros rekord, amit\u0151l leesik az \u00e1llad - \u0160koda We Love Cycling - Magyarorsz\u00e1g","isPartOf":{"@id":"https:\/\/www.welovecycling.com\/hu\/#website"},"primaryImageOfPage":{"@id":"https:\/\/www.welovecycling.com\/hu\/miert-tekerunk\/7-kerekparos-rekord-amitol-leesik-az-allad\/#primaryimage"},"image":{"@id":"https:\/\/www.welovecycling.com\/hu\/miert-tekerunk\/7-kerekparos-rekord-amitol-leesik-az-allad\/#primaryimage"},"thumbnailUrl":"https:\/\/d2p6e6u75xmxt8.cloudfront.net\/12\/2018\/11\/aziz-acharki-695533-unsplash.jpg","datePublished":"2018-11-17T15:00:47+00:00","author":{"@id":"https:\/\/www.welovecycling.com\/hu\/#\/schema\/person\/414a2aebf1801691a5320edb6468e194"},"breadcrumb":{"@id":"https:\/\/www.welovecycling.com\/hu\/miert-tekerunk\/7-kerekparos-rekord-amitol-leesik-az-allad\/#breadcrumb"},"inLanguage":"hu","potentialAction":[{"@type":"ReadAction","target":["https:\/\/www.welovecycling.com\/hu\/miert-tekerunk\/7-kerekparos-rekord-amitol-leesik-az-allad\/"]}]},{"@type":"ImageObject","inLanguage":"hu","@id":"https:\/\/www.welovecycling.com\/hu\/miert-tekerunk\/7-kerekparos-rekord-amitol-leesik-az-allad\/#primaryimage","url":"https:\/\/d2p6e6u75xmxt8.cloudfront.net\/12\/2018\/11\/aziz-acharki-695533-unsplash.jpg","contentUrl":"https:\/\/d2p6e6u75xmxt8.cloudfront.net\/12\/2018\/11\/aziz-acharki-695533-unsplash.jpg","width":4936,"height":3304},{"@type":"BreadcrumbList","@id":"https:\/\/www.welovecycling.com\/hu\/miert-tekerunk\/7-kerekparos-rekord-amitol-leesik-az-allad\/#breadcrumb","itemListElement":[{"@type":"ListItem","position":1,"name":"Home","item":"https:\/\/www.welovecycling.com\/hu\/"},{"@type":"ListItem","position":2,"name":"7 ker\u00e9kp\u00e1ros rekord, amit\u0151l leesik az \u00e1llad"}]},{"@type":"WebSite","@id":"https:\/\/www.welovecycling.com\/hu\/#website","url":"https:\/\/www.welovecycling.com\/hu\/","name":"\u0160koda We Love Cycling - Magyarorsz\u00e1g","description":"\u0160koda WeLoveCycling","potentialAction":[{"@type":"SearchAction","target":{"@type":"EntryPoint","urlTemplate":"https:\/\/www.welovecycling.com\/hu\/?s={search_term_string}"},"query-input":{"@type":"PropertyValueSpecification","valueRequired":true,"valueName":"search_term_string"}}],"inLanguage":"hu"},{"@type":"Person","@id":"https:\/\/www.welovecycling.com\/hu\/#\/schema\/person\/414a2aebf1801691a5320edb6468e194","name":"hegyizs","image":{"@type":"ImageObject","inLanguage":"hu","@id":"https:\/\/www.welovecycling.com\/hu\/#\/schema\/person\/image\/","url":"https:\/\/secure.gravatar.com\/avatar\/02cf8a7906b8cf90cecb4679defac7cfd33a1c2e3b88e4903d947f3bb58eedd3?s=96&d=mm&r=g","contentUrl":"https:\/\/secure.gravatar.com\/avatar\/02cf8a7906b8cf90cecb4679defac7cfd33a1c2e3b88e4903d947f3bb58eedd3?s=96&d=mm&r=g","caption":"hegyizs"},"url":"https:\/\/www.welovecycling.com\/hu\/author\/hegyizs\/"}]}},"_links":{"self":[{"href":"https:\/\/www.welovecycling.com\/hu\/wp-json\/wp\/v2\/posts\/2119","targetHints":{"allow":["GET"]}}],"collection":[{"href":"https:\/\/www.welovecycling.com\/hu\/wp-json\/wp\/v2\/posts"}],"about":[{"href":"https:\/\/www.welovecycling.com\/hu\/wp-json\/wp\/v2\/types\/post"}],"author":[{"embeddable":true,"href":"https:\/\/www.welovecycling.com\/hu\/wp-json\/wp\/v2\/users\/71"}],"replies":[{"embeddable":true,"href":"https:\/\/www.welovecycling.com\/hu\/wp-json\/wp\/v2\/comments?post=2119"}],"version-history":[{"count":2,"href":"https:\/\/www.welovecycling.com\/hu\/wp-json\/wp\/v2\/posts\/2119\/revisions"}],"predecessor-version":[{"id":2124,"href":"https:\/\/www.welovecycling.com\/hu\/wp-json\/wp\/v2\/posts\/2119\/revisions\/2124"}],"wp:featuredmedia":[{"embeddable":true,"href":"https:\/\/www.welovecycling.com\/hu\/wp-json\/wp\/v2\/media\/2123"}],"wp:attachment":[{"href":"https:\/\/www.welovecycling.com\/hu\/wp-json\/wp\/v2\/media?parent=2119"}],"wp:term":[{"taxonomy":"category","embeddable":true,"href":"https:\/\/www.welovecycling.com\/hu\/wp-json\/wp\/v2\/categories?post=2119"},{"taxonomy":"post_tag","embeddable":true,"href":"https:\/\/www.welovecycling.com\/hu\/wp-json\/wp\/v2\/tags?post=2119"},{"taxonomy":"global-categories","embeddable":true,"href":"https:\/\/www.welovecycling.com\/hu\/wp-json\/wp\/v2\/global-categories?post=2119"}],"curies":[{"name":"wp","href":"https:\/\/api.w.org\/{rel}","templated":true}]}}