{"id":2098,"date":"2018-11-13T13:49:42","date_gmt":"2018-11-13T13:49:42","guid":{"rendered":"https:\/\/www.welovecycling.com\/hu\/?p=2098"},"modified":"2018-11-13T13:49:42","modified_gmt":"2018-11-13T13:49:42","slug":"5-vallalkozo-no-aki-megvaltoztatja-a-kerekparozas-vilagat","status":"publish","type":"post","link":"https:\/\/www.welovecycling.com\/hu\/kozosseg-es-kultura\/5-vallalkozo-no-aki-megvaltoztatja-a-kerekparozas-vilagat\/","title":{"rendered":"5 v\u00e1llalkoz\u00f3 n\u0151, aki megv\u00e1ltoztatja a ker\u00e9kp\u00e1roz\u00e1s vil\u00e1g\u00e1t"},"content":{"rendered":"<p style=\"text-align: left;\"><strong>B\u00e1r napjainkban m\u00e1r t\u00f6bb a n\u0151i biciklis, mint kor\u00e1bban b\u00e1rmikor, a ker\u00e9kp\u00e1ros k\u00f6z\u00f6ss\u00e9gben m\u00e9g mindig sok a sz\u00e1mszer\u0171 k\u00fcl\u00f6nbs\u00e9g a k\u00e9t nem k\u00f6z\u00f6tt. Ez r\u00e9szben abb\u00f3l ad\u00f3dik,hogy \u00e9vtizedeken kereszt\u00fcl minden ker\u00e9kp\u00e1rral kapcsolatos t\u00e9m\u00e1val a f\u00e9rfiakat c\u00e9lozt\u00e1k meg, az \u0151 ig\u00e9nyeik szerint alak\u00edtott\u00e1k ezeket. Szerencs\u00e9re ez ma m\u00e1r v\u00e1ltoz\u00f3ban van. \u00cdme \u00f6t n\u0151, akik kez\u00fckbe vett\u00e9k az ir\u00e1ny\u00edt\u00e1st, hogy a ker\u00e9kp\u00e1roz\u00e1s k\u00f6nnyebben el\u00e9rhet\u0151 legyen mindenki sz\u00e1m\u00e1ra; megv\u00e1ltoztatt\u00e1k a bicikliz\u00e9si szok\u00e1sokat, \u00e9s m\u00e1sokat is inspir\u00e1lnak, hogy merj\u00e9k megval\u00f3s\u00edtani az \u00f6tleteiket!<\/strong><\/p>\n<h2 style=\"text-align: left;\"><strong>Emily Brooke &#8211; a Blaze alap\u00edt\u00f3ja \u00e9s vez\u00e9rigazgat\u00f3ja<\/strong><\/h2>\n<p>Emily Brooke a modern ker\u00e9kp\u00e1roz\u00e1s egyik legforradalmibb technikai megold\u00e1s\u00e1nak megalkot\u00f3ja. Ugyan nem volt eg\u00e9sz \u00e9let\u00e9ben szenved\u00e9lyes ker\u00e9kp\u00e1ros, de a 20-as \u00e9vei k\u00f6zep\u00e9n r\u00e1besz\u00e9lt\u00e9k, hogy tekerjen egy j\u00f3t\u00e9konys\u00e1gi biciklis rendezv\u00e9nyen, \u00e9s onnant\u00f3l minden megv\u00e1ltozott sz\u00e1m\u00e1ra.<\/p>\n<p><iframe loading=\"lazy\" src=\"https:\/\/www.youtube-nocookie.com\/embed\/zS-qGLQxONM\" width=\"792\" height=\"446\" frameborder=\"0\" allowfullscreen=\"allowfullscreen\"><\/iframe><\/p>\n<p>Term\u00e9ktervez\u0151 m\u00e9rn\u00f6ki tanulm\u00e1nyainak utols\u00f3 \u00e9v\u00e9ben Brooke \u00faj hobbij\u00e1b\u00f3l kutat\u00e1si projektet csin\u00e1lt. Miut\u00e1n alaposan tanulm\u00e1nyozta a v\u00e1rosi ker\u00e9kp\u00e1roz\u00e1s statisztik\u00e1it az Egyes\u00fclt Kir\u00e1lys\u00e1gban, Brooke sz\u00e1mos nyugtalan\u00edt\u00f3 t\u00e9nyre der\u00edtett f\u00e9nyt. P\u00e9ld\u00e1ul arra, hogy a balesetet szenvedett biciklisek 79%-a egyenesen haladva k\u00f6zlekedett \u00e9s a baleset az\u00e9rt k\u00f6vetkezett be, mert valaki oldalr\u00f3l r\u00e1juk kanyarodott. A probl\u00e9ma megold\u00e1sa \u00e9rdek\u00e9ben hozta l\u00e9tre a Laserlight nev\u0171 tal\u00e1lm\u00e1nyt. Ez egy, a ker\u00e9kp\u00e1r elej\u00e9re szerelt f\u00e9nysz\u00f3r\u00f3, amely egy bicikli szimb\u00f3lumot is kivet\u00edt a f\u00f6ldre egy l\u00e9zerrel, ami felh\u00edvja az aut\u00f3sok figyelm\u00e9t a k\u00f6zeled\u0151 ker\u00e9kp\u00e1rosra. Az els\u0151 pillanatt\u00f3l nagy sikernek \u00f6rvend\u0151 Laserlightot m\u00e1r a londoni Santander Cycles k\u00f6z\u00f6ss\u00e9gi ker\u00e9kp\u00e1rjaiba is be\u00e9p\u00edtett\u00e9k, valamint a New York-ban m\u0171k\u00f6d\u0151 hasonl\u00f3 szolg\u00e1ltat\u00e1s biciklijein is megtal\u00e1lhat\u00f3.<\/p>\n<h2><strong>Alex Feechan \u00ad\u2013 A FINDRA alap\u00edt\u00f3-tulajdonosa<\/strong><\/h2>\n<p>Alex Feechan tudja, hogyan lehet a n\u0151i testnek megfelel\u0151, k\u00e9nyelmes ruh\u00e1kat k\u00e9sz\u00edteni. B\u00e1r m\u00e1r kor\u00e1bban is elismert innovat\u00edv divattervez\u0151nek sz\u00e1m\u00edtott, Feechan \u00fagy d\u00f6nt\u00f6tt, hogy egy olyan ipar\u00e1g probl\u00e9m\u00e1j\u00e1ra tal\u00e1l megold\u00e1st, ami szem\u00e9lyesen \u0151t is \u00e9rinti. Amikor h\u00e9t \u00e9vvel kor\u00e1bban biciklizni kezdett, els\u0151 hajt\u00e1sra szerelembe esett, de azt is \u00e9szrevette, hogy a n\u0151k sz\u00e1m\u00e1ra nem k\u00e9sz\u00fcl nagy ig\u00e9nybev\u00e9telre alkalmas k\u00fclt\u00e9ri ruh\u00e1zat.<\/p>\n<p><iframe loading=\"lazy\" src=\"https:\/\/www.youtube-nocookie.com\/embed\/LnFfsflm_js\" width=\"792\" height=\"446\" frameborder=\"0\" allowfullscreen=\"allowfullscreen\"><\/iframe><\/p>\n<p>Felismerte a k\u00edn\u00e1lkoz\u00f3 lehet\u0151s\u00e9get, \u00e9s ebb\u0151l sz\u00fcletett meg a FINDRA alap\u00f6tlete. A FINDRA r\u00e9v\u00e9n Feechan olyan ruh\u00e1zatot tervezett, amely egyszerre praktikus \u00e9s divatos, \u00e9s olyan k\u00fcl\u00f6nleges megold\u00e1sokat k\u00edn\u00e1l a n\u0151knek, amely t\u00f6bb mint a f\u00e9rfiaknak gy\u00e1rtott ruh\u00e1k kisebb \u00e9s r\u00f3zsasz\u00edn\u0171bb v\u00e1ltozata. A kiemelked\u0151en tart\u00f3s ruh\u00e1kb\u00f3l \u00e1ll\u00f3 FINDRA-kollekci\u00f3kat azok a n\u0151k ihlett\u00e9k, akik a szabadban is igyekeznek t\u00e1g\u00edtani a saj\u00e1t hat\u00e1raikat, t\u00fall\u00e9pve a korl\u00e1tokon.<\/p>\n<h2><strong>Catherine Ellis \u2013 A Hill &amp; Ellis alap\u00edt\u00f3ja \u00e9s igazgat\u00f3ja<\/strong><\/h2>\n<p>Catherine Ellis szint\u00e9n egy olyan n\u0151, aki messzir\u0151l is felismeri a piaci r\u00e9seket. \u00a0Miut\u00e1n sok\u00e1ig hi\u00e1ba kutatott divatos biciklis t\u00e1ska ut\u00e1n, r\u00e1j\u00f6tt, hogy sok n\u0151 az\u00e9rt is nem ker\u00e9kp\u00e1rozik, mert a rendelkez\u00e9sre \u00e1ll\u00f3 felszerel\u00e9sek nem tudj\u00e1k kiel\u00e9g\u00edteni az ig\u00e9nyeit, ez\u00e9rt 2012-ben megalap\u00edtotta a Hill &amp; Ellis m\u00e1rk\u00e1t<\/p>\n<p><a href=\"https:\/\/d2p6e6u75xmxt8.cloudfront.net\/12\/2018\/11\/1_OMHYQFrDQesUhyCDFhtEVQ.png\"><img loading=\"lazy\" decoding=\"async\" class=\"alignnone size-full wp-image-2100\" src=\"https:\/\/d2p6e6u75xmxt8.cloudfront.net\/12\/2018\/11\/1_OMHYQFrDQesUhyCDFhtEVQ.png\" alt=\"\" width=\"960\" height=\"960\" srcset=\"https:\/\/d2p6e6u75xmxt8.cloudfront.net\/12\/2018\/11\/1_OMHYQFrDQesUhyCDFhtEVQ.png 960w, https:\/\/d2p6e6u75xmxt8.cloudfront.net\/12\/2018\/11\/1_OMHYQFrDQesUhyCDFhtEVQ-150x150.png 150w, https:\/\/d2p6e6u75xmxt8.cloudfront.net\/12\/2018\/11\/1_OMHYQFrDQesUhyCDFhtEVQ-300x300.png 300w, https:\/\/d2p6e6u75xmxt8.cloudfront.net\/12\/2018\/11\/1_OMHYQFrDQesUhyCDFhtEVQ-768x768.png 768w\" sizes=\"auto, (max-width: 960px) 100vw, 960px\" \/><\/a><em><span style=\"font-size: 8pt;\">Catherine Ellis, Hill &amp; Ellis<\/span><\/em><\/p>\n<p>A Hill and Ellis kifejezetten olyan biciklis t\u00e1sk\u00e1kat k\u00edn\u00e1l, amelyek az utaz\u00e1s sor\u00e1n \u00e9s a c\u00e9l\u00e1llom\u00e1sra meg\u00e9rkezve is ide\u00e1lisak; p\u00e9ld\u00e1ul olyan luxus sz\u00ednvonal\u00fa b\u0151rt\u00e1sk\u00e1kat, amelyek kiford\u00edthat\u00f3 prizmacs\u00edkokkal, rejtett kamp\u00f3kkal \u00e9s innovat\u00edv t\u00e1rol\u00e1si megold\u00e1sokkal vannak felv\u00e9rtezve. A haszn\u00e1lhat\u00f3s\u00e1g h\u00e1tr\u00e1nyba szor\u00edt\u00e1sa n\u00e9lk\u00fcl hoztak l\u00e9tre olyan t\u00e1sk\u00e1kat, amelyeket b\u00e1rhova b\u00fcszk\u00e9n vihet mag\u00e1val az ember.<\/p>\n<h2><strong>Jenni Gwiazdowski \u2013 A London Bike Kitchen alap\u00edt\u00f3ja \u00e9s igazgat\u00f3ja<\/strong><\/h2>\n<p>Amikor Jenni Gwiazdowski Londonban megvette az els\u0151 ker\u00e9kp\u00e1rv\u00e1zat, izgatottan l\u00e1tott neki az \u00faj bicikli meg\u00e9p\u00edt\u00e9s\u00e9nek. \u00c1m legnagyobb meglepet\u00e9s\u00e9re nem tal\u00e1lt megfelel\u0151 m\u0171helyt az \u00f6sszeszerel\u00e9shez, \u00e9s a k\u00e9s\u0151bbi karbantart\u00e1shoz. Megragadta a k\u00edn\u00e1lkoz\u00f3 lehet\u0151s\u00e9get \u00e9s egy olyan helyet nyitott, ahol kezd\u0151 \u00e9s halad\u00f3 biciklisek egyar\u00e1nt, egy\u00e9ni h\u00e1tt\u00e9rtud\u00e1sukt\u00f3l f\u00fcggetlen\u00fcl k\u00e9nyelmesen dolgozhatnak a ker\u00e9kp\u00e1rjaikon, m\u00e9ghozz\u00e1 azzal a tudattal, hogy egy t\u00e1mogat\u00f3 k\u00f6z\u00f6ss\u00e9gi csoport \u00e1ll m\u00f6g\u00f6tt\u00fck.<\/p>\n<p><a href=\"https:\/\/d2p6e6u75xmxt8.cloudfront.net\/12\/2018\/11\/sta\u017een\u00fd-soubor-1.jpg\"><img loading=\"lazy\" decoding=\"async\" class=\"alignnone size-full wp-image-2102\" src=\"https:\/\/d2p6e6u75xmxt8.cloudfront.net\/12\/2018\/11\/sta\u017een\u00fd-soubor-1.jpg\" alt=\"\" width=\"1500\" height=\"1011\" \/><\/a><span style=\"font-size: 8pt;\"><em>Jenni Gwiazdowski, a London Bike Kitchen alap\u00edt\u00f3ja<\/em><\/span><\/p>\n<p>A lassan hatodik sz\u00fclet\u00e9snapj\u00e1t \u00fcnnepl\u0151 London Bike Kitchen egy olyan bark\u00e1csm\u0171hely, ahol a ker\u00e9kp\u00e1rosok nem csup\u00e1n a saj\u00e1t biciklijeiket szerelhetik, hanem a tud\u00e1sokat gyarap\u00edt\u00f3 oktat\u00e1sokon is r\u00e9szt vehetnek. Az els\u0151sorban n\u0151k \u00e1ltal m\u0171k\u00f6dtetett LBK a biciklis t\u00e1rsas\u00e1gi esem\u00e9nyek egyik k\u00f6zpontj\u00e1v\u00e1 is v\u00e1lt. A programot kiterjesztve a Kitchenben kimondottan n\u0151i \u00e9s nemt\u0151l f\u00fcggetlen est\u00e9ket is tartanak, ahol k\u00e9thetente lehet\u0151s\u00e9get adnak a biciklivel k\u00f6zleked\u0151(n\u0151)knek arra, hogy egym\u00e1ssal megismerkedjenek, megossz\u00e1k tapasztalataikat \u00e9s \u00faj tud\u00e1sra tegyenek szert.<\/p>\n<h2><strong>Robin Bylenga \u2013 A Pedal Chic alap\u00edt\u00f3-vez\u00e9rigazgat\u00f3ja<\/strong><\/h2>\n<p>Robin Bylenga m\u00e1r a karrierje elej\u00e9n tudta, hogy t\u00f6bb n\u0151t szeretne biciklin l\u00e1tni, ez\u00e9rt annak szentelte a p\u00e1lyafut\u00e1s\u00e1t, hogy a bicikliz\u00e9st m\u00e9g t\u00f6bb ember sz\u00e1m\u00e1ra hozz\u00e1f\u00e9rhet\u0151v\u00e9 tegye. A Pedal Chic-et 2010-ben nyitotta meg, ez az Egyes\u00fclt \u00c1llamok els\u0151 n\u0151i tulajdonban l\u00e9v\u0151 bicikliboltja, ami kiz\u00e1r\u00f3lag n\u0151i ker\u00e9kp\u00e1rosokkal foglalkozik. Robin Bylenga az\u00e9rt dolgozik, hogy a ker\u00e9kp\u00e1rral kapcsolatos szaktud\u00e1s\u00e1t sz\u00e9les k\u00f6rben megismertesse, valamint funkcion\u00e1lis \u00e9s divatos ker\u00e9kp\u00e1rokat \u00e9s kieg\u00e9sz\u00edt\u0151ket tegyen el\u00e9rhet\u0151v\u00e9. Leg\u00fajabb projektje r\u00e9v\u00e9n pedig a Pedal Chic \u00fczletet val\u00f3di mozgalomm\u00e1 szeretn\u00e9 kib\u0151v\u00edteni.<\/p>\n<p><iframe loading=\"lazy\" src=\"https:\/\/www.youtube-nocookie.com\/embed\/QfsRSl8X8eE\" width=\"792\" height=\"446\" frameborder=\"0\" allowfullscreen=\"allowfullscreen\"><\/iframe><\/p>\n<p>Az eg\u00e9sz Egyes\u00fclt \u00c1llamokat beutazva tart el\u0151ad\u00e1sokat a n\u0151i biciklisek helyzet\u00e9r\u0151l, \u00e9s k\u00f6z\u00f6s ker\u00e9kp\u00e1roz\u00e1s toborozza a n\u0151ket minden egyes h\u00e9tre. Ennek az esem\u00e9nyek a c\u00e9lja, hogy a n\u0151i biciklist\u00e1k \u00f6nbizalm\u00e1t n\u00f6velje a csoportdinamika eszk\u00f6zeivel, \u00e9s olyan t\u00e1mogat\u00f3 k\u00f6z\u00f6ss\u00e9get \u00e9p\u00edtsen, amely seg\u00edti a tagok tov\u00e1bbi fejl\u0151d\u00e9s\u00e9t. Az egyes esem\u00e9nyek, besz\u00e9lget\u00e9sek, tov\u00e1bbk\u00e9pz\u00e9sek, webes szemin\u00e1riumok sor\u00e1n Robin egyes\u00e9vel igyekszik megsz\u00f3l\u00edtani az embereket, \u00e9s megpr\u00f3b\u00e1l seg\u00edteni, hogy val\u00f3ra tudj\u00e1k v\u00e1ltani elk\u00e9pzel\u00e9seiket.<\/p>\n","protected":false},"excerpt":{"rendered":"<p>B\u00e1r napjainkban m\u00e1r t\u00f6bb a n\u0151i biciklis, mint kor\u00e1bban b\u00e1rmikor, a ker\u00e9kp\u00e1ros k\u00f6z\u00f6ss\u00e9gben m\u00e9g mindig sok a sz\u00e1mszer\u0171 k\u00fcl\u00f6nbs\u00e9g a [&hellip;]<\/p>\n","protected":false},"author":71,"featured_media":2102,"comment_status":"open","ping_status":"open","sticky":false,"template":"","format":"standard","meta":{"footnotes":""},"categories":[12],"tags":[],"global-categories":[],"class_list":["post-2098","post","type-post","status-publish","format-standard","has-post-thumbnail","hentry","category-kozosseg-es-kultura"],"yoast_head":"<!-- This site is optimized with the Yoast SEO Premium plugin v25.3 (Yoast SEO v25.9) - https:\/\/yoast.com\/wordpress\/plugins\/seo\/ -->\n<title>5 v\u00e1llalkoz\u00f3 n\u0151, aki megv\u00e1ltoztatja a ker\u00e9kp\u00e1roz\u00e1s vil\u00e1g\u00e1t - \u0160koda We Love Cycling - Magyarorsz\u00e1g<\/title>\n<meta name=\"robots\" content=\"index, follow, max-snippet:-1, max-image-preview:large, max-video-preview:-1\" \/>\n<link rel=\"canonical\" href=\"https:\/\/www.welovecycling.com\/hu\/kozosseg-es-kultura\/5-vallalkozo-no-aki-megvaltoztatja-a-kerekparozas-vilagat\/\" \/>\n<meta property=\"og:locale\" content=\"hu_HU\" \/>\n<meta property=\"og:type\" content=\"article\" \/>\n<meta property=\"og:title\" content=\"5 v\u00e1llalkoz\u00f3 n\u0151, aki megv\u00e1ltoztatja a ker\u00e9kp\u00e1roz\u00e1s vil\u00e1g\u00e1t\" \/>\n<meta property=\"og:description\" content=\"B\u00e1r napjainkban m\u00e1r t\u00f6bb a n\u0151i biciklis, mint kor\u00e1bban b\u00e1rmikor, a ker\u00e9kp\u00e1ros k\u00f6z\u00f6ss\u00e9gben m\u00e9g mindig sok a sz\u00e1mszer\u0171 k\u00fcl\u00f6nbs\u00e9g a [&hellip;]\" \/>\n<meta property=\"og:url\" content=\"https:\/\/www.welovecycling.com\/hu\/kozosseg-es-kultura\/5-vallalkozo-no-aki-megvaltoztatja-a-kerekparozas-vilagat\/\" \/>\n<meta property=\"og:site_name\" content=\"\u0160koda We Love Cycling - Magyarorsz\u00e1g\" \/>\n<meta property=\"article:publisher\" content=\"https:\/\/www.facebook.com\/WeLoveCyclingHungary\/\" \/>\n<meta property=\"article:published_time\" content=\"2018-11-13T13:49:42+00:00\" \/>\n<meta property=\"og:image\" content=\"https:\/\/d2p6e6u75xmxt8.cloudfront.net\/12\/2018\/11\/sta\u017een\u00fd-soubor-1-e1542116684663.jpg\" \/>\n\t<meta property=\"og:image:width\" content=\"1500\" \/>\n\t<meta property=\"og:image:height\" content=\"641\" \/>\n\t<meta property=\"og:image:type\" content=\"image\/jpeg\" \/>\n<meta name=\"author\" content=\"hegyizs\" \/>\n<meta name=\"twitter:card\" content=\"summary_large_image\" \/>\n<meta name=\"twitter:label1\" content=\"Written by\" \/>\n\t<meta name=\"twitter:data1\" content=\"hegyizs\" \/>\n\t<meta name=\"twitter:label2\" content=\"Est. reading time\" \/>\n\t<meta name=\"twitter:data2\" content=\"6 minutes\" \/>\n<script type=\"application\/ld+json\" class=\"yoast-schema-graph\">{\"@context\":\"https:\/\/schema.org\",\"@graph\":[{\"@type\":\"WebPage\",\"@id\":\"https:\/\/www.welovecycling.com\/hu\/kozosseg-es-kultura\/5-vallalkozo-no-aki-megvaltoztatja-a-kerekparozas-vilagat\/\",\"url\":\"https:\/\/www.welovecycling.com\/hu\/kozosseg-es-kultura\/5-vallalkozo-no-aki-megvaltoztatja-a-kerekparozas-vilagat\/\",\"name\":\"5 v\u00e1llalkoz\u00f3 n\u0151, aki megv\u00e1ltoztatja a ker\u00e9kp\u00e1roz\u00e1s vil\u00e1g\u00e1t - \u0160koda We Love Cycling - Magyarorsz\u00e1g\",\"isPartOf\":{\"@id\":\"https:\/\/www.welovecycling.com\/hu\/#website\"},\"primaryImageOfPage\":{\"@id\":\"https:\/\/www.welovecycling.com\/hu\/kozosseg-es-kultura\/5-vallalkozo-no-aki-megvaltoztatja-a-kerekparozas-vilagat\/#primaryimage\"},\"image\":{\"@id\":\"https:\/\/www.welovecycling.com\/hu\/kozosseg-es-kultura\/5-vallalkozo-no-aki-megvaltoztatja-a-kerekparozas-vilagat\/#primaryimage\"},\"thumbnailUrl\":\"https:\/\/d2p6e6u75xmxt8.cloudfront.net\/12\/2018\/11\/sta\u017een\u00fd-soubor-1-e1542116684663.jpg\",\"datePublished\":\"2018-11-13T13:49:42+00:00\",\"author\":{\"@id\":\"https:\/\/www.welovecycling.com\/hu\/#\/schema\/person\/414a2aebf1801691a5320edb6468e194\"},\"breadcrumb\":{\"@id\":\"https:\/\/www.welovecycling.com\/hu\/kozosseg-es-kultura\/5-vallalkozo-no-aki-megvaltoztatja-a-kerekparozas-vilagat\/#breadcrumb\"},\"inLanguage\":\"hu\",\"potentialAction\":[{\"@type\":\"ReadAction\",\"target\":[\"https:\/\/www.welovecycling.com\/hu\/kozosseg-es-kultura\/5-vallalkozo-no-aki-megvaltoztatja-a-kerekparozas-vilagat\/\"]}]},{\"@type\":\"ImageObject\",\"inLanguage\":\"hu\",\"@id\":\"https:\/\/www.welovecycling.com\/hu\/kozosseg-es-kultura\/5-vallalkozo-no-aki-megvaltoztatja-a-kerekparozas-vilagat\/#primaryimage\",\"url\":\"https:\/\/d2p6e6u75xmxt8.cloudfront.net\/12\/2018\/11\/sta\u017een\u00fd-soubor-1-e1542116684663.jpg\",\"contentUrl\":\"https:\/\/d2p6e6u75xmxt8.cloudfront.net\/12\/2018\/11\/sta\u017een\u00fd-soubor-1-e1542116684663.jpg\",\"width\":1500,\"height\":641},{\"@type\":\"BreadcrumbList\",\"@id\":\"https:\/\/www.welovecycling.com\/hu\/kozosseg-es-kultura\/5-vallalkozo-no-aki-megvaltoztatja-a-kerekparozas-vilagat\/#breadcrumb\",\"itemListElement\":[{\"@type\":\"ListItem\",\"position\":1,\"name\":\"Home\",\"item\":\"https:\/\/www.welovecycling.com\/hu\/\"},{\"@type\":\"ListItem\",\"position\":2,\"name\":\"5 v\u00e1llalkoz\u00f3 n\u0151, aki megv\u00e1ltoztatja a ker\u00e9kp\u00e1roz\u00e1s vil\u00e1g\u00e1t\"}]},{\"@type\":\"WebSite\",\"@id\":\"https:\/\/www.welovecycling.com\/hu\/#website\",\"url\":\"https:\/\/www.welovecycling.com\/hu\/\",\"name\":\"\u0160koda We Love Cycling - Magyarorsz\u00e1g\",\"description\":\"\u0160koda WeLoveCycling\",\"potentialAction\":[{\"@type\":\"SearchAction\",\"target\":{\"@type\":\"EntryPoint\",\"urlTemplate\":\"https:\/\/www.welovecycling.com\/hu\/?s={search_term_string}\"},\"query-input\":{\"@type\":\"PropertyValueSpecification\",\"valueRequired\":true,\"valueName\":\"search_term_string\"}}],\"inLanguage\":\"hu\"},{\"@type\":\"Person\",\"@id\":\"https:\/\/www.welovecycling.com\/hu\/#\/schema\/person\/414a2aebf1801691a5320edb6468e194\",\"name\":\"hegyizs\",\"image\":{\"@type\":\"ImageObject\",\"inLanguage\":\"hu\",\"@id\":\"https:\/\/www.welovecycling.com\/hu\/#\/schema\/person\/image\/\",\"url\":\"https:\/\/secure.gravatar.com\/avatar\/02cf8a7906b8cf90cecb4679defac7cfd33a1c2e3b88e4903d947f3bb58eedd3?s=96&d=mm&r=g\",\"contentUrl\":\"https:\/\/secure.gravatar.com\/avatar\/02cf8a7906b8cf90cecb4679defac7cfd33a1c2e3b88e4903d947f3bb58eedd3?s=96&d=mm&r=g\",\"caption\":\"hegyizs\"},\"url\":\"https:\/\/www.welovecycling.com\/hu\/author\/hegyizs\/\"}]}<\/script>\n<!-- \/ Yoast SEO Premium plugin. -->","yoast_head_json":{"title":"5 v\u00e1llalkoz\u00f3 n\u0151, aki megv\u00e1ltoztatja a ker\u00e9kp\u00e1roz\u00e1s vil\u00e1g\u00e1t - \u0160koda We Love Cycling - Magyarorsz\u00e1g","robots":{"index":"index","follow":"follow","max-snippet":"max-snippet:-1","max-image-preview":"max-image-preview:large","max-video-preview":"max-video-preview:-1"},"canonical":"https:\/\/www.welovecycling.com\/hu\/kozosseg-es-kultura\/5-vallalkozo-no-aki-megvaltoztatja-a-kerekparozas-vilagat\/","og_locale":"hu_HU","og_type":"article","og_title":"5 v\u00e1llalkoz\u00f3 n\u0151, aki megv\u00e1ltoztatja a ker\u00e9kp\u00e1roz\u00e1s vil\u00e1g\u00e1t","og_description":"B\u00e1r napjainkban m\u00e1r t\u00f6bb a n\u0151i biciklis, mint kor\u00e1bban b\u00e1rmikor, a ker\u00e9kp\u00e1ros k\u00f6z\u00f6ss\u00e9gben m\u00e9g mindig sok a sz\u00e1mszer\u0171 k\u00fcl\u00f6nbs\u00e9g a [&hellip;]","og_url":"https:\/\/www.welovecycling.com\/hu\/kozosseg-es-kultura\/5-vallalkozo-no-aki-megvaltoztatja-a-kerekparozas-vilagat\/","og_site_name":"\u0160koda We Love Cycling - Magyarorsz\u00e1g","article_publisher":"https:\/\/www.facebook.com\/WeLoveCyclingHungary\/","article_published_time":"2018-11-13T13:49:42+00:00","og_image":[{"width":1500,"height":641,"url":"https:\/\/d2p6e6u75xmxt8.cloudfront.net\/12\/2018\/11\/sta\u017een\u00fd-soubor-1-e1542116684663.jpg","type":"image\/jpeg"}],"author":"hegyizs","twitter_card":"summary_large_image","twitter_misc":{"Written by":"hegyizs","Est. reading time":"6 minutes"},"schema":{"@context":"https:\/\/schema.org","@graph":[{"@type":"WebPage","@id":"https:\/\/www.welovecycling.com\/hu\/kozosseg-es-kultura\/5-vallalkozo-no-aki-megvaltoztatja-a-kerekparozas-vilagat\/","url":"https:\/\/www.welovecycling.com\/hu\/kozosseg-es-kultura\/5-vallalkozo-no-aki-megvaltoztatja-a-kerekparozas-vilagat\/","name":"5 v\u00e1llalkoz\u00f3 n\u0151, aki megv\u00e1ltoztatja a ker\u00e9kp\u00e1roz\u00e1s vil\u00e1g\u00e1t - \u0160koda We Love Cycling - Magyarorsz\u00e1g","isPartOf":{"@id":"https:\/\/www.welovecycling.com\/hu\/#website"},"primaryImageOfPage":{"@id":"https:\/\/www.welovecycling.com\/hu\/kozosseg-es-kultura\/5-vallalkozo-no-aki-megvaltoztatja-a-kerekparozas-vilagat\/#primaryimage"},"image":{"@id":"https:\/\/www.welovecycling.com\/hu\/kozosseg-es-kultura\/5-vallalkozo-no-aki-megvaltoztatja-a-kerekparozas-vilagat\/#primaryimage"},"thumbnailUrl":"https:\/\/d2p6e6u75xmxt8.cloudfront.net\/12\/2018\/11\/sta\u017een\u00fd-soubor-1-e1542116684663.jpg","datePublished":"2018-11-13T13:49:42+00:00","author":{"@id":"https:\/\/www.welovecycling.com\/hu\/#\/schema\/person\/414a2aebf1801691a5320edb6468e194"},"breadcrumb":{"@id":"https:\/\/www.welovecycling.com\/hu\/kozosseg-es-kultura\/5-vallalkozo-no-aki-megvaltoztatja-a-kerekparozas-vilagat\/#breadcrumb"},"inLanguage":"hu","potentialAction":[{"@type":"ReadAction","target":["https:\/\/www.welovecycling.com\/hu\/kozosseg-es-kultura\/5-vallalkozo-no-aki-megvaltoztatja-a-kerekparozas-vilagat\/"]}]},{"@type":"ImageObject","inLanguage":"hu","@id":"https:\/\/www.welovecycling.com\/hu\/kozosseg-es-kultura\/5-vallalkozo-no-aki-megvaltoztatja-a-kerekparozas-vilagat\/#primaryimage","url":"https:\/\/d2p6e6u75xmxt8.cloudfront.net\/12\/2018\/11\/sta\u017een\u00fd-soubor-1-e1542116684663.jpg","contentUrl":"https:\/\/d2p6e6u75xmxt8.cloudfront.net\/12\/2018\/11\/sta\u017een\u00fd-soubor-1-e1542116684663.jpg","width":1500,"height":641},{"@type":"BreadcrumbList","@id":"https:\/\/www.welovecycling.com\/hu\/kozosseg-es-kultura\/5-vallalkozo-no-aki-megvaltoztatja-a-kerekparozas-vilagat\/#breadcrumb","itemListElement":[{"@type":"ListItem","position":1,"name":"Home","item":"https:\/\/www.welovecycling.com\/hu\/"},{"@type":"ListItem","position":2,"name":"5 v\u00e1llalkoz\u00f3 n\u0151, aki megv\u00e1ltoztatja a ker\u00e9kp\u00e1roz\u00e1s vil\u00e1g\u00e1t"}]},{"@type":"WebSite","@id":"https:\/\/www.welovecycling.com\/hu\/#website","url":"https:\/\/www.welovecycling.com\/hu\/","name":"\u0160koda We Love Cycling - Magyarorsz\u00e1g","description":"\u0160koda WeLoveCycling","potentialAction":[{"@type":"SearchAction","target":{"@type":"EntryPoint","urlTemplate":"https:\/\/www.welovecycling.com\/hu\/?s={search_term_string}"},"query-input":{"@type":"PropertyValueSpecification","valueRequired":true,"valueName":"search_term_string"}}],"inLanguage":"hu"},{"@type":"Person","@id":"https:\/\/www.welovecycling.com\/hu\/#\/schema\/person\/414a2aebf1801691a5320edb6468e194","name":"hegyizs","image":{"@type":"ImageObject","inLanguage":"hu","@id":"https:\/\/www.welovecycling.com\/hu\/#\/schema\/person\/image\/","url":"https:\/\/secure.gravatar.com\/avatar\/02cf8a7906b8cf90cecb4679defac7cfd33a1c2e3b88e4903d947f3bb58eedd3?s=96&d=mm&r=g","contentUrl":"https:\/\/secure.gravatar.com\/avatar\/02cf8a7906b8cf90cecb4679defac7cfd33a1c2e3b88e4903d947f3bb58eedd3?s=96&d=mm&r=g","caption":"hegyizs"},"url":"https:\/\/www.welovecycling.com\/hu\/author\/hegyizs\/"}]}},"_links":{"self":[{"href":"https:\/\/www.welovecycling.com\/hu\/wp-json\/wp\/v2\/posts\/2098","targetHints":{"allow":["GET"]}}],"collection":[{"href":"https:\/\/www.welovecycling.com\/hu\/wp-json\/wp\/v2\/posts"}],"about":[{"href":"https:\/\/www.welovecycling.com\/hu\/wp-json\/wp\/v2\/types\/post"}],"author":[{"embeddable":true,"href":"https:\/\/www.welovecycling.com\/hu\/wp-json\/wp\/v2\/users\/71"}],"replies":[{"embeddable":true,"href":"https:\/\/www.welovecycling.com\/hu\/wp-json\/wp\/v2\/comments?post=2098"}],"version-history":[{"count":2,"href":"https:\/\/www.welovecycling.com\/hu\/wp-json\/wp\/v2\/posts\/2098\/revisions"}],"predecessor-version":[{"id":2108,"href":"https:\/\/www.welovecycling.com\/hu\/wp-json\/wp\/v2\/posts\/2098\/revisions\/2108"}],"wp:featuredmedia":[{"embeddable":true,"href":"https:\/\/www.welovecycling.com\/hu\/wp-json\/wp\/v2\/media\/2102"}],"wp:attachment":[{"href":"https:\/\/www.welovecycling.com\/hu\/wp-json\/wp\/v2\/media?parent=2098"}],"wp:term":[{"taxonomy":"category","embeddable":true,"href":"https:\/\/www.welovecycling.com\/hu\/wp-json\/wp\/v2\/categories?post=2098"},{"taxonomy":"post_tag","embeddable":true,"href":"https:\/\/www.welovecycling.com\/hu\/wp-json\/wp\/v2\/tags?post=2098"},{"taxonomy":"global-categories","embeddable":true,"href":"https:\/\/www.welovecycling.com\/hu\/wp-json\/wp\/v2\/global-categories?post=2098"}],"curies":[{"name":"wp","href":"https:\/\/api.w.org\/{rel}","templated":true}]}}