{"id":2085,"date":"2018-11-10T10:09:21","date_gmt":"2018-11-10T10:09:21","guid":{"rendered":"https:\/\/www.welovecycling.com\/hu\/?p=2085"},"modified":"2018-11-05T13:19:14","modified_gmt":"2018-11-05T13:19:14","slug":"sportolj-hogy-jol-aludhass","status":"publish","type":"post","link":"https:\/\/www.welovecycling.com\/hu\/edzes-es-eletmod\/sportolj-hogy-jol-aludhass\/","title":{"rendered":"Sportolj, hogy j\u00f3l aludhass!"},"content":{"rendered":"<p><strong>A rendszeres testmozg\u00e1s sz\u00e1mos eg\u00e9szs\u00e9g\u00fcgyi el\u0151nnyel b\u00edr, de gondolkozt\u00e1l m\u00e1r azon, hogy a d\u00e9lut\u00e1ni bicikliz\u00e9snek vajon milyen hat\u00e1sa lehet az esti alv\u00e1sodra? Sz\u00e1mos kutat\u00e1sban olvashatunk arr\u00f3l, hogy ak\u00e1r visszafogott j\u00f3g\u00e1r\u00f3l vagy intenz\u00edv kardi\u00f3 edz\u00e9sr\u0151l besz\u00e9l\u00fcnk, a rendszeres testmozg\u00e1s az alv\u00e1sra \u00e9s annak min\u0151s\u00e9g\u00e9re is kihat\u00e1ssal van.<\/strong><\/p>\n<p>Noha az alv\u00e1s az egyik legalapvet\u0151bb l\u00e9tsz\u00fcks\u00e9glet, sokan v\u00e1llalj\u00e1k a kock\u00e1zatot, hogy m\u00e1s jav\u00e1ra pont a pihen\u00e9s idej\u00e9b\u0151l csippentenek kisebb-nagyobb intervallumokat. Egy\u00e9nt\u0151l f\u00fcggetlen\u00fcl, aki huzamos ideig, rendszerszer\u0171en alszik 7 \u00f3r\u00e1n\u00e1l kevesebbet, magas v\u00e9rnyom\u00e1s, cukorbetegs\u00e9g, sz\u00edvbetegs\u00e9g \u00e9s ment\u00e1lis szorong\u00e1s kialakul\u00e1s\u00e1nak kock\u00e1zat\u00e1nak teszi ki mag\u00e1t.<\/p>\n<p><a href=\"https:\/\/d2p6e6u75xmxt8.cloudfront.net\/12\/2018\/11\/WLC_sportolj_hogy_jol_aludhass_02.jpg\"><img loading=\"lazy\" decoding=\"async\" class=\"alignnone wp-image-2088 size-full\" src=\"https:\/\/d2p6e6u75xmxt8.cloudfront.net\/12\/2018\/11\/WLC_sportolj_hogy_jol_aludhass_02.jpg\" alt=\"\" width=\"1920\" height=\"1080\" srcset=\"https:\/\/d2p6e6u75xmxt8.cloudfront.net\/12\/2018\/11\/WLC_sportolj_hogy_jol_aludhass_02.jpg 1920w, https:\/\/d2p6e6u75xmxt8.cloudfront.net\/12\/2018\/11\/WLC_sportolj_hogy_jol_aludhass_02-300x169.jpg 300w, https:\/\/d2p6e6u75xmxt8.cloudfront.net\/12\/2018\/11\/WLC_sportolj_hogy_jol_aludhass_02-768x432.jpg 768w, https:\/\/d2p6e6u75xmxt8.cloudfront.net\/12\/2018\/11\/WLC_sportolj_hogy_jol_aludhass_02-1024x576.jpg 1024w, https:\/\/d2p6e6u75xmxt8.cloudfront.net\/12\/2018\/11\/WLC_sportolj_hogy_jol_aludhass_02-1920x1080.jpg 1920w\" sizes=\"auto, (max-width: 1920px) 100vw, 1920px\" \/><\/a><\/p>\n<p>De a munkahelyi stressz, a felel\u0151ss\u00e9g \u00e9s a teljes\u00edtm\u00e9nyk\u00e9nyszer negat\u00edv hat\u00e1sa mindenkin nyomot hagy. Vajon mikor volt utolj\u00e1ra, hogy ak\u00e1r t\u00f6bb, egym\u00e1st k\u00f6vet\u0151 napon \u00e9s legal\u00e1bb 7 \u00f3r\u00e1t aludhatt\u00e1l? Ne agg\u00f3dj, nem vagy egyed\u00fcl ezzel a helyzettel, a leg\u00fajabb <a href=\"https:\/\/www.cdc.gov\/physicalactivity\/basics\/pa-health\/index.htm\">kutat\u00e1sok<\/a> szerencs\u00e9re \u00f6sszef\u00fcgg\u00e9st mutattak ki a rendszeres sportol\u00e1s \u00e9s a min\u0151s\u00e9gi alv\u00e1s k\u00f6z\u00f6tt.<\/p>\n<p>Az <a href=\"https:\/\/www.hindawi.com\/journals\/apm\/2017\/1364387\/\">\u00e1tfog\u00f3 kutat\u00e1s<\/a> 2017-ben azt mutatta ki, hogy a testmozg\u00e1s mennyis\u00e9g\u00e9nek \u00e9s\/vagy intenzit\u00e1s\u00e1nak emel\u00e9se hat\u00e9kony eszk\u00f6z azoknak, akik nem alszanak eleget, vagy \u00e9ppen nem alszanak el\u00e9g j\u00f3l. B\u00e1r az alv\u00e1s pontos mechanizmus\u00e1nak megfejt\u00e9se m\u00e9g v\u00e1rat mag\u00e1ra, az bizonyos, hogy az aerob vagy terhel\u00e9ses mozg\u00e1s pozit\u00edv hat\u00e1ssal van az egy\u00e9n alv\u00e1si szok\u00e1saira.<\/p>\n<p>Els\u0151re tal\u00e1n \u00fagy t\u0171nhet, hogy a sportol\u00e1s \u00e9s az alv\u00e1s (pihen\u00e9s) ellent\u00e9tes hat\u00e1s\u00fa tev\u00e9kenys\u00e9gek: a sportol\u00e1ssal kimaxolhatod \u00f6nmagad, m\u00edg az alv\u00e1ssal teljesen zenbe ker\u00fclsz, eg\u00e9szen addig a f\u00e1jdalmas pontig, am\u00edg megsz\u00f3lal az \u00e9breszt\u0151\u00f3r\u00e1d. A kutat\u00e1s r\u00e1mutatott, hogy b\u00e1r a sportol\u00e1s val\u00f3ban energetiz\u00e1l, fontos alkot\u00f3r\u00e9sze azonban annak a folyamatnak is, aminek k\u00f6sz\u00f6nhet\u0151en \u00e9jszaka pihentet\u0151en alhatsz. B\u00e1r a sportol\u00e1s olyan t\u00fcneteket produk\u00e1l \u2013 magasabb pulzus \u00e9s testh\u0151m\u00e9rs\u00e9klet, \u00e9bers\u00e9g \u2013 ami szembe megy az alv\u00e1si f\u00e1zishoz sz\u00fcks\u00e9ges testi- \u00e9s lelki\u00e1llapottal, a rendszeres sportol\u00e1s cs\u00f6kkenti a szorong\u00e1st, ami miatt viszont k\u00f6nnyebben aludhatsz el \u00e9s pihentet\u0151bb alv\u00e1sban lehet r\u00e9szed.<\/p>\n<p><a href=\"https:\/\/d2p6e6u75xmxt8.cloudfront.net\/12\/2018\/11\/WLC_sportolj_hogy_jol_aludhass_01.jpg\"><img loading=\"lazy\" decoding=\"async\" class=\"alignnone size-full wp-image-2089\" src=\"https:\/\/d2p6e6u75xmxt8.cloudfront.net\/12\/2018\/11\/WLC_sportolj_hogy_jol_aludhass_01.jpg\" alt=\"\" width=\"1920\" height=\"1080\" srcset=\"https:\/\/d2p6e6u75xmxt8.cloudfront.net\/12\/2018\/11\/WLC_sportolj_hogy_jol_aludhass_01.jpg 1920w, https:\/\/d2p6e6u75xmxt8.cloudfront.net\/12\/2018\/11\/WLC_sportolj_hogy_jol_aludhass_01-300x169.jpg 300w, https:\/\/d2p6e6u75xmxt8.cloudfront.net\/12\/2018\/11\/WLC_sportolj_hogy_jol_aludhass_01-768x432.jpg 768w, https:\/\/d2p6e6u75xmxt8.cloudfront.net\/12\/2018\/11\/WLC_sportolj_hogy_jol_aludhass_01-1024x576.jpg 1024w, https:\/\/d2p6e6u75xmxt8.cloudfront.net\/12\/2018\/11\/WLC_sportolj_hogy_jol_aludhass_01-1920x1080.jpg 1920w\" sizes=\"auto, (max-width: 1920px) 100vw, 1920px\" \/><\/a><\/p>\n<p>Term\u00e9szetesen vannak szab\u00e1lyok, amiket be kell tartanod, ha sportol\u00e1ssal szeretn\u00e9l tenni a nyugalmas \u00e9jszak\u00e1id\u00e9rt. A legjobb id\u0151szak, ha kora este m\u00e9g kim\u00e9sz tekerni, azonban fontos kiemelni, hogy a szak\u00e9rt\u0151k azt javasolj\u00e1k, hogy lefekv\u00e9s el\u0151tt 3 \u00f3r\u00e1val lehet\u0151leg m\u00e1r ne kezdj intenz\u00edv sportol\u00e1sba. Ez olyannyira megemelheti a testh\u0151det, ami megnehez\u00edti az elalv\u00e1st. Ezzel szemben, egy j\u00f3l id\u0151z\u00edtett edz\u00e9st k\u00f6vet\u0151en a tested leh\u0171l\u00e9se egyfajta jelz\u00e9s is lesz a szervezetednek, hogy \u201eideje nyugov\u00f3ra t\u00e9rni\u201d. Mivel ezt \u00e9rzed h\u00e9tk\u00f6znapi helyzetben is (ez\u00e9rt f\u00e1zunk, ha m\u00e1r f\u00e1radtak vagyunk), a k\u00e9t hat\u00e1s feler\u0151s\u00edti egym\u00e1st, \u00edgy k\u00f6nnyebben fogsz \u00e1lomba szender\u00fclni. V\u00e1laszd teh\u00e1t kett\u00e9: a magas intenzit\u00e1s\u00fa edz\u00e9seket, amik az \u00e9gbe l\u00f6vik a pulzusod, hagyd reggelre. Kitart\u00f3 munk\u00e1val a egy\u00e9bk\u00e9nt is jobban kipihenve \u00e9bred majd fel, \u00edgy nem lesz gy\u00f6trelmes a reggeli kel\u00e9s, viszont a korai\/reggeli HIIT jelleg\u0171 edz\u00e9s fel\u00e9r egy nagy adag k\u00e1v\u00e9val &#8211; vagy kett\u0151vel. Ha teheted, d\u00e9lut\u00e1n \u00e1tmozgat\u00f3 edz\u00e9st tarts, az se baj, ha intenz\u00edv, de fokozottan \u00fcgyelj arra, hogy a tervezett lefekv\u00e9s el\u0151tt id\u0151ben v\u00e9gezz! Ami a rossz h\u00edr, hogy nem 1 nap \u00e9s nem is 1 h\u00e9t alatt alakul ki a v\u00e1ltoz\u00e1s, \u00e9rdemes \u00e9letvitelszer\u0171en \u00e1t\u00e1llni az edz\u00e9sek ilyen feloszt\u00e1s\u00e1ra, de ha siker\u00fcl, minden reggel teljes er\u0151bedob\u00e1ssal, kisimulva \u00e1llhatsz neki a kih\u00edv\u00e1soknak!<\/p>\n","protected":false},"excerpt":{"rendered":"<p>A rendszeres testmozg\u00e1s sz\u00e1mos eg\u00e9szs\u00e9g\u00fcgyi el\u0151nnyel b\u00edr, de gondolkozt\u00e1l m\u00e1r azon, hogy a d\u00e9lut\u00e1ni bicikliz\u00e9snek vajon milyen hat\u00e1sa lehet az [&hellip;]<\/p>\n","protected":false},"author":71,"featured_media":2086,"comment_status":"open","ping_status":"open","sticky":false,"template":"","format":"standard","meta":{"footnotes":""},"categories":[6],"tags":[248,18,45,22,250,249,251],"global-categories":[],"class_list":["post-2085","post","type-post","status-publish","format-standard","has-post-thumbnail","hentry","category-edzes-es-eletmod","tag-alvas","tag-biciklizes","tag-edzes","tag-kerekparozas","tag-mozgas","tag-sport","tag-testmozgas"],"yoast_head":"<!-- This site is optimized with the Yoast SEO Premium plugin v25.3 (Yoast SEO v25.9) - https:\/\/yoast.com\/wordpress\/plugins\/seo\/ -->\n<title>Sportolj, hogy j\u00f3l aludhass! - \u0160koda We Love Cycling - Magyarorsz\u00e1g<\/title>\n<meta name=\"description\" content=\"Ak\u00e1r visszafogott j\u00f3g\u00e1r\u00f3l vagy intenz\u00edv kardi\u00f3 edz\u00e9sr\u0151l besz\u00e9l\u00fcnk, a rendszeres testmozg\u00e1s az alv\u00e1sra \u00e9s annak min\u0151s\u00e9g\u00e9re is kihat\u00e1ssal van.\" \/>\n<meta name=\"robots\" content=\"index, follow, max-snippet:-1, max-image-preview:large, max-video-preview:-1\" \/>\n<link rel=\"canonical\" href=\"https:\/\/www.welovecycling.com\/hu\/edzes-es-eletmod\/sportolj-hogy-jol-aludhass\/\" \/>\n<meta property=\"og:locale\" content=\"hu_HU\" \/>\n<meta property=\"og:type\" content=\"article\" \/>\n<meta property=\"og:title\" content=\"Sportolj, hogy j\u00f3l aludhass!\" \/>\n<meta property=\"og:description\" content=\"Ak\u00e1r visszafogott j\u00f3g\u00e1r\u00f3l vagy intenz\u00edv kardi\u00f3 edz\u00e9sr\u0151l besz\u00e9l\u00fcnk, a rendszeres testmozg\u00e1s az alv\u00e1sra \u00e9s annak min\u0151s\u00e9g\u00e9re is kihat\u00e1ssal van.\" \/>\n<meta property=\"og:url\" content=\"https:\/\/www.welovecycling.com\/hu\/edzes-es-eletmod\/sportolj-hogy-jol-aludhass\/\" \/>\n<meta property=\"og:site_name\" content=\"\u0160koda We Love Cycling - Magyarorsz\u00e1g\" \/>\n<meta property=\"article:publisher\" content=\"https:\/\/www.facebook.com\/WeLoveCyclingHungary\/\" \/>\n<meta property=\"article:published_time\" content=\"2018-11-10T10:09:21+00:00\" \/>\n<meta property=\"og:image\" content=\"https:\/\/d2p6e6u75xmxt8.cloudfront.net\/12\/2018\/11\/WLC_sportolj_hogy_jol_aludhass_03.jpg\" \/>\n\t<meta property=\"og:image:width\" content=\"1920\" \/>\n\t<meta property=\"og:image:height\" content=\"1080\" \/>\n\t<meta property=\"og:image:type\" content=\"image\/jpeg\" \/>\n<meta name=\"author\" content=\"hegyizs\" \/>\n<meta name=\"twitter:card\" content=\"summary_large_image\" \/>\n<meta name=\"twitter:label1\" content=\"Written by\" \/>\n\t<meta name=\"twitter:data1\" content=\"hegyizs\" \/>\n\t<meta name=\"twitter:label2\" content=\"Est. reading time\" \/>\n\t<meta name=\"twitter:data2\" content=\"4 minutes\" \/>\n<script type=\"application\/ld+json\" class=\"yoast-schema-graph\">{\"@context\":\"https:\/\/schema.org\",\"@graph\":[{\"@type\":\"WebPage\",\"@id\":\"https:\/\/www.welovecycling.com\/hu\/edzes-es-eletmod\/sportolj-hogy-jol-aludhass\/\",\"url\":\"https:\/\/www.welovecycling.com\/hu\/edzes-es-eletmod\/sportolj-hogy-jol-aludhass\/\",\"name\":\"Sportolj, hogy j\u00f3l aludhass! - \u0160koda We Love Cycling - Magyarorsz\u00e1g\",\"isPartOf\":{\"@id\":\"https:\/\/www.welovecycling.com\/hu\/#website\"},\"primaryImageOfPage\":{\"@id\":\"https:\/\/www.welovecycling.com\/hu\/edzes-es-eletmod\/sportolj-hogy-jol-aludhass\/#primaryimage\"},\"image\":{\"@id\":\"https:\/\/www.welovecycling.com\/hu\/edzes-es-eletmod\/sportolj-hogy-jol-aludhass\/#primaryimage\"},\"thumbnailUrl\":\"https:\/\/d2p6e6u75xmxt8.cloudfront.net\/12\/2018\/11\/WLC_sportolj_hogy_jol_aludhass_03.jpg\",\"datePublished\":\"2018-11-10T10:09:21+00:00\",\"author\":{\"@id\":\"https:\/\/www.welovecycling.com\/hu\/#\/schema\/person\/414a2aebf1801691a5320edb6468e194\"},\"description\":\"Ak\u00e1r visszafogott j\u00f3g\u00e1r\u00f3l vagy intenz\u00edv kardi\u00f3 edz\u00e9sr\u0151l besz\u00e9l\u00fcnk, a rendszeres testmozg\u00e1s az alv\u00e1sra \u00e9s annak min\u0151s\u00e9g\u00e9re is kihat\u00e1ssal van.\",\"breadcrumb\":{\"@id\":\"https:\/\/www.welovecycling.com\/hu\/edzes-es-eletmod\/sportolj-hogy-jol-aludhass\/#breadcrumb\"},\"inLanguage\":\"hu\",\"potentialAction\":[{\"@type\":\"ReadAction\",\"target\":[\"https:\/\/www.welovecycling.com\/hu\/edzes-es-eletmod\/sportolj-hogy-jol-aludhass\/\"]}]},{\"@type\":\"ImageObject\",\"inLanguage\":\"hu\",\"@id\":\"https:\/\/www.welovecycling.com\/hu\/edzes-es-eletmod\/sportolj-hogy-jol-aludhass\/#primaryimage\",\"url\":\"https:\/\/d2p6e6u75xmxt8.cloudfront.net\/12\/2018\/11\/WLC_sportolj_hogy_jol_aludhass_03.jpg\",\"contentUrl\":\"https:\/\/d2p6e6u75xmxt8.cloudfront.net\/12\/2018\/11\/WLC_sportolj_hogy_jol_aludhass_03.jpg\",\"width\":1920,\"height\":1080},{\"@type\":\"BreadcrumbList\",\"@id\":\"https:\/\/www.welovecycling.com\/hu\/edzes-es-eletmod\/sportolj-hogy-jol-aludhass\/#breadcrumb\",\"itemListElement\":[{\"@type\":\"ListItem\",\"position\":1,\"name\":\"Home\",\"item\":\"https:\/\/www.welovecycling.com\/hu\/\"},{\"@type\":\"ListItem\",\"position\":2,\"name\":\"Sportolj, hogy j\u00f3l aludhass!\"}]},{\"@type\":\"WebSite\",\"@id\":\"https:\/\/www.welovecycling.com\/hu\/#website\",\"url\":\"https:\/\/www.welovecycling.com\/hu\/\",\"name\":\"\u0160koda We Love Cycling - Magyarorsz\u00e1g\",\"description\":\"\u0160koda WeLoveCycling\",\"potentialAction\":[{\"@type\":\"SearchAction\",\"target\":{\"@type\":\"EntryPoint\",\"urlTemplate\":\"https:\/\/www.welovecycling.com\/hu\/?s={search_term_string}\"},\"query-input\":{\"@type\":\"PropertyValueSpecification\",\"valueRequired\":true,\"valueName\":\"search_term_string\"}}],\"inLanguage\":\"hu\"},{\"@type\":\"Person\",\"@id\":\"https:\/\/www.welovecycling.com\/hu\/#\/schema\/person\/414a2aebf1801691a5320edb6468e194\",\"name\":\"hegyizs\",\"image\":{\"@type\":\"ImageObject\",\"inLanguage\":\"hu\",\"@id\":\"https:\/\/www.welovecycling.com\/hu\/#\/schema\/person\/image\/\",\"url\":\"https:\/\/secure.gravatar.com\/avatar\/02cf8a7906b8cf90cecb4679defac7cfd33a1c2e3b88e4903d947f3bb58eedd3?s=96&d=mm&r=g\",\"contentUrl\":\"https:\/\/secure.gravatar.com\/avatar\/02cf8a7906b8cf90cecb4679defac7cfd33a1c2e3b88e4903d947f3bb58eedd3?s=96&d=mm&r=g\",\"caption\":\"hegyizs\"},\"url\":\"https:\/\/www.welovecycling.com\/hu\/author\/hegyizs\/\"}]}<\/script>\n<!-- \/ Yoast SEO Premium plugin. -->","yoast_head_json":{"title":"Sportolj, hogy j\u00f3l aludhass! - \u0160koda We Love Cycling - Magyarorsz\u00e1g","description":"Ak\u00e1r visszafogott j\u00f3g\u00e1r\u00f3l vagy intenz\u00edv kardi\u00f3 edz\u00e9sr\u0151l besz\u00e9l\u00fcnk, a rendszeres testmozg\u00e1s az alv\u00e1sra \u00e9s annak min\u0151s\u00e9g\u00e9re is kihat\u00e1ssal van.","robots":{"index":"index","follow":"follow","max-snippet":"max-snippet:-1","max-image-preview":"max-image-preview:large","max-video-preview":"max-video-preview:-1"},"canonical":"https:\/\/www.welovecycling.com\/hu\/edzes-es-eletmod\/sportolj-hogy-jol-aludhass\/","og_locale":"hu_HU","og_type":"article","og_title":"Sportolj, hogy j\u00f3l aludhass!","og_description":"Ak\u00e1r visszafogott j\u00f3g\u00e1r\u00f3l vagy intenz\u00edv kardi\u00f3 edz\u00e9sr\u0151l besz\u00e9l\u00fcnk, a rendszeres testmozg\u00e1s az alv\u00e1sra \u00e9s annak min\u0151s\u00e9g\u00e9re is kihat\u00e1ssal van.","og_url":"https:\/\/www.welovecycling.com\/hu\/edzes-es-eletmod\/sportolj-hogy-jol-aludhass\/","og_site_name":"\u0160koda We Love Cycling - Magyarorsz\u00e1g","article_publisher":"https:\/\/www.facebook.com\/WeLoveCyclingHungary\/","article_published_time":"2018-11-10T10:09:21+00:00","og_image":[{"width":1920,"height":1080,"url":"https:\/\/d2p6e6u75xmxt8.cloudfront.net\/12\/2018\/11\/WLC_sportolj_hogy_jol_aludhass_03.jpg","type":"image\/jpeg"}],"author":"hegyizs","twitter_card":"summary_large_image","twitter_misc":{"Written by":"hegyizs","Est. reading time":"4 minutes"},"schema":{"@context":"https:\/\/schema.org","@graph":[{"@type":"WebPage","@id":"https:\/\/www.welovecycling.com\/hu\/edzes-es-eletmod\/sportolj-hogy-jol-aludhass\/","url":"https:\/\/www.welovecycling.com\/hu\/edzes-es-eletmod\/sportolj-hogy-jol-aludhass\/","name":"Sportolj, hogy j\u00f3l aludhass! - \u0160koda We Love Cycling - Magyarorsz\u00e1g","isPartOf":{"@id":"https:\/\/www.welovecycling.com\/hu\/#website"},"primaryImageOfPage":{"@id":"https:\/\/www.welovecycling.com\/hu\/edzes-es-eletmod\/sportolj-hogy-jol-aludhass\/#primaryimage"},"image":{"@id":"https:\/\/www.welovecycling.com\/hu\/edzes-es-eletmod\/sportolj-hogy-jol-aludhass\/#primaryimage"},"thumbnailUrl":"https:\/\/d2p6e6u75xmxt8.cloudfront.net\/12\/2018\/11\/WLC_sportolj_hogy_jol_aludhass_03.jpg","datePublished":"2018-11-10T10:09:21+00:00","author":{"@id":"https:\/\/www.welovecycling.com\/hu\/#\/schema\/person\/414a2aebf1801691a5320edb6468e194"},"description":"Ak\u00e1r visszafogott j\u00f3g\u00e1r\u00f3l vagy intenz\u00edv kardi\u00f3 edz\u00e9sr\u0151l besz\u00e9l\u00fcnk, a rendszeres testmozg\u00e1s az alv\u00e1sra \u00e9s annak min\u0151s\u00e9g\u00e9re is kihat\u00e1ssal van.","breadcrumb":{"@id":"https:\/\/www.welovecycling.com\/hu\/edzes-es-eletmod\/sportolj-hogy-jol-aludhass\/#breadcrumb"},"inLanguage":"hu","potentialAction":[{"@type":"ReadAction","target":["https:\/\/www.welovecycling.com\/hu\/edzes-es-eletmod\/sportolj-hogy-jol-aludhass\/"]}]},{"@type":"ImageObject","inLanguage":"hu","@id":"https:\/\/www.welovecycling.com\/hu\/edzes-es-eletmod\/sportolj-hogy-jol-aludhass\/#primaryimage","url":"https:\/\/d2p6e6u75xmxt8.cloudfront.net\/12\/2018\/11\/WLC_sportolj_hogy_jol_aludhass_03.jpg","contentUrl":"https:\/\/d2p6e6u75xmxt8.cloudfront.net\/12\/2018\/11\/WLC_sportolj_hogy_jol_aludhass_03.jpg","width":1920,"height":1080},{"@type":"BreadcrumbList","@id":"https:\/\/www.welovecycling.com\/hu\/edzes-es-eletmod\/sportolj-hogy-jol-aludhass\/#breadcrumb","itemListElement":[{"@type":"ListItem","position":1,"name":"Home","item":"https:\/\/www.welovecycling.com\/hu\/"},{"@type":"ListItem","position":2,"name":"Sportolj, hogy j\u00f3l aludhass!"}]},{"@type":"WebSite","@id":"https:\/\/www.welovecycling.com\/hu\/#website","url":"https:\/\/www.welovecycling.com\/hu\/","name":"\u0160koda We Love Cycling - Magyarorsz\u00e1g","description":"\u0160koda WeLoveCycling","potentialAction":[{"@type":"SearchAction","target":{"@type":"EntryPoint","urlTemplate":"https:\/\/www.welovecycling.com\/hu\/?s={search_term_string}"},"query-input":{"@type":"PropertyValueSpecification","valueRequired":true,"valueName":"search_term_string"}}],"inLanguage":"hu"},{"@type":"Person","@id":"https:\/\/www.welovecycling.com\/hu\/#\/schema\/person\/414a2aebf1801691a5320edb6468e194","name":"hegyizs","image":{"@type":"ImageObject","inLanguage":"hu","@id":"https:\/\/www.welovecycling.com\/hu\/#\/schema\/person\/image\/","url":"https:\/\/secure.gravatar.com\/avatar\/02cf8a7906b8cf90cecb4679defac7cfd33a1c2e3b88e4903d947f3bb58eedd3?s=96&d=mm&r=g","contentUrl":"https:\/\/secure.gravatar.com\/avatar\/02cf8a7906b8cf90cecb4679defac7cfd33a1c2e3b88e4903d947f3bb58eedd3?s=96&d=mm&r=g","caption":"hegyizs"},"url":"https:\/\/www.welovecycling.com\/hu\/author\/hegyizs\/"}]}},"_links":{"self":[{"href":"https:\/\/www.welovecycling.com\/hu\/wp-json\/wp\/v2\/posts\/2085","targetHints":{"allow":["GET"]}}],"collection":[{"href":"https:\/\/www.welovecycling.com\/hu\/wp-json\/wp\/v2\/posts"}],"about":[{"href":"https:\/\/www.welovecycling.com\/hu\/wp-json\/wp\/v2\/types\/post"}],"author":[{"embeddable":true,"href":"https:\/\/www.welovecycling.com\/hu\/wp-json\/wp\/v2\/users\/71"}],"replies":[{"embeddable":true,"href":"https:\/\/www.welovecycling.com\/hu\/wp-json\/wp\/v2\/comments?post=2085"}],"version-history":[{"count":2,"href":"https:\/\/www.welovecycling.com\/hu\/wp-json\/wp\/v2\/posts\/2085\/revisions"}],"predecessor-version":[{"id":2091,"href":"https:\/\/www.welovecycling.com\/hu\/wp-json\/wp\/v2\/posts\/2085\/revisions\/2091"}],"wp:featuredmedia":[{"embeddable":true,"href":"https:\/\/www.welovecycling.com\/hu\/wp-json\/wp\/v2\/media\/2086"}],"wp:attachment":[{"href":"https:\/\/www.welovecycling.com\/hu\/wp-json\/wp\/v2\/media?parent=2085"}],"wp:term":[{"taxonomy":"category","embeddable":true,"href":"https:\/\/www.welovecycling.com\/hu\/wp-json\/wp\/v2\/categories?post=2085"},{"taxonomy":"post_tag","embeddable":true,"href":"https:\/\/www.welovecycling.com\/hu\/wp-json\/wp\/v2\/tags?post=2085"},{"taxonomy":"global-categories","embeddable":true,"href":"https:\/\/www.welovecycling.com\/hu\/wp-json\/wp\/v2\/global-categories?post=2085"}],"curies":[{"name":"wp","href":"https:\/\/api.w.org\/{rel}","templated":true}]}}