{"id":2037,"date":"2018-11-05T10:00:31","date_gmt":"2018-11-05T10:00:31","guid":{"rendered":"https:\/\/www.welovecycling.com\/hu\/?p=2037"},"modified":"2018-10-31T15:37:34","modified_gmt":"2018-10-31T15:37:34","slug":"mit-ajanlott-enni-ha-csontod-tort","status":"publish","type":"post","link":"https:\/\/www.welovecycling.com\/hu\/edzes-es-eletmod\/mit-ajanlott-enni-ha-csontod-tort\/","title":{"rendered":"Mit aj\u00e1nlott enni, ha csontod t\u00f6rt?"},"content":{"rendered":"<p><strong>Alig van, ami r\u00e9mesebb egy biciklis balesetb\u0151l ered\u0151 csontt\u00f6r\u00e9sn\u00e9l, hiszen h\u00f3napokra n\u00e9lk\u00fcl\u00f6zn\u00f6d kell a ker\u00e9kp\u00e1rodat. M\u00e9gis, ahelyett, hogy szomorkodn\u00e1l \u00e9s pizz\u00e1t t\u00f6mn\u00e9l magadba a t\u00e9v\u00e9 el\u0151tt \u00fclve, magad is tehetsz az\u00e9rt, hogy gyorsabban fel\u00e9p\u00fclj. A megfelel\u0151 \u00e9lelmiszerek seg\u00edthetnek csontjaid eg\u00e9szs\u00e9gesebb\u00e9 t\u00e9tel\u00e9ben. L\u00e1ssuk, melyik \u00e9tel min\u0151s\u00fcl a legjobb v\u00e1laszt\u00e1snak.<\/strong><\/p>\n<p>J\u00f3 sok feh\u00e9rj\u00e9re (proteinre) lesz sz\u00fcks\u00e9ged, ami a sz\u00f6vetek legf\u0151bb \u00e9p\u00edt\u0151k\u00f6ve, valamint kalciumra is, ami pedig a csontok legfontosabb \u00e1sv\u00e1nyi anyaga. A D- \u00e9s a K-vitamin is j\u00f3l fog j\u00f6nni, hogy a tested megfelel\u0151en tudja felvenni a csontok helyre\u00e1ll\u00edt\u00e1sa sor\u00e1n a kalciumot. Ha el\u00e9g k\u00e1liumot viszel be a szervezetbe, az is seg\u00edti, hogy az \u00e9telekb\u0151l t\u00f6bb kalcium hasznosuljon. V\u00e9g\u00fcl, de nem utols\u00f3 sorban, a C-vitamin \u00e9s a vas is seg\u00edt a kollag\u00e9n rostok vissza\u00e9p\u00fcl\u00e9s\u00e9ben &#8211; ez a csontok gy\u00f3gyul\u00e1s\u00e1hoz sz\u00fcks\u00e9ges legf\u0151bb feh\u00e9rjet\u00edpus. Most n\u00e9zz\u00fck azt, mely \u00e9lelmiszerek biztos\u00edtj\u00e1k szervezetednek a legjobban ezeket a t\u00e1panyagokat.<\/p>\n<h2>T\u00f6md magadba a toj\u00e1st!<\/h2>\n<p>A toj\u00e1s kiv\u00e1l\u00f3 feh\u00e9rjeforr\u00e1s \u00e9s azon kev\u00e9s \u00e9lelmiszerek egyike, amelyek D-vitamint tartalmaznak, \u00edgy semmik\u00e9pp se hagyd ki a gy\u00f3gyul\u00e1si folyamatb\u00f3l. Ezen k\u00edv\u00fcl sz\u00e1mos egy\u00e9b vitamint \u00e9s \u00e1sv\u00e1nyi anyagot tartalmaz, p\u00e9ld\u00e1ul vasat, kalciumot, cinket, k\u00e1liumot \u00e9s magn\u00e9ziumot, amelyekt\u0151l olyan, mint egy term\u00e9szetben el\u0151fordul\u00f3 multivitamin-tabletta.<\/p>\n<p><a href=\"https:\/\/www.instagram.com\/p\/BZMHLqglg6s\/?utm_source=ig_embed\">https:\/\/www.instagram.com\/p\/BZMHLqglg6s\/?utm_source=ig_embed<\/a><\/p>\n<h2>Ne feledd a halakat \u00e9s a tenger m\u00e1s gy\u00fcm\u00f6lcseit!<\/h2>\n<p>A halak \u00e9s m\u00e1s tengeri \u00e1llatok mind remek forr\u00e1sai a kalciumnak, a j\u00f3 min\u0151s\u00e9g\u0171 feh\u00e9rj\u00e9nek \u00e9s a D-vitaminnak. F\u0151leg a szard\u00ednia, amit a csontj\u00e1val egy\u00fctt fogyasztunk, az egyik legjobb kalciumforr\u00e1s. Ezeket esetleg v\u00f6r\u00f6sh\u00fassal is helyettes\u00edtheted, ami a protein mellett vasban is gazdag. ,De ha szereted r\u00e1gcs\u00e1lni a h\u00fas lefejt\u00e9se ut\u00e1n megmarad\u00f3 csirkecsontokat, akkor is szerencs\u00e9s helyzetben vagy, mert a baromfib\u00f3l megfelel\u0151 feh\u00e9rj\u00e9hez juthat a szervezeted.<\/p>\n<h2>Gondolj a tejterm\u00e9kekre is!<\/h2>\n<p>A tej szint\u00e9n egy sokoldal\u00fa \u00e9s csont\u00e9p\u00edt\u0151 \u00e9lelmiszer. Sok benne a kalcium, a K-vitamin \u00e9s a feh\u00e9rje is. Egy igazi joghurt, vagy proteinben gazdag sajtok (ak\u00e1r t\u00far\u00f3) is j\u00f3k lehetnek, szinte minden tejterm\u00e9k \u00e9rt\u00e9kes eleme az \u00e9trendnek.<\/p>\n<p>&nbsp;<\/p>\n<h2>A z\u00f6ld leveles z\u00f6lds\u00e9gek is seg\u00edtenek.<\/h2>\n<p>A kelk\u00e1poszta, a spen\u00f3t, a r\u00f3mai sal\u00e1ta \u00e9s a rukkola is remek v\u00e1laszt\u00e1s. Sok benn\u00fck a K-vitamin, \u00e9s emellett C-vitamint, kalciumot, k\u00e1liumot, vasat, magn\u00e9ziumot \u00e9s cinket is k\u00edn\u00e1lnak. A t\u00f6bbi sz\u00ednes z\u00f6lds\u00e9g \u00e9s gy\u00fcm\u00f6lcs is tartalmaz v\u00e1ltoz\u00f3mennyis\u00e9gben vitaminokat \u00e9s \u00e1sv\u00e1nyi anyagokat, de a z\u00f6ld leveleket \u00e9rdemes minden nap fogyasztanod, k\u00fcl\u00f6n\u00f6sen a K-vitamin\u00e9rt.<\/p>\n<p><a href=\"https:\/\/d2p6e6u75xmxt8.cloudfront.net\/12\/2018\/10\/csontt\u00f6r\u00e9s.jpg\"><img loading=\"lazy\" decoding=\"async\" class=\"alignnone size-full wp-image-2039\" src=\"https:\/\/d2p6e6u75xmxt8.cloudfront.net\/12\/2018\/10\/csontt\u00f6r\u00e9s.jpg\" alt=\"csontt\u00f6r\u00e9s\" width=\"1250\" height=\"833\" srcset=\"https:\/\/d2p6e6u75xmxt8.cloudfront.net\/12\/2018\/10\/csontt\u00f6r\u00e9s.jpg 1250w, https:\/\/d2p6e6u75xmxt8.cloudfront.net\/12\/2018\/10\/csontt\u00f6r\u00e9s-300x200.jpg 300w, https:\/\/d2p6e6u75xmxt8.cloudfront.net\/12\/2018\/10\/csontt\u00f6r\u00e9s-768x512.jpg 768w, https:\/\/d2p6e6u75xmxt8.cloudfront.net\/12\/2018\/10\/csontt\u00f6r\u00e9s-1024x682.jpg 1024w, https:\/\/d2p6e6u75xmxt8.cloudfront.net\/12\/2018\/10\/csontt\u00f6r\u00e9s-272x182.jpg 272w\" sizes=\"auto, (max-width: 1250px) 100vw, 1250px\" \/><\/a><\/p>\n<h2>Sz\u00edvj be egy kis napf\u00e9nyt<\/h2>\n<p>B\u00e1r a zs\u00edros halakb\u00f3l \u00e9s a toj\u00e1ss\u00e1rg\u00e1j\u00e1b\u00f3l is D-vitaminhoz juthatsz, messze a legjobb forr\u00e1sa ennek a t\u00e1panyagnak a b\u0151r\u00f6ddel \u00e9rintkez\u0151 napf\u00e9ny. Pr\u00f3b\u00e1lj naponta kb. 30 percet a napon lenni, a b\u0151r\u00f6d \u00e1rnyalat\u00e1t\u00f3l, a f\u00f6ldrajzi helyt\u0151l \u00e9s az adott \u00e9vszakt\u00f3l f\u00fcgg\u0151en.<\/p>\n<h2>Ker\u00fcld az alkoholt, a cukrot \u00e9s a koffeint!<\/h2>\n<p>Ha a fent felsorolt \u00e9telek az \u00e9trended r\u00e9sz\u00e9v\u00e9 v\u00e1lnak, jelent\u0151sen javulni fog a szervezeted csont-helyre\u00e1ll\u00edt\u00f3 k\u00e9pess\u00e9ge. Ne agg\u00f3dj, ha nem szerepelnek minden egyes \u00e9tkez\u00e9sedben, csak t\u00f6rekedj r\u00e1! Ker\u00fcld az alkoholt, a hozz\u00e1adott cukorban b\u0151velked\u0151 \u00e9teleket \u00e9s a t\u00fal sok koffeint. Ezek a kalcium ki\u00fcr\u00fcl\u00e9s\u00e9t seg\u00edtik el\u0151, \u00e9s lass\u00edtj\u00e1k a csontok regener\u00e1l\u00f3d\u00e1s\u00e1t.<\/p>\n","protected":false},"excerpt":{"rendered":"<p>Alig van, ami r\u00e9mesebb egy biciklis balesetb\u0151l ered\u0151 csontt\u00f6r\u00e9sn\u00e9l, hiszen h\u00f3napokra n\u00e9lk\u00fcl\u00f6zn\u00f6d kell a ker\u00e9kp\u00e1rodat. M\u00e9gis, ahelyett, hogy szomorkodn\u00e1l \u00e9s [&hellip;]<\/p>\n","protected":false},"author":71,"featured_media":2041,"comment_status":"open","ping_status":"open","sticky":false,"template":"","format":"standard","meta":{"footnotes":""},"categories":[6],"tags":[243,242,244],"global-categories":[],"class_list":["post-2037","post","type-post","status-publish","format-standard","has-post-thumbnail","hentry","category-edzes-es-eletmod","tag-csonttores","tag-serules","tag-tapanyag"],"yoast_head":"<!-- This site is optimized with the Yoast SEO Premium plugin v25.3 (Yoast SEO v25.9) - https:\/\/yoast.com\/wordpress\/plugins\/seo\/ -->\n<title>Mit aj\u00e1nlott enni, ha csontod t\u00f6rt? - \u0160koda We Love Cycling - Magyarorsz\u00e1g<\/title>\n<meta name=\"description\" content=\"A megfelel\u0151 \u00e9lelmiszerek seg\u00edthetnek csontjaid eg\u00e9szs\u00e9gesebb\u00e9 t\u00e9tel\u00e9ben. L\u00e1ssuk, melyik \u00e9tel min\u0151s\u00fcl a legjobb v\u00e1laszt\u00e1snak.\" \/>\n<meta name=\"robots\" content=\"index, follow, max-snippet:-1, max-image-preview:large, max-video-preview:-1\" \/>\n<link rel=\"canonical\" href=\"https:\/\/www.welovecycling.com\/hu\/edzes-es-eletmod\/mit-ajanlott-enni-ha-csontod-tort\/\" \/>\n<meta property=\"og:locale\" content=\"hu_HU\" \/>\n<meta property=\"og:type\" content=\"article\" \/>\n<meta property=\"og:title\" content=\"Mit aj\u00e1nlott enni, ha csontod t\u00f6rt?\" \/>\n<meta property=\"og:description\" content=\"A megfelel\u0151 \u00e9lelmiszerek seg\u00edthetnek csontjaid eg\u00e9szs\u00e9gesebb\u00e9 t\u00e9tel\u00e9ben. L\u00e1ssuk, melyik \u00e9tel min\u0151s\u00fcl a legjobb v\u00e1laszt\u00e1snak.\" \/>\n<meta property=\"og:url\" content=\"https:\/\/www.welovecycling.com\/hu\/edzes-es-eletmod\/mit-ajanlott-enni-ha-csontod-tort\/\" \/>\n<meta property=\"og:site_name\" content=\"\u0160koda We Love Cycling - Magyarorsz\u00e1g\" \/>\n<meta property=\"article:publisher\" content=\"https:\/\/www.facebook.com\/WeLoveCyclingHungary\/\" \/>\n<meta property=\"article:published_time\" content=\"2018-11-05T10:00:31+00:00\" \/>\n<meta property=\"og:image\" content=\"https:\/\/d2p6e6u75xmxt8.cloudfront.net\/12\/2018\/10\/csontt\u00f6r\u00e9s_welovecycling.jpg\" \/>\n\t<meta property=\"og:image:width\" content=\"1024\" \/>\n\t<meta property=\"og:image:height\" content=\"450\" \/>\n\t<meta property=\"og:image:type\" content=\"image\/jpeg\" \/>\n<meta name=\"author\" content=\"hegyizs\" \/>\n<meta name=\"twitter:card\" content=\"summary_large_image\" \/>\n<meta name=\"twitter:label1\" content=\"Written by\" \/>\n\t<meta name=\"twitter:data1\" content=\"hegyizs\" \/>\n\t<meta name=\"twitter:label2\" content=\"Est. reading time\" \/>\n\t<meta name=\"twitter:data2\" content=\"3 minutes\" \/>\n<script type=\"application\/ld+json\" class=\"yoast-schema-graph\">{\"@context\":\"https:\/\/schema.org\",\"@graph\":[{\"@type\":\"WebPage\",\"@id\":\"https:\/\/www.welovecycling.com\/hu\/edzes-es-eletmod\/mit-ajanlott-enni-ha-csontod-tort\/\",\"url\":\"https:\/\/www.welovecycling.com\/hu\/edzes-es-eletmod\/mit-ajanlott-enni-ha-csontod-tort\/\",\"name\":\"Mit aj\u00e1nlott enni, ha csontod t\u00f6rt? - \u0160koda We Love Cycling - Magyarorsz\u00e1g\",\"isPartOf\":{\"@id\":\"https:\/\/www.welovecycling.com\/hu\/#website\"},\"primaryImageOfPage\":{\"@id\":\"https:\/\/www.welovecycling.com\/hu\/edzes-es-eletmod\/mit-ajanlott-enni-ha-csontod-tort\/#primaryimage\"},\"image\":{\"@id\":\"https:\/\/www.welovecycling.com\/hu\/edzes-es-eletmod\/mit-ajanlott-enni-ha-csontod-tort\/#primaryimage\"},\"thumbnailUrl\":\"https:\/\/d2p6e6u75xmxt8.cloudfront.net\/12\/2018\/10\/csontt\u00f6r\u00e9s_welovecycling.jpg\",\"datePublished\":\"2018-11-05T10:00:31+00:00\",\"author\":{\"@id\":\"https:\/\/www.welovecycling.com\/hu\/#\/schema\/person\/414a2aebf1801691a5320edb6468e194\"},\"description\":\"A megfelel\u0151 \u00e9lelmiszerek seg\u00edthetnek csontjaid eg\u00e9szs\u00e9gesebb\u00e9 t\u00e9tel\u00e9ben. L\u00e1ssuk, melyik \u00e9tel min\u0151s\u00fcl a legjobb v\u00e1laszt\u00e1snak.\",\"breadcrumb\":{\"@id\":\"https:\/\/www.welovecycling.com\/hu\/edzes-es-eletmod\/mit-ajanlott-enni-ha-csontod-tort\/#breadcrumb\"},\"inLanguage\":\"hu\",\"potentialAction\":[{\"@type\":\"ReadAction\",\"target\":[\"https:\/\/www.welovecycling.com\/hu\/edzes-es-eletmod\/mit-ajanlott-enni-ha-csontod-tort\/\"]}]},{\"@type\":\"ImageObject\",\"inLanguage\":\"hu\",\"@id\":\"https:\/\/www.welovecycling.com\/hu\/edzes-es-eletmod\/mit-ajanlott-enni-ha-csontod-tort\/#primaryimage\",\"url\":\"https:\/\/d2p6e6u75xmxt8.cloudfront.net\/12\/2018\/10\/csontt\u00f6r\u00e9s_welovecycling.jpg\",\"contentUrl\":\"https:\/\/d2p6e6u75xmxt8.cloudfront.net\/12\/2018\/10\/csontt\u00f6r\u00e9s_welovecycling.jpg\",\"width\":1024,\"height\":450},{\"@type\":\"BreadcrumbList\",\"@id\":\"https:\/\/www.welovecycling.com\/hu\/edzes-es-eletmod\/mit-ajanlott-enni-ha-csontod-tort\/#breadcrumb\",\"itemListElement\":[{\"@type\":\"ListItem\",\"position\":1,\"name\":\"Home\",\"item\":\"https:\/\/www.welovecycling.com\/hu\/\"},{\"@type\":\"ListItem\",\"position\":2,\"name\":\"Mit aj\u00e1nlott enni, ha csontod t\u00f6rt?\"}]},{\"@type\":\"WebSite\",\"@id\":\"https:\/\/www.welovecycling.com\/hu\/#website\",\"url\":\"https:\/\/www.welovecycling.com\/hu\/\",\"name\":\"\u0160koda We Love Cycling - Magyarorsz\u00e1g\",\"description\":\"\u0160koda WeLoveCycling\",\"potentialAction\":[{\"@type\":\"SearchAction\",\"target\":{\"@type\":\"EntryPoint\",\"urlTemplate\":\"https:\/\/www.welovecycling.com\/hu\/?s={search_term_string}\"},\"query-input\":{\"@type\":\"PropertyValueSpecification\",\"valueRequired\":true,\"valueName\":\"search_term_string\"}}],\"inLanguage\":\"hu\"},{\"@type\":\"Person\",\"@id\":\"https:\/\/www.welovecycling.com\/hu\/#\/schema\/person\/414a2aebf1801691a5320edb6468e194\",\"name\":\"hegyizs\",\"image\":{\"@type\":\"ImageObject\",\"inLanguage\":\"hu\",\"@id\":\"https:\/\/www.welovecycling.com\/hu\/#\/schema\/person\/image\/\",\"url\":\"https:\/\/secure.gravatar.com\/avatar\/02cf8a7906b8cf90cecb4679defac7cfd33a1c2e3b88e4903d947f3bb58eedd3?s=96&d=mm&r=g\",\"contentUrl\":\"https:\/\/secure.gravatar.com\/avatar\/02cf8a7906b8cf90cecb4679defac7cfd33a1c2e3b88e4903d947f3bb58eedd3?s=96&d=mm&r=g\",\"caption\":\"hegyizs\"},\"url\":\"https:\/\/www.welovecycling.com\/hu\/author\/hegyizs\/\"}]}<\/script>\n<!-- \/ Yoast SEO Premium plugin. -->","yoast_head_json":{"title":"Mit aj\u00e1nlott enni, ha csontod t\u00f6rt? - \u0160koda We Love Cycling - Magyarorsz\u00e1g","description":"A megfelel\u0151 \u00e9lelmiszerek seg\u00edthetnek csontjaid eg\u00e9szs\u00e9gesebb\u00e9 t\u00e9tel\u00e9ben. L\u00e1ssuk, melyik \u00e9tel min\u0151s\u00fcl a legjobb v\u00e1laszt\u00e1snak.","robots":{"index":"index","follow":"follow","max-snippet":"max-snippet:-1","max-image-preview":"max-image-preview:large","max-video-preview":"max-video-preview:-1"},"canonical":"https:\/\/www.welovecycling.com\/hu\/edzes-es-eletmod\/mit-ajanlott-enni-ha-csontod-tort\/","og_locale":"hu_HU","og_type":"article","og_title":"Mit aj\u00e1nlott enni, ha csontod t\u00f6rt?","og_description":"A megfelel\u0151 \u00e9lelmiszerek seg\u00edthetnek csontjaid eg\u00e9szs\u00e9gesebb\u00e9 t\u00e9tel\u00e9ben. L\u00e1ssuk, melyik \u00e9tel min\u0151s\u00fcl a legjobb v\u00e1laszt\u00e1snak.","og_url":"https:\/\/www.welovecycling.com\/hu\/edzes-es-eletmod\/mit-ajanlott-enni-ha-csontod-tort\/","og_site_name":"\u0160koda We Love Cycling - Magyarorsz\u00e1g","article_publisher":"https:\/\/www.facebook.com\/WeLoveCyclingHungary\/","article_published_time":"2018-11-05T10:00:31+00:00","og_image":[{"width":1024,"height":450,"url":"https:\/\/d2p6e6u75xmxt8.cloudfront.net\/12\/2018\/10\/csontt\u00f6r\u00e9s_welovecycling.jpg","type":"image\/jpeg"}],"author":"hegyizs","twitter_card":"summary_large_image","twitter_misc":{"Written by":"hegyizs","Est. reading time":"3 minutes"},"schema":{"@context":"https:\/\/schema.org","@graph":[{"@type":"WebPage","@id":"https:\/\/www.welovecycling.com\/hu\/edzes-es-eletmod\/mit-ajanlott-enni-ha-csontod-tort\/","url":"https:\/\/www.welovecycling.com\/hu\/edzes-es-eletmod\/mit-ajanlott-enni-ha-csontod-tort\/","name":"Mit aj\u00e1nlott enni, ha csontod t\u00f6rt? - \u0160koda We Love Cycling - Magyarorsz\u00e1g","isPartOf":{"@id":"https:\/\/www.welovecycling.com\/hu\/#website"},"primaryImageOfPage":{"@id":"https:\/\/www.welovecycling.com\/hu\/edzes-es-eletmod\/mit-ajanlott-enni-ha-csontod-tort\/#primaryimage"},"image":{"@id":"https:\/\/www.welovecycling.com\/hu\/edzes-es-eletmod\/mit-ajanlott-enni-ha-csontod-tort\/#primaryimage"},"thumbnailUrl":"https:\/\/d2p6e6u75xmxt8.cloudfront.net\/12\/2018\/10\/csontt\u00f6r\u00e9s_welovecycling.jpg","datePublished":"2018-11-05T10:00:31+00:00","author":{"@id":"https:\/\/www.welovecycling.com\/hu\/#\/schema\/person\/414a2aebf1801691a5320edb6468e194"},"description":"A megfelel\u0151 \u00e9lelmiszerek seg\u00edthetnek csontjaid eg\u00e9szs\u00e9gesebb\u00e9 t\u00e9tel\u00e9ben. L\u00e1ssuk, melyik \u00e9tel min\u0151s\u00fcl a legjobb v\u00e1laszt\u00e1snak.","breadcrumb":{"@id":"https:\/\/www.welovecycling.com\/hu\/edzes-es-eletmod\/mit-ajanlott-enni-ha-csontod-tort\/#breadcrumb"},"inLanguage":"hu","potentialAction":[{"@type":"ReadAction","target":["https:\/\/www.welovecycling.com\/hu\/edzes-es-eletmod\/mit-ajanlott-enni-ha-csontod-tort\/"]}]},{"@type":"ImageObject","inLanguage":"hu","@id":"https:\/\/www.welovecycling.com\/hu\/edzes-es-eletmod\/mit-ajanlott-enni-ha-csontod-tort\/#primaryimage","url":"https:\/\/d2p6e6u75xmxt8.cloudfront.net\/12\/2018\/10\/csontt\u00f6r\u00e9s_welovecycling.jpg","contentUrl":"https:\/\/d2p6e6u75xmxt8.cloudfront.net\/12\/2018\/10\/csontt\u00f6r\u00e9s_welovecycling.jpg","width":1024,"height":450},{"@type":"BreadcrumbList","@id":"https:\/\/www.welovecycling.com\/hu\/edzes-es-eletmod\/mit-ajanlott-enni-ha-csontod-tort\/#breadcrumb","itemListElement":[{"@type":"ListItem","position":1,"name":"Home","item":"https:\/\/www.welovecycling.com\/hu\/"},{"@type":"ListItem","position":2,"name":"Mit aj\u00e1nlott enni, ha csontod t\u00f6rt?"}]},{"@type":"WebSite","@id":"https:\/\/www.welovecycling.com\/hu\/#website","url":"https:\/\/www.welovecycling.com\/hu\/","name":"\u0160koda We Love Cycling - Magyarorsz\u00e1g","description":"\u0160koda WeLoveCycling","potentialAction":[{"@type":"SearchAction","target":{"@type":"EntryPoint","urlTemplate":"https:\/\/www.welovecycling.com\/hu\/?s={search_term_string}"},"query-input":{"@type":"PropertyValueSpecification","valueRequired":true,"valueName":"search_term_string"}}],"inLanguage":"hu"},{"@type":"Person","@id":"https:\/\/www.welovecycling.com\/hu\/#\/schema\/person\/414a2aebf1801691a5320edb6468e194","name":"hegyizs","image":{"@type":"ImageObject","inLanguage":"hu","@id":"https:\/\/www.welovecycling.com\/hu\/#\/schema\/person\/image\/","url":"https:\/\/secure.gravatar.com\/avatar\/02cf8a7906b8cf90cecb4679defac7cfd33a1c2e3b88e4903d947f3bb58eedd3?s=96&d=mm&r=g","contentUrl":"https:\/\/secure.gravatar.com\/avatar\/02cf8a7906b8cf90cecb4679defac7cfd33a1c2e3b88e4903d947f3bb58eedd3?s=96&d=mm&r=g","caption":"hegyizs"},"url":"https:\/\/www.welovecycling.com\/hu\/author\/hegyizs\/"}]}},"_links":{"self":[{"href":"https:\/\/www.welovecycling.com\/hu\/wp-json\/wp\/v2\/posts\/2037","targetHints":{"allow":["GET"]}}],"collection":[{"href":"https:\/\/www.welovecycling.com\/hu\/wp-json\/wp\/v2\/posts"}],"about":[{"href":"https:\/\/www.welovecycling.com\/hu\/wp-json\/wp\/v2\/types\/post"}],"author":[{"embeddable":true,"href":"https:\/\/www.welovecycling.com\/hu\/wp-json\/wp\/v2\/users\/71"}],"replies":[{"embeddable":true,"href":"https:\/\/www.welovecycling.com\/hu\/wp-json\/wp\/v2\/comments?post=2037"}],"version-history":[{"count":2,"href":"https:\/\/www.welovecycling.com\/hu\/wp-json\/wp\/v2\/posts\/2037\/revisions"}],"predecessor-version":[{"id":2042,"href":"https:\/\/www.welovecycling.com\/hu\/wp-json\/wp\/v2\/posts\/2037\/revisions\/2042"}],"wp:featuredmedia":[{"embeddable":true,"href":"https:\/\/www.welovecycling.com\/hu\/wp-json\/wp\/v2\/media\/2041"}],"wp:attachment":[{"href":"https:\/\/www.welovecycling.com\/hu\/wp-json\/wp\/v2\/media?parent=2037"}],"wp:term":[{"taxonomy":"category","embeddable":true,"href":"https:\/\/www.welovecycling.com\/hu\/wp-json\/wp\/v2\/categories?post=2037"},{"taxonomy":"post_tag","embeddable":true,"href":"https:\/\/www.welovecycling.com\/hu\/wp-json\/wp\/v2\/tags?post=2037"},{"taxonomy":"global-categories","embeddable":true,"href":"https:\/\/www.welovecycling.com\/hu\/wp-json\/wp\/v2\/global-categories?post=2037"}],"curies":[{"name":"wp","href":"https:\/\/api.w.org\/{rel}","templated":true}]}}