{"id":2012,"date":"2018-10-29T08:08:01","date_gmt":"2018-10-29T08:08:01","guid":{"rendered":"https:\/\/www.welovecycling.com\/hu\/?p=2012"},"modified":"2018-10-29T10:21:24","modified_gmt":"2018-10-29T10:21:24","slug":"a-tanarno-pedalokat-szerelt-a-diakok-asztala-ala-hogy-jobban-tudjanak-tanulni","status":"publish","type":"post","link":"https:\/\/www.welovecycling.com\/hu\/edzes-es-eletmod\/a-tanarno-pedalokat-szerelt-a-diakok-asztala-ala-hogy-jobban-tudjanak-tanulni\/","title":{"rendered":"A tan\u00e1rn\u0151 ped\u00e1lokat szerelt a di\u00e1kok asztala al\u00e1, hogy jobban tudjanak tanulni"},"content":{"rendered":"<p><strong>Az iskol\u00e1ban a di\u00e1kok k\u00f6nnyen elvesztik a koncentr\u00e1l\u00f3 k\u00e9pess\u00e9g\u00fcket, err\u0151l pedig legink\u00e1bb a matematikatan\u00e1rok tudnak mes\u00e9lni. Az \u00e9szak-karolinai Raleigh v\u00e1ros Martin K\u00f6z\u00e9piskol\u00e1j\u00e1nak matektan\u00e1ra, Bethany Lambert \u00faj \u00e9s kreat\u00edv megold\u00e1ssal pr\u00f3b\u00e1lja elej\u00e9t venni annak, hogy a tanul\u00f3k m\u00e1ssal foglalkozzanak. A szokatlan k\u00eds\u00e9rlet keret\u00e9ben bicikliped\u00e1lokat szerelt minden gyerek padj\u00e1ra. Lambert szerint ezzel a gyerekek levezethetik a felesleges energi\u00e1t, \u00e9s jobban oda tudnak figyelni a tan\u00f3r\u00e1kra. \u00dagy t\u0171nik, a dolog bev\u00e1lt!<\/strong><\/p>\n<p>\u201eAhogy felszerelt\u00fck, a sr\u00e1cok azonnal megszerett\u00e9k. Sok di\u00e1knak vannak neh\u00e9zs\u00e9gei azzal, hogy \u00f3r\u00e1n koncentr\u00e1lni tudjon. Lehet, hogy k\u00e9s\u0151 van \u00e9s f\u00e1radtak, vagy levertek, mert nem mozogtak aznap, van, akinek meg figyelemzavara van, \u00e9s ez\u00e9rt tud nehezen \u00f6sszpontos\u00edtani. Kor\u00e1bban azt l\u00e1ttuk, hogy az ujjukkal dobolni kezdenek az asztalon, egym\u00e1s piszk\u00e1lj\u00e1k, vagy b\u00e1rmi m\u00e1ssal foglalkoznak &#8211; de ez m\u00e1r elm\u00falt\u201d &#8211; mes\u00e9lte Lambert, aki h\u00e9t \u00e9ve tan\u00edt.<\/p>\n<p><a href=\"https:\/\/d2p6e6u75xmxt8.cloudfront.net\/12\/2018\/10\/Iskola-ker\u00e9kp\u00e1r.jpg\"><img loading=\"lazy\" decoding=\"async\" class=\"alignnone size-full wp-image-2013\" src=\"https:\/\/d2p6e6u75xmxt8.cloudfront.net\/12\/2018\/10\/Iskola-ker\u00e9kp\u00e1r.jpg\" alt=\"iskola ker\u00e9kp\u00e1roz\u00e1s\" width=\"633\" height=\"374\" srcset=\"https:\/\/d2p6e6u75xmxt8.cloudfront.net\/12\/2018\/10\/Iskola-ker\u00e9kp\u00e1r.jpg 633w, https:\/\/d2p6e6u75xmxt8.cloudfront.net\/12\/2018\/10\/Iskola-ker\u00e9kp\u00e1r-300x177.jpg 300w\" sizes=\"auto, (max-width: 633px) 100vw, 633px\" \/><\/a><\/p>\n<p>Mi\u00f3ta a ped\u00e1lokat megkapt\u00e1k, a jegyeik is javultak. \u00dagy t\u0171nik, a dolog bev\u00e1lt. A bicikliz\u00e9s nagyszer\u0171 dolog, a tan\u00e1rn\u0151t pedig a sz\u00fcl\u0151k is seg\u00edtik, mert l\u00e1tj\u00e1k, hogy a gyerekek \u00e9rdekl\u0151d\u0151ek \u00e9s \u00e9lvezik a matek\u00f3r\u00e1kat, ami kor\u00e1bban nem volt jellemz\u0151.<\/p>\n<p><a href=\"https:\/\/d2p6e6u75xmxt8.cloudfront.net\/12\/2018\/10\/ker\u00e9kp\u00e1roz\u00e1s-seg\u00edt-a-koncentr\u00e1ci\u00f3ban.jpg\"><img loading=\"lazy\" decoding=\"async\" class=\"alignnone size-full wp-image-2014\" src=\"https:\/\/d2p6e6u75xmxt8.cloudfront.net\/12\/2018\/10\/ker\u00e9kp\u00e1roz\u00e1s-seg\u00edt-a-koncentr\u00e1ci\u00f3ban.jpg\" alt=\"koncentr\u00e1ci\u00f3 ker\u00e9kp\u00e1roz\u00e1s\" width=\"626\" height=\"368\" srcset=\"https:\/\/d2p6e6u75xmxt8.cloudfront.net\/12\/2018\/10\/ker\u00e9kp\u00e1roz\u00e1s-seg\u00edt-a-koncentr\u00e1ci\u00f3ban.jpg 626w, https:\/\/d2p6e6u75xmxt8.cloudfront.net\/12\/2018\/10\/ker\u00e9kp\u00e1roz\u00e1s-seg\u00edt-a-koncentr\u00e1ci\u00f3ban-300x176.jpg 300w\" sizes=\"auto, (max-width: 626px) 100vw, 626px\" \/><\/a><\/p>\n<p><em>Bethany Lambert, a Martin K\u00f6z\u00e9piskola matematikatan\u00e1ra \u00e9szak-karolinai Raleigh-ban.<\/em><\/p>\n<p>\u201eEl\u0151sz\u00f6r mindenki azt k\u00e9rdezi, nem vonja-e el a gyerekek figyelm\u00e9t, pedig a hat\u00e1s pont ezzel ellent\u00e9tes. A di\u00e1kok most m\u00e1r nem egym\u00e1s piszk\u00e1lj\u00e1k, matatnak, s\u00e9t\u00e1lnak \u00e9s n\u00e9zegetnek &#8211; az energi\u00e1t levezett\u00e9k a biciklin, \u00edgy elv\u00e9gzik a feladatokat. A vil\u00e1g is v\u00e1ltozik, a gyerekeknek extra stimul\u00e1l\u00e1sra van sz\u00fcks\u00e9g\u00fck. Biztos, hogy m\u00e9g nagyon sok\u00e1ig szeretn\u00e9m ezt az eszk\u00f6zt az oszt\u00e1lytermemben tudni!\u201d &#8211; tette hozz\u00e1 Lambert a brit Daily Mail interj\u00faj\u00e1ban.<\/p>\n<p><a href=\"https:\/\/d2p6e6u75xmxt8.cloudfront.net\/12\/2018\/10\/szobabicikli-az-iskol\u00e1ban.jpg\"><img loading=\"lazy\" decoding=\"async\" class=\"alignnone wp-image-2015 size-full\" src=\"https:\/\/d2p6e6u75xmxt8.cloudfront.net\/12\/2018\/10\/szobabicikli-az-iskol\u00e1ban.jpg\" alt=\"di\u00e1kok ker\u00e9kp\u00e1roz\u00e1s\" width=\"627\" height=\"363\" srcset=\"https:\/\/d2p6e6u75xmxt8.cloudfront.net\/12\/2018\/10\/szobabicikli-az-iskol\u00e1ban.jpg 627w, https:\/\/d2p6e6u75xmxt8.cloudfront.net\/12\/2018\/10\/szobabicikli-az-iskol\u00e1ban-300x174.jpg 300w\" sizes=\"auto, (max-width: 627px) 100vw, 627px\" \/><\/a><\/p>\n<p>Egyetlen javaslatunk volna csak a ped\u00e1lok tov\u00e1bbfejleszt\u00e9s\u00e9re: teker\u00e9skor ak\u00e1r \u00e1ramot is termelhetn\u00e9nek vel\u00fck!<\/p>\n","protected":false},"excerpt":{"rendered":"<p>Az iskol\u00e1ban a di\u00e1kok k\u00f6nnyen elvesztik a koncentr\u00e1l\u00f3 k\u00e9pess\u00e9g\u00fcket, err\u0151l pedig legink\u00e1bb a matematikatan\u00e1rok tudnak mes\u00e9lni. Az \u00e9szak-karolinai Raleigh v\u00e1ros [&hellip;]<\/p>\n","protected":false},"author":71,"featured_media":2017,"comment_status":"open","ping_status":"open","sticky":false,"template":"","format":"standard","meta":{"footnotes":""},"categories":[6],"tags":[18,233,22,232],"global-categories":[],"class_list":["post-2012","post","type-post","status-publish","format-standard","has-post-thumbnail","hentry","category-edzes-es-eletmod","tag-biciklizes","tag-iskola","tag-kerekparozas","tag-matematika"],"yoast_head":"<!-- This site is optimized with the Yoast SEO Premium plugin v25.3 (Yoast SEO v25.9) - https:\/\/yoast.com\/wordpress\/plugins\/seo\/ -->\n<title>A tan\u00e1rn\u0151 ped\u00e1lokat szerelt a di\u00e1kok asztala al\u00e1, hogy jobban tudjanak tanulni - \u0160koda We Love Cycling - Magyarorsz\u00e1g<\/title>\n<meta name=\"description\" content=\"Az iskol\u00e1ban a di\u00e1kok k\u00f6nnyen elvesztik a koncentr\u00e1l\u00f3 k\u00e9pess\u00e9g\u00fcket, err\u0151l pedig legink\u00e1bb a matematikatan\u00e1rok tudnak mes\u00e9lni.\" \/>\n<meta name=\"robots\" content=\"index, follow, max-snippet:-1, max-image-preview:large, max-video-preview:-1\" \/>\n<link rel=\"canonical\" href=\"https:\/\/www.welovecycling.com\/hu\/edzes-es-eletmod\/a-tanarno-pedalokat-szerelt-a-diakok-asztala-ala-hogy-jobban-tudjanak-tanulni\/\" \/>\n<meta property=\"og:locale\" content=\"hu_HU\" \/>\n<meta property=\"og:type\" content=\"article\" \/>\n<meta property=\"og:title\" content=\"A tan\u00e1rn\u0151 ped\u00e1lokat szerelt a di\u00e1kok asztala al\u00e1, hogy jobban tudjanak tanulni\" \/>\n<meta property=\"og:description\" content=\"Az iskol\u00e1ban a di\u00e1kok k\u00f6nnyen elvesztik a koncentr\u00e1l\u00f3 k\u00e9pess\u00e9g\u00fcket, err\u0151l pedig legink\u00e1bb a matematikatan\u00e1rok tudnak mes\u00e9lni.\" \/>\n<meta property=\"og:url\" content=\"https:\/\/www.welovecycling.com\/hu\/edzes-es-eletmod\/a-tanarno-pedalokat-szerelt-a-diakok-asztala-ala-hogy-jobban-tudjanak-tanulni\/\" \/>\n<meta property=\"og:site_name\" content=\"\u0160koda We Love Cycling - Magyarorsz\u00e1g\" \/>\n<meta property=\"article:publisher\" content=\"https:\/\/www.facebook.com\/WeLoveCyclingHungary\/\" \/>\n<meta property=\"article:published_time\" content=\"2018-10-29T08:08:01+00:00\" \/>\n<meta property=\"article:modified_time\" content=\"2018-10-29T10:21:24+00:00\" \/>\n<meta property=\"og:image\" content=\"https:\/\/d2p6e6u75xmxt8.cloudfront.net\/12\/2018\/10\/koncetr\u00e1ci\u00f3s-k\u00e9pess\u00e9g.jpg\" \/>\n\t<meta property=\"og:image:width\" content=\"1375\" \/>\n\t<meta property=\"og:image:height\" content=\"600\" \/>\n\t<meta property=\"og:image:type\" content=\"image\/jpeg\" \/>\n<meta name=\"author\" content=\"hegyizs\" \/>\n<meta name=\"twitter:card\" content=\"summary_large_image\" \/>\n<meta name=\"twitter:label1\" content=\"Written by\" \/>\n\t<meta name=\"twitter:data1\" content=\"hegyizs\" \/>\n\t<meta name=\"twitter:label2\" content=\"Est. reading time\" \/>\n\t<meta name=\"twitter:data2\" content=\"2 minutes\" \/>\n<script type=\"application\/ld+json\" class=\"yoast-schema-graph\">{\"@context\":\"https:\/\/schema.org\",\"@graph\":[{\"@type\":\"WebPage\",\"@id\":\"https:\/\/www.welovecycling.com\/hu\/edzes-es-eletmod\/a-tanarno-pedalokat-szerelt-a-diakok-asztala-ala-hogy-jobban-tudjanak-tanulni\/\",\"url\":\"https:\/\/www.welovecycling.com\/hu\/edzes-es-eletmod\/a-tanarno-pedalokat-szerelt-a-diakok-asztala-ala-hogy-jobban-tudjanak-tanulni\/\",\"name\":\"A tan\u00e1rn\u0151 ped\u00e1lokat szerelt a di\u00e1kok asztala al\u00e1, hogy jobban tudjanak tanulni - \u0160koda We Love Cycling - Magyarorsz\u00e1g\",\"isPartOf\":{\"@id\":\"https:\/\/www.welovecycling.com\/hu\/#website\"},\"primaryImageOfPage\":{\"@id\":\"https:\/\/www.welovecycling.com\/hu\/edzes-es-eletmod\/a-tanarno-pedalokat-szerelt-a-diakok-asztala-ala-hogy-jobban-tudjanak-tanulni\/#primaryimage\"},\"image\":{\"@id\":\"https:\/\/www.welovecycling.com\/hu\/edzes-es-eletmod\/a-tanarno-pedalokat-szerelt-a-diakok-asztala-ala-hogy-jobban-tudjanak-tanulni\/#primaryimage\"},\"thumbnailUrl\":\"https:\/\/d2p6e6u75xmxt8.cloudfront.net\/12\/2018\/10\/koncetr\u00e1ci\u00f3s-k\u00e9pess\u00e9g.jpg\",\"datePublished\":\"2018-10-29T08:08:01+00:00\",\"dateModified\":\"2018-10-29T10:21:24+00:00\",\"author\":{\"@id\":\"https:\/\/www.welovecycling.com\/hu\/#\/schema\/person\/414a2aebf1801691a5320edb6468e194\"},\"description\":\"Az iskol\u00e1ban a di\u00e1kok k\u00f6nnyen elvesztik a koncentr\u00e1l\u00f3 k\u00e9pess\u00e9g\u00fcket, err\u0151l pedig legink\u00e1bb a matematikatan\u00e1rok tudnak mes\u00e9lni.\",\"breadcrumb\":{\"@id\":\"https:\/\/www.welovecycling.com\/hu\/edzes-es-eletmod\/a-tanarno-pedalokat-szerelt-a-diakok-asztala-ala-hogy-jobban-tudjanak-tanulni\/#breadcrumb\"},\"inLanguage\":\"hu\",\"potentialAction\":[{\"@type\":\"ReadAction\",\"target\":[\"https:\/\/www.welovecycling.com\/hu\/edzes-es-eletmod\/a-tanarno-pedalokat-szerelt-a-diakok-asztala-ala-hogy-jobban-tudjanak-tanulni\/\"]}]},{\"@type\":\"ImageObject\",\"inLanguage\":\"hu\",\"@id\":\"https:\/\/www.welovecycling.com\/hu\/edzes-es-eletmod\/a-tanarno-pedalokat-szerelt-a-diakok-asztala-ala-hogy-jobban-tudjanak-tanulni\/#primaryimage\",\"url\":\"https:\/\/d2p6e6u75xmxt8.cloudfront.net\/12\/2018\/10\/koncetr\u00e1ci\u00f3s-k\u00e9pess\u00e9g.jpg\",\"contentUrl\":\"https:\/\/d2p6e6u75xmxt8.cloudfront.net\/12\/2018\/10\/koncetr\u00e1ci\u00f3s-k\u00e9pess\u00e9g.jpg\",\"width\":1375,\"height\":600},{\"@type\":\"BreadcrumbList\",\"@id\":\"https:\/\/www.welovecycling.com\/hu\/edzes-es-eletmod\/a-tanarno-pedalokat-szerelt-a-diakok-asztala-ala-hogy-jobban-tudjanak-tanulni\/#breadcrumb\",\"itemListElement\":[{\"@type\":\"ListItem\",\"position\":1,\"name\":\"Home\",\"item\":\"https:\/\/www.welovecycling.com\/hu\/\"},{\"@type\":\"ListItem\",\"position\":2,\"name\":\"A tan\u00e1rn\u0151 ped\u00e1lokat szerelt a di\u00e1kok asztala al\u00e1, hogy jobban tudjanak tanulni\"}]},{\"@type\":\"WebSite\",\"@id\":\"https:\/\/www.welovecycling.com\/hu\/#website\",\"url\":\"https:\/\/www.welovecycling.com\/hu\/\",\"name\":\"\u0160koda We Love Cycling - Magyarorsz\u00e1g\",\"description\":\"\u0160koda WeLoveCycling\",\"potentialAction\":[{\"@type\":\"SearchAction\",\"target\":{\"@type\":\"EntryPoint\",\"urlTemplate\":\"https:\/\/www.welovecycling.com\/hu\/?s={search_term_string}\"},\"query-input\":{\"@type\":\"PropertyValueSpecification\",\"valueRequired\":true,\"valueName\":\"search_term_string\"}}],\"inLanguage\":\"hu\"},{\"@type\":\"Person\",\"@id\":\"https:\/\/www.welovecycling.com\/hu\/#\/schema\/person\/414a2aebf1801691a5320edb6468e194\",\"name\":\"hegyizs\",\"image\":{\"@type\":\"ImageObject\",\"inLanguage\":\"hu\",\"@id\":\"https:\/\/www.welovecycling.com\/hu\/#\/schema\/person\/image\/\",\"url\":\"https:\/\/secure.gravatar.com\/avatar\/02cf8a7906b8cf90cecb4679defac7cfd33a1c2e3b88e4903d947f3bb58eedd3?s=96&d=mm&r=g\",\"contentUrl\":\"https:\/\/secure.gravatar.com\/avatar\/02cf8a7906b8cf90cecb4679defac7cfd33a1c2e3b88e4903d947f3bb58eedd3?s=96&d=mm&r=g\",\"caption\":\"hegyizs\"},\"url\":\"https:\/\/www.welovecycling.com\/hu\/author\/hegyizs\/\"}]}<\/script>\n<!-- \/ Yoast SEO Premium plugin. -->","yoast_head_json":{"title":"A tan\u00e1rn\u0151 ped\u00e1lokat szerelt a di\u00e1kok asztala al\u00e1, hogy jobban tudjanak tanulni - \u0160koda We Love Cycling - Magyarorsz\u00e1g","description":"Az iskol\u00e1ban a di\u00e1kok k\u00f6nnyen elvesztik a koncentr\u00e1l\u00f3 k\u00e9pess\u00e9g\u00fcket, err\u0151l pedig legink\u00e1bb a matematikatan\u00e1rok tudnak mes\u00e9lni.","robots":{"index":"index","follow":"follow","max-snippet":"max-snippet:-1","max-image-preview":"max-image-preview:large","max-video-preview":"max-video-preview:-1"},"canonical":"https:\/\/www.welovecycling.com\/hu\/edzes-es-eletmod\/a-tanarno-pedalokat-szerelt-a-diakok-asztala-ala-hogy-jobban-tudjanak-tanulni\/","og_locale":"hu_HU","og_type":"article","og_title":"A tan\u00e1rn\u0151 ped\u00e1lokat szerelt a di\u00e1kok asztala al\u00e1, hogy jobban tudjanak tanulni","og_description":"Az iskol\u00e1ban a di\u00e1kok k\u00f6nnyen elvesztik a koncentr\u00e1l\u00f3 k\u00e9pess\u00e9g\u00fcket, err\u0151l pedig legink\u00e1bb a matematikatan\u00e1rok tudnak mes\u00e9lni.","og_url":"https:\/\/www.welovecycling.com\/hu\/edzes-es-eletmod\/a-tanarno-pedalokat-szerelt-a-diakok-asztala-ala-hogy-jobban-tudjanak-tanulni\/","og_site_name":"\u0160koda We Love Cycling - Magyarorsz\u00e1g","article_publisher":"https:\/\/www.facebook.com\/WeLoveCyclingHungary\/","article_published_time":"2018-10-29T08:08:01+00:00","article_modified_time":"2018-10-29T10:21:24+00:00","og_image":[{"width":1375,"height":600,"url":"https:\/\/d2p6e6u75xmxt8.cloudfront.net\/12\/2018\/10\/koncetr\u00e1ci\u00f3s-k\u00e9pess\u00e9g.jpg","type":"image\/jpeg"}],"author":"hegyizs","twitter_card":"summary_large_image","twitter_misc":{"Written by":"hegyizs","Est. reading time":"2 minutes"},"schema":{"@context":"https:\/\/schema.org","@graph":[{"@type":"WebPage","@id":"https:\/\/www.welovecycling.com\/hu\/edzes-es-eletmod\/a-tanarno-pedalokat-szerelt-a-diakok-asztala-ala-hogy-jobban-tudjanak-tanulni\/","url":"https:\/\/www.welovecycling.com\/hu\/edzes-es-eletmod\/a-tanarno-pedalokat-szerelt-a-diakok-asztala-ala-hogy-jobban-tudjanak-tanulni\/","name":"A tan\u00e1rn\u0151 ped\u00e1lokat szerelt a di\u00e1kok asztala al\u00e1, hogy jobban tudjanak tanulni - \u0160koda We Love Cycling - Magyarorsz\u00e1g","isPartOf":{"@id":"https:\/\/www.welovecycling.com\/hu\/#website"},"primaryImageOfPage":{"@id":"https:\/\/www.welovecycling.com\/hu\/edzes-es-eletmod\/a-tanarno-pedalokat-szerelt-a-diakok-asztala-ala-hogy-jobban-tudjanak-tanulni\/#primaryimage"},"image":{"@id":"https:\/\/www.welovecycling.com\/hu\/edzes-es-eletmod\/a-tanarno-pedalokat-szerelt-a-diakok-asztala-ala-hogy-jobban-tudjanak-tanulni\/#primaryimage"},"thumbnailUrl":"https:\/\/d2p6e6u75xmxt8.cloudfront.net\/12\/2018\/10\/koncetr\u00e1ci\u00f3s-k\u00e9pess\u00e9g.jpg","datePublished":"2018-10-29T08:08:01+00:00","dateModified":"2018-10-29T10:21:24+00:00","author":{"@id":"https:\/\/www.welovecycling.com\/hu\/#\/schema\/person\/414a2aebf1801691a5320edb6468e194"},"description":"Az iskol\u00e1ban a di\u00e1kok k\u00f6nnyen elvesztik a koncentr\u00e1l\u00f3 k\u00e9pess\u00e9g\u00fcket, err\u0151l pedig legink\u00e1bb a matematikatan\u00e1rok tudnak mes\u00e9lni.","breadcrumb":{"@id":"https:\/\/www.welovecycling.com\/hu\/edzes-es-eletmod\/a-tanarno-pedalokat-szerelt-a-diakok-asztala-ala-hogy-jobban-tudjanak-tanulni\/#breadcrumb"},"inLanguage":"hu","potentialAction":[{"@type":"ReadAction","target":["https:\/\/www.welovecycling.com\/hu\/edzes-es-eletmod\/a-tanarno-pedalokat-szerelt-a-diakok-asztala-ala-hogy-jobban-tudjanak-tanulni\/"]}]},{"@type":"ImageObject","inLanguage":"hu","@id":"https:\/\/www.welovecycling.com\/hu\/edzes-es-eletmod\/a-tanarno-pedalokat-szerelt-a-diakok-asztala-ala-hogy-jobban-tudjanak-tanulni\/#primaryimage","url":"https:\/\/d2p6e6u75xmxt8.cloudfront.net\/12\/2018\/10\/koncetr\u00e1ci\u00f3s-k\u00e9pess\u00e9g.jpg","contentUrl":"https:\/\/d2p6e6u75xmxt8.cloudfront.net\/12\/2018\/10\/koncetr\u00e1ci\u00f3s-k\u00e9pess\u00e9g.jpg","width":1375,"height":600},{"@type":"BreadcrumbList","@id":"https:\/\/www.welovecycling.com\/hu\/edzes-es-eletmod\/a-tanarno-pedalokat-szerelt-a-diakok-asztala-ala-hogy-jobban-tudjanak-tanulni\/#breadcrumb","itemListElement":[{"@type":"ListItem","position":1,"name":"Home","item":"https:\/\/www.welovecycling.com\/hu\/"},{"@type":"ListItem","position":2,"name":"A tan\u00e1rn\u0151 ped\u00e1lokat szerelt a di\u00e1kok asztala al\u00e1, hogy jobban tudjanak tanulni"}]},{"@type":"WebSite","@id":"https:\/\/www.welovecycling.com\/hu\/#website","url":"https:\/\/www.welovecycling.com\/hu\/","name":"\u0160koda We Love Cycling - Magyarorsz\u00e1g","description":"\u0160koda WeLoveCycling","potentialAction":[{"@type":"SearchAction","target":{"@type":"EntryPoint","urlTemplate":"https:\/\/www.welovecycling.com\/hu\/?s={search_term_string}"},"query-input":{"@type":"PropertyValueSpecification","valueRequired":true,"valueName":"search_term_string"}}],"inLanguage":"hu"},{"@type":"Person","@id":"https:\/\/www.welovecycling.com\/hu\/#\/schema\/person\/414a2aebf1801691a5320edb6468e194","name":"hegyizs","image":{"@type":"ImageObject","inLanguage":"hu","@id":"https:\/\/www.welovecycling.com\/hu\/#\/schema\/person\/image\/","url":"https:\/\/secure.gravatar.com\/avatar\/02cf8a7906b8cf90cecb4679defac7cfd33a1c2e3b88e4903d947f3bb58eedd3?s=96&d=mm&r=g","contentUrl":"https:\/\/secure.gravatar.com\/avatar\/02cf8a7906b8cf90cecb4679defac7cfd33a1c2e3b88e4903d947f3bb58eedd3?s=96&d=mm&r=g","caption":"hegyizs"},"url":"https:\/\/www.welovecycling.com\/hu\/author\/hegyizs\/"}]}},"_links":{"self":[{"href":"https:\/\/www.welovecycling.com\/hu\/wp-json\/wp\/v2\/posts\/2012","targetHints":{"allow":["GET"]}}],"collection":[{"href":"https:\/\/www.welovecycling.com\/hu\/wp-json\/wp\/v2\/posts"}],"about":[{"href":"https:\/\/www.welovecycling.com\/hu\/wp-json\/wp\/v2\/types\/post"}],"author":[{"embeddable":true,"href":"https:\/\/www.welovecycling.com\/hu\/wp-json\/wp\/v2\/users\/71"}],"replies":[{"embeddable":true,"href":"https:\/\/www.welovecycling.com\/hu\/wp-json\/wp\/v2\/comments?post=2012"}],"version-history":[{"count":2,"href":"https:\/\/www.welovecycling.com\/hu\/wp-json\/wp\/v2\/posts\/2012\/revisions"}],"predecessor-version":[{"id":2018,"href":"https:\/\/www.welovecycling.com\/hu\/wp-json\/wp\/v2\/posts\/2012\/revisions\/2018"}],"wp:featuredmedia":[{"embeddable":true,"href":"https:\/\/www.welovecycling.com\/hu\/wp-json\/wp\/v2\/media\/2017"}],"wp:attachment":[{"href":"https:\/\/www.welovecycling.com\/hu\/wp-json\/wp\/v2\/media?parent=2012"}],"wp:term":[{"taxonomy":"category","embeddable":true,"href":"https:\/\/www.welovecycling.com\/hu\/wp-json\/wp\/v2\/categories?post=2012"},{"taxonomy":"post_tag","embeddable":true,"href":"https:\/\/www.welovecycling.com\/hu\/wp-json\/wp\/v2\/tags?post=2012"},{"taxonomy":"global-categories","embeddable":true,"href":"https:\/\/www.welovecycling.com\/hu\/wp-json\/wp\/v2\/global-categories?post=2012"}],"curies":[{"name":"wp","href":"https:\/\/api.w.org\/{rel}","templated":true}]}}