{"id":1990,"date":"2018-10-21T15:45:46","date_gmt":"2018-10-21T15:45:46","guid":{"rendered":"https:\/\/www.welovecycling.com\/hu\/?p=1990"},"modified":"2018-10-19T07:30:20","modified_gmt":"2018-10-19T07:30:20","slug":"5-hasznos-biciklis-kutyu-amit-imadni-fogsz","status":"publish","type":"post","link":"https:\/\/www.welovecycling.com\/hu\/varosi-kerekparozas\/5-hasznos-biciklis-kutyu-amit-imadni-fogsz\/","title":{"rendered":"5 hasznos biciklis k\u00fcty\u00fc, amit im\u00e1dni fogsz"},"content":{"rendered":"<p>01 <a href=\"https:\/\/www.amazon.com\/Blaze-Laserlight-Bicycle-Front-Light\/dp\/B01ALIO8I0\/ref=as_li_ss_tl?linkCode=sl1&amp;slotNum=1&amp;linkId=4b2f34d07dc186cf0ed6cf43d5f22047&amp;imprToken=ZrUq8Q1Wqkaqqcf2uQAHPA&amp;tag=travgadg-20&amp;ie=UTF8\">Blaze Laserlight<\/a><\/p>\n<p>S\u00f6t\u00e9ted\u00e9s ut\u00e1n biciklizni m\u00e9g a v\u00e1rosban is rizik\u00f3sabb, a Blaze Laserlight azonban egy hasznos kis k\u00fcty\u00fc, amivel felh\u00edvhatod magadra a figyelmet. Az eszk\u00f6z gyakorlatilag egy z\u00f6ld ledl\u00e1mpa, ami 300 lumen f\u00e9nyer\u0151ss\u00e9ggel vet\u00edt egy ker\u00e9kp\u00e1r szimb\u00f3lumot az \u00fatra, hogy a gyalogosok \u00e9s\/vagy az aut\u00f3sok m\u00e9g id\u0151ben \u00e9szrevegy\u00e9k, hogy \u00e9rkezel.<\/p>\n<p><a href=\"https:\/\/d2p6e6u75xmxt8.cloudfront.net\/12\/2018\/10\/bike-laser-lights.jpg\"><img loading=\"lazy\" decoding=\"async\" class=\"alignnone size-full wp-image-1991\" src=\"https:\/\/d2p6e6u75xmxt8.cloudfront.net\/12\/2018\/10\/bike-laser-lights.jpg\" alt=\"\" width=\"1000\" height=\"667\" srcset=\"https:\/\/d2p6e6u75xmxt8.cloudfront.net\/12\/2018\/10\/bike-laser-lights.jpg 1000w, https:\/\/d2p6e6u75xmxt8.cloudfront.net\/12\/2018\/10\/bike-laser-lights-300x200.jpg 300w, https:\/\/d2p6e6u75xmxt8.cloudfront.net\/12\/2018\/10\/bike-laser-lights-768x512.jpg 768w, https:\/\/d2p6e6u75xmxt8.cloudfront.net\/12\/2018\/10\/bike-laser-lights-272x182.jpg 272w\" sizes=\"auto, (max-width: 1000px) 100vw, 1000px\" \/><\/a><\/p>\n<p>02 <a href=\"https:\/\/www.etsy.com\/listing\/234359270\/slim-bicycle-briefcase-shoulder-bag-bike?zanpid=10690_1538571378_5c4043ed950c829cb6ceafb5f96eb3a7&amp;utm_medium=affiliate&amp;utm_source=affiliate_window&amp;utm_campaign=row_buyer&amp;utm_content=348245&amp;awc=10690_1538571378_5c4043ed950c829cb6ceafb5f96eb3a7\">Handmade b\u0151r biciklis t\u00e1ska<\/a><\/p>\n<p>Az igaz\u00e1n HC biciklim\u00e1ni\u00e1sok ak\u00e1r egy \u00fczleti t\u00e1rgyal\u00e1sra is k\u00e9pesek k\u00e9t ker\u00e9ken \u00e9rkezni. Neh\u00e9z azonban megoldani, hogy egy-egy form\u00e1lis tal\u00e1lkoz\u00f3ra hogyan leg\u00f3zza \u00f6ssze az ember a sz\u00fcks\u00e9ges dolgokat, r\u00e1ad\u00e1sul, am\u00edg egy \u00f6lt\u00f6ny kimondottan st\u00edlusos ker\u00e9kp\u00e1rral p\u00e1ros\u00edtva, a megszokott \u00fct\u00f6tt-kopott h\u00e1tizs\u00e1kod m\u00e1r nem biztos, hogy ennyire j\u00f3 v\u00e1laszt\u00e1s. A Blacktreeshop k\u00e9sz\u00edtett egy olyan b\u0151rt\u00e1sk\u00e1t, amiben nem csak minden sz\u00fcks\u00e9ges holmid elf\u00e9r majd, de elk\u00e9peszt\u0151en j\u00f3l n\u00e9z ki, r\u00e1ad\u00e1sul a zak\u00f3d \u00e9s\/vagy az inged sem fogod \u00f6sszegy\u0171rni vele, mert a v\u00e1zra is feler\u0151s\u00edtheted. Mindig \u00e9rkezz st\u00edlusosan!<\/p>\n<p><a href=\"https:\/\/d2p6e6u75xmxt8.cloudfront.net\/12\/2018\/10\/il_570xN.1014464904_bcvg.jpg\"><img loading=\"lazy\" decoding=\"async\" class=\"alignnone size-full wp-image-1992\" src=\"https:\/\/d2p6e6u75xmxt8.cloudfront.net\/12\/2018\/10\/il_570xN.1014464904_bcvg.jpg\" alt=\"\" width=\"570\" height=\"380\" srcset=\"https:\/\/d2p6e6u75xmxt8.cloudfront.net\/12\/2018\/10\/il_570xN.1014464904_bcvg.jpg 570w, https:\/\/d2p6e6u75xmxt8.cloudfront.net\/12\/2018\/10\/il_570xN.1014464904_bcvg-300x200.jpg 300w, https:\/\/d2p6e6u75xmxt8.cloudfront.net\/12\/2018\/10\/il_570xN.1014464904_bcvg-272x182.jpg 272w\" sizes=\"auto, (max-width: 570px) 100vw, 570px\" \/><\/a><\/p>\n<p>03 <a href=\"https:\/\/www.amazon.co.uk\/dp\/B01N273KZT\/ref=as_li_ss_tl?slotNum=3&amp;ie=UTF8&amp;linkCode=g12&amp;linkId=4fb18ece8697380b4be0e6d8f745c282&amp;imprToken=ZrUq8Q1Wqkaqqcf2uQAHPA&amp;creativeASIN=B01N273KZT&amp;tag=traawa-21\">Okos buk\u00f3sisak<\/a><\/p>\n<p>Itt az ideje, hogy szintet l\u00e9pj, \u00e9s ne csak a telefonod \u00e9s az \u00f3r\u00e1d legyen okos, de a buk\u00f3sisakod is! Be\u00e9p\u00edtett ir\u00e1nyjelz\u0151vel \u00e9s stop jelz\u00e9ssel a Lumos seg\u00edt, hogy mindig j\u00f3l l\u00e1that\u00f3 legy\u00e9l a forgalomban, maxim\u00e1lis biztons\u00e1gban. A k\u00fcty\u00fct a korm\u00e1nyra szerelhet\u0151 wireless eszk\u00f6zzel vez\u00e9relheted.<\/p>\n<p><a href=\"https:\/\/d2p6e6u75xmxt8.cloudfront.net\/12\/2018\/10\/lumos-smart-bike-helmet.jpg\"><img loading=\"lazy\" decoding=\"async\" class=\"alignnone size-full wp-image-1993\" src=\"https:\/\/d2p6e6u75xmxt8.cloudfront.net\/12\/2018\/10\/lumos-smart-bike-helmet.jpg\" alt=\"\" width=\"1000\" height=\"667\" srcset=\"https:\/\/d2p6e6u75xmxt8.cloudfront.net\/12\/2018\/10\/lumos-smart-bike-helmet.jpg 1000w, https:\/\/d2p6e6u75xmxt8.cloudfront.net\/12\/2018\/10\/lumos-smart-bike-helmet-300x200.jpg 300w, https:\/\/d2p6e6u75xmxt8.cloudfront.net\/12\/2018\/10\/lumos-smart-bike-helmet-768x512.jpg 768w, https:\/\/d2p6e6u75xmxt8.cloudfront.net\/12\/2018\/10\/lumos-smart-bike-helmet-272x182.jpg 272w\" sizes=\"auto, (max-width: 1000px) 100vw, 1000px\" \/><\/a><\/p>\n<p>04 <a href=\"https:\/\/www.evanscycles.com\/brooks-mt21-multi-tool-EV230818?utm_content=travelaway.me&amp;xid=78888&amp;awc=1302_1538571496_78bf2402496e430746e34a92d196d06c&amp;utm_source=awin&amp;utm_campaign=78888&amp;utm_medium=Affiliate\">\u201eSv\u00e1jci bicska\u201d bic\u00f3soknak<\/a><\/p>\n<p>Tal\u00e1n el\u00e9g, ha annyit mondunk a Brooks MT21 n\u00e9vre hallgat\u00f3 eszk\u00f6zr\u0151l, hogy 7 f\u00e9le csavarkulcs, 3 f\u00e9le csavarh\u00faz\u00f3, 3 db torx kulcs, 4 k\u00fcll\u0151kulcs \u00e9s egy k\u00e9s kapott helyett benne, hogy minden helyzetb\u0151l kimenthesd magad. Az eg\u00e9sz r\u00e1ad\u00e1sul egy eleg\u00e1ns b\u0151rtokban kapott helyett. Mi kellhet m\u00e9g neked, MacGyver?<\/p>\n<p><a href=\"https:\/\/d2p6e6u75xmxt8.cloudfront.net\/12\/2018\/10\/brooks-saddles-tools.jpg\"><img loading=\"lazy\" decoding=\"async\" class=\"alignnone size-full wp-image-1994\" src=\"https:\/\/d2p6e6u75xmxt8.cloudfront.net\/12\/2018\/10\/brooks-saddles-tools.jpg\" alt=\"\" width=\"900\" height=\"713\" srcset=\"https:\/\/d2p6e6u75xmxt8.cloudfront.net\/12\/2018\/10\/brooks-saddles-tools.jpg 900w, https:\/\/d2p6e6u75xmxt8.cloudfront.net\/12\/2018\/10\/brooks-saddles-tools-300x238.jpg 300w, https:\/\/d2p6e6u75xmxt8.cloudfront.net\/12\/2018\/10\/brooks-saddles-tools-768x608.jpg 768w\" sizes=\"auto, (max-width: 900px) 100vw, 900px\" \/><\/a><\/p>\n<p>05 <a href=\"https:\/\/www.amazon.co.uk\/dp\/B00REFWB2E\/ref=as_li_ss_tl?slotNum=9&amp;ie=UTF8&amp;linkCode=g12&amp;linkId=75a0cba4fce6642ee513d7967eaa0a80&amp;imprToken=ZrUq8Q1Wqkaqqcf2uQAHPA&amp;creativeASIN=B00REFWB2E&amp;tag=traawa-21\">Design ker\u00e9kp\u00e1rtart\u00f3<\/a><\/p>\n<p>Sz\u00edv\u00fcnk szerint 24\/7 tekern\u00e9nk, de n\u00e9ha nek\u00fcnk is sz\u00fcks\u00e9g\u00fcnk van pihen\u0151re. Ha \u00fagy gondolod, im\u00e1dott biciklidnek nincs m\u00e9g hozz\u00e1 m\u00e9lt\u00f3 helye a gar\u00e1zsban vagy a lak\u00e1sban, szerezd be ezt a design tart\u00f3t, ami nem csak szuperhasznos, de elk\u00e9peszt\u0151en j\u00f3l n\u00e9z majd ki rajta a cang\u00e1d. Csak azt\u00e1n vedd is le r\u00f3la, ne csak gy\u00f6ny\u00f6rk\u00f6dj benne!<\/p>\n<p><a href=\"https:\/\/d2p6e6u75xmxt8.cloudfront.net\/12\/2018\/10\/wall-mounted-bike-hanger.jpg\"><img loading=\"lazy\" decoding=\"async\" class=\"alignnone size-full wp-image-1995\" src=\"https:\/\/d2p6e6u75xmxt8.cloudfront.net\/12\/2018\/10\/wall-mounted-bike-hanger.jpg\" alt=\"\" width=\"1000\" height=\"808\" srcset=\"https:\/\/d2p6e6u75xmxt8.cloudfront.net\/12\/2018\/10\/wall-mounted-bike-hanger.jpg 1000w, https:\/\/d2p6e6u75xmxt8.cloudfront.net\/12\/2018\/10\/wall-mounted-bike-hanger-300x242.jpg 300w, https:\/\/d2p6e6u75xmxt8.cloudfront.net\/12\/2018\/10\/wall-mounted-bike-hanger-768x621.jpg 768w\" sizes=\"auto, (max-width: 1000px) 100vw, 1000px\" \/><\/a><\/p>\n<p>Tetszett valamelyik az \u00f6ssze\u00e1ll\u00edt\u00e1sb\u00f3l? \u00cdrd meg a v\u00e9lem\u00e9nyed nek\u00fcnk <a href=\"https:\/\/www.facebook.com\/WeLoveCyclingHungary\/\">Facebook<\/a>-on hozz\u00e1sz\u00f3l\u00e1sban vagy priv\u00e1t \u00fczenetben!<\/p>\n<p>J\u00f3 h\u00e1tszelet!<\/p>\n","protected":false},"excerpt":{"rendered":"<p>01 Blaze Laserlight S\u00f6t\u00e9ted\u00e9s ut\u00e1n biciklizni m\u00e9g a v\u00e1rosban is rizik\u00f3sabb, a Blaze Laserlight azonban egy hasznos kis k\u00fcty\u00fc, amivel [&hellip;]<\/p>\n","protected":false},"author":71,"featured_media":1997,"comment_status":"open","ping_status":"open","sticky":false,"template":"","format":"standard","meta":{"footnotes":""},"categories":[9],"tags":[18,109,16,224,199,225,128],"global-categories":[],"class_list":["post-1990","post","type-post","status-publish","format-standard","has-post-thumbnail","hentry","category-varosi-kerekparozas","tag-biciklizes","tag-bringazas","tag-kerekpar","tag-kutyu","tag-okoskerekpar","tag-tech","tag-welovecycling"],"yoast_head":"<!-- This site is optimized with the Yoast SEO Premium plugin v25.3 (Yoast SEO v25.9) - https:\/\/yoast.com\/wordpress\/plugins\/seo\/ -->\n<title>5 hasznos biciklis k\u00fcty\u00fc, amit im\u00e1dni fogsz - \u0160koda We Love Cycling - Magyarorsz\u00e1g<\/title>\n<meta name=\"description\" content=\"S\u00f6t\u00e9ted\u00e9s ut\u00e1n biciklizni m\u00e9g a v\u00e1rosban is rizik\u00f3sabb, a Blaze Laserlight azonban egy hasznos kis k\u00fcty\u00fc, amivel felh\u00edvhatod magadra a figyelmet.\" \/>\n<meta name=\"robots\" content=\"index, follow, max-snippet:-1, max-image-preview:large, max-video-preview:-1\" \/>\n<link rel=\"canonical\" href=\"https:\/\/www.welovecycling.com\/hu\/varosi-kerekparozas\/5-hasznos-biciklis-kutyu-amit-imadni-fogsz\/\" \/>\n<meta property=\"og:locale\" content=\"hu_HU\" \/>\n<meta property=\"og:type\" content=\"article\" \/>\n<meta property=\"og:title\" content=\"5 hasznos biciklis k\u00fcty\u00fc, amit im\u00e1dni fogsz\" \/>\n<meta property=\"og:description\" content=\"S\u00f6t\u00e9ted\u00e9s ut\u00e1n biciklizni m\u00e9g a v\u00e1rosban is rizik\u00f3sabb, a Blaze Laserlight azonban egy hasznos kis k\u00fcty\u00fc, amivel felh\u00edvhatod magadra a figyelmet.\" \/>\n<meta property=\"og:url\" content=\"https:\/\/www.welovecycling.com\/hu\/varosi-kerekparozas\/5-hasznos-biciklis-kutyu-amit-imadni-fogsz\/\" \/>\n<meta property=\"og:site_name\" content=\"\u0160koda We Love Cycling - Magyarorsz\u00e1g\" \/>\n<meta property=\"article:publisher\" content=\"https:\/\/www.facebook.com\/WeLoveCyclingHungary\/\" \/>\n<meta property=\"article:published_time\" content=\"2018-10-21T15:45:46+00:00\" \/>\n<meta property=\"og:image\" content=\"https:\/\/d2p6e6u75xmxt8.cloudfront.net\/12\/2018\/10\/pexels-photo-623919.jpeg\" \/>\n\t<meta property=\"og:image:width\" content=\"1920\" \/>\n\t<meta property=\"og:image:height\" content=\"1282\" \/>\n\t<meta property=\"og:image:type\" content=\"image\/jpeg\" \/>\n<meta name=\"author\" content=\"hegyizs\" \/>\n<meta name=\"twitter:card\" content=\"summary_large_image\" \/>\n<meta name=\"twitter:label1\" content=\"Written by\" \/>\n\t<meta name=\"twitter:data1\" content=\"hegyizs\" \/>\n\t<meta name=\"twitter:label2\" content=\"Est. reading time\" \/>\n\t<meta name=\"twitter:data2\" content=\"2 minutes\" \/>\n<script type=\"application\/ld+json\" class=\"yoast-schema-graph\">{\"@context\":\"https:\/\/schema.org\",\"@graph\":[{\"@type\":\"WebPage\",\"@id\":\"https:\/\/www.welovecycling.com\/hu\/varosi-kerekparozas\/5-hasznos-biciklis-kutyu-amit-imadni-fogsz\/\",\"url\":\"https:\/\/www.welovecycling.com\/hu\/varosi-kerekparozas\/5-hasznos-biciklis-kutyu-amit-imadni-fogsz\/\",\"name\":\"5 hasznos biciklis k\u00fcty\u00fc, amit im\u00e1dni fogsz - \u0160koda We Love Cycling - Magyarorsz\u00e1g\",\"isPartOf\":{\"@id\":\"https:\/\/www.welovecycling.com\/hu\/#website\"},\"primaryImageOfPage\":{\"@id\":\"https:\/\/www.welovecycling.com\/hu\/varosi-kerekparozas\/5-hasznos-biciklis-kutyu-amit-imadni-fogsz\/#primaryimage\"},\"image\":{\"@id\":\"https:\/\/www.welovecycling.com\/hu\/varosi-kerekparozas\/5-hasznos-biciklis-kutyu-amit-imadni-fogsz\/#primaryimage\"},\"thumbnailUrl\":\"https:\/\/d2p6e6u75xmxt8.cloudfront.net\/12\/2018\/10\/pexels-photo-623919.jpeg\",\"datePublished\":\"2018-10-21T15:45:46+00:00\",\"author\":{\"@id\":\"https:\/\/www.welovecycling.com\/hu\/#\/schema\/person\/414a2aebf1801691a5320edb6468e194\"},\"description\":\"S\u00f6t\u00e9ted\u00e9s ut\u00e1n biciklizni m\u00e9g a v\u00e1rosban is rizik\u00f3sabb, a Blaze Laserlight azonban egy hasznos kis k\u00fcty\u00fc, amivel felh\u00edvhatod magadra a figyelmet.\",\"breadcrumb\":{\"@id\":\"https:\/\/www.welovecycling.com\/hu\/varosi-kerekparozas\/5-hasznos-biciklis-kutyu-amit-imadni-fogsz\/#breadcrumb\"},\"inLanguage\":\"hu\",\"potentialAction\":[{\"@type\":\"ReadAction\",\"target\":[\"https:\/\/www.welovecycling.com\/hu\/varosi-kerekparozas\/5-hasznos-biciklis-kutyu-amit-imadni-fogsz\/\"]}]},{\"@type\":\"ImageObject\",\"inLanguage\":\"hu\",\"@id\":\"https:\/\/www.welovecycling.com\/hu\/varosi-kerekparozas\/5-hasznos-biciklis-kutyu-amit-imadni-fogsz\/#primaryimage\",\"url\":\"https:\/\/d2p6e6u75xmxt8.cloudfront.net\/12\/2018\/10\/pexels-photo-623919.jpeg\",\"contentUrl\":\"https:\/\/d2p6e6u75xmxt8.cloudfront.net\/12\/2018\/10\/pexels-photo-623919.jpeg\",\"width\":1920,\"height\":1282},{\"@type\":\"BreadcrumbList\",\"@id\":\"https:\/\/www.welovecycling.com\/hu\/varosi-kerekparozas\/5-hasznos-biciklis-kutyu-amit-imadni-fogsz\/#breadcrumb\",\"itemListElement\":[{\"@type\":\"ListItem\",\"position\":1,\"name\":\"Home\",\"item\":\"https:\/\/www.welovecycling.com\/hu\/\"},{\"@type\":\"ListItem\",\"position\":2,\"name\":\"5 hasznos biciklis k\u00fcty\u00fc, amit im\u00e1dni fogsz\"}]},{\"@type\":\"WebSite\",\"@id\":\"https:\/\/www.welovecycling.com\/hu\/#website\",\"url\":\"https:\/\/www.welovecycling.com\/hu\/\",\"name\":\"\u0160koda We Love Cycling - Magyarorsz\u00e1g\",\"description\":\"\u0160koda WeLoveCycling\",\"potentialAction\":[{\"@type\":\"SearchAction\",\"target\":{\"@type\":\"EntryPoint\",\"urlTemplate\":\"https:\/\/www.welovecycling.com\/hu\/?s={search_term_string}\"},\"query-input\":{\"@type\":\"PropertyValueSpecification\",\"valueRequired\":true,\"valueName\":\"search_term_string\"}}],\"inLanguage\":\"hu\"},{\"@type\":\"Person\",\"@id\":\"https:\/\/www.welovecycling.com\/hu\/#\/schema\/person\/414a2aebf1801691a5320edb6468e194\",\"name\":\"hegyizs\",\"image\":{\"@type\":\"ImageObject\",\"inLanguage\":\"hu\",\"@id\":\"https:\/\/www.welovecycling.com\/hu\/#\/schema\/person\/image\/\",\"url\":\"https:\/\/secure.gravatar.com\/avatar\/02cf8a7906b8cf90cecb4679defac7cfd33a1c2e3b88e4903d947f3bb58eedd3?s=96&d=mm&r=g\",\"contentUrl\":\"https:\/\/secure.gravatar.com\/avatar\/02cf8a7906b8cf90cecb4679defac7cfd33a1c2e3b88e4903d947f3bb58eedd3?s=96&d=mm&r=g\",\"caption\":\"hegyizs\"},\"url\":\"https:\/\/www.welovecycling.com\/hu\/author\/hegyizs\/\"}]}<\/script>\n<!-- \/ Yoast SEO Premium plugin. -->","yoast_head_json":{"title":"5 hasznos biciklis k\u00fcty\u00fc, amit im\u00e1dni fogsz - \u0160koda We Love Cycling - Magyarorsz\u00e1g","description":"S\u00f6t\u00e9ted\u00e9s ut\u00e1n biciklizni m\u00e9g a v\u00e1rosban is rizik\u00f3sabb, a Blaze Laserlight azonban egy hasznos kis k\u00fcty\u00fc, amivel felh\u00edvhatod magadra a figyelmet.","robots":{"index":"index","follow":"follow","max-snippet":"max-snippet:-1","max-image-preview":"max-image-preview:large","max-video-preview":"max-video-preview:-1"},"canonical":"https:\/\/www.welovecycling.com\/hu\/varosi-kerekparozas\/5-hasznos-biciklis-kutyu-amit-imadni-fogsz\/","og_locale":"hu_HU","og_type":"article","og_title":"5 hasznos biciklis k\u00fcty\u00fc, amit im\u00e1dni fogsz","og_description":"S\u00f6t\u00e9ted\u00e9s ut\u00e1n biciklizni m\u00e9g a v\u00e1rosban is rizik\u00f3sabb, a Blaze Laserlight azonban egy hasznos kis k\u00fcty\u00fc, amivel felh\u00edvhatod magadra a figyelmet.","og_url":"https:\/\/www.welovecycling.com\/hu\/varosi-kerekparozas\/5-hasznos-biciklis-kutyu-amit-imadni-fogsz\/","og_site_name":"\u0160koda We Love Cycling - Magyarorsz\u00e1g","article_publisher":"https:\/\/www.facebook.com\/WeLoveCyclingHungary\/","article_published_time":"2018-10-21T15:45:46+00:00","og_image":[{"width":1920,"height":1282,"url":"https:\/\/d2p6e6u75xmxt8.cloudfront.net\/12\/2018\/10\/pexels-photo-623919.jpeg","type":"image\/jpeg"}],"author":"hegyizs","twitter_card":"summary_large_image","twitter_misc":{"Written by":"hegyizs","Est. reading time":"2 minutes"},"schema":{"@context":"https:\/\/schema.org","@graph":[{"@type":"WebPage","@id":"https:\/\/www.welovecycling.com\/hu\/varosi-kerekparozas\/5-hasznos-biciklis-kutyu-amit-imadni-fogsz\/","url":"https:\/\/www.welovecycling.com\/hu\/varosi-kerekparozas\/5-hasznos-biciklis-kutyu-amit-imadni-fogsz\/","name":"5 hasznos biciklis k\u00fcty\u00fc, amit im\u00e1dni fogsz - \u0160koda We Love Cycling - Magyarorsz\u00e1g","isPartOf":{"@id":"https:\/\/www.welovecycling.com\/hu\/#website"},"primaryImageOfPage":{"@id":"https:\/\/www.welovecycling.com\/hu\/varosi-kerekparozas\/5-hasznos-biciklis-kutyu-amit-imadni-fogsz\/#primaryimage"},"image":{"@id":"https:\/\/www.welovecycling.com\/hu\/varosi-kerekparozas\/5-hasznos-biciklis-kutyu-amit-imadni-fogsz\/#primaryimage"},"thumbnailUrl":"https:\/\/d2p6e6u75xmxt8.cloudfront.net\/12\/2018\/10\/pexels-photo-623919.jpeg","datePublished":"2018-10-21T15:45:46+00:00","author":{"@id":"https:\/\/www.welovecycling.com\/hu\/#\/schema\/person\/414a2aebf1801691a5320edb6468e194"},"description":"S\u00f6t\u00e9ted\u00e9s ut\u00e1n biciklizni m\u00e9g a v\u00e1rosban is rizik\u00f3sabb, a Blaze Laserlight azonban egy hasznos kis k\u00fcty\u00fc, amivel felh\u00edvhatod magadra a figyelmet.","breadcrumb":{"@id":"https:\/\/www.welovecycling.com\/hu\/varosi-kerekparozas\/5-hasznos-biciklis-kutyu-amit-imadni-fogsz\/#breadcrumb"},"inLanguage":"hu","potentialAction":[{"@type":"ReadAction","target":["https:\/\/www.welovecycling.com\/hu\/varosi-kerekparozas\/5-hasznos-biciklis-kutyu-amit-imadni-fogsz\/"]}]},{"@type":"ImageObject","inLanguage":"hu","@id":"https:\/\/www.welovecycling.com\/hu\/varosi-kerekparozas\/5-hasznos-biciklis-kutyu-amit-imadni-fogsz\/#primaryimage","url":"https:\/\/d2p6e6u75xmxt8.cloudfront.net\/12\/2018\/10\/pexels-photo-623919.jpeg","contentUrl":"https:\/\/d2p6e6u75xmxt8.cloudfront.net\/12\/2018\/10\/pexels-photo-623919.jpeg","width":1920,"height":1282},{"@type":"BreadcrumbList","@id":"https:\/\/www.welovecycling.com\/hu\/varosi-kerekparozas\/5-hasznos-biciklis-kutyu-amit-imadni-fogsz\/#breadcrumb","itemListElement":[{"@type":"ListItem","position":1,"name":"Home","item":"https:\/\/www.welovecycling.com\/hu\/"},{"@type":"ListItem","position":2,"name":"5 hasznos biciklis k\u00fcty\u00fc, amit im\u00e1dni fogsz"}]},{"@type":"WebSite","@id":"https:\/\/www.welovecycling.com\/hu\/#website","url":"https:\/\/www.welovecycling.com\/hu\/","name":"\u0160koda We Love Cycling - Magyarorsz\u00e1g","description":"\u0160koda WeLoveCycling","potentialAction":[{"@type":"SearchAction","target":{"@type":"EntryPoint","urlTemplate":"https:\/\/www.welovecycling.com\/hu\/?s={search_term_string}"},"query-input":{"@type":"PropertyValueSpecification","valueRequired":true,"valueName":"search_term_string"}}],"inLanguage":"hu"},{"@type":"Person","@id":"https:\/\/www.welovecycling.com\/hu\/#\/schema\/person\/414a2aebf1801691a5320edb6468e194","name":"hegyizs","image":{"@type":"ImageObject","inLanguage":"hu","@id":"https:\/\/www.welovecycling.com\/hu\/#\/schema\/person\/image\/","url":"https:\/\/secure.gravatar.com\/avatar\/02cf8a7906b8cf90cecb4679defac7cfd33a1c2e3b88e4903d947f3bb58eedd3?s=96&d=mm&r=g","contentUrl":"https:\/\/secure.gravatar.com\/avatar\/02cf8a7906b8cf90cecb4679defac7cfd33a1c2e3b88e4903d947f3bb58eedd3?s=96&d=mm&r=g","caption":"hegyizs"},"url":"https:\/\/www.welovecycling.com\/hu\/author\/hegyizs\/"}]}},"_links":{"self":[{"href":"https:\/\/www.welovecycling.com\/hu\/wp-json\/wp\/v2\/posts\/1990","targetHints":{"allow":["GET"]}}],"collection":[{"href":"https:\/\/www.welovecycling.com\/hu\/wp-json\/wp\/v2\/posts"}],"about":[{"href":"https:\/\/www.welovecycling.com\/hu\/wp-json\/wp\/v2\/types\/post"}],"author":[{"embeddable":true,"href":"https:\/\/www.welovecycling.com\/hu\/wp-json\/wp\/v2\/users\/71"}],"replies":[{"embeddable":true,"href":"https:\/\/www.welovecycling.com\/hu\/wp-json\/wp\/v2\/comments?post=1990"}],"version-history":[{"count":1,"href":"https:\/\/www.welovecycling.com\/hu\/wp-json\/wp\/v2\/posts\/1990\/revisions"}],"predecessor-version":[{"id":1996,"href":"https:\/\/www.welovecycling.com\/hu\/wp-json\/wp\/v2\/posts\/1990\/revisions\/1996"}],"wp:featuredmedia":[{"embeddable":true,"href":"https:\/\/www.welovecycling.com\/hu\/wp-json\/wp\/v2\/media\/1997"}],"wp:attachment":[{"href":"https:\/\/www.welovecycling.com\/hu\/wp-json\/wp\/v2\/media?parent=1990"}],"wp:term":[{"taxonomy":"category","embeddable":true,"href":"https:\/\/www.welovecycling.com\/hu\/wp-json\/wp\/v2\/categories?post=1990"},{"taxonomy":"post_tag","embeddable":true,"href":"https:\/\/www.welovecycling.com\/hu\/wp-json\/wp\/v2\/tags?post=1990"},{"taxonomy":"global-categories","embeddable":true,"href":"https:\/\/www.welovecycling.com\/hu\/wp-json\/wp\/v2\/global-categories?post=1990"}],"curies":[{"name":"wp","href":"https:\/\/api.w.org\/{rel}","templated":true}]}}