{"id":1986,"date":"2018-11-02T08:00:07","date_gmt":"2018-11-02T08:00:07","guid":{"rendered":"https:\/\/www.welovecycling.com\/hu\/?p=1986"},"modified":"2018-10-29T09:44:40","modified_gmt":"2018-10-29T09:44:40","slug":"mobilozas-biciklizes-kozben","status":"publish","type":"post","link":"https:\/\/www.welovecycling.com\/hu\/biztonsag\/mobilozas-biciklizes-kozben\/","title":{"rendered":"Mobiloz\u00e1s bicikliz\u00e9s k\u00f6zben?"},"content":{"rendered":"<p><strong>P\u00e1r hete a holland k\u00f6zleked\u00e9s\u00fcgyi miniszter, <em>Cora van Nieuwenhuizen<\/em>, beterjesztett egy t\u00f6rv\u00e9nyjavaslatot a holland parlament el\u00e9, amiben megtiltan\u00e1 az okostelefonok haszn\u00e1lat\u00e1t ker\u00e9kp\u00e1roz\u00e1s k\u00f6zben. B\u00e1r itthon m\u00e9g nincs ilyen kezdem\u00e9nyez\u00e9s \u2013 egyel\u0151re, ut\u00e1nan\u00e9zt\u00fcnk, hogyan is \u00e1ll a t\u00f6rt\u00e9net.<\/strong><\/p>\n<p>Kezdj\u00fck az alapokt\u00f3l: a KRESZ-t 1998. janu\u00e1r 1-\u00e9n az al\u00e1bbi bekezd\u00e9ssel eg\u00e9sz\u00edtett\u00e9k ki:<\/p>\n<p><em>\u201eA g\u00e9pkocsi vezet\u0151je menet k\u00f6zben k\u00e9zben tartott mobil r\u00e1di\u00f3telefont nem haszn\u00e1lhat. A k\u00e9tkerek\u0171, tov\u00e1bb\u00e1 g\u00e9pkocsinak nem min\u0151s\u00fcl\u0151 h\u00e1romkerek\u0171 j\u00e1rm\u0171 vezet\u0151je menet k\u00f6zben &#8211; ide\u00e9rtve a forgalmi okb\u00f3l t\u00f6rt\u00e9n\u0151 meg\u00e1ll\u00e1st is &#8211; k\u00e9zben tartott mobil r\u00e1di\u00f3telefont nem haszn\u00e1lhat.\u201d<\/em><\/p>\n<p>Els\u0151 olvas\u00e1sra el\u00e9g egy\u00e9rtelm\u0171 a fogalmaz\u00e1s, azonban gyorsan ahhoz a k\u00e9rd\u00e9shez juthat az olvas\u00f3, hogy mit tekinthet\u00fcnk <em>&#8220;menet k\u00f6zben&#8221;-<\/em>nek? A KRESZ jellemz\u0151en a <em>&#8220;forgalomban r\u00e9sztvev\u0151&#8221;<\/em> kifejez\u00e9st haszn\u00e1lja, ez\u00e9rt ha valakit megb\u00fcntet a rend\u0151r, mik\u00f6zben f\u00e9lreh\u00faz\u00f3dva a Facebook \u00fczeneteire v\u00e1laszol, tal\u00e1n jogosan h\u00e1borodik fel, hiszen nem r\u00e9sztvev\u0151je a forgalomnak. Azt csak halkan jegyezz\u00fck meg, hogy a ker\u00e9kp\u00e1rosokat sajnos sokszor egy\u00e9bk\u00e9nt sem n\u00e9zik a forgalom r\u00e9sztvev\u0151j\u00e9nek, de ezt a t\u00e9m\u00e1t majd egy m\u00e1sik cikkben ves\u00e9zz\u00fck ki.<\/p>\n<p><a href=\"https:\/\/d2p6e6u75xmxt8.cloudfront.net\/12\/2018\/10\/WLC_mobilozas_biciklizes_kozben_1.jpg\"><img loading=\"lazy\" decoding=\"async\" class=\"alignnone size-extra-large wp-image-2032\" src=\"https:\/\/d2p6e6u75xmxt8.cloudfront.net\/12\/2018\/10\/WLC_mobilozas_biciklizes_kozben_1-1920x1080.jpg\" alt=\"mobiloz\u00e1s bicikliz\u00e9s k\u00f6zben\" width=\"1920\" height=\"1080\" srcset=\"https:\/\/d2p6e6u75xmxt8.cloudfront.net\/12\/2018\/10\/WLC_mobilozas_biciklizes_kozben_1.jpg 1920w, https:\/\/d2p6e6u75xmxt8.cloudfront.net\/12\/2018\/10\/WLC_mobilozas_biciklizes_kozben_1-300x169.jpg 300w, https:\/\/d2p6e6u75xmxt8.cloudfront.net\/12\/2018\/10\/WLC_mobilozas_biciklizes_kozben_1-768x432.jpg 768w, https:\/\/d2p6e6u75xmxt8.cloudfront.net\/12\/2018\/10\/WLC_mobilozas_biciklizes_kozben_1-1024x576.jpg 1024w, https:\/\/d2p6e6u75xmxt8.cloudfront.net\/12\/2018\/10\/WLC_mobilozas_biciklizes_kozben_1-1920x1080.jpg 1920w\" sizes=\"auto, (max-width: 1920px) 100vw, 1920px\" \/><\/a><\/p>\n<p>Visszat\u00e9rve, a f\u00e9lre\u00e9rthet\u0151 kifejez\u00e9sek miatt a rendeletet k\u00f6vet\u0151 jogmagyar\u00e1zat az al\u00e1bbi sorokkal igyekszik pontos\u00edtani:<\/p>\n<p><em>\u201eAz ut\u00f3bbi \u00e9vekben nagyon elszaporodott j\u00e1rm\u0171vezet\u00e9s k\u00f6zben a k\u00e9zben tartott mobiltelefon haszn\u00e1lata. Ez a mai forgalomban elengedhetetlen\u00fcl sz\u00fcks\u00e9ges figyelmet \u00e9s k\u00f6r\u00fcltekint\u00e9st jelent\u0151s m\u00e9rt\u00e9kben k\u00e1rosan befoly\u00e1solja, a j\u00e1rm\u0171vezet\u0151k figyelm\u00e9t a forgalomt\u00f3l elvonja. Ez\u00e9rt a k\u00f6z\u00fati k\u00f6zleked\u00e9s biztons\u00e1g\u00e1ra potenci\u00e1lis vesz\u00e9lyt jelent\u0151 magatart\u00e1st k\u00fcl\u00f6n neves\u00edtve tiltja a KRESZ. A mobil r\u00e1di\u00f3telefon fogalm\u00e1ba tartoz\u00f3 t\u00e1vbesz\u00e9l\u0151 k\u00e9sz\u00fcl\u00e9kek k\u00f6r\u00e9t k\u00fcl\u00f6n jogszab\u00e1ly hat\u00e1rozza meg.\u201d<\/em><\/p>\n<p>Ez alapj\u00e1n kimondhatjuk, hogy j\u00e1rm\u0171vezet\u00e9s k\u00f6zben (menet k\u00f6zben?) a k\u00e9zben tartott mobiltelefon haszn\u00e1lata tilos. Technikailag teh\u00e1t a ker\u00e9kp\u00e1rosokra is igaz, hogy halad\u00e1s k\u00f6zben, a forgalom r\u00e9sztvev\u0151jek\u00e9nt nem haszn\u00e1lhat\u00f3 k\u00e9zben tartott mobiltelefon. Itt sajnos azonban bonyol\u00f3dik az \u00fcgy, hiszen \u2013 \u00e9s most maradjunk a forgalomban r\u00e9sztvev\u0151 ker\u00e9kp\u00e1rosokn\u00e1l \u2013 nehezen elk\u00e9pzelhet\u0151 (de nem kiz\u00e1rt \u00e9s sajnos nem is ritka), hogy valaki teker\u00e9s k\u00f6zben fogja a telefonj\u00e1t \u00e9s\/vagy nyomkodja is azt. A KRESZ ide v\u00e1g\u00f3 bekezd\u00e9se \u00edgy sz\u00f3l:<\/p>\n<p><em>\u201eAki a k\u00f6z\u00fati k\u00f6zleked\u00e9sben r\u00e9szt vesz, k\u00f6teles \u00fagy k\u00f6zlekedni, hogy a szem\u00e9ly- \u00e9s vagyonbiztons\u00e1got ne vesz\u00e9lyeztesse, m\u00e1sokat k\u00f6zleked\u00e9s\u00fckben indokolatlanul ne akad\u00e1lyozzon, \u00e9s ne zavarjon.\u201d<\/em><\/p>\n<p><a href=\"https:\/\/d2p6e6u75xmxt8.cloudfront.net\/12\/2018\/10\/WLC_mobilozas_biciklizes_kozben_2-1.jpg\"><img loading=\"lazy\" decoding=\"async\" class=\"alignnone size-extra-large wp-image-2033\" src=\"https:\/\/d2p6e6u75xmxt8.cloudfront.net\/12\/2018\/10\/WLC_mobilozas_biciklizes_kozben_2-1-1920x1080.jpg\" alt=\"Mobiloz\u00e1s\" width=\"1920\" height=\"1080\" srcset=\"https:\/\/d2p6e6u75xmxt8.cloudfront.net\/12\/2018\/10\/WLC_mobilozas_biciklizes_kozben_2-1.jpg 1920w, https:\/\/d2p6e6u75xmxt8.cloudfront.net\/12\/2018\/10\/WLC_mobilozas_biciklizes_kozben_2-1-300x169.jpg 300w, https:\/\/d2p6e6u75xmxt8.cloudfront.net\/12\/2018\/10\/WLC_mobilozas_biciklizes_kozben_2-1-768x432.jpg 768w, https:\/\/d2p6e6u75xmxt8.cloudfront.net\/12\/2018\/10\/WLC_mobilozas_biciklizes_kozben_2-1-1024x576.jpg 1024w, https:\/\/d2p6e6u75xmxt8.cloudfront.net\/12\/2018\/10\/WLC_mobilozas_biciklizes_kozben_2-1-1920x1080.jpg 1920w\" sizes=\"auto, (max-width: 1920px) 100vw, 1920px\" \/><\/a><\/p>\n<p>\u00d6sszegezve teh\u00e1t, nem lesz okosabb a szab\u00e1lyk\u00f6vet\u0151 biciklis, ha ezek alapj\u00e1n szeretne t\u00e1j\u00e9koz\u00f3dni. Optim\u00e1lis esetben egyik ker\u00e9kp\u00e1ros sem nyomkodja (pl\u00e1ne nem fogja) a telefonj\u00e1t, azonban felmer\u00fclhet a k\u00e9rd\u00e9s, hogy head-set alkalmaz\u00e1sa mobiltelefon haszn\u00e1latnak min\u0151s\u00fcl-e (\u00c9rtelemszer\u0171en haszn\u00e1latnak min\u0151s\u00fcl, de nem b\u00fcntetend\u0151). Tegy\u00fck a sz\u00edv\u00fcnket a kez\u00fcnkre, sokan k\u00f6z\u00fcl\u00fcnk telefon\u00e1lnak teker\u00e9s k\u00f6zben, amivel kell\u0151 k\u00f6r\u00fcltekint\u00e9s \u00e9s \u00f3vatoss\u00e1g mellett tal\u00e1n nincs is baj \u2013 legal\u00e1bbis nem jogi \u00e9rtelemben. A hivatalos t\u00e1j\u00e9koztat\u00e1s alapj\u00e1n kimondhatjuk teh\u00e1t, hogy k\u00e9tker\u00e9ken csak \u00fagy mobilozhatunk teljes biztons\u00e1gban, ha meg\u00e1llunk, mindenki sz\u00e1m\u00e1ra egy\u00e9rtelm\u0171en \u201ekivonjuk\u201d magunkat a forgalomb\u00f3l, majd lesz\u00e1llunk a parip\u00e1r\u00f3l. Nem t\u00fal \u00e9letszer\u0171. A szab\u00e1lyoz\u00e1s \u00edr\u00f3inak ments\u00e9g\u00e9re legyen sz\u00f3lva, hogy legal\u00e1bb 10 \u00e9ves paragrafusokr\u00f3l van sz\u00f3, amikor m\u00e9g messze nem gondolt\u00e1k, hogy a k\u00f6zelj\u00f6v\u0151ben \u00f3r\u00e1nk\u00e9nt ak\u00e1r 30-50 \u00e9rtes\u00edt\u00e9st is kaphat egy felhaszn\u00e1l\u00f3, f\u00fcgg\u0151en a telefonj\u00e1n tal\u00e1lhat\u00f3 applik\u00e1ci\u00f3k be\u00e1ll\u00edt\u00e1sait\u00f3l.<\/p>\n<p>Visszat\u00e9rve a holland esetre, a tervezett jogszab\u00e1ly a m\u00e9g 2002-ben \u00e9letbe l\u00e9pett szem\u00e9lyg\u00e9pj\u00e1rm\u0171 vezet\u00e9s k\u00f6zbeni mobiltelefon haszn\u00e1lat tilt\u00e1st eg\u00e9sz\u00edten\u00e9 ki. Az eredeti paragrafusban a ker\u00e9kp\u00e1rokat azok jelent\u0151sen kisebb \u00e1tlagsebess\u00e9ge miatt hagyt\u00e1k ki. Sajnos 16 \u00e9vnek kellett m\u00e9g a ker\u00e9kp\u00e1rosok paradicsom\u00e1nak tartott Hollandi\u00e1ban is eltelnie ahhoz, hogy r\u00e1j\u00f6jjenek, a ker\u00e9kp\u00e1rosok \u00edgy is-\u00fagy is r\u00e9sztvev\u0151i a k\u00f6zleked\u00e9snek, \u00edgy legal\u00e1bb akkora vesz\u00e9lyt jelentenek magukra \u00e9s a forgalom t\u00f6bbi szerepl\u0151j\u00e9re, mint egy lassan halad\u00f3 szem\u00e9lyaut\u00f3. A t\u00f6rv\u00e9nyjavaslat alapj\u00e1ul szolg\u00e1l\u00f3 g\u00e9pj\u00e1rm\u0171vezet\u0151k, ker\u00e9kp\u00e1rosok, moped- \u00e9s elektromos ker\u00e9kp\u00e1rhaszn\u00e1l\u00f3k k\u00f6r\u00e9ben v\u00e9gzet kutat\u00e1s kimutatta, hogy a hollandok 27% haszn\u00e1lja okoseszk\u00f6zeit halad\u00e1s k\u00f6zben, a 18-24 \u00e9ves megk\u00e9rdezettek pedig 74%-a (!) v\u00e1laszolta, hogy alkalmank\u00e9nt a telefonj\u00e1ba mer\u00fcl k\u00f6zleked\u00e9s k\u00f6zben.<\/p>\n<p>A hazai szab\u00e1lyoz\u00e1s egyel\u0151re v\u00e1rat mag\u00e1ra. Mindenkinek azt javasoljuk, hogy okostelefonj\u00e1t legal\u00e1bb k\u00f6zleked\u00e9s k\u00f6zben tegye el\u00e9rhetetlen helyre, \u00edgy elker\u00fclheti a k\u00eds\u00e9rt\u00e9st, hogy a kez\u00e9be vegye, tov\u00e1bb\u00e1 extr\u00e1n figyeljen oda a forgalom k\u00f6zep\u00e9n, hiszen lehet, hogy egy mobiltelefonoz\u00f3 sof\u0151r\/ker\u00e9kp\u00e1ros \u00e9szrev\u00e9tel\u00e9vel komoly trag\u00e9di\u00e1t ker\u00fclhet el.<\/p>\n<p>J\u00f3 h\u00e1tszelet!<\/p>\n","protected":false},"excerpt":{"rendered":"<p>P\u00e1r hete a holland k\u00f6zleked\u00e9s\u00fcgyi miniszter, Cora van Nieuwenhuizen, beterjesztett egy t\u00f6rv\u00e9nyjavaslatot a holland parlament el\u00e9, amiben megtiltan\u00e1 az okostelefonok [&hellip;]<\/p>\n","protected":false},"author":71,"featured_media":1987,"comment_status":"open","ping_status":"open","sticky":false,"template":"","format":"standard","meta":{"footnotes":""},"categories":[10],"tags":[241,240,236,237,239,238],"global-categories":[],"class_list":["post-1986","post","type-post","status-publish","format-standard","has-post-thumbnail","hentry","category-biztonsag","tag-forgalom","tag-kresz","tag-mobil","tag-okostelefon","tag-telefon","tag-telefonalas-biciklizes"],"yoast_head":"<!-- This site is optimized with the Yoast SEO Premium plugin v25.3 (Yoast SEO v25.9) - https:\/\/yoast.com\/wordpress\/plugins\/seo\/ -->\n<title>Mobiloz\u00e1s bicikliz\u00e9s k\u00f6zben? - \u0160koda We Love Cycling - Magyarorsz\u00e1g<\/title>\n<meta name=\"description\" content=\"Technikailag teh\u00e1t a ker\u00e9kp\u00e1rosokra is igaz, hogy halad\u00e1s k\u00f6zben, a forgalom r\u00e9sztvev\u0151jek\u00e9nt nem haszn\u00e1lhat\u00f3 k\u00e9zben tartott mobiltelefon.\" \/>\n<meta name=\"robots\" content=\"index, follow, max-snippet:-1, max-image-preview:large, max-video-preview:-1\" \/>\n<link rel=\"canonical\" href=\"https:\/\/www.welovecycling.com\/hu\/biztonsag\/mobilozas-biciklizes-kozben\/\" \/>\n<meta property=\"og:locale\" content=\"hu_HU\" \/>\n<meta property=\"og:type\" content=\"article\" \/>\n<meta property=\"og:title\" content=\"Mobiloz\u00e1s bicikliz\u00e9s k\u00f6zben?\" \/>\n<meta property=\"og:description\" content=\"Technikailag teh\u00e1t a ker\u00e9kp\u00e1rosokra is igaz, hogy halad\u00e1s k\u00f6zben, a forgalom r\u00e9sztvev\u0151jek\u00e9nt nem haszn\u00e1lhat\u00f3 k\u00e9zben tartott mobiltelefon.\" \/>\n<meta property=\"og:url\" content=\"https:\/\/www.welovecycling.com\/hu\/biztonsag\/mobilozas-biciklizes-kozben\/\" \/>\n<meta property=\"og:site_name\" content=\"\u0160koda We Love Cycling - Magyarorsz\u00e1g\" \/>\n<meta property=\"article:publisher\" content=\"https:\/\/www.facebook.com\/WeLoveCyclingHungary\/\" \/>\n<meta property=\"article:published_time\" content=\"2018-11-02T08:00:07+00:00\" \/>\n<meta property=\"og:image\" content=\"https:\/\/d2p6e6u75xmxt8.cloudfront.net\/12\/2018\/10\/WLC_mobilozas_biciklizes_kozben_2.jpg\" \/>\n\t<meta property=\"og:image:width\" content=\"1920\" \/>\n\t<meta property=\"og:image:height\" content=\"1080\" \/>\n\t<meta property=\"og:image:type\" content=\"image\/jpeg\" \/>\n<meta name=\"author\" content=\"hegyizs\" \/>\n<meta name=\"twitter:card\" content=\"summary_large_image\" \/>\n<meta name=\"twitter:label1\" content=\"Written by\" \/>\n\t<meta name=\"twitter:data1\" content=\"hegyizs\" \/>\n\t<meta name=\"twitter:label2\" content=\"Est. reading time\" \/>\n\t<meta name=\"twitter:data2\" content=\"5 minutes\" \/>\n<script type=\"application\/ld+json\" class=\"yoast-schema-graph\">{\"@context\":\"https:\/\/schema.org\",\"@graph\":[{\"@type\":\"WebPage\",\"@id\":\"https:\/\/www.welovecycling.com\/hu\/biztonsag\/mobilozas-biciklizes-kozben\/\",\"url\":\"https:\/\/www.welovecycling.com\/hu\/biztonsag\/mobilozas-biciklizes-kozben\/\",\"name\":\"Mobiloz\u00e1s bicikliz\u00e9s k\u00f6zben? - \u0160koda We Love Cycling - Magyarorsz\u00e1g\",\"isPartOf\":{\"@id\":\"https:\/\/www.welovecycling.com\/hu\/#website\"},\"primaryImageOfPage\":{\"@id\":\"https:\/\/www.welovecycling.com\/hu\/biztonsag\/mobilozas-biciklizes-kozben\/#primaryimage\"},\"image\":{\"@id\":\"https:\/\/www.welovecycling.com\/hu\/biztonsag\/mobilozas-biciklizes-kozben\/#primaryimage\"},\"thumbnailUrl\":\"https:\/\/d2p6e6u75xmxt8.cloudfront.net\/12\/2018\/10\/WLC_mobilozas_biciklizes_kozben_2.jpg\",\"datePublished\":\"2018-11-02T08:00:07+00:00\",\"author\":{\"@id\":\"https:\/\/www.welovecycling.com\/hu\/#\/schema\/person\/414a2aebf1801691a5320edb6468e194\"},\"description\":\"Technikailag teh\u00e1t a ker\u00e9kp\u00e1rosokra is igaz, hogy halad\u00e1s k\u00f6zben, a forgalom r\u00e9sztvev\u0151jek\u00e9nt nem haszn\u00e1lhat\u00f3 k\u00e9zben tartott mobiltelefon.\",\"breadcrumb\":{\"@id\":\"https:\/\/www.welovecycling.com\/hu\/biztonsag\/mobilozas-biciklizes-kozben\/#breadcrumb\"},\"inLanguage\":\"hu\",\"potentialAction\":[{\"@type\":\"ReadAction\",\"target\":[\"https:\/\/www.welovecycling.com\/hu\/biztonsag\/mobilozas-biciklizes-kozben\/\"]}]},{\"@type\":\"ImageObject\",\"inLanguage\":\"hu\",\"@id\":\"https:\/\/www.welovecycling.com\/hu\/biztonsag\/mobilozas-biciklizes-kozben\/#primaryimage\",\"url\":\"https:\/\/d2p6e6u75xmxt8.cloudfront.net\/12\/2018\/10\/WLC_mobilozas_biciklizes_kozben_2.jpg\",\"contentUrl\":\"https:\/\/d2p6e6u75xmxt8.cloudfront.net\/12\/2018\/10\/WLC_mobilozas_biciklizes_kozben_2.jpg\",\"width\":1920,\"height\":1080,\"caption\":\"mobiloz\u00e1s bicikliz\u00e9s k\u00f6zben\"},{\"@type\":\"BreadcrumbList\",\"@id\":\"https:\/\/www.welovecycling.com\/hu\/biztonsag\/mobilozas-biciklizes-kozben\/#breadcrumb\",\"itemListElement\":[{\"@type\":\"ListItem\",\"position\":1,\"name\":\"Home\",\"item\":\"https:\/\/www.welovecycling.com\/hu\/\"},{\"@type\":\"ListItem\",\"position\":2,\"name\":\"Mobiloz\u00e1s bicikliz\u00e9s k\u00f6zben?\"}]},{\"@type\":\"WebSite\",\"@id\":\"https:\/\/www.welovecycling.com\/hu\/#website\",\"url\":\"https:\/\/www.welovecycling.com\/hu\/\",\"name\":\"\u0160koda We Love Cycling - Magyarorsz\u00e1g\",\"description\":\"\u0160koda WeLoveCycling\",\"potentialAction\":[{\"@type\":\"SearchAction\",\"target\":{\"@type\":\"EntryPoint\",\"urlTemplate\":\"https:\/\/www.welovecycling.com\/hu\/?s={search_term_string}\"},\"query-input\":{\"@type\":\"PropertyValueSpecification\",\"valueRequired\":true,\"valueName\":\"search_term_string\"}}],\"inLanguage\":\"hu\"},{\"@type\":\"Person\",\"@id\":\"https:\/\/www.welovecycling.com\/hu\/#\/schema\/person\/414a2aebf1801691a5320edb6468e194\",\"name\":\"hegyizs\",\"image\":{\"@type\":\"ImageObject\",\"inLanguage\":\"hu\",\"@id\":\"https:\/\/www.welovecycling.com\/hu\/#\/schema\/person\/image\/\",\"url\":\"https:\/\/secure.gravatar.com\/avatar\/02cf8a7906b8cf90cecb4679defac7cfd33a1c2e3b88e4903d947f3bb58eedd3?s=96&d=mm&r=g\",\"contentUrl\":\"https:\/\/secure.gravatar.com\/avatar\/02cf8a7906b8cf90cecb4679defac7cfd33a1c2e3b88e4903d947f3bb58eedd3?s=96&d=mm&r=g\",\"caption\":\"hegyizs\"},\"url\":\"https:\/\/www.welovecycling.com\/hu\/author\/hegyizs\/\"}]}<\/script>\n<!-- \/ Yoast SEO Premium plugin. -->","yoast_head_json":{"title":"Mobiloz\u00e1s bicikliz\u00e9s k\u00f6zben? - \u0160koda We Love Cycling - Magyarorsz\u00e1g","description":"Technikailag teh\u00e1t a ker\u00e9kp\u00e1rosokra is igaz, hogy halad\u00e1s k\u00f6zben, a forgalom r\u00e9sztvev\u0151jek\u00e9nt nem haszn\u00e1lhat\u00f3 k\u00e9zben tartott mobiltelefon.","robots":{"index":"index","follow":"follow","max-snippet":"max-snippet:-1","max-image-preview":"max-image-preview:large","max-video-preview":"max-video-preview:-1"},"canonical":"https:\/\/www.welovecycling.com\/hu\/biztonsag\/mobilozas-biciklizes-kozben\/","og_locale":"hu_HU","og_type":"article","og_title":"Mobiloz\u00e1s bicikliz\u00e9s k\u00f6zben?","og_description":"Technikailag teh\u00e1t a ker\u00e9kp\u00e1rosokra is igaz, hogy halad\u00e1s k\u00f6zben, a forgalom r\u00e9sztvev\u0151jek\u00e9nt nem haszn\u00e1lhat\u00f3 k\u00e9zben tartott mobiltelefon.","og_url":"https:\/\/www.welovecycling.com\/hu\/biztonsag\/mobilozas-biciklizes-kozben\/","og_site_name":"\u0160koda We Love Cycling - Magyarorsz\u00e1g","article_publisher":"https:\/\/www.facebook.com\/WeLoveCyclingHungary\/","article_published_time":"2018-11-02T08:00:07+00:00","og_image":[{"width":1920,"height":1080,"url":"https:\/\/d2p6e6u75xmxt8.cloudfront.net\/12\/2018\/10\/WLC_mobilozas_biciklizes_kozben_2.jpg","type":"image\/jpeg"}],"author":"hegyizs","twitter_card":"summary_large_image","twitter_misc":{"Written by":"hegyizs","Est. reading time":"5 minutes"},"schema":{"@context":"https:\/\/schema.org","@graph":[{"@type":"WebPage","@id":"https:\/\/www.welovecycling.com\/hu\/biztonsag\/mobilozas-biciklizes-kozben\/","url":"https:\/\/www.welovecycling.com\/hu\/biztonsag\/mobilozas-biciklizes-kozben\/","name":"Mobiloz\u00e1s bicikliz\u00e9s k\u00f6zben? - \u0160koda We Love Cycling - Magyarorsz\u00e1g","isPartOf":{"@id":"https:\/\/www.welovecycling.com\/hu\/#website"},"primaryImageOfPage":{"@id":"https:\/\/www.welovecycling.com\/hu\/biztonsag\/mobilozas-biciklizes-kozben\/#primaryimage"},"image":{"@id":"https:\/\/www.welovecycling.com\/hu\/biztonsag\/mobilozas-biciklizes-kozben\/#primaryimage"},"thumbnailUrl":"https:\/\/d2p6e6u75xmxt8.cloudfront.net\/12\/2018\/10\/WLC_mobilozas_biciklizes_kozben_2.jpg","datePublished":"2018-11-02T08:00:07+00:00","author":{"@id":"https:\/\/www.welovecycling.com\/hu\/#\/schema\/person\/414a2aebf1801691a5320edb6468e194"},"description":"Technikailag teh\u00e1t a ker\u00e9kp\u00e1rosokra is igaz, hogy halad\u00e1s k\u00f6zben, a forgalom r\u00e9sztvev\u0151jek\u00e9nt nem haszn\u00e1lhat\u00f3 k\u00e9zben tartott mobiltelefon.","breadcrumb":{"@id":"https:\/\/www.welovecycling.com\/hu\/biztonsag\/mobilozas-biciklizes-kozben\/#breadcrumb"},"inLanguage":"hu","potentialAction":[{"@type":"ReadAction","target":["https:\/\/www.welovecycling.com\/hu\/biztonsag\/mobilozas-biciklizes-kozben\/"]}]},{"@type":"ImageObject","inLanguage":"hu","@id":"https:\/\/www.welovecycling.com\/hu\/biztonsag\/mobilozas-biciklizes-kozben\/#primaryimage","url":"https:\/\/d2p6e6u75xmxt8.cloudfront.net\/12\/2018\/10\/WLC_mobilozas_biciklizes_kozben_2.jpg","contentUrl":"https:\/\/d2p6e6u75xmxt8.cloudfront.net\/12\/2018\/10\/WLC_mobilozas_biciklizes_kozben_2.jpg","width":1920,"height":1080,"caption":"mobiloz\u00e1s bicikliz\u00e9s k\u00f6zben"},{"@type":"BreadcrumbList","@id":"https:\/\/www.welovecycling.com\/hu\/biztonsag\/mobilozas-biciklizes-kozben\/#breadcrumb","itemListElement":[{"@type":"ListItem","position":1,"name":"Home","item":"https:\/\/www.welovecycling.com\/hu\/"},{"@type":"ListItem","position":2,"name":"Mobiloz\u00e1s bicikliz\u00e9s k\u00f6zben?"}]},{"@type":"WebSite","@id":"https:\/\/www.welovecycling.com\/hu\/#website","url":"https:\/\/www.welovecycling.com\/hu\/","name":"\u0160koda We Love Cycling - Magyarorsz\u00e1g","description":"\u0160koda WeLoveCycling","potentialAction":[{"@type":"SearchAction","target":{"@type":"EntryPoint","urlTemplate":"https:\/\/www.welovecycling.com\/hu\/?s={search_term_string}"},"query-input":{"@type":"PropertyValueSpecification","valueRequired":true,"valueName":"search_term_string"}}],"inLanguage":"hu"},{"@type":"Person","@id":"https:\/\/www.welovecycling.com\/hu\/#\/schema\/person\/414a2aebf1801691a5320edb6468e194","name":"hegyizs","image":{"@type":"ImageObject","inLanguage":"hu","@id":"https:\/\/www.welovecycling.com\/hu\/#\/schema\/person\/image\/","url":"https:\/\/secure.gravatar.com\/avatar\/02cf8a7906b8cf90cecb4679defac7cfd33a1c2e3b88e4903d947f3bb58eedd3?s=96&d=mm&r=g","contentUrl":"https:\/\/secure.gravatar.com\/avatar\/02cf8a7906b8cf90cecb4679defac7cfd33a1c2e3b88e4903d947f3bb58eedd3?s=96&d=mm&r=g","caption":"hegyizs"},"url":"https:\/\/www.welovecycling.com\/hu\/author\/hegyizs\/"}]}},"_links":{"self":[{"href":"https:\/\/www.welovecycling.com\/hu\/wp-json\/wp\/v2\/posts\/1986","targetHints":{"allow":["GET"]}}],"collection":[{"href":"https:\/\/www.welovecycling.com\/hu\/wp-json\/wp\/v2\/posts"}],"about":[{"href":"https:\/\/www.welovecycling.com\/hu\/wp-json\/wp\/v2\/types\/post"}],"author":[{"embeddable":true,"href":"https:\/\/www.welovecycling.com\/hu\/wp-json\/wp\/v2\/users\/71"}],"replies":[{"embeddable":true,"href":"https:\/\/www.welovecycling.com\/hu\/wp-json\/wp\/v2\/comments?post=1986"}],"version-history":[{"count":2,"href":"https:\/\/www.welovecycling.com\/hu\/wp-json\/wp\/v2\/posts\/1986\/revisions"}],"predecessor-version":[{"id":2034,"href":"https:\/\/www.welovecycling.com\/hu\/wp-json\/wp\/v2\/posts\/1986\/revisions\/2034"}],"wp:featuredmedia":[{"embeddable":true,"href":"https:\/\/www.welovecycling.com\/hu\/wp-json\/wp\/v2\/media\/1987"}],"wp:attachment":[{"href":"https:\/\/www.welovecycling.com\/hu\/wp-json\/wp\/v2\/media?parent=1986"}],"wp:term":[{"taxonomy":"category","embeddable":true,"href":"https:\/\/www.welovecycling.com\/hu\/wp-json\/wp\/v2\/categories?post=1986"},{"taxonomy":"post_tag","embeddable":true,"href":"https:\/\/www.welovecycling.com\/hu\/wp-json\/wp\/v2\/tags?post=1986"},{"taxonomy":"global-categories","embeddable":true,"href":"https:\/\/www.welovecycling.com\/hu\/wp-json\/wp\/v2\/global-categories?post=1986"}],"curies":[{"name":"wp","href":"https:\/\/api.w.org\/{rel}","templated":true}]}}