{"id":1973,"date":"2018-10-18T16:00:20","date_gmt":"2018-10-18T16:00:20","guid":{"rendered":"https:\/\/www.welovecycling.com\/hu\/?p=1973"},"modified":"2018-10-13T07:30:41","modified_gmt":"2018-10-13T07:30:41","slug":"tippek-a-lejtotol-valo-felelem-legyozesere","status":"publish","type":"post","link":"https:\/\/www.welovecycling.com\/hu\/orszaguti-kerekpar\/tippek-a-lejtotol-valo-felelem-legyozesere\/","title":{"rendered":"Tippek a lejt\u0151t\u0151l val\u00f3 f\u00e9lelem legy\u0151z\u00e9s\u00e9re"},"content":{"rendered":"<p><strong>Sikeresen r\u00f6gz\u00edtetted a bring\u00e1dat a tet\u0151csomagtart\u00f3n, \u00e9s elaut\u00f3zt\u00e1l vele a d\u00f6bbenetesen meredek p\u00e1lya tetej\u00e9re, amir\u0151l a haverod mes\u00e9lt. Felpattansz a biciklire, \u00e9s ekkor j\u00f6ssz r\u00e1, milyen meredek a lejt\u0151 val\u00f3j\u00e1ban. N\u00e9mi k\u00e9ts\u00e9gbees\u00e9s vesz rajtad er\u0151t. Hogyan lehetsz \u00farr\u00e1 az ismeretlent\u0151l val\u00f3 f\u00e9lelmen?<\/strong><\/p>\n<h2>Parkolj a hegy alj\u00e1n\u00e1l<\/h2>\n<p>A bicikliz\u00e9s 55. sz\u00e1m\u00fa szab\u00e1lya szerint, ki kell \u00e9rdemelni a nagy l\u00e9p\u00e9seket. J\u00f3 p\u00e1r el\u0151nye van annak, ha el\u0151sz\u00f6r\u00a0 feltekersz a dombra, de a legf\u0151bb ezek k\u00f6z\u00fcl az, hogy r\u00e1k\u00e9nyszer\u00edt, hogy lassan tekerj v\u00e9gig az \u00fatvonalon, \u00e9s tervezni tudj az \u00f6sszes lehets\u00e9ges akad\u00e1llyal \u00e9s vesz\u00e9llyel. Figyelj oda az \u00fatviszonyokra is, mik\u00f6zben felkapaszkodsz a cs\u00facsra.<\/p>\n<p><a href=\"https:\/\/d2p6e6u75xmxt8.cloudfront.net\/12\/2018\/10\/ker\u00e9kp\u00e1ros-magazin.jpg\"><img loading=\"lazy\" decoding=\"async\" class=\"alignnone size-full wp-image-1974\" src=\"https:\/\/d2p6e6u75xmxt8.cloudfront.net\/12\/2018\/10\/ker\u00e9kp\u00e1ros-magazin.jpg\" alt=\"ker\u00e9kp\u00e1ros magazin we love cycling\" width=\"1377\" height=\"918\" srcset=\"https:\/\/d2p6e6u75xmxt8.cloudfront.net\/12\/2018\/10\/ker\u00e9kp\u00e1ros-magazin.jpg 1377w, https:\/\/d2p6e6u75xmxt8.cloudfront.net\/12\/2018\/10\/ker\u00e9kp\u00e1ros-magazin-300x200.jpg 300w, https:\/\/d2p6e6u75xmxt8.cloudfront.net\/12\/2018\/10\/ker\u00e9kp\u00e1ros-magazin-768x512.jpg 768w, https:\/\/d2p6e6u75xmxt8.cloudfront.net\/12\/2018\/10\/ker\u00e9kp\u00e1ros-magazin-1024x683.jpg 1024w, https:\/\/d2p6e6u75xmxt8.cloudfront.net\/12\/2018\/10\/ker\u00e9kp\u00e1ros-magazin-272x182.jpg 272w\" sizes=\"auto, (max-width: 1377px) 100vw, 1377px\" \/><\/a><\/p>\n<p><em>Gaspi most tudta meg, hogy hegyet kell m\u00e1sznia<\/em><\/p>\n<p>A lentr\u0151l indul\u00e1s m\u00e1sik el\u0151nye, hogy a feljut\u00e1shoz sz\u00fcks\u00e9ges er\u0151fesz\u00edt\u00e9s miatt nem lesz olyan hirtelen az adrenalin sokk. Feltekerni igaz\u00e1n neh\u00e9z- lebiciklizni pedig a jutalom. \u00cdgy lehet \u201eki\u00e9rdemelni\u201d a nagy l\u00e9p\u00e9seket.<\/p>\n<h2>F\u00e9kek<\/h2>\n<p>A lejt\u0151k azt is jelentik, hogy gyorsan fogsz menni, \u00e9s nem ritk\u00e1n kell <a href=\"https:\/\/www.welovecycling.com\/wide\/2017\/03\/13\/nobody-puts-bike-corner-tips-better-descents\/\">nagy sebess\u00e9ggel kanyarodnod is<\/a>. \u00cdgy pedig az is biztos, hogy j\u00f3 sokszor fogod a f\u00e9keket haszn\u00e1lni. Ellen\u0151rizd, nem koptak-e el a f\u00e9kpof\u00e1k &#8211; k\u00fcl\u00f6n\u00f6sen akkor, ha hossz\u00fa id\u0151 ut\u00e1n el\u0151sz\u00f6r haszn\u00e1lod a biciklit \u00fajra. \u00c1ll\u00edts a bowdenen, ha sz\u00fcks\u00e9ges.<\/p>\n<p>Azon is \u00e9rdemes elgondolkodni, t\u00e9nyleg sz\u00fcks\u00e9ged van-e karbon kerekekre, k\u00fcl\u00f6n\u00f6sen, ha ny\u00edlt orsz\u00e1g\u00faton tekersz g\u00e9pj\u00e1rm\u0171vek k\u00f6z\u00f6tt. A karbon f\u00e9kez\u00e9si technika (b\u00e1r sokat fejl\u0151d\u00f6tt) vesz\u00edt a hat\u00e1sfok\u00e1b\u00f3l, ha felmelegszik. Ha aszfaltozott szerpentinen csorogsz le, biztons\u00e1gosabban fogod \u00e9rezni magad az alum\u00ednium ker\u00e9kszettel.<\/p>\n<h2>Guminyom\u00e1s<\/h2>\n<p>Re\u00e1lisan n\u00e9zve a lejt\u0151z\u00e9s l\u00e9nyege az, hogy szeretn\u00e9l gyorsan hajtani, ez\u00e9rt nagy a k\u00eds\u00e9rt\u00e9s, hogy a lehet\u0151 legnagyobbra pump\u00e1ld a nyom\u00e1st a gumikban. De ilyenkor az els\u0151 sz\u0171k kanyar\u00edven m\u00e1r \u00e9rezni fogod a vesz\u00e9ly\u00e9t annak, hogy a gumi merev oldalfala leugorjon az abroncsr\u00f3l a r\u00e1 nehezed\u0151 nagy nyom\u00e1s hat\u00e1s\u00e1ra.<\/p>\n<p>Az mindenk\u00e9ppen fontos, hogy a felfel\u00e9 \u00faton maxim\u00e1lis legyen a guminyom\u00e1s, \u00edgy n\u0151 a hat\u00e9konys\u00e1g \u00e9s cs\u00f6kken a g\u00f6rd\u00fcl\u00e9si ellen\u00e1ll\u00e1s. De amikor lefel\u00e9 indulsz, \u00e9rdemes kicsit kiengedni a gumib\u00f3l<\/p>\n<h2>\u00c9lvezd a kil\u00e1t\u00e1st<\/h2>\n<p>Csak az\u00e9rt, mert lefel\u00e9 tekersz egy dombon, m\u00e9g nem musz\u00e1j rohannod. Mi\u00e9rt ne pr\u00f3b\u00e1ln\u00e1d kicsit lassabban? \u00cdgy alkalmad lesz gy\u00f6ny\u00f6rk\u00f6dni a l\u00e9legzetel\u00e1ll\u00edt\u00f3 kil\u00e1t\u00e1sban, \u00e9s marad id\u0151d arra is, hogy szemmel tartsd az utat.<\/p>\n<p><a href=\"https:\/\/d2p6e6u75xmxt8.cloudfront.net\/12\/2018\/10\/biciklis-magazin.jpg\"><img loading=\"lazy\" decoding=\"async\" class=\"size-full wp-image-1975\" src=\"https:\/\/d2p6e6u75xmxt8.cloudfront.net\/12\/2018\/10\/biciklis-magazin.jpg\" alt=\"biciklis magazin\" width=\"1250\" height=\"827\" srcset=\"https:\/\/d2p6e6u75xmxt8.cloudfront.net\/12\/2018\/10\/biciklis-magazin.jpg 1250w, https:\/\/d2p6e6u75xmxt8.cloudfront.net\/12\/2018\/10\/biciklis-magazin-300x198.jpg 300w, https:\/\/d2p6e6u75xmxt8.cloudfront.net\/12\/2018\/10\/biciklis-magazin-768x508.jpg 768w, https:\/\/d2p6e6u75xmxt8.cloudfront.net\/12\/2018\/10\/biciklis-magazin-1024x677.jpg 1024w\" sizes=\"auto, (max-width: 1250px) 100vw, 1250px\" \/><\/a><\/p>\n<p>Az biztos, hogy nagy rangot jelent egy profi ker\u00e9kp\u00e1ros csapat tagj\u00e1nak lenni &#8211; de b\u00e1rmelyik sportol\u00f3t megk\u00e9rdezheted, mind azt fogj\u00e1k mondani, hogy az edz\u0151k\u00f6r\u00f6k \u00e9s bemeleg\u00edt\u00e9sek sokkal \u00e9lvezetesebbek, mint maga a verseny. Ne feledd: a nagy sebess\u00e9g a versenyekre val\u00f3. Ha lehet v\u00e1lasztani, a profik is lassan mennek.<\/p>\n","protected":false},"excerpt":{"rendered":"<p>Sikeresen r\u00f6gz\u00edtetted a bring\u00e1dat a tet\u0151csomagtart\u00f3n, \u00e9s elaut\u00f3zt\u00e1l vele a d\u00f6bbenetesen meredek p\u00e1lya tetej\u00e9re, amir\u0151l a haverod mes\u00e9lt. Felpattansz a [&hellip;]<\/p>\n","protected":false},"author":71,"featured_media":1976,"comment_status":"open","ping_status":"open","sticky":false,"template":"","format":"standard","meta":{"footnotes":""},"categories":[8],"tags":[17,106,16,22,82],"global-categories":[],"class_list":["post-1973","post","type-post","status-publish","format-standard","has-post-thumbnail","hentry","category-orszaguti-kerekpar","tag-bicikli","tag-bringa","tag-kerekpar","tag-kerekparozas","tag-orszaguti-kerekpar"],"yoast_head":"<!-- This site is optimized with the Yoast SEO Premium plugin v25.3 (Yoast SEO v25.9) - https:\/\/yoast.com\/wordpress\/plugins\/seo\/ -->\n<title>Tippek a lejt\u0151t\u0151l val\u00f3 f\u00e9lelem legy\u0151z\u00e9s\u00e9re - \u0160koda We Love Cycling - Magyarorsz\u00e1g<\/title>\n<meta name=\"description\" content=\"Felpattansz a biciklire, \u00e9s ekkor j\u00f6ssz r\u00e1, milyen meredek a lejt\u0151 val\u00f3j\u00e1ban. Tudd meg hogyan lehetsz \u00farr\u00e1 az ismeretlent\u0151l val\u00f3 f\u00e9lelmen.\" \/>\n<meta name=\"robots\" content=\"index, follow, max-snippet:-1, max-image-preview:large, max-video-preview:-1\" \/>\n<link rel=\"canonical\" href=\"https:\/\/www.welovecycling.com\/hu\/orszaguti-kerekpar\/tippek-a-lejtotol-valo-felelem-legyozesere\/\" \/>\n<meta property=\"og:locale\" content=\"hu_HU\" \/>\n<meta property=\"og:type\" content=\"article\" \/>\n<meta property=\"og:title\" content=\"Tippek a lejt\u0151t\u0151l val\u00f3 f\u00e9lelem legy\u0151z\u00e9s\u00e9re\" \/>\n<meta property=\"og:description\" content=\"Felpattansz a biciklire, \u00e9s ekkor j\u00f6ssz r\u00e1, milyen meredek a lejt\u0151 val\u00f3j\u00e1ban. Tudd meg hogyan lehetsz \u00farr\u00e1 az ismeretlent\u0151l val\u00f3 f\u00e9lelmen.\" \/>\n<meta property=\"og:url\" content=\"https:\/\/www.welovecycling.com\/hu\/orszaguti-kerekpar\/tippek-a-lejtotol-valo-felelem-legyozesere\/\" \/>\n<meta property=\"og:site_name\" content=\"\u0160koda We Love Cycling - Magyarorsz\u00e1g\" \/>\n<meta property=\"article:publisher\" content=\"https:\/\/www.facebook.com\/WeLoveCyclingHungary\/\" \/>\n<meta property=\"article:published_time\" content=\"2018-10-18T16:00:20+00:00\" \/>\n<meta property=\"og:image\" content=\"https:\/\/d2p6e6u75xmxt8.cloudfront.net\/12\/2018\/10\/welovecycling_ker\u00e9kp\u00e1roz\u00e1s.jpg\" \/>\n\t<meta property=\"og:image:width\" content=\"1375\" \/>\n\t<meta property=\"og:image:height\" content=\"600\" \/>\n\t<meta property=\"og:image:type\" content=\"image\/jpeg\" \/>\n<meta name=\"author\" content=\"hegyizs\" \/>\n<meta name=\"twitter:card\" content=\"summary_large_image\" \/>\n<meta name=\"twitter:label1\" content=\"Written by\" \/>\n\t<meta name=\"twitter:data1\" content=\"hegyizs\" \/>\n\t<meta name=\"twitter:label2\" content=\"Est. reading time\" \/>\n\t<meta name=\"twitter:data2\" content=\"3 minutes\" \/>\n<script type=\"application\/ld+json\" class=\"yoast-schema-graph\">{\"@context\":\"https:\/\/schema.org\",\"@graph\":[{\"@type\":\"WebPage\",\"@id\":\"https:\/\/www.welovecycling.com\/hu\/orszaguti-kerekpar\/tippek-a-lejtotol-valo-felelem-legyozesere\/\",\"url\":\"https:\/\/www.welovecycling.com\/hu\/orszaguti-kerekpar\/tippek-a-lejtotol-valo-felelem-legyozesere\/\",\"name\":\"Tippek a lejt\u0151t\u0151l val\u00f3 f\u00e9lelem legy\u0151z\u00e9s\u00e9re - \u0160koda We Love Cycling - Magyarorsz\u00e1g\",\"isPartOf\":{\"@id\":\"https:\/\/www.welovecycling.com\/hu\/#website\"},\"primaryImageOfPage\":{\"@id\":\"https:\/\/www.welovecycling.com\/hu\/orszaguti-kerekpar\/tippek-a-lejtotol-valo-felelem-legyozesere\/#primaryimage\"},\"image\":{\"@id\":\"https:\/\/www.welovecycling.com\/hu\/orszaguti-kerekpar\/tippek-a-lejtotol-valo-felelem-legyozesere\/#primaryimage\"},\"thumbnailUrl\":\"https:\/\/d2p6e6u75xmxt8.cloudfront.net\/12\/2018\/10\/welovecycling_ker\u00e9kp\u00e1roz\u00e1s.jpg\",\"datePublished\":\"2018-10-18T16:00:20+00:00\",\"author\":{\"@id\":\"https:\/\/www.welovecycling.com\/hu\/#\/schema\/person\/414a2aebf1801691a5320edb6468e194\"},\"description\":\"Felpattansz a biciklire, \u00e9s ekkor j\u00f6ssz r\u00e1, milyen meredek a lejt\u0151 val\u00f3j\u00e1ban. Tudd meg hogyan lehetsz \u00farr\u00e1 az ismeretlent\u0151l val\u00f3 f\u00e9lelmen.\",\"breadcrumb\":{\"@id\":\"https:\/\/www.welovecycling.com\/hu\/orszaguti-kerekpar\/tippek-a-lejtotol-valo-felelem-legyozesere\/#breadcrumb\"},\"inLanguage\":\"hu\",\"potentialAction\":[{\"@type\":\"ReadAction\",\"target\":[\"https:\/\/www.welovecycling.com\/hu\/orszaguti-kerekpar\/tippek-a-lejtotol-valo-felelem-legyozesere\/\"]}]},{\"@type\":\"ImageObject\",\"inLanguage\":\"hu\",\"@id\":\"https:\/\/www.welovecycling.com\/hu\/orszaguti-kerekpar\/tippek-a-lejtotol-valo-felelem-legyozesere\/#primaryimage\",\"url\":\"https:\/\/d2p6e6u75xmxt8.cloudfront.net\/12\/2018\/10\/welovecycling_ker\u00e9kp\u00e1roz\u00e1s.jpg\",\"contentUrl\":\"https:\/\/d2p6e6u75xmxt8.cloudfront.net\/12\/2018\/10\/welovecycling_ker\u00e9kp\u00e1roz\u00e1s.jpg\",\"width\":1375,\"height\":600},{\"@type\":\"BreadcrumbList\",\"@id\":\"https:\/\/www.welovecycling.com\/hu\/orszaguti-kerekpar\/tippek-a-lejtotol-valo-felelem-legyozesere\/#breadcrumb\",\"itemListElement\":[{\"@type\":\"ListItem\",\"position\":1,\"name\":\"Home\",\"item\":\"https:\/\/www.welovecycling.com\/hu\/\"},{\"@type\":\"ListItem\",\"position\":2,\"name\":\"Tippek a lejt\u0151t\u0151l val\u00f3 f\u00e9lelem legy\u0151z\u00e9s\u00e9re\"}]},{\"@type\":\"WebSite\",\"@id\":\"https:\/\/www.welovecycling.com\/hu\/#website\",\"url\":\"https:\/\/www.welovecycling.com\/hu\/\",\"name\":\"\u0160koda We Love Cycling - Magyarorsz\u00e1g\",\"description\":\"\u0160koda WeLoveCycling\",\"potentialAction\":[{\"@type\":\"SearchAction\",\"target\":{\"@type\":\"EntryPoint\",\"urlTemplate\":\"https:\/\/www.welovecycling.com\/hu\/?s={search_term_string}\"},\"query-input\":{\"@type\":\"PropertyValueSpecification\",\"valueRequired\":true,\"valueName\":\"search_term_string\"}}],\"inLanguage\":\"hu\"},{\"@type\":\"Person\",\"@id\":\"https:\/\/www.welovecycling.com\/hu\/#\/schema\/person\/414a2aebf1801691a5320edb6468e194\",\"name\":\"hegyizs\",\"image\":{\"@type\":\"ImageObject\",\"inLanguage\":\"hu\",\"@id\":\"https:\/\/www.welovecycling.com\/hu\/#\/schema\/person\/image\/\",\"url\":\"https:\/\/secure.gravatar.com\/avatar\/02cf8a7906b8cf90cecb4679defac7cfd33a1c2e3b88e4903d947f3bb58eedd3?s=96&d=mm&r=g\",\"contentUrl\":\"https:\/\/secure.gravatar.com\/avatar\/02cf8a7906b8cf90cecb4679defac7cfd33a1c2e3b88e4903d947f3bb58eedd3?s=96&d=mm&r=g\",\"caption\":\"hegyizs\"},\"url\":\"https:\/\/www.welovecycling.com\/hu\/author\/hegyizs\/\"}]}<\/script>\n<!-- \/ Yoast SEO Premium plugin. -->","yoast_head_json":{"title":"Tippek a lejt\u0151t\u0151l val\u00f3 f\u00e9lelem legy\u0151z\u00e9s\u00e9re - \u0160koda We Love Cycling - Magyarorsz\u00e1g","description":"Felpattansz a biciklire, \u00e9s ekkor j\u00f6ssz r\u00e1, milyen meredek a lejt\u0151 val\u00f3j\u00e1ban. Tudd meg hogyan lehetsz \u00farr\u00e1 az ismeretlent\u0151l val\u00f3 f\u00e9lelmen.","robots":{"index":"index","follow":"follow","max-snippet":"max-snippet:-1","max-image-preview":"max-image-preview:large","max-video-preview":"max-video-preview:-1"},"canonical":"https:\/\/www.welovecycling.com\/hu\/orszaguti-kerekpar\/tippek-a-lejtotol-valo-felelem-legyozesere\/","og_locale":"hu_HU","og_type":"article","og_title":"Tippek a lejt\u0151t\u0151l val\u00f3 f\u00e9lelem legy\u0151z\u00e9s\u00e9re","og_description":"Felpattansz a biciklire, \u00e9s ekkor j\u00f6ssz r\u00e1, milyen meredek a lejt\u0151 val\u00f3j\u00e1ban. Tudd meg hogyan lehetsz \u00farr\u00e1 az ismeretlent\u0151l val\u00f3 f\u00e9lelmen.","og_url":"https:\/\/www.welovecycling.com\/hu\/orszaguti-kerekpar\/tippek-a-lejtotol-valo-felelem-legyozesere\/","og_site_name":"\u0160koda We Love Cycling - Magyarorsz\u00e1g","article_publisher":"https:\/\/www.facebook.com\/WeLoveCyclingHungary\/","article_published_time":"2018-10-18T16:00:20+00:00","og_image":[{"width":1375,"height":600,"url":"https:\/\/d2p6e6u75xmxt8.cloudfront.net\/12\/2018\/10\/welovecycling_ker\u00e9kp\u00e1roz\u00e1s.jpg","type":"image\/jpeg"}],"author":"hegyizs","twitter_card":"summary_large_image","twitter_misc":{"Written by":"hegyizs","Est. reading time":"3 minutes"},"schema":{"@context":"https:\/\/schema.org","@graph":[{"@type":"WebPage","@id":"https:\/\/www.welovecycling.com\/hu\/orszaguti-kerekpar\/tippek-a-lejtotol-valo-felelem-legyozesere\/","url":"https:\/\/www.welovecycling.com\/hu\/orszaguti-kerekpar\/tippek-a-lejtotol-valo-felelem-legyozesere\/","name":"Tippek a lejt\u0151t\u0151l val\u00f3 f\u00e9lelem legy\u0151z\u00e9s\u00e9re - \u0160koda We Love Cycling - Magyarorsz\u00e1g","isPartOf":{"@id":"https:\/\/www.welovecycling.com\/hu\/#website"},"primaryImageOfPage":{"@id":"https:\/\/www.welovecycling.com\/hu\/orszaguti-kerekpar\/tippek-a-lejtotol-valo-felelem-legyozesere\/#primaryimage"},"image":{"@id":"https:\/\/www.welovecycling.com\/hu\/orszaguti-kerekpar\/tippek-a-lejtotol-valo-felelem-legyozesere\/#primaryimage"},"thumbnailUrl":"https:\/\/d2p6e6u75xmxt8.cloudfront.net\/12\/2018\/10\/welovecycling_ker\u00e9kp\u00e1roz\u00e1s.jpg","datePublished":"2018-10-18T16:00:20+00:00","author":{"@id":"https:\/\/www.welovecycling.com\/hu\/#\/schema\/person\/414a2aebf1801691a5320edb6468e194"},"description":"Felpattansz a biciklire, \u00e9s ekkor j\u00f6ssz r\u00e1, milyen meredek a lejt\u0151 val\u00f3j\u00e1ban. Tudd meg hogyan lehetsz \u00farr\u00e1 az ismeretlent\u0151l val\u00f3 f\u00e9lelmen.","breadcrumb":{"@id":"https:\/\/www.welovecycling.com\/hu\/orszaguti-kerekpar\/tippek-a-lejtotol-valo-felelem-legyozesere\/#breadcrumb"},"inLanguage":"hu","potentialAction":[{"@type":"ReadAction","target":["https:\/\/www.welovecycling.com\/hu\/orszaguti-kerekpar\/tippek-a-lejtotol-valo-felelem-legyozesere\/"]}]},{"@type":"ImageObject","inLanguage":"hu","@id":"https:\/\/www.welovecycling.com\/hu\/orszaguti-kerekpar\/tippek-a-lejtotol-valo-felelem-legyozesere\/#primaryimage","url":"https:\/\/d2p6e6u75xmxt8.cloudfront.net\/12\/2018\/10\/welovecycling_ker\u00e9kp\u00e1roz\u00e1s.jpg","contentUrl":"https:\/\/d2p6e6u75xmxt8.cloudfront.net\/12\/2018\/10\/welovecycling_ker\u00e9kp\u00e1roz\u00e1s.jpg","width":1375,"height":600},{"@type":"BreadcrumbList","@id":"https:\/\/www.welovecycling.com\/hu\/orszaguti-kerekpar\/tippek-a-lejtotol-valo-felelem-legyozesere\/#breadcrumb","itemListElement":[{"@type":"ListItem","position":1,"name":"Home","item":"https:\/\/www.welovecycling.com\/hu\/"},{"@type":"ListItem","position":2,"name":"Tippek a lejt\u0151t\u0151l val\u00f3 f\u00e9lelem legy\u0151z\u00e9s\u00e9re"}]},{"@type":"WebSite","@id":"https:\/\/www.welovecycling.com\/hu\/#website","url":"https:\/\/www.welovecycling.com\/hu\/","name":"\u0160koda We Love Cycling - Magyarorsz\u00e1g","description":"\u0160koda WeLoveCycling","potentialAction":[{"@type":"SearchAction","target":{"@type":"EntryPoint","urlTemplate":"https:\/\/www.welovecycling.com\/hu\/?s={search_term_string}"},"query-input":{"@type":"PropertyValueSpecification","valueRequired":true,"valueName":"search_term_string"}}],"inLanguage":"hu"},{"@type":"Person","@id":"https:\/\/www.welovecycling.com\/hu\/#\/schema\/person\/414a2aebf1801691a5320edb6468e194","name":"hegyizs","image":{"@type":"ImageObject","inLanguage":"hu","@id":"https:\/\/www.welovecycling.com\/hu\/#\/schema\/person\/image\/","url":"https:\/\/secure.gravatar.com\/avatar\/02cf8a7906b8cf90cecb4679defac7cfd33a1c2e3b88e4903d947f3bb58eedd3?s=96&d=mm&r=g","contentUrl":"https:\/\/secure.gravatar.com\/avatar\/02cf8a7906b8cf90cecb4679defac7cfd33a1c2e3b88e4903d947f3bb58eedd3?s=96&d=mm&r=g","caption":"hegyizs"},"url":"https:\/\/www.welovecycling.com\/hu\/author\/hegyizs\/"}]}},"_links":{"self":[{"href":"https:\/\/www.welovecycling.com\/hu\/wp-json\/wp\/v2\/posts\/1973","targetHints":{"allow":["GET"]}}],"collection":[{"href":"https:\/\/www.welovecycling.com\/hu\/wp-json\/wp\/v2\/posts"}],"about":[{"href":"https:\/\/www.welovecycling.com\/hu\/wp-json\/wp\/v2\/types\/post"}],"author":[{"embeddable":true,"href":"https:\/\/www.welovecycling.com\/hu\/wp-json\/wp\/v2\/users\/71"}],"replies":[{"embeddable":true,"href":"https:\/\/www.welovecycling.com\/hu\/wp-json\/wp\/v2\/comments?post=1973"}],"version-history":[{"count":2,"href":"https:\/\/www.welovecycling.com\/hu\/wp-json\/wp\/v2\/posts\/1973\/revisions"}],"predecessor-version":[{"id":1979,"href":"https:\/\/www.welovecycling.com\/hu\/wp-json\/wp\/v2\/posts\/1973\/revisions\/1979"}],"wp:featuredmedia":[{"embeddable":true,"href":"https:\/\/www.welovecycling.com\/hu\/wp-json\/wp\/v2\/media\/1976"}],"wp:attachment":[{"href":"https:\/\/www.welovecycling.com\/hu\/wp-json\/wp\/v2\/media?parent=1973"}],"wp:term":[{"taxonomy":"category","embeddable":true,"href":"https:\/\/www.welovecycling.com\/hu\/wp-json\/wp\/v2\/categories?post=1973"},{"taxonomy":"post_tag","embeddable":true,"href":"https:\/\/www.welovecycling.com\/hu\/wp-json\/wp\/v2\/tags?post=1973"},{"taxonomy":"global-categories","embeddable":true,"href":"https:\/\/www.welovecycling.com\/hu\/wp-json\/wp\/v2\/global-categories?post=1973"}],"curies":[{"name":"wp","href":"https:\/\/api.w.org\/{rel}","templated":true}]}}