{"id":1964,"date":"2018-10-15T07:00:49","date_gmt":"2018-10-15T07:00:49","guid":{"rendered":"https:\/\/www.welovecycling.com\/hu\/?p=1964"},"modified":"2018-10-24T14:55:14","modified_gmt":"2018-10-24T14:55:14","slug":"mit-kell-tudnod-a-kerekparos-maszkokrol","status":"publish","type":"post","link":"https:\/\/www.welovecycling.com\/hu\/varosi-kerekparozas\/mit-kell-tudnod-a-kerekparos-maszkokrol\/","title":{"rendered":"Mit kell tudnod a ker\u00e9kp\u00e1ros maszkokr\u00f3l?"},"content":{"rendered":"<h1><span style=\"font-size: 14pt;\"><strong>Mi\u00e9rt j\u00f3k a bring\u00e1s maszkok?<\/strong><\/span><\/h1>\n<p><strong>V\u00e1rosban bring\u00e1zni nem mindig k\u00f6nny\u0171, \u00e9s most nem a k\u00f6zleked\u00e9s t\u00f6bbi szerepl\u0151j\u00e9re, az id\u0151j\u00e1r\u00e1sra vagy \u00e9pp a terepre gondolunk. Tal\u00e1n nem mindenkiben tudatosul, de a felh\u0151tlen teker\u00e9s egyik legnagyobb ellens\u00e9ge a szennyezett leveg\u0151, amit \u00fagy l\u00e9legz\u00fcnk be, mintha nem lenne holnap. Az al\u00e1bbi sorokban k\u00f6rbej\u00e1rjuk, mit kell tudnotok, ha a szmog \u00e9s a por ellen szeretn\u00e9tek v\u00e9dekezni!<\/strong><\/p>\n<h2><strong><span style=\"font-size: 12pt;\"><em>Ker\u00e9kp\u00e1ros (sport) maszkok<\/em><\/span><\/strong><\/h2>\n<p>Term\u00e9szetesen gy\u00e1rtanak kimondottan a ker\u00e9kp\u00e1rosok sz\u00e1m\u00e1ra r\u00e9szecskesz\u0171r\u0151 maszkokat, azonban hi\u00e1ba a professzion\u00e1lis hozz\u00e1\u00e1ll\u00e1s, bizony alaposan\u00a0bes\u00e9t\u00e1lhat az erd\u0151be, aki el\u0151zetes t\u00e1j\u00e9koz\u00f3d\u00e1s n\u00e9lk\u00fcl akar maszkot v\u00e1s\u00e1rolni.<\/p>\n<p>Amit szinte mindegyik bic\u00f3s maszkr\u00f3l el lehet mondani, hogy elk\u00e9peszt\u0151en vag\u00e1nyul n\u00e9znek ki. Ha valaki kor\u00e1bban rajongott, vagy rajong a Mortal Kombat sorozat\u00e9rt, a t\u00e1vol-keleti k\u00e9preg\u00e9ny- \u00e9s anim\u00e1ci\u00f3s sorozatok\u00e9rt, vagy csak szimpl\u00e1n \u00e9li a steam-punk st\u00edlust, az k\u00fcl\u00f6n\u00f6sen im\u00e1dni fogja ezeket a maszkokat, hiszen a hasznoss\u00e1gukon k\u00edv\u00fcl egy igen izgalmas megjelen\u00e9st is k\u00f6lcs\u00f6n\u00f6z visel\u0151j\u00e9nek.<\/p>\n<p>Ezeknek a maszkoknak az egyik legnagyobb tud\u00e1sa, hogy kimondottan a ker\u00e9kp\u00e1ros mozg\u00e1shoz \u00e9s mozdulatokhoz tervezt\u00e9k, az arcon stabil, de k\u00e9nyelmes marad, f\u00fcggetlen\u00fcl att\u00f3l, hogy egy kemping- vagy \u00e9pp egy versenybiciklin \u00fcl-e visel\u0151je. \u00c1ltal\u00e1ban ergon\u00f3mikus, mikrosz\u00e1las sz\u00f6vetb\u0151l k\u00e9sz\u00fclnek, amit jellemz\u0151en hypo-allerg\u00e9n r\u00e9teggel vonnak be, ami megakad\u00e1lyozza az intenz\u00edv haszn\u00e1lat k\u00f6zben el\u0151fordul\u00f3 b\u0151rirrit\u00e1ci\u00f3t. Szeleprendszer seg\u00edti a mozg\u00e1sb\u00f3l fakad\u00f3 megn\u00f6vekedett leveg\u0151 akad\u00e1lytalan \u00e1raml\u00e1s\u00e1t, tov\u00e1bb\u00e1 megakad\u00e1lyozza, hogy a h\u0151, a p\u00e1ra \u00e9s sz\u00e9n-dioxid \u00f6sszegy\u0171lj\u00f6n a maszk alatt.<\/p>\n<p>A maszkok v\u00e9delmet ny\u00fajtanak a szennyez\u0151d\u00e9sek sz\u00e9les sk\u00e1l\u00e1j\u00e1val szemben. Kisz\u0171ri a sz\u00e9nhidrog\u00e9neket, bele\u00e9rtve a benzolt (benzin), a pir\u00e9nt, a nitrog\u00e9ndioxidokat, a k\u00e9ndioxidot, az \u00f3lom oxidot, a fekete f\u00fcst\u00f6t \u00e9s sz\u00e1mos vegyi g\u0151zt \u00e9s r\u00e9szecsk\u00e9t. A v\u00e1rosi szennyez\u00e9sek mellett kisz\u0171rik a poratka \u00fcr\u00fcl\u00e9ket \u00e9s a polleneket is.<\/p>\n<p>H\u00e1tr\u00e1nyuk, hogy \u00e1ruk meglehet\u0151sen borsos, szerencs\u00e9re a maszkot j\u00f3 esetben \u201ecsak\u201d egyszer kell megvenni, hiszen az akt\u00edv sz\u00e9nsz\u0171r\u0151s filter cser\u00e9lhet\u0151 benne, ami az\u00e9rt m\u00e9rs\u00e9keli a kiad\u00e1sainkat. Ha sokat kerekezel a v\u00e1rosban, de szeretn\u00e9d m\u00e9rs\u00e9kelni a szmog \u00e9s a por okozta eg\u00e9szs\u00e9g\u00fcgyi kock\u00e1zatokat, mindenk\u00e9pp javasoljuk a r\u00e9szecskesz\u0171r\u0151s maszkok haszn\u00e1lat\u00e1t!<\/p>\n<p><a href=\"https:\/\/d2p6e6u75xmxt8.cloudfront.net\/12\/2018\/10\/Ker\u00e9kp\u00e1ros_Maszkok_We_Love_Cycling.jpg\"><img loading=\"lazy\" decoding=\"async\" class=\"alignnone size-full wp-image-1965\" src=\"https:\/\/d2p6e6u75xmxt8.cloudfront.net\/12\/2018\/10\/Ker\u00e9kp\u00e1ros_Maszkok_We_Love_Cycling.jpg\" alt=\"ker\u00e9kp\u00e1ros maszkok\" width=\"880\" height=\"605\" srcset=\"https:\/\/d2p6e6u75xmxt8.cloudfront.net\/12\/2018\/10\/Ker\u00e9kp\u00e1ros_Maszkok_We_Love_Cycling.jpg 880w, https:\/\/d2p6e6u75xmxt8.cloudfront.net\/12\/2018\/10\/Ker\u00e9kp\u00e1ros_Maszkok_We_Love_Cycling-300x206.jpg 300w, https:\/\/d2p6e6u75xmxt8.cloudfront.net\/12\/2018\/10\/Ker\u00e9kp\u00e1ros_Maszkok_We_Love_Cycling-768x528.jpg 768w\" sizes=\"auto, (max-width: 880px) 100vw, 880px\" \/><\/a><\/p>\n<h3><strong><em>Munkav\u00e9delmi r\u00e9szecskesz\u0171r\u0151 maszkok<\/em><\/strong><\/h3>\n<p>Olcs\u00f3 alternat\u00edv\u00e1ja lehet a professzion\u00e1lis sz\u0171r\u0151maszkoknak a bark\u00e1csboltokban kaphat\u00f3 porsz\u0171r\u0151 maszkok egyes t\u00edpusai is. B\u00e1r nem kimondottan bicikliz\u00e9shez tal\u00e1lt\u00e1k ki \u0151ket, a tervez\u0151k gondoltak arra, hogy a visel\u0151je ak\u00e1r hossz\u00fa \u00f3r\u00e1kon \u00e1t is viselheti, \u00edgy ha 2-3 \u00f3ra flexel\u00e9s ut\u00e1n nem kap idegbajt t\u0151le a visel\u0151je, akkor v\u00e9lhet\u0151en r\u00f6videbb biciklis t\u00e1vokon is m\u00e9g hordhat\u00f3 marad. B\u00e1r bark\u00e1cs munk\u00e1k k\u00f6zben ritk\u00e1n vesz olyan intenzit\u00e1ssal leveg\u0151t az ember, mint egy kiad\u00f3s bring\u00e1z\u00e1s k\u00f6zben, a legt\u00f6bb ilyen t\u00edpus\u00fa maszkon praktikus, \u00e1ll\u00edthat\u00f3 szelep is tal\u00e1lhat\u00f3, ami seg\u00edt, hogy a kil\u00e9legzett h\u0151, p\u00e1ra \u00e9s sz\u00e9ndioxid min\u00e9l kev\u00e9sb\u00e9 rekedjen a maszk alatt.<\/p>\n<p>A legt\u00f6bb ilyen t\u00edpus\u00fa maszk meglehet\u0151sen megb\u00edzhat\u00f3 sz\u0171r\u00e9ssel rendelkezik, de tov\u00e1bbra is tartsd szem el\u0151tt, hogy ink\u00e1bb ipari munk\u00e1khoz tal\u00e1lt\u00e1k ki \u0151ket. Ami hasznos, hogy v\u00e9delmet ny\u00fajtanak k\u00fcl\u00f6nb\u00f6z\u0151 szigetel\u0151anyagok, kem\u00e9nyfapor, kvarcpor, \u00f3lompor, valamint hegeszt\u00e9s sor\u00e1n felszabadul\u00f3 por ellen, tov\u00e1bb\u00e1 az azbesztet, olajk\u00f6d\u00f6t \u00e9s m\u00e1s aeroszolokat, neh\u00e9zf\u00e9meket \u00e9s bizonyos biok\u00e9miai anyagokat is hat\u00e9konyan sz\u0171rnek. Ami a felsorol\u00e1sb\u00f3l kit\u0171nik, hogy az apr\u00f3, jellemz\u0151en 2,5 mikron vagy ann\u00e1l kisebb r\u00e9szecsk\u00e9kkel, mint amilyenek a kipufog\u00f3g\u00e1zban is fellelhet\u0151k, nem vagy alig tudnak valamit kezdeni.<\/p>\n<p>El\u0151ny\u00fck, hogy relat\u00edve olcs\u00f3k \u00e9s k\u00f6nnyen beszerezhet\u0151k \u00e9s p\u00f3tolhat\u00f3ak. H\u00e1tr\u00e1nyuk, hogy a kialak\u00edt\u00e1suk \u00e9s a hat\u00e9konys\u00e1guk az eredeti rendeltet\u00e9s\u00fck alapj\u00e1n szerte\u00e1gaz\u00f3 lehet, \u00edgy nem csak ut\u00e1na kell olvasnod, hogy pontosan melyik a legmegfelel\u0151bb sz\u00e1modra porsz\u0171r\u00e9s szempontj\u00e1b\u00f3l, de val\u00f3sz\u00edn\u0171leg azt is a saj\u00e1t b\u0151r\u00f6d\u00f6n kell majd kitapasztalnod, hogy melyik a legk\u00e9nyelmesebb sz\u00e1modra.<\/p>\n<p>Ha sokat kerekezel a v\u00e1rosban, de szeretn\u00e9d m\u00e9rs\u00e9kelni a szmog \u00e9s a por okozta eg\u00e9szs\u00e9g\u00fcgyi kock\u00e1zatokat, mindenk\u00e9pp javasoljuk a r\u00e9szecskesz\u0171r\u0151s maszkok haszn\u00e1lat\u00e1t!<\/p>\n<p><a href=\"https:\/\/d2p6e6u75xmxt8.cloudfront.net\/12\/2018\/10\/r\u00e9szecskesz\u0171r\u0151-maszkok.jpg\"><img loading=\"lazy\" decoding=\"async\" class=\"alignnone size-full wp-image-1968\" src=\"https:\/\/d2p6e6u75xmxt8.cloudfront.net\/12\/2018\/10\/r\u00e9szecskesz\u0171r\u0151-maszkok.jpg\" alt=\"r\u00e9szecskesz\u0171r\u0151 maszkok\" width=\"1500\" height=\"734\" srcset=\"https:\/\/d2p6e6u75xmxt8.cloudfront.net\/12\/2018\/10\/r\u00e9szecskesz\u0171r\u0151-maszkok.jpg 1500w, https:\/\/d2p6e6u75xmxt8.cloudfront.net\/12\/2018\/10\/r\u00e9szecskesz\u0171r\u0151-maszkok-300x147.jpg 300w, https:\/\/d2p6e6u75xmxt8.cloudfront.net\/12\/2018\/10\/r\u00e9szecskesz\u0171r\u0151-maszkok-768x376.jpg 768w, https:\/\/d2p6e6u75xmxt8.cloudfront.net\/12\/2018\/10\/r\u00e9szecskesz\u0171r\u0151-maszkok-1024x501.jpg 1024w\" sizes=\"auto, (max-width: 1500px) 100vw, 1500px\" \/><\/a><\/p>\n<p>J\u00f3 h\u00e1tszelet!<\/p>\n","protected":false},"excerpt":{"rendered":"<p>Mi\u00e9rt j\u00f3k a bring\u00e1s maszkok? V\u00e1rosban bring\u00e1zni nem mindig k\u00f6nny\u0171, \u00e9s most nem a k\u00f6zleked\u00e9s t\u00f6bbi szerepl\u0151j\u00e9re, az id\u0151j\u00e1r\u00e1sra vagy [&hellip;]<\/p>\n","protected":false},"author":71,"featured_media":1969,"comment_status":"open","ping_status":"open","sticky":false,"template":"","format":"standard","meta":{"footnotes":""},"categories":[9],"tags":[216,219,217,218,128],"global-categories":[],"class_list":["post-1964","post","type-post","status-publish","format-standard","has-post-thumbnail","hentry","category-varosi-kerekparozas","tag-kerekparos-maszk","tag-reszecskeszuro-maszk","tag-sport-maszkok","tag-varosi-bringazas","tag-welovecycling"],"yoast_head":"<!-- This site is optimized with the Yoast SEO Premium plugin v25.3 (Yoast SEO v25.9) - https:\/\/yoast.com\/wordpress\/plugins\/seo\/ -->\n<title>Mit kell tudnod a ker\u00e9kp\u00e1ros maszkokr\u00f3l? - \u0160koda We Love Cycling - Magyarorsz\u00e1g<\/title>\n<meta name=\"description\" content=\"Ha sokat kerekezel a v\u00e1rosban, de szeretn\u00e9d m\u00e9rs\u00e9kelni a szmog \u00e9s a por okozta eg\u00e9szs\u00e9g\u00fcgyi kock\u00e1zatokat, mindenk\u00e9pp javasoljuk a maszkok haszn\u00e1lat\u00e1t!\" \/>\n<meta name=\"robots\" content=\"index, follow, max-snippet:-1, max-image-preview:large, max-video-preview:-1\" \/>\n<link rel=\"canonical\" href=\"https:\/\/www.welovecycling.com\/hu\/varosi-kerekparozas\/mit-kell-tudnod-a-kerekparos-maszkokrol\/\" \/>\n<meta property=\"og:locale\" content=\"hu_HU\" \/>\n<meta property=\"og:type\" content=\"article\" \/>\n<meta property=\"og:title\" content=\"Mit kell tudnod a ker\u00e9kp\u00e1ros maszkokr\u00f3l?\" \/>\n<meta property=\"og:description\" content=\"Ha sokat kerekezel a v\u00e1rosban, de szeretn\u00e9d m\u00e9rs\u00e9kelni a szmog \u00e9s a por okozta eg\u00e9szs\u00e9g\u00fcgyi kock\u00e1zatokat, mindenk\u00e9pp javasoljuk a maszkok haszn\u00e1lat\u00e1t!\" \/>\n<meta property=\"og:url\" content=\"https:\/\/www.welovecycling.com\/hu\/varosi-kerekparozas\/mit-kell-tudnod-a-kerekparos-maszkokrol\/\" \/>\n<meta property=\"og:site_name\" content=\"\u0160koda We Love Cycling - Magyarorsz\u00e1g\" \/>\n<meta property=\"article:publisher\" content=\"https:\/\/www.facebook.com\/WeLoveCyclingHungary\/\" \/>\n<meta property=\"article:published_time\" content=\"2018-10-15T07:00:49+00:00\" \/>\n<meta property=\"article:modified_time\" content=\"2018-10-24T14:55:14+00:00\" \/>\n<meta property=\"og:image\" content=\"https:\/\/d2p6e6u75xmxt8.cloudfront.net\/12\/2018\/10\/biciklis-maszkok.jpeg\" \/>\n\t<meta property=\"og:image:width\" content=\"1920\" \/>\n\t<meta property=\"og:image:height\" content=\"1080\" \/>\n\t<meta property=\"og:image:type\" content=\"image\/jpeg\" \/>\n<meta name=\"author\" content=\"hegyizs\" \/>\n<meta name=\"twitter:card\" content=\"summary_large_image\" \/>\n<meta name=\"twitter:label1\" content=\"Written by\" \/>\n\t<meta name=\"twitter:data1\" content=\"hegyizs\" \/>\n\t<meta name=\"twitter:label2\" content=\"Est. reading time\" \/>\n\t<meta name=\"twitter:data2\" content=\"4 minutes\" \/>\n<script type=\"application\/ld+json\" class=\"yoast-schema-graph\">{\"@context\":\"https:\/\/schema.org\",\"@graph\":[{\"@type\":\"WebPage\",\"@id\":\"https:\/\/www.welovecycling.com\/hu\/varosi-kerekparozas\/mit-kell-tudnod-a-kerekparos-maszkokrol\/\",\"url\":\"https:\/\/www.welovecycling.com\/hu\/varosi-kerekparozas\/mit-kell-tudnod-a-kerekparos-maszkokrol\/\",\"name\":\"Mit kell tudnod a ker\u00e9kp\u00e1ros maszkokr\u00f3l? - \u0160koda We Love Cycling - Magyarorsz\u00e1g\",\"isPartOf\":{\"@id\":\"https:\/\/www.welovecycling.com\/hu\/#website\"},\"primaryImageOfPage\":{\"@id\":\"https:\/\/www.welovecycling.com\/hu\/varosi-kerekparozas\/mit-kell-tudnod-a-kerekparos-maszkokrol\/#primaryimage\"},\"image\":{\"@id\":\"https:\/\/www.welovecycling.com\/hu\/varosi-kerekparozas\/mit-kell-tudnod-a-kerekparos-maszkokrol\/#primaryimage\"},\"thumbnailUrl\":\"https:\/\/d2p6e6u75xmxt8.cloudfront.net\/12\/2018\/10\/biciklis-maszkok.jpeg\",\"datePublished\":\"2018-10-15T07:00:49+00:00\",\"dateModified\":\"2018-10-24T14:55:14+00:00\",\"author\":{\"@id\":\"https:\/\/www.welovecycling.com\/hu\/#\/schema\/person\/414a2aebf1801691a5320edb6468e194\"},\"description\":\"Ha sokat kerekezel a v\u00e1rosban, de szeretn\u00e9d m\u00e9rs\u00e9kelni a szmog \u00e9s a por okozta eg\u00e9szs\u00e9g\u00fcgyi kock\u00e1zatokat, mindenk\u00e9pp javasoljuk a maszkok haszn\u00e1lat\u00e1t!\",\"breadcrumb\":{\"@id\":\"https:\/\/www.welovecycling.com\/hu\/varosi-kerekparozas\/mit-kell-tudnod-a-kerekparos-maszkokrol\/#breadcrumb\"},\"inLanguage\":\"hu\",\"potentialAction\":[{\"@type\":\"ReadAction\",\"target\":[\"https:\/\/www.welovecycling.com\/hu\/varosi-kerekparozas\/mit-kell-tudnod-a-kerekparos-maszkokrol\/\"]}]},{\"@type\":\"ImageObject\",\"inLanguage\":\"hu\",\"@id\":\"https:\/\/www.welovecycling.com\/hu\/varosi-kerekparozas\/mit-kell-tudnod-a-kerekparos-maszkokrol\/#primaryimage\",\"url\":\"https:\/\/d2p6e6u75xmxt8.cloudfront.net\/12\/2018\/10\/biciklis-maszkok.jpeg\",\"contentUrl\":\"https:\/\/d2p6e6u75xmxt8.cloudfront.net\/12\/2018\/10\/biciklis-maszkok.jpeg\",\"width\":1920,\"height\":1080,\"caption\":\"biciklis maszkok\"},{\"@type\":\"BreadcrumbList\",\"@id\":\"https:\/\/www.welovecycling.com\/hu\/varosi-kerekparozas\/mit-kell-tudnod-a-kerekparos-maszkokrol\/#breadcrumb\",\"itemListElement\":[{\"@type\":\"ListItem\",\"position\":1,\"name\":\"Home\",\"item\":\"https:\/\/www.welovecycling.com\/hu\/\"},{\"@type\":\"ListItem\",\"position\":2,\"name\":\"Mit kell tudnod a ker\u00e9kp\u00e1ros maszkokr\u00f3l?\"}]},{\"@type\":\"WebSite\",\"@id\":\"https:\/\/www.welovecycling.com\/hu\/#website\",\"url\":\"https:\/\/www.welovecycling.com\/hu\/\",\"name\":\"\u0160koda We Love Cycling - Magyarorsz\u00e1g\",\"description\":\"\u0160koda WeLoveCycling\",\"potentialAction\":[{\"@type\":\"SearchAction\",\"target\":{\"@type\":\"EntryPoint\",\"urlTemplate\":\"https:\/\/www.welovecycling.com\/hu\/?s={search_term_string}\"},\"query-input\":{\"@type\":\"PropertyValueSpecification\",\"valueRequired\":true,\"valueName\":\"search_term_string\"}}],\"inLanguage\":\"hu\"},{\"@type\":\"Person\",\"@id\":\"https:\/\/www.welovecycling.com\/hu\/#\/schema\/person\/414a2aebf1801691a5320edb6468e194\",\"name\":\"hegyizs\",\"image\":{\"@type\":\"ImageObject\",\"inLanguage\":\"hu\",\"@id\":\"https:\/\/www.welovecycling.com\/hu\/#\/schema\/person\/image\/\",\"url\":\"https:\/\/secure.gravatar.com\/avatar\/02cf8a7906b8cf90cecb4679defac7cfd33a1c2e3b88e4903d947f3bb58eedd3?s=96&d=mm&r=g\",\"contentUrl\":\"https:\/\/secure.gravatar.com\/avatar\/02cf8a7906b8cf90cecb4679defac7cfd33a1c2e3b88e4903d947f3bb58eedd3?s=96&d=mm&r=g\",\"caption\":\"hegyizs\"},\"url\":\"https:\/\/www.welovecycling.com\/hu\/author\/hegyizs\/\"}]}<\/script>\n<!-- \/ Yoast SEO Premium plugin. -->","yoast_head_json":{"title":"Mit kell tudnod a ker\u00e9kp\u00e1ros maszkokr\u00f3l? - \u0160koda We Love Cycling - Magyarorsz\u00e1g","description":"Ha sokat kerekezel a v\u00e1rosban, de szeretn\u00e9d m\u00e9rs\u00e9kelni a szmog \u00e9s a por okozta eg\u00e9szs\u00e9g\u00fcgyi kock\u00e1zatokat, mindenk\u00e9pp javasoljuk a maszkok haszn\u00e1lat\u00e1t!","robots":{"index":"index","follow":"follow","max-snippet":"max-snippet:-1","max-image-preview":"max-image-preview:large","max-video-preview":"max-video-preview:-1"},"canonical":"https:\/\/www.welovecycling.com\/hu\/varosi-kerekparozas\/mit-kell-tudnod-a-kerekparos-maszkokrol\/","og_locale":"hu_HU","og_type":"article","og_title":"Mit kell tudnod a ker\u00e9kp\u00e1ros maszkokr\u00f3l?","og_description":"Ha sokat kerekezel a v\u00e1rosban, de szeretn\u00e9d m\u00e9rs\u00e9kelni a szmog \u00e9s a por okozta eg\u00e9szs\u00e9g\u00fcgyi kock\u00e1zatokat, mindenk\u00e9pp javasoljuk a maszkok haszn\u00e1lat\u00e1t!","og_url":"https:\/\/www.welovecycling.com\/hu\/varosi-kerekparozas\/mit-kell-tudnod-a-kerekparos-maszkokrol\/","og_site_name":"\u0160koda We Love Cycling - Magyarorsz\u00e1g","article_publisher":"https:\/\/www.facebook.com\/WeLoveCyclingHungary\/","article_published_time":"2018-10-15T07:00:49+00:00","article_modified_time":"2018-10-24T14:55:14+00:00","og_image":[{"width":1920,"height":1080,"url":"https:\/\/d2p6e6u75xmxt8.cloudfront.net\/12\/2018\/10\/biciklis-maszkok.jpeg","type":"image\/jpeg"}],"author":"hegyizs","twitter_card":"summary_large_image","twitter_misc":{"Written by":"hegyizs","Est. reading time":"4 minutes"},"schema":{"@context":"https:\/\/schema.org","@graph":[{"@type":"WebPage","@id":"https:\/\/www.welovecycling.com\/hu\/varosi-kerekparozas\/mit-kell-tudnod-a-kerekparos-maszkokrol\/","url":"https:\/\/www.welovecycling.com\/hu\/varosi-kerekparozas\/mit-kell-tudnod-a-kerekparos-maszkokrol\/","name":"Mit kell tudnod a ker\u00e9kp\u00e1ros maszkokr\u00f3l? - \u0160koda We Love Cycling - Magyarorsz\u00e1g","isPartOf":{"@id":"https:\/\/www.welovecycling.com\/hu\/#website"},"primaryImageOfPage":{"@id":"https:\/\/www.welovecycling.com\/hu\/varosi-kerekparozas\/mit-kell-tudnod-a-kerekparos-maszkokrol\/#primaryimage"},"image":{"@id":"https:\/\/www.welovecycling.com\/hu\/varosi-kerekparozas\/mit-kell-tudnod-a-kerekparos-maszkokrol\/#primaryimage"},"thumbnailUrl":"https:\/\/d2p6e6u75xmxt8.cloudfront.net\/12\/2018\/10\/biciklis-maszkok.jpeg","datePublished":"2018-10-15T07:00:49+00:00","dateModified":"2018-10-24T14:55:14+00:00","author":{"@id":"https:\/\/www.welovecycling.com\/hu\/#\/schema\/person\/414a2aebf1801691a5320edb6468e194"},"description":"Ha sokat kerekezel a v\u00e1rosban, de szeretn\u00e9d m\u00e9rs\u00e9kelni a szmog \u00e9s a por okozta eg\u00e9szs\u00e9g\u00fcgyi kock\u00e1zatokat, mindenk\u00e9pp javasoljuk a maszkok haszn\u00e1lat\u00e1t!","breadcrumb":{"@id":"https:\/\/www.welovecycling.com\/hu\/varosi-kerekparozas\/mit-kell-tudnod-a-kerekparos-maszkokrol\/#breadcrumb"},"inLanguage":"hu","potentialAction":[{"@type":"ReadAction","target":["https:\/\/www.welovecycling.com\/hu\/varosi-kerekparozas\/mit-kell-tudnod-a-kerekparos-maszkokrol\/"]}]},{"@type":"ImageObject","inLanguage":"hu","@id":"https:\/\/www.welovecycling.com\/hu\/varosi-kerekparozas\/mit-kell-tudnod-a-kerekparos-maszkokrol\/#primaryimage","url":"https:\/\/d2p6e6u75xmxt8.cloudfront.net\/12\/2018\/10\/biciklis-maszkok.jpeg","contentUrl":"https:\/\/d2p6e6u75xmxt8.cloudfront.net\/12\/2018\/10\/biciklis-maszkok.jpeg","width":1920,"height":1080,"caption":"biciklis maszkok"},{"@type":"BreadcrumbList","@id":"https:\/\/www.welovecycling.com\/hu\/varosi-kerekparozas\/mit-kell-tudnod-a-kerekparos-maszkokrol\/#breadcrumb","itemListElement":[{"@type":"ListItem","position":1,"name":"Home","item":"https:\/\/www.welovecycling.com\/hu\/"},{"@type":"ListItem","position":2,"name":"Mit kell tudnod a ker\u00e9kp\u00e1ros maszkokr\u00f3l?"}]},{"@type":"WebSite","@id":"https:\/\/www.welovecycling.com\/hu\/#website","url":"https:\/\/www.welovecycling.com\/hu\/","name":"\u0160koda We Love Cycling - Magyarorsz\u00e1g","description":"\u0160koda WeLoveCycling","potentialAction":[{"@type":"SearchAction","target":{"@type":"EntryPoint","urlTemplate":"https:\/\/www.welovecycling.com\/hu\/?s={search_term_string}"},"query-input":{"@type":"PropertyValueSpecification","valueRequired":true,"valueName":"search_term_string"}}],"inLanguage":"hu"},{"@type":"Person","@id":"https:\/\/www.welovecycling.com\/hu\/#\/schema\/person\/414a2aebf1801691a5320edb6468e194","name":"hegyizs","image":{"@type":"ImageObject","inLanguage":"hu","@id":"https:\/\/www.welovecycling.com\/hu\/#\/schema\/person\/image\/","url":"https:\/\/secure.gravatar.com\/avatar\/02cf8a7906b8cf90cecb4679defac7cfd33a1c2e3b88e4903d947f3bb58eedd3?s=96&d=mm&r=g","contentUrl":"https:\/\/secure.gravatar.com\/avatar\/02cf8a7906b8cf90cecb4679defac7cfd33a1c2e3b88e4903d947f3bb58eedd3?s=96&d=mm&r=g","caption":"hegyizs"},"url":"https:\/\/www.welovecycling.com\/hu\/author\/hegyizs\/"}]}},"_links":{"self":[{"href":"https:\/\/www.welovecycling.com\/hu\/wp-json\/wp\/v2\/posts\/1964","targetHints":{"allow":["GET"]}}],"collection":[{"href":"https:\/\/www.welovecycling.com\/hu\/wp-json\/wp\/v2\/posts"}],"about":[{"href":"https:\/\/www.welovecycling.com\/hu\/wp-json\/wp\/v2\/types\/post"}],"author":[{"embeddable":true,"href":"https:\/\/www.welovecycling.com\/hu\/wp-json\/wp\/v2\/users\/71"}],"replies":[{"embeddable":true,"href":"https:\/\/www.welovecycling.com\/hu\/wp-json\/wp\/v2\/comments?post=1964"}],"version-history":[{"count":2,"href":"https:\/\/www.welovecycling.com\/hu\/wp-json\/wp\/v2\/posts\/1964\/revisions"}],"predecessor-version":[{"id":2011,"href":"https:\/\/www.welovecycling.com\/hu\/wp-json\/wp\/v2\/posts\/1964\/revisions\/2011"}],"wp:featuredmedia":[{"embeddable":true,"href":"https:\/\/www.welovecycling.com\/hu\/wp-json\/wp\/v2\/media\/1969"}],"wp:attachment":[{"href":"https:\/\/www.welovecycling.com\/hu\/wp-json\/wp\/v2\/media?parent=1964"}],"wp:term":[{"taxonomy":"category","embeddable":true,"href":"https:\/\/www.welovecycling.com\/hu\/wp-json\/wp\/v2\/categories?post=1964"},{"taxonomy":"post_tag","embeddable":true,"href":"https:\/\/www.welovecycling.com\/hu\/wp-json\/wp\/v2\/tags?post=1964"},{"taxonomy":"global-categories","embeddable":true,"href":"https:\/\/www.welovecycling.com\/hu\/wp-json\/wp\/v2\/global-categories?post=1964"}],"curies":[{"name":"wp","href":"https:\/\/api.w.org\/{rel}","templated":true}]}}